{"id":8744,"date":"2021-06-27T11:35:32","date_gmt":"2021-06-27T09:35:32","guid":{"rendered":"https:\/\/rethinkbcn.cat\/?p=8744"},"modified":"2021-06-27T11:32:07","modified_gmt":"2021-06-27T09:32:07","slug":"el-encaje-entre-ciudades-metropolitanas","status":"publish","type":"post","link":"https:\/\/rethinkbcn.cat\/es\/el-encaje-entre-ciudades-metropolitanas\/","title":{"rendered":"EL ENCAJE ENTRE CIUDADES METROPOLITANAS"},"content":{"rendered":"<p>[et_pb_section fb_built=\u00bb1&#8243; disabled_on=\u00bboff|off|off\u00bb _builder_version=\u00bb4.8.2&#8243; _module_preset=\u00bbdefault\u00bb custom_margin=\u00bb||||false|false\u00bb da_disable_devices=\u00bboff|off|off\u00bb da_is_popup=\u00bboff\u00bb da_exit_intent=\u00bboff\u00bb da_has_close=\u00bbon\u00bb da_alt_close=\u00bboff\u00bb da_dark_close=\u00bboff\u00bb da_not_modal=\u00bbon\u00bb da_is_singular=\u00bboff\u00bb da_with_loader=\u00bboff\u00bb da_has_shadow=\u00bbon\u00bb][et_pb_row _builder_version=\u00bb4.8.1&#8243; _module_preset=\u00bbdefault\u00bb][et_pb_column type=\u00bb4_4&#8243; _builder_version=\u00bb4.8.1&#8243; _module_preset=\u00bbdefault\u00bb][et_pb_text admin_label=\u00bbTitular entrada\u00bb _builder_version=\u00bb4.9.0&#8243; _module_preset=\u00bbdefault\u00bb text_font=\u00bbAverta Light||||||||\u00bb header_font=\u00bbAverta Bold||||||||\u00bb header_font_size=\u00bb36px\u00bb header_4_font=\u00bbAverta regular||||||||\u00bb header_4_font_size=\u00bb20px\u00bb header_4_line_height=\u00bb1.6em\u00bb header_5_line_height=\u00bb1.6em\u00bb header_6_font=\u00bbAverta regular||||||||\u00bb header_6_font_size=\u00bb16px\u00bb header_6_line_height=\u00bb1.2em\u00bb header_font_size_tablet=\u00bb30px\u00bb header_font_size_phone=\u00bb24px\u00bb header_font_size_last_edited=\u00bbon|phone\u00bb header_6_font_size_tablet=\u00bb\u00bb header_6_font_size_phone=\u00bb16px\u00bb header_6_font_size_last_edited=\u00bbon|phone\u00bb]<\/p>\n<h1 style=\"text-align: center;\">EL ENCAJE ENTRE CIUDADES METROPOLITANAS<\/h1>\n<h6 style=\"text-align: center;\">El periodista Rafael Pradas, el director del Instituto de Estudios del Autogobierno Joan Ridao y el escritor Xavier \u00a0Bru de Sala analizan diferentes aspectos que se plantean a la hora de construir la ciudad<\/h6>\n<p>[\/et_pb_text][et_pb_image src=\u00bbhttps:\/\/rethink.mtconsulting.es\/wp-content\/uploads\/2021\/01\/1300_prova-tamany-22cm-ample_200-DPI-scaled.jpg\u00bb title_text=\u00bbObrim di\u00e0legs\u00bb admin_label=\u00bbImatge entrada\u00bb _builder_version=\u00bb4.9.0&#8243; _module_preset=\u00bbdefault\u00bb][\/et_pb_image][et_pb_text disabled_on=\u00bbon|on|off\u00bb admin_label=\u00bbText entrada escriptori\u00bb _builder_version=\u00bb4.9.0&#8243; _module_preset=\u00bbdefault\u00bb text_font=\u00bbAverta Light||||||||\u00bb header_font_size=\u00bb36px\u00bb header_4_font=\u00bbAverta regular||||||||\u00bb header_4_font_size=\u00bb20px\u00bb header_4_line_height=\u00bb1.6em\u00bb header_5_line_height=\u00bb1.6em\u00bb header_6_font=\u00bbAverta regular||||||||\u00bb header_6_font_size=\u00bb16px\u00bb header_6_line_height=\u00bb1.5em\u00bb header_font_size_tablet=\u00bb30px\u00bb header_font_size_phone=\u00bb24px\u00bb header_font_size_last_edited=\u00bbon|phone\u00bb header_6_font_size_tablet=\u00bb\u00bb header_6_font_size_phone=\u00bb14px\u00bb header_6_font_size_last_edited=\u00bbon|phone\u00bb]<\/p>\n<p><strong>Rafael Pradas, <\/strong>periodista,\u00a0analiza como\u00a0se ha ido articulando todo un sistema metropolitano de ciudades que ha actuado para controlar y combatir sus propias periferias urbanas y sociales durante cuarenta a\u00f1os. Esta realidad \u2014el hecho de que Barcelona no ha fagocitado la ciudad compacta y pr\u00f3xima\u2014 ha estimulado la articulaci\u00f3n de un sistema metropolitano de ciudades que a lo largo de 40 a\u00f1os, desde las elecciones municipales de 1979, ha actuado para controlar y combatir sus propias periferias urbanas y sociales. La transformaci\u00f3n de Bellvitge en el Hospitalet, del distrito de nuevo Barrios de Barcelona o de los entornos del r\u00edo Bes\u00f2s en Santa Coloma ilustran esta pol\u00edtica. El ejemplo de Madrid es \u00fatil para corroborar c\u00f3mo se ha hecho de la necesidad virtud: una situaci\u00f3n como el poblado de la Ca\u00f1ada Real no se encuentra, por fortuna, en el \u00e1mbito barcelon\u00e9s.<br \/>Est\u00e1 claro que las periferias metropolitanas no son homog\u00e9neas tal como evidencian los indicadores de renta. La diversidad de situaciones se explica en funci\u00f3n del tejido econ\u00f3mico, la estructura social y cultural previas y posteriores a los grandes cambios poblacionales, por la situaci\u00f3n en el territorio, las comunicaciones, los entornos. Admitida esta realidad, est\u00e1 claro el acierto de las din\u00e1micas locales que, en t\u00e9rminos generales, se han producido en poblaciones tan diferentes como El Hospitalet de Llobregat, Sant Cugat del Vall\u00e8s, Santa Coloma de Gramenet, el Prat, Cerdanyola o Viladecans. C\u00f3mo es el caso, en otro plan, de Vilanova, Terrassa, Sabadell, Granollers, Matar\u00f3. Hoy tenemos m\u00e1s ciudad y menos periferia de lo que se pod\u00eda esperar.<br \/>En conjunto, es una lecci\u00f3n de la capacidad de di\u00e1logo y concertaci\u00f3n del municipalismo organizado (ayuntamientos, diputaci\u00f3n y organismos metropolitanos), sin ningunear, ni mucho menos, el papel de otras instituciones, de las organizaciones sociales y econ\u00f3micas y de un amplio y a menudo difuso tejido colectivo. Y una constataci\u00f3n sobre el poder local: cualquier propuesta de futuro para la regi\u00f3n metropolitana tendr\u00e1 que tener en cuenta las ciudades; no solo los ayuntamientos.<\/p>\n<table class=\" alignright\" style=\"height: 23px; width: 25%; border-collapse: collapse; border-top: 2px solid #000000; border-right-color: #000000; border-bottom-color: #000000; border-left-color: #000000; margin-left: 20px;\" cellspacing=\"15\" cellpadding=\"2\">\n<tbody>\n<tr style=\"height: 23px;\">\n<td style=\"width: 100%; height: 23px; border: 2px solid #000;\">\n<h4 style=\"text-align: justify;\"><strong>Rafael Pradas<\/strong>: \u00abLas periferias metropolitanas no son homog\u00e9neas tal como evidencian los indicadores de renta. La diversidad de situaciones se explica en funci\u00f3n del tejido econ\u00f3mico, la estructura social y cultural previas y posteriores a los grandes cambios poblacionales.\u201d<\/h4>\n<\/td>\n<\/tr>\n<\/tbody>\n<\/table>\n<p>Al reto de la Gran Barcelona de combatir las periferias sociales, de generar oportunidades educacionales, laborales, de movilidad, de capacidad de inclusi\u00f3n, se a\u00f1ade la necesidad de prestar atenci\u00f3n tambi\u00e9n a la existencia de las periferias residenciales de car\u00e1cter extensivo en el interior de la regi\u00f3n metropolitana, engendradas a partir de los a\u00f1os noventa por la demanda de vivienda asequible y en muchas ocasiones de mejores condiciones de vida. Sabemos que desde el punto de vista de la sostenibilidad, del uso del territorio y de la movilidad no son una buena opci\u00f3n, pero la realidad hay que gestionarla tal como es.<\/p>\n<p><strong>Joan Ridao, <\/strong>professor de Dret Constitucional (UB) i director de l\u2019Institut d\u2019Estudis de l\u2019Autogovern, Joan Ridao defiende que el AMB merece un impulso y una revisi\u00f3n que \u2013superando viejas y antag\u00f3nicas inercias pol\u00edticas\u2013 contribuya a articular mejor Barcelona con su \u00e1rea y la dote de una renovada gobernanza.<\/p>\n<p>El AMB es la gran desconocida de las administraciones, a pesar de actuar sobre 36 municipios y unos tres millones de personas, manejar un presupuesto similar al de la Diputaci\u00f3n de Barcelona, y disponer de 500 funcionarios, 50 empresas o entes subsidiarios y de competencias en urbanismo, residuos, agua y transportes. En este desconocimiento tiene mucho que ver su configuraci\u00f3n a la LAMB y el Reglamento org\u00e1nico metropolitano (2013) como ente supralocal de segundo grado, en que sus miembros \u2013como los de las diputaciones\u2013 no son elegidos directamente y no est\u00e1 sometido a mecanismos de control tan evidentes como en otras administraciones. Esto se ve reflejado en la composici\u00f3n del Consejo Metropolitano como \u00f3rgano rector y en la potente estructura gerencial existente.<\/p>\n<p>Por otro lado, el AMB es un grande poder pol\u00edtico y econ\u00f3mico aunque aparezca revestido de \u00f3rgano de mera gesti\u00f3n. No en vano el AMB tiene influencia o participaci\u00f3n totalmente o parcial en una red de 50 empresas, consorcios y organismos diversos. Sus filiales m\u00e1s grandes y conocidas son Transportes Metropolitanos de Barcelona (TMB), el Instituto Metropolitano del Taxi, varias empresas de saneamiento y residuos (EMSSA y TERSA), el Instituto Metropolitano de Promoci\u00f3n del Suelo y Gesti\u00f3n Patrimonial (Impsol), el Consorcio del Parque de Collserola, y los <em>think tanks<\/em> metropolitanos Barcelona Regional y Plan Estrat\u00e9gico Metropolitano (PEMB), por poner solo algunos ejemplos. En este marco, no cabe decir que se han tomado decisiones relevantes los \u00faltimos a\u00f1os: la gesti\u00f3n del canon del agua, las pol\u00edticas de aumento tarifario del transporte p\u00fablico o las m\u00faltiples iniciativas de revisi\u00f3n del planeamiento urban\u00edstico metropolitano (PGM), vigente desde la \u00e9poca porciolista (1976) \u2013y remendado m\u00e1s de un millar a veces\u2013, la clave de vuelta de la importancia del poder decisional actual del AMB, pues de sus determinaciones dependen las plusval\u00edas de suelo, con todo lo que esto comporta. Ahora bien, siendo esto importante, el AMB merece un impulso y una revisi\u00f3n que \u2013superando viejas y antag\u00f3nicas inercias pol\u00edticas\u2013 contribuya a articular mejor Barcelona con su \u00e1rea, la dote de una renovada gobernanza, y contribuya a la creaci\u00f3n de una potente infraestructura urbana y metropolitana de proyecci\u00f3n internacional, adem\u00e1s de participar activamente en la construcci\u00f3n de redes globales de grandes territorios metropolitanos.<\/p>\n<p>El escritor<strong> Xavier Bru de Sala<\/strong>\u00a0critica la manera como se ha planificado la reforma de las superislas y se\u00f1ala inconvenientes como la dificultad para el comercio de centralidad o la discriminaci\u00f3n que generar\u00e1 entre vecinos. Que buena parte de las ciudades del siglo XXI no ser\u00e1n como las del siglo XX es obvio. M\u00e1s dif\u00edcil es dilucidar cu\u00e1les de los modelos de transformaci\u00f3n acabar\u00e1n por triunfar y cu\u00e1les supondr\u00e1n un lastre en este mundo, que ya tenemos encima, de las meg\u00e0polis en red y en dura competici\u00f3n. Tan posible es que las pioneras de los cambios radicales tengan que acabar dando marcha atr\u00e1s de su obsesi\u00f3n para convertir las concentraciones humanas m\u00e1s din\u00e1micas en una mala imitaci\u00f3n del bucolismo campesino como que las m\u00e1s reticentes se arrepientan de haber sido demasiado conservadoras. No lo dir\u00e1 el tiempo sino la evoluci\u00f3n, todav\u00eda poco previsible, de las tecnolog\u00edas y las necesidades energ\u00e9ticas, unida a la de las formas de vida que nunca han cambiado siguiendo ning\u00fan tipo de pauta predicha o preestablecida.<\/p>\n<table class=\" alignright\" style=\"height: 23px; width: 25%; border-collapse: collapse; border-top: 2px solid #000000; border-right-color: #000000; border-bottom-color: #000000; border-left-color: #000000; margin-left: 20px;\" cellspacing=\"15\" cellpadding=\"2\">\n<tbody>\n<tr style=\"height: 23px;\">\n<td style=\"width: 100%; height: 23px; border: 2px solid #000;\">\n<h4 style=\"text-align: justify;\"><strong>Xavier Bru de Sala<\/strong>: \u00abLa idea de las superislas no es ning\u00fan disparate, la forma de planificarla y presentarla, s\u00ed.\u201d<\/h4>\n<\/td>\n<\/tr>\n<\/tbody>\n<\/table>\n<p>La idea de las superislas no es ning\u00fan disparate, la forma de planificarla y presentarla, s\u00ed. Hac\u00eda falta, desde el primer momento y por no esconder el huevo, se\u00f1alar inconvenientes evidentes como las dificultades que tendr\u00e1 que sufrir el comercio de centralidad o la sustituci\u00f3n de la igualdad de la trama de Cerd\u00e0 por la discriminaci\u00f3n entre los condenados a vivir en calles con tr\u00e1fico y contaminaci\u00f3n y los privilegiados que disfrutar\u00e1n de un jard\u00edn ante casa o un cruce con las esquinas convertidas en plazas. M\u00e1s vale un proyecto que la pura inercia, est\u00e1 claro. Pero la forma impositiva, y tal vez transitoria, de las superislas es un grave s\u00edntoma de la incertidumbre del presente de Barcelona. El despotismo ilustrado de Pasqual Maragall contaba con unos cu\u00e1ntos requisitos de los cuales prescinde el actual consistorio: liderazgo e interlocuci\u00f3n directa del alcalde; colaboradores que se hab\u00edan ganado el prestigio internacional a pulso; debate p\u00fablico; mirada estrat\u00e9gica con implicaci\u00f3n de profesionales de diferentes especialidades; y sobre todo, sobre todo, pasi\u00f3n y confianza. Todav\u00eda m\u00e1s, el trabajo de la oposici\u00f3n, m\u00e1s all\u00e1 de criticar o consensuar en funci\u00f3n de c\u00e1lculos partidistas, es presentar propuestas alternativas. \u00bfD\u00f3nde est\u00e1n? Peor todav\u00eda, \u00bfc\u00f3mo es que no se hacen presentes los liderazgos alternativos? \u00bfqu\u00e9 provoca que est\u00e9 en blanco la n\u00f3mina de pol\u00edticos comprometidos con el primero, con el gran activo de todos los catalanes que es la ciudad de Barcelona?<\/p>\n<p>[\/et_pb_text][et_pb_text disabled_on=\u00bboff|off|on\u00bb admin_label=\u00bbText entrada tablet i m\u00f2bil\u00bb _builder_version=\u00bb4.9.0&#8243; _module_preset=\u00bbdefault\u00bb text_font=\u00bbAverta Light||||||||\u00bb header_font=\u00bbAverta regular||||||||\u00bb header_font_size=\u00bb36px\u00bb header_4_font=\u00bbAverta regular||||||||\u00bb header_4_line_height=\u00bb1.2em\u00bb header_font_size_tablet=\u00bb30px\u00bb header_font_size_phone=\u00bb24px\u00bb header_font_size_last_edited=\u00bbon|phone\u00bb]<\/p>\n<p style=\"text-align: justify;\"><strong>Rafael Pradas, <\/strong>periodista,\u00a0analiza como\u00a0se ha ido articulando todo un sistema metropolitano de ciudades que ha actuado para controlar y combatir sus propias periferias urbanas y sociales durante cuarenta a\u00f1os. Esta realidad \u2014el hecho de que Barcelona no ha fagocitado la ciudad compacta y pr\u00f3xima\u2014 ha estimulado la articulaci\u00f3n de un sistema metropolitano de ciudades que a lo largo de 40 a\u00f1os, desde las elecciones municipales de 1979, ha actuado para controlar y combatir sus propias periferias urbanas y sociales. La transformaci\u00f3n de Bellvitge en el Hospitalet, del distrito de nuevo Barrios de Barcelona o de los entornos del r\u00edo Bes\u00f2s en Santa Coloma ilustran esta pol\u00edtica. El ejemplo de Madrid es \u00fatil para corroborar c\u00f3mo se ha hecho de la necesidad virtud: una situaci\u00f3n como el poblado de la Ca\u00f1ada Real no se encuentra, por fortuna, en el \u00e1mbito barcelon\u00e9s.<br \/>Est\u00e1 claro que las periferias metropolitanas no son homog\u00e9neas tal como evidencian los indicadores de renta. La diversidad de situaciones se explica en funci\u00f3n del tejido econ\u00f3mico, la estructura social y cultural previas y posteriores a los grandes cambios poblacionales, por la situaci\u00f3n en el territorio, las comunicaciones, los entornos. Admitida esta realidad, est\u00e1 claro el acierto de las din\u00e1micas locales que, en t\u00e9rminos generales, se han producido en poblaciones tan diferentes como El Hospitalet de Llobregat, Sant Cugat del Vall\u00e8s, Santa Coloma de Gramenet, el Prat, Cerdanyola o Viladecans. C\u00f3mo es el caso, en otro plan, de Vilanova, Terrassa, Sabadell, Granollers, Matar\u00f3. Hoy tenemos m\u00e1s ciudad y menos periferia de lo que se pod\u00eda esperar.<br \/>En conjunto, es una lecci\u00f3n de la capacidad de di\u00e1logo y concertaci\u00f3n del municipalismo organizado (ayuntamientos, diputaci\u00f3n y organismos metropolitanos), sin ningunear, ni mucho menos, el papel de otras instituciones, de las organizaciones sociales y econ\u00f3micas y de un amplio y a menudo difuso tejido colectivo. Y una constataci\u00f3n sobre el poder local: cualquier propuesta de futuro para la regi\u00f3n metropolitana tendr\u00e1 que tener en cuenta las ciudades; no solo los ayuntamientos.<\/p>\n<table class=\" alignright\" style=\"height: 104px; width: 99.9054%; border-collapse: collapse; border-top: 2px solid #000000; border-right-color: #000000; border-bottom-color: #000000; border-left-color: #000000; margin-left: 20px;\" cellspacing=\"15\" cellpadding=\"2\">\n<tbody>\n<tr style=\"height: 23px;\">\n<td style=\"width: 100%; height: 23px; border: 2px solid #000000; text-align: center;\">\n<h3>Rafael Pradas: \u201cLas periferias metropolitanas no son homog\u00e9neas tal como evidencian los indicadores de renta. La diversidad de situaciones se explica en funci\u00f3n del tejido econ\u00f3mico, la estructura social y cultural previas y posteriores a los grandes cambios poblacionales.\u201d<\/h3>\n<\/td>\n<\/tr>\n<\/tbody>\n<\/table>\n<p style=\"text-align: justify;\">\n<p style=\"text-align: justify;\">\n<p style=\"text-align: justify;\">\n<p style=\"text-align: justify;\">Al reto de la Gran Barcelona de combatir las periferias sociales, de generar oportunidades educacionales, laborales, de movilidad, de capacidad de inclusi\u00f3n, se a\u00f1ade la necesidad de prestar atenci\u00f3n tambi\u00e9n a la existencia de las periferias residenciales de car\u00e1cter extensivo en el interior de la regi\u00f3n metropolitana, engendradas a partir de los a\u00f1os noventa por la demanda de vivienda asequible y en muchas ocasiones de mejores condiciones de vida. Sabemos que desde el punto de vista de la sostenibilidad, del uso del territorio y de la movilidad no son una buena opci\u00f3n, pero la realidad hay que gestionarla tal como es.<\/p>\n<p style=\"text-align: justify;\"><strong>Joan Ridao, <\/strong>professor de Dret Constitucional (UB) i director de l\u2019Institut d\u2019Estudis de l\u2019Autogovern, Joan Ridao defiende que el AMB merece un impulso y una revisi\u00f3n que \u2013superando viejas y antag\u00f3nicas inercias pol\u00edticas\u2013 contribuya a articular mejor Barcelona con su \u00e1rea y la dote de una renovada gobernanza.<\/p>\n<p style=\"text-align: justify;\">El AMB es la gran desconocida de las administraciones, a pesar de actuar sobre 36 municipios y unos tres millones de personas, manejar un presupuesto similar al de la Diputaci\u00f3n de Barcelona, y disponer de 500 funcionarios, 50 empresas o entes subsidiarios y de competencias en urbanismo, residuos, agua y transportes. En este desconocimiento tiene mucho que ver su configuraci\u00f3n a la LAMB y el Reglamento org\u00e1nico metropolitano (2013) como ente supralocal de segundo grado, en que sus miembros \u2013como los de las diputaciones\u2013 no son elegidos directamente y no est\u00e1 sometido a mecanismos de control tan evidentes como en otras administraciones. Esto se ve reflejado en la composici\u00f3n del Consejo Metropolitano como \u00f3rgano rector y en la potente estructura gerencial existente.<\/p>\n<p style=\"text-align: justify;\">Por otro lado, el AMB es un grande poder pol\u00edtico y econ\u00f3mico aunque aparezca revestido de \u00f3rgano de mera gesti\u00f3n. No en vano el AMB tiene influencia o participaci\u00f3n totalmente o parcial en una red de 50 empresas, consorcios y organismos diversos. Sus filiales m\u00e1s grandes y conocidas son Transportes Metropolitanos de Barcelona (TMB), el Instituto Metropolitano del Taxi, varias empresas de saneamiento y residuos (EMSSA y TERSA), el Instituto Metropolitano de Promoci\u00f3n del Suelo y Gesti\u00f3n Patrimonial (Impsol), el Consorcio del Parque de Collserola, y los <em>think tanks<\/em> metropolitanos Barcelona Regional y Plan Estrat\u00e9gico Metropolitano (PEMB), por poner solo algunos ejemplos. En este marco, no cabe decir que se han tomado decisiones relevantes los \u00faltimos a\u00f1os: la gesti\u00f3n del canon del agua, las pol\u00edticas de aumento tarifario del transporte p\u00fablico o las m\u00faltiples iniciativas de revisi\u00f3n del planeamiento urban\u00edstico metropolitano (PGM), vigente desde la \u00e9poca porciolista (1976) \u2013y remendado m\u00e1s de un millar a veces\u2013, la clave de vuelta de la importancia del poder decisional actual del AMB, pues de sus determinaciones dependen las plusval\u00edas de suelo, con todo lo que esto comporta. Ahora bien, siendo esto importante, el AMB merece un impulso y una revisi\u00f3n que \u2013superando viejas y antag\u00f3nicas inercias pol\u00edticas\u2013 contribuya a articular mejor Barcelona con su \u00e1rea, la dote de una renovada gobernanza, y contribuya a la creaci\u00f3n de una potente infraestructura urbana y metropolitana de proyecci\u00f3n internacional, adem\u00e1s de participar activamente en la construcci\u00f3n de redes globales de grandes territorios metropolitanos.<\/p>\n<p style=\"text-align: justify;\">El escritor<strong> Xavier Bru de Sala<\/strong>\u00a0critica la manera como se ha planificado la reforma de las superislas y se\u00f1ala inconvenientes como la dificultad para el comercio de centralidad o la discriminaci\u00f3n que generar\u00e1 entre vecinos. Que buena parte de las ciudades del siglo XXI no ser\u00e1n como las del siglo XX es obvio. M\u00e1s dif\u00edcil es dilucidar cu\u00e1les de los modelos de transformaci\u00f3n acabar\u00e1n por triunfar y cu\u00e1les supondr\u00e1n un lastre en este mundo, que ya tenemos encima, de las meg\u00e0polis en red y en dura competici\u00f3n. Tan posible es que las pioneras de los cambios radicales tengan que acabar dando marcha atr\u00e1s de su obsesi\u00f3n para convertir las concentraciones humanas m\u00e1s din\u00e1micas en una mala imitaci\u00f3n del bucolismo campesino como que las m\u00e1s reticentes se arrepientan de haber sido demasiado conservadoras. No lo dir\u00e1 el tiempo sino la evoluci\u00f3n, todav\u00eda poco previsible, de las tecnolog\u00edas y las necesidades energ\u00e9ticas, unida a la de las formas de vida que nunca han cambiado siguiendo ning\u00fan tipo de pauta predicha o preestablecida.<\/p>\n<table class=\" alignright\" style=\"height: 104px; width: 99.9054%; border-collapse: collapse; border-top: 2px solid #000000; border-right-color: #000000; border-bottom-color: #000000; border-left-color: #000000; margin-left: 20px;\" cellspacing=\"15\" cellpadding=\"2\">\n<tbody>\n<tr style=\"height: 23px;\">\n<td style=\"width: 100%; height: 23px; border: 2px solid #000000; text-align: center;\">\n<h3>Xavier Bru de Sala: \u00abLa idea de las superislas no es ning\u00fan disparate, la forma de planificarla y presentarla, s\u00ed.\u201d<\/h3>\n<\/td>\n<\/tr>\n<\/tbody>\n<\/table>\n<p style=\"text-align: justify;\">\n<p style=\"text-align: justify;\">\n<p style=\"text-align: justify;\">\n<p style=\"text-align: justify;\">La idea de las superislas no es ning\u00fan disparate, la forma de planificarla y presentarla, s\u00ed. Hac\u00eda falta, desde el primer momento y por no esconder el huevo, se\u00f1alar inconvenientes evidentes como las dificultades que tendr\u00e1 que sufrir el comercio de centralidad o la sustituci\u00f3n de la igualdad de la trama de Cerd\u00e0 por la discriminaci\u00f3n entre los condenados a vivir en calles con tr\u00e1fico y contaminaci\u00f3n y los privilegiados que disfrutar\u00e1n de un jard\u00edn ante casa o un cruce con las esquinas convertidas en plazas. M\u00e1s vale un proyecto que la pura inercia, est\u00e1 claro. Pero la forma impositiva, y tal vez transitoria, de las superislas es un grave s\u00edntoma de la incertidumbre del presente de Barcelona. El despotismo ilustrado de Pasqual Maragall contaba con unos cu\u00e1ntos requisitos de los cuales prescinde el actual consistorio: liderazgo e interlocuci\u00f3n directa del alcalde; colaboradores que se hab\u00edan ganado el prestigio internacional a pulso; debate p\u00fablico; mirada estrat\u00e9gica con implicaci\u00f3n de profesionales de diferentes especialidades; y sobre todo, sobre todo, pasi\u00f3n y confianza. Todav\u00eda m\u00e1s, el trabajo de la oposici\u00f3n, m\u00e1s all\u00e1 de criticar o consensuar en funci\u00f3n de c\u00e1lculos partidistas, es presentar propuestas alternativas. \u00bfD\u00f3nde est\u00e1n? Peor todav\u00eda, \u00bfc\u00f3mo es que no se hacen presentes los liderazgos alternativos? \u00bfqu\u00e9 provoca que est\u00e9 en blanco la n\u00f3mina de pol\u00edticos comprometidos con el primero, con el gran activo de todos los catalanes que es la ciudad de Barcelona?<\/p>\n<p>[\/et_pb_text][et_pb_text admin_label=\u00bbShare \u00bb _builder_version=\u00bb4.8.2&#8243; _module_preset=\u00bbdefault\u00bb width=\u00bb26%\u00bb module_alignment=\u00bbleft\u00bb module_alignment_tablet=\u00bbleft\u00bb module_alignment_phone=\u00bbleft\u00bb module_alignment_last_edited=\u00bbon|phone\u00bb border_width_all=\u00bb0px\u00bb]<\/p>\n<table style=\"border-collapse: collapse; width: 0%; height: 22px; border-color: #000000; border: 2px solid;\">\n<tbody>\n<tr style=\"height: 22px;\">\n<td style=\"width: 11.5332%; height: 22px;\">share:<\/td>\n<td style=\"width: 88.4667%; text-align: justify; vertical-align: middle; height: 22px;\"><div class=\"sfsi_widget sfsi_shortcode_container\"><div class=\"norm_row sfsi_wDiv \"  style=\"width:200px;text-align:left;\"><div style='width:30px; height:30px;margin-left:10px;margin-bottom:5px; ' class='sfsi_wicons shuffeldiv ' ><div class='inerCnt'><a class=' sficn' data-effect='' target='_blank'  href='' id='sfsiid_twitter_icon' style='width:30px;height:30px;opacity:1;'  ><img data-pin-nopin='true' alt='Twitter' title='Twitter' src='https:\/\/rethinkbcn.cat\/wp-content\/plugins\/ultimate-social-media-icons\/images\/icons_theme\/transparent\/transparent_twitter.png' width='30' height='30' style='' class='sfcm sfsi_wicon ' data-effect=''   \/><\/a><div class=\"sfsi_tool_tip_2 twt_tool_bdr sfsiTlleft\" style=\"opacity:0;z-index:-1;\" id=\"sfsiid_twitter\"><span class=\"bot_arow bot_twt_arow\"><\/span><div class=\"sfsi_inside\"><div  class='icon2'><div class='sf_twiter' style='display: inline-block;vertical-align: middle;width: auto;'>\r\n\t\t\t\t\t\t<a target='_blank' href='https:\/\/twitter.com\/intent\/tweet?text=Hey%2C+check+out+this+cool+site+I+found%3A+www.rethinkbcn.cat+%23Topic+via%40my_twitter_name+https:\/\/rethinkbcn.cat\/es\/wp-json\/wp\/v2\/posts\/8744\/' style='display:inline-block' >\r\n\t\t\t\t\t\t\t<img data-pin-nopin= true class='sfsi_wicon' src='https:\/\/rethinkbcn.cat\/wp-content\/plugins\/ultimate-social-media-icons\/images\/share_icons\/Twitter_Tweet\/en_US_Tweet.svg' alt='Tweet' title='Tweet' >\r\n\t\t\t\t\t\t<\/a>\r\n\t\t\t\t\t<\/div><\/div><\/div><\/div><\/div><\/div><div style='width:30px; height:30px;margin-left:10px;margin-bottom:5px; ' class='sfsi_wicons shuffeldiv ' ><div class='inerCnt'><a class=' sficn' data-effect='' target='_blank'  href='' id='sfsiid_linkedin_icon' style='width:30px;height:30px;opacity:1;'  ><img data-pin-nopin='true' alt='' title='' src='https:\/\/rethinkbcn.cat\/wp-content\/plugins\/ultimate-social-media-icons\/images\/icons_theme\/transparent\/transparent_linkedin.png' width='30' height='30' style='' class='sfcm sfsi_wicon ' data-effect=''   \/><\/a><div class=\"sfsi_tool_tip_2 linkedin_tool_bdr sfsiTlleft\" style=\"opacity:0;z-index:-1;\" id=\"sfsiid_linkedin\"><span class=\"bot_arow bot_linkedin_arow\"><\/span><div class=\"sfsi_inside\"><div  class='icon2'><a target='_blank' href=\"https:\/\/www.linkedin.com\/shareArticle?url=https%3A%2F%2Frethinkbcn.cat%2Fes%2Fwp-json%2Fwp%2Fv2%2Fposts%2F8744%2F\"><img class=\"sfsi_wicon\" data-pin-nopin= true alt=\"Share\" title=\"Share\" src=\"https:\/\/rethinkbcn.cat\/wp-content\/plugins\/ultimate-social-media-icons\/images\/share_icons\/Linkedin_Share\/en_US_share.svg\" \/><\/a><\/div><\/div><\/div><\/div><\/div><div style='width:30px; height:30px;margin-left:10px;margin-bottom:5px; ' class='sfsi_wicons shuffeldiv ' ><div class='inerCnt'><a class=' sficn' data-effect='' target='_blank'  href='https:\/\/api.whatsapp.com\/send?text=https:\/\/rethinkbcn.cat\/es\/el-encaje-entre-ciudades-metropolitanas\/' id='sfsiid_whatsapp_icon' style='width:30px;height:30px;opacity:1;'  ><img data-pin-nopin='true' alt='' title='' src='https:\/\/rethinkbcn.cat\/wp-content\/plugins\/ultimate-social-media-icons\/images\/icons_theme\/transparent\/transparent_whatsapp.png' width='30' height='30' style='' class='sfcm sfsi_wicon ' data-effect=''   \/><\/a><\/div><\/div><div style='width:30px; height:30px;margin-left:10px;margin-bottom:5px; ' class='sfsi_wicons shuffeldiv ' ><div class='inerCnt'><a class=' sficn' data-effect='' target='_blank'  href='https:\/\/api.follow.it\/widgets\/icon\/VUlqbFQ4d1I5d05jbFdNRWdXaThSK0Vza3RBcDZrT3Y4akNldzhxUVBmUFNjQ3dlUnpnQVphRFVNcm40SXZGaFczK01jOFF0SExaMGNIWi9BZy96S2MydkgzaDNWWFBjYU9MbjY5M3lUcjVLYU5TN3NOaEs3VmJ4bytROHI4b1d8eEV6SFU5OTFjQ1B0YkRJNkEzUlJEbEhIWVRkZGM0b0FRTEQyRDlyb2o2UT0=\/OA==\/' id='sfsiid_email_icon' style='width:30px;height:30px;opacity:1;'  ><img data-pin-nopin='true' alt='Follow by Email' title='Follow by Email' src='https:\/\/rethinkbcn.cat\/wp-content\/plugins\/ultimate-social-media-icons\/images\/icons_theme\/transparent\/transparent_email.png' width='30' height='30' style='' class='sfcm sfsi_wicon ' data-effect=''   \/><\/a><\/div><\/div><\/div ><div id=\"sfsi_holder\" class=\"sfsi_holders\" style=\"position: relative; float: left;width:100%;z-index:-1;\"><\/div ><script>window.addEventListener(\"sfsi_functions_loaded\", function() \r\n\t\t\t{\r\n\t\t\t\tif (typeof sfsi_widget_set == \"function\") {\r\n\t\t\t\t\tsfsi_widget_set();\r\n\t\t\t\t}\r\n\t\t\t}); <\/script><div style=\"clear: both;\"><\/div><\/div><\/td>\n<\/tr>\n<\/tbody>\n<\/table>\n<p>[\/et_pb_text][\/et_pb_column][\/et_pb_row][\/et_pb_section][et_pb_section fb_built=\u00bb1&#8243; fullwidth=\u00bbon\u00bb _builder_version=\u00bb4.8.2&#8243; _module_preset=\u00bbdefault\u00bb da_disable_devices=\u00bboff|off|off\u00bb border_width_bottom=\u00bb2px\u00bb da_is_popup=\u00bboff\u00bb da_exit_intent=\u00bboff\u00bb da_has_close=\u00bbon\u00bb da_alt_close=\u00bboff\u00bb da_dark_close=\u00bboff\u00bb da_not_modal=\u00bbon\u00bb da_is_singular=\u00bboff\u00bb da_with_loader=\u00bboff\u00bb da_has_shadow=\u00bbon\u00bb][et_pb_fullwidth_code admin_label=\u00bbRatlla horitzontal\u00bb _builder_version=\u00bb4.8.2&#8243; _module_preset=\u00bbdefault\u00bb][\/et_pb_fullwidth_code][\/et_pb_section][et_pb_section fb_built=\u00bb1&#8243; _builder_version=\u00bb4.8.2&#8243; _module_preset=\u00bbdefault\u00bb custom_margin=\u00bb||-30px||false|false\u00bb custom_margin_tablet=\u00bb||-90px||false|false\u00bb custom_margin_phone=\u00bb||-80px||false|false\u00bb custom_margin_last_edited=\u00bbon|phone\u00bb da_disable_devices=\u00bboff|off|off\u00bb da_is_popup=\u00bboff\u00bb da_exit_intent=\u00bboff\u00bb da_has_close=\u00bbon\u00bb da_alt_close=\u00bboff\u00bb da_dark_close=\u00bboff\u00bb da_not_modal=\u00bbon\u00bb da_is_singular=\u00bboff\u00bb da_with_loader=\u00bboff\u00bb da_has_shadow=\u00bbon\u00bb][et_pb_row _builder_version=\u00bb4.8.2&#8243; _module_preset=\u00bbdefault\u00bb][et_pb_column type=\u00bb4_4&#8243; _builder_version=\u00bb4.8.2&#8243; _module_preset=\u00bbdefault\u00bb][et_pb_text admin_label=\u00bbAltres articles\u00bb _builder_version=\u00bb4.9.0&#8243; _module_preset=\u00bbdefault\u00bb]<\/p>\n<h3>ALTRES ARTICLES<\/h3>\n<p><div class='yarpp yarpp-related yarpp-related-shortcode yarpp-template-thumbnails'>\n<!-- YARPP Thumbnails -->\n<h3><\/h3>\n<div class=\"yarpp-thumbnails-horizontal\">\n<a class='yarpp-thumbnail' rel='norewrite' href='https:\/\/rethinkbcn.cat\/es\/joan-ridao-el-estres-territorial-e-institucional-de-cataluna-y-el-hecho-regional-metropolitano-de-barcelona\/' title='JOAN RIDAO: EL ESTR\u00c9S TERRITORIAL E INSTITUCIONAL DE CATALU\u00d1A Y EL HECHO REGIONAL METROPOLITANO DE BARCELONA'>\n<img width=\"117\" height=\"120\" src=\"https:\/\/rethinkbcn.cat\/wp-content\/uploads\/2021\/01\/confiancam.jpg\" class=\"attachment-yarpp-thumbnail size-yarpp-thumbnail wp-post-image\" alt=\"\" loading=\"lazy\" data-pin-nopin=\"true\" \/><span class=\"yarpp-thumbnail-title\">JOAN RIDAO: EL ESTR\u00c9S TERRITORIAL E INSTITUCIONAL DE CATALU\u00d1A Y EL HECHO REGIONAL METROPOLITANO DE BARCELONA<\/span><\/a>\n<a class='yarpp-thumbnail' rel='norewrite' href='https:\/\/rethinkbcn.cat\/es\/xavier-casinos-reivindicacion-del-urbanismo-planificado\/' title='XAVIER CASINOS: REIVINDICACI\u00d3N DEL URBANISMO PLANIFICADO'>\n<img width=\"117\" height=\"120\" src=\"https:\/\/rethinkbcn.cat\/wp-content\/uploads\/2021\/01\/confiancam.jpg\" class=\"attachment-yarpp-thumbnail size-yarpp-thumbnail wp-post-image\" alt=\"\" loading=\"lazy\" data-pin-nopin=\"true\" \/><span class=\"yarpp-thumbnail-title\">XAVIER CASINOS: REIVINDICACI\u00d3N DEL URBANISMO PLANIFICADO<\/span><\/a>\n<a class='yarpp-thumbnail' rel='norewrite' href='https:\/\/rethinkbcn.cat\/es\/lluis-boada-escala-territorial-y-gestion-medioambiental\/' title='LLU\u00cdS BOADA: ESCALA TERRITORIAL Y GESTI\u00d3N MEDIOAMBIENTAL'>\n<img width=\"117\" height=\"120\" src=\"https:\/\/rethinkbcn.cat\/wp-content\/uploads\/2021\/01\/confiancam.jpg\" class=\"attachment-yarpp-thumbnail size-yarpp-thumbnail wp-post-image\" alt=\"\" loading=\"lazy\" data-pin-nopin=\"true\" \/><span class=\"yarpp-thumbnail-title\">LLU\u00cdS BOADA: ESCALA TERRITORIAL Y GESTI\u00d3N MEDIOAMBIENTAL<\/span><\/a>\n<a class='yarpp-thumbnail' rel='norewrite' href='https:\/\/rethinkbcn.cat\/es\/emmariverolaunacasasinrejas\/' title='EMMA RIVEROLA: UNA CASA SIN REJAS'>\n<img width=\"117\" height=\"120\" src=\"https:\/\/rethinkbcn.cat\/wp-content\/uploads\/2021\/01\/confiancam.jpg\" class=\"attachment-yarpp-thumbnail size-yarpp-thumbnail wp-post-image\" alt=\"\" loading=\"lazy\" data-pin-nopin=\"true\" \/><span class=\"yarpp-thumbnail-title\">EMMA RIVEROLA: UNA CASA SIN REJAS<\/span><\/a>\n<\/div>\n<\/div>\n<br \/>\n[\/et_pb_text][\/et_pb_column][\/et_pb_row][\/et_pb_section][et_pb_section fb_built=\u00bb1&#8243; fullwidth=\u00bbon\u00bb disabled_on=\u00bbon|on|on\u00bb _builder_version=\u00bb4.8.2&#8243; _module_preset=\u00bbdefault\u00bb custom_margin_tablet=\u00bb-70px||||false|false\u00bb custom_margin_phone=\u00bb\u00bb custom_margin_last_edited=\u00bbon|tablet\u00bb da_disable_devices=\u00bboff|off|off\u00bb border_width_bottom=\u00bb2px\u00bb disabled=\u00bbon\u00bb da_is_popup=\u00bboff\u00bb da_exit_intent=\u00bboff\u00bb da_has_close=\u00bbon\u00bb da_alt_close=\u00bboff\u00bb da_dark_close=\u00bboff\u00bb da_not_modal=\u00bbon\u00bb da_is_singular=\u00bboff\u00bb da_with_loader=\u00bboff\u00bb da_has_shadow=\u00bbon\u00bb][et_pb_fullwidth_code admin_label=\u00bbRatlla horitzontal\u00bb _builder_version=\u00bb4.8.2&#8243; _module_preset=\u00bbdefault\u00bb][\/et_pb_fullwidth_code][\/et_pb_section][et_pb_section fb_built=\u00bb1&#8243; disabled_on=\u00bbon|on|on\u00bb _builder_version=\u00bb4.8.2&#8243; _module_preset=\u00bbdefault\u00bb da_disable_devices=\u00bboff|off|off\u00bb disabled=\u00bbon\u00bb da_is_popup=\u00bboff\u00bb da_exit_intent=\u00bboff\u00bb da_has_close=\u00bbon\u00bb da_alt_close=\u00bboff\u00bb da_dark_close=\u00bboff\u00bb da_not_modal=\u00bbon\u00bb da_is_singular=\u00bboff\u00bb da_with_loader=\u00bboff\u00bb da_has_shadow=\u00bbon\u00bb][et_pb_row _builder_version=\u00bb4.8.2&#8243; _module_preset=\u00bbdefault\u00bb][et_pb_column type=\u00bb4_4&#8243; _builder_version=\u00bb4.8.2&#8243; _module_preset=\u00bbdefault\u00bb][et_pb_text admin_label=\u00bbText %22Veure tots els cicles%22&#8243; _builder_version=\u00bb4.8.2&#8243; _module_preset=\u00bbdefault\u00bb]<\/p>\n<h3>VEURE TOTS ELS CICLES<\/h3>\n<p>[\/et_pb_text][\/et_pb_column][\/et_pb_row][et_pb_row column_structure=\u00bb1_3,1_3,1_3&#8243; disabled_on=\u00bboff|on|off\u00bb _builder_version=\u00bb4.8.2&#8243; _module_preset=\u00bbdefault\u00bb width_tablet=\u00bb50%\u00bb width_phone=\u00bb70%\u00bb width_last_edited=\u00bbon|phone\u00bb module_alignment=\u00bbcenter\u00bb][et_pb_column type=\u00bb1_3&#8243; _builder_version=\u00bb4.8.2&#8243; _module_preset=\u00bbdefault\u00bb][et_pb_image src=\u00bbhttps:\/\/rethinkbcn.cat\/wp-content\/uploads\/2021\/02\/caixa-1b.jpg\u00bb title_text=\u00bbcaixa-1b\u00bb url=\u00bb\/category\/cicle-1\/\u00bb align=\u00bbcenter\u00bb admin_label=\u00bbCicles per escriptori i m\u00f2bil\u00bb _builder_version=\u00bb4.8.2&#8243; _module_preset=\u00bbdefault\u00bb module_alignment=\u00bbcenter\u00bb][\/et_pb_image][\/et_pb_column][et_pb_column type=\u00bb1_3&#8243; _builder_version=\u00bb4.8.2&#8243; _module_preset=\u00bbdefault\u00bb][et_pb_image src=\u00bbhttps:\/\/rethinkbcn.cat\/wp-content\/uploads\/2021\/02\/caixa-2b.jpg\u00bb title_text=\u00bbcaixa-2b\u00bb align=\u00bbcenter\u00bb _builder_version=\u00bb4.8.2&#8243; _module_preset=\u00bbdefault\u00bb][\/et_pb_image][\/et_pb_column][et_pb_column type=\u00bb1_3&#8243; _builder_version=\u00bb4.8.2&#8243; _module_preset=\u00bbdefault\u00bb][et_pb_image src=\u00bbhttps:\/\/rethinkbcn.cat\/wp-content\/uploads\/2021\/02\/caixa-3b.jpg\u00bb title_text=\u00bbcaixa-3b\u00bb align=\u00bbcenter\u00bb _builder_version=\u00bb4.8.2&#8243; _module_preset=\u00bbdefault\u00bb][\/et_pb_image][\/et_pb_column][\/et_pb_row][et_pb_row column_structure=\u00bb1_3,1_3,1_3&#8243; disabled_on=\u00bbon|off|on\u00bb _builder_version=\u00bb4.8.2&#8243; _module_preset=\u00bbdefault\u00bb width=\u00bb100%\u00bb width_tablet=\u00bb90%\u00bb width_phone=\u00bb70%\u00bb width_last_edited=\u00bbon|tablet\u00bb module_alignment=\u00bbcenter\u00bb custom_margin=\u00bb||-20px||false|false\u00bb][et_pb_column type=\u00bb1_3&#8243; _builder_version=\u00bb4.8.2&#8243; _module_preset=\u00bbdefault\u00bb custom_css_main_element=\u00bbwidth: 33%!important;\u00bb][et_pb_image src=\u00bbhttps:\/\/rethinkbcn.cat\/wp-content\/uploads\/2021\/02\/caixa-1b.jpg\u00bb title_text=\u00bbcaixa-1b\u00bb url=\u00bb\/category\/cicle-1\/\u00bb align=\u00bbcenter\u00bb admin_label=\u00bbCicles per a tablet\u00bb _builder_version=\u00bb4.8.2&#8243; _module_preset=\u00bbdefault\u00bb module_alignment=\u00bbcenter\u00bb][\/et_pb_image][\/et_pb_column][et_pb_column type=\u00bb1_3&#8243; _builder_version=\u00bb4.8.2&#8243; _module_preset=\u00bbdefault\u00bb custom_css_main_element=\u00bbwidth: 33%!important;\u00bb][et_pb_image src=\u00bbhttps:\/\/rethinkbcn.cat\/wp-content\/uploads\/2021\/02\/caixa-2b.jpg\u00bb title_text=\u00bbcaixa-2b\u00bb align=\u00bbcenter\u00bb _builder_version=\u00bb4.8.2&#8243; _module_preset=\u00bbdefault\u00bb][\/et_pb_image][\/et_pb_column][et_pb_column type=\u00bb1_3&#8243; _builder_version=\u00bb4.8.2&#8243; _module_preset=\u00bbdefault\u00bb custom_css_main_element=\u00bbwidth: 33%!important;\u00bb][et_pb_image src=\u00bbhttps:\/\/rethinkbcn.cat\/wp-content\/uploads\/2021\/02\/caixa-3b.jpg\u00bb title_text=\u00bbcaixa-3b\u00bb align=\u00bbcenter\u00bb _builder_version=\u00bb4.8.2&#8243; _module_preset=\u00bbdefault\u00bb][\/et_pb_image][\/et_pb_column][\/et_pb_row][\/et_pb_section][et_pb_section fb_built=\u00bb1&#8243; _builder_version=\u00bb4.9.0&#8243; _module_preset=\u00bbdefault\u00bb da_disable_devices=\u00bboff|off|off\u00bb da_is_popup=\u00bboff\u00bb da_exit_intent=\u00bboff\u00bb da_has_close=\u00bbon\u00bb da_alt_close=\u00bboff\u00bb da_dark_close=\u00bboff\u00bb da_not_modal=\u00bbon\u00bb da_is_singular=\u00bboff\u00bb da_with_loader=\u00bboff\u00bb da_has_shadow=\u00bbon\u00bb][et_pb_row _builder_version=\u00bb4.9.0&#8243; _module_preset=\u00bbdefault\u00bb][et_pb_column type=\u00bb4_4&#8243; _builder_version=\u00bb4.9.0&#8243; _module_preset=\u00bbdefault\u00bb][et_pb_image src=\u00bbhttps:\/\/rethinkbcn.cat\/wp-content\/uploads\/2021\/04\/image.jpeg\u00bb _builder_version=\u00bb4.9.0&#8243; _module_preset=\u00bbdefault\u00bb][\/et_pb_image][\/et_pb_column][\/et_pb_row][\/et_pb_section]<\/p>\n","protected":false},"excerpt":{"rendered":"<p>El periodista Rafael Pradas, el director del Instituto de Estudios del Autogobierno Joan Ridao y el escritor Xavier \u00a0Bru de Sala analizan diferentes aspectos que se plantean a la hora de construir la ciudad.<br \/>\n&#8211;<\/p>\n","protected":false},"author":3,"featured_media":4844,"comment_status":"open","ping_status":"open","sticky":false,"template":"","format":"standard","meta":{"_et_pb_use_builder":"on","_et_pb_old_content":"<p>[et_pb_section fb_built=\"1\" disabled_on=\"off|off|off\" _builder_version=\"4.8.2\" _module_preset=\"default\" custom_margin=\"||||false|false\" da_disable_devices=\"off|off|off\" da_is_popup=\"off\" da_exit_intent=\"off\" da_has_close=\"on\" da_alt_close=\"off\" da_dark_close=\"off\" da_not_modal=\"on\" da_is_singular=\"off\" da_with_loader=\"off\" da_has_shadow=\"on\"][et_pb_row _builder_version=\"4.8.1\" _module_preset=\"default\"][et_pb_column type=\"4_4\" _builder_version=\"4.8.1\" _module_preset=\"default\"][et_pb_text admin_label=\"Titular entrada\" _builder_version=\"4.9.0\" _module_preset=\"default\" text_font=\"Averta Light||||||||\" header_font=\"Averta Bold||||||||\" header_font_size=\"36px\" header_4_font=\"Averta regular||||||||\" header_4_font_size=\"20px\" header_4_line_height=\"1.6em\" header_5_line_height=\"1.6em\" header_6_font=\"Averta regular||||||||\" header_6_font_size=\"16px\" header_6_line_height=\"1.2em\" hover_enabled=\"0\" header_font_size_tablet=\"30px\" header_font_size_phone=\"24px\" header_font_size_last_edited=\"on|phone\" header_6_font_size_tablet=\"\" header_6_font_size_phone=\"16px\" header_6_font_size_last_edited=\"on|phone\" sticky_enabled=\"0\"]<\/p><h1 style=\"text-align: center;\">L'ENCAIX ENTRE CIUTATS METROPOLITANES<\/h1><h6 style=\"text-align: center;\"><span lang=\"CA\">El periodista Rafael Pradas, el director de l\u2019Institut d\u2019Estudis de l\u2019Autogovern Joan Ridao i l'escriptor Bru de Sala analitzen diferents aspectes que es posen sobre la taula a l'hora de fer ciutat<\/span><\/h6><p>[\/et_pb_text][et_pb_image src=\"https:\/\/rethink.mtconsulting.es\/wp-content\/uploads\/2021\/01\/1300_prova-tamany-22cm-ample_200-DPI-scaled.jpg\" title_text=\"Obrim di\u00e0legs\" admin_label=\"Imatge entrada\" _builder_version=\"4.9.0\" _module_preset=\"default\"][\/et_pb_image][et_pb_text disabled_on=\"on|on|off\" admin_label=\"Text entrada escriptori\" _builder_version=\"4.9.0\" _module_preset=\"default\" text_font=\"Averta Light||||||||\" header_font_size=\"36px\" header_4_font=\"Averta regular||||||||\" header_4_font_size=\"20px\" header_4_line_height=\"1.6em\" header_5_line_height=\"1.6em\" header_6_font=\"Averta regular||||||||\" header_6_font_size=\"16px\" header_6_line_height=\"1.5em\" hover_enabled=\"0\" header_font_size_tablet=\"30px\" header_font_size_phone=\"24px\" header_font_size_last_edited=\"on|phone\" header_6_font_size_tablet=\"\" header_6_font_size_phone=\"14px\" header_6_font_size_last_edited=\"on|phone\" sticky_enabled=\"0\"]<\/p><p style=\"text-align: justify;\"><strong>Rafael Pradas, <\/strong>periodista, analitza com\u00a0s\u2019ha anat articulant tot un sistema metropolit\u00e0 de ciutats que ha actuat per controlar i combatre les seves pr\u00f2pies perif\u00e8ries urbanes i socials durant quaranta anys. Aquesta realitat \u2014el fet que Barcelona no ha fagocitat la ciutat compacta i propera\u2014 ha estimulat l\u2019articulaci\u00f3 d\u2019un sistema metropolit\u00e0 de ciutats que al llarg de 40 anys, des de les eleccions municipals de 1979, ha actuat per controlar i combatre les seves pr\u00f2pies perif\u00e8ries urbanes i socials. La transformaci\u00f3 de Bellvitge a l\u2019Hospitalet, del districte de Nou Barris de Barcelona o dels entorns del riu Bes\u00f2s a Santa Coloma il\u00b7lustren aquesta pol\u00edtica. L\u2019exemple de Madrid \u00e9s \u00fatil per corroborar com s\u2019ha fet de la necessitat virtut: una situaci\u00f3 com el poblat de la Ca\u00f1ada Real no es troba, per fortuna, en l\u2019\u00e0mbit barcelon\u00ed.<br \/>Est\u00e0 clar que les perif\u00e8ries metropolitanes no s\u00f3n homog\u00e8nies com evidencien els indicadors de renda. La diversitat de situacions s\u2019explica en funci\u00f3 del teixit econ\u00f2mic, l\u2019estructura social i cultural pr\u00e8vies i posteriors als grans canvis poblacionals, per la situaci\u00f3 al territori, les comunicacions, els entorns. Admesa aquesta realitat, est\u00e0 clar l\u2019encert de les din\u00e0miques locals que, en termes generals, s\u2019han produ\u00eft en poblacions tan diferents com l\u2019Hospitalet de Llobregat, Sant Cugat del Vall\u00e8s, Santa Coloma de Gramenet, el Prat, Cerdanyola o Viladecans. Com \u00e9s el cas, en un altre pla, de Vilanova, Terrassa, Sabadell, Granollers, Matar\u00f3. Avui tenim m\u00e9s ciutat i menys perif\u00e8ria del que es podia esperar.<br \/>En conjunt \u00e9s una lli\u00e7\u00f3 de la capacitat de di\u00e0leg i concertaci\u00f3 del municipalisme organitzat (ajuntaments, diputaci\u00f3 i organismes metropolitans), sense menystenir, ni molt menys, el paper d\u2019altres institucions, de les organitzacions socials i econ\u00f2miques i d\u2019un ampli i sovint dif\u00fas teixit col\u00b7lectiu. I una constataci\u00f3 sobre el poder local: qualsevol proposta de futur per a la regi\u00f3 metropolitana haur\u00e0 de tenir en compte les ciutats; no solament els ajuntaments.<\/p><table class=\" alignright\" style=\"height: 23px; width: 25%; border-collapse: collapse; border-top: 2px solid #000000; border-right-color: #000000; border-bottom-color: #000000; border-left-color: #000000; margin-left: 20px;\" cellspacing=\"15\" cellpadding=\"2\"><tbody><tr style=\"height: 23px;\"><td style=\"width: 100%; height: 23px; border: 2px solid #000;\"><h4 style=\"text-align: justify;\"><strong>Rafael Pradas<\/strong>: \"Les perif\u00e8ries metropolitanes no s\u00f3n homog\u00e8nies com evidencien els indicadors de renda. La diversitat de situacions s\u2019explica en funci\u00f3 del teixit econ\u00f2mic, l\u2019estructura social i cultural pr\u00e8vies i posteriors als grans canvis poblacionals.\u201d<\/h4><\/td><\/tr><\/tbody><\/table><p>Al repte de la Gran Barcelona de combatre les perif\u00e8ries socials, de generar oportunitats educacionals, laborals, de mobilitat, de capacitat d\u2019inclusi\u00f3, s\u2019hi afegeix la necessitat de prestar atenci\u00f3 tamb\u00e9 a l\u2019exist\u00e8ncia de les perif\u00e8ries residencials de car\u00e0cter extensiu a l\u2019interior de la regi\u00f3 metropolitana, engendrades a partir dels anys noranta per la demanda d\u2019habitatge assequible i en moltes ocasions de millors condicions de vida. Sabem que des del punt de vista de la sostenibilitat, de l\u2019\u00fas del territori i de la mobilitat no s\u00f3n una bona opci\u00f3, per\u00f2 la realitat cal gestionar-la tal com \u00e9s.<\/p><p style=\"text-align: justify;\"><strong>Joan Ridao, <\/strong>professor de Dret Constitucional (UB) i director de l\u2019Institut d\u2019Estudis de l\u2019Autogovern,\u00a0defensa que l\u2019AMB mereix un impuls i una revisi\u00f3 que \u2013superant velles i antag\u00f2niques in\u00e8rcies pol\u00edtiques\u2013 contribueixi a articular millor Barcelona amb la seva \u00e0rea i la doti d\u2019una renovada governan\u00e7a.\u00a0L\u2019AMB \u00e9s la gran desconeguda de les administracions, tot i actuar sobre 36 municipis i uns tres milions de persones, manejar un pressupost similar al de la Diputaci\u00f3 de Barcelona, i disposar de 500 funcionaris, 50 empreses o ens subsidiaris i de compet\u00e8ncies en urbanisme, residus, aigua i transports. En aquest desconeixement hi t\u00e9 molt a veure la seva configuraci\u00f3 a la LAMB i el Reglament org\u00e0nic metropolit\u00e0 (2013) com a ens supralocal de segon grau, en qu\u00e8 els seus membres \u2013com els de les diputacions\u2013 no s\u00f3n elegits directament i no est\u00e0 sotm\u00e8s a mecanismes de control tan evidents com en altres administracions. Aix\u00f2 es veu reflectit en la composici\u00f3 del Consell Metropolit\u00e0 com a \u00f2rgan rector i en la potent estructura gerencial existent.<br \/>Per altra banda, l\u2019AMB \u00e9s un gran poder pol\u00edtic i econ\u00f2mic encara que aparegui revestit d\u2019\u00f2rgan de mera gesti\u00f3. No en va l\u2019AMB t\u00e9 influ\u00e8ncia o participaci\u00f3 totalment o parcial en una xarxa de 50 empreses, consorcis i organismes diversos. Les seves filials m\u00e9s grans i conegudes s\u00f3n Transports Metropolitans de Barcelona (TMB), l\u2019Institut Metropolit\u00e0 del Taxi, diverses empreses de sanejament i residus (EMSSA i TERSA), l\u2019Institut Metropolit\u00e0 de Promoci\u00f3 del S\u00f2l i Gesti\u00f3 Patrimonial (Impsol), el Consorci del Parc de Collserola, i els think tanks metropolitans Barcelona Regional i Pla Estrat\u00e8gic Metropolit\u00e0 (PEMB), per posar nom\u00e9s alguns exemples. En aquest marc, no cal dir que s\u2019han pres decisions rellevants els darrers anys: la gesti\u00f3 del c\u00e0non de l\u2019aigua, les pol\u00edtiques d\u2019augment tarifari del transport p\u00fablic o les m\u00faltiples iniciatives de revisi\u00f3 del planejament urban\u00edstic metropolit\u00e0 (PGM), vigent des de l\u2019\u00e8poca porciolista (1976) \u2013i apeda\u00e7at m\u00e9s d\u2019un miler de vegades\u2013, la clau de volta de la import\u00e0ncia del poder decisional actual de l\u2019AMB, doncs de les seves determinacions en depenen les plusv\u00e0lues de s\u00f2l, amb tot el que aix\u00f2 comporta. Ara b\u00e9, essent aix\u00f2 important, l\u2019AMB mereix un impuls i una revisi\u00f3 que \u2013superant velles i antag\u00f2niques in\u00e8rcies pol\u00edtiques\u2013 contribueixi a articular millor Barcelona amb la seva \u00e0rea, la doti d\u2019una renovada governan\u00e7a, i contribueixi a la creaci\u00f3 d\u2019una potent infraestructura urbana i metropolitana de projecci\u00f3 internacional, a m\u00e9s de participar activament en la construcci\u00f3 de xarxes globals de grans territoris metropolitans.<\/p><p style=\"text-align: justify;\">L'escriptor<strong> Xavier Bru de Sala<\/strong> critica la manera com s\u2019ha planificat aquesta reforma i assenyala inconvenients com la dificultat per al comer\u00e7 de centralitat o la discriminaci\u00f3 que generar\u00e0 entre ve\u00efns. Que bona part de les ciutats del segle XXI no seran com les del segle XX \u00e9s obvi. M\u00e9s dif\u00edcil \u00e9s dilucidar quins dels models de transformaci\u00f3 acabaran per triomfar i quins suposaran un llast en aquest m\u00f3n, que ja tenim a sobre, de les meg\u00e0polis en xarxa i en dura competici\u00f3. Tant possible \u00e9s que les pioneres dels canvis radicals hagin d\u2019acabar fent marxa enrere de la seva obsessi\u00f3 per convertir les concentracions humanes m\u00e9s din\u00e0miques en una mala imitaci\u00f3 del bucolisme camperol com que les m\u00e9s reticents es penedeixin d\u2019haver estat massa conservadores. No ho dir\u00e0 el temps sin\u00f3 l\u2019evoluci\u00f3, encara poc previsible, de les tecnologies i les necessitats energ\u00e8tiques, unida a la de les formes de vida que mai han canviat segons cap mena de pauta predita o preestablerta.<\/p><table class=\" alignright\" style=\"height: 23px; width: 25%; border-collapse: collapse; border-top: 2px solid #000000; border-right-color: #000000; border-bottom-color: #000000; border-left-color: #000000; margin-left: 20px;\" cellspacing=\"15\" cellpadding=\"2\"><tbody><tr style=\"height: 23px;\"><td style=\"width: 100%; height: 23px; border: 2px solid #000;\"><h4 style=\"text-align: justify;\"><strong>Xavier Bru de Sala<\/strong>: \"La idea de les superilles no \u00e9s cap disbarat, la forma de planificar-la i presentar-la, s\u00ed.\u201d<\/h4><\/td><\/tr><\/tbody><\/table><p style=\"text-align: justify;\">La idea de les superilles no \u00e9s cap disbarat, la forma de planificar-la i presentar-la, s\u00ed. Calia, des del primer moment i per no amagar l\u2019ou, assenyalar inconvenients evidents com les dificultats que haur\u00e0 de patir el comer\u00e7 de centralitat o la substituci\u00f3 de la igualtat de la trama de Cerd\u00e0 per la discriminaci\u00f3 entre els condemnats a viure en carrers amb tr\u00e0nsit i contaminaci\u00f3 i els privilegiats que gaudiran d\u2019un jard\u00ed davant de casa o una cru\u00eflla amb les cantonades convertides en places. M\u00e9s val un projecte que la pura in\u00e8rcia, \u00e9s clar. Per\u00f2 la forma impositiva, i tal vegada transit\u00f2ria, de les superilles \u00e9s un greu s\u00edmptoma de la incertesa del present de Barcelona. El despotisme il\u00b7lustrat de Pasqual Maragall comptava amb uns quants requisits dels quals prescindeix l\u2019actual consistori: lideratge i interlocuci\u00f3 directa de l\u2019alcalde; col\u00b7laboradors que s\u2019havien guanyat el prestigi internacional a pols; debat p\u00fablic; mirada estrat\u00e8gica amb implicaci\u00f3 de professionals de diferents especialitats; i sobretot, sobretot, passi\u00f3 i confian\u00e7a. Encara m\u00e9s, la feina de l\u2019oposici\u00f3, m\u00e9s enll\u00e0 de criticar o consensuar en funci\u00f3 de c\u00e0lculs partidistes, \u00e9s presentar propostes alternatives. On s\u00f3n? Pitjor encara, com \u00e9s que no es fan presents els lideratges alternatius, qu\u00e8 ho fa que estigui en blanc la n\u00f2mina de pol\u00edtics compromesos amb el primer, amb el gran actiu de tots els catalans que \u00e9s la ciutat de Barcelona?<\/p><p>[\/et_pb_text][et_pb_text disabled_on=\"off|off|on\" admin_label=\"Text entrada tablet i m\u00f2bil\" _builder_version=\"4.9.0\" _module_preset=\"default\" text_font=\"Averta Light||||||||\" header_font=\"Averta regular||||||||\" header_font_size=\"36px\" header_4_font=\"Averta regular||||||||\" header_4_line_height=\"1.2em\" hover_enabled=\"0\" header_font_size_tablet=\"30px\" header_font_size_phone=\"24px\" header_font_size_last_edited=\"on|phone\" sticky_enabled=\"0\"]<\/p><p style=\"text-align: justify;\"><strong>Rafael Pradas, <\/strong>periodista, analitza com\u00a0s\u2019ha anat articulant tot un sistema metropolit\u00e0 de ciutats que ha actuat per controlar i combatre les seves pr\u00f2pies perif\u00e8ries urbanes i socials durant quaranta anys. Aquesta realitat \u2014el fet que Barcelona no ha fagocitat la ciutat compacta i propera\u2014 ha estimulat l\u2019articulaci\u00f3 d\u2019un sistema metropolit\u00e0 de ciutats que al llarg de 40 anys, des de les eleccions municipals de 1979, ha actuat per controlar i combatre les seves pr\u00f2pies perif\u00e8ries urbanes i socials. La transformaci\u00f3 de Bellvitge a l\u2019Hospitalet, del districte de Nou Barris de Barcelona o dels entorns del riu Bes\u00f2s a Santa Coloma il\u00b7lustren aquesta pol\u00edtica. L\u2019exemple de Madrid \u00e9s \u00fatil per corroborar com s\u2019ha fet de la necessitat virtut: una situaci\u00f3 com el poblat de la Ca\u00f1ada Real no es troba, per fortuna, en l\u2019\u00e0mbit barcelon\u00ed.<br \/>Est\u00e0 clar que les perif\u00e8ries metropolitanes no s\u00f3n homog\u00e8nies com evidencien els indicadors de renda. La diversitat de situacions s\u2019explica en funci\u00f3 del teixit econ\u00f2mic, l\u2019estructura social i cultural pr\u00e8vies i posteriors als grans canvis poblacionals, per la situaci\u00f3 al territori, les comunicacions, els entorns. Admesa aquesta realitat, est\u00e0 clar l\u2019encert de les din\u00e0miques locals que, en termes generals, s\u2019han produ\u00eft en poblacions tan diferents com l\u2019Hospitalet de Llobregat, Sant Cugat del Vall\u00e8s, Santa Coloma de Gramenet, el Prat, Cerdanyola o Viladecans. Com \u00e9s el cas, en un altre pla, de Vilanova, Terrassa, Sabadell, Granollers, Matar\u00f3. Avui tenim m\u00e9s ciutat i menys perif\u00e8ria del que es podia esperar.<br \/>En conjunt \u00e9s una lli\u00e7\u00f3 de la capacitat de di\u00e0leg i concertaci\u00f3 del municipalisme organitzat (ajuntaments, diputaci\u00f3 i organismes metropolitans), sense menystenir, ni molt menys, el paper d\u2019altres institucions, de les organitzacions socials i econ\u00f2miques i d\u2019un ampli i sovint dif\u00fas teixit col\u00b7lectiu. I una constataci\u00f3 sobre el poder local: qualsevol proposta de futur per a la regi\u00f3 metropolitana haur\u00e0 de tenir en compte les ciutats; no solament els ajuntaments.<\/p><table class=\" alignright\" style=\"height: 104px; width: 99.9054%; border-collapse: collapse; border-top: 2px solid #000000; border-right-color: #000000; border-bottom-color: #000000; border-left-color: #000000; margin-left: 20px;\" cellspacing=\"15\" cellpadding=\"2\"><tbody><tr style=\"height: 23px;\"><td style=\"width: 100%; height: 23px; border: 2px solid #000000; text-align: center;\"><h3><strong>Rafael Pradas<\/strong>: \"Les perif\u00e8ries metropolitanes no s\u00f3n homog\u00e8nies com evidencien els indicadors de renda. La diversitat de situacions s\u2019explica en funci\u00f3 del teixit econ\u00f2mic, l\u2019estructura social i cultural pr\u00e8vies i posteriors als grans canvis poblacionals.\u201d<\/h3><\/td><\/tr><\/tbody><\/table><p>\u00a0<\/p><p>\u00a0<\/p><p>\u00a0<\/p><p>Al repte de la Gran Barcelona de combatre les perif\u00e8ries socials, de generar oportunitats educacionals, laborals, de mobilitat, de capacitat d\u2019inclusi\u00f3, s\u2019hi afegeix la necessitat de prestar atenci\u00f3 tamb\u00e9 a l\u2019exist\u00e8ncia de les perif\u00e8ries residencials de car\u00e0cter extensiu a l\u2019interior de la regi\u00f3 metropolitana, engendrades a partir dels anys noranta per la demanda d\u2019habitatge assequible i en moltes ocasions de millors condicions de vida. Sabem que des del punt de vista de la sostenibilitat, de l\u2019\u00fas del territori i de la mobilitat no s\u00f3n una bona opci\u00f3, per\u00f2 la realitat cal gestionar-la tal com \u00e9s.<\/p><p style=\"text-align: justify;\"><strong>Joan Ridao, <\/strong>professor de Dret Constitucional (UB) i director de l\u2019Institut d\u2019Estudis de l\u2019Autogovern,\u00a0defensa que l\u2019AMB mereix un impuls i una revisi\u00f3 que \u2013superant velles i antag\u00f2niques in\u00e8rcies pol\u00edtiques\u2013 contribueixi a articular millor Barcelona amb la seva \u00e0rea i la doti d\u2019una renovada governan\u00e7a.\u00a0L\u2019AMB \u00e9s la gran desconeguda de les administracions, tot i actuar sobre 36 municipis i uns tres milions de persones, manejar un pressupost similar al de la Diputaci\u00f3 de Barcelona, i disposar de 500 funcionaris, 50 empreses o ens subsidiaris i de compet\u00e8ncies en urbanisme, residus, aigua i transports. En aquest desconeixement hi t\u00e9 molt a veure la seva configuraci\u00f3 a la LAMB i el Reglament org\u00e0nic metropolit\u00e0 (2013) com a ens supralocal de segon grau, en qu\u00e8 els seus membres \u2013com els de les diputacions\u2013 no s\u00f3n elegits directament i no est\u00e0 sotm\u00e8s a mecanismes de control tan evidents com en altres administracions. Aix\u00f2 es veu reflectit en la composici\u00f3 del Consell Metropolit\u00e0 com a \u00f2rgan rector i en la potent estructura gerencial existent.<br \/>Per altra banda, l\u2019AMB \u00e9s un gran poder pol\u00edtic i econ\u00f2mic encara que aparegui revestit d\u2019\u00f2rgan de mera gesti\u00f3. No en va l\u2019AMB t\u00e9 influ\u00e8ncia o participaci\u00f3 totalment o parcial en una xarxa de 50 empreses, consorcis i organismes diversos. Les seves filials m\u00e9s grans i conegudes s\u00f3n Transports Metropolitans de Barcelona (TMB), l\u2019Institut Metropolit\u00e0 del Taxi, diverses empreses de sanejament i residus (EMSSA i TERSA), l\u2019Institut Metropolit\u00e0 de Promoci\u00f3 del S\u00f2l i Gesti\u00f3 Patrimonial (Impsol), el Consorci del Parc de Collserola, i els think tanks metropolitans Barcelona Regional i Pla Estrat\u00e8gic Metropolit\u00e0 (PEMB), per posar nom\u00e9s alguns exemples. En aquest marc, no cal dir que s\u2019han pres decisions rellevants els darrers anys: la gesti\u00f3 del c\u00e0non de l\u2019aigua, les pol\u00edtiques d\u2019augment tarifari del transport p\u00fablic o les m\u00faltiples iniciatives de revisi\u00f3 del planejament urban\u00edstic metropolit\u00e0 (PGM), vigent des de l\u2019\u00e8poca porciolista (1976) \u2013i apeda\u00e7at m\u00e9s d\u2019un miler de vegades\u2013, la clau de volta de la import\u00e0ncia del poder decisional actual de l\u2019AMB, doncs de les seves determinacions en depenen les plusv\u00e0lues de s\u00f2l, amb tot el que aix\u00f2 comporta. Ara b\u00e9, essent aix\u00f2 important, l\u2019AMB mereix un impuls i una revisi\u00f3 que \u2013superant velles i antag\u00f2niques in\u00e8rcies pol\u00edtiques\u2013 contribueixi a articular millor Barcelona amb la seva \u00e0rea, la doti d\u2019una renovada governan\u00e7a, i contribueixi a la creaci\u00f3 d\u2019una potent infraestructura urbana i metropolitana de projecci\u00f3 internacional, a m\u00e9s de participar activament en la construcci\u00f3 de xarxes globals de grans territoris metropolitans.<\/p><p style=\"text-align: justify;\">L'escriptor<strong> Xavier Bru de Sala<\/strong> critica la manera com s\u2019ha planificat aquesta reforma i assenyala inconvenients com la dificultat per al comer\u00e7 de centralitat o la discriminaci\u00f3 que generar\u00e0 entre ve\u00efns. Que bona part de les ciutats del segle XXI no seran com les del segle XX \u00e9s obvi. M\u00e9s dif\u00edcil \u00e9s dilucidar quins dels models de transformaci\u00f3 acabaran per triomfar i quins suposaran un llast en aquest m\u00f3n, que ja tenim a sobre, de les meg\u00e0polis en xarxa i en dura competici\u00f3. Tant possible \u00e9s que les pioneres dels canvis radicals hagin d\u2019acabar fent marxa enrere de la seva obsessi\u00f3 per convertir les concentracions humanes m\u00e9s din\u00e0miques en una mala imitaci\u00f3 del bucolisme camperol com que les m\u00e9s reticents es penedeixin d\u2019haver estat massa conservadores. No ho dir\u00e0 el temps sin\u00f3 l\u2019evoluci\u00f3, encara poc previsible, de les tecnologies i les necessitats energ\u00e8tiques, unida a la de les formes de vida que mai han canviat segons cap mena de pauta predita o preestablerta.<\/p><table class=\" alignright\" style=\"height: 104px; width: 99.9054%; border-collapse: collapse; border-top: 2px solid #000000; border-right-color: #000000; border-bottom-color: #000000; border-left-color: #000000; margin-left: 20px;\" cellspacing=\"15\" cellpadding=\"2\"><tbody><tr style=\"height: 23px;\"><td style=\"width: 100%; height: 23px; border: 2px solid #000000; text-align: center;\"><h3><strong>Xavier Bru de Sala<\/strong>: \"La idea de les superilles no \u00e9s cap disbarat, la forma de planificar-la i presentar-la, s\u00ed.\u201d<\/h3><\/td><\/tr><\/tbody><\/table><p>\u00a0<\/p><p>\u00a0<\/p><p>\u00a0<\/p><p style=\"text-align: justify;\">La idea de les superilles no \u00e9s cap disbarat, la forma de planificar-la i presentar-la, s\u00ed. Calia, des del primer moment i per no amagar l\u2019ou, assenyalar inconvenients evidents com les dificultats que haur\u00e0 de patir el comer\u00e7 de centralitat o la substituci\u00f3 de la igualtat de la trama de Cerd\u00e0 per la discriminaci\u00f3 entre els condemnats a viure en carrers amb tr\u00e0nsit i contaminaci\u00f3 i els privilegiats que gaudiran d\u2019un jard\u00ed davant de casa o una cru\u00eflla amb les cantonades convertides en places. M\u00e9s val un projecte que la pura in\u00e8rcia, \u00e9s clar. Per\u00f2 la forma impositiva, i tal vegada transit\u00f2ria, de les superilles \u00e9s un greu s\u00edmptoma de la incertesa del present de Barcelona. El despotisme il\u00b7lustrat de Pasqual Maragall comptava amb uns quants requisits dels quals prescindeix l\u2019actual consistori: lideratge i interlocuci\u00f3 directa de l\u2019alcalde; col\u00b7laboradors que s\u2019havien guanyat el prestigi internacional a pols; debat p\u00fablic; mirada estrat\u00e8gica amb implicaci\u00f3 de professionals de diferents especialitats; i sobretot, sobretot, passi\u00f3 i confian\u00e7a. Encara m\u00e9s, la feina de l\u2019oposici\u00f3, m\u00e9s enll\u00e0 de criticar o consensuar en funci\u00f3 de c\u00e0lculs partidistes, \u00e9s presentar propostes alternatives. On s\u00f3n? Pitjor encara, com \u00e9s que no es fan presents els lideratges alternatius, qu\u00e8 ho fa que estigui en blanc la n\u00f2mina de pol\u00edtics compromesos amb el primer, amb el gran actiu de tots els catalans que \u00e9s la ciutat de Barcelona?<\/p><p>[\/et_pb_text][et_pb_text admin_label=\"Share \" _builder_version=\"4.8.2\" _module_preset=\"default\" width=\"26%\" module_alignment=\"left\" module_alignment_tablet=\"left\" module_alignment_phone=\"left\" module_alignment_last_edited=\"on|phone\" border_width_all=\"0px\"]<\/p><table style=\"border-collapse: collapse; width: 0%; height: 22px; border-color: #000000; border: 2px solid;\"><tbody><tr style=\"height: 22px;\"><td style=\"width: 11.5332%; height: 22px;\">share:<\/td><td style=\"width: 88.4667%; text-align: justify; vertical-align: middle; height: 22px;\">[DISPLAY_ULTIMATE_SOCIAL_ICONS]<\/td><\/tr><\/tbody><\/table><p>\u00a0<br \/>[\/et_pb_text][\/et_pb_column][\/et_pb_row][\/et_pb_section][et_pb_section fb_built=\"1\" fullwidth=\"on\" _builder_version=\"4.8.2\" _module_preset=\"default\" da_disable_devices=\"off|off|off\" border_width_bottom=\"2px\" da_is_popup=\"off\" da_exit_intent=\"off\" da_has_close=\"on\" da_alt_close=\"off\" da_dark_close=\"off\" da_not_modal=\"on\" da_is_singular=\"off\" da_with_loader=\"off\" da_has_shadow=\"on\"][et_pb_fullwidth_code admin_label=\"Ratlla horitzontal\" _builder_version=\"4.8.2\" _module_preset=\"default\"][\/et_pb_fullwidth_code][\/et_pb_section][et_pb_section fb_built=\"1\" _builder_version=\"4.8.2\" _module_preset=\"default\" custom_margin=\"||-30px||false|false\" custom_margin_tablet=\"||-90px||false|false\" custom_margin_phone=\"||-80px||false|false\" custom_margin_last_edited=\"on|phone\" da_disable_devices=\"off|off|off\" da_is_popup=\"off\" da_exit_intent=\"off\" da_has_close=\"on\" da_alt_close=\"off\" da_dark_close=\"off\" da_not_modal=\"on\" da_is_singular=\"off\" da_with_loader=\"off\" da_has_shadow=\"on\"][et_pb_row _builder_version=\"4.8.2\" _module_preset=\"default\"][et_pb_column type=\"4_4\" _builder_version=\"4.8.2\" _module_preset=\"default\"][et_pb_text admin_label=\"Altres articles\" _builder_version=\"4.9.0\" _module_preset=\"default\"]<\/p><h3>ALTRES ARTICLES<\/h3><p>[yarpp]<br \/>[\/et_pb_text][\/et_pb_column][\/et_pb_row][\/et_pb_section][et_pb_section fb_built=\"1\" fullwidth=\"on\" disabled_on=\"on|on|on\" _builder_version=\"4.8.2\" _module_preset=\"default\" custom_margin_tablet=\"-70px||||false|false\" custom_margin_phone=\"\" custom_margin_last_edited=\"on|tablet\" da_disable_devices=\"off|off|off\" border_width_bottom=\"2px\" disabled=\"on\" da_is_popup=\"off\" da_exit_intent=\"off\" da_has_close=\"on\" da_alt_close=\"off\" da_dark_close=\"off\" da_not_modal=\"on\" da_is_singular=\"off\" da_with_loader=\"off\" da_has_shadow=\"on\"][et_pb_fullwidth_code admin_label=\"Ratlla horitzontal\" _builder_version=\"4.8.2\" _module_preset=\"default\"][\/et_pb_fullwidth_code][\/et_pb_section][et_pb_section fb_built=\"1\" disabled_on=\"on|on|on\" _builder_version=\"4.8.2\" _module_preset=\"default\" da_disable_devices=\"off|off|off\" disabled=\"on\" da_is_popup=\"off\" da_exit_intent=\"off\" da_has_close=\"on\" da_alt_close=\"off\" da_dark_close=\"off\" da_not_modal=\"on\" da_is_singular=\"off\" da_with_loader=\"off\" da_has_shadow=\"on\"][et_pb_row _builder_version=\"4.8.2\" _module_preset=\"default\"][et_pb_column type=\"4_4\" _builder_version=\"4.8.2\" _module_preset=\"default\"][et_pb_text admin_label=\"Text %22Veure tots els cicles%22\" _builder_version=\"4.8.2\" _module_preset=\"default\"]<\/p><h3>VEURE TOTS ELS CICLES<\/h3><p>[\/et_pb_text][\/et_pb_column][\/et_pb_row][et_pb_row column_structure=\"1_3,1_3,1_3\" disabled_on=\"off|on|off\" _builder_version=\"4.8.2\" _module_preset=\"default\" width_tablet=\"50%\" width_phone=\"70%\" width_last_edited=\"on|phone\" module_alignment=\"center\"][et_pb_column type=\"1_3\" _builder_version=\"4.8.2\" _module_preset=\"default\"][et_pb_image src=\"https:\/\/rethink.mtconsulting.es\/wp-content\/uploads\/2021\/02\/caixa-1b.jpg\" title_text=\"caixa-1b\" url=\"\/category\/cicle-1\/\" align=\"center\" admin_label=\"Cicles per escriptori i m\u00f2bil\" _builder_version=\"4.8.2\" _module_preset=\"default\" module_alignment=\"center\"][\/et_pb_image][\/et_pb_column][et_pb_column type=\"1_3\" _builder_version=\"4.8.2\" _module_preset=\"default\"][et_pb_image src=\"https:\/\/rethink.mtconsulting.es\/wp-content\/uploads\/2021\/02\/caixa-2b.jpg\" title_text=\"caixa-2b\" align=\"center\" _builder_version=\"4.8.2\" _module_preset=\"default\"][\/et_pb_image][\/et_pb_column][et_pb_column type=\"1_3\" _builder_version=\"4.8.2\" _module_preset=\"default\"][et_pb_image src=\"https:\/\/rethink.mtconsulting.es\/wp-content\/uploads\/2021\/02\/caixa-3b.jpg\" title_text=\"caixa-3b\" align=\"center\" _builder_version=\"4.8.2\" _module_preset=\"default\"][\/et_pb_image][\/et_pb_column][\/et_pb_row][et_pb_row column_structure=\"1_3,1_3,1_3\" disabled_on=\"on|off|on\" _builder_version=\"4.8.2\" _module_preset=\"default\" width=\"100%\" width_tablet=\"90%\" width_phone=\"70%\" width_last_edited=\"on|tablet\" module_alignment=\"center\" custom_margin=\"||-20px||false|false\"][et_pb_column type=\"1_3\" _builder_version=\"4.8.2\" _module_preset=\"default\" custom_css_main_element=\"width: 33%!important;\"][et_pb_image src=\"https:\/\/rethink.mtconsulting.es\/wp-content\/uploads\/2021\/02\/caixa-1b.jpg\" title_text=\"caixa-1b\" url=\"\/category\/cicle-1\/\" align=\"center\" admin_label=\"Cicles per a tablet\" _builder_version=\"4.8.2\" _module_preset=\"default\" module_alignment=\"center\"][\/et_pb_image][\/et_pb_column][et_pb_column type=\"1_3\" _builder_version=\"4.8.2\" _module_preset=\"default\" custom_css_main_element=\"width: 33%!important;\"][et_pb_image src=\"https:\/\/rethink.mtconsulting.es\/wp-content\/uploads\/2021\/02\/caixa-2b.jpg\" title_text=\"caixa-2b\" align=\"center\" _builder_version=\"4.8.2\" _module_preset=\"default\"][\/et_pb_image][\/et_pb_column][et_pb_column type=\"1_3\" _builder_version=\"4.8.2\" _module_preset=\"default\" custom_css_main_element=\"width: 33%!important;\"][et_pb_image src=\"https:\/\/rethink.mtconsulting.es\/wp-content\/uploads\/2021\/02\/caixa-3b.jpg\" title_text=\"caixa-3b\" align=\"center\" _builder_version=\"4.8.2\" _module_preset=\"default\"][\/et_pb_image][\/et_pb_column][\/et_pb_row][\/et_pb_section][et_pb_section fb_built=\"1\" _builder_version=\"4.9.0\" _module_preset=\"default\" da_disable_devices=\"off|off|off\" da_is_popup=\"off\" da_exit_intent=\"off\" da_has_close=\"on\" da_alt_close=\"off\" da_dark_close=\"off\" da_not_modal=\"on\" da_is_singular=\"off\" da_with_loader=\"off\" da_has_shadow=\"on\"][et_pb_row _builder_version=\"4.9.0\" _module_preset=\"default\"][et_pb_column type=\"4_4\" _builder_version=\"4.9.0\" _module_preset=\"default\"][et_pb_image src=\"https:\/\/rethinkbcn.cat\/wp-content\/uploads\/2021\/04\/image.jpeg\" _builder_version=\"4.9.0\" _module_preset=\"default\"][\/et_pb_image][\/et_pb_column][\/et_pb_row][\/et_pb_section]<\/p>","_et_gb_content_width":""},"categories":[92],"tags":[74,80],"_links":{"self":[{"href":"https:\/\/rethinkbcn.cat\/es\/wp-json\/wp\/v2\/posts\/8744"}],"collection":[{"href":"https:\/\/rethinkbcn.cat\/es\/wp-json\/wp\/v2\/posts"}],"about":[{"href":"https:\/\/rethinkbcn.cat\/es\/wp-json\/wp\/v2\/types\/post"}],"author":[{"embeddable":true,"href":"https:\/\/rethinkbcn.cat\/es\/wp-json\/wp\/v2\/users\/3"}],"replies":[{"embeddable":true,"href":"https:\/\/rethinkbcn.cat\/es\/wp-json\/wp\/v2\/comments?post=8744"}],"version-history":[{"count":8,"href":"https:\/\/rethinkbcn.cat\/es\/wp-json\/wp\/v2\/posts\/8744\/revisions"}],"predecessor-version":[{"id":8763,"href":"https:\/\/rethinkbcn.cat\/es\/wp-json\/wp\/v2\/posts\/8744\/revisions\/8763"}],"wp:featuredmedia":[{"embeddable":true,"href":"https:\/\/rethinkbcn.cat\/es\/wp-json\/wp\/v2\/media\/4844"}],"wp:attachment":[{"href":"https:\/\/rethinkbcn.cat\/es\/wp-json\/wp\/v2\/media?parent=8744"}],"wp:term":[{"taxonomy":"category","embeddable":true,"href":"https:\/\/rethinkbcn.cat\/es\/wp-json\/wp\/v2\/categories?post=8744"},{"taxonomy":"post_tag","embeddable":true,"href":"https:\/\/rethinkbcn.cat\/es\/wp-json\/wp\/v2\/tags?post=8744"}],"curies":[{"name":"wp","href":"https:\/\/api.w.org\/{rel}","templated":true}]}}