{"id":8406,"date":"2021-06-12T20:08:27","date_gmt":"2021-06-12T18:08:27","guid":{"rendered":"https:\/\/rethinkbcn.cat\/?p=8406"},"modified":"2021-06-17T09:22:55","modified_gmt":"2021-06-17T07:22:55","slug":"jordi-marti-ahora-los-grandes-objetivos-han-dejado-de-tener-fronteras-entre-municipios","status":"publish","type":"post","link":"https:\/\/rethinkbcn.cat\/es\/jordi-marti-ahora-los-grandes-objetivos-han-dejado-de-tener-fronteras-entre-municipios\/","title":{"rendered":"JORDI MART\u00cd: \u00abAHORA LOS GRANDES OBJETIVOS HAN DEJADO DE TENER FRONTERAS ENTRE MUNICIPIOS\u00bb"},"content":{"rendered":"<p>[et_pb_section fb_built=\u00bb1&#8243; disabled_on=\u00bboff|off|off\u00bb _builder_version=\u00bb4.8.2&#8243; _module_preset=\u00bbdefault\u00bb custom_margin=\u00bb||||false|false\u00bb da_disable_devices=\u00bboff|off|off\u00bb da_is_popup=\u00bboff\u00bb da_exit_intent=\u00bboff\u00bb da_has_close=\u00bbon\u00bb da_alt_close=\u00bboff\u00bb da_dark_close=\u00bboff\u00bb da_not_modal=\u00bbon\u00bb da_is_singular=\u00bboff\u00bb da_with_loader=\u00bboff\u00bb da_has_shadow=\u00bbon\u00bb][et_pb_row _builder_version=\u00bb4.8.1&#8243; _module_preset=\u00bbdefault\u00bb][et_pb_column type=\u00bb4_4&#8243; _builder_version=\u00bb4.8.1&#8243; _module_preset=\u00bbdefault\u00bb][et_pb_text admin_label=\u00bbTitular entrada\u00bb _builder_version=\u00bb4.9.0&#8243; _module_preset=\u00bbdefault\u00bb text_font=\u00bbAverta Light||||||||\u00bb header_font_size=\u00bb36px\u00bb header_4_font=\u00bbAverta regular||||||||\u00bb header_4_font_size=\u00bb20px\u00bb header_4_line_height=\u00bb1.6em\u00bb header_5_line_height=\u00bb1.6em\u00bb header_6_font=\u00bbAverta regular||||||||\u00bb header_6_font_size=\u00bb16px\u00bb header_6_line_height=\u00bb1.2em\u00bb hover_enabled=\u00bb0&#8243; header_font_size_tablet=\u00bb30px\u00bb header_font_size_phone=\u00bb24px\u00bb header_font_size_last_edited=\u00bbon|phone\u00bb header_6_font_size_tablet=\u00bb\u00bb header_6_font_size_phone=\u00bb16px\u00bb header_6_font_size_last_edited=\u00bbon|phone\u00bb sticky_enabled=\u00bb0&#8243;]<\/p>\n<h1 style=\"text-align: center;\">JORDI MART\u00cd: \u00abAHORA LOS GRANDES OBJETIVOS HAN DEJADO DE TENER FRONTERAS ENTRE MUNICIPIOS\u00bb<\/h1>\n<h6 style=\"text-align: center;\">El presidente de la comissi\u00f3 ejecutiva del Consell General del Pla Estrat\u00e8gic Metropolit\u00e0 de Barcelona (PEMB) establece como prioridades dar respuesta a la emergencia clim\u00e1tica, mejorar la movilidad y trabajar para resolver el problema de la vivienda.<\/h6>\n<h6 style=\"text-align: center;\">\u00a0<\/h6>\n<p>[\/et_pb_text][et_pb_image src=\u00bbhttps:\/\/rethinkbcn.cat\/wp-content\/uploads\/2021\/06\/IMG_7218-scaled.jpg\u00bb title_text=\u00bbIMG_7218&#8243; admin_label=\u00bbImatge entrada\u00bb _builder_version=\u00bb4.9.0&#8243; _module_preset=\u00bbdefault\u00bb][\/et_pb_image][et_pb_text disabled_on=\u00bbon|on|off\u00bb admin_label=\u00bbText entrada escriptori\u00bb _builder_version=\u00bb4.9.0&#8243; _module_preset=\u00bbdefault\u00bb text_font=\u00bbAverta Light||||||||\u00bb header_font_size=\u00bb36px\u00bb header_4_font=\u00bbAverta regular||||||||\u00bb header_4_font_size=\u00bb20px\u00bb header_4_line_height=\u00bb1.6em\u00bb header_5_line_height=\u00bb1.6em\u00bb header_6_font=\u00bbAverta regular||||||||\u00bb header_6_font_size=\u00bb16px\u00bb header_6_line_height=\u00bb1.5em\u00bb header_font_size_tablet=\u00bb30px\u00bb header_font_size_phone=\u00bb24px\u00bb header_font_size_last_edited=\u00bbon|phone\u00bb header_6_font_size_tablet=\u00bb\u00bb header_6_font_size_phone=\u00bb14px\u00bb header_6_font_size_last_edited=\u00bbon|phone\u00bb]<\/p>\n<p style=\"text-align: justify\"><strong>per J.M. Mart\u00ed Font<\/strong><\/p>\n<p style=\"text-align: justify\">De todo el equipo de gobierno Jordi Mart\u00ed Grau (Barcelona, 1965) es probablemente el que m\u00e1s y mejor conoce la Casa Grande. Fue Delegado de Cultura y Director del Instituto de Cultura entre 2007 y 2011, durante el mandato de Jordi Hereu. Se convirti\u00f3 en el jefe de la oposici\u00f3n poco despu\u00e9s de que el convergente Xavier Trias se convirtiera en alcalde. En mayo de 2014, tras perder las primarias del PSC en favor de la alcald\u00eda, abandon\u00f3 el partido y pas\u00f3 a una de sus escisiones soberanas: el Movimiento de Izquierdas de Barcelona. Cuando Ada Colau gan\u00f3 las elecciones por sorpresa en 2015, lo fich\u00f3 para hacerse cargo de la gesti\u00f3n, y se convirti\u00f3 en la persona que introdujo el universo de los Comuns en los secretos del Ayuntamiento de Barcelona. En las elecciones municipales de 2019 fue elegido concejal ya en la lista de los Comunes. Tambi\u00e9n es concejal de Presidencia y Hacienda del Distrito del Eixample.<br \/>Adem\u00e1s, preside el comit\u00e9 ejecutivo del Consejo General del Plan Estrat\u00e9gico Metropolitano de Barcelona (PEMB), entidad encargada de desarrollar el plan para afrontar los retos urbanos de la pr\u00f3xima d\u00e9cada en el gran paraje urbano del entorno de Barcelona, la denominada Regi\u00f3n Metropolitana, que engloba el Barcelon\u00e8s, el Baix Llobregat, dos Vall\u00e8s, Maresme y Pened\u00e8s; 5,1millones de habitantes repartidos en 164 municipios.<\/p>\n<p style=\"text-align: justify\"><strong>Cuando Ada Colau llega por primera vez a la alcald\u00eda, dice que se debe crear la gran Barcelona y que debe tener un alcalde elegido por votaci\u00f3n popular. \u00bfQu\u00e9 sabe de esta propuesta? <\/strong><br \/>Para ello, sin embargo, la ley tuvo que ser modificada, lo que requiere mayor\u00edas cualificadas significativas. Ahora mismo tenemos el \u00c1rea Metropolitana de Barcelona (AMB) que re\u00fane a 36 municipios, porque hasta 2010 lo \u00fanico que ten\u00edamos era lo que quedaba de la Corporaci\u00f3n Metropolitana de Barcelona cuando se disolvi\u00f3 en 1987; una especie de mancomunidad voluntaria para coordinar servicios. Al crear el AMB se pretende crear gobierno, una instituci\u00f3n capaz de tomar decisiones pol\u00edticas, no solo de gesti\u00f3n. Ahora tiene 50 a\u00f1os, pero obviamente se ha quedado en el escenario pol\u00edtico. Si debe ser un gobierno, debe ser capaz de elegir qui\u00e9n lo forma. Pasqual Maragall tuvo una idea que me parece correcta: pasar de 35 a 45 ciudades. Dividi\u00f3 Barcelona en los 10 distritos que equivaldr\u00edan a 10 municipios. De esta manera, podr\u00eda elegirse el alcalde del \u00e1rea metropolitana, as\u00ed como el del distrito ciudad. Es el modelo de Londres. Este es uno de los problemas pol\u00edticos que se da en todas las grandes ciudades. En Par\u00eds, por ejemplo, el s\u00faper alcalde de Ille de France es el alcalde de una de las ciudades de la periferia, pero quien hoy habla en nombre de Par\u00eds es Anne Hidalgo. Tiene mucho sentido votar por el alcalde del \u00e1rea metropolitana.<\/p>\n<p style=\"text-align: justify\"><strong>Hay quien dice que cuando Jordi Pujol se carga la Corporaci\u00f3n Metropolitana de Barcelona, lo que hace es aliarse con los municipios metropolitanos que quieren deshacerse del supuesto yugo de una Barcelona hegem\u00f3nica y quieren ir de por libre.<\/strong><br \/>Seguramente en 1987 muchos municipios metropolitanos optaron por singularizar y mirar con recelo a un gobierno metropolitano que tomaba la soberan\u00eda, pero en los \u00faltimos a\u00f1os se han empezado a tomar decisiones que ya son m\u00e1s de gobierno que de gesti\u00f3n, como la integraci\u00f3n de tarifas a lo largo de la Zola 1, lo que significa que, al moverse por la primera corona, sirve el mismo billete. Barcelona metropolitana ser\u00eda en realidad una Barcelona delimitada hasta el extremo del metro. Pero el metro deber\u00eda haber llegado a muchos lugares si se hubieran cumplido los plazos. La l\u00ednea 9, pieza clave, permanece enterrada e incluso se desconocen los costes de relanzamiento de las tuneladoras que quedaron bajo tierra. En estos momentos el AMB est\u00e1 aportando contenidos y ahora est\u00e1 elaborando un plan urban\u00edstico que fija las zonas de centralidad, los grandes ejes, las v\u00edas verdes, los espacios protegidos&#8230; Este ya es un instrumento de gobierno que nos obliga a pensar en el territorio. Sucede que cuando pones esto sobre la mesa gobernando un territorio, los est\u00f3magos empiezan a encogerse porque asume que cuando tomas decisiones, con demasiada frecuencia tienes que ir a favor y en contra de alguien. Si uno no es m\u00e1s que una administraci\u00f3n debe dar suma cero, pero si es un gobierno, las decisiones pueden beneficiar al colectivo, pero perjudican a una parte. Esto es lo que se solucionar\u00eda votando el alcalde metropolitano, porque lo legitimar\u00eda a tomar decisiones.<\/p>\n<p style=\"text-align: justify\"><strong>Pero ahora parece que el gran proyecto de futuro ha dado un salto cuantitativo y ya es la Comarca Metropolitana, un territorio con 5,1 millones de habitantes que viven en 164 municipios distribuidos en siete comarcas: Barcelon\u00e8s, Baix Llobregat, dos Vall\u00e8s, Maresme y Pened\u00e8s sobre el que se aprob\u00f3 una hoja de ruta para la elaboraci\u00f3n del Plan Estrat\u00e9gico Metropolitano de Barcelona (PEMB), que usted preside.<\/strong><br \/>El plan es regi\u00f3n. La tradici\u00f3n de los planes estrat\u00e9gicos comenz\u00f3 en los a\u00f1os 80. Maragall ya hizo la transformaci\u00f3n de una ciudad industrial a una de servicios y, por supuesto, turismo. Una segunda etapa, ya con Joan Clos, se hizo evidente que se necesitaba un \u00e1rea m\u00e1s grande porque los municipios ya se hab\u00edan atascado, ya hab\u00eda una mancha urbana, un continuo urbano. En la \u00e9poca de Clos se hacen dos planos; una es la de la Barcelona de los 3,5 millones que propone recuperar la Corpo, que no se consigue hasta 2010, cuando se tiene la feliz coincidencia de que en el Reino Unido se recupera el Gran Londres, que tambi\u00e9n se lo hab\u00eda cargado Margaret Thatcher en su momento. Este plan termin\u00f3 en 2020, por lo que ahora era el momento de dar un salto de escala. Todos los ge\u00f3grafos y especialistas coinciden en que la realidad urbana que tiene una l\u00f3gica de sistema compartido ya no es el continuum urbano, sino el concepto de una regi\u00f3n metropolitana donde ya no hay necesariamente un continuum urbano sino relaciones cercanas, en el sentido de que los ciudadanos viven en otro municipio, trabajan en otro, hacen sus compras en otro, etc. Una zona muy diferente a la que recordamos cuando \u00e9ramos peque\u00f1os, cuando casi nunca sal\u00edamos de nuestro municipio, mientras que ahora la movilidad regional es lo habitual. El segundo problema es definir d\u00f3nde comienza y d\u00f3nde termina la regi\u00f3n. La ciudad medieval eran las murallas, la ciudad moderna era el Eixample y los municipios que se anexionaban, luego viene esta metr\u00f3polis de finales del siglo XX y principios de este que es donde terminan las casas y las calles se convierten en carreteras&#8230; Pero, \u00bfc\u00f3mo definir la regi\u00f3n? Hay que decir que el aeropuerto de Girona entra dentro de este concepto, porque en realidad tal y como lo anuncian en el mundo es el aeropuerto Barcelona Nord. Utilizamos el plan realizado por la Generalitat en 2010 cuando se hizo el reparto en veguer\u00edas, que es la Barcelona de los cinco millones, que va de Vilanova-Vilafranca al Maresme, que es Matar\u00f3, pero desde que llega a Malgrat se hace mucho m\u00e1s largo. Y tambi\u00e9n al Montseny, Granollers y los dos Vall\u00e8s. Esta es la realidad administrativa y ahora en lo que estamos trabajando es en ponernos de acuerdo en todos los accionistas de esta macrorealidad para empezar a poner en marcha proyectos comunes.<\/p>\n<p><img loading=\"lazy\" class=\"aligncenter wp-image-8396 size-large\" src=\"https:\/\/rethinkbcn.cat\/wp-content\/uploads\/2021\/06\/IMG_7223-1024x768.jpg\" alt=\"\" width=\"1024\" height=\"768\" srcset=\"https:\/\/rethinkbcn.cat\/wp-content\/uploads\/2021\/06\/IMG_7223-980x735.jpg 980w, https:\/\/rethinkbcn.cat\/wp-content\/uploads\/2021\/06\/IMG_7223-480x360.jpg 480w\" sizes=\"(min-width: 0px) and (max-width: 480px) 480px, (min-width: 481px) and (max-width: 980px) 980px, (min-width: 981px) 1024px, 100vw\" \/><\/p>\n<p style=\"text-align: justify\"><strong>Cu\u00e1les ser\u00edan lo primeros objetivos, los proyectos m\u00e1s necesarios para empezar a poner en marcha esta Barcelona de los cinco millones?<\/strong><br \/>La cuesti\u00f3n ser\u00eda cu\u00e1l es la respuesta que se espera de esta realidad geogr\u00e1fica o qu\u00e9 sue\u00f1o los problemas que Barcelona tiene hoy que no se pueden resolver sin esta nueva dimensi\u00f3n. B\u00e1sicamente se plantean tres retos: la emergencia clim\u00e1tica no se puede resolver si no se aborda desde el punto de vista de la regi\u00f3n metropolitana; tampoco la movilidad, si pensamos que el municipio de Barcelona cada d\u00eda lo atraviesan 370.000 veh\u00edculos por el centro de la ciudad y otros 370.000 por las por las dos rondas, el que supone un porcentaje regional muy alto y hace imperativo resolver Cercan\u00edas y tambi\u00e9n las conexiones entre municipios, porque es m\u00e1s dif\u00edcil ir de Vilanova a Rub\u00ed que a Barcelona. Nos quejamos a menudo del centralismo espa\u00f1ol pero nosotros tambi\u00e9n tenemos una estructura radial y somos adictos a nivel regional. El segundo reto es la emergencia social. La desigualdad ha crecido much\u00edsimo desde el 2000, pero especialmente desde la crisis del 2008, y hay un vector, un elemento central, en este problema que es la vivienda. Una planificaci\u00f3n de vivienda p\u00fablica suficiente como para afrontar esta crisis y las desigualdades que genera solo se puede hacer desde una escala metropolitana, empezando por la disponibilidad de terreno. Los principales ejes de la pobreza, el del Bes\u00f3s y el de la carretera de Collblanc, por ejemplo, tienen escala metropolitana. El tercer reto es, obviamente, la reactivaci\u00f3n econ\u00f3mica. Tenemos que encontrar suelo industrial, cl\u00fasteres, proyecci\u00f3n internacional, y se debe hacer a nivel de regi\u00f3n metropolitana.<\/p>\n<table class=\" alignright\" style=\"height: 123px;width: 24.515503875968992%;border-collapse: collapse;border-top-width: 2px;border-top-style: solid;border-color: #000000;margin-left: 20px\" cellspacing=\"15\" cellpadding=\"2\">\n<tbody>\n<tr style=\"height: 23px\">\n<td style=\"width: 100%;height: 23px;border: 2px solid #000\">\n<h4>\u201cLo que hacemos no es aislar o eliminar la movilidad, se trata de cambiarla por otras formas de movilidad que sean m\u00e1s eficientes y sostenibles desde el punto de vista de la contaminaci\u00f3n.\u201d<\/h4>\n<\/td>\n<\/tr>\n<\/tbody>\n<\/table>\n<p style=\"text-align: justify\"><strong>\u00bfQu\u00e9 resistencia encuentra esta visi\u00f3n de la regi\u00f3n metropolitana?<\/strong><br \/>Hay menos resistencias que hace unos a\u00f1os. Cuando se disolvi\u00f3 la Corporaci\u00f3n, es cierto que muchos ayuntamientos pensaban que ya lo estaban haciendo bien, sin la tutela de Barcelona ni lo que cre\u00edan que era esta tutela. Cada vez que ponemos el t\u00e9rmino soberan\u00eda sobre la mesa hay problemas, y m\u00e1s en este pa\u00eds. Pero ahora la situaci\u00f3n ha cambiado con la pandemia. Ahora confiamos en la respuesta europea para tener vacunas, por ejemplo. Tuvimos que pasar por una pandemia para que los Estados cedieran parte de su soberan\u00eda. Siempre hay tensiones, y a nivel local, el \u00e1rea metropolitana es la misma, pero no es un fen\u00f3meno exclusivamente barcelon\u00e9s. Lo mismo se escucha en Par\u00eds y Londres. Los m\u00e1s peque\u00f1os siempre se quejan de que todo se lleva el grande aunque ahora menos, porque cualquier alcalde de una gran \u00e1rea metropolitana, con solo mirar el mapa, se da cuenta de que por s\u00ed solo no puede resolver los problemas de sus conciudadanos. Barcelona, adem\u00e1s, ya sea el continuo urbano de los 36 o esta regi\u00f3n de los 164 municipios, tiene la ventaja de que en cada una de estas unidades hay un centro urbano, un campanario, una plaza principal y un ayuntamiento, y esto significa que hay un nivel importante de identidad local, de cohesi\u00f3n. Si la comparamos, por ejemplo, con una ciudad con la que siempre miramos c\u00f3mo es Madrid, que Franco unific\u00f3 en la d\u00e9cada de 1960 creando la ciudad de 600 hect\u00e1reas, est\u00e1 claro que, aunque tiene elementos muy potentes, su estructura urbana es mucho m\u00e1s fr\u00e1gil y hay una relaci\u00f3n predominante centro-periferia, mientras que nosotros tenemos muchos m\u00e1s centros, algunos m\u00e1s potentes que otros. La gran Barcelona es una ciudad polic\u00e9ntrica y probablemente la etapa de se\u00f1alar las particularidades, el urbanismo, el espacio p\u00fablico, ya est\u00e1 hecha, y ahora los grandes objetivos han dejado de tener fronteras entre municipios.<\/p>\n<p style=\"text-align: justify\"><strong>En este sentido, \u00bfcu\u00e1les ser\u00edan las infraestructuras m\u00e1s urgentes en este momento?<\/strong><br \/>Mejorar las conexiones de transporte p\u00fablico ser\u00eda el objetivo prioritario y, en mi opini\u00f3n, las conexiones no radiales ferroviarias. Hace tiempo que necesitamos un orbital ferroviario que una todas las ciudades del arco metropolitano. Es una infraestructura muy importante, ya que siempre nos gusta hacer grandes proyectos, pero tambi\u00e9n hay otros m\u00e1s peque\u00f1os, como la conexi\u00f3n ferroviaria entre los dos Vall\u00e8s. En el campo de las infraestructuras queda mucho trabajo por hacer y ser\u00eda muy importante que las inversiones del fondo Next Generation, los trenes de cercan\u00edas, jugaran un papel destacado. La protecci\u00f3n de todos los parques agr\u00edcolas de Barcelona y una estrategia conjunta. Pensar en una estrategia compartida entre todos los centros de investigaci\u00f3n y c\u00f3mo los ubicamos en el territorio, porque ahora no la tenemos en mente, se est\u00e1n extendiendo, aunque, a pesar de todo, est\u00e9n suficientemente distribuidos..<\/p>\n<p style=\"text-align: justify\"><strong>\u00bfC\u00f3mo va el tema de la ampliaci\u00f3n del aeropuerto?<\/strong><br \/>Para la regi\u00f3n metropolitana es muy importante contar con un aeropuerto hub con conexiones internacionales y la capacidad de ser uno de los aeropuertos bandera del sur de Europa. Creo que hay un consenso total sobre eso. La cuesti\u00f3n es ad\u00f3nde deben ir las inversiones para mejorar el aeropuerto actual. Si deben ir hacia el crecimiento del n\u00famero de pasajeros, o hacia la mejora de la calidad de estos pasajeros. En \u00faltima instancia, el debate aeroportuario podr\u00eda trasladarse al debate conjunto de la regi\u00f3n metropolitana. Es como en las empresas, hay momentos en los que deben tomar una decisi\u00f3n estrat\u00e9gica; si van hacia el crecimiento o la calidad; mayor cantidad con m\u00e1rgenes m\u00e1s peque\u00f1os o menos cantidad y m\u00e1s calidad con m\u00e1rgenes m\u00e1s grandes. Es el debate del turismo, el debate de la industria, el debate de la alimentaci\u00f3n, es un debate que pasa por muchas cosas. Hemos tenido una burgues\u00eda industrial que en un momento dado descubri\u00f3 que el turismo era una man\u00e1, porque era mucho m\u00e1s f\u00e1cil montar un hotel que una empresa para producir cualquier tipo de bien y que, adem\u00e1s, ten\u00eda la rentabilidad garantizada. Los tiempos que vienen requieren un cambio significativo de mentalidad. No se trata de no crecer con la generaci\u00f3n de riqueza, sino de que el crecimiento se produzca a trav\u00e9s del aumento del valor a\u00f1adido, no del n\u00famero.<\/p>\n<p style=\"text-align: justify\"><strong>La pandemia lleg\u00f3 en un momento en el que el modelo tur\u00edstico estaba en crisis y generaba todo tipo de dudas. \u00bfTiene referencias a c\u00f3mo est\u00e1 reaccionando el sector? <\/strong><br \/>El sector est\u00e0 en una situaci\u00f3 delicad\u00edssima, amb caigudes del 70% al 90%, i fem tot el possible perqu\u00e8 aquesta gent surti endavant al m\u00e9s aviat possible. El que diuen els experts \u00e9s que hi haur\u00e0 una recuperaci\u00f3 relativament r\u00e0pida si es dona una condici\u00f3:El sector se encuentra en una situaci\u00f3n muy dif\u00edcil, con ca\u00eddas del 70% al 90%, y hacemos todo lo posible para que estas personas salgan adelante lo antes posible. Lo que dicen los expertos es que habr\u00e1 una recuperaci\u00f3n relativamente r\u00e1pida si hay una condici\u00f3n: la seguridad sanitaria. Nadie sabe cu\u00e1ndo va a ser. El turismo debe volver a Barcelona por una raz\u00f3n b\u00e1sica: no podemos permitirnos perderlo, ya que representa el 15 o el 16 % del PIB. La cuesti\u00f3n se plantea a medio y largo plazo. Necesitamos un modelo econ\u00f3mico m\u00e1s diversificado. Barcelona no tiene por qu\u00e9 ser una ciudad tur\u00edstica. Ahora lo es, como Roma. Pero ni Madrid ni Londres ni siquiera Par\u00eds son ciudades tur\u00edsticas, son ciudades con turismo. Hay que dejar de ser una ciudad tur\u00edstica para ser otra cosa. Hay que determinar cu\u00e1les son las apuestas estrat\u00e9gicas que hacemos para que nuestro crecimiento vaya progresivamente m\u00e1s en t\u00e9rminos cualitativos que cuantitativos, y aqu\u00ed es donde pongo el debate aeroportuario, y en mi opini\u00f3n, si queremos transformar el modelo, en lugar de ampliar el Prat tenemos que pensar en un sistema aeroportuario m\u00e1s de pa\u00eds. Si queremos apostar por la calidad tenemos que reducir sustancialmente los vuelos cortos. Si hacemos esto hay espacio para crecer como hub. Si es apostar por la calidad debemos hacer la terminal satelital para dar mejor acogida. El debate sobre el aeropuerto es importante porque tiene un valor simb\u00f3lico. Cuando se pretende dar un cambio tan importante al modelo, lo que se hace con la pieza central se alza como la referencia. Si pensamos en reducir un poco la movilidad en la regi\u00f3n metropolitana para reducir las emisiones, que es uno de los grandes problemas, la distribuci\u00f3n del tr\u00e1fico aeroportuario en Girona y Reus, encaja perfectamente porque todo el turismo que va a la Costa Brava o a la Costa Dorada, no tendr\u00eda que pasar por Barcelona ni cruzar la regi\u00f3n metropolitana. Es comprensible que para AENA, en t\u00e9rminos empresariales, lo que le interesa sea promocionar El Prat, porque es donde hace el negocio importante.<\/p>\n<p><img loading=\"lazy\" class=\"aligncenter wp-image-8398 size-large\" src=\"https:\/\/rethinkbcn.cat\/wp-content\/uploads\/2021\/06\/IMG_7226-1024x768.jpg\" alt=\"\" width=\"1024\" height=\"768\" srcset=\"https:\/\/rethinkbcn.cat\/wp-content\/uploads\/2021\/06\/IMG_7226-980x735.jpg 980w, https:\/\/rethinkbcn.cat\/wp-content\/uploads\/2021\/06\/IMG_7226-480x360.jpg 480w\" sizes=\"(min-width: 0px) and (max-width: 480px) 480px, (min-width: 481px) and (max-width: 980px) 980px, (min-width: 981px) 1024px, 100vw\" \/><\/p>\n<p style=\"text-align: justify\"><strong>Lo cierto es que en Barcelona hay una situaci\u00f3n muy particular en cuanto a conexiones, que es el tri\u00e1ngulo aeroportuario, portuario y ferroviario.<\/strong><br \/>Es importante tener esta plataforma log\u00edstica, cierto, pero tengo mis dudas de que haya demasiadas sinergias en este tri\u00e1ngulo. Hay uno muy importante que son los cruceros. Desde el punto de vista del transporte ferroviario, todav\u00eda se encuentra en una fase muy incipiente y deber\u00eda mejorarse. Todav\u00eda salen demasiados camiones de Barcelona y es urgente contar con la terminal de contenedores para utilizar estas autopistas ferroviarias y descongestionar el transporte por carretera. De hecho, hay proyectos muy avanzados en este sentido. Insisto en que el cambio global es necesario en este momento, eso no significa que vamos a dejar de tener turismo.<\/p>\n<p style=\"text-align: justify\"><strong>\u00bfC\u00f3mo es el tema de la pacificaci\u00f3n, de las islas verdes, que sigue generando pol\u00e9mica? Imagino que est\u00e1 al tanto de las opiniones del arquitecto Josep Antoni Acebillo, concretamente sobre el empobrecimiento de los centros urbanos cuando se reduce la movilidad en su entorno.<\/strong><br \/>Te refieres a que cuando se sacan los coches, \u00bfcierto? Bueno, tal vez podr\u00edamos recuperar los coches en el Portal del \u00c1ngel. Pregunt\u00e9monos c\u00f3mo se ha empobrecido esta calle, que en estos momentos es una de las que tiene los alquileres m\u00e1s caros de Espa\u00f1a. Creo que es una visi\u00f3n antigua, sin ning\u00fan elemento cient\u00edfico o te\u00f3rico que demuestre que la pacificaci\u00f3n del tr\u00e1fico empobrece el comercio o reduce las posibilidades econ\u00f3micas. Lo que hacemos no es aislar o eliminar la movilidad, se trata de cambiarla por otras formas de movilidad que sean m\u00e1s eficientes y sostenibles desde el punto de vista de la contaminaci\u00f3n. Hay 1.000 muertes al a\u00f1o en Barcelona debido a la contaminaci\u00f3n del aire, seg\u00fan las autoridades sanitarias. Esta es la cuesti\u00f3n y hay que invertirla. Creo que el debate que enfrenta la ecolog\u00eda y la econom\u00eda, ya sea pacificando el aeropuerto, es un debate falso, porque si Barcelona quiere ser una ciudad de start up, los impulsores de este tipo de emprendimiento como las ciudades pacificadas.<\/p>\n<p style=\"text-align: justify\"><strong>\u00bfQu\u00e9 pasar\u00e1 con todo este urbanismo t\u00e1ctico que han instalado durante la pandemia?<\/strong><br \/>Estamos justo en el punto de transformar lo que se ha llamado urbanismo t\u00e1ctico en estructural. El urbanismo t\u00e1ctico es b\u00e1sicamente una serie de pruebas sobre la ciudad para ver c\u00f3mo funcionan y luego consolidarla estructuralmente. Reconozco que puede que nos hayamos excedido, pero se debe en gran medida al efecto de la pandemia y los confinamientos, y a c\u00f3mo se hizo. Dar espacio para terrazas en bares con el uso de barreras New Jersey ha generado un impacto visual bastante negativo, una molestia est\u00e9tica. Pero hay elementos de peor gusto en la ciudad. Barcelona tiene mejor urbanismo que arquitectura. Nuestras fachadas son justas, no como Par\u00eds, que tiene un p\u00e9simo urbanismo, pero fachadas espectaculares, mientras que Berl\u00edn es fe\u00edsta, se supone que es as\u00ed. En cambio, aqu\u00ed somos m\u00e1s burgueses. Todo lleva tiempo, las ciudades necesitan tiempo, no se pueden hacer r\u00e1pidamente.<\/p>\n<p style=\"text-align: justify\"><strong>\u00bfC\u00f3mo ha quedado el proyecto de superislas? <\/strong><br \/>El objetivo es convertir un eje de cada tres en verde. El proceso de retirada de coches de la ciudad solo se hac\u00eda en los cascos antiguos. Ahora haremos Consell de Cent, Rocafort y Girona, para que sea visible. La movilidad privada del coche debe reducirse en un 25%. Por supuesto, esto requiere que Rodal\u00edas funcione, que la l\u00ednea 9 est\u00e9 terminada y que el tranv\u00eda Diagonal funcione como un eje de arriba hacia abajo. Esto deber\u00eda ayudar al cambio econ\u00f3mico. Los Comunes han terminado haciendo lo que el PSCno se atrevi\u00f3 a hacer.<\/p>\n<p>[\/et_pb_text][et_pb_text disabled_on=\u00bboff|off|on\u00bb admin_label=\u00bbText entrada tablet i m\u00f2bil\u00bb _builder_version=\u00bb4.9.0&#8243; _module_preset=\u00bbdefault\u00bb text_font=\u00bbAverta Light||||||||\u00bb header_font=\u00bbAverta regular||||||||\u00bb header_font_size=\u00bb36px\u00bb header_4_font=\u00bbAverta regular||||||||\u00bb header_4_line_height=\u00bb1.2em\u00bb header_font_size_tablet=\u00bb30px\u00bb header_font_size_phone=\u00bb24px\u00bb header_font_size_last_edited=\u00bbon|phone\u00bb]<\/p>\n<p style=\"text-align: justify\"><strong>per J.M. Mart\u00ed Font<\/strong><\/p>\n<p style=\"text-align: justify\">De todo el equipo de gobierno Jordi Mart\u00ed Grau (Barcelona, 1965) es probablemente el que m\u00e1s y mejor conoce la Casa Grande. Fue Delegado de Cultura y Director del Instituto de Cultura entre 2007 y 2011, durante el mandato de Jordi Hereu. Se convirti\u00f3 en el jefe de la oposici\u00f3n poco despu\u00e9s de que el convergente Xavier Trias se convirtiera en alcalde. En mayo de 2014, tras perder las primarias del PSC en favor de la alcald\u00eda, abandon\u00f3 el partido y pas\u00f3 a una de sus escisiones soberanas: el Movimiento de Izquierdas de Barcelona. Cuando Ada Colau gan\u00f3 las elecciones por sorpresa en 2015, lo fich\u00f3 para hacerse cargo de la gesti\u00f3n, y se convirti\u00f3 en la persona que introdujo el universo de los Comuns en los secretos del Ayuntamiento de Barcelona. En las elecciones municipales de 2019 fue elegido concejal ya en la lista de los Comunes. Tambi\u00e9n es concejal de Presidencia y Hacienda del Distrito del Eixample.<br \/>Adem\u00e1s, preside el comit\u00e9 ejecutivo del Consejo General del Plan Estrat\u00e9gico Metropolitano de Barcelona (PEMB), entidad encargada de desarrollar el plan para afrontar los retos urbanos de la pr\u00f3xima d\u00e9cada en el gran paraje urbano del entorno de Barcelona, la denominada Regi\u00f3n Metropolitana, que engloba el Barcelon\u00e8s, el Baix Llobregat, dos Vall\u00e8s, Maresme y Pened\u00e8s; 5,1millones de habitantes repartidos en 164 municipios.<\/p>\n<p style=\"text-align: justify\"><strong>Cuando Ada Colau llega por primera vez a la alcald\u00eda, dice que se debe crear la gran Barcelona y que debe tener un alcalde elegido por votaci\u00f3n popular. \u00bfQu\u00e9 sabe de esta propuesta? <\/strong><br \/>Para ello, sin embargo, la ley tuvo que ser modificada, lo que requiere mayor\u00edas cualificadas significativas. Ahora mismo tenemos el \u00c1rea Metropolitana de Barcelona (AMB) que re\u00fane a 36 municipios, porque hasta 2010 lo \u00fanico que ten\u00edamos era lo que quedaba de la Corporaci\u00f3n Metropolitana de Barcelona cuando se disolvi\u00f3 en 1987; una especie de mancomunidad voluntaria para coordinar servicios. Al crear el AMB se pretende crear gobierno, una instituci\u00f3n capaz de tomar decisiones pol\u00edticas, no solo de gesti\u00f3n. Ahora tiene 50 a\u00f1os, pero obviamente se ha quedado en el escenario pol\u00edtico. Si debe ser un gobierno, debe ser capaz de elegir qui\u00e9n lo forma. Pasqual Maragall tuvo una idea que me parece correcta: pasar de 35 a 45 ciudades. Dividi\u00f3 Barcelona en los 10 distritos que equivaldr\u00edan a 10 municipios. De esta manera, podr\u00eda elegirse el alcalde del \u00e1rea metropolitana, as\u00ed como el del distrito ciudad. Es el modelo de Londres. Este es uno de los problemas pol\u00edticos que se da en todas las grandes ciudades. En Par\u00eds, por ejemplo, el s\u00faper alcalde de Ille de France es el alcalde de una de las ciudades de la periferia, pero quien hoy habla en nombre de Par\u00eds es Anne Hidalgo. Tiene mucho sentido votar por el alcalde del \u00e1rea metropolitana.<\/p>\n<p style=\"text-align: justify\"><strong>Hay quien dice que cuando Jordi Pujol se carga la Corporaci\u00f3n Metropolitana de Barcelona, lo que hace es aliarse con los municipios metropolitanos que quieren deshacerse del supuesto yugo de una Barcelona hegem\u00f3nica y quieren ir de por libre.<\/strong><br \/>Seguramente en 1987 muchos municipios metropolitanos optaron por singularizar y mirar con recelo a un gobierno metropolitano que tomaba la soberan\u00eda, pero en los \u00faltimos a\u00f1os se han empezado a tomar decisiones que ya son m\u00e1s de gobierno que de gesti\u00f3n, como la integraci\u00f3n de tarifas a lo largo de la Zola 1, lo que significa que, al moverse por la primera corona, sirve el mismo billete. Barcelona metropolitana ser\u00eda en realidad una Barcelona delimitada hasta el extremo del metro. Pero el metro deber\u00eda haber llegado a muchos lugares si se hubieran cumplido los plazos. La l\u00ednea 9, pieza clave, permanece enterrada e incluso se desconocen los costes de relanzamiento de las tuneladoras que quedaron bajo tierra. En estos momentos el AMB est\u00e1 aportando contenidos y ahora est\u00e1 elaborando un plan urban\u00edstico que fija las zonas de centralidad, los grandes ejes, las v\u00edas verdes, los espacios protegidos&#8230; Este ya es un instrumento de gobierno que nos obliga a pensar en el territorio. Sucede que cuando pones esto sobre la mesa gobernando un territorio, los est\u00f3magos empiezan a encogerse porque asume que cuando tomas decisiones, con demasiada frecuencia tienes que ir a favor y en contra de alguien. Si uno no es m\u00e1s que una administraci\u00f3n debe dar suma cero, pero si es un gobierno, las decisiones pueden beneficiar al colectivo, pero perjudican a una parte. Esto es lo que se solucionar\u00eda votando el alcalde metropolitano, porque lo legitimar\u00eda a tomar decisiones.<\/p>\n<p style=\"text-align: justify\"><strong>Pero ahora parece que el gran proyecto de futuro ha dado un salto cuantitativo y ya es la Comarca Metropolitana, un territorio con 5,1 millones de habitantes que viven en 164 municipios distribuidos en siete comarcas: Barcelon\u00e8s, Baix Llobregat, dos Vall\u00e8s, Maresme y Pened\u00e8s sobre el que se aprob\u00f3 una hoja de ruta para la elaboraci\u00f3n del Plan Estrat\u00e9gico Metropolitano de Barcelona (PEMB), que usted preside.<\/strong><br \/>El plan es regi\u00f3n. La tradici\u00f3n de los planes estrat\u00e9gicos comenz\u00f3 en los a\u00f1os 80. Maragall ya hizo la transformaci\u00f3n de una ciudad industrial a una de servicios y, por supuesto, turismo. Una segunda etapa, ya con Joan Clos, se hizo evidente que se necesitaba un \u00e1rea m\u00e1s grande porque los municipios ya se hab\u00edan atascado, ya hab\u00eda una mancha urbana, un continuo urbano. En la \u00e9poca de Clos se hacen dos planos; una es la de la Barcelona de los 3,5 millones que propone recuperar la Corpo, que no se consigue hasta 2010, cuando se tiene la feliz coincidencia de que en el Reino Unido se recupera el Gran Londres, que tambi\u00e9n se lo hab\u00eda cargado Margaret Thatcher en su momento. Este plan termin\u00f3 en 2020, por lo que ahora era el momento de dar un salto de escala. Todos los ge\u00f3grafos y especialistas coinciden en que la realidad urbana que tiene una l\u00f3gica de sistema compartido ya no es el continuum urbano, sino el concepto de una regi\u00f3n metropolitana donde ya no hay necesariamente un continuum urbano sino relaciones cercanas, en el sentido de que los ciudadanos viven en otro municipio, trabajan en otro, hacen sus compras en otro, etc. Una zona muy diferente a la que recordamos cuando \u00e9ramos peque\u00f1os, cuando casi nunca sal\u00edamos de nuestro municipio, mientras que ahora la movilidad regional es lo habitual. El segundo problema es definir d\u00f3nde comienza y d\u00f3nde termina la regi\u00f3n. La ciudad medieval eran las murallas, la ciudad moderna era el Eixample y los municipios que se anexionaban, luego viene esta metr\u00f3polis de finales del siglo XX y principios de este que es donde terminan las casas y las calles se convierten en carreteras&#8230; Pero, \u00bfc\u00f3mo definir la regi\u00f3n? Hay que decir que el aeropuerto de Girona entra dentro de este concepto, porque en realidad tal y como lo anuncian en el mundo es el aeropuerto Barcelona Nord. Utilizamos el plan realizado por la Generalitat en 2010 cuando se hizo el reparto en veguer\u00edas, que es la Barcelona de los cinco millones, que va de Vilanova-Vilafranca al Maresme, que es Matar\u00f3, pero desde que llega a Malgrat se hace mucho m\u00e1s largo. Y tambi\u00e9n al Montseny, Granollers y los dos Vall\u00e8s. Esta es la realidad administrativa y ahora en lo que estamos trabajando es en ponernos de acuerdo en todos los accionistas de esta macrorealidad para empezar a poner en marcha proyectos comunes.<\/p>\n<p><img loading=\"lazy\" class=\"aligncenter wp-image-8396 size-large\" src=\"https:\/\/rethinkbcn.cat\/wp-content\/uploads\/2021\/06\/IMG_7223-1024x768.jpg\" alt=\"\" width=\"1024\" height=\"768\" srcset=\"https:\/\/rethinkbcn.cat\/wp-content\/uploads\/2021\/06\/IMG_7223-980x735.jpg 980w, https:\/\/rethinkbcn.cat\/wp-content\/uploads\/2021\/06\/IMG_7223-480x360.jpg 480w\" sizes=\"(min-width: 0px) and (max-width: 480px) 480px, (min-width: 481px) and (max-width: 980px) 980px, (min-width: 981px) 1024px, 100vw\" \/><\/p>\n<p style=\"text-align: justify\"><strong>Cu\u00e1les ser\u00edan lo primeros objetivos, los proyectos m\u00e1s necesarios para empezar a poner en marcha esta Barcelona de los cinco millones?<\/strong><br \/>La cuesti\u00f3n ser\u00eda cu\u00e1l es la respuesta que se espera de esta realidad geogr\u00e1fica o qu\u00e9 sue\u00f1o los problemas que Barcelona tiene hoy que no se pueden resolver sin esta nueva dimensi\u00f3n. B\u00e1sicamente se plantean tres retos: la emergencia clim\u00e1tica no se puede resolver si no se aborda desde el punto de vista de la regi\u00f3n metropolitana; tampoco la movilidad, si pensamos que el municipio de Barcelona cada d\u00eda lo atraviesan 370.000 veh\u00edculos por el centro de la ciudad y otros 370.000 por las por las dos rondas, el que supone un porcentaje regional muy alto y hace imperativo resolver Cercan\u00edas y tambi\u00e9n las conexiones entre municipios, porque es m\u00e1s dif\u00edcil ir de Vilanova a Rub\u00ed que a Barcelona. Nos quejamos a menudo del centralismo espa\u00f1ol pero nosotros tambi\u00e9n tenemos una estructura radial y somos adictos a nivel regional. El segundo reto es la emergencia social. La desigualdad ha crecido much\u00edsimo desde el 2000, pero especialmente desde la crisis del 2008, y hay un vector, un elemento central, en este problema que es la vivienda. Una planificaci\u00f3n de vivienda p\u00fablica suficiente como para afrontar esta crisis y las desigualdades que genera solo se puede hacer desde una escala metropolitana, empezando por la disponibilidad de terreno. Los principales ejes de la pobreza, el del Bes\u00f3s y el de la carretera de Collblanc, por ejemplo, tienen escala metropolitana. El tercer reto es, obviamente, la reactivaci\u00f3n econ\u00f3mica. Tenemos que encontrar suelo industrial, cl\u00fasteres, proyecci\u00f3n internacional, y se debe hacer a nivel de regi\u00f3n metropolitana.<\/p>\n<table class=\" alignright\" style=\"height: 104px;width: 99.9054%;border-collapse: collapse;border-top: 2px solid #000000;border-right-color: #000000;border-bottom-color: #000000;border-left-color: #000000;margin-left: 20px\" cellspacing=\"15\" cellpadding=\"2\">\n<tbody>\n<tr style=\"height: 23px\">\n<td style=\"width: 100%;height: 23px;border: 2px solid #000\">\n<h4 style=\"text-align: center\">\u00abLo que hacemos no es aislar o eliminar la movilidad, se trata de cambiarla por otras formas de movilidad que sean m\u00e1s eficientes y sostenibles desde el punto de vista de la contaminaci\u00f3n.\u201d<\/h4>\n<\/td>\n<\/tr>\n<\/tbody>\n<\/table>\n<p>&nbsp;<\/p>\n<p>&nbsp;<\/p>\n<p>&nbsp;<\/p>\n<p style=\"text-align: justify\"><strong>\u00bfQu\u00e9 resistencia encuentra esta visi\u00f3n de la regi\u00f3n metropolitana?<\/strong><br \/>Hay menos resistencias que hace unos a\u00f1os. Cuando se disolvi\u00f3 la Corporaci\u00f3n, es cierto que muchos ayuntamientos pensaban que ya lo estaban haciendo bien, sin la tutela de Barcelona ni lo que cre\u00edan que era esta tutela. Cada vez que ponemos el t\u00e9rmino soberan\u00eda sobre la mesa hay problemas, y m\u00e1s en este pa\u00eds. Pero ahora la situaci\u00f3n ha cambiado con la pandemia. Ahora confiamos en la respuesta europea para tener vacunas, por ejemplo. Tuvimos que pasar por una pandemia para que los Estados cedieran parte de su soberan\u00eda. Siempre hay tensiones, y a nivel local, el \u00e1rea metropolitana es la misma, pero no es un fen\u00f3meno exclusivamente barcelon\u00e9s. Lo mismo se escucha en Par\u00eds y Londres. Los m\u00e1s peque\u00f1os siempre se quejan de que todo se lleva el grande aunque ahora menos, porque cualquier alcalde de una gran \u00e1rea metropolitana, con solo mirar el mapa, se da cuenta de que por s\u00ed solo no puede resolver los problemas de sus conciudadanos. Barcelona, adem\u00e1s, ya sea el continuo urbano de los 36 o esta regi\u00f3n de los 164 municipios, tiene la ventaja de que en cada una de estas unidades hay un centro urbano, un campanario, una plaza principal y un ayuntamiento, y esto significa que hay un nivel importante de identidad local, de cohesi\u00f3n. Si la comparamos, por ejemplo, con una ciudad con la que siempre miramos c\u00f3mo es Madrid, que Franco unific\u00f3 en la d\u00e9cada de 1960 creando la ciudad de 600 hect\u00e1reas, est\u00e1 claro que, aunque tiene elementos muy potentes, su estructura urbana es mucho m\u00e1s fr\u00e1gil y hay una relaci\u00f3n predominante centro-periferia, mientras que nosotros tenemos muchos m\u00e1s centros, algunos m\u00e1s potentes que otros. La gran Barcelona es una ciudad polic\u00e9ntrica y probablemente la etapa de se\u00f1alar las particularidades, el urbanismo, el espacio p\u00fablico, ya est\u00e1 hecha, y ahora los grandes objetivos han dejado de tener fronteras entre municipios.<\/p>\n<p style=\"text-align: justify\"><strong>En este sentido, \u00bfcu\u00e1les ser\u00edan las infraestructuras m\u00e1s urgentes en este momento?<\/strong><br \/>Mejorar las conexiones de transporte p\u00fablico ser\u00eda el objetivo prioritario y, en mi opini\u00f3n, las conexiones no radiales ferroviarias. Hace tiempo que necesitamos un orbital ferroviario que una todas las ciudades del arco metropolitano. Es una infraestructura muy importante, ya que siempre nos gusta hacer grandes proyectos, pero tambi\u00e9n hay otros m\u00e1s peque\u00f1os, como la conexi\u00f3n ferroviaria entre los dos Vall\u00e8s. En el campo de las infraestructuras queda mucho trabajo por hacer y ser\u00eda muy importante que las inversiones del fondo Next Generation, los trenes de cercan\u00edas, jugaran un papel destacado. La protecci\u00f3n de todos los parques agr\u00edcolas de Barcelona y una estrategia conjunta. Pensar en una estrategia compartida entre todos los centros de investigaci\u00f3n y c\u00f3mo los ubicamos en el territorio, porque ahora no la tenemos en mente, se est\u00e1n extendiendo, aunque, a pesar de todo, est\u00e9n suficientemente distribuidos..<\/p>\n<p style=\"text-align: justify\"><strong>\u00bfC\u00f3mo va el tema de la ampliaci\u00f3n del aeropuerto?<\/strong><br \/>Para la regi\u00f3n metropolitana es muy importante contar con un aeropuerto hub con conexiones internacionales y la capacidad de ser uno de los aeropuertos bandera del sur de Europa. Creo que hay un consenso total sobre eso. La cuesti\u00f3n es ad\u00f3nde deben ir las inversiones para mejorar el aeropuerto actual. Si deben ir hacia el crecimiento del n\u00famero de pasajeros, o hacia la mejora de la calidad de estos pasajeros. En \u00faltima instancia, el debate aeroportuario podr\u00eda trasladarse al debate conjunto de la regi\u00f3n metropolitana. Es como en las empresas, hay momentos en los que deben tomar una decisi\u00f3n estrat\u00e9gica; si van hacia el crecimiento o la calidad; mayor cantidad con m\u00e1rgenes m\u00e1s peque\u00f1os o menos cantidad y m\u00e1s calidad con m\u00e1rgenes m\u00e1s grandes. Es el debate del turismo, el debate de la industria, el debate de la alimentaci\u00f3n, es un debate que pasa por muchas cosas. Hemos tenido una burgues\u00eda industrial que en un momento dado descubri\u00f3 que el turismo era una man\u00e1, porque era mucho m\u00e1s f\u00e1cil montar un hotel que una empresa para producir cualquier tipo de bien y que, adem\u00e1s, ten\u00eda la rentabilidad garantizada. Los tiempos que vienen requieren un cambio significativo de mentalidad. No se trata de no crecer con la generaci\u00f3n de riqueza, sino de que el crecimiento se produzca a trav\u00e9s del aumento del valor a\u00f1adido, no del n\u00famero.<\/p>\n<p style=\"text-align: justify\"><strong>La pandemia lleg\u00f3 en un momento en el que el modelo tur\u00edstico estaba en crisis y generaba todo tipo de dudas. \u00bfTiene referencias a c\u00f3mo est\u00e1 reaccionando el sector? <\/strong><br \/>El sector est\u00e0 en una situaci\u00f3 delicad\u00edssima, amb caigudes del 70% al 90%, i fem tot el possible perqu\u00e8 aquesta gent surti endavant al m\u00e9s aviat possible. El que diuen els experts \u00e9s que hi haur\u00e0 una recuperaci\u00f3 relativament r\u00e0pida si es dona una condici\u00f3:El sector se encuentra en una situaci\u00f3n muy dif\u00edcil, con ca\u00eddas del 70% al 90%, y hacemos todo lo posible para que estas personas salgan adelante lo antes posible. Lo que dicen los expertos es que habr\u00e1 una recuperaci\u00f3n relativamente r\u00e1pida si hay una condici\u00f3n: la seguridad sanitaria. Nadie sabe cu\u00e1ndo va a ser. El turismo debe volver a Barcelona por una raz\u00f3n b\u00e1sica: no podemos permitirnos perderlo, ya que representa el 15 o el 16 % del PIB. La cuesti\u00f3n se plantea a medio y largo plazo. Necesitamos un modelo econ\u00f3mico m\u00e1s diversificado. Barcelona no tiene por qu\u00e9 ser una ciudad tur\u00edstica. Ahora lo es, como Roma. Pero ni Madrid ni Londres ni siquiera Par\u00eds son ciudades tur\u00edsticas, son ciudades con turismo. Hay que dejar de ser una ciudad tur\u00edstica para ser otra cosa. Hay que determinar cu\u00e1les son las apuestas estrat\u00e9gicas que hacemos para que nuestro crecimiento vaya progresivamente m\u00e1s en t\u00e9rminos cualitativos que cuantitativos, y aqu\u00ed es donde pongo el debate aeroportuario, y en mi opini\u00f3n, si queremos transformar el modelo, en lugar de ampliar el Prat tenemos que pensar en un sistema aeroportuario m\u00e1s de pa\u00eds. Si queremos apostar por la calidad tenemos que reducir sustancialmente los vuelos cortos. Si hacemos esto hay espacio para crecer como hub. Si es apostar por la calidad debemos hacer la terminal satelital para dar mejor acogida. El debate sobre el aeropuerto es importante porque tiene un valor simb\u00f3lico. Cuando se pretende dar un cambio tan importante al modelo, lo que se hace con la pieza central se alza como la referencia. Si pensamos en reducir un poco la movilidad en la regi\u00f3n metropolitana para reducir las emisiones, que es uno de los grandes problemas, la distribuci\u00f3n del tr\u00e1fico aeroportuario en Girona y Reus, encaja perfectamente porque todo el turismo que va a la Costa Brava o a la Costa Dorada, no tendr\u00eda que pasar por Barcelona ni cruzar la regi\u00f3n metropolitana. Es comprensible que para AENA, en t\u00e9rminos empresariales, lo que le interesa sea promocionar El Prat, porque es donde hace el negocio importante.<\/p>\n<p><img loading=\"lazy\" class=\"aligncenter wp-image-8398 size-large\" src=\"https:\/\/rethinkbcn.cat\/wp-content\/uploads\/2021\/06\/IMG_7226-1024x768.jpg\" alt=\"\" width=\"1024\" height=\"768\" srcset=\"https:\/\/rethinkbcn.cat\/wp-content\/uploads\/2021\/06\/IMG_7226-980x735.jpg 980w, https:\/\/rethinkbcn.cat\/wp-content\/uploads\/2021\/06\/IMG_7226-480x360.jpg 480w\" sizes=\"(min-width: 0px) and (max-width: 480px) 480px, (min-width: 481px) and (max-width: 980px) 980px, (min-width: 981px) 1024px, 100vw\" \/><\/p>\n<p style=\"text-align: justify\"><strong>Lo cierto es que en Barcelona hay una situaci\u00f3n muy particular en cuanto a conexiones, que es el tri\u00e1ngulo aeroportuario, portuario y ferroviario.<\/strong><br \/>Es importante tener esta plataforma log\u00edstica, cierto, pero tengo mis dudas de que haya demasiadas sinergias en este tri\u00e1ngulo. Hay uno muy importante que son los cruceros. Desde el punto de vista del transporte ferroviario, todav\u00eda se encuentra en una fase muy incipiente y deber\u00eda mejorarse. Todav\u00eda salen demasiados camiones de Barcelona y es urgente contar con la terminal de contenedores para utilizar estas autopistas ferroviarias y descongestionar el transporte por carretera. De hecho, hay proyectos muy avanzados en este sentido. Insisto en que el cambio global es necesario en este momento, eso no significa que vamos a dejar de tener turismo.<\/p>\n<p style=\"text-align: justify\"><strong>\u00bfC\u00f3mo es el tema de la pacificaci\u00f3n, de las islas verdes, que sigue generando pol\u00e9mica? Imagino que est\u00e1 al tanto de las opiniones del arquitecto Josep Antoni Acebillo, concretamente sobre el empobrecimiento de los centros urbanos cuando se reduce la movilidad en su entorno.<\/strong><br \/>Te refieres a que cuando se sacan los coches, \u00bfcierto? Bueno, tal vez podr\u00edamos recuperar los coches en el Portal del \u00c1ngel. Pregunt\u00e9monos c\u00f3mo se ha empobrecido esta calle, que en estos momentos es una de las que tiene los alquileres m\u00e1s caros de Espa\u00f1a. Creo que es una visi\u00f3n antigua, sin ning\u00fan elemento cient\u00edfico o te\u00f3rico que demuestre que la pacificaci\u00f3n del tr\u00e1fico empobrece el comercio o reduce las posibilidades econ\u00f3micas. Lo que hacemos no es aislar o eliminar la movilidad, se trata de cambiarla por otras formas de movilidad que sean m\u00e1s eficientes y sostenibles desde el punto de vista de la contaminaci\u00f3n. Hay 1.000 muertes al a\u00f1o en Barcelona debido a la contaminaci\u00f3n del aire, seg\u00fan las autoridades sanitarias. Esta es la cuesti\u00f3n y hay que invertirla. Creo que el debate que enfrenta la ecolog\u00eda y la econom\u00eda, ya sea pacificando el aeropuerto, es un debate falso, porque si Barcelona quiere ser una ciudad de start up, los impulsores de este tipo de emprendimiento como las ciudades pacificadas.<\/p>\n<p style=\"text-align: justify\"><strong>\u00bfQu\u00e9 pasar\u00e1 con todo este urbanismo t\u00e1ctico que han instalado durante la pandemia?<\/strong><br \/>Estamos justo en el punto de transformar lo que se ha llamado urbanismo t\u00e1ctico en estructural. El urbanismo t\u00e1ctico es b\u00e1sicamente una serie de pruebas sobre la ciudad para ver c\u00f3mo funcionan y luego consolidarla estructuralmente. Reconozco que puede que nos hayamos excedido, pero se debe en gran medida al efecto de la pandemia y los confinamientos, y a c\u00f3mo se hizo. Dar espacio para terrazas en bares con el uso de barreras New Jersey ha generado un impacto visual bastante negativo, una molestia est\u00e9tica. Pero hay elementos de peor gusto en la ciudad. Barcelona tiene mejor urbanismo que arquitectura. Nuestras fachadas son justas, no como Par\u00eds, que tiene un p\u00e9simo urbanismo, pero fachadas espectaculares, mientras que Berl\u00edn es fe\u00edsta, se supone que es as\u00ed. En cambio, aqu\u00ed somos m\u00e1s burgueses. Todo lleva tiempo, las ciudades necesitan tiempo, no se pueden hacer r\u00e1pidamente.<\/p>\n<p style=\"text-align: justify\"><strong>\u00bfC\u00f3mo ha quedado el proyecto de superislas? <\/strong><br \/>El objetivo es convertir un eje de cada tres en verde. El proceso de retirada de coches de la ciudad solo se hac\u00eda en los cascos antiguos. Ahora haremos Consell de Cent, Rocafort y Girona, para que sea visible. La movilidad privada del coche debe reducirse en un 25%. Por supuesto, esto requiere que Rodal\u00edas funcione, que la l\u00ednea 9 est\u00e9 terminada y que el tranv\u00eda Diagonal funcione como un eje de arriba hacia abajo. Esto deber\u00eda ayudar al cambio econ\u00f3mico. Los Comunes han terminado haciendo lo que el PSC no se atrevi\u00f3 a hacer.<\/p>\n<p>[\/et_pb_text][et_pb_text admin_label=\u00bbShare \u00bb _builder_version=\u00bb4.8.2&#8243; _module_preset=\u00bbdefault\u00bb width=\u00bb26%\u00bb module_alignment=\u00bbleft\u00bb module_alignment_tablet=\u00bbleft\u00bb module_alignment_phone=\u00bbleft\u00bb module_alignment_last_edited=\u00bbon|phone\u00bb border_width_all=\u00bb0px\u00bb]<\/p>\n<table style=\"border-collapse: collapse;width: 0%;height: 22px;border-color: #000000;border: 2px solid\">\n<tbody>\n<tr style=\"height: 22px\">\n<td style=\"width: 11.5332%;height: 22px\">share:<\/td>\n<td style=\"width: 88.4667%;text-align: justify;vertical-align: middle;height: 22px\"><div class=\"sfsi_widget sfsi_shortcode_container\"><div class=\"norm_row sfsi_wDiv \"  style=\"width:200px;text-align:left;\"><div style='width:30px; height:30px;margin-left:10px;margin-bottom:5px; ' class='sfsi_wicons shuffeldiv ' ><div class='inerCnt'><a class=' sficn' data-effect='' target='_blank'  href='' id='sfsiid_twitter_icon' style='width:30px;height:30px;opacity:1;'  ><img data-pin-nopin='true' alt='Twitter' title='Twitter' src='https:\/\/rethinkbcn.cat\/wp-content\/plugins\/ultimate-social-media-icons\/images\/icons_theme\/transparent\/transparent_twitter.png' width='30' height='30' style='' class='sfcm sfsi_wicon ' data-effect=''   \/><\/a><div class=\"sfsi_tool_tip_2 twt_tool_bdr sfsiTlleft\" style=\"opacity:0;z-index:-1;\" id=\"sfsiid_twitter\"><span class=\"bot_arow bot_twt_arow\"><\/span><div class=\"sfsi_inside\"><div  class='icon2'><div class='sf_twiter' style='display: inline-block;vertical-align: middle;width: auto;'>\r\n\t\t\t\t\t\t<a target='_blank' href='https:\/\/twitter.com\/intent\/tweet?text=Hey%2C+check+out+this+cool+site+I+found%3A+www.rethinkbcn.cat+%23Topic+via%40my_twitter_name+https:\/\/rethinkbcn.cat\/es\/wp-json\/wp\/v2\/posts\/8406\/' style='display:inline-block' >\r\n\t\t\t\t\t\t\t<img data-pin-nopin= true class='sfsi_wicon' src='https:\/\/rethinkbcn.cat\/wp-content\/plugins\/ultimate-social-media-icons\/images\/share_icons\/Twitter_Tweet\/en_US_Tweet.svg' alt='Tweet' title='Tweet' >\r\n\t\t\t\t\t\t<\/a>\r\n\t\t\t\t\t<\/div><\/div><\/div><\/div><\/div><\/div><div style='width:30px; height:30px;margin-left:10px;margin-bottom:5px; ' class='sfsi_wicons shuffeldiv ' ><div class='inerCnt'><a class=' sficn' data-effect='' target='_blank'  href='' id='sfsiid_linkedin_icon' style='width:30px;height:30px;opacity:1;'  ><img data-pin-nopin='true' alt='' title='' src='https:\/\/rethinkbcn.cat\/wp-content\/plugins\/ultimate-social-media-icons\/images\/icons_theme\/transparent\/transparent_linkedin.png' width='30' height='30' style='' class='sfcm sfsi_wicon ' data-effect=''   \/><\/a><div class=\"sfsi_tool_tip_2 linkedin_tool_bdr sfsiTlleft\" style=\"opacity:0;z-index:-1;\" id=\"sfsiid_linkedin\"><span class=\"bot_arow bot_linkedin_arow\"><\/span><div class=\"sfsi_inside\"><div  class='icon2'><a target='_blank' href=\"https:\/\/www.linkedin.com\/shareArticle?url=https%3A%2F%2Frethinkbcn.cat%2Fes%2Fwp-json%2Fwp%2Fv2%2Fposts%2F8406%2F\"><img class=\"sfsi_wicon\" data-pin-nopin= true alt=\"Share\" title=\"Share\" src=\"https:\/\/rethinkbcn.cat\/wp-content\/plugins\/ultimate-social-media-icons\/images\/share_icons\/Linkedin_Share\/en_US_share.svg\" \/><\/a><\/div><\/div><\/div><\/div><\/div><div style='width:30px; height:30px;margin-left:10px;margin-bottom:5px; ' class='sfsi_wicons shuffeldiv ' ><div class='inerCnt'><a class=' sficn' data-effect='' target='_blank'  href='https:\/\/api.whatsapp.com\/send?text=https:\/\/rethinkbcn.cat\/es\/jordi-marti-ahora-los-grandes-objetivos-han-dejado-de-tener-fronteras-entre-municipios\/' id='sfsiid_whatsapp_icon' style='width:30px;height:30px;opacity:1;'  ><img data-pin-nopin='true' alt='' title='' src='https:\/\/rethinkbcn.cat\/wp-content\/plugins\/ultimate-social-media-icons\/images\/icons_theme\/transparent\/transparent_whatsapp.png' width='30' height='30' style='' class='sfcm sfsi_wicon ' data-effect=''   \/><\/a><\/div><\/div><div style='width:30px; height:30px;margin-left:10px;margin-bottom:5px; ' class='sfsi_wicons shuffeldiv ' ><div class='inerCnt'><a class=' sficn' data-effect='' target='_blank'  href='https:\/\/api.follow.it\/widgets\/icon\/VUlqbFQ4d1I5d05jbFdNRWdXaThSK0Vza3RBcDZrT3Y4akNldzhxUVBmUFNjQ3dlUnpnQVphRFVNcm40SXZGaFczK01jOFF0SExaMGNIWi9BZy96S2MydkgzaDNWWFBjYU9MbjY5M3lUcjVLYU5TN3NOaEs3VmJ4bytROHI4b1d8eEV6SFU5OTFjQ1B0YkRJNkEzUlJEbEhIWVRkZGM0b0FRTEQyRDlyb2o2UT0=\/OA==\/' id='sfsiid_email_icon' style='width:30px;height:30px;opacity:1;'  ><img data-pin-nopin='true' alt='Follow by Email' title='Follow by Email' src='https:\/\/rethinkbcn.cat\/wp-content\/plugins\/ultimate-social-media-icons\/images\/icons_theme\/transparent\/transparent_email.png' width='30' height='30' style='' class='sfcm sfsi_wicon ' data-effect=''   \/><\/a><\/div><\/div><\/div ><div id=\"sfsi_holder\" class=\"sfsi_holders\" style=\"position: relative; float: left;width:100%;z-index:-1;\"><\/div ><script>window.addEventListener(\"sfsi_functions_loaded\", function() \r\n\t\t\t{\r\n\t\t\t\tif (typeof sfsi_widget_set == \"function\") {\r\n\t\t\t\t\tsfsi_widget_set();\r\n\t\t\t\t}\r\n\t\t\t}); <\/script><div style=\"clear: both;\"><\/div><\/div><\/td>\n<\/tr>\n<\/tbody>\n<\/table>\n<p>&nbsp;[\/et_pb_text][\/et_pb_column][\/et_pb_row][\/et_pb_section][et_pb_section fb_built=\u00bb1&#8243; fullwidth=\u00bbon\u00bb _builder_version=\u00bb4.8.2&#8243; _module_preset=\u00bbdefault\u00bb da_disable_devices=\u00bboff|off|off\u00bb border_width_bottom=\u00bb2px\u00bb da_is_popup=\u00bboff\u00bb da_exit_intent=\u00bboff\u00bb da_has_close=\u00bbon\u00bb da_alt_close=\u00bboff\u00bb da_dark_close=\u00bboff\u00bb da_not_modal=\u00bbon\u00bb da_is_singular=\u00bboff\u00bb da_with_loader=\u00bboff\u00bb da_has_shadow=\u00bbon\u00bb][et_pb_fullwidth_code admin_label=\u00bbRatlla horitzontal\u00bb _builder_version=\u00bb4.8.2&#8243; _module_preset=\u00bbdefault\u00bb][\/et_pb_fullwidth_code][\/et_pb_section][et_pb_section fb_built=\u00bb1&#8243; _builder_version=\u00bb4.8.2&#8243; _module_preset=\u00bbdefault\u00bb custom_margin=\u00bb||-30px||false|false\u00bb custom_margin_tablet=\u00bb||-90px||false|false\u00bb custom_margin_phone=\u00bb||-80px||false|false\u00bb custom_margin_last_edited=\u00bbon|phone\u00bb da_disable_devices=\u00bboff|off|off\u00bb da_is_popup=\u00bboff\u00bb da_exit_intent=\u00bboff\u00bb da_has_close=\u00bbon\u00bb da_alt_close=\u00bboff\u00bb da_dark_close=\u00bboff\u00bb da_not_modal=\u00bbon\u00bb da_is_singular=\u00bboff\u00bb da_with_loader=\u00bboff\u00bb da_has_shadow=\u00bbon\u00bb][et_pb_row _builder_version=\u00bb4.8.2&#8243; _module_preset=\u00bbdefault\u00bb][et_pb_column type=\u00bb4_4&#8243; _builder_version=\u00bb4.8.2&#8243; _module_preset=\u00bbdefault\u00bb][et_pb_text admin_label=\u00bbAltres articles\u00bb _builder_version=\u00bb4.9.0&#8243; _module_preset=\u00bbdefault\u00bb]<\/p>\n<h3>ALTRES ARTICLES<\/h3>\n<p><div class='yarpp yarpp-related yarpp-related-shortcode yarpp-template-thumbnails'>\n<!-- YARPP Thumbnails -->\n<h3><\/h3>\n<div class=\"yarpp-thumbnails-horizontal\">\n<a class='yarpp-thumbnail' rel='norewrite' href='https:\/\/rethinkbcn.cat\/es\/nuria-marin-si-el-area-metropolitana-no-tira-catalunya-tampoco-lo-hara-no-nos-enganemos\/' title='N\u00daRIA MAR\u00cdN: \u00abSI EL \u00c1REA METROPOLITANA NO TIRA, CATALUNYA TAMPOCO LO HAR\u00c1, NO NOS ENGA\u00d1EMOS\u00bb'>\n<img width=\"117\" height=\"120\" src=\"https:\/\/rethinkbcn.cat\/wp-content\/uploads\/2021\/01\/progesm.jpg\" class=\"attachment-yarpp-thumbnail size-yarpp-thumbnail wp-post-image\" alt=\"\" loading=\"lazy\" data-pin-nopin=\"true\" \/><span class=\"yarpp-thumbnail-title\">N\u00daRIA MAR\u00cdN: \u00abSI EL \u00c1REA METROPOLITANA NO TIRA, CATALUNYA TAMPOCO LO HAR\u00c1, NO NOS ENGA\u00d1EMOS\u00bb<\/span><\/a>\n<a class='yarpp-thumbnail' rel='norewrite' href='https:\/\/rethinkbcn.cat\/es\/josep-acebillo-el-mejor-modelo-de-ciudad-es-el-que-no-permite-la-contradiccion-entre-economia-i-ecologia\/' title='JOSEP ACEBILLO: \u00abEL MEJOR MODELO DE CIUDAD ES EL QUE NO PERMITE LA CONTRADICCI\u00d3N ENTRE ECONOM\u00cdA I ECOLOG\u00cdA\u00bb'>\n<img width=\"117\" height=\"120\" src=\"https:\/\/rethinkbcn.cat\/wp-content\/uploads\/2021\/01\/progesm.jpg\" class=\"attachment-yarpp-thumbnail size-yarpp-thumbnail wp-post-image\" alt=\"\" loading=\"lazy\" data-pin-nopin=\"true\" \/><span class=\"yarpp-thumbnail-title\">JOSEP ACEBILLO: \u00abEL MEJOR MODELO DE CIUDAD ES EL QUE NO PERMITE LA CONTRADICCI\u00d3N ENTRE ECONOM\u00cdA I ECOLOG\u00cdA\u00bb<\/span><\/a>\n<a class='yarpp-thumbnail' rel='norewrite' href='https:\/\/rethinkbcn.cat\/es\/pere-navarro-la-marca-barcelona-sigue-siendo-muy-potente-a-nivel-internacional\/' title='PERE NAVARRO: \u00abLA MARCA BARCELONA SIGUE SIENDO MUY POTENTE A NIVEL INTERNACIONAL\u00bb'>\n<img width=\"117\" height=\"120\" src=\"https:\/\/rethinkbcn.cat\/wp-content\/uploads\/2021\/01\/progesm.jpg\" class=\"attachment-yarpp-thumbnail size-yarpp-thumbnail wp-post-image\" alt=\"\" loading=\"lazy\" data-pin-nopin=\"true\" \/><span class=\"yarpp-thumbnail-title\">PERE NAVARRO: \u00abLA MARCA BARCELONA SIGUE SIENDO MUY POTENTE A NIVEL INTERNACIONAL\u00bb<\/span><\/a>\n<a class='yarpp-thumbnail' rel='norewrite' href='https:\/\/rethinkbcn.cat\/es\/antonio-balmon-en-el-amb-hacemos-nuestro-trabajo-sin-ruido-pero-somos-la-tercera-administracion-de-cataluna-y-hacemos-politica-util\/' title='ANTONIO BALM\u00d3N: \u00abEN EL AMB HACEMOS NUESTRO TRABAJO SIN RUIDO, PERO SOMOS LA TERCERA ADMINISTRACI\u00d3N DE CATALU\u00d1A Y HACEMOS POL\u00cdTICA \u00daTIL\u00bb'>\n<img width=\"117\" height=\"120\" src=\"https:\/\/rethinkbcn.cat\/wp-content\/uploads\/2021\/01\/progesm.jpg\" class=\"attachment-yarpp-thumbnail size-yarpp-thumbnail wp-post-image\" alt=\"\" loading=\"lazy\" data-pin-nopin=\"true\" \/><span class=\"yarpp-thumbnail-title\">ANTONIO BALM\u00d3N: \u00abEN EL AMB HACEMOS NUESTRO TRABAJO SIN RUIDO, PERO SOMOS LA TERCERA ADMINISTRACI\u00d3N DE CATALU\u00d1A Y HACEMOS POL\u00cdTICA \u00daTIL\u00bb<\/span><\/a>\n<\/div>\n<\/div>\n[\/et_pb_text][\/et_pb_column][\/et_pb_row][\/et_pb_section][et_pb_section fb_built=\u00bb1&#8243; fullwidth=\u00bbon\u00bb disabled_on=\u00bbon|on|on\u00bb _builder_version=\u00bb4.8.2&#8243; _module_preset=\u00bbdefault\u00bb custom_margin_tablet=\u00bb-70px||||false|false\u00bb custom_margin_phone=\u00bb\u00bb custom_margin_last_edited=\u00bbon|tablet\u00bb da_disable_devices=\u00bboff|off|off\u00bb border_width_bottom=\u00bb2px\u00bb disabled=\u00bbon\u00bb da_is_popup=\u00bboff\u00bb da_exit_intent=\u00bboff\u00bb da_has_close=\u00bbon\u00bb da_alt_close=\u00bboff\u00bb da_dark_close=\u00bboff\u00bb da_not_modal=\u00bbon\u00bb da_is_singular=\u00bboff\u00bb da_with_loader=\u00bboff\u00bb da_has_shadow=\u00bbon\u00bb][et_pb_fullwidth_code admin_label=\u00bbRatlla horitzontal\u00bb _builder_version=\u00bb4.8.2&#8243; _module_preset=\u00bbdefault\u00bb][\/et_pb_fullwidth_code][\/et_pb_section][et_pb_section fb_built=\u00bb1&#8243; disabled_on=\u00bbon|on|on\u00bb _builder_version=\u00bb4.8.2&#8243; _module_preset=\u00bbdefault\u00bb da_disable_devices=\u00bboff|off|off\u00bb disabled=\u00bbon\u00bb da_is_popup=\u00bboff\u00bb da_exit_intent=\u00bboff\u00bb da_has_close=\u00bbon\u00bb da_alt_close=\u00bboff\u00bb da_dark_close=\u00bboff\u00bb da_not_modal=\u00bbon\u00bb da_is_singular=\u00bboff\u00bb da_with_loader=\u00bboff\u00bb da_has_shadow=\u00bbon\u00bb][et_pb_row _builder_version=\u00bb4.8.2&#8243; _module_preset=\u00bbdefault\u00bb][et_pb_column type=\u00bb4_4&#8243; _builder_version=\u00bb4.8.2&#8243; _module_preset=\u00bbdefault\u00bb][et_pb_text admin_label=\u00bbText %22Veure tots els cicles%22&#8243; _builder_version=\u00bb4.8.2&#8243; _module_preset=\u00bbdefault\u00bb]<\/p>\n<h3>VEURE TOTS ELS CICLES<\/h3>\n<p>[\/et_pb_text][\/et_pb_column][\/et_pb_row][et_pb_row column_structure=\u00bb1_3,1_3,1_3&#8243; disabled_on=\u00bboff|on|off\u00bb _builder_version=\u00bb4.8.2&#8243; _module_preset=\u00bbdefault\u00bb width_tablet=\u00bb50%\u00bb width_phone=\u00bb70%\u00bb width_last_edited=\u00bbon|phone\u00bb module_alignment=\u00bbcenter\u00bb][et_pb_column type=\u00bb1_3&#8243; _builder_version=\u00bb4.8.2&#8243; _module_preset=\u00bbdefault\u00bb][et_pb_image src=\u00bbhttps:\/\/rethinkbcn.cat\/wp-content\/uploads\/2021\/02\/caixa-1b.jpg\u00bb title_text=\u00bbcaixa-1b\u00bb url=\u00bb\/category\/cicle-1\/\u00bb align=\u00bbcenter\u00bb admin_label=\u00bbCicles per escriptori i m\u00f2bil\u00bb _builder_version=\u00bb4.8.2&#8243; _module_preset=\u00bbdefault\u00bb module_alignment=\u00bbcenter\u00bb][\/et_pb_image][\/et_pb_column][et_pb_column type=\u00bb1_3&#8243; _builder_version=\u00bb4.8.2&#8243; _module_preset=\u00bbdefault\u00bb][et_pb_image src=\u00bbhttps:\/\/rethinkbcn.cat\/wp-content\/uploads\/2021\/02\/caixa-2b.jpg\u00bb title_text=\u00bbcaixa-2b\u00bb align=\u00bbcenter\u00bb _builder_version=\u00bb4.8.2&#8243; _module_preset=\u00bbdefault\u00bb][\/et_pb_image][\/et_pb_column][et_pb_column type=\u00bb1_3&#8243; _builder_version=\u00bb4.8.2&#8243; _module_preset=\u00bbdefault\u00bb][et_pb_image src=\u00bbhttps:\/\/rethinkbcn.cat\/wp-content\/uploads\/2021\/02\/caixa-3b.jpg\u00bb title_text=\u00bbcaixa-3b\u00bb align=\u00bbcenter\u00bb _builder_version=\u00bb4.8.2&#8243; _module_preset=\u00bbdefault\u00bb][\/et_pb_image][\/et_pb_column][\/et_pb_row][et_pb_row column_structure=\u00bb1_3,1_3,1_3&#8243; disabled_on=\u00bbon|off|on\u00bb _builder_version=\u00bb4.8.2&#8243; _module_preset=\u00bbdefault\u00bb width=\u00bb100%\u00bb width_tablet=\u00bb90%\u00bb width_phone=\u00bb70%\u00bb width_last_edited=\u00bbon|tablet\u00bb module_alignment=\u00bbcenter\u00bb custom_margin=\u00bb||-20px||false|false\u00bb][et_pb_column type=\u00bb1_3&#8243; _builder_version=\u00bb4.8.2&#8243; _module_preset=\u00bbdefault\u00bb custom_css_main_element=\u00bbwidth: 33%!important;\u00bb][et_pb_image src=\u00bbhttps:\/\/rethinkbcn.cat\/wp-content\/uploads\/2021\/02\/caixa-1b.jpg\u00bb title_text=\u00bbcaixa-1b\u00bb url=\u00bb\/category\/cicle-1\/\u00bb align=\u00bbcenter\u00bb admin_label=\u00bbCicles per a tablet\u00bb _builder_version=\u00bb4.8.2&#8243; _module_preset=\u00bbdefault\u00bb module_alignment=\u00bbcenter\u00bb][\/et_pb_image][\/et_pb_column][et_pb_column type=\u00bb1_3&#8243; _builder_version=\u00bb4.8.2&#8243; _module_preset=\u00bbdefault\u00bb custom_css_main_element=\u00bbwidth: 33%!important;\u00bb][et_pb_image src=\u00bbhttps:\/\/rethinkbcn.cat\/wp-content\/uploads\/2021\/02\/caixa-2b.jpg\u00bb title_text=\u00bbcaixa-2b\u00bb align=\u00bbcenter\u00bb _builder_version=\u00bb4.8.2&#8243; _module_preset=\u00bbdefault\u00bb][\/et_pb_image][\/et_pb_column][et_pb_column type=\u00bb1_3&#8243; _builder_version=\u00bb4.8.2&#8243; _module_preset=\u00bbdefault\u00bb custom_css_main_element=\u00bbwidth: 33%!important;\u00bb][et_pb_image src=\u00bbhttps:\/\/rethinkbcn.cat\/wp-content\/uploads\/2021\/02\/caixa-3b.jpg\u00bb title_text=\u00bbcaixa-3b\u00bb align=\u00bbcenter\u00bb _builder_version=\u00bb4.8.2&#8243; _module_preset=\u00bbdefault\u00bb][\/et_pb_image][\/et_pb_column][\/et_pb_row][\/et_pb_section]<\/p>\n","protected":false},"excerpt":{"rendered":"<p>El presidente de la comisi\u00f3n ejecutiva del Consejo General del Plan Estrat\u00e9gico Metropolitano de Barcelona (PEMB) establece como prioridades dar respuesta en la emergencia clim\u00e1tica, mejorar la movilidad y trabajar para resolver el problema de la vivienda.<br \/>\n&#8211;<\/p>\n","protected":false},"author":3,"featured_media":4848,"comment_status":"open","ping_status":"open","sticky":false,"template":"","format":"standard","meta":{"_et_pb_use_builder":"on","_et_pb_old_content":"<p>[et_pb_section fb_built=\"1\" disabled_on=\"off|off|off\" _builder_version=\"4.8.2\" _module_preset=\"default\" custom_margin=\"||||false|false\" da_disable_devices=\"off|off|off\" da_is_popup=\"off\" da_exit_intent=\"off\" da_has_close=\"on\" da_alt_close=\"off\" da_dark_close=\"off\" da_not_modal=\"on\" da_is_singular=\"off\" da_with_loader=\"off\" da_has_shadow=\"on\"][et_pb_row _builder_version=\"4.8.1\" _module_preset=\"default\"][et_pb_column type=\"4_4\" _builder_version=\"4.8.1\" _module_preset=\"default\"][et_pb_text admin_label=\"Titular entrada\" _builder_version=\"4.9.0\" _module_preset=\"default\" text_font=\"Averta Light||||||||\" header_font_size=\"36px\" header_4_font=\"Averta regular||||||||\" header_4_font_size=\"20px\" header_4_line_height=\"1.6em\" header_5_line_height=\"1.6em\" header_6_font=\"Averta regular||||||||\" header_6_font_size=\"16px\" header_6_line_height=\"1.2em\" header_font_size_tablet=\"30px\" header_font_size_phone=\"24px\" header_font_size_last_edited=\"on|phone\" header_6_font_size_tablet=\"\" header_6_font_size_phone=\"16px\" header_6_font_size_last_edited=\"on|phone\"]<\/p><h1 style=\"text-align: center;\">JORDI MART\u00cd: \"EN LLOC D'AMPLIAR EL PRAT HEM DE PENSAR M\u00c9S AVIAT EN UN SISTEMA AEROPORTUARI DE PA\u00cdS\"<\/h1><h6 style=\"text-align: center;\">El president de la comissi\u00f3 executiva del Consell General del Pla Estrat\u00e8gic Metropolit\u00e0 de Barcelona (PEMB) estableix com a prioritats donar resposta a l'emerg\u00e8ncia clim\u00e0tica, millorar la mobilitat i treballar per resoldre el problema de l'habitatge.<\/h6><h6 style=\"text-align: center;\">\u00a0<\/h6><p>[\/et_pb_text][et_pb_image src=\"https:\/\/rethinkbcn.cat\/wp-content\/uploads\/2021\/06\/IMG_7218-scaled.jpg\" title_text=\"IMG_7218\" admin_label=\"Imatge entrada\" _builder_version=\"4.9.0\" _module_preset=\"default\"][\/et_pb_image][et_pb_text disabled_on=\"on|on|off\" admin_label=\"Text entrada escriptori\" _builder_version=\"4.9.0\" _module_preset=\"default\" text_font=\"Averta Light||||||||\" header_font_size=\"36px\" header_4_font=\"Averta regular||||||||\" header_4_font_size=\"20px\" header_4_line_height=\"1.6em\" header_5_line_height=\"1.6em\" header_6_font=\"Averta regular||||||||\" header_6_font_size=\"16px\" header_6_line_height=\"1.5em\" hover_enabled=\"0\" header_font_size_tablet=\"30px\" header_font_size_phone=\"24px\" header_font_size_last_edited=\"on|phone\" header_6_font_size_tablet=\"\" header_6_font_size_phone=\"14px\" header_6_font_size_last_edited=\"on|phone\" sticky_enabled=\"0\"]<\/p><p style=\"text-align: justify;\"><strong>per J.M. Mart\u00ed Font<\/strong><\/p><p style=\"text-align: justify;\">De tot l'equip de govern de l\u2019Ajuntament de Barcelona, <strong>Jordi Mart\u00ed Grau<\/strong> (Barcelona, 1965) \u00e9s probablement qui m\u00e9s i millor coneix la Casa Gran. Va ser delegat de Cultura i director de l\u2019Institut de Cultura entre els anys 2007 i 2011, durant el mandat de Jordi Hereu. Va passar a ser el cap de l\u2019oposici\u00f3 poc despr\u00e9s que el convergent Xavier Trias es fes amb l\u2019alcaldia. El maig de 2014, despr\u00e9s de perdre les prim\u00e0ries del PSC a l'alcaldia, va abandonar el partit i va passar a una de les seves escissions sobiranistes: el Moviment d'Esquerres de Barcelona. Quan Ada Colau va guanyar per sorpresa les eleccions el 2015, va fitxar-lo per que es fes c\u00e0rrec de la ger\u00e8ncia, i es va convertir en la persona que va introduir l\u2019univers dels Comuns en els secrets de l\u2019Ajuntament barcelon\u00ed. A les eleccions municipals de 2019 va ser elegit regidor ja per la llista dels Comuns. Actualment \u00e9s <strong>regidor de Presid\u00e8ncia i Hisenda i del Districte de l'Eixample<\/strong>.<br \/>A banda, <strong>presideix la comissi\u00f3 executiva del Consell General del Pla Estrat\u00e8gic Metropolit\u00e0 de Barcelona (PEMB)<\/strong>, l\u2019ens encarregat de elaborar el pla per fer front als reptes urbans de la pr\u00f2xima d\u00e8cada a la gran taca urbana al voltant de Barcelona, l'anomenada Regi\u00f3 metropolitana, que inclou el Barcelon\u00e8s, el Baix Llobregat, els dos Vall\u00e8s, el Maresme i el Pened\u00e8s; 5,1 milions d'habitants repartits entre 164 municipis.<\/p><p style=\"text-align: justify;\"><strong>Quan Ada Colau arriba per primera vegada a l'alcaldia diu que cal crear la gran Barcelona i que ha de tenir un alcalde elegit per votaci\u00f3 popular. Que se\u2019n sap d\u2019aquesta proposta?<\/strong><br \/>Resposta. Per fer-ho, tanmateix, calia modificar la llei, la qual cosa requereix importants majories qualificades. Ara mateix disposem de l\u2019\u00c0rea Metropolitana de Barcelona (AMB) que aplega 36 municipis, perqu\u00e8 fins al 2010 tot el que ten\u00edem era el que va quedar de la Corporaci\u00f3 Metropolitana de Barcelona quan es va dissoldre el 1987; una mena de mancomunitat volunt\u00e0ria per coordinar serveis. Quan es crea l\u2019AMB es pret\u00e9n crear govern, una instituci\u00f3 capa\u00e7 de prendre decisions pol\u00edtiques, no sols de gesti\u00f3. Ara comen\u00e7a a dotar-se d'instrumental de govern, per\u00f2 \u00f2bviament li queda l'etapa pol\u00edtica. Si ha de ser govern, cal poder escollir qui el forma. Pasqual Maragall tenia una idea que em sembla correcta: passar de 35 a 45 ciutats. Ell dividia Barcelona en els 10 districtes que equivaldrien a 10 municipis. D'aquesta manera, es podria elegir l'alcalde o alcaldessa de l'\u00e0rea metropolitana i tamb\u00e9 el del nostre districte o ciutat. \u00c9s el model de Londres. Aquest \u00e9s un dels problemes pol\u00edtics que es dona a totes les grans ciutats. A Par\u00eds, per exemple, el superalcalde de l\u2019Ille de France \u00e9s l'alcalde d'una de les ciutats de la perif\u00e8ria, per\u00f2 qui parla en nom de Par\u00eds \u00e9s Anne Hidalgo. T\u00e9 bastant sentit votar a l'alcalde de l'\u00e0rea metropolitana.<\/p><p style=\"text-align: justify;\"><strong>Hi ha qui diu que quan Jordi Pujol es carrega la Corpo, el que fa \u00e9s aliar-se amb els municipis metropolitans que volen treure's de damunt el suposat jou d'una Barcelona hegem\u00f2nica i volen anar per lliure.<\/strong><br \/>Segurament l\u2019any 1987 molts municipis metropolitans apostaven per singularitzar-se i miraven amb recel un govern metropolit\u00e0 que els prengu\u00e9s sobirania, per\u00f2 en els \u00faltims anys han comen\u00e7at a prendre's decisions que ja s\u00f3n m\u00e9s de govern que de gesti\u00f3, com per exemple la integraci\u00f3 tarif\u00e0ria en tota la Zona 1, la qual cosa suposa que, per a moure's per tota la primera corona, serveix el mateix bitllet. La Barcelona metropolitana seria en realitat la Barcelona delimitada fins on arriba el metro. Per\u00f2 el metro hauria d'haver arribat a molts llocs si s'haguessin complert els terminis. La l\u00ednia 9, pe\u00e7a clau, roman soterrada i es desconeixen fins i tot els costos de tornar a posar en marxa les tuneladores que van quedar en el subs\u00f2l. De moment l\u2019AMB s'est\u00e0 dotant de contingut i ara est\u00e0 redactant un pla de desenvolupament urb\u00e0 (PDU) que fixa les \u00e0rees de centralitat, els grans eixos, les vies verdes, les zones protegides... Aix\u00f2 ja \u00e9s un instrument de govern que obliga a pensar el territori. Succeeix que quan es posa aix\u00f2 sobre la taula: governar un territori, comencen a encongir-se els est\u00f3macs perqu\u00e8 suposa que, en prendre decisions, massa sovint has d'anar a favor i en contra d'alg\u00fa. Si un no \u00e9s m\u00e9s que una administraci\u00f3 ha de donar suma zero, per\u00f2 si \u00e9s un govern, les decisions poden beneficiar el col\u00b7lectiu, per\u00f2 perjudicar una part. Aix\u00f2 \u00e9s el que se solucionaria votant l\u2019alcalde metropolit\u00e0, perqu\u00e8 el legitimaria per a prendre decisions.<\/p><p style=\"text-align: justify;\"><strong>Per\u00f2 ara sembla que el gran projecte de futur ha fet un salt quantitatiu i ja \u00e9s la Regi\u00f3 Metropolitana, un territori amb 5,1 milions d'habitants que viuen en 164 municipis repartits en set comarques: el Barcelon\u00e8s, el Baix Llobregat, els dos Vall\u00e8s, el Maresme i el Pened\u00e8s sobre el qual s\u2019aprov\u00e0 un full de ruta per a l'elaboraci\u00f3 del Pla Estrat\u00e8gic Metropolit\u00e0 de Barcelona (PEMB), que vost\u00e8 presideix.<\/strong><br \/>El pla \u00e9s regi\u00f3. La tradici\u00f3 de plans estrat\u00e8gics va comen\u00e7ar als anys 80. Maragall ja va fer la transformaci\u00f3 d\u2019una ciutat industrial a una de serveis i, naturalment, turisme. Una segona etapa, ja amb Joan Clos, es va fer evident que era necess\u00e0ria un \u00e0rea mes gran perqu\u00e8 els municipis ja s\u2019havien enganxat, ja hi havia una taca urbana, un cont\u00ednuum urb\u00e0. En l\u2019\u00e8poca de Clos es fan dos plans; un \u00e9s el de la Barcelona dels 3,5 milions que proposa recuperar la Corpo, que no s\u2019aconsegueix fins el 2010, quan es produeix la feli\u00e7 coincid\u00e8ncia que al Regne Unit es recupera el Gran Londres, que tamb\u00e9 se l\u2019havia carregat Margaret Thatcher a l\u2019\u00e8poca. Aquest pla acabava el 2020 aix\u00ed que ara tocava fer un salt d\u2019escala. Tots el ge\u00f2grafs i especialistes coincideixen que la realitat urbana que t\u00e9 una l\u00f2gica de sistema compartit ja no \u00e9s el cont\u00ednuum urb\u00e0, sin\u00f3 el concepte de regi\u00f3 metropolitana a on ja no hi ha, necess\u00e0riament, un cont\u00ednuum urb\u00e0 per\u00f2 s\u00ed relacions estretes, en el sentit que els ciutadans viuen en un municipi, treballen en un altre, fan les seves compres en un altre, etc. Un \u00e0mbit molt diferent del que recordem de quan \u00e9rem petits, quan gaireb\u00e9 mai sort\u00edem del nostre municipi, mentre que ara la mobilitat regional \u00e9s l\u2019habitual. El segon problema \u00e9s el de definir on comen\u00e7a i on acaba la regi\u00f3. La ciutat medieval eren las muralles, la ciutat moderna va ser l\u2019Eixample i els municipis que es van annexionar, despr\u00e9s ve aquesta metr\u00f2poli de finals del segle XX i principis d\u2019aquest que \u00e9s all\u00e0 on acaben les cases i el carrers es fan carreteres... Per\u00f2, com definir la regi\u00f3? Hi ha gent que diu que l\u2019aeroport de Girona entra dins d\u2019aquest concepte, perqu\u00e8 en realitat tal i com l\u2019anuncien al m\u00f3n \u00e9s l\u2019aeroport Barcelona Nord. Nosaltres vam utilitzar el pla que va fer la Generalitat el 2010 quan es va fer la distribuci\u00f3 per vegueries, que \u00e9s la Barcelona del cinc milions, que va des de Vilanova-Vilafranca fins al Maresme, que \u00e9s Matar\u00f3, per\u00f2 com que arriba fins a Malgrat es fa molt mes llarg. I tamb\u00e9 fins al Montseny, Granollers i els dos Vall\u00e8s. Aquesta \u00e9s la realitat administrativa i ara en el que estem treballant \u00e9s en posar d\u2019acord tots els accionistes d\u2019aquesta macrorealitat per comen\u00e7ar a engegar projectes comuns.<\/p><p><img class=\"aligncenter wp-image-8396 size-large\" src=\"https:\/\/rethinkbcn.cat\/wp-content\/uploads\/2021\/06\/IMG_7223-1024x768.jpg\" alt=\"\" width=\"1024\" height=\"768\" \/><\/p><p style=\"text-align: justify;\"><strong>Quins serien el primers objectius, els projectes m\u00e9s necessaris per comen\u00e7ar a posar en marxa aquesta Barcelona dels cinc milions?<\/strong><br \/>La q\u00fcesti\u00f3 seria quina \u00e9s la resposta que s\u2019espera d\u2019aquesta realitat geogr\u00e0fica o quins son els problemes que Barcelona t\u00e9 avui que no es poden resoldre sense aquesta nova dimensi\u00f3. B\u00e0sicament es plantegen tres reptes: l\u2019emerg\u00e8ncia clim\u00e0tica no es pot resoldre si no s\u2019aborda des de el punt de vista de la regi\u00f3 metropolitana; tampoc la mobilitat, si pensem que el municipi de Barcelona cada dia el travessen 370.000 vehicles pel centre de la ciutat i altres 370.000 per les per les dues rondes, el que suposa un percentatge regional molt alt i fa imperatiu resoldre Rodalies i tamb\u00e9 les connexions entre municipis, perqu\u00e8 \u00e9s m\u00e9s dif\u00edcil anar de Vilanova a Rub\u00ed que a Barcelona. Ens queixem sovint del centralisme espanyol per\u00f2 nosaltres tamb\u00e9 tenim una estructura radial i en som addictes a nivell regional. El segon repte \u00e9s l\u2019emerg\u00e8ncia social. La desigualtat ha crescut molt\u00edssim des del 2000, per\u00f2 especialment des de la crisi del 2008, i hi ha un vector, un element central, en aquest problema que \u00e9s l\u2019habitatge. Una planificaci\u00f3 d\u2019habitatge p\u00fablic suficient com per afrontar aquesta crisis i les desigualtats que genera nom\u00e9s es pot fer des d\u2019una escala metropolitana, comen\u00e7ant per la disponibilitat de sol. Els principals eixos de la pobresa, el del Bes\u00f3s i el de la carretera de Collblanc, per exemple, tenen escala metropolitana. El tercer repte \u00e9s, \u00f2bviament, la reactivaci\u00f3 econ\u00f2mica. Hem de trobar s\u00f2l industrial, cl\u00fasters, projecci\u00f3 internacional, i s\u2019ha de fer a nivell de regi\u00f3 metropolitana.<\/p><table class=\" alignright\" style=\"height: 123px; width: 24.515503875968992%; border-collapse: collapse; border-top-width: 2px; border-top-style: solid; border-color: #000000; margin-left: 20px;\" cellspacing=\"15\" cellpadding=\"2\"><tbody><tr style=\"height: 23px;\"><td style=\"width: 100%; height: 23px; border: 2px solid #000;\"><h4>\u201cSi plantegem baixar la mobilitat a la regi\u00f3 metropolitana per reduir les emissions, la distribuci\u00f3 del tr\u00e0fic aeroportuari a Girona i Reus encaixa perfectament perqu\u00e8 tot el turisme que va a la Costa Brava o a La Costa Daurada no hauria de passar per Barcelona ni travessar la regi\u00f3.\u201d<\/h4><\/td><\/tr><\/tbody><\/table><p><strong>Quins resist\u00e8ncies troba aquesta visi\u00f3 de regi\u00f3 metropolitana?<\/strong><br \/>Hi ha menys resist\u00e8ncies que fa uns anys. Quan es va dissoldre la Corpo, \u00e9s veritat que molts ajuntaments van pensar que ja els hi anava b\u00e9, sense la tutela barcelonina o el que ells creien que era aquesta tutela. Sempre que posem el terme sobirania sobre la taula hi ha problemes, i m\u00e9s en aquest pa\u00eds. Per\u00f2 ara la situaci\u00f3 ha canviat amb la pand\u00e8mia. Ara confiem en la resposta europea per tenir les vacunes, per exemple. Hem hagut de passar una pand\u00e8mia perqu\u00e8 els estats cedissin una part de la seva sobirania. Sempre hi ha tensions, i en l\u2019\u00e0mbit local, en el metropolit\u00e0 passa igual, per\u00f2 no \u00e9s un fenomen exclusivament barcelon\u00ed. A Par\u00eds i Londres s\u2019escolta el mateix. Els petits sempre es queixen que tot s\u2019ho end\u00fa el gros, encara que ara menys, perqu\u00e8 qualsevol alcalde d\u2019una gran \u00e0rea metropolitana, nom\u00e9s mirant el mapa, se n\u2019adona que tot sol no pot resoldre els problemes dels seus conciutadans. Barcelona, a m\u00e9s, sigui el cont\u00ednuum urb\u00e0 dels 36 o aquesta regi\u00f3 dels 164 municipis, t\u00e9 una avantatge que consisteix en que a cada una d\u2019aquestes unitats hi ha un centre urb\u00e0, un campanar, una pla\u00e7a major i un ajuntament, i aix\u00f2 fa que hi hagi un nivell important d\u2019identitat local, de cohesi\u00f3. Si ho comparem, per exemple, amb una ciutat amb la que sempre ens mirem com \u00e9s Madrid, que Franco va unificar als anys seixanta creant la ciutat de les 600 hect\u00e0rees, queda clar que, malgrat que t\u00e9 elements molt potents, la seva estructura urbana \u00e9s molt m\u00e9s fr\u00e0gil i hi ha una predominant relaci\u00f3 centre-perif\u00e8ria, mentre que nosaltres tenim molts m\u00e9s centres, uns m\u00e9s potents que d\u2019altres. La gran Barcelona \u00e9s una ciutat polic\u00e8ntrica i probablement l\u2019etapa de senyalar las particularitats, l\u2019urbanisme, l\u2019espai p\u00fablic, ja est\u00e0 feta, i ara els grans objectius han deixat de tenir fronteres entre municipis.<\/p><p><strong>En aquest sentit, quines serien les infraestructures m\u00e9s urgents en aquests moments?<\/strong><br \/>La millora de les connexions del transport p\u00fablic seria l\u2019objectiu prioritari, i en la meva opini\u00f3 les connexions no radials ferrovi\u00e0ries. Necessitem des de fa temps una orbital ferrovi\u00e0ria que enllaci totes les ciutats de l\u2019arc metropolit\u00e0. \u00c9s una infraestructura molt important, com sempre ens agrada fer grans projectes, per\u00f2 tamb\u00e9 hi ha m\u00e9s petites, com la connexi\u00f3 ferrovi\u00e0ria entre els dos Vall\u00e8s. En el terreny de les infraestructures hi ha molta feina a fer i seria molt important que en les inversions del fons Next Generation, les Rodalies tinguessin un paper destacat. La protecci\u00f3 de tots els parcs agraris de Barcelona i una estrat\u00e8gia conjunta. Pensar una estrat\u00e8gia compartida entre tots els centres de recerca i com els ubiquem en el territori, perqu\u00e8 ara no ho tenim pensat, van escampant-se encara que, malgrat tot, estan prou distribu\u00efts.<\/p><p><strong>Com esta el tema de l\u2019ampliaci\u00f3 de l\u2019aeroport?<\/strong><br \/>Per la regi\u00f3 metropolitana \u00e9s important\u00edssim tenir un aeroport Hub amb connexions internacionals i capacitat de ser un dels aeroports bandera del Sud d\u2019Europa. Crec que en aix\u00f2 hi ha consens total. El dubte \u00e9s on han d\u2019anar les inversions de millora de l\u2019aeroport actual. Si han de anar cap al creixement del nombre de passatgers, o b\u00e9 han cap a la millora de qualitat d\u2019aquest passatgers. En el fons, el debat de l\u2019aeroport el podr\u00edem traslladar al debat conjunt de la regi\u00f3 metropolitana. \u00c9s com a las empreses, hi ha moments en qu\u00e8 han de prendre una decisi\u00f3 estrat\u00e8gica; si van cap al creixement o cap a la qualitat; m\u00e9s quantitat amb marges m\u00e9s petits o menys quantitat i m\u00e9s qualitat amb marges m\u00e9s grossos. \u00c9s el debat del turisme, el debat de la ind\u00fastria, el debat de l\u2019alimentaci\u00f3, \u00e9s un debat que travessa moltes coses. Nosaltres hem tingut una burgesia industrial que en un moment donat va descobrir que el turisme era un mann\u00e0, perqu\u00e8 era molt mes f\u00e0cil muntar un hotel que una empresa per produir qualsevol tipus de b\u00e9 i que, a m\u00e9s, tenia la rendibilitat garantida. Els temps que venen exigeixen un canvi de mentalitat important. No es tracta de no cr\u00e9ixer amb generaci\u00f3 de riquesa, sin\u00f3 que el creixement es produeixi a trav\u00e9s d\u2019augmentar el valor afegit, no el nombre.<\/p><p><strong>La pand\u00e8mia va arribar en un moment en qu\u00e8 el model del turisme estava en crisi i plantejava tota mena de dubtes. T\u00e9 refer\u00e8ncies sobre com est\u00e0 reaccionant el sector?<\/strong><br \/>El sector est\u00e0 en una situaci\u00f3 delicad\u00edssima, amb caigudes del 70% al 90%, i fem tot el possible perqu\u00e8 aquesta gent surti endavant al m\u00e9s aviat possible. El que diuen els experts \u00e9s que hi haur\u00e0 una recuperaci\u00f3 relativament r\u00e0pida si es dona una condici\u00f3: seguretat sanit\u00e0ria. Ning\u00fa sap quan aix\u00f2 ser\u00e0. El turisme ha de tornar a Barcelona per una ra\u00f3 b\u00e0sica: no ens podem permetre perdre\u2019l ja que \u00e9s un 15 o 16% del PIB. La q\u00fcesti\u00f3 es planteja a mig i llarg termini. Necessitem un model econ\u00f2mic m\u00e9s diversificat. Barcelona no ha de ser una ciutat tur\u00edstica. Ara ho \u00e9s, com Roma. Per\u00f2 ni Madrid, ni Londres ni tan sols Par\u00eds s\u00f3n ciutats tur\u00edstiques, s\u00f3n ciutats amb turisme. Cal deixar de ser una ciutat tur\u00edstica per a ser una altra cosa. Cal determinar quines s\u00f3n las apostes estrat\u00e8giques que fem perqu\u00e8 progressivament el nostre creixement vagi m\u00e9s en termes qualitatius que quantitatius, i aqu\u00ed \u00e9s on col\u00b7loco el debat de l\u2019aeroport, i en la meva opini\u00f3, si volem transformar el model, en lloc d\u2019ampliar el Prat hem de pensar en un sistema aeroportuari m\u00e9s de pa\u00eds. Si volem apostar per la qualitat hem de rebaixar substancialment els vols curts. Si fem aix\u00f2 hi ha marge per cr\u00e9ixer com a Hub. Si es tracta d\u2019apostar per la qualitat hem de fer la terminal sat\u00e8l\u00b7lit per donar millor acollida. El debat sobre l\u2019aeroport \u00e9s important perqu\u00e8 t\u00e9 un valor simb\u00f2lic. Quan es pret\u00e9n donar un canvi tan important al model, el que fas amb la pe\u00e7a central es constitueix amb el referent. Si plantegem baixar una mica la mobilitat a la regi\u00f3 metropolitana per reduir les emissions, que \u00e9s un dels grans problemes, la distribuci\u00f3 del tr\u00e0fic aeroportuari a Girona i Reus, encaixa perfectament perqu\u00e8 tot el turisme que va a la Costa Brava o a La Costa Daurada, no tindria perqu\u00e8 passar per Barcelona ni travessar la regi\u00f3 metropolitana. \u00c9s comprensible que per a AENA, en termes empresarials, el que l\u2019interessa \u00e9s potenciar El Prat, perqu\u00e8 \u00e9s on fa el negoci important.<\/p><p><img class=\"aligncenter wp-image-8398 size-large\" src=\"https:\/\/rethinkbcn.cat\/wp-content\/uploads\/2021\/06\/IMG_7226-1024x768.jpg\" alt=\"\" width=\"1024\" height=\"768\" \/><\/p><p><strong>El cas \u00e9s que a Barcelona hi una situaci\u00f3 molt particular en refer\u00e8ncia a les connexions, el que \u00e9s el triangle aeroport, port i connexi\u00f3 ferrovi\u00e0ria.<\/strong><br \/>\u00c9s important tenir aquesta plataforma log\u00edstica, cert. Per\u00f2 tinc els meus dubtes sobre que hi hagi masses sin\u00e8rgies en aquest triangle. Hi ha una molt important que s\u00f3n els creuers. En quant al transport ferroviari es troba encara en un estadi molt incipient i caldria potenciar-lo. De Barcelona surten encara masses camions i \u00e9s urgent disposar de la terminal de contenidors per poder utilitzar aquestes autopistes ferrovi\u00e0ries i descongestionar el transport per carretera. De fet, hi ha projectes molt avan\u00e7ats en aquest sentit. Insisteixo que en aquest moment es necessita un canvi global, aix\u00f2 no vol dir que deixarem de tenir turisme.<\/p><p><strong>Com est\u00e0 el tema de la pacificaci\u00f3, de les illes verdes, que continua generant pol\u00e8mica? Imagino que esta al corrent de les opinions de l\u2019arquitecte Josep Antoni Acebillo, concretament sobre l\u2019empobriment dels centres urbans quan es disminueix la mobilitat al seu entorn.<\/strong><br \/>Vols dir quan es treuen els cotxes, oi? Doncs tal vegada podr\u00edem tornar a fer passar els cotxes pel Portal de l\u2019Angel. Preguntem-nos com s\u2019ha empobrit aquest carrer que en aquest moment \u00e9s un dels que t\u00e9 els lloguers m\u00e9s cars d\u2019Espanya. Crec que \u00e9s una visi\u00f3 antiga, sense cap element cient\u00edfic o te\u00f2ric que demostri que la pacificaci\u00f3 del tr\u00e0nsit empobreix el comer\u00e7 o redueix les possibilitats econ\u00f2miques. El que fem no \u00e9s a\u00efllar ni treure la mobilitat, es tracta de canviar-la per altres formes de mobilitat m\u00e9s eficients i sostenibles des del punt de vista de la contaminaci\u00f3. A Barcelona hi ha mil morts anuals a causa de la contaminaci\u00f3 de l\u2019aire, segons les autoritats sanit\u00e0ries. Aquest \u00e9s el tema i s\u2019ha de revertir. Crec que el debat que enfronta ecologia i economia, sigui per pacificar o sigui per l\u2019aeroport, \u00e9s un debat fals, perqu\u00e8 si Barcelona vol ser una ciutat de start ups, els impulsors d\u2019aquest tipus d'emprenedoria els agraden les ciutats pacificades.<\/p><p><strong>Qu\u00e8 passar\u00e0 amb tot aquest urbanisme t\u00e0ctic que han instal\u00b7lat durant la pand\u00e8mia?<\/strong><br \/>Estem just en el punt de transformar el que s'ha anomenat urbanisme t\u00e0ctic en estructural. L'urbanisme t\u00e0ctic \u00e9s b\u00e0sicament una s\u00e8rie de provatures sobre la ciutat per veure com funcionen i despr\u00e9s consolidar-les estructuralment. Reconec que tal vegada ens hem passat una mica de frenada, per\u00f2 en bona part \u00e9s degut a l\u2019efecte de la pand\u00e8mia i els confinaments, i de com es va fer. Donar espai per terrasses als bars amb la utilitzaci\u00f3 de les barreres New Jersey ha generat un impacte visual bastant negatiu, una mol\u00e8stia est\u00e8tica. Per\u00f2 hi ha elements de pijtor gust a la ciutat. Barcelona t\u00e9 millor urbanisme que arquitectura. Les nostres fa\u00e7anes s\u00f3n justetes, no com Par\u00eds, que t\u00e9 un p\u00e8ssim urbanisme, per\u00f2 unes fa\u00e7anes espectaculars, mentre que Berl\u00edn \u00e9s fe\u00edsta, per\u00f2 s'assumeix perqu\u00e8 \u00e9s aix\u00ed. En canvi aqu\u00ed som m\u00e9s burgesets. Tot pren temps, les ciutats necessiten temps, no es poden fer de pressa.<\/p><p><strong>Com ha quedat el projecte de les superilles?<\/strong><br \/>L\u2019objectiu \u00e9s convertir un eix de cada tres verd. El proc\u00e9s de retirar cotxes de la ciutat nom\u00e9s es feia als barris antics. Ara farem Consell de Cent, Rocafort i Girona, perqu\u00e8 es vagi visibilitzant. Cal baixar un 25% la mobilitat privada del cotxe. Clar que aix\u00f2 exigeix que Rodalies funcioni, que s'acabi la l\u00ednia 9 i que el tramvia de la Diagonal funcioni com a eix de dalt a baix. Aix\u00f2 hauria d'ajudar al canvi econ\u00f2mic. Els Comuns hem acabat fent el que el PSC no s'atrevia a fer.<\/p><p>[\/et_pb_text][et_pb_text disabled_on=\"off|off|on\" admin_label=\"Text entrada tablet i m\u00f2bil\" _builder_version=\"4.9.0\" _module_preset=\"default\" text_font=\"Averta Light||||||||\" header_font=\"Averta regular||||||||\" header_font_size=\"36px\" header_4_font=\"Averta regular||||||||\" header_4_line_height=\"1.2em\" hover_enabled=\"0\" header_font_size_tablet=\"30px\" header_font_size_phone=\"24px\" header_font_size_last_edited=\"on|phone\" sticky_enabled=\"0\"]<\/p><p style=\"text-align: justify;\"><strong>per J.M. Mart\u00ed Font<\/strong><\/p><p style=\"text-align: justify;\">De tot l'equip de govern de l\u2019Ajuntament de Barcelona, <strong>Jordi Mart\u00ed Grau<\/strong> (Barcelona, 1965) \u00e9s probablement qui m\u00e9s i millor coneix la Casa Gran. Va ser delegat de Cultura i director de l\u2019Institut de Cultura entre els anys 2007 i 2011, durant el mandat de Jordi Hereu. Va passar a ser el cap de l\u2019oposici\u00f3 poc despr\u00e9s que el convergent Xavier Trias es fes amb l\u2019alcaldia. El maig de 2014, despr\u00e9s de perdre les prim\u00e0ries del PSC a l'alcaldia, va abandonar el partit i va passar a una de les seves escissions sobiranistes: el Moviment d'Esquerres de Barcelona. Quan Ada Colau va guanyar per sorpresa les eleccions el 2015, va fitxar-lo per que es fes c\u00e0rrec de la ger\u00e8ncia, i es va convertir en la persona que va introduir l\u2019univers dels Comuns en els secrets de l\u2019Ajuntament barcelon\u00ed. A les eleccions municipals de 2019 va ser elegit regidor ja per la llista dels Comuns. Actualment \u00e9s <strong>regidor de Presid\u00e8ncia i Hisenda i del Districte de l'Eixample<\/strong>.<br \/>A banda, <strong>presideix la comissi\u00f3 executiva del Consell General del Pla Estrat\u00e8gic Metropolit\u00e0 de Barcelona (PEMB)<\/strong>, l\u2019ens encarregat de elaborar el pla per fer front als reptes urbans de la pr\u00f2xima d\u00e8cada a la gran taca urbana al voltant de Barcelona, l'anomenada Regi\u00f3 metropolitana, que inclou el Barcelon\u00e8s, el Baix Llobregat, els dos Vall\u00e8s, el Maresme i el Pened\u00e8s; 5,1 milions d'habitants repartits entre 164 municipis.<\/p><p style=\"text-align: justify;\"><strong>Quan Ada Colau arriba per primera vegada a l'alcaldia diu que cal crear la gran Barcelona i que ha de tenir un alcalde elegit per votaci\u00f3 popular. Que se\u2019n sap d\u2019aquesta proposta?<\/strong><br \/>Resposta. Per fer-ho, tanmateix, calia modificar la llei, la qual cosa requereix importants majories qualificades. Ara mateix disposem de l\u2019\u00c0rea Metropolitana de Barcelona (AMB) que aplega 36 municipis, perqu\u00e8 fins al 2010 tot el que ten\u00edem era el que va quedar de la Corporaci\u00f3 Metropolitana de Barcelona quan es va dissoldre el 1987; una mena de mancomunitat volunt\u00e0ria per coordinar serveis. Quan es crea l\u2019AMB es pret\u00e9n crear govern, una instituci\u00f3 capa\u00e7 de prendre decisions pol\u00edtiques, no sols de gesti\u00f3. Ara comen\u00e7a a dotar-se d'instrumental de govern, per\u00f2 \u00f2bviament li queda l'etapa pol\u00edtica. Si ha de ser govern, cal poder escollir qui el forma. Pasqual Maragall tenia una idea que em sembla correcta: passar de 35 a 45 ciutats. Ell dividia Barcelona en els 10 districtes que equivaldrien a 10 municipis. D'aquesta manera, es podria elegir l'alcalde o alcaldessa de l'\u00e0rea metropolitana i tamb\u00e9 el del nostre districte o ciutat. \u00c9s el model de Londres. Aquest \u00e9s un dels problemes pol\u00edtics que es dona a totes les grans ciutats. A Par\u00eds, per exemple, el superalcalde de l\u2019Ille de France \u00e9s l'alcalde d'una de les ciutats de la perif\u00e8ria, per\u00f2 qui parla en nom de Par\u00eds \u00e9s Anne Hidalgo. T\u00e9 bastant sentit votar a l'alcalde de l'\u00e0rea metropolitana.<\/p><p style=\"text-align: justify;\"><strong>Hi ha qui diu que quan Jordi Pujol es carrega la Corpo, el que fa \u00e9s aliar-se amb els municipis metropolitans que volen treure's de damunt el suposat jou d'una Barcelona hegem\u00f2nica i volen anar per lliure.<\/strong><br \/>Segurament l\u2019any 1987 molts municipis metropolitans apostaven per singularitzar-se i miraven amb recel un govern metropolit\u00e0 que els prengu\u00e9s sobirania, per\u00f2 en els \u00faltims anys han comen\u00e7at a prendre's decisions que ja s\u00f3n m\u00e9s de govern que de gesti\u00f3, com per exemple la integraci\u00f3 tarif\u00e0ria en tota la Zona 1, la qual cosa suposa que, per a moure's per tota la primera corona, serveix el mateix bitllet. La Barcelona metropolitana seria en realitat la Barcelona delimitada fins on arriba el metro. Per\u00f2 el metro hauria d'haver arribat a molts llocs si s'haguessin complert els terminis. La l\u00ednia 9, pe\u00e7a clau, roman soterrada i es desconeixen fins i tot els costos de tornar a posar en marxa les tuneladores que van quedar en el subs\u00f2l. De moment l\u2019AMB s'est\u00e0 dotant de contingut i ara est\u00e0 redactant un pla de desenvolupament urb\u00e0 (PDU) que fixa les \u00e0rees de centralitat, els grans eixos, les vies verdes, les zones protegides... Aix\u00f2 ja \u00e9s un instrument de govern que obliga a pensar el territori. Succeeix que quan es posa aix\u00f2 sobre la taula: governar un territori, comencen a encongir-se els est\u00f3macs perqu\u00e8 suposa que, en prendre decisions, massa sovint has d'anar a favor i en contra d'alg\u00fa. Si un no \u00e9s m\u00e9s que una administraci\u00f3 ha de donar suma zero, per\u00f2 si \u00e9s un govern, les decisions poden beneficiar el col\u00b7lectiu, per\u00f2 perjudicar una part. Aix\u00f2 \u00e9s el que se solucionaria votant l\u2019alcalde metropolit\u00e0, perqu\u00e8 el legitimaria per a prendre decisions.<\/p><p style=\"text-align: justify;\"><strong>Per\u00f2 ara sembla que el gran projecte de futur ha fet un salt quantitatiu i ja \u00e9s la Regi\u00f3 Metropolitana, un territori amb 5,1 milions d'habitants que viuen en 164 municipis repartits en set comarques: el Barcelon\u00e8s, el Baix Llobregat, els dos Vall\u00e8s, el Maresme i el Pened\u00e8s sobre el qual s\u2019aprov\u00e0 un full de ruta per a l'elaboraci\u00f3 del Pla Estrat\u00e8gic Metropolit\u00e0 de Barcelona (PEMB), que vost\u00e8 presideix.<\/strong><br \/>El pla \u00e9s regi\u00f3. La tradici\u00f3 de plans estrat\u00e8gics va comen\u00e7ar als anys 80. Maragall ja va fer la transformaci\u00f3 d\u2019una ciutat industrial a una de serveis i, naturalment, turisme. Una segona etapa, ja amb Joan Clos, es va fer evident que era necess\u00e0ria un \u00e0rea mes gran perqu\u00e8 els municipis ja s\u2019havien enganxat, ja hi havia una taca urbana, un cont\u00ednuum urb\u00e0. En l\u2019\u00e8poca de Clos es fan dos plans; un \u00e9s el de la Barcelona dels 3,5 milions que proposa recuperar la Corpo, que no s\u2019aconsegueix fins el 2010, quan es produeix la feli\u00e7 coincid\u00e8ncia que al Regne Unit es recupera el Gran Londres, que tamb\u00e9 se l\u2019havia carregat Margaret Thatcher a l\u2019\u00e8poca. Aquest pla acabava el 2020 aix\u00ed que ara tocava fer un salt d\u2019escala. Tots el ge\u00f2grafs i especialistes coincideixen que la realitat urbana que t\u00e9 una l\u00f2gica de sistema compartit ja no \u00e9s el cont\u00ednuum urb\u00e0, sin\u00f3 el concepte de regi\u00f3 metropolitana a on ja no hi ha, necess\u00e0riament, un cont\u00ednuum urb\u00e0 per\u00f2 s\u00ed relacions estretes, en el sentit que els ciutadans viuen en un municipi, treballen en un altre, fan les seves compres en un altre, etc. Un \u00e0mbit molt diferent del que recordem de quan \u00e9rem petits, quan gaireb\u00e9 mai sort\u00edem del nostre municipi, mentre que ara la mobilitat regional \u00e9s l\u2019habitual. El segon problema \u00e9s el de definir on comen\u00e7a i on acaba la regi\u00f3. La ciutat medieval eren las muralles, la ciutat moderna va ser l\u2019Eixample i els municipis que es van annexionar, despr\u00e9s ve aquesta metr\u00f2poli de finals del segle XX i principis d\u2019aquest que \u00e9s all\u00e0 on acaben les cases i el carrers es fan carreteres... Per\u00f2, com definir la regi\u00f3? Hi ha gent que diu que l\u2019aeroport de Girona entra dins d\u2019aquest concepte, perqu\u00e8 en realitat tal i com l\u2019anuncien al m\u00f3n \u00e9s l\u2019aeroport Barcelona Nord. Nosaltres vam utilitzar el pla que va fer la Generalitat el 2010 quan es va fer la distribuci\u00f3 per vegueries, que \u00e9s la Barcelona del cinc milions, que va des de Vilanova-Vilafranca fins al Maresme, que \u00e9s Matar\u00f3, per\u00f2 com que arriba fins a Malgrat es fa molt mes llarg. I tamb\u00e9 fins al Montseny, Granollers i els dos Vall\u00e8s. Aquesta \u00e9s la realitat administrativa i ara en el que estem treballant \u00e9s en posar d\u2019acord tots els accionistes d\u2019aquesta macrorealitat per comen\u00e7ar a engegar projectes comuns.<\/p><p><img class=\"aligncenter wp-image-8396 size-large\" src=\"https:\/\/rethinkbcn.cat\/wp-content\/uploads\/2021\/06\/IMG_7223-1024x768.jpg\" alt=\"\" width=\"1024\" height=\"768\" \/><\/p><p style=\"text-align: justify;\"><strong>Quins serien el primers objectius, els projectes m\u00e9s necessaris per comen\u00e7ar a posar en marxa aquesta Barcelona dels cinc milions?<\/strong><br \/>La q\u00fcesti\u00f3 seria quina \u00e9s la resposta que s\u2019espera d\u2019aquesta realitat geogr\u00e0fica o quins son els problemes que Barcelona t\u00e9 avui que no es poden resoldre sense aquesta nova dimensi\u00f3. B\u00e0sicament es plantegen tres reptes: l\u2019emerg\u00e8ncia clim\u00e0tica no es pot resoldre si no s\u2019aborda des de el punt de vista de la regi\u00f3 metropolitana; tampoc la mobilitat, si pensem que el municipi de Barcelona cada dia el travessen 370.000 vehicles pel centre de la ciutat i altres 370.000 per les per les dues rondes, el que suposa un percentatge regional molt alt i fa imperatiu resoldre Rodalies i tamb\u00e9 les connexions entre municipis, perqu\u00e8 \u00e9s m\u00e9s dif\u00edcil anar de Vilanova a Rub\u00ed que a Barcelona. Ens queixem sovint del centralisme espanyol per\u00f2 nosaltres tamb\u00e9 tenim una estructura radial i en som addictes a nivell regional. El segon repte \u00e9s l\u2019emerg\u00e8ncia social. La desigualtat ha crescut molt\u00edssim des del 2000, per\u00f2 especialment des de la crisi del 2008, i hi ha un vector, un element central, en aquest problema que \u00e9s l\u2019habitatge. Una planificaci\u00f3 d\u2019habitatge p\u00fablic suficient com per afrontar aquesta crisis i les desigualtats que genera nom\u00e9s es pot fer des d\u2019una escala metropolitana, comen\u00e7ant per la disponibilitat de sol. Els principals eixos de la pobresa, el del Bes\u00f3s i el de la carretera de Collblanc, per exemple, tenen escala metropolitana. El tercer repte \u00e9s, \u00f2bviament, la reactivaci\u00f3 econ\u00f2mica. Hem de trobar s\u00f2l industrial, cl\u00fasters, projecci\u00f3 internacional, i s\u2019ha de fer a nivell de regi\u00f3 metropolitana.<\/p><table class=\" alignright\" style=\"height: 104px; width: 99.9054%; border-collapse: collapse; border-top: 2px solid #000000; border-right-color: #000000; border-bottom-color: #000000; border-left-color: #000000; margin-left: 20px;\" cellspacing=\"15\" cellpadding=\"2\"><tbody><tr style=\"height: 23px;\"><td style=\"width: 100%; height: 23px; border: 2px solid #000;\"><h4 style=\"text-align: center;\">\"Si plantegem baixar la mobilitat a la regi\u00f3 metropolitana per reduir les emissions, la distribuci\u00f3 del tr\u00e0fic aeroportuari a Girona i Reus encaixa perfectament perqu\u00e8 tot el turisme que va a la Costa Brava o La Costa Daurada no hauria de passar per Barcelona ni travessar la regi\u00f3.\u201d<\/h4><\/td><\/tr><\/tbody><\/table><p>\u00a0<\/p><p>\u00a0<\/p><p>\u00a0<\/p><p><strong>Quins resist\u00e8ncies troba aquesta visi\u00f3 de regi\u00f3 metropolitana?<\/strong><br \/>R. Hi ha menys resist\u00e8ncies que fa uns anys. Quan es va dissoldre la Corpo, \u00e9s veritat que molts ajuntaments van pensar que ja els hi anava b\u00e9, sense la tutela barcelonina o el que ells creien que era aquesta tutela. Sempre que posem el terme sobirania sobre la taula hi ha problemes, i m\u00e9s en aquest pa\u00eds. Per\u00f2 ara la situaci\u00f3 ha canviat amb la pand\u00e8mia. Ara confiem en la resposta europea per tenir les vacunes, per exemple. Hem hagut de passar una pand\u00e8mia perqu\u00e8 els estats cedissin una part de la seva sobirania. Sempre hi ha tensions, i en l\u2019\u00e0mbit local, en el metropolit\u00e0 passa igual, per\u00f2 no \u00e9s un fenomen exclusivament barcelon\u00ed. A Par\u00eds i Londres s\u2019escolta el mateix. Els petits sempre es queixen que tot s\u2019ho end\u00fa el gros, encara que ara menys, perqu\u00e8 qualsevol alcalde d\u2019una gran \u00e0rea metropolitana, nom\u00e9s mirant el mapa, se n\u2019adona que tot sol no pot resoldre els problemes dels seus conciutadans. Barcelona, a m\u00e9s, sigui el cont\u00ednuum urb\u00e0 dels 36 o aquesta regi\u00f3 dels 164 municipis, t\u00e9 una avantatge que consisteix en que a cada una d\u2019aquestes unitats hi ha un centre urb\u00e0, un campanar, una pla\u00e7a major i un ajuntament, i aix\u00f2 fa que hi hagi un nivell important d\u2019identitat local, de cohesi\u00f3. Si ho comparem, per exemple, amb una ciutat amb la que sempre ens mirem com \u00e9s Madrid, que Franco va unificar als anys seixanta creant la ciutat de les 600 hect\u00e0rees, queda clar que, malgrat que t\u00e9 elements molt potents, la seva estructura urbana \u00e9s molt m\u00e9s fr\u00e0gil i hi ha una predominant relaci\u00f3 centre-perif\u00e8ria, mentre que nosaltres tenim molts m\u00e9s centres, uns m\u00e9s potents que d\u2019altres. La gran Barcelona \u00e9s una ciutat polic\u00e8ntrica i probablement l\u2019etapa de senyalar las particularitats, l\u2019urbanisme, l\u2019espai p\u00fablic, ja est\u00e0 feta, i ara els grans objectius han deixat de tenir fronteres entre municipis.<\/p><p><strong>En aquest sentit, quines serien les infraestructures m\u00e9s urgents en aquests moments?<\/strong><br \/>La millora de les connexions del transport p\u00fablic seria l\u2019objectiu prioritari, i en la meva opini\u00f3 les connexions no radials ferrovi\u00e0ries. Necessitem des de fa temps una orbital ferrovi\u00e0ria que enllaci totes les ciutats de l\u2019arc metropolit\u00e0. \u00c9s una infraestructura molt important, com sempre ens agrada fer grans projectes, per\u00f2 tamb\u00e9 hi ha m\u00e9s petites, com la connexi\u00f3 ferrovi\u00e0ria entre els dos Vall\u00e8s. En el terreny de les infraestructures hi ha molta feina a fer i seria molt important que en les inversions del fons Next Generation, les Rodalies tinguessin un paper destacat. La protecci\u00f3 de tots els parcs agraris de Barcelona i una estrat\u00e8gia conjunta. Pensar una estrat\u00e8gia compartida entre tots els centres de recerca i com els ubiquem en el territori, perqu\u00e8 ara no ho tenim pensat, van escampant-se encara que, malgrat tot, estan prou distribu\u00efts.<\/p><p><strong>Com esta el tema de l\u2019ampliaci\u00f3 de l\u2019aeroport?<\/strong><br \/>Per la regi\u00f3 metropolitana \u00e9s important\u00edssim tenir un aeroport Hub amb connexions internacionals i capacitat de ser un dels aeroports bandera del Sud d\u2019Europa. Crec que en aix\u00f2 hi ha consens total. El dubte \u00e9s on han d\u2019anar les inversions de millora de l\u2019aeroport actual. Si han de anar cap al creixement del nombre de passatgers, o b\u00e9 han cap a la millora de qualitat d\u2019aquest passatgers. En el fons, el debat de l\u2019aeroport el podr\u00edem traslladar al debat conjunt de la regi\u00f3 metropolitana. \u00c9s com a las empreses, hi ha moments en qu\u00e8 han de prendre una decisi\u00f3 estrat\u00e8gica; si van cap al creixement o cap a la qualitat; m\u00e9s quantitat amb marges m\u00e9s petits o menys quantitat i m\u00e9s qualitat amb marges m\u00e9s grossos. \u00c9s el debat del turisme, el debat de la ind\u00fastria, el debat de l\u2019alimentaci\u00f3, \u00e9s un debat que travessa moltes coses. Nosaltres hem tingut una burgesia industrial que en un moment donat va descobrir que el turisme era un mann\u00e0, perqu\u00e8 era molt mes f\u00e0cil muntar un hotel que una empresa per produir qualsevol tipus de b\u00e9 i que, a m\u00e9s, tenia la rendibilitat garantida. Els temps que venen exigeixen un canvi de mentalitat important. No es tracta de no cr\u00e9ixer amb generaci\u00f3 de riquesa, sin\u00f3 que el creixement es produeixi a trav\u00e9s d\u2019augmentar el valor afegit, no el nombre.<\/p><p><strong>La pand\u00e8mia va arribar en un moment en qu\u00e8 el model del turisme estava en crisi i plantejava tota mena de dubtes. T\u00e9 refer\u00e8ncies sobre com est\u00e0 reaccionant el sector?<\/strong><br \/>El sector est\u00e0 en una situaci\u00f3 delicad\u00edssima, amb caigudes del 70% al 90%, i fem tot el possible perqu\u00e8 aquesta gent surti endavant al m\u00e9s aviat possible. El que diuen els experts \u00e9s que hi haur\u00e0 una recuperaci\u00f3 relativament r\u00e0pida si es dona una condici\u00f3: seguretat sanit\u00e0ria. Ning\u00fa sap quan aix\u00f2 ser\u00e0. El turisme ha de tornar a Barcelona per una ra\u00f3 b\u00e0sica: no ens podem permetre perdre\u2019l ja que \u00e9s un 15 o 16% del PIB. La q\u00fcesti\u00f3 es planteja a mig i llarg termini. Necessitem un model econ\u00f2mic m\u00e9s diversificat. Barcelona no ha de ser una ciutat tur\u00edstica. Ara ho \u00e9s, com Roma. Per\u00f2 ni Madrid, ni Londres ni tan sols Par\u00eds s\u00f3n ciutats tur\u00edstiques, s\u00f3n ciutats amb turisme. Cal deixar de ser una ciutat tur\u00edstica per a ser una altra cosa. Cal determinar quines s\u00f3n las apostes estrat\u00e8giques que fem perqu\u00e8 progressivament el nostre creixement vagi m\u00e9s en termes qualitatius que quantitatius, i aqu\u00ed \u00e9s on col\u00b7loco el debat de l\u2019aeroport, i en la meva opini\u00f3, si volem transformar el model, en lloc d\u2019ampliar el Prat hem de pensar en un sistema aeroportuari m\u00e9s de pa\u00eds. Si volem apostar per la qualitat hem de rebaixar substancialment els vols curts. Si fem aix\u00f2 hi ha marge per cr\u00e9ixer com a Hub. Si es tracta d\u2019apostar per la qualitat hem de fer la terminal sat\u00e8l\u00b7lit per donar millor acollida. El debat sobre l\u2019aeroport \u00e9s important perqu\u00e8 t\u00e9 un valor simb\u00f2lic. Quan es pret\u00e9n donar un canvi tan important al model, el que fas amb la pe\u00e7a central es constitueix amb el referent. Si plantegem baixar una mica la mobilitat a la regi\u00f3 metropolitana per reduir les emissions, que \u00e9s un dels grans problemes, la distribuci\u00f3 del tr\u00e0fic aeroportuari a Girona i Reus, encaixa perfectament perqu\u00e8 tot el turisme que va a la Costa Brava o a La Costa Daurada, no tindria perqu\u00e8 passar per Barcelona ni travessar la regi\u00f3 metropolitana. \u00c9s comprensible que per a AENA, en termes empresarials, el que l\u2019interessa \u00e9s potenciar El Prat, perqu\u00e8 \u00e9s on fa el negoci important.<\/p><p><img class=\"aligncenter wp-image-8398 size-large\" src=\"https:\/\/rethinkbcn.cat\/wp-content\/uploads\/2021\/06\/IMG_7226-1024x768.jpg\" alt=\"\" width=\"1024\" height=\"768\" \/><\/p><p><strong>El cas \u00e9s que a Barcelona hi una situaci\u00f3 molt particular en refer\u00e8ncia a les connexions, el que \u00e9s el triangle aeroport, port i connexi\u00f3 ferrovi\u00e0ria.<\/strong><br \/>\u00c9s important tenir aquesta plataforma log\u00edstica, cert. Per\u00f2 tinc els meus dubtes sobre que hi hagi masses sin\u00e8rgies en aquest triangle. Hi ha una molt important que s\u00f3n els creuers. En quant al transport ferroviari es troba encara en un estadi molt incipient i caldria potenciar-lo. De Barcelona surten encara masses camions i \u00e9s urgent disposar de la terminal de contenidors per poder utilitzar aquestes autopistes ferrovi\u00e0ries i descongestionar el transport per carretera. De fet, hi ha projectes molt avan\u00e7ats en aquest sentit. Insisteixo que en aquest moment es necessita un canvi global, aix\u00f2 no vol dir que deixarem de tenir turisme.<\/p><p><strong>Com est\u00e0 el tema de la pacificaci\u00f3, de les illes verdes, que continua generant pol\u00e8mica? Imagino que esta al corrent de les opinions de l\u2019arquitecte Josep Antoni Acebillo, concretament sobre l\u2019empobriment dels centres urbans quan es disminueix la mobilitat al seu entorn.<\/strong><br \/>Vols dir quan es treuen els cotxes, oi? Doncs tal vegada podr\u00edem tornar a fer passar els cotxes pel Portal de l\u2019Angel. Preguntem-nos com s\u2019ha empobrit aquest carrer que en aquest moment \u00e9s un dels que t\u00e9 els lloguers m\u00e9s cars d\u2019Espanya. Crec que \u00e9s una visi\u00f3 antiga, sense cap element cient\u00edfic o te\u00f2ric que demostri que la pacificaci\u00f3 del tr\u00e0nsit empobreix el comer\u00e7 o redueix les possibilitats econ\u00f2miques. El que fem no \u00e9s a\u00efllar ni treure la mobilitat, es tracta de canviar-la per altres formes de mobilitat m\u00e9s eficients i sostenibles des del punt de vista de la contaminaci\u00f3. A Barcelona hi ha mil morts anuals a causa de la contaminaci\u00f3 de l\u2019aire, segons les autoritats sanit\u00e0ries. Aquest \u00e9s el tema i s\u2019ha de revertir. Crec que el debat que enfronta ecologia i economia, sigui per pacificar o sigui per l\u2019aeroport, \u00e9s un debat fals, perqu\u00e8 si Barcelona vol ser una ciutat de start ups, els impulsors d\u2019aquest tipus d'emprenedoria els agraden les ciutats pacificades.<\/p><p><strong>Qu\u00e8 passar\u00e0 amb tot aquest urbanisme t\u00e0ctic que han instal\u00b7lat durant la pand\u00e8mia?<\/strong><br \/>Estem just en el punt de transformar el que s'ha anomenat urbanisme t\u00e0ctic en estructural. L'urbanisme t\u00e0ctic \u00e9s b\u00e0sicament una s\u00e8rie de provatures sobre la ciutat per veure com funcionen i despr\u00e9s consolidar-les estructuralment. Reconec que tal vegada ens hem passat una mica de frenada, per\u00f2 en bona part \u00e9s degut a l\u2019efecte de la pand\u00e8mia i els confinaments, i de com es va fer. Donar espai per terrasses als bars amb la utilitzaci\u00f3 de les barreres New Jersey ha generat un impacte visual bastant negatiu, una mol\u00e8stia est\u00e8tica. Per\u00f2 hi ha elements de pijtor gust a la ciutat. Barcelona t\u00e9 millor urbanisme que arquitectura. Les nostres fa\u00e7anes s\u00f3n justetes, no com Par\u00eds, que t\u00e9 un p\u00e8ssim urbanisme, per\u00f2 unes fa\u00e7anes espectaculars, mentre que Berl\u00edn \u00e9s fe\u00edsta, per\u00f2 s'assumeix perqu\u00e8 \u00e9s aix\u00ed. En canvi aqu\u00ed som m\u00e9s burgesets. Tot pren temps, les ciutats necessiten temps, no es poden fer de pressa.<\/p><p><strong>Com ha quedat el projecte de les superilles?<\/strong><br \/>L\u2019objectiu \u00e9s convertir un eix de cada tres verd. El proc\u00e9s de retirar cotxes de la ciutat nom\u00e9s es feia als barris antics. Ara farem Consell de Cent, Rocafort i Girona, perqu\u00e8 es vagi visibilitzant. Cal baixar un 25% la mobilitat privada del cotxe. Clar que aix\u00f2 exigeix que Rodalies funcioni, que s'acabi la l\u00ednia 9 i que el tramvia de la Diagonal funcioni com a eix de dalt a baix. Aix\u00f2 hauria d'ajudar al canvi econ\u00f2mic. Els Comuns hem acabat fent el que el PSC no s'atrevia a fer.<\/p><p>[\/et_pb_text][et_pb_text admin_label=\"Share \" _builder_version=\"4.8.2\" _module_preset=\"default\" width=\"26%\" module_alignment=\"left\" module_alignment_tablet=\"left\" module_alignment_phone=\"left\" module_alignment_last_edited=\"on|phone\" border_width_all=\"0px\"]<\/p><table style=\"border-collapse: collapse; width: 0%; height: 22px; border-color: #000000; border: 2px solid;\"><tbody><tr style=\"height: 22px;\"><td style=\"width: 11.5332%; height: 22px;\">share:<\/td><td style=\"width: 88.4667%; text-align: justify; vertical-align: middle; height: 22px;\">[DISPLAY_ULTIMATE_SOCIAL_ICONS]<\/td><\/tr><\/tbody><\/table><p>\u00a0<\/p><p>[\/et_pb_text][\/et_pb_column][\/et_pb_row][\/et_pb_section][et_pb_section fb_built=\"1\" fullwidth=\"on\" _builder_version=\"4.8.2\" _module_preset=\"default\" da_disable_devices=\"off|off|off\" border_width_bottom=\"2px\" da_is_popup=\"off\" da_exit_intent=\"off\" da_has_close=\"on\" da_alt_close=\"off\" da_dark_close=\"off\" da_not_modal=\"on\" da_is_singular=\"off\" da_with_loader=\"off\" da_has_shadow=\"on\"][et_pb_fullwidth_code admin_label=\"Ratlla horitzontal\" _builder_version=\"4.8.2\" _module_preset=\"default\"][\/et_pb_fullwidth_code][\/et_pb_section][et_pb_section fb_built=\"1\" _builder_version=\"4.8.2\" _module_preset=\"default\" custom_margin=\"||-30px||false|false\" custom_margin_tablet=\"||-90px||false|false\" custom_margin_phone=\"||-80px||false|false\" custom_margin_last_edited=\"on|phone\" da_disable_devices=\"off|off|off\" da_is_popup=\"off\" da_exit_intent=\"off\" da_has_close=\"on\" da_alt_close=\"off\" da_dark_close=\"off\" da_not_modal=\"on\" da_is_singular=\"off\" da_with_loader=\"off\" da_has_shadow=\"on\"][et_pb_row _builder_version=\"4.8.2\" _module_preset=\"default\"][et_pb_column type=\"4_4\" _builder_version=\"4.8.2\" _module_preset=\"default\"][et_pb_text admin_label=\"Altres articles\" _builder_version=\"4.9.0\" _module_preset=\"default\"]<\/p><h3>ALTRES ARTICLES<\/h3><p>[yarpp]<\/p><p>[\/et_pb_text][\/et_pb_column][\/et_pb_row][\/et_pb_section][et_pb_section fb_built=\"1\" fullwidth=\"on\" disabled_on=\"on|on|on\" _builder_version=\"4.8.2\" _module_preset=\"default\" custom_margin_tablet=\"-70px||||false|false\" custom_margin_phone=\"\" custom_margin_last_edited=\"on|tablet\" da_disable_devices=\"off|off|off\" border_width_bottom=\"2px\" disabled=\"on\" da_is_popup=\"off\" da_exit_intent=\"off\" da_has_close=\"on\" da_alt_close=\"off\" da_dark_close=\"off\" da_not_modal=\"on\" da_is_singular=\"off\" da_with_loader=\"off\" da_has_shadow=\"on\"][et_pb_fullwidth_code admin_label=\"Ratlla horitzontal\" _builder_version=\"4.8.2\" _module_preset=\"default\"][\/et_pb_fullwidth_code][\/et_pb_section][et_pb_section fb_built=\"1\" disabled_on=\"on|on|on\" _builder_version=\"4.8.2\" _module_preset=\"default\" da_disable_devices=\"off|off|off\" disabled=\"on\" da_is_popup=\"off\" da_exit_intent=\"off\" da_has_close=\"on\" da_alt_close=\"off\" da_dark_close=\"off\" da_not_modal=\"on\" da_is_singular=\"off\" da_with_loader=\"off\" da_has_shadow=\"on\"][et_pb_row _builder_version=\"4.8.2\" _module_preset=\"default\"][et_pb_column type=\"4_4\" _builder_version=\"4.8.2\" _module_preset=\"default\"][et_pb_text admin_label=\"Text %22Veure tots els cicles%22\" _builder_version=\"4.8.2\" _module_preset=\"default\"]<\/p><h3>VEURE TOTS ELS CICLES<\/h3><p>[\/et_pb_text][\/et_pb_column][\/et_pb_row][et_pb_row column_structure=\"1_3,1_3,1_3\" disabled_on=\"off|on|off\" _builder_version=\"4.8.2\" _module_preset=\"default\" width_tablet=\"50%\" width_phone=\"70%\" width_last_edited=\"on|phone\" module_alignment=\"center\"][et_pb_column type=\"1_3\" _builder_version=\"4.8.2\" _module_preset=\"default\"][et_pb_image src=\"https:\/\/rethinkbcn.cat\/wp-content\/uploads\/2021\/02\/caixa-1b.jpg\" title_text=\"caixa-1b\" url=\"\/category\/cicle-1\/\" align=\"center\" admin_label=\"Cicles per escriptori i m\u00f2bil\" _builder_version=\"4.8.2\" _module_preset=\"default\" module_alignment=\"center\"][\/et_pb_image][\/et_pb_column][et_pb_column type=\"1_3\" _builder_version=\"4.8.2\" _module_preset=\"default\"][et_pb_image src=\"https:\/\/rethinkbcn.cat\/wp-content\/uploads\/2021\/02\/caixa-2b.jpg\" title_text=\"caixa-2b\" align=\"center\" _builder_version=\"4.8.2\" _module_preset=\"default\"][\/et_pb_image][\/et_pb_column][et_pb_column type=\"1_3\" _builder_version=\"4.8.2\" _module_preset=\"default\"][et_pb_image src=\"https:\/\/rethinkbcn.cat\/wp-content\/uploads\/2021\/02\/caixa-3b.jpg\" title_text=\"caixa-3b\" align=\"center\" _builder_version=\"4.8.2\" _module_preset=\"default\"][\/et_pb_image][\/et_pb_column][\/et_pb_row][et_pb_row column_structure=\"1_3,1_3,1_3\" disabled_on=\"on|off|on\" _builder_version=\"4.8.2\" _module_preset=\"default\" width=\"100%\" width_tablet=\"90%\" width_phone=\"70%\" width_last_edited=\"on|tablet\" module_alignment=\"center\" custom_margin=\"||-20px||false|false\"][et_pb_column type=\"1_3\" _builder_version=\"4.8.2\" _module_preset=\"default\" custom_css_main_element=\"width: 33%!important;\"][et_pb_image src=\"https:\/\/rethinkbcn.cat\/wp-content\/uploads\/2021\/02\/caixa-1b.jpg\" title_text=\"caixa-1b\" url=\"\/category\/cicle-1\/\" align=\"center\" admin_label=\"Cicles per a tablet\" _builder_version=\"4.8.2\" _module_preset=\"default\" module_alignment=\"center\"][\/et_pb_image][\/et_pb_column][et_pb_column type=\"1_3\" _builder_version=\"4.8.2\" _module_preset=\"default\" custom_css_main_element=\"width: 33%!important;\"][et_pb_image src=\"https:\/\/rethinkbcn.cat\/wp-content\/uploads\/2021\/02\/caixa-2b.jpg\" title_text=\"caixa-2b\" align=\"center\" _builder_version=\"4.8.2\" _module_preset=\"default\"][\/et_pb_image][\/et_pb_column][et_pb_column type=\"1_3\" _builder_version=\"4.8.2\" _module_preset=\"default\" custom_css_main_element=\"width: 33%!important;\"][et_pb_image src=\"https:\/\/rethinkbcn.cat\/wp-content\/uploads\/2021\/02\/caixa-3b.jpg\" title_text=\"caixa-3b\" align=\"center\" _builder_version=\"4.8.2\" _module_preset=\"default\"][\/et_pb_image][\/et_pb_column][\/et_pb_row][\/et_pb_section]<\/p>","_et_gb_content_width":""},"categories":[88],"tags":[74,77],"_links":{"self":[{"href":"https:\/\/rethinkbcn.cat\/es\/wp-json\/wp\/v2\/posts\/8406"}],"collection":[{"href":"https:\/\/rethinkbcn.cat\/es\/wp-json\/wp\/v2\/posts"}],"about":[{"href":"https:\/\/rethinkbcn.cat\/es\/wp-json\/wp\/v2\/types\/post"}],"author":[{"embeddable":true,"href":"https:\/\/rethinkbcn.cat\/es\/wp-json\/wp\/v2\/users\/3"}],"replies":[{"embeddable":true,"href":"https:\/\/rethinkbcn.cat\/es\/wp-json\/wp\/v2\/comments?post=8406"}],"version-history":[{"count":14,"href":"https:\/\/rethinkbcn.cat\/es\/wp-json\/wp\/v2\/posts\/8406\/revisions"}],"predecessor-version":[{"id":8685,"href":"https:\/\/rethinkbcn.cat\/es\/wp-json\/wp\/v2\/posts\/8406\/revisions\/8685"}],"wp:featuredmedia":[{"embeddable":true,"href":"https:\/\/rethinkbcn.cat\/es\/wp-json\/wp\/v2\/media\/4848"}],"wp:attachment":[{"href":"https:\/\/rethinkbcn.cat\/es\/wp-json\/wp\/v2\/media?parent=8406"}],"wp:term":[{"taxonomy":"category","embeddable":true,"href":"https:\/\/rethinkbcn.cat\/es\/wp-json\/wp\/v2\/categories?post=8406"},{"taxonomy":"post_tag","embeddable":true,"href":"https:\/\/rethinkbcn.cat\/es\/wp-json\/wp\/v2\/tags?post=8406"}],"curies":[{"name":"wp","href":"https:\/\/api.w.org\/{rel}","templated":true}]}}