{"id":8213,"date":"2021-05-22T20:08:49","date_gmt":"2021-05-22T18:08:49","guid":{"rendered":"https:\/\/rethinkbcn.cat\/?p=8213"},"modified":"2021-05-23T13:56:28","modified_gmt":"2021-05-23T11:56:28","slug":"joaquin-tornos-mas-una-nueva-gobernanza-para-el-amb","status":"publish","type":"post","link":"https:\/\/rethinkbcn.cat\/es\/joaquin-tornos-mas-una-nueva-gobernanza-para-el-amb\/","title":{"rendered":"JOAQU\u00cdN TORNOS MAS:  UNA NUEVA GOBERNANZA PARA EL AMB"},"content":{"rendered":"<p>[et_pb_section fb_built=\u00bb1&#8243; disabled_on=\u00bboff|off|off\u00bb _builder_version=\u00bb4.8.2&#8243; _module_preset=\u00bbdefault\u00bb custom_margin=\u00bb||||false|false\u00bb da_disable_devices=\u00bboff|off|off\u00bb da_is_popup=\u00bboff\u00bb da_exit_intent=\u00bboff\u00bb da_has_close=\u00bbon\u00bb da_alt_close=\u00bboff\u00bb da_dark_close=\u00bboff\u00bb da_not_modal=\u00bbon\u00bb da_is_singular=\u00bboff\u00bb da_with_loader=\u00bboff\u00bb da_has_shadow=\u00bbon\u00bb][et_pb_row _builder_version=\u00bb4.8.1&#8243; _module_preset=\u00bbdefault\u00bb][et_pb_column type=\u00bb4_4&#8243; _builder_version=\u00bb4.8.1&#8243; _module_preset=\u00bbdefault\u00bb][et_pb_text admin_label=\u00bbTitular entrada\u00bb _builder_version=\u00bb4.9.0&#8243; _module_preset=\u00bbdefault\u00bb text_font=\u00bbAverta Light||||||||\u00bb header_font_size=\u00bb36px\u00bb header_4_font=\u00bbAverta regular||||||||\u00bb header_4_font_size=\u00bb20px\u00bb header_4_line_height=\u00bb1.6em\u00bb header_5_line_height=\u00bb1.6em\u00bb header_6_font=\u00bbAverta regular||||||||\u00bb header_6_font_size=\u00bb16px\u00bb header_6_line_height=\u00bb1.2em\u00bb hover_enabled=\u00bb0&#8243; header_font_size_tablet=\u00bb30px\u00bb header_font_size_phone=\u00bb24px\u00bb header_font_size_last_edited=\u00bbon|phone\u00bb header_6_font_size_tablet=\u00bb\u00bb header_6_font_size_phone=\u00bb16px\u00bb header_6_font_size_last_edited=\u00bbon|phone\u00bb sticky_enabled=\u00bb0&#8243;]<\/p>\n<h1 style=\"text-align: center;\">UNA NUEVA GOBERNANZA PARA EL AMB<\/h1>\n<div style=\"text-align: center;\"><span lang=\"CA\">Joaqu\u00edn Tornos Mas reflexiona sobre el \u00c1rea Metropolitana de Barcelona<\/span><\/div>\n<p>[\/et_pb_text][et_pb_image src=\u00bbhttps:\/\/rethink.mtconsulting.es\/wp-content\/uploads\/2021\/02\/Gonzalo-Goytisolo-Gil_-La-font-magica-scaled.jpg\u00bb title_text=\u00bbGonzalo-Goytisolo-Gil_&#8211;La-font-magica\u00bb admin_label=\u00bbImatge entrada\u00bb _builder_version=\u00bb4.8.2&#8243; _module_preset=\u00bbdefault\u00bb][\/et_pb_image][et_pb_text disabled_on=\u00bbon|on|off\u00bb admin_label=\u00bbText entrada escriptori\u00bb _builder_version=\u00bb4.9.0&#8243; _module_preset=\u00bbdefault\u00bb text_font=\u00bbAverta Light||||||||\u00bb header_font_size=\u00bb36px\u00bb header_4_font=\u00bbAverta regular||||||||\u00bb header_4_font_size=\u00bb20px\u00bb header_4_line_height=\u00bb1.6em\u00bb header_5_line_height=\u00bb1.6em\u00bb header_6_font=\u00bbAverta regular||||||||\u00bb header_6_font_size=\u00bb16px\u00bb header_6_line_height=\u00bb1.5em\u00bb header_font_size_tablet=\u00bb30px\u00bb header_font_size_phone=\u00bb24px\u00bb header_font_size_last_edited=\u00bbon|phone\u00bb header_6_font_size_tablet=\u00bb\u00bb header_6_font_size_phone=\u00bb14px\u00bb header_6_font_size_last_edited=\u00bbon|phone\u00bb]<\/p>\n<div>\n<p class=\"Cos\"><b>Por Joaqu\u00edn Tornos Mas, Catedr\u00e1tico de derecho administrativo, UB.<\/b><\/p>\n<p><span style=\"text-align: justify;\">I.- En la actualidad m\u00e1s de la mitad de la poblaci\u00f3n mundial vive en \u00e1reas urbanas, y esta proporci\u00f3n seguramente se ir\u00e1 incrementando en los pr\u00f3ximos a\u00f1os. Estas \u00e1reas se constituyen en motores del crecimiento econ\u00f3mico y de innovaci\u00f3n, pero al mismo tiempo deben hacer frente a graves carencias de servicios sociales e infraestructuras, generan problemas de movilidad y acrecientan los problemas medioambientales.<\/span><\/p>\n<\/div>\n<div style=\"text-align: justify;\">\n<p class=\"Cos\">Esta realidad metropolitana ha estado presente en el caso de Barcelona y su entorno des de hace muchos a\u00f1os. El Decreto ley 5\/1974 de 26 de agosto cre\u00f3 la Entidad Municipal Metropolitana de Barcelona, regida como una Corporaci\u00f3n Metropolitana, como entidad local supramunicipal. Su impulso y potenciaci\u00f3n por el alcalde Pascual Maragall llev\u00f3 al enfrentamiento con el President de la Generalitat Jordi Pujol, que ve\u00eda en esta entidad un contrapoder al de una Generalitat a\u00fan incipiente. La ley 7\/1987 del 4 de abril suprimi\u00f3 la EMM, y cre\u00f3 dos \u00e1mbitos funcionales metropolitanos diversos (la entidad metropolitana del transporte y la entidad metropolitana de servicios hidr\u00e1ulicos y del tratamiento de residuos). El Estatuto de Autonom\u00eda, ley org\u00e1nica 6\/2006 de 19 de julio, impuls\u00f3 en su art\u00edculo 93 la creaci\u00f3n de un nuevo ente territorial que institucionalizara de nuevo, y con m\u00e1s fuerza, la realidad metropolitana de Barcelona. A\u00f1os m\u00e1s tarde se di\u00f3 respuesta a esta voluntad metropolitana con la creaci\u00f3n del \u00c1rea Metropolitana de Barcelona, AMB, mediante la ley 31\/2010.<\/p>\n<\/div>\n<div style=\"text-align: justify;\">\n<p class=\"Cos\">El art\u00edculo 1,2 de la ley define el nuevo ente como ente local supramunicipal de car\u00e1cter territorial integrado por los municipios de la urbanizaci\u00f3n de Barcelona. El art\u00edculo 14 enumera las competencias de este nuevo ente, mientras que el art\u00edculo 13,2 afirma que \u201cel AMB puede prestar los servicios y promover las actividades que contribuyan a satisfacer las necesidades y las aspiraciones de los municipios que la integran\u201d.<\/p>\n<\/div>\n<div style=\"text-align: justify;\">\n<p class=\"Cos\">Hay que destacar dos ideas b\u00e1sicas de estos dos preceptos. El AMB es un ente local territorial, por tanto, se configura como una instituci\u00f3n local con fines generales, por lo que de conformidad con el principio de subsidiariedad debe poder disponer de amplios poderes y competencias para poder llevar a cabo todo lo que sea de inter\u00e9s de los municipios que la componen, todo aquello que puede gestionar de forma m\u00e1s eficiente que los niveles territoriales inferiores y superiores. Por ello, la ley de 2010 lleva a cabo una atribuci\u00f3n <span dir=\"RTL\" lang=\"AR-SA\">\u201c<\/span>fuerte\u201d de competencias. Pero, por otro lado, el AMB est\u00e1 integrada por los municipios de su \u00e1mbito territorial, por lo que este ente local no es exponencial de una colectividad metropolitana de ciudadanos, a\u00fan por construir, sino que debe actuar al servicio de las necesidades y aspiraciones de los municipios que la componen. Unos municipios que precisan de un ente supramunicipal que ayude a la mejor prestaci\u00f3n de sus servicios.<\/p>\n<\/div>\n<div style=\"text-align: justify;\">\n<p class=\"Cos\">Esta configuraci\u00f3n jur\u00eddica del ente metropolitano explica que su gobierno se elija de forma indirecta y se estructure en base a cuatro \u00f3rganos fundamentales, el Consejo Metropolitano, el Presidente\/a, la Junta de Gobierno y la Comisi\u00f3n Especial de Cuentas, m\u00e1s el Consejo de Alcaldes. El Consejo lo componen 90 consejeros representando a los 36 municipios del \u00e1rea (en funci\u00f3n de las respectivas poblaciones, salvo Barcelona a la que se atribuyen de forma directa 25 consejeros), siendo los alcaldes\/as miembros natos del Consejo.<\/p>\n<\/div>\n<div style=\"text-align: justify;\">\n<p class=\"Cos\">Se mantiene as\u00ed un modelo de dos niveles, que reconoce la primac\u00eda del nivel municipal, y que constituye el poder metropolitano a partir de la cooperaci\u00f3n municipal. Esta misma configuraci\u00f3n determina los problemas de su gobernanza a los que aludiremos m\u00e1s adelante.<\/p>\n<\/div>\n<div style=\"text-align: justify;\">\n<p class=\"Cos\">II.- Teniendo en cuenta la realidad metropolitana de Barcelona y su actual institucionalizaci\u00f3n: \u00bfCu\u00e1les son los retos que hoy se exigen a este ente institucional que llamamos \u00c1rea Metropolitana de Barcelona? \u00bfC\u00f3mo debe gobernarse el territorio metropolitano en el mundo actual, un mundo globalizado y altamente competitivo, con crisis de legitimidad de las instancias pol\u00edticas, con una sociedad compleja que accede a una informaci\u00f3n desbocada y que mantiene altos niveles de desigualdad y de personas en riesgo de exclusi\u00f3n social?<\/p>\n<\/div>\n<div>\n<p class=\"Cos\" style=\"text-align: justify;\">Creemos que puede afirmarse que no obstante <u>los esfuerzos del personal y funcionarios del AMB, todo parece indicar que la instituci\u00f3n no responde a sus potencialidades ni a lo que se requiere de un ente de esta naturaleza<\/u>. Las necesidades de la poblaci\u00f3n del \u00e1rea se han ido incrementando, y tambi\u00e9n las desigualdades internas. La competitividad entre \u00e1reas o \u00e1mbitos territoriales similares a los del AMB se ha incrementado en un mundo globalizado. Las formas de gobernar y de gestionar el territorio se han transformado. La crisis econ\u00f3mica ha incidido en la forma de hacer pol\u00edtica.<\/p>\n<\/div>\n<table class=\" alignright\" style=\"height: 23px; width: 25%; border-collapse: collapse; border-top: 2px solid #000000; border-right-color: #000000; border-bottom-color: #000000; border-left-color: #000000; margin-left: 20px;\" cellspacing=\"15\" cellpadding=\"2\">\n<tbody>\n<tr style=\"height: 23px;\">\n<td style=\"width: 100%; height: 23px; border: 2px solid #000;\">\n<h4>\u201cActualmente,\u00a0todo parece indicar que el AMB no responde a sus potencialidades ni al que se requiere de un ente de esta naturaleza.\u201d<\/h4>\n<\/td>\n<\/tr>\n<\/tbody>\n<\/table>\n<div>\n<p class=\"Cos\" style=\"text-align: justify;\">El ejercicio del <span dir=\"RTL\" lang=\"AR-SA\">\u201c<\/span>poder\u201d metropolitano, constituido por sus amplias competencias, debe ser ejercido desde la convicci\u00f3n de que muchas de sus decisiones deben ser fruto del consenso interno con los municipios que integran el AMB y de la colaboraci\u00f3n con otros territorios superiores, y debe contar ineludiblemente con la colaboraci\u00f3n del sector privado. El necesario crecimiento inclusivo y sostenible requiere el consenso con los otros actores institucionales y sociales.<\/p>\n<\/div>\n<div style=\"text-align: justify;\">\n<p class=\"Cos\">Esta nueva realidad exige, ya sin demora, reflexionar sobre la gobernanza metropolitana y adoptar nuevas formas de actuaci\u00f3n. Para ayudar a esta reflexi\u00f3n formulamos una serie de propuestas generales que parten del modelo institucional actual. No abordamos, por tanto, dos cuestiones de indiscutible inter\u00e9s pero que exigir\u00edan nuevos consensos tal vez hoy inalcanzables. Me refiero a la ampliaci\u00f3n del \u00e1mbito territorial para ocupar el territorio de la llamada Regi\u00f3n Metropolitana, y por otro lado establecer la elecci\u00f3n directa de los representantes metropolitanos con el fin \u00faltimo de crear una gran ciudad.<\/p>\n<\/div>\n<div style=\"text-align: justify;\">\n<p class=\"Cos\">Aceptando, pues, el marco institucional actual, proponemos las siguientes l\u00edneas de reflexi\u00f3n.<\/p>\n<\/div>\n<div style=\"text-align: justify;\">\n<p class=\"Cos\"><strong>A<\/strong>. Reconocer, para superarlas, las desconfianzas existentes que han condicionado el devenir de la realidad metropolitana de Barcelona. Por un lado la desconfianza de los municipios, en particular los m\u00e1s peque\u00f1os respecto de Barcelona, y por otro la desconfianza de la Generalitat respecto de un AMB fuerte que act\u00fae como contrapoder del gobierno auton\u00f3mico. De hecho, fueron estas dos desconfianzas las que acabaron con el proyecto del alcalde Maragall.<\/p>\n<\/div>\n<div style=\"text-align: justify;\">\n<p class=\"Cos\">Para superar este estado de cosas hay que asumir que la periferia no debe estar al servicio de Barcelona, y Barcelona debe asumir que necesita la periferia. Los municipios que integran el AMB deben entender que el AMB es necesaria para una mejor prestaci\u00f3n de sus servicios y para el respectivo crecimiento econ\u00f3mico, al tiempo que potencia una proyecci\u00f3n exterior de la realidad metropolitana que tambi\u00e9n les beneficia. Se debe actuar de forma solidaria internamente y competitivamente de forma unitaria hacia el exterior. Cada alcalde debe asumir que trabajar a favor del AMB es trabajar al servicio de sus ciudadanos.<\/p>\n<\/div>\n<div style=\"text-align: justify;\">\n<p class=\"Cos\">La Generalitat de Catalu\u00f1a debe hacer del crecimiento del AMB un objetivo propio y prioritario, pues este territorio debe ser el motor del desarrollo de la comunidad aut\u00f3noma en su conjunto.<\/p>\n<\/div>\n<div style=\"text-align: justify;\">\n<p class=\"Cos\"><strong>B<\/strong>. El AMB es un ente territorial formado por la agrupaci\u00f3n de municipios, pero como ente local territorial no debe olvidar que est\u00e1 al servicio de una colectividad, de un conjunto de ciudadanos y ciudadanas que tienen problemas comunes. Por ello, debe entenderse que el AMB es una instituci\u00f3n al servicio de la colectividad metropolitana. El AMB no debe verse como un territorio en el que prestar servicios municipales de forma coordinada. Los \u00f3rganos de gobierno de la instituci\u00f3n metropolitana deben ejercer sus funciones al servicio de una colectividad real de ciudadanos\/as cuya calidad de vida depende de su actuaci\u00f3n.<\/p>\n<\/div>\n<div style=\"text-align: justify;\">\n<p class=\"Cos\">Como ente supramunicipal el AMB tambi\u00e9n debe asumir como funci\u00f3n propia la necesidad de potenciar la instituci\u00f3n como entidad que compite con otras realidades metropolitanas con el fin de atraer capital y talento. El crecimiento econ\u00f3mico del AMB permitir\u00e1 desarrollar nuevas actividades y mejorar las prestaciones a los ciudadanos.<\/p>\n<\/div>\n<div style=\"text-align: justify;\">\n<p class=\"Cos\"><strong>C<\/strong>. La organizaci\u00f3n interna del AMB deber\u00eda tratar de equilibrar el centro \u2013periferia. Por un lado, llevando \u00f3rganos propios del AMB por todo el territorio metropolitano y, por otro, potenciando tambi\u00e9n la ubicaci\u00f3n de centros universitarios, escuelas de negocios, instalaciones culturales en todo el espacio metropolitano.<\/p>\n<\/div>\n<div style=\"text-align: justify;\">\n<p class=\"Cos\"><strong>D<\/strong>. El gobierno metropolitano requiere un liderazgo fuerte y convencido de la importancia y potencialidades del AMB. Quien presida el AMB, y su equipo de gobierno, deben ejercer este liderazgo. Los municipios por su parte deben ver en el AMB no s\u00f3lo una ayuda para la prestaci\u00f3n de sus servicios a sus respectivos ciudadanos, sino que deben reconocer las ventajas de la metropolitanizaci\u00f3n de determinados servicios, pues ello redunda en un mejor servicio a sus ciudadanos. As\u00ed, la pol\u00edtica de vivienda o de transportes requiere una dimensi\u00f3n metropolitana, del mismo modo que el ciclo del agua (suministro a la poblaci\u00f3n, saneamiento y reutilizaci\u00f3n) debe ser prestado a nivel metropolitano, sin que tenga sentido devolver competencias en este tema a los entes municipales.<\/p>\n<\/div>\n<div style=\"text-align: justify;\">\n<p class=\"Cos\">El gobierno metropolitano debe servir para superar escenarios de complejidad y lucha competencial a nivel municipal. Las competencias son poderes instrumentales para el logro de fines de inter\u00e9s general, no una forma de reparto de poder cuyo uso exclusivo debe defenderse en todo caso. Los municipios deben reconocer los beneficios de la fuerza del ente metropolitano, de cuyo gobierno forman parte, en materias como ordenaci\u00f3n del territorio, vivienda, movilidad, ciclo del agua, residuos, defensa del medio ambiente.<\/p>\n<\/div>\n<div style=\"text-align: justify;\">\n<p class=\"Cos\"><strong>E<\/strong>. Se debe tratar de reforzar la legitimidad del ente metropolitano. Con este fin se suele defender la elecci\u00f3n directa del gobierno del AMB. Sin negar el inter\u00e9s por este debate, como ya hemos dicho, no proponemos en este momento esta reforma. Pero existen otras v\u00edas que pueden reforzar la legitimidad del AMB. As\u00ed, el tratar de crear una conciencia metropolitana entre los ciudadanos\/as que viven en el \u00e1rea mediante la informaci\u00f3n de las actuaciones del AMB, facilitando la participaci\u00f3n de ciudadanos\/as y sus asociaciones en el gobierno del AMB. Se debe lograr que la realidad f\u00e1ctica de la vida metropolitana de muchos ciudadanos\/as (se desplazan dentro del AMB para trabajar, para recibir prestaciones sanitarias o para asistir a eventos culturales, para ir de compras, etc) se identifique con la existencia de un ente de gobierno metropolitano. El AMB debe lograr tambi\u00e9n una legitimaci\u00f3n que si no es de origen sea de ejercicio, esto es, que se legitime por la eficacia de su actuaci\u00f3n, por la calidad de los servicios que presta, de forma que los ciudadanos vean en esta instituci\u00f3n un \u00f3rgano de gobierno necesario. Por ello debe reforzarse y potenciar el personal a su servicio, con el fin principal de llevar a cabo tareas de planificaci\u00f3n, de regulaci\u00f3n y control de los servicios de su competencia y de proyecci\u00f3n exterior.<\/p>\n<\/div>\n<div style=\"text-align: justify;\">\n<p class=\"Cos\">El AMB debe llevar a cabo una pol\u00edtica activa de comunicaci\u00f3n hacia sus ciudadanos\/as, utilizando un lenguaje de explicaci\u00f3n y persuasi\u00f3n sobre sus actividades en beneficio del inter\u00e9s general, destacando su preocupaci\u00f3n por el buen gobierno, la trasparencia y la garant\u00eda de valores \u00e9ticos en su actuaci\u00f3n y en la de los entes y empresas privadas que trabajan con ella.<\/p>\n<\/div>\n<div style=\"text-align: justify;\">\n<p class=\"Cos\"><strong>F<\/strong>. La realidad metropolitana requiere una agenda propia separada de la que pueden definir los respectivos municipios. El AMB cuenta con un \u00e1rea encargada de la planificaci\u00f3n estrat\u00e9gica y desde 1986 con el Institut d<span dir=\"RTL\" lang=\"AR-SA\">\u2019<\/span>estudis regionals i metropolitans de Barcelona, y tambi\u00e9n con el Pla Estrat\u00e8gic Metropolit\u00e0 de Barcelona, PEMB. Todos estos instrumentos deben potenciarse con el fin de recabar informaci\u00f3n sobre la que definir las actuaciones a llevar a cabo de forma coordinada. Hay que definir hoy lo que se quiere ser dentro de cincuenta a\u00f1os para empezar a actuar de forma coherente. Los entes municipales deben participar en los procesos de elaboraci\u00f3n de estos documentos y hacer suyas las l\u00edneas de actuaci\u00f3n dise\u00f1adas en los mismos.<\/p>\n<\/div>\n<div style=\"text-align: justify;\">\n<p class=\"Cos\"><strong>G<\/strong>. Hay que trabajar de forma decidida en las pol\u00edticas de fomento de la actividad econ\u00f3mica e innovaci\u00f3n. Hay que atraer industria, cl\u00fasteres, fomentar el teletrabajo, y favorecer el <i>coliving<\/i> con el fin de conseguir talento. El \u00e1rea metropolitana de Barcelona, y no s\u00f3lo Barcelona, debe promocionarse como un lugar id\u00f3neo para trabajar y desarrollar las actividades econ\u00f3micas, hoy basadas primordialmente en el talento, y ya no en necesidades de inversi\u00f3n intensiva de capital.<\/p>\n<\/div>\n<div style=\"text-align: justify;\">\n<p class=\"Cos\">Del mismo modo se deben atraer ferias, acontecimientos deportivos, congresos cient\u00edficos.<\/p>\n<\/div>\n<div style=\"text-align: justify;\">\n<p class=\"Cos\">Barcelona posee una buena marca, pero existe una dura competencia con otras \u00e1reas metropolitanas de dimensi\u00f3n similar. Por ello es importante mejorar la prestaci\u00f3n de servicios, en particular los tecnol\u00f3gicos, de movilidad, de protecci\u00f3n medio ambiental y culturales.<\/p>\n<\/div>\n<div style=\"text-align: justify;\">\n<p class=\"Cos\"><strong>H<\/strong>. Las relaciones exteriores son tambi\u00e9n importantes. El AMB debe ser un interlocutor activo en las relaciones con la Generalidad, con la administraci\u00f3n del Estado, con la Uni\u00f3n Europea y con las organizaciones internacionales. El ejercicio de algunas competencias del AMB, como las relativas a transporte, ciclo del agua, medio ambiente o vivienda, no son posibles sin contar con las instancias pol\u00edticas y administrativas superiores. Hay que participar en la definici\u00f3n de estas pol\u00edticas, y luego asumir su aplicaci\u00f3n en el territorio metropolitano Para ello ser\u00eda conveniente institucionalizar formas de participaci\u00f3n, y ganarse el derecho a ser consultada y a ver reconocidas las propuestas por el prestigio de las aportaciones.<\/p>\n<\/div>\n<div style=\"text-align: justify;\">\n<p class=\"Cos\">El AMB tambi\u00e9n debe ser un elemento de proyecci\u00f3n exterior de los municipios que la componen, y de la instituci\u00f3n metropolitana como tal, como ente que juega en la liga de los grandes entes locales supramunicipales.<\/p>\n<\/div>\n<div style=\"text-align: justify;\">\n<p class=\"Cos\"><strong>I<\/strong>. Las administraciones han perdido el dominio de la ciencia, del saber y de la capacidad de inversi\u00f3n necesaria para atender a necesidades p\u00fablicas. La reciente lucha contra la pandemia del Covid19 lo ha puesto de manifiesto. Un excelente sistema de sanidad p\u00fablica, aunque es cierto que, maltratado en los \u00faltimos a\u00f1os, ha tenido que acudir al mercado a proveerse de medios, ha utilizado centros asistenciales privados, y la vacuna se ha producido desde el sector privado. La gobernanza metropolitana debe reconocer esta realidad y debe fomentar los medios de colaboraci\u00f3n p\u00fablico-privada, CPP, ya sea a trav\u00e9s de la creaci\u00f3n de empresas mixtas o del recurso a los contratos de servicios o de concesi\u00f3n de servicios.<\/p>\n<\/div>\n<div style=\"text-align: justify;\">\n<p class=\"Cos\">Este recurso a la CPP debe partir del entendimiento de las respectivas funciones que en el mundo actual corresponden al poder p\u00fablico y al sector privado. El actual Estado garante, y sus diversas administraciones, deben asumir su nuevo rol, su actual posici\u00f3n estrat\u00e9gica al pasar de ser entes prestadores directos de servicios a ser entes garantizadores de su prestaci\u00f3n. Al poder p\u00fablico corresponden las funciones de regular y controlar la prestaci\u00f3n de servicios de inter\u00e9s general, y establecer un marco regulatorio predecible que haga atractiva la inversi\u00f3n privada. El sector privado debe colaborar con el AMB para llevar a cabo de forma eficaz y eficiente muchos de los servicios propios de la instituci\u00f3n, de acuerdo con la normativa p\u00fablica y bajo el control de la propia AMB. La CPP combina conocimientos, capacidades y recursos de las partes interesadas para incrementar la eficiencia y eficacia de las pol\u00edticas p\u00fablicas. Una eficaz pol\u00edtica de vivienda o del servicio del ciclo integral del agua, requieren sin duda la apuesta por estas formas de CPP.<\/p>\n<\/div>\n<div style=\"text-align: justify;\">\n<p class=\"Cos\">Lo p\u00fablico no es un \u00e1mbito reservado en exclusiva a los pol\u00edticos y sus administraciones, ya que pertenece al conjunto de los ciudadanos y ciudadanas, que adem\u00e1s de participar con sus votos pueden colaborar con sus propios medios, con sus empresas, en la satisfacci\u00f3n de intereses generales. Hay que tratar de superar La distancia cognitiva ente las partes p\u00fablica y privada para lograr una buena actuaci\u00f3n conjunta al servicio de los intereses generales.<\/p>\n<p>&nbsp;<\/p>\n<p class=\"Cos\">III. Conclusi\u00f3n.<\/p>\n<\/div>\n<div style=\"text-align: justify;\">\n<p class=\"Cos\">Las \u00e1reas metropolitanas son sujetos p\u00fablicos de especial relevancia en el mundo globalizado actual. Como agrupaciones de municipios gobiernan al servicio de amplias colectividades de ciudadanos y ciudadanas, teniendo que dar respuesta a los desaf\u00edos propios de las grandes conurbaciones con el fin de lograr una sociedad interna inclusiva e igualitaria. Pero a su vez deben ser sujetos activos del desarrollo econ\u00f3mico de todo su territorio en un escenario mundial competitivo, tratando de atraer capital y talento. La dimensi\u00f3n metropolitana es necesaria para poder competir en el logro de estos fines.<\/p>\n<\/div>\n<div>\n<p class=\"Cos\" style=\"text-align: justify;\">La nueva gobernanza metropolitana no requiere imperativamente reformas territoriales ni cambios de estructuras administrativas, sino pol\u00edticos capaces y comprometidos con el desarrollo de la potencialidad del ente ya existente, que superen recelos anteriores y trabajen de forma solidaria internamente, y como una unidad en la proyecci\u00f3n externa del ente metropolitano, contando para todo ello con la capacidad, los medios y el talento del sector privado.<\/p>\n<\/div>\n<p>[\/et_pb_text][et_pb_text disabled_on=\u00bboff|off|on\u00bb admin_label=\u00bbText entrada tablet i m\u00f2bil\u00bb _builder_version=\u00bb4.9.0&#8243; _module_preset=\u00bbdefault\u00bb text_font=\u00bbAverta Light||||||||\u00bb header_font=\u00bbAverta regular||||||||\u00bb header_font_size=\u00bb36px\u00bb header_4_font=\u00bbAverta regular||||||||\u00bb header_4_line_height=\u00bb1.2em\u00bb header_font_size_tablet=\u00bb30px\u00bb header_font_size_phone=\u00bb24px\u00bb header_font_size_last_edited=\u00bbon|phone\u00bb]<\/p>\n<div>\n<p class=\"Cos\"><b>Por Joaqu\u00edn Tornos Mas, Catedr\u00e1tico de derecho administrativo, UB.<\/b><\/p>\n<\/div>\n<div>\n<p class=\"Cos\" style=\"text-align: justify\">I.- En la actualidad m\u00e1s de la mitad de la poblaci\u00f3n mundial vive en \u00e1reas urbanas, y esta proporci\u00f3n seguramente se ir\u00e1 incrementando en los pr\u00f3ximos a\u00f1os. Estas \u00e1reas se constituyen en motores del crecimiento econ\u00f3mico y de innovaci\u00f3n, pero al mismo tiempo deben hacer frente a graves carencias de servicios sociales e infraestructuras, generan problemas de movilidad y acrecientan los problemas medioambientales.<\/p>\n<\/div>\n<div style=\"text-align: justify\">\n<p class=\"Cos\">Esta realidad metropolitana ha estado presente en el caso de Barcelona y su entorno des de hace muchos a\u00f1os. El Decreto ley 5\/1974 de 26 de agosto cre\u00f3 la Entidad Municipal Metropolitana de Barcelona, regida como una Corporaci\u00f3n Metropolitana, como entidad local supramunicipal. Su impulso y potenciaci\u00f3n por el alcalde Pascual Maragall llev\u00f3 al enfrentamiento con el President de la Generalitat Jordi Pujol, que ve\u00eda en esta entidad un contrapoder al de una Generalitat a\u00fan incipiente. La ley 7\/1987 del 4 de abril suprimi\u00f3 la EMM, y cre\u00f3 dos \u00e1mbitos funcionales metropolitanos diversos (la entidad metropolitana del transporte y la entidad metropolitana de servicios hidr\u00e1ulicos y del tratamiento de residuos). El Estatuto de Autonom\u00eda, ley org\u00e1nica 6\/2006 de 19 de julio, impuls\u00f3 en su art\u00edculo 93 la creaci\u00f3n de un nuevo ente territorial que institucionalizara de nuevo, y con m\u00e1s fuerza, la realidad metropolitana de Barcelona. A\u00f1os m\u00e1s tarde se di\u00f3 respuesta a esta voluntad metropolitana con la creaci\u00f3n del \u00c1rea Metropolitana de Barcelona, AMB, mediante la ley 31\/2010.<\/p>\n<\/div>\n<div style=\"text-align: justify\">\n<p class=\"Cos\">El art\u00edculo 1,2 de la ley define el nuevo ente como ente local supramunicipal de car\u00e1cter territorial integrado por los municipios de la urbanizaci\u00f3n de Barcelona. El art\u00edculo 14 enumera las competencias de este nuevo ente, mientras que el art\u00edculo 13,2 afirma que \u201cel AMB puede prestar los servicios y promover las actividades que contribuyan a satisfacer las necesidades y las aspiraciones de los municipios que la integran\u201d.<\/p>\n<\/div>\n<div style=\"text-align: justify\">\n<p class=\"Cos\">Hay que destacar dos ideas b\u00e1sicas de estos dos preceptos. El AMB es un ente local territorial, por tanto, se configura como una instituci\u00f3n local con fines generales, por lo que de conformidad con el principio de subsidiariedad debe poder disponer de amplios poderes y competencias para poder llevar a cabo todo lo que sea de inter\u00e9s de los municipios que la componen, todo aquello que puede gestionar de forma m\u00e1s eficiente que los niveles territoriales inferiores y superiores. Por ello, la ley de 2010 lleva a cabo una atribuci\u00f3n <span dir=\"RTL\" lang=\"AR-SA\">\u201c<\/span>fuerte\u201d de competencias. Pero, por otro lado, el AMB est\u00e1 integrada por los municipios de su \u00e1mbito territorial, por lo que este ente local no es exponencial de una colectividad metropolitana de ciudadanos, a\u00fan por construir, sino que debe actuar al servicio de las necesidades y aspiraciones de los municipios que la componen. Unos municipios que precisan de un ente supramunicipal que ayude a la mejor prestaci\u00f3n de sus servicios.<\/p>\n<\/div>\n<div style=\"text-align: justify\">\n<p class=\"Cos\">Esta configuraci\u00f3n jur\u00eddica del ente metropolitano explica que su gobierno se elija de forma indirecta y se estructure en base a cuatro \u00f3rganos fundamentales, el Consejo Metropolitano, el Presidente\/a, la Junta de Gobierno y la Comisi\u00f3n Especial de Cuentas, m\u00e1s el Consejo de Alcaldes. El Consejo lo componen 90 consejeros representando a los 36 municipios del \u00e1rea (en funci\u00f3n de las respectivas poblaciones, salvo Barcelona a la que se atribuyen de forma directa 25 consejeros), siendo los alcaldes\/as miembros natos del Consejo.<\/p>\n<\/div>\n<div style=\"text-align: justify\">\n<p class=\"Cos\">Se mantiene as\u00ed un modelo de dos niveles, que reconoce la primac\u00eda del nivel municipal, y que constituye el poder metropolitano a partir de la cooperaci\u00f3n municipal. Esta misma configuraci\u00f3n determina los problemas de su gobernanza a los que aludiremos m\u00e1s adelante.<\/p>\n<\/div>\n<div style=\"text-align: justify\">\n<p class=\"Cos\">II.- Teniendo en cuenta la realidad metropolitana de Barcelona y su actual institucionalizaci\u00f3n: \u00bfCu\u00e1les son los retos que hoy se exigen a este ente institucional que llamamos \u00c1rea Metropolitana de Barcelona? \u00bfC\u00f3mo debe gobernarse el territorio metropolitano en el mundo actual, un mundo globalizado y altamente competitivo, con crisis de legitimidad de las instancias pol\u00edticas, con una sociedad compleja que accede a una informaci\u00f3n desbocada y que mantiene altos niveles de desigualdad y de personas en riesgo de exclusi\u00f3n social?<\/p>\n<\/div>\n<div>\n<p class=\"Cos\" style=\"text-align: justify\">Creemos que puede afirmarse que no obstante <u>los esfuerzos del personal y funcionarios del AMB, todo parece indicar que la instituci\u00f3n no responde a sus potencialidades ni a lo que se requiere de un ente de esta naturaleza<\/u>. Las necesidades de la poblaci\u00f3n del \u00e1rea se han ido incrementando, y tambi\u00e9n las desigualdades internas. La competitividad entre \u00e1reas o \u00e1mbitos territoriales similares a los del AMB se ha incrementado en un mundo globalizado. Las formas de gobernar y de gestionar el territorio se han transformado. La crisis econ\u00f3mica ha incidido en la forma de hacer pol\u00edtica.<\/p>\n<\/div>\n<table class=\" alignright\" style=\"height: 104px;width: 99.9054%;border-collapse: collapse;border-top: 2px solid #000000;border-right-color: #000000;border-bottom-color: #000000;border-left-color: #000000;margin-left: 20px\" cellspacing=\"15\" cellpadding=\"2\">\n<tbody>\n<tr style=\"height: 23px\">\n<td style=\"width: 100%;height: 23px;border: 2px solid #000000;text-align: center\">\n<h3>\u201cActualmente,\u00a0todo parece indicar que el AMB no responde a sus potencialidades ni al que se requiere de un ente de esta naturaleza.\u201d<\/h3>\n<\/td>\n<\/tr>\n<\/tbody>\n<\/table>\n<div>\n<p>&nbsp;<\/p>\n<p>&nbsp;<\/p>\n<p>&nbsp;<\/p>\n<div>\n<p class=\"Cos\" style=\"text-align: justify\">El ejercicio del <span dir=\"RTL\" lang=\"AR-SA\">\u201c<\/span>poder\u201d metropolitano, constituido por sus amplias competencias, debe ser ejercido desde la convicci\u00f3n de que muchas de sus decisiones deben ser fruto del consenso interno con los municipios que integran el AMB y de la colaboraci\u00f3n con otros territorios superiores, y debe contar ineludiblemente con la colaboraci\u00f3n del sector privado. El necesario crecimiento inclusivo y sostenible requiere el consenso con los otros actores institucionales y sociales.<\/p>\n<\/div>\n<div style=\"text-align: justify\">\n<p class=\"Cos\">Esta nueva realidad exige, ya sin demora, reflexionar sobre la gobernanza metropolitana y adoptar nuevas formas de actuaci\u00f3n. Para ayudar a esta reflexi\u00f3n formulamos una serie de propuestas generales que parten del modelo institucional actual. No abordamos, por tanto, dos cuestiones de indiscutible inter\u00e9s pero que exigir\u00edan nuevos consensos tal vez hoy inalcanzables. Me refiero a la ampliaci\u00f3n del \u00e1mbito territorial para ocupar el territorio de la llamada Regi\u00f3n Metropolitana, y por otro lado establecer la elecci\u00f3n directa de los representantes metropolitanos con el fin \u00faltimo de crear una gran ciudad.<\/p>\n<\/div>\n<div style=\"text-align: justify\">\n<p class=\"Cos\">Aceptando, pues, el marco institucional actual, proponemos las siguientes l\u00edneas de reflexi\u00f3n.<\/p>\n<\/div>\n<div style=\"text-align: justify\">\n<p class=\"Cos\"><strong>A<\/strong>. Reconocer, para superarlas, las desconfianzas existentes que han condicionado el devenir de la realidad metropolitana de Barcelona. Por un lado la desconfianza de los municipios, en particular los m\u00e1s peque\u00f1os respecto de Barcelona, y por otro la desconfianza de la Generalitat respecto de un AMB fuerte que act\u00fae como contrapoder del gobierno auton\u00f3mico. De hecho, fueron estas dos desconfianzas las que acabaron con el proyecto del alcalde Maragall.<\/p>\n<\/div>\n<div style=\"text-align: justify\">\n<p class=\"Cos\">Para superar este estado de cosas hay que asumir que la periferia no debe estar al servicio de Barcelona, y Barcelona debe asumir que necesita la periferia. Los municipios que integran el AMB deben entender que el AMB es necesaria para una mejor prestaci\u00f3n de sus servicios y para el respectivo crecimiento econ\u00f3mico, al tiempo que potencia una proyecci\u00f3n exterior de la realidad metropolitana que tambi\u00e9n les beneficia. Se debe actuar de forma solidaria internamente y competitivamente de forma unitaria hacia el exterior. Cada alcalde debe asumir que trabajar a favor del AMB es trabajar al servicio de sus ciudadanos.<\/p>\n<\/div>\n<div style=\"text-align: justify\">\n<p class=\"Cos\">La Generalitat de Catalu\u00f1a debe hacer del crecimiento del AMB un objetivo propio y prioritario, pues este territorio debe ser el motor del desarrollo de la comunidad aut\u00f3noma en su conjunto.<\/p>\n<\/div>\n<div style=\"text-align: justify\">\n<p class=\"Cos\"><strong>B<\/strong>. El AMB es un ente territorial formado por la agrupaci\u00f3n de municipios, pero como ente local territorial no debe olvidar que est\u00e1 al servicio de una colectividad, de un conjunto de ciudadanos y ciudadanas que tienen problemas comunes. Por ello, debe entenderse que el AMB es una instituci\u00f3n al servicio de la colectividad metropolitana. El AMB no debe verse como un territorio en el que prestar servicios municipales de forma coordinada. Los \u00f3rganos de gobierno de la instituci\u00f3n metropolitana deben ejercer sus funciones al servicio de una colectividad real de ciudadanos\/as cuya calidad de vida depende de su actuaci\u00f3n.<\/p>\n<\/div>\n<div style=\"text-align: justify\">\n<p class=\"Cos\">Como ente supramunicipal el AMB tambi\u00e9n debe asumir como funci\u00f3n propia la necesidad de potenciar la instituci\u00f3n como entidad que compite con otras realidades metropolitanas con el fin de atraer capital y talento. El crecimiento econ\u00f3mico del AMB permitir\u00e1 desarrollar nuevas actividades y mejorar las prestaciones a los ciudadanos.<\/p>\n<\/div>\n<div style=\"text-align: justify\">\n<p class=\"Cos\"><strong>C<\/strong>. La organizaci\u00f3n interna del AMB deber\u00eda tratar de equilibrar el centro \u2013periferia. Por un lado, llevando \u00f3rganos propios del AMB por todo el territorio metropolitano y, por otro, potenciando tambi\u00e9n la ubicaci\u00f3n de centros universitarios, escuelas de negocios, instalaciones culturales en todo el espacio metropolitano.<\/p>\n<\/div>\n<div style=\"text-align: justify\">\n<p class=\"Cos\"><strong>D<\/strong>. El gobierno metropolitano requiere un liderazgo fuerte y convencido de la importancia y potencialidades del AMB. Quien presida el AMB, y su equipo de gobierno, deben ejercer este liderazgo. Los municipios por su parte deben ver en el AMB no s\u00f3lo una ayuda para la prestaci\u00f3n de sus servicios a sus respectivos ciudadanos, sino que deben reconocer las ventajas de la metropolitanizaci\u00f3n de determinados servicios, pues ello redunda en un mejor servicio a sus ciudadanos. As\u00ed, la pol\u00edtica de vivienda o de transportes requiere una dimensi\u00f3n metropolitana, del mismo modo que el ciclo del agua (suministro a la poblaci\u00f3n, saneamiento y reutilizaci\u00f3n) debe ser prestado a nivel metropolitano, sin que tenga sentido devolver competencias en este tema a los entes municipales.<\/p>\n<\/div>\n<div style=\"text-align: justify\">\n<p class=\"Cos\">El gobierno metropolitano debe servir para superar escenarios de complejidad y lucha competencial a nivel municipal. Las competencias son poderes instrumentales para el logro de fines de inter\u00e9s general, no una forma de reparto de poder cuyo uso exclusivo debe defenderse en todo caso. Los municipios deben reconocer los beneficios de la fuerza del ente metropolitano, de cuyo gobierno forman parte, en materias como ordenaci\u00f3n del territorio, vivienda, movilidad, ciclo del agua, residuos, defensa del medio ambiente.<\/p>\n<\/div>\n<div style=\"text-align: justify\">\n<p class=\"Cos\"><strong>E<\/strong>. Se debe tratar de reforzar la legitimidad del ente metropolitano. Con este fin se suele defender la elecci\u00f3n directa del gobierno del AMB. Sin negar el inter\u00e9s por este debate, como ya hemos dicho, no proponemos en este momento esta reforma. Pero existen otras v\u00edas que pueden reforzar la legitimidad del AMB. As\u00ed, el tratar de crear una conciencia metropolitana entre los ciudadanos\/as que viven en el \u00e1rea mediante la informaci\u00f3n de las actuaciones del AMB, facilitando la participaci\u00f3n de ciudadanos\/as y sus asociaciones en el gobierno del AMB. Se debe lograr que la realidad f\u00e1ctica de la vida metropolitana de muchos ciudadanos\/as (se desplazan dentro del AMB para trabajar, para recibir prestaciones sanitarias o para asistir a eventos culturales, para ir de compras, etc) se identifique con la existencia de un ente de gobierno metropolitano. El AMB debe lograr tambi\u00e9n una legitimaci\u00f3n que si no es de origen sea de ejercicio, esto es, que se legitime por la eficacia de su actuaci\u00f3n, por la calidad de los servicios que presta, de forma que los ciudadanos vean en esta instituci\u00f3n un \u00f3rgano de gobierno necesario. Por ello debe reforzarse y potenciar el personal a su servicio, con el fin principal de llevar a cabo tareas de planificaci\u00f3n, de regulaci\u00f3n y control de los servicios de su competencia y de proyecci\u00f3n exterior.<\/p>\n<\/div>\n<div style=\"text-align: justify\">\n<p class=\"Cos\">El AMB debe llevar a cabo una pol\u00edtica activa de comunicaci\u00f3n hacia sus ciudadanos\/as, utilizando un lenguaje de explicaci\u00f3n y persuasi\u00f3n sobre sus actividades en beneficio del inter\u00e9s general, destacando su preocupaci\u00f3n por el buen gobierno, la trasparencia y la garant\u00eda de valores \u00e9ticos en su actuaci\u00f3n y en la de los entes y empresas privadas que trabajan con ella.<\/p>\n<\/div>\n<div style=\"text-align: justify\">\n<p class=\"Cos\"><strong>F<\/strong>. La realidad metropolitana requiere una agenda propia separada de la que pueden definir los respectivos municipios. El AMB cuenta con un \u00e1rea encargada de la planificaci\u00f3n estrat\u00e9gica y desde 1986 con el Institut d<span dir=\"RTL\" lang=\"AR-SA\">\u2019<\/span>estudis regionals i metropolitans de Barcelona, y tambi\u00e9n con el Pla Estrat\u00e8gic Metropolit\u00e0 de Barcelona, PEMB. Todos estos instrumentos deben potenciarse con el fin de recabar informaci\u00f3n sobre la que definir las actuaciones a llevar a cabo de forma coordinada. Hay que definir hoy lo que se quiere ser dentro de cincuenta a\u00f1os para empezar a actuar de forma coherente. Los entes municipales deben participar en los procesos de elaboraci\u00f3n de estos documentos y hacer suyas las l\u00edneas de actuaci\u00f3n dise\u00f1adas en los mismos.<\/p>\n<\/div>\n<div style=\"text-align: justify\">\n<p class=\"Cos\"><strong>G<\/strong>. Hay que trabajar de forma decidida en las pol\u00edticas de fomento de la actividad econ\u00f3mica e innovaci\u00f3n. Hay que atraer industria, cl\u00fasteres, fomentar el teletrabajo, y favorecer el <i>coliving<\/i> con el fin de conseguir talento. El \u00e1rea metropolitana de Barcelona, y no s\u00f3lo Barcelona, debe promocionarse como un lugar id\u00f3neo para trabajar y desarrollar las actividades econ\u00f3micas, hoy basadas primordialmente en el talento, y ya no en necesidades de inversi\u00f3n intensiva de capital.<\/p>\n<\/div>\n<div style=\"text-align: justify\">\n<p class=\"Cos\">Del mismo modo se deben atraer ferias, acontecimientos deportivos, congresos cient\u00edficos.<\/p>\n<\/div>\n<div style=\"text-align: justify\">\n<p class=\"Cos\">Barcelona posee una buena marca, pero existe una dura competencia con otras \u00e1reas metropolitanas de dimensi\u00f3n similar. Por ello es importante mejorar la prestaci\u00f3n de servicios, en particular los tecnol\u00f3gicos, de movilidad, de protecci\u00f3n medio ambiental y culturales.<\/p>\n<\/div>\n<div style=\"text-align: justify\">\n<p class=\"Cos\"><strong>H<\/strong>. Las relaciones exteriores son tambi\u00e9n importantes. El AMB debe ser un interlocutor activo en las relaciones con la Generalidad, con la administraci\u00f3n del Estado, con la Uni\u00f3n Europea y con las organizaciones internacionales. El ejercicio de algunas competencias del AMB, como las relativas a transporte, ciclo del agua, medio ambiente o vivienda, no son posibles sin contar con las instancias pol\u00edticas y administrativas superiores. Hay que participar en la definici\u00f3n de estas pol\u00edticas, y luego asumir su aplicaci\u00f3n en el territorio metropolitano Para ello ser\u00eda conveniente institucionalizar formas de participaci\u00f3n, y ganarse el derecho a ser consultada y a ver reconocidas las propuestas por el prestigio de las aportaciones.<\/p>\n<\/div>\n<div style=\"text-align: justify\">\n<p class=\"Cos\">El AMB tambi\u00e9n debe ser un elemento de proyecci\u00f3n exterior de los municipios que la componen, y de la instituci\u00f3n metropolitana como tal, como ente que juega en la liga de los grandes entes locales supramunicipales.<\/p>\n<\/div>\n<div style=\"text-align: justify\">\n<p class=\"Cos\"><strong>I<\/strong>. Las administraciones han perdido el dominio de la ciencia, del saber y de la capacidad de inversi\u00f3n necesaria para atender a necesidades p\u00fablicas. La reciente lucha contra la pandemia del Covid19 lo ha puesto de manifiesto. Un excelente sistema de sanidad p\u00fablica, aunque es cierto que, maltratado en los \u00faltimos a\u00f1os, ha tenido que acudir al mercado a proveerse de medios, ha utilizado centros asistenciales privados, y la vacuna se ha producido desde el sector privado. La gobernanza metropolitana debe reconocer esta realidad y debe fomentar los medios de colaboraci\u00f3n p\u00fablico-privada, CPP, ya sea a trav\u00e9s de la creaci\u00f3n de empresas mixtas o del recurso a los contratos de servicios o de concesi\u00f3n de servicios.<\/p>\n<\/div>\n<div style=\"text-align: justify\">\n<p class=\"Cos\">Este recurso a la CPP debe partir del entendimiento de las respectivas funciones que en el mundo actual corresponden al poder p\u00fablico y al sector privado. El actual Estado garante, y sus diversas administraciones, deben asumir su nuevo rol, su actual posici\u00f3n estrat\u00e9gica al pasar de ser entes prestadores directos de servicios a ser entes garantizadores de su prestaci\u00f3n. Al poder p\u00fablico corresponden las funciones de regular y controlar la prestaci\u00f3n de servicios de inter\u00e9s general, y establecer un marco regulatorio predecible que haga atractiva la inversi\u00f3n privada. El sector privado debe colaborar con el AMB para llevar a cabo de forma eficaz y eficiente muchos de los servicios propios de la instituci\u00f3n, de acuerdo con la normativa p\u00fablica y bajo el control de la propia AMB. La CPP combina conocimientos, capacidades y recursos de las partes interesadas para incrementar la eficiencia y eficacia de las pol\u00edticas p\u00fablicas. Una eficaz pol\u00edtica de vivienda o del servicio del ciclo integral del agua, requieren sin duda la apuesta por estas formas de CPP.<\/p>\n<\/div>\n<div style=\"text-align: justify\">\n<p class=\"Cos\">Lo p\u00fablico no es un \u00e1mbito reservado en exclusiva a los pol\u00edticos y sus administraciones, ya que pertenece al conjunto de los ciudadanos y ciudadanas, que adem\u00e1s de participar con sus votos pueden colaborar con sus propios medios, con sus empresas, en la satisfacci\u00f3n de intereses generales. Hay que tratar de superar La distancia cognitiva ente las partes p\u00fablica y privada para lograr una buena actuaci\u00f3n conjunta al servicio de los intereses generales.<\/p>\n<\/div>\n<div style=\"text-align: justify\">\n<p class=\"Cos\">III. Conclusi\u00f3n.<\/p>\n<\/div>\n<div style=\"text-align: justify\">\n<p class=\"Cos\">Las \u00e1reas metropolitanas son sujetos p\u00fablicos de especial relevancia en el mundo globalizado actual. Como agrupaciones de municipios gobiernan al servicio de amplias colectividades de ciudadanos y ciudadanas, teniendo que dar respuesta a los desaf\u00edos propios de las grandes conurbaciones con el fin de lograr una sociedad interna inclusiva e igualitaria. Pero a su vez deben ser sujetos activos del desarrollo econ\u00f3mico de todo su territorio en un escenario mundial competitivo, tratando de atraer capital y talento. La dimensi\u00f3n metropolitana es necesaria para poder competir en el logro de estos fines.<\/p>\n<\/div>\n<div>\n<p class=\"Cos\" style=\"text-align: justify\">La nueva gobernanza metropolitana no requiere imperativamente reformas territoriales ni cambios de estructuras administrativas, sino pol\u00edticos capaces y comprometidos con el desarrollo de la potencialidad del ente ya existente, que superen recelos anteriores y trabajen de forma solidaria internamente, y como una unidad en la proyecci\u00f3n externa del ente metropolitano, contando para todo ello con la capacidad, los medios y el talento del sector privado.<\/p>\n<\/div>\n<\/div>\n<p>[\/et_pb_text][et_pb_text admin_label=\u00bbShare \u00bb _builder_version=\u00bb4.8.2&#8243; _module_preset=\u00bbdefault\u00bb width=\u00bb26%\u00bb module_alignment=\u00bbleft\u00bb module_alignment_tablet=\u00bbleft\u00bb module_alignment_phone=\u00bbleft\u00bb module_alignment_last_edited=\u00bbon|phone\u00bb border_width_all=\u00bb0px\u00bb]<\/p>\n<table style=\"border-collapse: collapse;width: 0%;height: 22px;border-color: #000000;border: 2px solid\">\n<tbody>\n<tr style=\"height: 22px\">\n<td style=\"width: 11.5332%;height: 22px\">share:<\/td>\n<td style=\"width: 88.4667%;text-align: justify;vertical-align: middle;height: 22px\"><div class=\"sfsi_widget sfsi_shortcode_container\"><div class=\"norm_row sfsi_wDiv \"  style=\"width:200px;text-align:left;\"><div style='width:30px; height:30px;margin-left:10px;margin-bottom:5px; ' class='sfsi_wicons shuffeldiv ' ><div class='inerCnt'><a class=' sficn' data-effect='' target='_blank'  href='' id='sfsiid_twitter_icon' style='width:30px;height:30px;opacity:1;'  ><img data-pin-nopin='true' alt='Twitter' title='Twitter' src='https:\/\/rethinkbcn.cat\/wp-content\/plugins\/ultimate-social-media-icons\/images\/icons_theme\/transparent\/transparent_twitter.png' width='30' height='30' style='' class='sfcm sfsi_wicon ' data-effect=''   \/><\/a><div class=\"sfsi_tool_tip_2 twt_tool_bdr sfsiTlleft\" style=\"opacity:0;z-index:-1;\" id=\"sfsiid_twitter\"><span class=\"bot_arow bot_twt_arow\"><\/span><div class=\"sfsi_inside\"><div  class='icon2'><div class='sf_twiter' style='display: inline-block;vertical-align: middle;width: auto;'>\r\n\t\t\t\t\t\t<a target='_blank' href='https:\/\/twitter.com\/intent\/tweet?text=Hey%2C+check+out+this+cool+site+I+found%3A+www.rethinkbcn.cat+%23Topic+via%40my_twitter_name+https:\/\/rethinkbcn.cat\/es\/wp-json\/wp\/v2\/posts\/8213\/' style='display:inline-block' >\r\n\t\t\t\t\t\t\t<img data-pin-nopin= true class='sfsi_wicon' src='https:\/\/rethinkbcn.cat\/wp-content\/plugins\/ultimate-social-media-icons\/images\/share_icons\/Twitter_Tweet\/en_US_Tweet.svg' alt='Tweet' title='Tweet' >\r\n\t\t\t\t\t\t<\/a>\r\n\t\t\t\t\t<\/div><\/div><\/div><\/div><\/div><\/div><div style='width:30px; height:30px;margin-left:10px;margin-bottom:5px; ' class='sfsi_wicons shuffeldiv ' ><div class='inerCnt'><a class=' sficn' data-effect='' target='_blank'  href='' id='sfsiid_linkedin_icon' style='width:30px;height:30px;opacity:1;'  ><img data-pin-nopin='true' alt='' title='' src='https:\/\/rethinkbcn.cat\/wp-content\/plugins\/ultimate-social-media-icons\/images\/icons_theme\/transparent\/transparent_linkedin.png' width='30' height='30' style='' class='sfcm sfsi_wicon ' data-effect=''   \/><\/a><div class=\"sfsi_tool_tip_2 linkedin_tool_bdr sfsiTlleft\" style=\"opacity:0;z-index:-1;\" id=\"sfsiid_linkedin\"><span class=\"bot_arow bot_linkedin_arow\"><\/span><div class=\"sfsi_inside\"><div  class='icon2'><a target='_blank' href=\"https:\/\/www.linkedin.com\/shareArticle?url=https%3A%2F%2Frethinkbcn.cat%2Fes%2Fwp-json%2Fwp%2Fv2%2Fposts%2F8213%2F\"><img class=\"sfsi_wicon\" data-pin-nopin= true alt=\"Share\" title=\"Share\" src=\"https:\/\/rethinkbcn.cat\/wp-content\/plugins\/ultimate-social-media-icons\/images\/share_icons\/Linkedin_Share\/en_US_share.svg\" \/><\/a><\/div><\/div><\/div><\/div><\/div><div style='width:30px; height:30px;margin-left:10px;margin-bottom:5px; ' class='sfsi_wicons shuffeldiv ' ><div class='inerCnt'><a class=' sficn' data-effect='' target='_blank'  href='https:\/\/api.whatsapp.com\/send?text=https:\/\/rethinkbcn.cat\/es\/joaquin-tornos-mas-una-nueva-gobernanza-para-el-amb\/' id='sfsiid_whatsapp_icon' style='width:30px;height:30px;opacity:1;'  ><img data-pin-nopin='true' alt='' title='' src='https:\/\/rethinkbcn.cat\/wp-content\/plugins\/ultimate-social-media-icons\/images\/icons_theme\/transparent\/transparent_whatsapp.png' width='30' height='30' style='' class='sfcm sfsi_wicon ' data-effect=''   \/><\/a><\/div><\/div><div style='width:30px; height:30px;margin-left:10px;margin-bottom:5px; ' class='sfsi_wicons shuffeldiv ' ><div class='inerCnt'><a class=' sficn' data-effect='' target='_blank'  href='https:\/\/api.follow.it\/widgets\/icon\/VUlqbFQ4d1I5d05jbFdNRWdXaThSK0Vza3RBcDZrT3Y4akNldzhxUVBmUFNjQ3dlUnpnQVphRFVNcm40SXZGaFczK01jOFF0SExaMGNIWi9BZy96S2MydkgzaDNWWFBjYU9MbjY5M3lUcjVLYU5TN3NOaEs3VmJ4bytROHI4b1d8eEV6SFU5OTFjQ1B0YkRJNkEzUlJEbEhIWVRkZGM0b0FRTEQyRDlyb2o2UT0=\/OA==\/' id='sfsiid_email_icon' style='width:30px;height:30px;opacity:1;'  ><img data-pin-nopin='true' alt='Follow by Email' title='Follow by Email' src='https:\/\/rethinkbcn.cat\/wp-content\/plugins\/ultimate-social-media-icons\/images\/icons_theme\/transparent\/transparent_email.png' width='30' height='30' style='' class='sfcm sfsi_wicon ' data-effect=''   \/><\/a><\/div><\/div><\/div ><div id=\"sfsi_holder\" class=\"sfsi_holders\" style=\"position: relative; float: left;width:100%;z-index:-1;\"><\/div ><script>window.addEventListener(\"sfsi_functions_loaded\", function() \r\n\t\t\t{\r\n\t\t\t\tif (typeof sfsi_widget_set == \"function\") {\r\n\t\t\t\t\tsfsi_widget_set();\r\n\t\t\t\t}\r\n\t\t\t}); <\/script><div style=\"clear: both;\"><\/div><\/div><\/td>\n<\/tr>\n<\/tbody>\n<\/table>\n<p>[\/et_pb_text][\/et_pb_column][\/et_pb_row][\/et_pb_section][et_pb_section fb_built=\u00bb1&#8243; fullwidth=\u00bbon\u00bb _builder_version=\u00bb4.8.2&#8243; _module_preset=\u00bbdefault\u00bb da_disable_devices=\u00bboff|off|off\u00bb border_width_bottom=\u00bb2px\u00bb da_is_popup=\u00bboff\u00bb da_exit_intent=\u00bboff\u00bb da_has_close=\u00bbon\u00bb da_alt_close=\u00bboff\u00bb da_dark_close=\u00bboff\u00bb da_not_modal=\u00bbon\u00bb da_is_singular=\u00bboff\u00bb da_with_loader=\u00bboff\u00bb da_has_shadow=\u00bbon\u00bb][et_pb_fullwidth_code admin_label=\u00bbRatlla horitzontal\u00bb _builder_version=\u00bb4.8.2&#8243; _module_preset=\u00bbdefault\u00bb][\/et_pb_fullwidth_code][\/et_pb_section][et_pb_section fb_built=\u00bb1&#8243; _builder_version=\u00bb4.8.2&#8243; _module_preset=\u00bbdefault\u00bb custom_margin=\u00bb||-30px||false|false\u00bb custom_margin_tablet=\u00bb||-90px||false|false\u00bb custom_margin_phone=\u00bb||-80px||false|false\u00bb custom_margin_last_edited=\u00bbon|phone\u00bb da_disable_devices=\u00bboff|off|off\u00bb da_is_popup=\u00bboff\u00bb da_exit_intent=\u00bboff\u00bb da_has_close=\u00bbon\u00bb da_alt_close=\u00bboff\u00bb da_dark_close=\u00bboff\u00bb da_not_modal=\u00bbon\u00bb da_is_singular=\u00bboff\u00bb da_with_loader=\u00bboff\u00bb da_has_shadow=\u00bbon\u00bb][et_pb_row _builder_version=\u00bb4.8.2&#8243; _module_preset=\u00bbdefault\u00bb][et_pb_column type=\u00bb4_4&#8243; _builder_version=\u00bb4.8.2&#8243; _module_preset=\u00bbdefault\u00bb][et_pb_text admin_label=\u00bbAltres articles\u00bb _builder_version=\u00bb4.9.0&#8243; _module_preset=\u00bbdefault\u00bb]<\/p>\n<h3>ALTRES ARTICLES<\/h3>\n<p><div class='yarpp yarpp-related yarpp-related-shortcode yarpp-template-thumbnails'>\n<!-- YARPP Thumbnails -->\n<h3><\/h3>\n<div class=\"yarpp-thumbnails-horizontal\">\n<a class='yarpp-thumbnail' rel='norewrite' href='https:\/\/rethinkbcn.cat\/es\/eduard-martin-barcelona-una-gran-area-metropolitana-conectada-por-el-5g\/' title='EDUARD MART\u00cdN:  BARCELONA, UNA GRAN \u00c1REA METROPOLITANA CONECTADA POR EL 5G'>\n<img width=\"117\" height=\"120\" src=\"https:\/\/rethinkbcn.cat\/wp-content\/uploads\/2021\/01\/barcelona-metropolism.jpg\" class=\"attachment-yarpp-thumbnail size-yarpp-thumbnail wp-post-image\" alt=\"\" loading=\"lazy\" data-pin-nopin=\"true\" \/><span class=\"yarpp-thumbnail-title\">EDUARD MART\u00cdN:  BARCELONA, UNA GRAN \u00c1REA METROPOLITANA CONECTADA POR EL 5G<\/span><\/a>\n<a class='yarpp-thumbnail' rel='norewrite' href='https:\/\/rethinkbcn.cat\/es\/xavier-marce-turismo-a-escala-metropolitana\/' title='XAVIER MARC\u00c9:  TURISMO A ESCALA METROPOLITANA'>\n<img width=\"117\" height=\"120\" src=\"https:\/\/rethinkbcn.cat\/wp-content\/uploads\/2021\/01\/barcelona-metropolism.jpg\" class=\"attachment-yarpp-thumbnail size-yarpp-thumbnail wp-post-image\" alt=\"\" loading=\"lazy\" data-pin-nopin=\"true\" \/><span class=\"yarpp-thumbnail-title\">XAVIER MARC\u00c9:  TURISMO A ESCALA METROPOLITANA<\/span><\/a>\n<a class='yarpp-thumbnail' rel='norewrite' href='https:\/\/rethinkbcn.cat\/es\/cooperacion-sensibilidad-social-sostenibilidad-y-cogovernanza-las-claves-de-la-gestion-metropolitana-del-futuro\/' title='COOPERACI\u00d3N, SENSIBILIDAD SOCIAL, SOSTENIBILIDAD Y COGOVERNANZA, LAS CLAVES DE LA GESTI\u00d3N METROPOLITANA DEL FUTURO'>\n<img width=\"117\" height=\"120\" src=\"https:\/\/rethinkbcn.cat\/wp-content\/uploads\/2021\/01\/barcelona-metropolism.jpg\" class=\"attachment-yarpp-thumbnail size-yarpp-thumbnail wp-post-image\" alt=\"\" loading=\"lazy\" data-pin-nopin=\"true\" \/><span class=\"yarpp-thumbnail-title\">COOPERACI\u00d3N, SENSIBILIDAD SOCIAL, SOSTENIBILIDAD Y COGOVERNANZA, LAS CLAVES DE LA GESTI\u00d3N METROPOLITANA DEL FUTURO<\/span><\/a>\n<a class='yarpp-thumbnail' rel='norewrite' href='https:\/\/rethinkbcn.cat\/es\/vicenteguallardbarcelona-metropolis-como-biociudad\/' title='VICENTE GUALLART:  EL RETO DE BARCELONA METR\u00d3POLIS COMO UNA BIOCIUDAD'>\n<img width=\"117\" height=\"120\" src=\"https:\/\/rethinkbcn.cat\/wp-content\/uploads\/2021\/01\/barcelona-metropolism.jpg\" class=\"attachment-yarpp-thumbnail size-yarpp-thumbnail wp-post-image\" alt=\"\" loading=\"lazy\" data-pin-nopin=\"true\" \/><span class=\"yarpp-thumbnail-title\">VICENTE GUALLART:  EL RETO DE BARCELONA METR\u00d3POLIS COMO UNA BIOCIUDAD<\/span><\/a>\n<\/div>\n<\/div>\n<br \/>\n[\/et_pb_text][\/et_pb_column][\/et_pb_row][\/et_pb_section][et_pb_section fb_built=\u00bb1&#8243; fullwidth=\u00bbon\u00bb disabled_on=\u00bbon|on|on\u00bb _builder_version=\u00bb4.8.2&#8243; _module_preset=\u00bbdefault\u00bb custom_margin_tablet=\u00bb-70px||||false|false\u00bb custom_margin_phone=\u00bb\u00bb custom_margin_last_edited=\u00bbon|tablet\u00bb da_disable_devices=\u00bboff|off|off\u00bb border_width_bottom=\u00bb2px\u00bb disabled=\u00bbon\u00bb da_is_popup=\u00bboff\u00bb da_exit_intent=\u00bboff\u00bb da_has_close=\u00bbon\u00bb da_alt_close=\u00bboff\u00bb da_dark_close=\u00bboff\u00bb da_not_modal=\u00bbon\u00bb da_is_singular=\u00bboff\u00bb da_with_loader=\u00bboff\u00bb da_has_shadow=\u00bbon\u00bb][et_pb_fullwidth_code admin_label=\u00bbRatlla horitzontal\u00bb _builder_version=\u00bb4.8.2&#8243; _module_preset=\u00bbdefault\u00bb][\/et_pb_fullwidth_code][\/et_pb_section][et_pb_section fb_built=\u00bb1&#8243; disabled_on=\u00bbon|on|on\u00bb _builder_version=\u00bb4.8.2&#8243; _module_preset=\u00bbdefault\u00bb da_disable_devices=\u00bboff|off|off\u00bb disabled=\u00bbon\u00bb da_is_popup=\u00bboff\u00bb da_exit_intent=\u00bboff\u00bb da_has_close=\u00bbon\u00bb da_alt_close=\u00bboff\u00bb da_dark_close=\u00bboff\u00bb da_not_modal=\u00bbon\u00bb da_is_singular=\u00bboff\u00bb da_with_loader=\u00bboff\u00bb da_has_shadow=\u00bbon\u00bb][et_pb_row _builder_version=\u00bb4.8.2&#8243; _module_preset=\u00bbdefault\u00bb][et_pb_column type=\u00bb4_4&#8243; _builder_version=\u00bb4.8.2&#8243; _module_preset=\u00bbdefault\u00bb][et_pb_text admin_label=\u00bbText %22Veure tots els cicles%22&#8243; _builder_version=\u00bb4.8.2&#8243; _module_preset=\u00bbdefault\u00bb]<\/p>\n<h3>VEURE TOTS ELS CICLES<\/h3>\n<p>[\/et_pb_text][\/et_pb_column][\/et_pb_row][et_pb_row column_structure=\u00bb1_3,1_3,1_3&#8243; disabled_on=\u00bboff|on|off\u00bb _builder_version=\u00bb4.8.2&#8243; _module_preset=\u00bbdefault\u00bb width_tablet=\u00bb50%\u00bb width_phone=\u00bb70%\u00bb width_last_edited=\u00bbon|phone\u00bb module_alignment=\u00bbcenter\u00bb][et_pb_column type=\u00bb1_3&#8243; _builder_version=\u00bb4.8.2&#8243; _module_preset=\u00bbdefault\u00bb][et_pb_image src=\u00bbhttps:\/\/rethinkbcn.cat\/wp-content\/uploads\/2021\/02\/caixa-1b.jpg\u00bb title_text=\u00bbcaixa-1b\u00bb url=\u00bb\/category\/cicle-1\/\u00bb align=\u00bbcenter\u00bb admin_label=\u00bbCicles per escriptori i m\u00f2bil\u00bb _builder_version=\u00bb4.8.2&#8243; _module_preset=\u00bbdefault\u00bb module_alignment=\u00bbcenter\u00bb][\/et_pb_image][\/et_pb_column][et_pb_column type=\u00bb1_3&#8243; _builder_version=\u00bb4.8.2&#8243; _module_preset=\u00bbdefault\u00bb][et_pb_image src=\u00bbhttps:\/\/rethinkbcn.cat\/wp-content\/uploads\/2021\/02\/caixa-2b.jpg\u00bb title_text=\u00bbcaixa-2b\u00bb align=\u00bbcenter\u00bb _builder_version=\u00bb4.8.2&#8243; _module_preset=\u00bbdefault\u00bb][\/et_pb_image][\/et_pb_column][et_pb_column type=\u00bb1_3&#8243; _builder_version=\u00bb4.8.2&#8243; _module_preset=\u00bbdefault\u00bb][et_pb_image src=\u00bbhttps:\/\/rethinkbcn.cat\/wp-content\/uploads\/2021\/02\/caixa-3b.jpg\u00bb title_text=\u00bbcaixa-3b\u00bb align=\u00bbcenter\u00bb _builder_version=\u00bb4.8.2&#8243; _module_preset=\u00bbdefault\u00bb][\/et_pb_image][\/et_pb_column][\/et_pb_row][et_pb_row column_structure=\u00bb1_3,1_3,1_3&#8243; disabled_on=\u00bbon|off|on\u00bb _builder_version=\u00bb4.8.2&#8243; _module_preset=\u00bbdefault\u00bb width=\u00bb100%\u00bb width_tablet=\u00bb90%\u00bb width_phone=\u00bb70%\u00bb width_last_edited=\u00bbon|tablet\u00bb module_alignment=\u00bbcenter\u00bb custom_margin=\u00bb||-20px||false|false\u00bb][et_pb_column type=\u00bb1_3&#8243; _builder_version=\u00bb4.8.2&#8243; _module_preset=\u00bbdefault\u00bb custom_css_main_element=\u00bbwidth: 33%!important;\u00bb][et_pb_image src=\u00bbhttps:\/\/rethinkbcn.cat\/wp-content\/uploads\/2021\/02\/caixa-1b.jpg\u00bb title_text=\u00bbcaixa-1b\u00bb url=\u00bb\/category\/cicle-1\/\u00bb align=\u00bbcenter\u00bb admin_label=\u00bbCicles per a tablet\u00bb _builder_version=\u00bb4.8.2&#8243; _module_preset=\u00bbdefault\u00bb module_alignment=\u00bbcenter\u00bb][\/et_pb_image][\/et_pb_column][et_pb_column type=\u00bb1_3&#8243; _builder_version=\u00bb4.8.2&#8243; _module_preset=\u00bbdefault\u00bb custom_css_main_element=\u00bbwidth: 33%!important;\u00bb][et_pb_image src=\u00bbhttps:\/\/rethinkbcn.cat\/wp-content\/uploads\/2021\/02\/caixa-2b.jpg\u00bb title_text=\u00bbcaixa-2b\u00bb align=\u00bbcenter\u00bb _builder_version=\u00bb4.8.2&#8243; _module_preset=\u00bbdefault\u00bb][\/et_pb_image][\/et_pb_column][et_pb_column type=\u00bb1_3&#8243; _builder_version=\u00bb4.8.2&#8243; _module_preset=\u00bbdefault\u00bb custom_css_main_element=\u00bbwidth: 33%!important;\u00bb][et_pb_image src=\u00bbhttps:\/\/rethinkbcn.cat\/wp-content\/uploads\/2021\/02\/caixa-3b.jpg\u00bb title_text=\u00bbcaixa-3b\u00bb align=\u00bbcenter\u00bb _builder_version=\u00bb4.8.2&#8243; _module_preset=\u00bbdefault\u00bb][\/et_pb_image][\/et_pb_column][\/et_pb_row][\/et_pb_section]<\/p>\n","protected":false},"excerpt":{"rendered":"<p>Joaqu\u00edn Tornos Mas reflexiona sobre el \u00c1rea Metropolitana de Barcelona.<br \/>\n&#8211;<\/p>\n","protected":false},"author":3,"featured_media":4842,"comment_status":"open","ping_status":"open","sticky":false,"template":"","format":"standard","meta":{"_et_pb_use_builder":"on","_et_pb_old_content":"<p>[et_pb_section fb_built=\"1\" disabled_on=\"off|off|off\" _builder_version=\"4.8.2\" _module_preset=\"default\" custom_margin=\"||||false|false\" da_disable_devices=\"off|off|off\" da_is_popup=\"off\" da_exit_intent=\"off\" da_has_close=\"on\" da_alt_close=\"off\" da_dark_close=\"off\" da_not_modal=\"on\" da_is_singular=\"off\" da_with_loader=\"off\" da_has_shadow=\"on\"][et_pb_row _builder_version=\"4.8.1\" _module_preset=\"default\"][et_pb_column type=\"4_4\" _builder_version=\"4.8.1\" _module_preset=\"default\"][et_pb_text admin_label=\"Titular entrada\" _builder_version=\"4.9.0\" _module_preset=\"default\" text_font=\"Averta Light||||||||\" header_font_size=\"36px\" header_4_font=\"Averta regular||||||||\" header_4_font_size=\"20px\" header_4_line_height=\"1.6em\" header_5_line_height=\"1.6em\" header_6_font=\"Averta regular||||||||\" header_6_font_size=\"16px\" header_6_line_height=\"1.2em\" header_font_size_tablet=\"30px\" header_font_size_phone=\"24px\" header_font_size_last_edited=\"on|phone\" header_6_font_size_tablet=\"\" header_6_font_size_phone=\"16px\" header_6_font_size_last_edited=\"on|phone\"]<\/p><h1 style=\"text-align: center;\">UNA NUEVA GOVERNANZA PARA LA AMB<\/h1><div style=\"text-align: center;\"><span lang=\"CA\">Tornos defensa una ampliaci\u00f3 de l'\u00e0mbit territorial per ocupar el territori de l'anomenada Regi\u00f3 Metropolitana, i establir l'elecci\u00f3 directa dels representants metropolitans amb la fi \u00faltima de crear una gran ciutat.<\/span><\/div><p>[\/et_pb_text][et_pb_image src=\"https:\/\/rethink.mtconsulting.es\/wp-content\/uploads\/2021\/02\/Gonzalo-Goytisolo-Gil_-La-font-magica-scaled.jpg\" title_text=\"Gonzalo-Goytisolo-Gil_--La-font-magica\" admin_label=\"Imatge entrada\" _builder_version=\"4.8.2\" _module_preset=\"default\"][\/et_pb_image][et_pb_text disabled_on=\"on|on|off\" admin_label=\"Text entrada escriptori\" _builder_version=\"4.9.0\" _module_preset=\"default\" text_font=\"Averta Light||||||||\" header_font_size=\"36px\" header_4_font=\"Averta regular||||||||\" header_4_font_size=\"20px\" header_4_line_height=\"1.6em\" header_5_line_height=\"1.6em\" header_6_font=\"Averta regular||||||||\" header_6_font_size=\"16px\" header_6_line_height=\"1.5em\" hover_enabled=\"0\" header_font_size_tablet=\"30px\" header_font_size_phone=\"24px\" header_font_size_last_edited=\"on|phone\" header_6_font_size_tablet=\"\" header_6_font_size_phone=\"14px\" header_6_font_size_last_edited=\"on|phone\" sticky_enabled=\"0\"]<\/p><p style=\"text-align: justify;\"><strong><span lang=\"CA\">Per Joaqu\u00edn Tornos Mas, Catedr\u00e0tic de Dret Administratiu.<\/span><\/strong><\/p><p style=\"text-align: justify;\">I. En l'actualitat m\u00e9s de la meitat de la poblaci\u00f3 mundial viu en \u00e0rees urbanes, i aquesta proporci\u00f3 segurament s'anir\u00e0 incrementant en els pr\u00f2xims anys. Aquestes \u00e0rees es constitueixen en motors del creixement econ\u00f2mic i d'innovaci\u00f3, per\u00f2 al mateix temps han de fer front a greus mancances de serveis socials i infraestructures, generen problemes de mobilitat i acreixen els problemes mediambientals.<br \/>Aquesta realitat metropolitana ha estat present en el cas de Barcelona i el seu entorn des de fa molts anys. El Decret llei 5\/1974 de 26 d'agost va crear l'Entitat Municipal Metropolitana de Barcelona, regida com una Corporaci\u00f3 Metropolitana, com a entitat local supramunicipal. El seu impuls i potenciaci\u00f3 per l'alcalde Pascual Maragall va portar a l'enfrontament amb el President de la Generalitat Jordi Pujol, que veia en aquesta entitat un contrapoder al d'una Generalitat encara incipient. La llei 7\/1987 del 4 d'abril va suprimir la EMM, i va crear dos \u00e0mbits funcionals metropolitans diversos (l'entitat metropolitana del transport i l'entitat metropolitana de serveis hidr\u00e0ulics i del tractament de residus). L'Estatut d'Autonomia, llei org\u00e0nica 6\/2006 de 19 de juliol, va impulsar en el seu article 93 la creaci\u00f3 d'un nou ens territorial que institucionalitz\u00e9s de nou, i amb m\u00e9s for\u00e7a, la realitat metropolitana de Barcelona. Anys m\u00e9s tard es va donar resposta a aquesta voluntat metropolitana amb la creaci\u00f3 de l'\u00c0rea Metropolitana de Barcelona, AMB, mitjan\u00e7ant la llei 31\/2010.<br \/>L'article 1,2 de la llei defineix el nou ens com a ens local supramunicipal de car\u00e0cter territorial integrat pels municipis de la urbanitzaci\u00f3 de Barcelona. L'article 14 enumera les compet\u00e8ncies d'aquest nou ens, mentre que l'article 13,2 afirma que \u201cla AMB pot prestar els serveis i promoure les activitats que contribueixin a satisfer les necessitats i les aspiracions dels municipis que la integren\u201d.<br \/>Cal destacar dues idees b\u00e0siques d'aquests dos preceptes. L'AMB \u00e9s un ens local territorial, per tant, es configura com una instituci\u00f3 local amb finalitats generals, per la qual cosa de conformitat amb el principi de subsidiarietat ha de poder disposar d'amplis poders i compet\u00e8ncies per a poder dur a terme tot el que sigui d'inter\u00e8s dels municipis que la componen, tot all\u00f2 que pot gestionar de forma m\u00e9s eficient que els nivells territorials inferiors i superiors. Per aix\u00f2, la llei de 2010 duu a terme una atribuci\u00f3 \u201cforta\u201d de compet\u00e8ncies. Per\u00f2, d'altra banda, l'AMB est\u00e0 integrada pels municipis del seu \u00e0mbit territorial, per la qual cosa aquest ens local no \u00e9s exponencial d'una col\u00b7lectivitat metropolitana de ciutadans, encara per construir, sin\u00f3 que ha d'actuar al servei de les necessitats i aspiracions dels municipis que la componen. Uns municipis que precisen d'un ens supramunicipal que ajudi a la millor prestaci\u00f3 dels seus serveis.<br \/>Aquesta configuraci\u00f3 jur\u00eddica de l'ens metropolit\u00e0 explica que el seu govern es tri\u00ef de manera indirecta i s'estructuri sobre la base de quatre \u00f2rgans fonamentals: el Consell Metropolit\u00e0, el President\/a, la Junta de Govern i la Comissi\u00f3 Especial de Comptes, m\u00e9s el Consell d'Alcaldes. El Consell el componen 90 consellers representant als 36 municipis de l'\u00e0rea (en funci\u00f3 de les respectives poblacions, excepte Barcelona a la qual s'atribueixen de manera directa 25 consellers), sent els alcaldes\/as membres nats del Consell.<\/p><p style=\"text-align: justify;\">Es mant\u00e9 aix\u00ed un model de dos nivells, que reconeix la primacia del nivell municipal, i que constitueix el poder metropolit\u00e0 a partir de la cooperaci\u00f3 municipal. Aquesta mateixa configuraci\u00f3 determina els problemes de la seva governan\u00e7a als quals al\u00b7ludirem m\u00e9s endavant.<\/p><p style=\"text-align: justify;\">II.- Tenint en compte la realitat metropolitana de Barcelona i la seva actual institucionalitzaci\u00f3: Quins s\u00f3n els reptes que avui s'exigeixen a aquest ens institucional que anomenem \u00c0rea Metropolitana de Barcelona? Com ha de governar-se el territori metropolit\u00e0 en el m\u00f3n actual, un m\u00f3n globalitzat i altament competitiu, amb crisi de legitimitat de les inst\u00e0ncies pol\u00edtiques, amb una societat complexa que accedeix a una informaci\u00f3 desbocada i que mant\u00e9 alts nivells de desigualtat i de persones en risc d'exclusi\u00f3 social?<br \/>Creiem que pot afirmar-se que, no obstant aix\u00f2, els esfor\u00e7os del personal i funcionaris de l'AMB, tot sembla indicar que la instituci\u00f3 no respon a les seves potencialitats ni al que es requereix d'un ens d'aquesta naturalesa. Les necessitats de la poblaci\u00f3 de l'\u00e0rea s'han anat incrementant, i tamb\u00e9 les desigualtats internes. La competitivitat entre \u00e0rees o \u00e0mbits territorials similars als de l'AMB s'ha incrementat en un m\u00f3n globalitzat. Les maneres de governar i de gestionar el territori s'han transformat. La crisi econ\u00f2mica ha incidit en la manera de fer pol\u00edtica.<\/p><table class=\" alignright\" style=\"height: 23px; width: 25%; border-collapse: collapse; border-top: 2px solid #000000; border-right-color: #000000; border-bottom-color: #000000; border-left-color: #000000; margin-left: 20px;\" cellspacing=\"15\" cellpadding=\"2\"><tbody><tr style=\"height: 23px;\"><td style=\"width: 100%; height: 23px; border: 2px solid #000;\"><h4>\u201cActualment,\u00a0tot sembla indicar que l'AMB no respon a les seves potencialitats ni al que es requereix d'un ens d'aquesta naturalesa.\u201d<\/h4><\/td><\/tr><\/tbody><\/table><p style=\"text-align: justify;\">L'exercici del \u201cpoder\u201d metropolit\u00e0, constitu\u00eft per les seves \u00e0mplies compet\u00e8ncies, ha de ser exercit des de la convicci\u00f3 que moltes de les seves decisions han de ser fruit del consens intern amb els municipis que integren l'AMB i de la col\u00b7laboraci\u00f3 amb altres territoris superiors, i ha de comptar ineludiblement amb la col\u00b7laboraci\u00f3 del sector privat. El necessari creixement inclusiu i sostenible requereix el consens amb els altres actors institucionals i socials.<br \/>Aquesta nova realitat exigeix, ja sense demora, reflexionar sobre la governan\u00e7a metropolitana i adoptar noves formes d'actuaci\u00f3. Per a ajudar a aquesta reflexi\u00f3 formulem una s\u00e8rie de propostes generals que parteixen del model institucional actual. No abordem, per tant, dues q\u00fcestions d'indiscutible inter\u00e8s per\u00f2 que exigirien nous consensos tal vegada avui inassolibles. Em refereixo a l'ampliaci\u00f3 de l'\u00e0mbit territorial per a ocupar el territori de l'anomenada Regi\u00f3 Metropolitana, i d'altra banda establir l'elecci\u00f3 directa dels representants metropolitans amb la fi \u00faltima de crear una gran ciutat.<\/p><p style=\"text-align: justify;\">Acceptant, doncs, el marc institucional actual, proposem les seg\u00fcents l\u00ednies de reflexi\u00f3:<\/p><p style=\"text-align: justify;\"><strong>A<\/strong>. Recon\u00e8ixer, per a superar-les, les desconfiances existents que han condicionat l'esdevenir de la realitat metropolitana de Barcelona. D'una banda, la desconfian\u00e7a dels municipis, en particular els m\u00e9s petits respecte de Barcelona, i per un altre la desconfian\u00e7a de la Generalitat respecte d'una AMB forta que actu\u00ef com a contrapoder del govern auton\u00f2mic. De fet, van ser aquestes dues desconfiances les que van acabar amb el projecte de l'alcalde Maragall.<\/p><p style=\"text-align: justify;\">Per a superar aquest estat de coses cal assumir que la perif\u00e8ria no ha d'estar al servei de Barcelona, i Barcelona ha d'assumir que necessita la perif\u00e8ria. Els municipis que integren l'AMB han d'entendre que l'AMB \u00e9s necess\u00e0ria per a una millor prestaci\u00f3 dels seus serveis i per al respectiu creixement econ\u00f2mic, al mateix temps que potencia una projecci\u00f3 exterior de la realitat metropolitana que tamb\u00e9 els beneficia. S'ha d'actuar de manera solid\u00e0ria internament i competitivament de manera unit\u00e0ria cap a l'exterior. Cada alcalde ha d'assumir que treballar a favor de la AMB \u00e9s treballar al servei dels seus ciutadans.<\/p><p style=\"text-align: justify;\">La Generalitat de Catalunya ha de fer del creixement de l'AMB un objectiu propi i prioritari, perqu\u00e8 aquest territori ha de ser el motor del desenvolupament de la comunitat aut\u00f2noma en el seu conjunt.<\/p><p style=\"text-align: justify;\"><strong>B<\/strong>. L'AMB \u00e9s un ens territorial format per l'agrupaci\u00f3 de municipis, per\u00f2 com a ens local territorial no ha d'oblidar que est\u00e0 al servei d'una col\u00b7lectivitat, d'un conjunt de ciutadans i ciutadanes que tenen problemes comuns. Per aix\u00f2, ha d'entendre's que l'AMB \u00e9s una instituci\u00f3 al servei de la col\u00b7lectivitat metropolitana. L'AMB no ha de veure's com un territori en el qual prestar serveis municipals de manera coordinada. Els \u00f2rgans de govern de la instituci\u00f3 metropolitana han d'exercir les seves funcions al servei d'una col\u00b7lectivitat real de ciutadans\/as la qualitat de vida del qual dep\u00e8n de la seva actuaci\u00f3.<br \/>Com a ens supramunicipal l'AMB tamb\u00e9 ha d'assumir com a funci\u00f3 pr\u00f2pia la necessitat de potenciar la instituci\u00f3 com a entitat que competeix amb altres realitats metropolitanes amb la finalitat d'atreure capital i talent. El creixement econ\u00f2mic de l'AMB permetr\u00e0 desenvolupar noves activitats i millorar les prestacions als ciutadans.<\/p><p style=\"text-align: justify;\"><strong>C<\/strong>. L'organitzaci\u00f3 interna de la AMB hauria de tractar d'equilibrar el centre \u2013perif\u00e8ria. D'una banda, portant \u00f2rgans propis de la AMB per tot el territori metropolit\u00e0 i, per un altre, potenciant tamb\u00e9 la ubicaci\u00f3 de centres universitaris, escoles de negocis, instal\u00b7lacions culturals en tot l'espai metropolit\u00e0.<\/p><p style=\"text-align: justify;\"><strong>D<\/strong>. El govern metropolit\u00e0 requereix un lideratge fort i conven\u00e7ut de la import\u00e0ncia i potencialitats de l'AMB. Qui presideixi l'AMB, i el seu equip de govern, han d'exercir aquest lideratge. Els municipis per la seva part han de veure en l'AMB no sols una ajuda per a la prestaci\u00f3 dels seus serveis als seus respectius ciutadans, sin\u00f3 que han de recon\u00e8ixer els avantatges de la metropolitanizaci\u00f3n de determinats serveis, perqu\u00e8 aix\u00f2 redunda en un millor servei als seus ciutadans. Aix\u00ed, la pol\u00edtica d'habitatge o de transports requereix una dimensi\u00f3 metropolitana, de la mateixa manera que el cicle de l'aigua (subministrament a la poblaci\u00f3, sanejament i reutilitzaci\u00f3) ha de ser prestat a nivell metropolit\u00e0, sense que tingui sentit retornar compet\u00e8ncies en aquest tema als ens municipals.<br \/>El govern metropolit\u00e0 ha de servir per a superar escenaris de complexitat i lluita competencial a nivell municipal. Les compet\u00e8ncies s\u00f3n poders instrumentals per a l'assoliment de fins d'inter\u00e8s general, no una forma de repartiment de poder l'\u00fas exclusiu del qual ha de defensar-se en tot cas. Els municipis han de recon\u00e8ixer els beneficis de la for\u00e7a de l'ens metropolit\u00e0, del govern del qual formen part, en mat\u00e8ries com a ordenaci\u00f3 del territori, habitatge, mobilitat, cicle de l'aigua, residus, defensa del medi ambient.<\/p><p style=\"text-align: justify;\"><strong>E<\/strong>. S'ha de tractar de refor\u00e7ar la legitimitat de l'ens metropolit\u00e0. A aquest efecte se sol defensar l'elecci\u00f3 directa del govern de l'AMB. Sense negar l'inter\u00e8s per aquest debat, com ja hem dit, no proposem en aquest moment aquesta reforma. Per\u00f2 existeixen altres vies que poden refor\u00e7ar la legitimitat de l'AMB. Aix\u00ed, el tractar de crear una consci\u00e8ncia metropolitana entre els ciutadans\/as que viuen en l'\u00e0rea mitjan\u00e7ant la informaci\u00f3 de les actuacions de l'AMB, facilitant la participaci\u00f3 de ciutadans\/as i les seves associacions en el govern de l'AMB. S'ha d'aconseguir que la realitat f\u00e0ctica de la vida metropolitana de molts ciutadans\/as (es desplacen dins de l'AMB per a treballar, per a rebre prestacions sanit\u00e0ries o per a assistir a esdeveniments culturals, per a anar de compres, etc.) s'identifiqui amb l'exist\u00e8ncia d'un ens de govern metropolit\u00e0. L'AMB ha d'aconseguir tamb\u00e9 una legitimaci\u00f3 que si no \u00e9s d'origen sigui d'exercici, aix\u00f2 \u00e9s, que es legitimi per l'efic\u00e0cia de la seva actuaci\u00f3, per la qualitat dels serveis que presta, de manera que els ciutadans vegin en aquesta instituci\u00f3 un \u00f2rgan de govern necessari. Per aix\u00f2 ha de refor\u00e7ar-se i potenciar el personal al seu servei, amb la fi principal de dur a terme tasques de planificaci\u00f3, de regulaci\u00f3 i control dels serveis de la seva compet\u00e8ncia i de projecci\u00f3 exterior.<br \/>L'AMB ha de dur a terme una pol\u00edtica activa de comunicaci\u00f3 cap als seus ciutadans\/as, utilitzant un llenguatge d'explicaci\u00f3 i persuasi\u00f3 sobre les seves activitats en benefici de l'inter\u00e8s general, destacant la seva preocupaci\u00f3 pel bon govern, la transpar\u00e8ncia i la garantia de valors \u00e8tics en la seva actuaci\u00f3 i en la dels ens i empreses privades que treballen amb ella.<\/p><p style=\"text-align: justify;\"><strong>F<\/strong>. La realitat metropolitana requereix una agenda pr\u00f2pia separada de la qual poden definir els respectius municipis. L'AMB compta amb una \u00e0rea encarregada de la planificaci\u00f3 estrat\u00e8gica i des de 1986 amb el Institut d\u2019estudis regionals i metropolitans de Barcelona, i tamb\u00e9 amb el Pla Estrat\u00e8gic Metropolit\u00e0 de Barcelona, PEMB. Tots aquests instruments han de potenciar-se amb la finalitat de recaptar informaci\u00f3 sobre la qual definir les actuacions a dur a terme de manera coordinada. Cal definir avui el que es vol ser dins de cinquanta anys per a comen\u00e7ar a actuar de manera coherent. Els ens municipals han de participar en els processos d'elaboraci\u00f3 d'aquests documents i fer seves les l\u00ednies d'actuaci\u00f3 dissenyades en aquests.<\/p><p style=\"text-align: justify;\"><strong>G<\/strong>. Cal treballar de manera decidida en les pol\u00edtiques de foment de l'activitat econ\u00f2mica i innovaci\u00f3. Cal atreure ind\u00fastria, cl\u00fasters, fomentar el teletreball, i afavorir el coliving amb la finalitat d'aconseguir talent. L'\u00e0rea metropolitana de Barcelona, i no sols Barcelona, ha de promocionar-se com un lloc idoni per a treballar i desenvolupar les activitats econ\u00f2miques, avui basades primordialment en el talent, i ja no en necessitats d'inversi\u00f3 intensiva de capital.<br \/>De la mateixa manera s'han d'atreure fires, esdeveniments esportius, congressos cient\u00edfics.<br \/>Barcelona posseeix una bona marca, per\u00f2 existeix una dura compet\u00e8ncia amb altres \u00e0rees metropolitanes de dimensi\u00f3 similar. Per aix\u00f2 \u00e9s important millorar la prestaci\u00f3 de serveis, en particular els tecnol\u00f2gics, de mobilitat, de protecci\u00f3 mig ambiental i culturals.<\/p><p style=\"text-align: justify;\"><strong>H<\/strong>. Les relacions exteriors s\u00f3n tamb\u00e9 importants. L'AMB ha de ser un interlocutor actiu en les relacions amb la Generalitat, amb l'administraci\u00f3 de l'Estat, amb la Uni\u00f3 Europea i amb les organitzacions internacionals. L'exercici d'algunes compet\u00e8ncies de l'AMB, com les relatives a transport, cicle de l'aigua, medi ambient o habitatge, no s\u00f3n possibles sense comptar amb les inst\u00e0ncies pol\u00edtiques i administratives superiors. Cal participar en la definici\u00f3 d'aquestes pol\u00edtiques, i despr\u00e9s assumir la seva aplicaci\u00f3 en el territori metropolit\u00e0 Per a aix\u00f2 seria convenient institucionalitzar formes de participaci\u00f3, i guanyar-se el dret a ser consultada i a veure reconegudes les propostes pel prestigi de les aportacions.\u00a0L'AMB tamb\u00e9 ha de ser un element de projecci\u00f3 exterior dels municipis que la componen, i de la instituci\u00f3 metropolitana com a tal, com a ens que juga en la lliga dels grans ens locals supramunicipals.<\/p><p style=\"text-align: justify;\"><strong>J<\/strong>. Les administracions han perdut el domini de la ci\u00e8ncia, del saber i de la capacitat d'inversi\u00f3 necess\u00e0ria per a atendre necessitats p\u00fabliques. La recent lluita contra la pand\u00e8mia del Covid19 ho ha posat de manifest. Un excel\u00b7lent sistema de sanitat p\u00fablica, encara que \u00e9s cert que, maltractat en els \u00faltims anys, ha hagut d'acudir al mercat a proveir-se de mitjans, ha utilitzat centres assistencials privats, i la vacuna s'ha produ\u00eft des del sector privat. La governan\u00e7a metropolitana ha de recon\u00e8ixer aquesta realitat i ha de fomentar els mitjans de col\u00b7laboraci\u00f3 p\u00fablic-privada, CPP, ja sigui a trav\u00e9s de la creaci\u00f3 d'empreses mixtes o del recurs als contractes de serveis o de concessi\u00f3 de serveis.<br \/>Aquest recurs a la CPP ha de partir de l'enteniment de les respectives funcions que en el m\u00f3n actual corresponen al poder p\u00fablic i al sector privat. L'actual Estat garant, i les seves diverses administracions, han d'assumir el seu nou rol, la seva actual posici\u00f3 estrat\u00e8gica en passar de ser ens prestadors directes de serveis a ser ens garantidors de la seva prestaci\u00f3. Al poder p\u00fablic corresponen les funcions de regular i controlar la prestaci\u00f3 de serveis d'inter\u00e8s general, i establir un marc regulador predictible que faci atractiva la inversi\u00f3 privada. El sector privat ha de col\u00b7laborar amb l'AMB per a dur a terme de manera efica\u00e7 i eficient molts dels serveis propis de la instituci\u00f3, d'acord amb la normativa p\u00fablica i sota el control de la pr\u00f2pia AMB. La CPP combina coneixements, capacitats i recursos de les parts interessades per a incrementar l'efici\u00e8ncia i efic\u00e0cia de les pol\u00edtiques p\u00fabliques. Una efica\u00e7 pol\u00edtica d'habitatge o del servei del cicle integral de l'aigua, requereixen sens dubte l'aposta per aquestes formes de CPP.<br \/>El p\u00fablic no \u00e9s un \u00e0mbit reservat en exclusiva als pol\u00edtics i les seves administracions, ja que pertany al conjunt dels ciutadans i ciutadanes, que a m\u00e9s de participar amb els seus vots poden col\u00b7laborar amb els seus propis mitjans, amb les seves empreses, en la satisfacci\u00f3 d'interessos generals. Cal tractar de superar la dist\u00e0ncia cognitiva ens les parts p\u00fablica i privada per a aconseguir una bona actuaci\u00f3 conjunta al servei dels interessos generals.<\/p><p style=\"text-align: justify;\">III. Conclusi\u00f3.<br \/>Les \u00e0rees metropolitanes s\u00f3n subjectes p\u00fablics d'especial rellev\u00e0ncia en el m\u00f3n globalitzat actual. Com a agrupacions de municipis governen al servei d'\u00e0mplies col\u00b7lectivitats de ciutadans i ciutadanes, havent de donar resposta als desafiaments propis de les grans conurbacions amb la finalitat d'aconseguir una societat interna inclusiva i igualit\u00e0ria. Per\u00f2 al seu torn han de ser subjectes actius del desenvolupament econ\u00f2mic de tot el seu territori en un escenari mundial competitiu, tractant d'atreure capital i talent. La dimensi\u00f3 metropolitana \u00e9s necess\u00e0ria per a poder competir en l'assoliment d'aquests fins.<br \/>La nova governan\u00e7a metropolitana no requereix imperativament reformes territorials ni canvis d'estructures administratives, sin\u00f3 pol\u00edtics capa\u00e7os i compromesos amb el desenvolupament de la potencialitat de l'ens ja existent, que superin recels anteriors i treballin de manera solid\u00e0ria internament, i com una unitat en la projecci\u00f3 externa de l'ens metropolit\u00e0, comptant per a tot aix\u00f2 amb la capacitat, els mitjans i el talent del sector privat.<\/p><p>[\/et_pb_text][et_pb_text disabled_on=\"off|off|on\" admin_label=\"Text entrada tablet i m\u00f2bil\" _builder_version=\"4.9.0\" _module_preset=\"default\" text_font=\"Averta Light||||||||\" header_font=\"Averta regular||||||||\" header_font_size=\"36px\" header_4_font=\"Averta regular||||||||\" header_4_line_height=\"1.2em\" hover_enabled=\"0\" header_font_size_tablet=\"30px\" header_font_size_phone=\"24px\" header_font_size_last_edited=\"on|phone\" sticky_enabled=\"0\"]<\/p><p><strong>Per Joaqu\u00edn Tornos Mas, Catedr\u00e0tic de Dret Administratiu.<\/strong><\/p><p style=\"text-align: justify;\">I. En l'actualitat m\u00e9s de la meitat de la poblaci\u00f3 mundial viu en \u00e0rees urbanes, i aquesta proporci\u00f3 segurament s'anir\u00e0 incrementant en els pr\u00f2xims anys. Aquestes \u00e0rees es constitueixen en motors del creixement econ\u00f2mic i d'innovaci\u00f3, per\u00f2 al mateix temps han de fer front a greus mancances de serveis socials i infraestructures, generen problemes de mobilitat i acreixen els problemes mediambientals.<br \/>Aquesta realitat metropolitana ha estat present en el cas de Barcelona i el seu entorn des de fa molts anys. El Decret llei 5\/1974 de 26 d'agost va crear l'Entitat Municipal Metropolitana de Barcelona, regida com una Corporaci\u00f3 Metropolitana, com a entitat local supramunicipal. El seu impuls i potenciaci\u00f3 per l'alcalde Pascual Maragall va portar a l'enfrontament amb el President de la Generalitat Jordi Pujol, que veia en aquesta entitat un contrapoder al d'una Generalitat encara incipient. La llei 7\/1987 del 4 d'abril va suprimir la EMM, i va crear dos \u00e0mbits funcionals metropolitans diversos (l'entitat metropolitana del transport i l'entitat metropolitana de serveis hidr\u00e0ulics i del tractament de residus). L'Estatut d'Autonomia, llei org\u00e0nica 6\/2006 de 19 de juliol, va impulsar en el seu article 93 la creaci\u00f3 d'un nou ens territorial que institucionalitz\u00e9s de nou, i amb m\u00e9s for\u00e7a, la realitat metropolitana de Barcelona. Anys m\u00e9s tard es va donar resposta a aquesta voluntat metropolitana amb la creaci\u00f3 de l'\u00c0rea Metropolitana de Barcelona, AMB, mitjan\u00e7ant la llei 31\/2010.<br \/>L'article 1,2 de la llei defineix el nou ens com a ens local supramunicipal de car\u00e0cter territorial integrat pels municipis de la urbanitzaci\u00f3 de Barcelona. L'article 14 enumera les compet\u00e8ncies d'aquest nou ens, mentre que l'article 13,2 afirma que \u201cla AMB pot prestar els serveis i promoure les activitats que contribueixin a satisfer les necessitats i les aspiracions dels municipis que la integren\u201d.<br \/>Cal destacar dues idees b\u00e0siques d'aquests dos preceptes. L'AMB \u00e9s un ens local territorial, per tant, es configura com una instituci\u00f3 local amb finalitats generals, per la qual cosa de conformitat amb el principi de subsidiarietat ha de poder disposar d'amplis poders i compet\u00e8ncies per a poder dur a terme tot el que sigui d'inter\u00e8s dels municipis que la componen, tot all\u00f2 que pot gestionar de forma m\u00e9s eficient que els nivells territorials inferiors i superiors. Per aix\u00f2, la llei de 2010 duu a terme una atribuci\u00f3 \u201cforta\u201d de compet\u00e8ncies. Per\u00f2, d'altra banda, l'AMB est\u00e0 integrada pels municipis del seu \u00e0mbit territorial, per la qual cosa aquest ens local no \u00e9s exponencial d'una col\u00b7lectivitat metropolitana de ciutadans, encara per construir, sin\u00f3 que ha d'actuar al servei de les necessitats i aspiracions dels municipis que la componen. Uns municipis que precisen d'un ens supramunicipal que ajudi a la millor prestaci\u00f3 dels seus serveis.<br \/>Aquesta configuraci\u00f3 jur\u00eddica de l'ens metropolit\u00e0 explica que el seu govern es tri\u00ef de manera indirecta i s'estructuri sobre la base de quatre \u00f2rgans fonamentals: el Consell Metropolit\u00e0, el President\/a, la Junta de Govern i la Comissi\u00f3 Especial de Comptes, m\u00e9s el Consell d'Alcaldes. El Consell el componen 90 consellers representant als 36 municipis de l'\u00e0rea (en funci\u00f3 de les respectives poblacions, excepte Barcelona a la qual s'atribueixen de manera directa 25 consellers), sent els alcaldes\/as membres nats del Consell.<\/p><p style=\"text-align: justify;\">Es mant\u00e9 aix\u00ed un model de dos nivells, que reconeix la primacia del nivell municipal, i que constitueix el poder metropolit\u00e0 a partir de la cooperaci\u00f3 municipal. Aquesta mateixa configuraci\u00f3 determina els problemes de la seva governan\u00e7a als quals al\u00b7ludirem m\u00e9s endavant.<\/p><p style=\"text-align: justify;\">II.- Tenint en compte la realitat metropolitana de Barcelona i la seva actual institucionalitzaci\u00f3: Quins s\u00f3n els reptes que avui s'exigeixen a aquest ens institucional que anomenem \u00c0rea Metropolitana de Barcelona? Com ha de governar-se el territori metropolit\u00e0 en el m\u00f3n actual, un m\u00f3n globalitzat i altament competitiu, amb crisi de legitimitat de les inst\u00e0ncies pol\u00edtiques, amb una societat complexa que accedeix a una informaci\u00f3 desbocada i que mant\u00e9 alts nivells de desigualtat i de persones en risc d'exclusi\u00f3 social?<br \/>Creiem que pot afirmar-se que, no obstant aix\u00f2, els esfor\u00e7os del personal i funcionaris de l'AMB, tot sembla indicar que la instituci\u00f3 no respon a les seves potencialitats ni al que es requereix d'un ens d'aquesta naturalesa. Les necessitats de la poblaci\u00f3 de l'\u00e0rea s'han anat incrementant, i tamb\u00e9 les desigualtats internes. La competitivitat entre \u00e0rees o \u00e0mbits territorials similars als de l'AMB s'ha incrementat en un m\u00f3n globalitzat. Les maneres de governar i de gestionar el territori s'han transformat. La crisi econ\u00f2mica ha incidit en la manera de fer pol\u00edtica.<\/p><table class=\" alignright\" style=\"height: 104px; width: 99.9054%; border-collapse: collapse; border-top: 2px solid #000000; border-right-color: #000000; border-bottom-color: #000000; border-left-color: #000000; margin-left: 20px;\" cellspacing=\"15\" cellpadding=\"2\"><tbody><tr style=\"height: 23px;\"><td style=\"width: 100%; height: 23px; border: 2px solid #000000; text-align: center;\"><h3>\u201cActualment,\u00a0tot sembla indicar que l'AMB no respon a les seves potencialitats ni al que es requereix d'un ens d'aquesta naturalesa.\u201d<\/h3><\/td><\/tr><\/tbody><\/table><div><p>\u00a0<\/p><p>\u00a0<\/p><p>\u00a0<\/p><p style=\"text-align: justify;\">L'exercici del \u201cpoder\u201d metropolit\u00e0, constitu\u00eft per les seves \u00e0mplies compet\u00e8ncies, ha de ser exercit des de la convicci\u00f3 que moltes de les seves decisions han de ser fruit del consens intern amb els municipis que integren l'AMB i de la col\u00b7laboraci\u00f3 amb altres territoris superiors, i ha de comptar ineludiblement amb la col\u00b7laboraci\u00f3 del sector privat. El necessari creixement inclusiu i sostenible requereix el consens amb els altres actors institucionals i socials.<br \/>Aquesta nova realitat exigeix, ja sense demora, reflexionar sobre la governan\u00e7a metropolitana i adoptar noves formes d'actuaci\u00f3. Per a ajudar a aquesta reflexi\u00f3 formulem una s\u00e8rie de propostes generals que parteixen del model institucional actual. No abordem, per tant, dues q\u00fcestions d'indiscutible inter\u00e8s per\u00f2 que exigirien nous consensos tal vegada avui inassolibles. Em refereixo a l'ampliaci\u00f3 de l'\u00e0mbit territorial per a ocupar el territori de l'anomenada Regi\u00f3 Metropolitana, i d'altra banda establir l'elecci\u00f3 directa dels representants metropolitans amb la fi \u00faltima de crear una gran ciutat.<\/p><p style=\"text-align: justify;\">Acceptant, doncs, el marc institucional actual, proposem les seg\u00fcents l\u00ednies de reflexi\u00f3:<\/p><p style=\"text-align: justify;\">A. Recon\u00e8ixer, per a superar-les, les desconfiances existents que han condicionat l'esdevenir de la realitat metropolitana de Barcelona. D'una banda, la desconfian\u00e7a dels municipis, en particular els m\u00e9s petits respecte de Barcelona, i per un altre la desconfian\u00e7a de la Generalitat respecte d'una AMB forta que actu\u00ef com a contrapoder del govern auton\u00f2mic. De fet, van ser aquestes dues desconfiances les que van acabar amb el projecte de l'alcalde Maragall.<\/p><p style=\"text-align: justify;\">Per a superar aquest estat de coses cal assumir que la perif\u00e8ria no ha d'estar al servei de Barcelona, i Barcelona ha d'assumir que necessita la perif\u00e8ria. Els municipis que integren l'AMB han d'entendre que l'AMB \u00e9s necess\u00e0ria per a una millor prestaci\u00f3 dels seus serveis i per al respectiu creixement econ\u00f2mic, al mateix temps que potencia una projecci\u00f3 exterior de la realitat metropolitana que tamb\u00e9 els beneficia. S'ha d'actuar de manera solid\u00e0ria internament i competitivament de manera unit\u00e0ria cap a l'exterior. Cada alcalde ha d'assumir que treballar a favor de la AMB \u00e9s treballar al servei dels seus ciutadans.<\/p><p style=\"text-align: justify;\">La Generalitat de Catalunya ha de fer del creixement de l'AMB un objectiu propi i prioritari, perqu\u00e8 aquest territori ha de ser el motor del desenvolupament de la comunitat aut\u00f2noma en el seu conjunt.<\/p><p style=\"text-align: justify;\">B. L'AMB \u00e9s un ens territorial format per l'agrupaci\u00f3 de municipis, per\u00f2 com a ens local territorial no ha d'oblidar que est\u00e0 al servei d'una col\u00b7lectivitat, d'un conjunt de ciutadans i ciutadanes que tenen problemes comuns. Per aix\u00f2, ha d'entendre's que l'AMB \u00e9s una instituci\u00f3 al servei de la col\u00b7lectivitat metropolitana. L'AMB no ha de veure's com un territori en el qual prestar serveis municipals de manera coordinada. Els \u00f2rgans de govern de la instituci\u00f3 metropolitana han d'exercir les seves funcions al servei d'una col\u00b7lectivitat real de ciutadans\/as la qualitat de vida del qual dep\u00e8n de la seva actuaci\u00f3.<br \/>Com a ens supramunicipal l'AMB tamb\u00e9 ha d'assumir com a funci\u00f3 pr\u00f2pia la necessitat de potenciar la instituci\u00f3 com a entitat que competeix amb altres realitats metropolitanes amb la finalitat d'atreure capital i talent. El creixement econ\u00f2mic de l'AMB permetr\u00e0 desenvolupar noves activitats i millorar les prestacions als ciutadans.<\/p><p style=\"text-align: justify;\">C. L'organitzaci\u00f3 interna de la AMB hauria de tractar d'equilibrar el centre \u2013perif\u00e8ria. D'una banda, portant \u00f2rgans propis de la AMB per tot el territori metropolit\u00e0 i, per un altre, potenciant tamb\u00e9 la ubicaci\u00f3 de centres universitaris, escoles de negocis, instal\u00b7lacions culturals en tot l'espai metropolit\u00e0.<\/p><p style=\"text-align: justify;\">D. El govern metropolit\u00e0 requereix un lideratge fort i conven\u00e7ut de la import\u00e0ncia i potencialitats de l'AMB. Qui presideixi l'AMB, i el seu equip de govern, han d'exercir aquest lideratge. Els municipis per la seva part han de veure en l'AMB no sols una ajuda per a la prestaci\u00f3 dels seus serveis als seus respectius ciutadans, sin\u00f3 que han de recon\u00e8ixer els avantatges de la metropolitanizaci\u00f3n de determinats serveis, perqu\u00e8 aix\u00f2 redunda en un millor servei als seus ciutadans. Aix\u00ed, la pol\u00edtica d'habitatge o de transports requereix una dimensi\u00f3 metropolitana, de la mateixa manera que el cicle de l'aigua (subministrament a la poblaci\u00f3, sanejament i reutilitzaci\u00f3) ha de ser prestat a nivell metropolit\u00e0, sense que tingui sentit retornar compet\u00e8ncies en aquest tema als ens municipals.<br \/>El govern metropolit\u00e0 ha de servir per a superar escenaris de complexitat i lluita competencial a nivell municipal. Les compet\u00e8ncies s\u00f3n poders instrumentals per a l'assoliment de fins d'inter\u00e8s general, no una forma de repartiment de poder l'\u00fas exclusiu del qual ha de defensar-se en tot cas. Els municipis han de recon\u00e8ixer els beneficis de la for\u00e7a de l'ens metropolit\u00e0, del govern del qual formen part, en mat\u00e8ries com a ordenaci\u00f3 del territori, habitatge, mobilitat, cicle de l'aigua, residus, defensa del medi ambient.<\/p><p style=\"text-align: justify;\">E. S'ha de tractar de refor\u00e7ar la legitimitat de l'ens metropolit\u00e0. A aquest efecte se sol defensar l'elecci\u00f3 directa del govern de l'AMB. Sense negar l'inter\u00e8s per aquest debat, com ja hem dit, no proposem en aquest moment aquesta reforma. Per\u00f2 existeixen altres vies que poden refor\u00e7ar la legitimitat de l'AMB. Aix\u00ed, el tractar de crear una consci\u00e8ncia metropolitana entre els ciutadans\/as que viuen en l'\u00e0rea mitjan\u00e7ant la informaci\u00f3 de les actuacions de l'AMB, facilitant la participaci\u00f3 de ciutadans\/as i les seves associacions en el govern de l'AMB. S'ha d'aconseguir que la realitat f\u00e0ctica de la vida metropolitana de molts ciutadans\/as (es desplacen dins de l'AMB per a treballar, per a rebre prestacions sanit\u00e0ries o per a assistir a esdeveniments culturals, per a anar de compres, etc.) s'identifiqui amb l'exist\u00e8ncia d'un ens de govern metropolit\u00e0. L'AMB ha d'aconseguir tamb\u00e9 una legitimaci\u00f3 que si no \u00e9s d'origen sigui d'exercici, aix\u00f2 \u00e9s, que es legitimi per l'efic\u00e0cia de la seva actuaci\u00f3, per la qualitat dels serveis que presta, de manera que els ciutadans vegin en aquesta instituci\u00f3 un \u00f2rgan de govern necessari. Per aix\u00f2 ha de refor\u00e7ar-se i potenciar el personal al seu servei, amb la fi principal de dur a terme tasques de planificaci\u00f3, de regulaci\u00f3 i control dels serveis de la seva compet\u00e8ncia i de projecci\u00f3 exterior.<br \/>L'AMB ha de dur a terme una pol\u00edtica activa de comunicaci\u00f3 cap als seus ciutadans\/as, utilitzant un llenguatge d'explicaci\u00f3 i persuasi\u00f3 sobre les seves activitats en benefici de l'inter\u00e8s general, destacant la seva preocupaci\u00f3 pel bon govern, la transpar\u00e8ncia i la garantia de valors \u00e8tics en la seva actuaci\u00f3 i en la dels ens i empreses privades que treballen amb ella.<\/p><p style=\"text-align: justify;\">F. La realitat metropolitana requereix una agenda pr\u00f2pia separada de la qual poden definir els respectius municipis. L'AMB compta amb una \u00e0rea encarregada de la planificaci\u00f3 estrat\u00e8gica i des de 1986 amb el Institut d\u2019estudis regionals i metropolitans de Barcelona, i tamb\u00e9 amb el Pla Estrat\u00e8gic Metropolit\u00e0 de Barcelona, PEMB. Tots aquests instruments han de potenciar-se amb la finalitat de recaptar informaci\u00f3 sobre la qual definir les actuacions a dur a terme de manera coordinada. Cal definir avui el que es vol ser dins de cinquanta anys per a comen\u00e7ar a actuar de manera coherent. Els ens municipals han de participar en els processos d'elaboraci\u00f3 d'aquests documents i fer seves les l\u00ednies d'actuaci\u00f3 dissenyades en aquests.<\/p><p style=\"text-align: justify;\">G. Cal treballar de manera decidida en les pol\u00edtiques de foment de l'activitat econ\u00f2mica i innovaci\u00f3. Cal atreure ind\u00fastria, cl\u00fasters, fomentar el teletreball, i afavorir el coliving amb la finalitat d'aconseguir talent. L'\u00e0rea metropolitana de Barcelona, i no sols Barcelona, ha de promocionar-se com un lloc idoni per a treballar i desenvolupar les activitats econ\u00f2miques, avui basades primordialment en el talent, i ja no en necessitats d'inversi\u00f3 intensiva de capital.<br \/>De la mateixa manera s'han d'atreure fires, esdeveniments esportius, congressos cient\u00edfics.<br \/>Barcelona posseeix una bona marca, per\u00f2 existeix una dura compet\u00e8ncia amb altres \u00e0rees metropolitanes de dimensi\u00f3 similar. Per aix\u00f2 \u00e9s important millorar la prestaci\u00f3 de serveis, en particular els tecnol\u00f2gics, de mobilitat, de protecci\u00f3 mig ambiental i culturals.<\/p><p style=\"text-align: justify;\">H. Les relacions exteriors s\u00f3n tamb\u00e9 importants. L'AMB ha de ser un interlocutor actiu en les relacions amb la Generalitat, amb l'administraci\u00f3 de l'Estat, amb la Uni\u00f3 Europea i amb les organitzacions internacionals. L'exercici d'algunes compet\u00e8ncies de l'AMB, com les relatives a transport, cicle de l'aigua, medi ambient o habitatge, no s\u00f3n possibles sense comptar amb les inst\u00e0ncies pol\u00edtiques i administratives superiors. Cal participar en la definici\u00f3 d'aquestes pol\u00edtiques, i despr\u00e9s assumir la seva aplicaci\u00f3 en el territori metropolit\u00e0 Per a aix\u00f2 seria convenient institucionalitzar formes de participaci\u00f3, i guanyar-se el dret a ser consultada i a veure reconegudes les propostes pel prestigi de les aportacions.\u00a0L'AMB tamb\u00e9 ha de ser un element de projecci\u00f3 exterior dels municipis que la componen, i de la instituci\u00f3 metropolitana com a tal, com a ens que juga en la lliga dels grans ens locals supramunicipals.<\/p><p style=\"text-align: justify;\">J. Les administracions han perdut el domini de la ci\u00e8ncia, del saber i de la capacitat d'inversi\u00f3 necess\u00e0ria per a atendre necessitats p\u00fabliques. La recent lluita contra la pand\u00e8mia del Covid19 ho ha posat de manifest. Un excel\u00b7lent sistema de sanitat p\u00fablica, encara que \u00e9s cert que, maltractat en els \u00faltims anys, ha hagut d'acudir al mercat a proveir-se de mitjans, ha utilitzat centres assistencials privats, i la vacuna s'ha produ\u00eft des del sector privat. La governan\u00e7a metropolitana ha de recon\u00e8ixer aquesta realitat i ha de fomentar els mitjans de col\u00b7laboraci\u00f3 p\u00fablic-privada, CPP, ja sigui a trav\u00e9s de la creaci\u00f3 d'empreses mixtes o del recurs als contractes de serveis o de concessi\u00f3 de serveis.<br \/>Aquest recurs a la CPP ha de partir de l'enteniment de les respectives funcions que en el m\u00f3n actual corresponen al poder p\u00fablic i al sector privat. L'actual Estat garant, i les seves diverses administracions, han d'assumir el seu nou rol, la seva actual posici\u00f3 estrat\u00e8gica en passar de ser ens prestadors directes de serveis a ser ens garantidors de la seva prestaci\u00f3. Al poder p\u00fablic corresponen les funcions de regular i controlar la prestaci\u00f3 de serveis d'inter\u00e8s general, i establir un marc regulador predictible que faci atractiva la inversi\u00f3 privada. El sector privat ha de col\u00b7laborar amb l'AMB per a dur a terme de manera efica\u00e7 i eficient molts dels serveis propis de la instituci\u00f3, d'acord amb la normativa p\u00fablica i sota el control de la pr\u00f2pia AMB. La CPP combina coneixements, capacitats i recursos de les parts interessades per a incrementar l'efici\u00e8ncia i efic\u00e0cia de les pol\u00edtiques p\u00fabliques. Una efica\u00e7 pol\u00edtica d'habitatge o del servei del cicle integral de l'aigua, requereixen sens dubte l'aposta per aquestes formes de CPP.<br \/>El p\u00fablic no \u00e9s un \u00e0mbit reservat en exclusiva als pol\u00edtics i les seves administracions, ja que pertany al conjunt dels ciutadans i ciutadanes, que a m\u00e9s de participar amb els seus vots poden col\u00b7laborar amb els seus propis mitjans, amb les seves empreses, en la satisfacci\u00f3 d'interessos generals. Cal tractar de superar la dist\u00e0ncia cognitiva ens les parts p\u00fablica i privada per a aconseguir una bona actuaci\u00f3 conjunta al servei dels interessos generals.<\/p><p style=\"text-align: justify;\">III. Conclusi\u00f3.<br \/>Les \u00e0rees metropolitanes s\u00f3n subjectes p\u00fablics d'especial rellev\u00e0ncia en el m\u00f3n globalitzat actual. Com a agrupacions de municipis governen al servei d'\u00e0mplies col\u00b7lectivitats de ciutadans i ciutadanes, havent de donar resposta als desafiaments propis de les grans conurbacions amb la finalitat d'aconseguir una societat interna inclusiva i igualit\u00e0ria. Per\u00f2 al seu torn han de ser subjectes actius del desenvolupament econ\u00f2mic de tot el seu territori en un escenari mundial competitiu, tractant d'atreure capital i talent. La dimensi\u00f3 metropolitana \u00e9s necess\u00e0ria per a poder competir en l'assoliment d'aquests fins.<br \/>La nova governan\u00e7a metropolitana no requereix imperativament reformes territorials ni canvis d'estructures administratives, sin\u00f3 pol\u00edtics capa\u00e7os i compromesos amb el desenvolupament de la potencialitat de l'ens ja existent, que superin recels anteriors i treballin de manera solid\u00e0ria internament, i com una unitat en la projecci\u00f3 externa de l'ens metropolit\u00e0, comptant per a tot aix\u00f2 amb la capacitat, els mitjans i el talent del sector privat.<\/p><\/div><p>[\/et_pb_text][et_pb_text admin_label=\"Share \" _builder_version=\"4.8.2\" _module_preset=\"default\" width=\"26%\" module_alignment=\"left\" module_alignment_tablet=\"left\" module_alignment_phone=\"left\" module_alignment_last_edited=\"on|phone\" border_width_all=\"0px\"]<\/p><table style=\"border-collapse: collapse; width: 0%; height: 22px; border-color: #000000; border: 2px solid;\"><tbody><tr style=\"height: 22px;\"><td style=\"width: 11.5332%; height: 22px;\">share:<\/td><td style=\"width: 88.4667%; text-align: justify; vertical-align: middle; height: 22px;\">[DISPLAY_ULTIMATE_SOCIAL_ICONS]<\/td><\/tr><\/tbody><\/table><p>\u00a0<br \/>[\/et_pb_text][\/et_pb_column][\/et_pb_row][\/et_pb_section][et_pb_section fb_built=\"1\" fullwidth=\"on\" _builder_version=\"4.8.2\" _module_preset=\"default\" da_disable_devices=\"off|off|off\" border_width_bottom=\"2px\" da_is_popup=\"off\" da_exit_intent=\"off\" da_has_close=\"on\" da_alt_close=\"off\" da_dark_close=\"off\" da_not_modal=\"on\" da_is_singular=\"off\" da_with_loader=\"off\" da_has_shadow=\"on\"][et_pb_fullwidth_code admin_label=\"Ratlla horitzontal\" _builder_version=\"4.8.2\" _module_preset=\"default\"][\/et_pb_fullwidth_code][\/et_pb_section][et_pb_section fb_built=\"1\" _builder_version=\"4.8.2\" _module_preset=\"default\" custom_margin=\"||-30px||false|false\" custom_margin_tablet=\"||-90px||false|false\" custom_margin_phone=\"||-80px||false|false\" custom_margin_last_edited=\"on|phone\" da_disable_devices=\"off|off|off\" da_is_popup=\"off\" da_exit_intent=\"off\" da_has_close=\"on\" da_alt_close=\"off\" da_dark_close=\"off\" da_not_modal=\"on\" da_is_singular=\"off\" da_with_loader=\"off\" da_has_shadow=\"on\"][et_pb_row _builder_version=\"4.8.2\" _module_preset=\"default\"][et_pb_column type=\"4_4\" _builder_version=\"4.8.2\" _module_preset=\"default\"][et_pb_text admin_label=\"Altres articles\" _builder_version=\"4.9.0\" _module_preset=\"default\"]<\/p><h3>ALTRES ARTICLES<\/h3><p>[yarpp]<br \/>[\/et_pb_text][\/et_pb_column][\/et_pb_row][\/et_pb_section][et_pb_section fb_built=\"1\" fullwidth=\"on\" disabled_on=\"on|on|on\" _builder_version=\"4.8.2\" _module_preset=\"default\" custom_margin_tablet=\"-70px||||false|false\" custom_margin_phone=\"\" custom_margin_last_edited=\"on|tablet\" da_disable_devices=\"off|off|off\" border_width_bottom=\"2px\" disabled=\"on\" da_is_popup=\"off\" da_exit_intent=\"off\" da_has_close=\"on\" da_alt_close=\"off\" da_dark_close=\"off\" da_not_modal=\"on\" da_is_singular=\"off\" da_with_loader=\"off\" da_has_shadow=\"on\"][et_pb_fullwidth_code admin_label=\"Ratlla horitzontal\" _builder_version=\"4.8.2\" _module_preset=\"default\"][\/et_pb_fullwidth_code][\/et_pb_section][et_pb_section fb_built=\"1\" disabled_on=\"on|on|on\" _builder_version=\"4.8.2\" _module_preset=\"default\" da_disable_devices=\"off|off|off\" disabled=\"on\" da_is_popup=\"off\" da_exit_intent=\"off\" da_has_close=\"on\" da_alt_close=\"off\" da_dark_close=\"off\" da_not_modal=\"on\" da_is_singular=\"off\" da_with_loader=\"off\" da_has_shadow=\"on\"][et_pb_row _builder_version=\"4.8.2\" _module_preset=\"default\"][et_pb_column type=\"4_4\" _builder_version=\"4.8.2\" _module_preset=\"default\"][et_pb_text admin_label=\"Text %22Veure tots els cicles%22\" _builder_version=\"4.8.2\" _module_preset=\"default\"]<\/p><h3>VEURE TOTS ELS CICLES<\/h3><p>[\/et_pb_text][\/et_pb_column][\/et_pb_row][et_pb_row column_structure=\"1_3,1_3,1_3\" disabled_on=\"off|on|off\" _builder_version=\"4.8.2\" _module_preset=\"default\" width_tablet=\"50%\" width_phone=\"70%\" width_last_edited=\"on|phone\" module_alignment=\"center\"][et_pb_column type=\"1_3\" _builder_version=\"4.8.2\" _module_preset=\"default\"][et_pb_image src=\"https:\/\/rethink.mtconsulting.es\/wp-content\/uploads\/2021\/02\/caixa-1b.jpg\" title_text=\"caixa-1b\" url=\"\/category\/cicle-1\/\" align=\"center\" admin_label=\"Cicles per escriptori i m\u00f2bil\" _builder_version=\"4.8.2\" _module_preset=\"default\" module_alignment=\"center\"][\/et_pb_image][\/et_pb_column][et_pb_column type=\"1_3\" _builder_version=\"4.8.2\" _module_preset=\"default\"][et_pb_image src=\"https:\/\/rethink.mtconsulting.es\/wp-content\/uploads\/2021\/02\/caixa-2b.jpg\" title_text=\"caixa-2b\" align=\"center\" _builder_version=\"4.8.2\" _module_preset=\"default\"][\/et_pb_image][\/et_pb_column][et_pb_column type=\"1_3\" _builder_version=\"4.8.2\" _module_preset=\"default\"][et_pb_image src=\"https:\/\/rethink.mtconsulting.es\/wp-content\/uploads\/2021\/02\/caixa-3b.jpg\" title_text=\"caixa-3b\" align=\"center\" _builder_version=\"4.8.2\" _module_preset=\"default\"][\/et_pb_image][\/et_pb_column][\/et_pb_row][et_pb_row column_structure=\"1_3,1_3,1_3\" disabled_on=\"on|off|on\" _builder_version=\"4.8.2\" _module_preset=\"default\" width=\"100%\" width_tablet=\"90%\" width_phone=\"70%\" width_last_edited=\"on|tablet\" module_alignment=\"center\" custom_margin=\"||-20px||false|false\"][et_pb_column type=\"1_3\" _builder_version=\"4.8.2\" _module_preset=\"default\" custom_css_main_element=\"width: 33%!important;\"][et_pb_image src=\"https:\/\/rethink.mtconsulting.es\/wp-content\/uploads\/2021\/02\/caixa-1b.jpg\" title_text=\"caixa-1b\" url=\"\/category\/cicle-1\/\" align=\"center\" admin_label=\"Cicles per a tablet\" _builder_version=\"4.8.2\" _module_preset=\"default\" module_alignment=\"center\"][\/et_pb_image][\/et_pb_column][et_pb_column type=\"1_3\" _builder_version=\"4.8.2\" _module_preset=\"default\" custom_css_main_element=\"width: 33%!important;\"][et_pb_image src=\"https:\/\/rethink.mtconsulting.es\/wp-content\/uploads\/2021\/02\/caixa-2b.jpg\" title_text=\"caixa-2b\" align=\"center\" _builder_version=\"4.8.2\" _module_preset=\"default\"][\/et_pb_image][\/et_pb_column][et_pb_column type=\"1_3\" _builder_version=\"4.8.2\" _module_preset=\"default\" custom_css_main_element=\"width: 33%!important;\"][et_pb_image src=\"https:\/\/rethink.mtconsulting.es\/wp-content\/uploads\/2021\/02\/caixa-3b.jpg\" title_text=\"caixa-3b\" align=\"center\" _builder_version=\"4.8.2\" _module_preset=\"default\"][\/et_pb_image][\/et_pb_column][\/et_pb_row][\/et_pb_section]<\/p>","_et_gb_content_width":""},"categories":[73],"tags":[74,78],"_links":{"self":[{"href":"https:\/\/rethinkbcn.cat\/es\/wp-json\/wp\/v2\/posts\/8213"}],"collection":[{"href":"https:\/\/rethinkbcn.cat\/es\/wp-json\/wp\/v2\/posts"}],"about":[{"href":"https:\/\/rethinkbcn.cat\/es\/wp-json\/wp\/v2\/types\/post"}],"author":[{"embeddable":true,"href":"https:\/\/rethinkbcn.cat\/es\/wp-json\/wp\/v2\/users\/3"}],"replies":[{"embeddable":true,"href":"https:\/\/rethinkbcn.cat\/es\/wp-json\/wp\/v2\/comments?post=8213"}],"version-history":[{"count":16,"href":"https:\/\/rethinkbcn.cat\/es\/wp-json\/wp\/v2\/posts\/8213\/revisions"}],"predecessor-version":[{"id":8278,"href":"https:\/\/rethinkbcn.cat\/es\/wp-json\/wp\/v2\/posts\/8213\/revisions\/8278"}],"wp:featuredmedia":[{"embeddable":true,"href":"https:\/\/rethinkbcn.cat\/es\/wp-json\/wp\/v2\/media\/4842"}],"wp:attachment":[{"href":"https:\/\/rethinkbcn.cat\/es\/wp-json\/wp\/v2\/media?parent=8213"}],"wp:term":[{"taxonomy":"category","embeddable":true,"href":"https:\/\/rethinkbcn.cat\/es\/wp-json\/wp\/v2\/categories?post=8213"},{"taxonomy":"post_tag","embeddable":true,"href":"https:\/\/rethinkbcn.cat\/es\/wp-json\/wp\/v2\/tags?post=8213"}],"curies":[{"name":"wp","href":"https:\/\/api.w.org\/{rel}","templated":true}]}}