{"id":7946,"date":"2021-05-08T20:08:24","date_gmt":"2021-05-08T18:08:24","guid":{"rendered":"https:\/\/rethinkbcn.cat\/?p=7946"},"modified":"2021-05-08T19:28:51","modified_gmt":"2021-05-08T17:28:51","slug":"pere-navarro-la-marca-barcelona-sigue-siendo-muy-potente-a-nivel-internacional","status":"publish","type":"post","link":"https:\/\/rethinkbcn.cat\/es\/pere-navarro-la-marca-barcelona-sigue-siendo-muy-potente-a-nivel-internacional\/","title":{"rendered":"PERE NAVARRO: \u00abLA MARCA BARCELONA SIGUE SIENDO MUY POTENTE A NIVEL INTERNACIONAL\u00bb"},"content":{"rendered":"<p>[et_pb_section fb_built=\u00bb1&#8243; disabled_on=\u00bboff|off|off\u00bb _builder_version=\u00bb4.8.2&#8243; _module_preset=\u00bbdefault\u00bb custom_margin=\u00bb||||false|false\u00bb da_disable_devices=\u00bboff|off|off\u00bb da_is_popup=\u00bboff\u00bb da_exit_intent=\u00bboff\u00bb da_has_close=\u00bbon\u00bb da_alt_close=\u00bboff\u00bb da_dark_close=\u00bboff\u00bb da_not_modal=\u00bbon\u00bb da_is_singular=\u00bboff\u00bb da_with_loader=\u00bboff\u00bb da_has_shadow=\u00bbon\u00bb][et_pb_row _builder_version=\u00bb4.8.1&#8243; _module_preset=\u00bbdefault\u00bb][et_pb_column type=\u00bb4_4&#8243; _builder_version=\u00bb4.8.1&#8243; _module_preset=\u00bbdefault\u00bb][et_pb_text admin_label=\u00bbTitular entrada\u00bb _builder_version=\u00bb4.9.0&#8243; _module_preset=\u00bbdefault\u00bb text_font=\u00bbAverta Light||||||||\u00bb header_font_size=\u00bb36px\u00bb header_4_font=\u00bbAverta regular||||||||\u00bb header_4_font_size=\u00bb20px\u00bb header_4_line_height=\u00bb1.6em\u00bb header_5_line_height=\u00bb1.6em\u00bb header_6_font=\u00bbAverta regular||||||||\u00bb header_6_font_size=\u00bb16px\u00bb header_6_line_height=\u00bb1.2em\u00bb header_font_size_tablet=\u00bb30px\u00bb header_font_size_phone=\u00bb24px\u00bb header_font_size_last_edited=\u00bbon|phone\u00bb header_6_font_size_tablet=\u00bb\u00bb header_6_font_size_phone=\u00bb16px\u00bb header_6_font_size_last_edited=\u00bbon|phone\u00bb]<\/p>\n<h1 style=\"text-align: center;\">PERE NAVARRO: \u00abLA MARCA BARCELONA SIGUE SIENDO MUY POTENTE A NIVEL INTERNACIONAL\u00bb<\/h1>\n<h6 style=\"text-align: center;\">El delegado del Estado en el Consorcio Zona Franca y exalcalde de Terrassa cree que la regi\u00f3n metropolitana de Barcelona, con 4,5 millones de habitantes, tiene capacidad para superar retos y generar proyectos e iniciativas competitivas pero necesita un espacio de consenso .<\/h6>\n<h6 style=\"text-align: center;\">\u00a0<\/h6>\n<p>[\/et_pb_text][et_pb_image src=\u00bbhttps:\/\/rethinkbcn.cat\/wp-content\/uploads\/2021\/05\/FOTOS-PERE-NAVARRO-2-scaled.jpg\u00bb title_text=\u00bbFOTOS PERE NAVARRO (2)\u00bb admin_label=\u00bbImatge entrada\u00bb _builder_version=\u00bb4.9.0&#8243; _module_preset=\u00bbdefault\u00bb hover_enabled=\u00bb0&#8243; sticky_enabled=\u00bb0&#8243;][\/et_pb_image][et_pb_text disabled_on=\u00bbon|on|off\u00bb admin_label=\u00bbText entrada escriptori\u00bb _builder_version=\u00bb4.9.0&#8243; _module_preset=\u00bbdefault\u00bb text_font=\u00bbAverta Light||||||||\u00bb header_font_size=\u00bb36px\u00bb header_4_font=\u00bbAverta regular||||||||\u00bb header_4_font_size=\u00bb20px\u00bb header_4_line_height=\u00bb1.6em\u00bb header_5_line_height=\u00bb1.6em\u00bb header_6_font=\u00bbAverta regular||||||||\u00bb header_6_font_size=\u00bb16px\u00bb header_6_line_height=\u00bb1.5em\u00bb header_font_size_tablet=\u00bb30px\u00bb header_font_size_phone=\u00bb24px\u00bb header_font_size_last_edited=\u00bbon|phone\u00bb header_6_font_size_tablet=\u00bb\u00bb header_6_font_size_phone=\u00bb14px\u00bb header_6_font_size_last_edited=\u00bbon|phone\u00bb]<\/p>\n<p><strong>per Rafael Pradas<\/strong><\/p>\n<p style=\"text-align: justify;\">Pere Navarro (Terrassa, 1959) es bi\u00f3logo de profesi\u00f3n, pero ha pasado gran parte de su vida dedicado a la actividad p\u00fablica con una larga experiencia en municipalismo. Fue alcalde de su ciudad, Terrassa, entre 2002 y 2012, primer secretario del PSC entre 2011 y 2014, diputado en el Parlamento de Catalu\u00f1a y uno de los promotores de la llamada \u00abDeclaraci\u00f3n de Granada\u00bb que aboga por una reforma federal de la Constituci\u00f3n Espa\u00f1ola. En 2012 fue reconocido por la fundaci\u00f3n brit\u00e1nica Majors como uno de los 98 mejores alcaldes del mundo, junto con el alcalde de Bilbao I\u00f1aki Azkuna. Desde julio de 2018 es delegado especial del Estado en el Consorci de la Zona Franca de Barcelona. En el \u00e1mbito de la empresa privada, su experiencia profesional se ha centrado en la gesti\u00f3n estrat\u00e9gica de proyectos de ordenaci\u00f3n del territorio y desarrollo urbano.<\/p>\n<p><strong>Por la experiencia dada por la alcald\u00eda de Terrassa \u00bfc\u00f3mo ve lo que acordamos llamar metr\u00f3polis de Barcelona?<\/strong><br \/>El \u00c1rea Metropolitana de Barcelona es actualmente heredera de la Corporaci\u00f3n Metropolitana de Barcelona, el CMB, que desapareci\u00f3 con las leyes de ordenaci\u00f3n del territorio de 1988: parec\u00eda que en ese momento la Corporaci\u00f3n y Barcelona era un contrapoder para la Generalitat. A pesar de ello, en 2010 se institucionaliz\u00f3 el AMB, un espacio de relaciones entre los municipios m\u00e1s cercanos a Barcelona, pero la verdadera Barcelona es la de los 167 municipios de la regi\u00f3n metropolitana, que llega a Matar\u00f3, Granollers, Sabadell, Terrassa, Martorell, Vilafranca y Vilanova. Todo lo que existe dentro de este per\u00edmetro es lo que podemos considerar la regi\u00f3n metropolitana, la Gran Barcelona.<\/p>\n<p><strong>Pero para la Gran Barcelona no siempre ha tenido un consenso&#8230;<\/strong><br \/>Desde la segunda corona metropolitana, Barcelona era a menudo vista como una especie de competidor y de hecho hab\u00eda ciudades que trataban de hacer una especie de contrapeso a la capital, Barcelona. En Terrassa siempre pensamos que nos ayud\u00f3 mucho estar cerca de Barcelona porqu\u00e9 aunque es cierto que es un gran agujero negro que a menudo se traga todo, tambi\u00e9n es cierto que Barcelona es un sol que calienta tanto que nos ayuda a estar presentes en el mundo. Lo primero positivo que nos permiti\u00f3 visualizar muy claramente la buena influencia de Barcelona fueron los Juegos Ol\u00edmpicos. Como subsede ol\u00edmpica, nuestra ciudad acogi\u00f3 el torneo de hockey y si para Barcelona los juegos significaron un salto adelante tambi\u00e9n lo hicieron para Terrassa con la construcci\u00f3n de un estadio ol\u00edmpico absolutamente nuevo y desarrollos urbanos. Y especialmente despu\u00e9s de los juegos ganamos en orgullo en la ciudad. Lo que sucedi\u00f3 en Barcelona tambi\u00e9n se vivi\u00f3 en ciudades como Terrassa.<\/p>\n<p><strong>Ahora las ciudades de la segunda corona metropolitana, integradas en la Asociaci\u00f3n de Municipios del Arco Metropolitano han firmado en abril de 2021 la Declaraci\u00f3n de Martorell en la que reclaman que se tomen medidas a nivel de la regi\u00f3n metropolitana y que puedan decir su&#8230;<\/strong><br \/>Esta declaraci\u00f3n de Martorell es muy bienvenida, pero creo que se han perdido demasiados a\u00f1os porque la primera declaraci\u00f3n de Martorell se firm\u00f3 en 2005. Desde Terrassa promocionamos este club de ciudades del Arco Metropolitano ya en el a\u00f1o 2000 y celebramos reuniones no s\u00f3lo en Martorell y Terrassa, sino tambi\u00e9n en Andorra y Toulouse con el objetivo de reconectar la reivindicaci\u00f3n metropolitana con la ruta europea de E9. Por lo tanto, hab\u00eda una reflexi\u00f3n y desarrollo de propuestas territoriales m\u00e1s all\u00e1 de Barcelona muy poderosas por estas ciudades. Incluso firmamos, lo hice en nombre de las ciudades del arco metropolitano, un acuerdo con el presidente de la Diputaci\u00f3n y con el alcalde de Barcelona en el que nos comprometimos a pensar y planificar juntos el territorio de la regi\u00f3n metropolitana. No s\u00e9 d\u00f3nde deber\u00eda estar este documento en este momento, pero me alegro de que se pueda recuperar el esp\u00edritu de colaboraci\u00f3n entre estas ciudades y tambi\u00e9n de una relaci\u00f3n con lo que es el \u00e1rea metropolitana de Barcelona y la propia Barcelona.<\/p>\n<p><strong>\u00bfLe ayuda el Plan Metropolitano Estrat\u00e9gico de Barcelona a pensar en lo que hay que hacer?<\/strong><br \/>Creo que el Plan Estrat\u00e9gico Metropolitano es \u00fatil y lo que estoy viendo es que, afortunadamente, cada vez m\u00e1s lo que se piensa desde Barcelona se considera como una referencia no s\u00f3lo al \u00e1rea metropolitana sino tambi\u00e9n a la regi\u00f3n metropolitana, y eso es positivo. Es bueno que nos demos cuenta de que la nuestra es una regi\u00f3n metropolitana que, en comparaci\u00f3n con otras en todo el mundo, tiene caracter\u00edsticas muy especiales. Tiene manchas de mucha actividad econ\u00f3mica, industrial, de servicio y otros tipos, lo cual es muy positivo, pero si nos fijamos en el mapa vemos algo que no es com\u00fan con otros lugares: muchos puntos verdes, muchos espacios naturales protegidos dentro de una zona con una densidad de poblaci\u00f3n muy alta. Y todav\u00eda hay otro elemento muy importante a tener en cuenta: las principales infraestructuras internacionales como el puerto, el aeropuerto o grandes pol\u00edgonos industriales como el pol\u00edgono industrial Zona Franca donde ahora estamos hablando.<\/p>\n<p style=\"text-align: justify;\"><img loading=\"lazy\" class=\"aligncenter wp-image-7939 size-large\" src=\"https:\/\/rethinkbcn.cat\/wp-content\/uploads\/2021\/05\/FOTOS-PERE-NAVARRO-3-1024x909.jpg\" alt=\"\" width=\"1024\" height=\"909\" srcset=\"https:\/\/rethinkbcn.cat\/wp-content\/uploads\/2021\/05\/FOTOS-PERE-NAVARRO-3-980x869.jpg 980w, https:\/\/rethinkbcn.cat\/wp-content\/uploads\/2021\/05\/FOTOS-PERE-NAVARRO-3-480x426.jpg 480w\" sizes=\"(min-width: 0px) and (max-width: 480px) 480px, (min-width: 481px) and (max-width: 980px) 980px, (min-width: 981px) 1024px, 100vw\" \/><\/p>\n<p style=\"text-align: justify;\"><strong>Sin embargo, se ha instalado cierto pesimismo ambiental sobre el futuro de Barcelona, probablemente vinculado a la situaci\u00f3n catalana&#8230;<\/strong><br \/>En primer lugar, hay que decir que la marca Barcelona sigue siendo muy potente a nivel internacional, pero tambi\u00e9n que la situaci\u00f3n pol\u00edtica en Catalu\u00f1a nos ha llevado, en general, a mirar demasiado al ombligo y producir una especie de discurso victimista, mientras que otras ciudades y territorios no s\u00f3lo no han tenido este discurso sino que han mirado hacia afuera y se han lanzado al desarrollo de la econom\u00eda&#8230; Barcelona todav\u00eda tiene la oportunidad de avanzar, tiene bases que son muy s\u00f3lidas.<br \/><strong><br \/>\u00bfCu\u00e1les son las cartas que Barcelona debe jugar en un escenario internacional de gran complejidad y muy competitivo?<\/strong><br \/>Barcelona sigue siendo una de las ciudades m\u00e1s importantes en cuanto a presencia de startups, es una capital mundial de la investigaci\u00f3n biom\u00e9dica, cuenta con universidades que a pesar de todas las dificultades, sectorialmente est\u00e1n presentes en el ranking de las mejores universidades. En general, tiene condiciones que la convierten en lo que nosotros mismos queremos que sea. Lo primero que necesitamos es un espacio de consenso, pero desafortunadamente vemos c\u00f3mo pol\u00edticamente no vamos en esta direcci\u00f3n&#8230; \u00bfCu\u00e1nto tiempo llevamos sin gobierno en Catalu\u00f1a? Demasiado, sin duda. No sabemos cu\u00e1ndo habr\u00e1 gobierno o c\u00f3mo ser\u00e1.<br \/>Si seguimos teniendo un gobierno como este que se alimenta de confrontaci\u00f3n y victimismo, Barcelona tendr\u00e1 m\u00e1s dif\u00edcil desempe\u00f1ar el papel que le corresponder\u00eda. Se debe tener en cuenta que todo lo que pueda da\u00f1ar la imagen de Barcelona \u2014como ha sido el caso de los disturbios, por ejemplo\u2014 no facilita su participaci\u00f3n en una competici\u00f3n global. Porque, al fin y al cabo, no estamos compitiendo con Madrid, Valencia o Bilbao, sino con el mundo. Creo que podremos salir de este rompecabezas gracias a que hay mucho dinamismo, y en este sentido creo que en el Ayuntamiento de Barcelona el \u00e1rea de promoci\u00f3n econ\u00f3mica est\u00e1 haciendo las cosas bien, del mismo modo que hay muchas entidades y organizaciones en la ciudad que est\u00e1n impulsando iniciativas no s\u00f3lo de reflexi\u00f3n sino tambi\u00e9n de proyectos econ\u00f3micos interesantes, como lo hacen el AMB y el Consorci de la Zona Franca, que es una fuerza impulsora para el desarrollo econ\u00f3mico y la innovaci\u00f3n. Por lo tanto, a pesar de los problemas, estoy seguro de que hay fuerzas para superarlos y mantener Barcelona presente en el mundo.<\/p>\n<p style=\"text-align: justify;\"><strong>\u00bfCatalu\u00f1a no es demasiado peque\u00f1a para tener un ayuntamiento tan poderoso como el de Barcelona, una regi\u00f3n con un hipot\u00e9tico gobierno regional metropolitano y un gobierno de la Generalitat? \u00bfPuede el gobierno catal\u00e1n asumir la existencia de una regi\u00f3n que concentra el 70% de la poblaci\u00f3n?<\/strong><br \/>Estamos hablando de la Barcelona de aproximadamente 4,5 millones de habitantes, que es una dimensi\u00f3n adecuada para empezar a ser una capital mundial. El Gobierno de Catalu\u00f1a, a excepci\u00f3n de raras y honorables excepciones, durante las etapas de la presidencia de Pasqual Maragall y Jos\u00e9 Montilla, siempre ha mirado hacia atr\u00e1s a la ciudad de Barcelona, la ha considerado un contrapoder. Creo que es un error, que hay que aprovechar precisamente el poder de la marca Barcelona que alimenta a toda Catalu\u00f1a. Hoy la realidad es que cuando vas por el mundo y dices Catalu\u00f1a hay gente que la conoce sobre todo como consecuencia del conflicto del proceso, pero todo el mundo sabe qu\u00e9 es Barcelona, \u00e9sta es la marca global, real. Tal vez tambi\u00e9n deber\u00edamos recuperar un \u00e1rea territorial en la que Pasqual Maragall acababa de empezar a trabajar, la Eurorregi\u00f3n y el arco mediterr\u00e1neo.<\/p>\n<p><img loading=\"lazy\" class=\"aligncenter wp-image-7941 size-large\" src=\"https:\/\/rethinkbcn.cat\/wp-content\/uploads\/2021\/05\/FOTOS-PERE-NAVARRO-4-1024x683.jpg\" alt=\"\" width=\"1024\" height=\"683\" srcset=\"https:\/\/rethinkbcn.cat\/wp-content\/uploads\/2021\/05\/FOTOS-PERE-NAVARRO-4-980x653.jpg 980w, https:\/\/rethinkbcn.cat\/wp-content\/uploads\/2021\/05\/FOTOS-PERE-NAVARRO-4-480x320.jpg 480w\" sizes=\"(min-width: 0px) and (max-width: 480px) 480px, (min-width: 481px) and (max-width: 980px) 980px, (min-width: 981px) 1024px, 100vw\" \/><\/p>\n<table class=\" alignright\" style=\"height: 123px; width: 24.515503875968992%; border-collapse: collapse; border-top-width: 2px; border-top-style: solid; border-color: #000000; margin-left: 20px;\" cellspacing=\"15\" cellpadding=\"2\">\n<tbody>\n<tr style=\"height: 23px;\">\n<td style=\"width: 100%; height: 23px; border: 2px solid #000;\">\n<h4>\u201cLa situaci\u00f3n pol\u00edtica en Catalu\u00f1a nos ha llevado a que nos miremos demasiado el ombligo y producir un tipo de discurso victimista, mientras que otras ciudades y territorios no solo no han tenido este discurso, sino que han mirado afuera y se han puesto a desarrollar la econom\u00eda.\u201d<\/h4>\n<\/td>\n<\/tr>\n<\/tbody>\n<\/table>\n<p style=\"text-align: justify;\"><strong>Esto ser\u00eda para dar el salto al marco europeo, del que, a pesar de las declaraciones gen\u00e9ricas, Catalu\u00f1a parece haberse alejado&#8230;<\/strong><br \/>Debemos pensar en grandes regiones metropolitanas que traspasan fronteras. Est\u00e1 claro que cuando consideramos c\u00f3mo superar las fronteras algunos est\u00e1n pensando en poner entre Catalu\u00f1a y el resto de Espa\u00f1a. El concepto de Eurorregi\u00f3n era un proyecto muy potente porque ampliaba el territorio, superaba los l\u00edmites y era muy proeuropeo. Esto tambi\u00e9n se fue olvidado por el camino y, como mencion\u00e9 antes, nos hemos mirado demasiado el ombligo y no hemos sido capaces de ver m\u00e1s all\u00e1. Creo que esto tambi\u00e9n debe recuperarse para tener un mayor alcance, no lo llamar\u00e9 gobierno, sino de planificaci\u00f3n y no s\u00f3lo de urbanismo sino tambi\u00e9n de actividades, de econom\u00eda&#8230;<br \/><strong><br \/>\u00bfQu\u00e9 papel juega el Consorcio de la Zona Franca de Barcelona en este entorno metropolitano que quiere ser competitivo y espec\u00edficamente con respecto a la industria y la modernizaci\u00f3n del tejido productivo?<\/strong><br \/>El Consorcio Zona Franca ha vuelto de alguna manera a sus or\u00edgenes. Lo que hace es gestionar un pol\u00edgono industrial p\u00fablico de aproximadamente cinco millones de metros cuadrados, una zona que une otros pol\u00edgonos y edificios; esto significa que nuestra instituci\u00f3n est\u00e1 gestionando alrededor de diez millones de metros cuadrados de espacio p\u00fablico. Es muy importante porque los alquileres que nos pagan las empresas nos permiten tener ingresos, ya que no recibimos ni un solo euro de presupuestos p\u00fablicos. Por el contrario, aportamos dinero al sistema en forma de promoci\u00f3n econ\u00f3mica.<br \/><strong><br \/>\u00bfQu\u00e9 significa la expresi\u00f3n de que el Consorcio Zona Franca vuelve a sus or\u00edgenes?<\/strong><br \/>-Los inicios de este pol\u00edgono industrial est\u00e1n vinculados a la creaci\u00f3n de Seat y Motor Ib\u00e9rica, en definitiva, la industria automovil\u00edstica, que es una actividad muy innovadora. Fabricar el Seat 600 en las d\u00e9cadas de 1950 o 1960 fue lo m\u00e1s innovador que hab\u00eda y ocup\u00f3 a muchas personas. Ha pasado mucho tiempo, pero el Consorci sigue haciendo exactamente lo mismo que hizo en su momento: tratar de establecer las industrias m\u00e1s l\u00edderes e innovadoras de Barcelona y crear nuevos puestos de trabajo. Gran parte de los viejos empleos desaparecen con la industria 4.0 y con la nueva econom\u00eda, sin embargo, aparecen otros. Lo que hace el Consorci es explorar la aparici\u00f3n de nuevas oportunidades laborales, concretamente con la creaci\u00f3n de la primera incubadora de impresi\u00f3n 3D en Europa junto con la Fundaci\u00f3n Leitat. Hoy ya re\u00fane a 60 empresas que ocupan mil metros cuadrados, pero probablemente al final del verano inauguraremos una nueva nave industrial de 17.000 metros cuadrados que hemos denominado DFactory, y que es la primera fase de un proyecto de 100.000 metros en el que habr\u00e1 rob\u00f3tica, impresi\u00f3n 3D, sens\u00f3rica, Internet de las cosas, blockchain, healthtech&#8230; la nueva realidad industrial, en definitiva.<br \/>El empleo es uno de los aspectos. La otra es la promoci\u00f3n econ\u00f3mica, atrayendo nuevas oportunidades. \u00bfC\u00f3mo haces eso para vender Barcelona?<br \/>Junto a esto, de hecho, tambi\u00e9n estamos generando plataformas de relaci\u00f3n y creaci\u00f3n de negocio en el mejor sentido de la palabra. En octubre de 2020, el Consorcio organiz\u00f3 la primera edici\u00f3n de BNEW, Barcelona New Economy Week, un evento internacional creado para ayudar a reactivar la econom\u00eda, especialmente despu\u00e9s de la pandemia. En la segunda convocatoria prevista del 5 al 8 de octubre de este a\u00f1o esperamos superar con creces los 11.000 profesionales participantes de 111 pa\u00edses el a\u00f1o pasado. Los temas abordados -bienes ra\u00edces, zonas econ\u00f3micas, comercio electr\u00f3nico, log\u00edstica e industrias digitales- en 2021 se sumar\u00e1n a temas tan relevantes como la movilidad, la sostenibilidad, el talento, la ciencia, que ha aparecido tan destacado en nuestras vidas debido a la pandemia, y BNEW City que promocionar\u00e1 Barcelona especialmente en \u00e1mbitos como la gastronom\u00eda, la cultura y el dise\u00f1o en los que la ciudad es un referente. Todo ello a trav\u00e9s de canales de televisi\u00f3n que permiten relacionarse con todas las personas que est\u00e1n conectadas no s\u00f3lo con lo que est\u00e1n viendo, sino tambi\u00e9n entre s\u00ed.<\/p>\n<p style=\"text-align: justify;\"><img loading=\"lazy\" class=\"aligncenter wp-image-7935 size-large\" src=\"https:\/\/rethinkbcn.cat\/wp-content\/uploads\/2021\/05\/FOTOS-PERE-NAVARRO-1-1024x683.jpg\" alt=\"\" width=\"1024\" height=\"683\" srcset=\"https:\/\/rethinkbcn.cat\/wp-content\/uploads\/2021\/05\/FOTOS-PERE-NAVARRO-1-980x653.jpg 980w, https:\/\/rethinkbcn.cat\/wp-content\/uploads\/2021\/05\/FOTOS-PERE-NAVARRO-1-480x320.jpg 480w\" sizes=\"(min-width: 0px) and (max-width: 480px) 480px, (min-width: 481px) and (max-width: 980px) 980px, (min-width: 981px) 1024px, 100vw\" \/><br \/><strong>\u00bfSer\u00e1 como una versi\u00f3n m\u00e1s internacional de la Barcelona React promovida por el Ayuntamiento de Barcelona el pasado mes de abril?<\/strong><br \/>No es lo mismo, sino similar, con una gran proyecci\u00f3n internacional. El BNEW tuvo el a\u00f1o pasado 400 altavoces y cinco sets, tres ubicados en la Estaci\u00f3 de Fran\u00e7a, uno en la Casa Seat y el otro en la Telef\u00f3nica, en la Plaza de Catalunya. Este a\u00f1o tendremos diez y estimamos que participar\u00e1n 700 ponentes. Esto significa que, con el aumento esperado de inscritos, nuestro evento llegar\u00e1 a pr\u00e1cticamente todos los pa\u00edses del mundo. El formato h\u00edbrido entre digital y presencial hace que la internacionalizaci\u00f3n sea mucho m\u00e1s f\u00e1cil, creemos que habr\u00e1 mucha m\u00e1s presencia f\u00edsica en comparaci\u00f3n con el a\u00f1o pasado y que las personas conectadas digitalmente tambi\u00e9n aumentar\u00e1n muy significativamente.\u00a0Este formato h\u00edbrido ha sido adoptado por muchas ferias al menos en tiempos de pandemia y tiene sentido en una ciudad como Barcelona, que es un referente en ferias y congresos.\u00a0Hab\u00edamos estado reflexionando sobre ferias y congresos durante mucho tiempo y no consegu\u00edamos encontrar la clave. Una feria, al final, es un alquiler de espacios y saber facilitar que las cosas sucedan, que se establezca una relaci\u00f3n entre ciertos sectores econ\u00f3micos, lo que llamamos networking. Las ferias suelen ser sectoriales, pero en BNEW reunimos a todas las personas que trabajan en el negocio inmobiliario, log\u00edstica, comercio electr\u00f3nico, etc., en diferentes canales que pueden relacionarse entre s\u00ed. En el momento de registrarse, un participante puede elegir una serie de temas que les interesen y un algoritmo sugerir\u00e1 qu\u00e9 personas pueden ser m\u00e1s \u00fatiles para contactar. En este sentido, un aspecto notable del BNEW es la alta capacidad de decisi\u00f3n de los inscritos. Esto significa que es interesante estar presente en una plataforma que permite conectar con personas que son cruciales para otras empresas a la hora de intentar crear espacios de negocio, que al final tambi\u00e9n son espacios de promoci\u00f3n econ\u00f3mica donde se crean puestos de trabajo. En resumen, estamos haciendo nuestro papel como agente econ\u00f3mico p\u00fablico, como locomotora de la econom\u00eda productiva.<\/p>\n<p style=\"text-align: justify;\"><strong>Terminamos en la ciudad. \u00bfCree que el teletrabajo est\u00e1 teniendo un efecto en el territorio? \u00bfSe puede hablar del desplazamiento de los residentes de Barcelona al exterior de la corona metropolitana y de la p\u00e9rdida de protagonismo de los centros?<\/strong><br \/>Hay diferentes teor\u00edas sobre lo que suceder\u00e1 una vez que estemos vacunados o inmunizados. Me parece que ahora podemos decir que con la pandemia, sin duda ha habido desplazamientos de grandes ciudades a m\u00e1s espacios naturales, pero creo que la tendencia de la gente a unirse en las grandes \u00e1reas metropolitanas seguir\u00e1 ocurriendo porque al final somos animales sociales y necesitamos contacto f\u00edsico. Creo que el teletrabajo se convertir\u00e1 en una pr\u00e1ctica que tendr\u00e1 que ver especialmente con horarios flexibles, con los que todo el mundo no necesita entrar y salir al mismo tiempo, que todo el mundo est\u00e9 trabajando presencialmente todos los d\u00edas de la semana. Este tipo de facilidad ocurrir\u00e1, ya lo estamos viendo, pero poder trabajar remotamente al 100 por ciento es dif\u00edcil por no decir imposible. Hace muchos a\u00f1os se especul\u00f3 que cuando la fibra \u00f3ptica llegara a la Cerdanya o Empord\u00e0 muchas personas se trasladar\u00edan a vivir all\u00ed y en un entorno buc\u00f3lico pod\u00edan funcionar de forma remota, pero esto no se produjo. Desde entonces lo que ha sucedido, al menos hasta ahora, es una mayor agregaci\u00f3n de poblaci\u00f3n en las \u00e1reas metropolitanas. Porque hay una realidad evidente, y es que no todo el trabajo se puede hacer con teletrabajo, salud, servicios culturales, comerciales, los propios servicios empresariales son muy importantes, hay cosas que s\u00f3lo les proporcionan una cierta densidad de la ciudad y en el caso de Barcelona y la regi\u00f3n metropolitana est\u00e1 claro que tenemos esta densidad. Podemos ir a vivir a Matadepera como han hecho algunas personas o en Alella, pero siempre a una distancia prudencial del centro.<\/p>\n<p>[\/et_pb_text][et_pb_text disabled_on=\u00bboff|off|on\u00bb admin_label=\u00bbText entrada tablet i m\u00f2bil\u00bb _builder_version=\u00bb4.9.0&#8243; _module_preset=\u00bbdefault\u00bb text_font=\u00bbAverta Light||||||||\u00bb header_font=\u00bbAverta regular||||||||\u00bb header_font_size=\u00bb36px\u00bb header_4_font=\u00bbAverta regular||||||||\u00bb header_4_line_height=\u00bb1.2em\u00bb header_font_size_tablet=\u00bb30px\u00bb header_font_size_phone=\u00bb24px\u00bb header_font_size_last_edited=\u00bbon|phone\u00bb]<\/p>\n<p><strong>per Rafael Pradas<\/strong><\/p>\n<p style=\"text-align: justify;\">Pere Navarro (Terrassa, 1959) es bi\u00f3logo de profesi\u00f3n, pero ha pasado gran parte de su vida dedicado a la actividad p\u00fablica con una larga experiencia en municipalismo. Fue alcalde de su ciudad, Terrassa, entre 2002 y 2012, primer secretario del PSC entre 2011 y 2014, diputado en el Parlamento de Catalu\u00f1a y uno de los promotores de la llamada \u00abDeclaraci\u00f3n de Granada\u00bb que aboga por una reforma federal de la Constituci\u00f3n Espa\u00f1ola. En 2012 fue reconocido por la fundaci\u00f3n brit\u00e1nica Majors como uno de los 98 mejores alcaldes del mundo, junto con el alcalde de Bilbao I\u00f1aki Azkuna. Desde julio de 2018 es delegado especial del Estado en el Consorci de la Zona Franca de Barcelona. En el \u00e1mbito de la empresa privada, su experiencia profesional se ha centrado en la gesti\u00f3n estrat\u00e9gica de proyectos de ordenaci\u00f3n del territorio y desarrollo urbano.<\/p>\n<p><strong>Por la experiencia dada por la alcald\u00eda de Terrassa \u00bfc\u00f3mo ve lo que acordamos llamar metr\u00f3polis de Barcelona?<\/strong><br \/>El \u00c1rea Metropolitana de Barcelona es actualmente heredera de la Corporaci\u00f3n Metropolitana de Barcelona, el CMB, que desapareci\u00f3 con las leyes de ordenaci\u00f3n del territorio de 1988: parec\u00eda que en ese momento la Corporaci\u00f3n y Barcelona era un contrapoder para la Generalitat. A pesar de ello, en 2010 se institucionaliz\u00f3 el AMB, un espacio de relaciones entre los municipios m\u00e1s cercanos a Barcelona, pero la verdadera Barcelona es la de los 167 municipios de la regi\u00f3n metropolitana, que llega a Matar\u00f3, Granollers, Sabadell, Terrassa, Martorell, Vilafranca y Vilanova. Todo lo que existe dentro de este per\u00edmetro es lo que podemos considerar la regi\u00f3n metropolitana, la Gran Barcelona.<\/p>\n<p><strong>Pero para la Gran Barcelona no siempre ha tenido un consenso&#8230;<\/strong><br \/>Desde la segunda corona metropolitana, Barcelona era a menudo vista como una especie de competidor y de hecho hab\u00eda ciudades que trataban de hacer una especie de contrapeso a la capital, Barcelona. En Terrassa siempre pensamos que nos ayud\u00f3 mucho estar cerca de Barcelona porqu\u00e9 aunque es cierto que es un gran agujero negro que a menudo se traga todo, tambi\u00e9n es cierto que Barcelona es un sol que calienta tanto que nos ayuda a estar presentes en el mundo. Lo primero positivo que nos permiti\u00f3 visualizar muy claramente la buena influencia de Barcelona fueron los Juegos Ol\u00edmpicos. Como subsede ol\u00edmpica, nuestra ciudad acogi\u00f3 el torneo de hockey y si para Barcelona los juegos significaron un salto adelante tambi\u00e9n lo hicieron para Terrassa con la construcci\u00f3n de un estadio ol\u00edmpico absolutamente nuevo y desarrollos urbanos. Y especialmente despu\u00e9s de los juegos ganamos en orgullo en la ciudad. Lo que sucedi\u00f3 en Barcelona tambi\u00e9n se vivi\u00f3 en ciudades como Terrassa.<\/p>\n<p><strong>Ahora las ciudades de la segunda corona metropolitana, integradas en la Asociaci\u00f3n de Municipios del Arco Metropolitano han firmado en abril de 2021 la Declaraci\u00f3n de Martorell en la que reclaman que se tomen medidas a nivel de la regi\u00f3n metropolitana y que puedan decir su&#8230;<\/strong><br \/>Esta declaraci\u00f3n de Martorell es muy bienvenida, pero creo que se han perdido demasiados a\u00f1os porque la primera declaraci\u00f3n de Martorell se firm\u00f3 en 2005. Desde Terrassa promocionamos este club de ciudades del Arco Metropolitano ya en el a\u00f1o 2000 y celebramos reuniones no s\u00f3lo en Martorell y Terrassa, sino tambi\u00e9n en Andorra y Toulouse con el objetivo de reconectar la reivindicaci\u00f3n metropolitana con la ruta europea de E9. Por lo tanto, hab\u00eda una reflexi\u00f3n y desarrollo de propuestas territoriales m\u00e1s all\u00e1 de Barcelona muy poderosas por estas ciudades. Incluso firmamos, lo hice en nombre de las ciudades del arco metropolitano, un acuerdo con el presidente de la Diputaci\u00f3n y con el alcalde de Barcelona en el que nos comprometimos a pensar y planificar juntos el territorio de la regi\u00f3n metropolitana. No s\u00e9 d\u00f3nde deber\u00eda estar este documento en este momento, pero me alegro de que se pueda recuperar el esp\u00edritu de colaboraci\u00f3n entre estas ciudades y tambi\u00e9n de una relaci\u00f3n con lo que es el \u00e1rea metropolitana de Barcelona y la propia Barcelona.<\/p>\n<p><strong>\u00bfLe ayuda el Plan Metropolitano Estrat\u00e9gico de Barcelona a pensar en lo que hay que hacer?<\/strong><br \/>Creo que el Plan Estrat\u00e9gico Metropolitano es \u00fatil y lo que estoy viendo es que, afortunadamente, cada vez m\u00e1s lo que se piensa desde Barcelona se considera como una referencia no s\u00f3lo al \u00e1rea metropolitana sino tambi\u00e9n a la regi\u00f3n metropolitana, y eso es positivo. Es bueno que nos demos cuenta de que la nuestra es una regi\u00f3n metropolitana que, en comparaci\u00f3n con otras en todo el mundo, tiene caracter\u00edsticas muy especiales. Tiene manchas de mucha actividad econ\u00f3mica, industrial, de servicio y otros tipos, lo cual es muy positivo, pero si nos fijamos en el mapa vemos algo que no es com\u00fan con otros lugares: muchos puntos verdes, muchos espacios naturales protegidos dentro de una zona con una densidad de poblaci\u00f3n muy alta. Y todav\u00eda hay otro elemento muy importante a tener en cuenta: las principales infraestructuras internacionales como el puerto, el aeropuerto o grandes pol\u00edgonos industriales como el pol\u00edgono industrial Zona Franca donde ahora estamos hablando.<\/p>\n<p style=\"text-align: justify;\"><img loading=\"lazy\" class=\"aligncenter wp-image-7939 size-large\" src=\"https:\/\/rethinkbcn.cat\/wp-content\/uploads\/2021\/05\/FOTOS-PERE-NAVARRO-3-1024x909.jpg\" alt=\"\" width=\"1024\" height=\"909\" srcset=\"https:\/\/rethinkbcn.cat\/wp-content\/uploads\/2021\/05\/FOTOS-PERE-NAVARRO-3-980x869.jpg 980w, https:\/\/rethinkbcn.cat\/wp-content\/uploads\/2021\/05\/FOTOS-PERE-NAVARRO-3-480x426.jpg 480w\" sizes=\"(min-width: 0px) and (max-width: 480px) 480px, (min-width: 481px) and (max-width: 980px) 980px, (min-width: 981px) 1024px, 100vw\" \/><\/p>\n<p style=\"text-align: justify;\"><strong>Sin embargo, se ha instalado cierto pesimismo ambiental sobre el futuro de Barcelona, probablemente vinculado a la situaci\u00f3n catalana&#8230;<\/strong><br \/>En primer lugar, hay que decir que la marca Barcelona sigue siendo muy potente a nivel internacional, pero tambi\u00e9n que la situaci\u00f3n pol\u00edtica en Catalu\u00f1a nos ha llevado, en general, a mirar demasiado al ombligo y producir una especie de discurso victimista, mientras que otras ciudades y territorios no s\u00f3lo no han tenido este discurso sino que han mirado hacia afuera y se han lanzado al desarrollo de la econom\u00eda&#8230; Barcelona todav\u00eda tiene la oportunidad de avanzar, tiene bases que son muy s\u00f3lidas.<br \/><strong><br \/>\u00bfCu\u00e1les son las cartas que Barcelona debe jugar en un escenario internacional de gran complejidad y muy competitivo?<\/strong><br \/>Barcelona sigue siendo una de las ciudades m\u00e1s importantes en cuanto a presencia de startups, es una capital mundial de la investigaci\u00f3n biom\u00e9dica, cuenta con universidades que a pesar de todas las dificultades, sectorialmente est\u00e1n presentes en el ranking de las mejores universidades. En general, tiene condiciones que la convierten en lo que nosotros mismos queremos que sea. Lo primero que necesitamos es un espacio de consenso, pero desafortunadamente vemos c\u00f3mo pol\u00edticamente no vamos en esta direcci\u00f3n&#8230; \u00bfCu\u00e1nto tiempo llevamos sin gobierno en Catalu\u00f1a? Demasiado, sin duda. No sabemos cu\u00e1ndo habr\u00e1 gobierno o c\u00f3mo ser\u00e1.<br \/>Si seguimos teniendo un gobierno como este que se alimenta de confrontaci\u00f3n y victimismo, Barcelona tendr\u00e1 m\u00e1s dif\u00edcil desempe\u00f1ar el papel que le corresponder\u00eda. Se debe tener en cuenta que todo lo que pueda da\u00f1ar la imagen de Barcelona \u2014como ha sido el caso de los disturbios, por ejemplo\u2014 no facilita su participaci\u00f3n en una competici\u00f3n global. Porque, al fin y al cabo, no estamos compitiendo con Madrid, Valencia o Bilbao, sino con el mundo. Creo que podremos salir de este rompecabezas gracias a que hay mucho dinamismo, y en este sentido creo que en el Ayuntamiento de Barcelona el \u00e1rea de promoci\u00f3n econ\u00f3mica est\u00e1 haciendo las cosas bien, del mismo modo que hay muchas entidades y organizaciones en la ciudad que est\u00e1n impulsando iniciativas no s\u00f3lo de reflexi\u00f3n sino tambi\u00e9n de proyectos econ\u00f3micos interesantes, como lo hacen el AMB y el Consorci de la Zona Franca, que es una fuerza impulsora para el desarrollo econ\u00f3mico y la innovaci\u00f3n. Por lo tanto, a pesar de los problemas, estoy seguro de que hay fuerzas para superarlos y mantener Barcelona presente en el mundo.<\/p>\n<p style=\"text-align: justify;\"><strong>\u00bfCatalu\u00f1a no es demasiado peque\u00f1a para tener un ayuntamiento tan poderoso como el de Barcelona, una regi\u00f3n con un hipot\u00e9tico gobierno regional metropolitano y un gobierno de la Generalitat? \u00bfPuede el gobierno catal\u00e1n asumir la existencia de una regi\u00f3n que concentra el 70% de la poblaci\u00f3n?<\/strong><br \/>Estamos hablando de la Barcelona de aproximadamente 4,5 millones de habitantes, que es una dimensi\u00f3n adecuada para empezar a ser una capital mundial. El Gobierno de Catalu\u00f1a, a excepci\u00f3n de raras y honorables excepciones, durante las etapas de la presidencia de Pasqual Maragall y Jos\u00e9 Montilla, siempre ha mirado hacia atr\u00e1s a la ciudad de Barcelona, la ha considerado un contrapoder. Creo que es un error, que hay que aprovechar precisamente el poder de la marca Barcelona que alimenta a toda Catalu\u00f1a. Hoy la realidad es que cuando vas por el mundo y dices Catalu\u00f1a hay gente que la conoce sobre todo como consecuencia del conflicto del proceso, pero todo el mundo sabe qu\u00e9 es Barcelona, \u00e9sta es la marca global, real. Tal vez tambi\u00e9n deber\u00edamos recuperar un \u00e1rea territorial en la que Pasqual Maragall acababa de empezar a trabajar, la Eurorregi\u00f3n y el arco mediterr\u00e1neo.<\/p>\n<p><img loading=\"lazy\" class=\"aligncenter wp-image-7941 size-large\" src=\"https:\/\/rethinkbcn.cat\/wp-content\/uploads\/2021\/05\/FOTOS-PERE-NAVARRO-4-1024x683.jpg\" alt=\"\" width=\"1024\" height=\"683\" srcset=\"https:\/\/rethinkbcn.cat\/wp-content\/uploads\/2021\/05\/FOTOS-PERE-NAVARRO-4-980x653.jpg 980w, https:\/\/rethinkbcn.cat\/wp-content\/uploads\/2021\/05\/FOTOS-PERE-NAVARRO-4-480x320.jpg 480w\" sizes=\"(min-width: 0px) and (max-width: 480px) 480px, (min-width: 481px) and (max-width: 980px) 980px, (min-width: 981px) 1024px, 100vw\" \/><\/p>\n<table class=\" alignright\" style=\"height: 104px; width: 99.9054%; border-collapse: collapse; border-top: 2px solid #000000; border-right-color: #000000; border-bottom-color: #000000; border-left-color: #000000; margin-left: 20px;\" cellspacing=\"15\" cellpadding=\"2\">\n<tbody>\n<tr style=\"height: 23px;\">\n<td style=\"width: 100%; height: 23px; border: 2px solid #000;\">\n<h4 style=\"text-align: center;\">\u201cLa situaci\u00f3n pol\u00edtica en Catalu\u00f1a nos ha llevado a que nos miremos demasiado el ombligo y producir un tipo de discurso victimista, mientras que otras ciudades y territorios no solo no han tenido este discurso, sino que han mirado afuera y se han puesto a desarrollar la econom\u00eda.\u201d<\/h4>\n<\/td>\n<\/tr>\n<\/tbody>\n<\/table>\n<p>&nbsp;<\/p>\n<p>&nbsp;<\/p>\n<p>&nbsp;<\/p>\n<p style=\"text-align: justify;\"><strong>Esto ser\u00eda para dar el salto al marco europeo, del que, a pesar de las declaraciones gen\u00e9ricas, Catalu\u00f1a parece haberse alejado&#8230;<\/strong><br \/>Debemos pensar en grandes regiones metropolitanas que traspasan fronteras. Est\u00e1 claro que cuando consideramos c\u00f3mo superar las fronteras algunos est\u00e1n pensando en poner entre Catalu\u00f1a y el resto de Espa\u00f1a. El concepto de Eurorregi\u00f3n era un proyecto muy potente porque ampliaba el territorio, superaba los l\u00edmites y era muy proeuropeo. Esto tambi\u00e9n se fue olvidado por el camino y, como mencion\u00e9 antes, nos hemos mirado demasiado el ombligo y no hemos sido capaces de ver m\u00e1s all\u00e1. Creo que esto tambi\u00e9n debe recuperarse para tener un mayor alcance, no lo llamar\u00e9 gobierno, sino de planificaci\u00f3n y no s\u00f3lo de urbanismo sino tambi\u00e9n de actividades, de econom\u00eda&#8230;<br \/><strong><br \/>\u00bfQu\u00e9 papel juega el Consorcio de la Zona Franca de Barcelona en este entorno metropolitano que quiere ser competitivo y espec\u00edficamente con respecto a la industria y la modernizaci\u00f3n del tejido productivo?<\/strong><br \/>El Consorcio Zona Franca ha vuelto de alguna manera a sus or\u00edgenes. Lo que hace es gestionar un pol\u00edgono industrial p\u00fablico de aproximadamente cinco millones de metros cuadrados, una zona que une otros pol\u00edgonos y edificios; esto significa que nuestra instituci\u00f3n est\u00e1 gestionando alrededor de diez millones de metros cuadrados de espacio p\u00fablico. Es muy importante porque los alquileres que nos pagan las empresas nos permiten tener ingresos, ya que no recibimos ni un solo euro de presupuestos p\u00fablicos. Por el contrario, aportamos dinero al sistema en forma de promoci\u00f3n econ\u00f3mica.<br \/><strong><br \/>\u00bfQu\u00e9 significa la expresi\u00f3n de que el Consorcio Zona Franca vuelve a sus or\u00edgenes?<\/strong><br \/>-Los inicios de este pol\u00edgono industrial est\u00e1n vinculados a la creaci\u00f3n de Seat y Motor Ib\u00e9rica, en definitiva, la industria automovil\u00edstica, que es una actividad muy innovadora. Fabricar el Seat 600 en las d\u00e9cadas de 1950 o 1960 fue lo m\u00e1s innovador que hab\u00eda y ocup\u00f3 a muchas personas. Ha pasado mucho tiempo, pero el Consorci sigue haciendo exactamente lo mismo que hizo en su momento: tratar de establecer las industrias m\u00e1s l\u00edderes e innovadoras de Barcelona y crear nuevos puestos de trabajo. Gran parte de los viejos empleos desaparecen con la industria 4.0 y con la nueva econom\u00eda, sin embargo, aparecen otros. Lo que hace el Consorci es explorar la aparici\u00f3n de nuevas oportunidades laborales, concretamente con la creaci\u00f3n de la primera incubadora de impresi\u00f3n 3D en Europa junto con la Fundaci\u00f3n Leitat. Hoy ya re\u00fane a 60 empresas que ocupan mil metros cuadrados, pero probablemente al final del verano inauguraremos una nueva nave industrial de 17.000 metros cuadrados que hemos denominado DFactory, y que es la primera fase de un proyecto de 100.000 metros en el que habr\u00e1 rob\u00f3tica, impresi\u00f3n 3D, sens\u00f3rica, Internet de las cosas, blockchain, healthtech&#8230; la nueva realidad industrial, en definitiva.<br \/>El empleo es uno de los aspectos. La otra es la promoci\u00f3n econ\u00f3mica, atrayendo nuevas oportunidades. \u00bfC\u00f3mo haces eso para vender Barcelona?<br \/>Junto a esto, de hecho, tambi\u00e9n estamos generando plataformas de relaci\u00f3n y creaci\u00f3n de negocio en el mejor sentido de la palabra. En octubre de 2020, el Consorcio organiz\u00f3 la primera edici\u00f3n de BNEW, Barcelona New Economy Week, un evento internacional creado para ayudar a reactivar la econom\u00eda, especialmente despu\u00e9s de la pandemia. En la segunda convocatoria prevista del 5 al 8 de octubre de este a\u00f1o esperamos superar con creces los 11.000 profesionales participantes de 111 pa\u00edses el a\u00f1o pasado. Los temas abordados -bienes ra\u00edces, zonas econ\u00f3micas, comercio electr\u00f3nico, log\u00edstica e industrias digitales- en 2021 se sumar\u00e1n a temas tan relevantes como la movilidad, la sostenibilidad, el talento, la ciencia, que ha aparecido tan destacado en nuestras vidas debido a la pandemia, y BNEW City que promocionar\u00e1 Barcelona especialmente en \u00e1mbitos como la gastronom\u00eda, la cultura y el dise\u00f1o en los que la ciudad es un referente. Todo ello a trav\u00e9s de canales de televisi\u00f3n que permiten relacionarse con todas las personas que est\u00e1n conectadas no s\u00f3lo con lo que est\u00e1n viendo, sino tambi\u00e9n entre s\u00ed.<\/p>\n<p style=\"text-align: justify;\"><img loading=\"lazy\" class=\"aligncenter wp-image-7935 size-large\" src=\"https:\/\/rethinkbcn.cat\/wp-content\/uploads\/2021\/05\/FOTOS-PERE-NAVARRO-1-1024x683.jpg\" alt=\"\" width=\"1024\" height=\"683\" srcset=\"https:\/\/rethinkbcn.cat\/wp-content\/uploads\/2021\/05\/FOTOS-PERE-NAVARRO-1-980x653.jpg 980w, https:\/\/rethinkbcn.cat\/wp-content\/uploads\/2021\/05\/FOTOS-PERE-NAVARRO-1-480x320.jpg 480w\" sizes=\"(min-width: 0px) and (max-width: 480px) 480px, (min-width: 481px) and (max-width: 980px) 980px, (min-width: 981px) 1024px, 100vw\" \/><br \/><strong>\u00bfSer\u00e1 como una versi\u00f3n m\u00e1s internacional de la Barcelona React promovida por el Ayuntamiento de Barcelona el pasado mes de abril?<\/strong><br \/>No es lo mismo, sino similar, con una gran proyecci\u00f3n internacional. El BNEW tuvo el a\u00f1o pasado 400 altavoces y cinco sets, tres ubicados en la Estaci\u00f3 de Fran\u00e7a, uno en la Casa Seat y el otro en la Telef\u00f3nica, en la Plaza de Catalunya. Este a\u00f1o tendremos diez y estimamos que participar\u00e1n 700 ponentes. Esto significa que, con el aumento esperado de inscritos, nuestro evento llegar\u00e1 a pr\u00e1cticamente todos los pa\u00edses del mundo. El formato h\u00edbrido entre digital y presencial hace que la internacionalizaci\u00f3n sea mucho m\u00e1s f\u00e1cil, creemos que habr\u00e1 mucha m\u00e1s presencia f\u00edsica en comparaci\u00f3n con el a\u00f1o pasado y que las personas conectadas digitalmente tambi\u00e9n aumentar\u00e1n muy significativamente.\u00a0Este formato h\u00edbrido ha sido adoptado por muchas ferias al menos en tiempos de pandemia y tiene sentido en una ciudad como Barcelona, que es un referente en ferias y congresos.\u00a0Hab\u00edamos estado reflexionando sobre ferias y congresos durante mucho tiempo y no consegu\u00edamos encontrar la clave. Una feria, al final, es un alquiler de espacios y saber facilitar que las cosas sucedan, que se establezca una relaci\u00f3n entre ciertos sectores econ\u00f3micos, lo que llamamos networking. Las ferias suelen ser sectoriales, pero en BNEW reunimos a todas las personas que trabajan en el negocio inmobiliario, log\u00edstica, comercio electr\u00f3nico, etc., en diferentes canales que pueden relacionarse entre s\u00ed. En el momento de registrarse, un participante puede elegir una serie de temas que les interesen y un algoritmo sugerir\u00e1 qu\u00e9 personas pueden ser m\u00e1s \u00fatiles para contactar. En este sentido, un aspecto notable del BNEW es la alta capacidad de decisi\u00f3n de los inscritos. Esto significa que es interesante estar presente en una plataforma que permite conectar con personas que son cruciales para otras empresas a la hora de intentar crear espacios de negocio, que al final tambi\u00e9n son espacios de promoci\u00f3n econ\u00f3mica donde se crean puestos de trabajo. En resumen, estamos haciendo nuestro papel como agente econ\u00f3mico p\u00fablico, como locomotora de la econom\u00eda productiva.<\/p>\n<p style=\"text-align: justify;\"><strong>Terminamos en la ciudad. \u00bfCree que el teletrabajo est\u00e1 teniendo un efecto en el territorio? \u00bfSe puede hablar del desplazamiento de los residentes de Barcelona al exterior de la corona metropolitana y de la p\u00e9rdida de protagonismo de los centros?<\/strong><br \/>Hay diferentes teor\u00edas sobre lo que suceder\u00e1 una vez que estemos vacunados o inmunizados. Me parece que ahora podemos decir que con la pandemia, sin duda ha habido desplazamientos de grandes ciudades a m\u00e1s espacios naturales, pero creo que la tendencia de la gente a unirse en las grandes \u00e1reas metropolitanas seguir\u00e1 ocurriendo porque al final somos animales sociales y necesitamos contacto f\u00edsico. Creo que el teletrabajo se convertir\u00e1 en una pr\u00e1ctica que tendr\u00e1 que ver especialmente con horarios flexibles, con los que todo el mundo no necesita entrar y salir al mismo tiempo, que todo el mundo est\u00e9 trabajando presencialmente todos los d\u00edas de la semana. Este tipo de facilidad ocurrir\u00e1, ya lo estamos viendo, pero poder trabajar remotamente al 100 por ciento es dif\u00edcil por no decir imposible. Hace muchos a\u00f1os se especul\u00f3 que cuando la fibra \u00f3ptica llegara a la Cerdanya o Empord\u00e0 muchas personas se trasladar\u00edan a vivir all\u00ed y en un entorno buc\u00f3lico pod\u00edan funcionar de forma remota, pero esto no se produjo. Desde entonces lo que ha sucedido, al menos hasta ahora, es una mayor agregaci\u00f3n de poblaci\u00f3n en las \u00e1reas metropolitanas. Porque hay una realidad evidente, y es que no todo el trabajo se puede hacer con teletrabajo, salud, servicios culturales, comerciales, los propios servicios empresariales son muy importantes, hay cosas que s\u00f3lo les proporcionan una cierta densidad de la ciudad y en el caso de Barcelona y la regi\u00f3n metropolitana est\u00e1 claro que tenemos esta densidad. Podemos ir a vivir a Matadepera como han hecho algunas personas o en Alella, pero siempre a una distancia prudencial del centro.<\/p>\n<p>[\/et_pb_text][et_pb_text admin_label=\u00bbShare \u00bb _builder_version=\u00bb4.8.2&#8243; _module_preset=\u00bbdefault\u00bb width=\u00bb26%\u00bb module_alignment=\u00bbleft\u00bb module_alignment_tablet=\u00bbleft\u00bb module_alignment_phone=\u00bbleft\u00bb module_alignment_last_edited=\u00bbon|phone\u00bb border_width_all=\u00bb0px\u00bb]<\/p>\n<table style=\"border-collapse: collapse; width: 0%; height: 22px; border-color: #000000; border: 2px solid;\">\n<tbody>\n<tr style=\"height: 22px;\">\n<td style=\"width: 11.5332%; height: 22px;\">share:<\/td>\n<td style=\"width: 88.4667%; text-align: justify; vertical-align: middle; height: 22px;\"><div class=\"sfsi_widget sfsi_shortcode_container\"><div class=\"norm_row sfsi_wDiv \"  style=\"width:200px;text-align:left;\"><div style='width:30px; height:30px;margin-left:10px;margin-bottom:5px; ' class='sfsi_wicons shuffeldiv ' ><div class='inerCnt'><a class=' sficn' data-effect='' target='_blank'  href='' id='sfsiid_twitter_icon' style='width:30px;height:30px;opacity:1;'  ><img data-pin-nopin='true' alt='Twitter' title='Twitter' src='https:\/\/rethinkbcn.cat\/wp-content\/plugins\/ultimate-social-media-icons\/images\/icons_theme\/transparent\/transparent_twitter.png' width='30' height='30' style='' class='sfcm sfsi_wicon ' data-effect=''   \/><\/a><div class=\"sfsi_tool_tip_2 twt_tool_bdr sfsiTlleft\" style=\"opacity:0;z-index:-1;\" id=\"sfsiid_twitter\"><span class=\"bot_arow bot_twt_arow\"><\/span><div class=\"sfsi_inside\"><div  class='icon2'><div class='sf_twiter' style='display: inline-block;vertical-align: middle;width: auto;'>\r\n\t\t\t\t\t\t<a target='_blank' href='https:\/\/twitter.com\/intent\/tweet?text=Hey%2C+check+out+this+cool+site+I+found%3A+www.rethinkbcn.cat+%23Topic+via%40my_twitter_name+https:\/\/rethinkbcn.cat\/es\/wp-json\/wp\/v2\/posts\/7946\/' style='display:inline-block' >\r\n\t\t\t\t\t\t\t<img data-pin-nopin= true class='sfsi_wicon' src='https:\/\/rethinkbcn.cat\/wp-content\/plugins\/ultimate-social-media-icons\/images\/share_icons\/Twitter_Tweet\/en_US_Tweet.svg' alt='Tweet' title='Tweet' >\r\n\t\t\t\t\t\t<\/a>\r\n\t\t\t\t\t<\/div><\/div><\/div><\/div><\/div><\/div><div style='width:30px; height:30px;margin-left:10px;margin-bottom:5px; ' class='sfsi_wicons shuffeldiv ' ><div class='inerCnt'><a class=' sficn' data-effect='' target='_blank'  href='' id='sfsiid_linkedin_icon' style='width:30px;height:30px;opacity:1;'  ><img data-pin-nopin='true' alt='' title='' src='https:\/\/rethinkbcn.cat\/wp-content\/plugins\/ultimate-social-media-icons\/images\/icons_theme\/transparent\/transparent_linkedin.png' width='30' height='30' style='' class='sfcm sfsi_wicon ' data-effect=''   \/><\/a><div class=\"sfsi_tool_tip_2 linkedin_tool_bdr sfsiTlleft\" style=\"opacity:0;z-index:-1;\" id=\"sfsiid_linkedin\"><span class=\"bot_arow bot_linkedin_arow\"><\/span><div class=\"sfsi_inside\"><div  class='icon2'><a target='_blank' href=\"https:\/\/www.linkedin.com\/shareArticle?url=https%3A%2F%2Frethinkbcn.cat%2Fes%2Fwp-json%2Fwp%2Fv2%2Fposts%2F7946%2F\"><img class=\"sfsi_wicon\" data-pin-nopin= true alt=\"Share\" title=\"Share\" src=\"https:\/\/rethinkbcn.cat\/wp-content\/plugins\/ultimate-social-media-icons\/images\/share_icons\/Linkedin_Share\/en_US_share.svg\" \/><\/a><\/div><\/div><\/div><\/div><\/div><div style='width:30px; height:30px;margin-left:10px;margin-bottom:5px; ' class='sfsi_wicons shuffeldiv ' ><div class='inerCnt'><a class=' sficn' data-effect='' target='_blank'  href='https:\/\/api.whatsapp.com\/send?text=https:\/\/rethinkbcn.cat\/es\/pere-navarro-la-marca-barcelona-sigue-siendo-muy-potente-a-nivel-internacional\/' id='sfsiid_whatsapp_icon' style='width:30px;height:30px;opacity:1;'  ><img data-pin-nopin='true' alt='' title='' src='https:\/\/rethinkbcn.cat\/wp-content\/plugins\/ultimate-social-media-icons\/images\/icons_theme\/transparent\/transparent_whatsapp.png' width='30' height='30' style='' class='sfcm sfsi_wicon ' data-effect=''   \/><\/a><\/div><\/div><div style='width:30px; height:30px;margin-left:10px;margin-bottom:5px; ' class='sfsi_wicons shuffeldiv ' ><div class='inerCnt'><a class=' sficn' data-effect='' target='_blank'  href='https:\/\/api.follow.it\/widgets\/icon\/VUlqbFQ4d1I5d05jbFdNRWdXaThSK0Vza3RBcDZrT3Y4akNldzhxUVBmUFNjQ3dlUnpnQVphRFVNcm40SXZGaFczK01jOFF0SExaMGNIWi9BZy96S2MydkgzaDNWWFBjYU9MbjY5M3lUcjVLYU5TN3NOaEs3VmJ4bytROHI4b1d8eEV6SFU5OTFjQ1B0YkRJNkEzUlJEbEhIWVRkZGM0b0FRTEQyRDlyb2o2UT0=\/OA==\/' id='sfsiid_email_icon' style='width:30px;height:30px;opacity:1;'  ><img data-pin-nopin='true' alt='Follow by Email' title='Follow by Email' src='https:\/\/rethinkbcn.cat\/wp-content\/plugins\/ultimate-social-media-icons\/images\/icons_theme\/transparent\/transparent_email.png' width='30' height='30' style='' class='sfcm sfsi_wicon ' data-effect=''   \/><\/a><\/div><\/div><\/div ><div id=\"sfsi_holder\" class=\"sfsi_holders\" style=\"position: relative; float: left;width:100%;z-index:-1;\"><\/div ><script>window.addEventListener(\"sfsi_functions_loaded\", function() \r\n\t\t\t{\r\n\t\t\t\tif (typeof sfsi_widget_set == \"function\") {\r\n\t\t\t\t\tsfsi_widget_set();\r\n\t\t\t\t}\r\n\t\t\t}); <\/script><div style=\"clear: both;\"><\/div><\/div><\/td>\n<\/tr>\n<\/tbody>\n<\/table>\n<p>&nbsp;[\/et_pb_text][\/et_pb_column][\/et_pb_row][\/et_pb_section][et_pb_section fb_built=\u00bb1&#8243; fullwidth=\u00bbon\u00bb _builder_version=\u00bb4.8.2&#8243; _module_preset=\u00bbdefault\u00bb da_disable_devices=\u00bboff|off|off\u00bb border_width_bottom=\u00bb2px\u00bb da_is_popup=\u00bboff\u00bb da_exit_intent=\u00bboff\u00bb da_has_close=\u00bbon\u00bb da_alt_close=\u00bboff\u00bb da_dark_close=\u00bboff\u00bb da_not_modal=\u00bbon\u00bb da_is_singular=\u00bboff\u00bb da_with_loader=\u00bboff\u00bb da_has_shadow=\u00bbon\u00bb][et_pb_fullwidth_code admin_label=\u00bbRatlla horitzontal\u00bb _builder_version=\u00bb4.8.2&#8243; _module_preset=\u00bbdefault\u00bb][\/et_pb_fullwidth_code][\/et_pb_section][et_pb_section fb_built=\u00bb1&#8243; _builder_version=\u00bb4.8.2&#8243; _module_preset=\u00bbdefault\u00bb custom_margin=\u00bb||-30px||false|false\u00bb custom_margin_tablet=\u00bb||-90px||false|false\u00bb custom_margin_phone=\u00bb||-80px||false|false\u00bb custom_margin_last_edited=\u00bbon|phone\u00bb da_disable_devices=\u00bboff|off|off\u00bb da_is_popup=\u00bboff\u00bb da_exit_intent=\u00bboff\u00bb da_has_close=\u00bbon\u00bb da_alt_close=\u00bboff\u00bb da_dark_close=\u00bboff\u00bb da_not_modal=\u00bbon\u00bb da_is_singular=\u00bboff\u00bb da_with_loader=\u00bboff\u00bb da_has_shadow=\u00bbon\u00bb][et_pb_row _builder_version=\u00bb4.8.2&#8243; _module_preset=\u00bbdefault\u00bb][et_pb_column type=\u00bb4_4&#8243; _builder_version=\u00bb4.8.2&#8243; _module_preset=\u00bbdefault\u00bb][et_pb_text admin_label=\u00bbAltres articles\u00bb _builder_version=\u00bb4.9.0&#8243; _module_preset=\u00bbdefault\u00bb]<\/p>\n<h3>ALTRES ARTICLES<\/h3>\n<p><div class='yarpp yarpp-related yarpp-related-shortcode yarpp-template-thumbnails'>\n<!-- YARPP Thumbnails -->\n<h3><\/h3>\n<div class=\"yarpp-thumbnails-horizontal\">\n<a class='yarpp-thumbnail' rel='norewrite' href='https:\/\/rethinkbcn.cat\/es\/lavisiondecincoexalcaldessobrelapoliticametropolitana\/' title='LA VISI\u00d3N DE CINCO EX ALCALDES DE BARCELONA SOBRE LA POL\u00cdTICA METROPOLITANA'>\n<img width=\"117\" height=\"120\" src=\"https:\/\/rethinkbcn.cat\/wp-content\/uploads\/2021\/01\/progesm.jpg\" class=\"attachment-yarpp-thumbnail size-yarpp-thumbnail wp-post-image\" alt=\"\" loading=\"lazy\" data-pin-nopin=\"true\" \/><span class=\"yarpp-thumbnail-title\">LA VISI\u00d3N DE CINCO EX ALCALDES DE BARCELONA SOBRE LA POL\u00cdTICA METROPOLITANA<\/span><\/a>\n<a class='yarpp-thumbnail' rel='norewrite' href='https:\/\/rethinkbcn.cat\/es\/xavier-roig-maragall-el-imperativo-metropolitano\/' title='XAVIER ROIG: MARAGALL, EL IMPERATIVO METROPOLITANO'>\n<img width=\"117\" height=\"120\" src=\"https:\/\/rethinkbcn.cat\/wp-content\/uploads\/2021\/01\/progesm.jpg\" class=\"attachment-yarpp-thumbnail size-yarpp-thumbnail wp-post-image\" alt=\"\" loading=\"lazy\" data-pin-nopin=\"true\" \/><span class=\"yarpp-thumbnail-title\">XAVIER ROIG: MARAGALL, EL IMPERATIVO METROPOLITANO<\/span><\/a>\n<a class='yarpp-thumbnail' rel='norewrite' href='https:\/\/rethinkbcn.cat\/es\/cuatroentrevistasalcaldes\/' title='LEE LAS CUATRO ENTREVISTAS CON LOS EX ALCALDES DE BARCELONA'>\n<img width=\"117\" height=\"120\" src=\"https:\/\/rethinkbcn.cat\/wp-content\/uploads\/2021\/01\/progesm.jpg\" class=\"attachment-yarpp-thumbnail size-yarpp-thumbnail wp-post-image\" alt=\"\" loading=\"lazy\" data-pin-nopin=\"true\" \/><span class=\"yarpp-thumbnail-title\">LEE LAS CUATRO ENTREVISTAS CON LOS EX ALCALDES DE BARCELONA<\/span><\/a>\n<a class='yarpp-thumbnail' rel='norewrite' href='https:\/\/rethinkbcn.cat\/es\/debemossalirlamisticajoanclos\/' title='JOAN CLOS: \u00abDEBEMOS SALIR DE LA M\u00cdSTICA Y MIENTRAS ESTO NO PASE NO HABR\u00c1 NINGUNA SOLUCI\u00d3N\u00bb'>\n<img width=\"117\" height=\"120\" src=\"https:\/\/rethinkbcn.cat\/wp-content\/uploads\/2021\/01\/progesm.jpg\" class=\"attachment-yarpp-thumbnail size-yarpp-thumbnail wp-post-image\" alt=\"\" loading=\"lazy\" data-pin-nopin=\"true\" \/><span class=\"yarpp-thumbnail-title\">JOAN CLOS: \u00abDEBEMOS SALIR DE LA M\u00cdSTICA Y MIENTRAS ESTO NO PASE NO HABR\u00c1 NINGUNA SOLUCI\u00d3N\u00bb<\/span><\/a>\n<\/div>\n<\/div>\n[\/et_pb_text][\/et_pb_column][\/et_pb_row][\/et_pb_section][et_pb_section fb_built=\u00bb1&#8243; fullwidth=\u00bbon\u00bb disabled_on=\u00bbon|on|on\u00bb _builder_version=\u00bb4.8.2&#8243; _module_preset=\u00bbdefault\u00bb custom_margin_tablet=\u00bb-70px||||false|false\u00bb custom_margin_phone=\u00bb\u00bb custom_margin_last_edited=\u00bbon|tablet\u00bb da_disable_devices=\u00bboff|off|off\u00bb border_width_bottom=\u00bb2px\u00bb disabled=\u00bbon\u00bb da_is_popup=\u00bboff\u00bb da_exit_intent=\u00bboff\u00bb da_has_close=\u00bbon\u00bb da_alt_close=\u00bboff\u00bb da_dark_close=\u00bboff\u00bb da_not_modal=\u00bbon\u00bb da_is_singular=\u00bboff\u00bb da_with_loader=\u00bboff\u00bb da_has_shadow=\u00bbon\u00bb][et_pb_fullwidth_code admin_label=\u00bbRatlla horitzontal\u00bb _builder_version=\u00bb4.8.2&#8243; _module_preset=\u00bbdefault\u00bb][\/et_pb_fullwidth_code][\/et_pb_section][et_pb_section fb_built=\u00bb1&#8243; disabled_on=\u00bbon|on|on\u00bb _builder_version=\u00bb4.8.2&#8243; _module_preset=\u00bbdefault\u00bb da_disable_devices=\u00bboff|off|off\u00bb disabled=\u00bbon\u00bb da_is_popup=\u00bboff\u00bb da_exit_intent=\u00bboff\u00bb da_has_close=\u00bbon\u00bb da_alt_close=\u00bboff\u00bb da_dark_close=\u00bboff\u00bb da_not_modal=\u00bbon\u00bb da_is_singular=\u00bboff\u00bb da_with_loader=\u00bboff\u00bb da_has_shadow=\u00bbon\u00bb][et_pb_row _builder_version=\u00bb4.8.2&#8243; _module_preset=\u00bbdefault\u00bb][et_pb_column type=\u00bb4_4&#8243; _builder_version=\u00bb4.8.2&#8243; _module_preset=\u00bbdefault\u00bb][et_pb_text admin_label=\u00bbText %22Veure tots els cicles%22&#8243; _builder_version=\u00bb4.8.2&#8243; _module_preset=\u00bbdefault\u00bb]<\/p>\n<h3>VEURE TOTS ELS CICLES<\/h3>\n<p>[\/et_pb_text][\/et_pb_column][\/et_pb_row][et_pb_row column_structure=\u00bb1_3,1_3,1_3&#8243; disabled_on=\u00bboff|on|off\u00bb _builder_version=\u00bb4.8.2&#8243; _module_preset=\u00bbdefault\u00bb width_tablet=\u00bb50%\u00bb width_phone=\u00bb70%\u00bb width_last_edited=\u00bbon|phone\u00bb module_alignment=\u00bbcenter\u00bb][et_pb_column type=\u00bb1_3&#8243; _builder_version=\u00bb4.8.2&#8243; _module_preset=\u00bbdefault\u00bb][et_pb_image src=\u00bbhttps:\/\/rethinkbcn.cat\/wp-content\/uploads\/2021\/02\/caixa-1b.jpg\u00bb title_text=\u00bbcaixa-1b\u00bb url=\u00bb\/category\/cicle-1\/\u00bb align=\u00bbcenter\u00bb admin_label=\u00bbCicles per escriptori i m\u00f2bil\u00bb _builder_version=\u00bb4.8.2&#8243; _module_preset=\u00bbdefault\u00bb module_alignment=\u00bbcenter\u00bb][\/et_pb_image][\/et_pb_column][et_pb_column type=\u00bb1_3&#8243; _builder_version=\u00bb4.8.2&#8243; _module_preset=\u00bbdefault\u00bb][et_pb_image src=\u00bbhttps:\/\/rethinkbcn.cat\/wp-content\/uploads\/2021\/02\/caixa-2b.jpg\u00bb title_text=\u00bbcaixa-2b\u00bb align=\u00bbcenter\u00bb _builder_version=\u00bb4.8.2&#8243; _module_preset=\u00bbdefault\u00bb][\/et_pb_image][\/et_pb_column][et_pb_column type=\u00bb1_3&#8243; _builder_version=\u00bb4.8.2&#8243; _module_preset=\u00bbdefault\u00bb][et_pb_image src=\u00bbhttps:\/\/rethinkbcn.cat\/wp-content\/uploads\/2021\/02\/caixa-3b.jpg\u00bb title_text=\u00bbcaixa-3b\u00bb align=\u00bbcenter\u00bb _builder_version=\u00bb4.8.2&#8243; _module_preset=\u00bbdefault\u00bb][\/et_pb_image][\/et_pb_column][\/et_pb_row][et_pb_row column_structure=\u00bb1_3,1_3,1_3&#8243; disabled_on=\u00bbon|off|on\u00bb _builder_version=\u00bb4.8.2&#8243; _module_preset=\u00bbdefault\u00bb width=\u00bb100%\u00bb width_tablet=\u00bb90%\u00bb width_phone=\u00bb70%\u00bb width_last_edited=\u00bbon|tablet\u00bb module_alignment=\u00bbcenter\u00bb custom_margin=\u00bb||-20px||false|false\u00bb][et_pb_column type=\u00bb1_3&#8243; _builder_version=\u00bb4.8.2&#8243; _module_preset=\u00bbdefault\u00bb custom_css_main_element=\u00bbwidth: 33%!important;\u00bb][et_pb_image src=\u00bbhttps:\/\/rethinkbcn.cat\/wp-content\/uploads\/2021\/02\/caixa-1b.jpg\u00bb title_text=\u00bbcaixa-1b\u00bb url=\u00bb\/category\/cicle-1\/\u00bb align=\u00bbcenter\u00bb admin_label=\u00bbCicles per a tablet\u00bb _builder_version=\u00bb4.8.2&#8243; _module_preset=\u00bbdefault\u00bb module_alignment=\u00bbcenter\u00bb][\/et_pb_image][\/et_pb_column][et_pb_column type=\u00bb1_3&#8243; _builder_version=\u00bb4.8.2&#8243; _module_preset=\u00bbdefault\u00bb custom_css_main_element=\u00bbwidth: 33%!important;\u00bb][et_pb_image src=\u00bbhttps:\/\/rethinkbcn.cat\/wp-content\/uploads\/2021\/02\/caixa-2b.jpg\u00bb title_text=\u00bbcaixa-2b\u00bb align=\u00bbcenter\u00bb _builder_version=\u00bb4.8.2&#8243; _module_preset=\u00bbdefault\u00bb][\/et_pb_image][\/et_pb_column][et_pb_column type=\u00bb1_3&#8243; _builder_version=\u00bb4.8.2&#8243; _module_preset=\u00bbdefault\u00bb custom_css_main_element=\u00bbwidth: 33%!important;\u00bb][et_pb_image src=\u00bbhttps:\/\/rethinkbcn.cat\/wp-content\/uploads\/2021\/02\/caixa-3b.jpg\u00bb title_text=\u00bbcaixa-3b\u00bb align=\u00bbcenter\u00bb _builder_version=\u00bb4.8.2&#8243; _module_preset=\u00bbdefault\u00bb][\/et_pb_image][\/et_pb_column][\/et_pb_row][\/et_pb_section]<\/p>\n","protected":false},"excerpt":{"rendered":"<p>El delegado del Estado en el Consorcio Zona Franca y exalcalde de Terrassa cree que la regi\u00f3n metropolitana de Barcelona, con 4,5 millones de habitantes, tiene capacidad para superar retos y generar proyectos e iniciativas competitivas pero necesita un espacio de consenso.<br \/>\n&#8211;<\/p>\n","protected":false},"author":3,"featured_media":4848,"comment_status":"open","ping_status":"open","sticky":false,"template":"","format":"standard","meta":{"_et_pb_use_builder":"on","_et_pb_old_content":"<p>[et_pb_section fb_built=\"1\" disabled_on=\"off|off|off\" _builder_version=\"4.8.2\" _module_preset=\"default\" custom_margin=\"||||false|false\" da_disable_devices=\"off|off|off\" da_is_popup=\"off\" da_exit_intent=\"off\" da_has_close=\"on\" da_alt_close=\"off\" da_dark_close=\"off\" da_not_modal=\"on\" da_is_singular=\"off\" da_with_loader=\"off\" da_has_shadow=\"on\"][et_pb_row _builder_version=\"4.8.1\" _module_preset=\"default\"][et_pb_column type=\"4_4\" _builder_version=\"4.8.1\" _module_preset=\"default\"][et_pb_text admin_label=\"Titular entrada\" _builder_version=\"4.9.0\" _module_preset=\"default\" text_font=\"Averta Light||||||||\" header_font_size=\"36px\" header_4_font=\"Averta regular||||||||\" header_4_font_size=\"20px\" header_4_line_height=\"1.6em\" header_5_line_height=\"1.6em\" header_6_font=\"Averta regular||||||||\" header_6_font_size=\"16px\" header_6_line_height=\"1.2em\" hover_enabled=\"0\" header_font_size_tablet=\"30px\" header_font_size_phone=\"24px\" header_font_size_last_edited=\"on|phone\" header_6_font_size_tablet=\"\" header_6_font_size_phone=\"16px\" header_6_font_size_last_edited=\"on|phone\" sticky_enabled=\"0\"]<\/p><h1 style=\"text-align: center;\">APERE NAVARRO: \"LA MARCA BARCELONA CONTINUA SENT MOLT POTENT A NIVELL INTERNACIONAL\"<\/h1><h6 style=\"text-align: center;\">El delegat de l\u2019Estat al Consorci de la Zona Franca i ex-alcalde de Terrassa creu que la regi\u00f3 metropolitana de Barcelona, amb 4,5 milions d\u2019habitants, t\u00e9 capacitat per superar els reptes i generar projectes i iniciatives competitius, per\u00f2 li cal un espai de consens.<\/h6><h6 style=\"text-align: center;\">\u00a0<\/h6><p>[\/et_pb_text][et_pb_image src=\"https:\/\/rethinkbcn.cat\/wp-content\/uploads\/2021\/05\/FOTOS-PERE-NAVARRO-2-scaled.jpg\" title_text=\"FOTOS PERE NAVARRO (2)\" admin_label=\"Imatge entrada\" _builder_version=\"4.9.0\" _module_preset=\"default\" hover_enabled=\"0\" sticky_enabled=\"0\"][\/et_pb_image][et_pb_text disabled_on=\"on|on|off\" admin_label=\"Text entrada escriptori\" _builder_version=\"4.9.0\" _module_preset=\"default\" text_font=\"Averta Light||||||||\" header_font_size=\"36px\" header_4_font=\"Averta regular||||||||\" header_4_font_size=\"20px\" header_4_line_height=\"1.6em\" header_5_line_height=\"1.6em\" header_6_font=\"Averta regular||||||||\" header_6_font_size=\"16px\" header_6_line_height=\"1.5em\" hover_enabled=\"0\" header_font_size_tablet=\"30px\" header_font_size_phone=\"24px\" header_font_size_last_edited=\"on|phone\" header_6_font_size_tablet=\"\" header_6_font_size_phone=\"14px\" header_6_font_size_last_edited=\"on|phone\" sticky_enabled=\"0\"]<\/p><p style=\"text-align: justify;\"><strong>per Rafael Pradas<\/strong><\/p><p>Pere Navarro (Terrassa 1959) \u00e9s bi\u00f2leg de professi\u00f3 per\u00f2 porta bona part de la seva vida dedicat a l\u2019activitat p\u00fablica amb una llarga experi\u00e8ncia en el municipalisme. Va ser alcalde de la seva ciutat, Terrassa, entre 2002 i 2012, primer secretari del PSC entre 2011 i 2014, diputat al Parlament de Catalunya i un dels impulsors de la coneguda com a \u201cDeclaraci\u00f3 de Granada\u201d que propugna una reforma federal de la Constituci\u00f3 espanyola. El 2012 va ser reconegut per la fundaci\u00f3 brit\u00e0nica City Majors com un dels 98 millors alcaldes del m\u00f3n, juntament amb l\u2019alcalde de Bilbao I\u00f1aki Azkuna. Des del juliol de 2018 \u00e9s delegat especial de l\u2019Estat al Consorci de la Zona Franca de Barcelona. En l\u2019\u00e0mbit de l\u2019empresa privada, la seva experi\u00e8ncia professional s\u2019ha centrat en la direcci\u00f3 estrat\u00e8gica de projectes de planificaci\u00f3 territorial i desenvolupament urb\u00e0.<\/p><p style=\"text-align: justify;\"><strong>Des de l\u2019experi\u00e8ncia que dona l\u2019alcaldia de Terrassa com veu aix\u00f2 que convenim en dir-ne metr\u00f2polis Barcelona?<\/strong><br \/>L\u2019\u00c0rea Metropolitana de Barcelona actual \u00e9s hereva de la Corporaci\u00f3 Metropolitana de Barcelona, la CMB, que va desapar\u00e8ixer amb les lleis d\u2019ordenaci\u00f3 territorial de 1988: semblava que en aquell moment la Corporaci\u00f3 i Barcelona era un contrapoder per a la Generalitat. Malgrat aix\u00f2, el 2010 s\u2019institucionalitza l\u2019AMB, un espai de relaci\u00f3 dels municipis m\u00e9s propers a Barcelona, per\u00f2 la Barcelona real \u00e9s la dels 167 municipis de la regi\u00f3 metropolitana, la que arriba a Matar\u00f3, Granollers, Sabadell, Terrassa, Martorell, Vilafranca i Vilanova. Tot el que hi ha dins d\u2019aquest per\u00edmetre \u00e9s el que podem considerar la regi\u00f3 metropolitana, la Gran Barcelona.<\/p><p style=\"text-align: justify;\"><strong>Per\u00f2 la Gran Barcelona no sempre ha tingut consens...<\/strong><br \/>Des de la segona corona metropolitana sovint es veia Barcelona com una mena de competidora i de fet hi va haver ciutats que van intentar fer una mena de contrap\u00e8s a la capital, Barcelona. A Terrassa sempre vam pensar que ens ajudava molt estar a prop de Barcelona perqu\u00e8 si b\u00e9 \u00e9s cert que \u00e9s un gran forat negre que moltes vegades s\u2019ho empassa tot, tamb\u00e9 es veritat que Barcelona \u00e9s un sol que escalfa tant que ens ajuda a estar presents en el m\u00f3n. La primera cosa positiva que ens va permetre visualitzar molt clarament la bona influ\u00e8ncia de Barcelona van ser els Jocs Ol\u00edmpics. Com a subseu ol\u00edmpica, la nostra ciutat va acollir el torneig de hoquei i si per a Barcelona els jocs van significar un salt endavant tamb\u00e9 ho van significar per a Terrassa amb la construcci\u00f3 d\u2019un estadi ol\u00edmpic absolutament nou i els desenvolupaments urban\u00edstics. I sobretot despr\u00e9s dels jocs vam guanyar molt sentiment d\u2019orgull de ciutat. El que va passar a Barcelona tamb\u00e9 es va viure a ciutats com Terrassa.<\/p><p><strong>Ara les ciutats de la segona corona metropolitana, integrades en l\u2019Associaci\u00f3 de Municipis de l\u2019Arc Metropolit\u00e0 han signat el mes d\u2019abril de 2021 la Declaraci\u00f3 de Martorell en la que reivindiquen que s\u2019actu\u00ef a nivell de Regi\u00f3 Metropolitana i que puguin dir-hi la seva...<\/strong><br \/>Aquesta declaraci\u00f3 de Martorell \u00e9s molt benvinguda per\u00f2 em fa l\u2019efecte que s\u2019han perdut massa anys perqu\u00e8 la primera declaraci\u00f3 de Martorell es va signar el 2005. Des de Terrassa vam potenciar aquest club de ciutats de l\u2019Arc Metropolit\u00e0 ja a principis del 2000 i vam fer reunions no solament a Martorell i a Terrassa, sino tamb\u00e9 a Andorra i a Tolosa de Llenguadoc amb la voluntat de relligar la reivindicaci\u00f3 metropolitana amb la ruta europea de l\u2019E9. Per tant, hi havia una reflexi\u00f3 i un desenvolupament de propostes territorials m\u00e9s enll\u00e0 de Barcelona molt potent per part d\u2019aquestes ciutats. Fins i tot vam signar, jo ho vaig fer en nom de les ciutats de l\u2019arc metropolit\u00e0, un acord amb el president de la Diputaci\u00f3 i amb l\u2019alcalde de Barcelona en el que ens compromet\u00edem a pensar i a planificar junts el territori de la regi\u00f3 metropolitana. No s\u00e9 on deu estar aquest document ara mateix, per\u00f2 estic content de que es pugui recuperar l\u2019esperit de col\u00b7laboraci\u00f3 entre aquestes ciutats i tamb\u00e9 de relaci\u00f3 amb el que \u00e9s l\u2019\u00e0rea metropolitana de Barcelona i la mateixa Barcelona ciutat.<\/p><p><strong>Serveix el Pla Estrat\u00e8gic Metropolit\u00e0 de Barcelona per ajudar a pensar el que caldr\u00e0 fer?<\/strong><br \/>Crec que el Pla Estrat\u00e8gic Metropolit\u00e0 \u00e9s \u00fatil i el que estic veient \u00e9s que, per sort, cada vegada m\u00e9s el que es pensa des de Barcelona es fa en referencia no nom\u00e9s a l\u2019\u00e0rea metropolitana sin\u00f3 tamb\u00e9 a la regi\u00f3 metropolitana, i aix\u00f2 \u00e9s positiu. \u00c9s bo que ens adonem que la nostra \u00e9s una regi\u00f3 metropolitana que, comparada amb altres de tot el m\u00f3n, t\u00e9 caracter\u00edstiques molt especials. T\u00e9 taques de molta activitat econ\u00f2mica, industrial, de serveis i de molt tipus, cosa que \u00e9s molt positiva, per\u00f2 si mirem b\u00e9 el mapa hi veiem una cosa que no es comuna amb altres llocs: moltes taques verdes, molts espais naturals protegits dins d\u2019un \u00e0mbit amb una densitat de poblaci\u00f3 molt elevada. I encara hi ha un altre element molt important a tenir en compte: unes infraestructures de primer nivell internacional com el port, l\u2019aeroport o grans pol\u00edgons industrials com el mateix pol\u00edgon de la Zona Franca on ara parlem.<\/p><p style=\"text-align: justify;\"><img class=\"aligncenter wp-image-7939 size-large\" src=\"https:\/\/rethinkbcn.cat\/wp-content\/uploads\/2021\/05\/FOTOS-PERE-NAVARRO-3-1024x909.jpg\" alt=\"\" width=\"1024\" height=\"909\" \/><\/p><p><strong>No obstant, sembla haver-se instal\u00b7lat un cert pessimisme ambiental sobre el futur de Barcelona, vinculat probablement a la situaci\u00f3 catalana...<\/strong><br \/>En primer lloc cal dir que la marca Barcelona continua sent molt potent a nivell internacional per\u00f2 tamb\u00e9 que la situaci\u00f3 pol\u00edtica a Catalunya ens ha portat a que, en general, ens mirem massa el melic i a produir una mena de discurs victimista, mentre que altres ciutats i territoris no solament no han tingut aquest discurs victimista sin\u00f3 que han mirat enfora i s\u2019han llen\u00e7at a desenvolupar l\u2019economia... Barcelona encara t\u00e9 l\u2019oportunitat de tirar endavant, t\u00e9 unes bases que s\u00f3n molt s\u00f2lides.<\/p><p><strong>Quines s\u00f3n les cartes que Barcelona per jugar en un escenari internacional de gran complexitat i molt competitiu?<\/strong><br \/>Barcelona encara \u00e9s una de les ciutats m\u00e9s importants en quant a pres\u00e8ncia de startup, \u00e9s una capital de recerca biom\u00e8dica de primer nivell mundial, t\u00e9 unes universitats que malgrat totes les dificultats, de manera sectorial estan presents en els rankings de les millors universitats. En general, t\u00e9 unes condicions que fan que pugui ser el que nosaltres mateixos vulguem que sigui. El primer que necessitem \u00e9s un espai de consens, per\u00f2 desafortunadament veiem com pol\u00edticament no anem en aquesta direcci\u00f3... Quant de temps portem sense govern a Catalunya? Massa, sens dubte. No sabem quan hi haur\u00e0 govern ni com ser\u00e0.\u00a0Si continuem tenint un govern com fins ara que s\u2019alimenta de la confrontaci\u00f3 i del victimisme, Barcelona ho tindr\u00e0 m\u00e9s dif\u00edcil per poder jugar el paper que li correspondria. Caldria tenir clar que tot el que pugui perjudicar la imatge de Barcelona \u2013com que hagi estat escenari d\u2019aldarulls, per exemple- no facilita la seva participaci\u00f3 en una competici\u00f3 que \u00e9s global. Perqu\u00e8, al capdavall, no estem competint amb Madrid, Val\u00e8ncia o Bilbao sin\u00f3 amb el m\u00f3n. Crec que podrem sortir d\u2019aquest trencaclosques gr\u00e0cies a que hi ha molt dinamisme, i en aquest sentit crec que a l\u2019ajuntament de Barcelona l\u2019\u00e0rea de promoci\u00f3 econ\u00f2mica esta fent les coses b\u00e9, de la mateixa manera que hi ha moltes entitats i organitzacions a la ciutat que estan tirant endavant iniciatives no nom\u00e9s de reflexi\u00f3 sin\u00f3 tamb\u00e9 projectes econ\u00f2mics interessants, com tamb\u00e9 ho fan l\u2019AMB i el Consorci de la Zona Franca, que \u00e9s un motor de desenvolupament econ\u00f2mic i d\u2019innovaci\u00f3. Per tant, malgrat els problemes, estic segur que hi ha for\u00e7a per superar-los i per mantenir Barcelona present en el m\u00f3n.<\/p><p style=\"text-align: justify;\"><strong>Catalunya no \u00e9s massa petita per tenir un ajuntament tan potent com el de Barcelona, una regi\u00f3 amb un hipot\u00e8tic govern regional metropolit\u00e0 i un govern de la Generalitat? El govern catal\u00e0 pot assumir l\u2019exist\u00e8ncia d\u2019una regi\u00f3 que concentra el 70% de la poblaci\u00f3?<\/strong><br \/>-Estem parlant de la Barcelona dels 4 milions i mig d\u2019habitants aproximadament, que \u00e9s una dimensi\u00f3 apropiada per comen\u00e7ar a ser una capital mundial. El govern de Catalunya, llevat de rares i honroses excepcions, durant les etapes de la presid\u00e8ncia de Pasqual Maragall i de Jos\u00e9 Montilla, sempre s\u2019ha mirat de re\u00fcll a la ciutat de Barcelona, l\u2019ha considerada un contrapoder. Jo crec que \u00e9s un error, que s\u2019ha d\u2019aprofitar justament que la pot\u00e8ncia de la marca Barcelona alimenti el conjunt de Catalunya. Avui la realitat \u00e9s que quan vas pel m\u00f3n i dius Catalunya hi ha persones que la coneixen sobretot arran del conflicte del proc\u00e9s, per\u00f2 tothom sap que \u00e9s Barcelona, aquesta \u00e9s la marca global, real. Potser tamb\u00e9 haur\u00edem de recuperar un \u00e0mbit territorial que justament Pasqual Maragall havia comen\u00e7at a treballar, l\u2019Euroregi\u00f3 i l\u2019arc mediterrani.<\/p><p><img class=\"aligncenter wp-image-7941 size-large\" src=\"https:\/\/rethinkbcn.cat\/wp-content\/uploads\/2021\/05\/FOTOS-PERE-NAVARRO-4-1024x683.jpg\" alt=\"\" width=\"1024\" height=\"683\" \/><\/p><table class=\" alignright\" style=\"height: 123px; width: 24.515503875968992%; border-collapse: collapse; border-top-width: 2px; border-top-style: solid; border-color: #000000; margin-left: 20px;\" cellspacing=\"15\" cellpadding=\"2\"><tbody><tr style=\"height: 23px;\"><td style=\"width: 100%; height: 23px; border: 2px solid #000;\"><h4>\u201cLa situaci\u00f3 pol\u00edtica a Catalunya ens ha portat a que ens mirem massa el melic i produir una mena de discurs victimista, mentre que altres ciutats i territoris no solament no han tingut aquest discurs, sin\u00f3 que han mirat enfora i s\u2019han llen\u00e7at a desenvolupar l\u2019economia.\u201d<\/h4><\/td><\/tr><\/tbody><\/table><p style=\"text-align: justify;\"><strong>Aix\u00f2 seria fer el salt al marc europeu, del qual, malgrat les declaracions gen\u00e8riques, Catalunya sembla haver-se allunyat....<\/strong><br \/>Hem de pensar en \u00e0mplies regions metropolitanes que traspassen les fronteres. Est\u00e0 clar que quan ens plantegem com superar les fronteres alguns estan pensant en posar-ne entre Catalunya i la resta d\u2019Espanya. El concepte d\u2019Euroregi\u00f3 era un projecte molt potent perqu\u00e8 ampliava el territori, sobrepassava l\u00edmits i era molt europeista. Aix\u00f2 tamb\u00e9 es va oblidar pel cam\u00ed i, com, comentava abans, ens hem mirat massa el melic i no hem sabut veure m\u00e9s enll\u00e0. Crec que aix\u00f2 tamb\u00e9 s\u2019hauria de recuperar per poder tenir un \u00e0mbit superior, no en dir\u00e9 govern, sin\u00f3 de planejament i no \u00fanicament d\u2019urbanisme sin\u00f3 tamb\u00e9 d\u2019activitats, d\u2019economia...<\/p><p><strong>Quin paper juga el Consorci de la Zona Franca de Barcelona en aquest entorn metropolit\u00e0 que vol ser competitiu i espec\u00edficament respecte a la ind\u00fastria i la modernitzaci\u00f3 del teixit productiu?<\/strong><br \/>El Consorci de la Zona Franca d\u2019alguna manera ha tornat als seus or\u00edgens. El que fa \u00e9s gestionar un pol\u00edgon industrial p\u00fablic de cinc milions de metres quadrats aproximadament, una superf\u00edcie que se suma a altres pol\u00edgons i edificis; aix\u00f2 vol dir que la nostra instituci\u00f3 est\u00e0 gestionant al voltant de deu milions de metres quadrats p\u00fablics. \u00c9s molt important perqu\u00e8 els lloguers que ens paguen les empreses ens permeten tenir ingressos, ja que no rebem ni un sol euro dels pressupostos p\u00fablics. Al contrari, nosaltres aportem diners al sistema en forma de promoci\u00f3 econ\u00f2mica.<\/p><p><strong>Qu\u00e8 vol significar l\u2019expressi\u00f3 de que el Consorci de la Zona Franca torna als or\u00edgens?<\/strong><br \/>Els inicis d\u2019aquest pol\u00edgon industrial es troben vinculats a la creaci\u00f3 de Seat i de Motor Ib\u00e9rica, en definitiva la industria de l\u2019autom\u00f2bil, que \u00e9s una activitat molt innovadora. Fabricar el Seat 600 els anys cinquanta o seixanta era el m\u00e9s innovador que hi havia i ocupava molta gent. Ha passat molt de temps per\u00f2 el Consorci continua fent ara justament el mateix que ja va fer aleshores: intentar que s\u2019instal\u00b7lin a Barcelona les ind\u00fastries m\u00e9s punteres, m\u00e9s innovadores i que cre\u00efn nous llocs de treball. Molta de la vella ocupaci\u00f3 desapareix amb la ind\u00fastria 4.0 i amb la nova economia, per\u00f2, n\u2019apareix una altra. El que es fa des del Consorci \u00e9s explorar el sorgiment de noves oportunitats de feina, en concret amb la creaci\u00f3 de la primera incubadora d\u2019impressi\u00f3 3D d\u2019Europa juntament amb la Fundaci\u00f3 Leitat. Avui aplega ja 60 empreses que ocupen un miler de metres quadrats, per\u00f2 probablement a finals de l\u2019estiu inaugurarem ja una nova nau industrial de 17.000 metres quadrats que hem batejat com a DFactory, i que \u00e9s la primera fase d\u2019un projecte de 100.000 metres en el qual hi haur\u00e0 rob\u00f2tica, impressi\u00f3 3D, sens\u00f2rica, Internet de les coses, blockchain, healthtech o noves tecnologies aplicades a la salut... la nova realitat industrial en definitiva.<\/p><p><strong>Llocs de treball \u00e9s un dels vessants. L\u2019altre, la promoci\u00f3 econ\u00f2mica, atraure noves oportunitats. Com es fa aix\u00f2 de vendre Barcelona?<\/strong><br \/>Al costat d\u2019aix\u00f2, en efecte, tamb\u00e9 estem generant plataformes de relaci\u00f3 i de creaci\u00f3 de negoci en el millor sentit de la paraula. L\u2019octubre de 2020 el Consorci va organitzar la primera edici\u00f3 de BNEW, Barcelona New Economy Week, un esdeveniment internacional creat per ajudar a reactivar l\u2019economia, especialment despr\u00e9s de la pand\u00e8mia. En la segona convocat\u00f2ria prevista del 5 al 8 d\u2019octubre d\u2019enguany esperem superar amb escreix els 11.000 professionals participants de 111 pa\u00efsos de l\u2019any passat. Als temes que es van abordar \u2014real estate, zones econ\u00f2miques, comer\u00e7 electr\u00f2nic, log\u00edstica i industries digitals\u2014 aquest 2021 s\u2019hi afegiran q\u00fcestions tan rellevants com mobilitat, sostenibilitat, talent, ci\u00e8ncia, que ha aparegut tan destacadament a les nostres vides a causa de la pand\u00e8mia, i BNEW City que promocionar\u00e0 Barcelona especialment en \u00e0mbits com la gastronomia, la cultura i el disseny en els que la ciutat \u00e9s referent. Tot aix\u00f2 a trav\u00e9s de canals de televisi\u00f3 que permeten relacionar a totes les persones que estan connectades no solament amb el que estan veient sin\u00f3 tamb\u00e9 entre s\u00ed.<\/p><p style=\"text-align: justify;\"><img class=\"aligncenter wp-image-7935 size-large\" src=\"https:\/\/rethinkbcn.cat\/wp-content\/uploads\/2021\/05\/FOTOS-PERE-NAVARRO-1-1024x683.jpg\" alt=\"\" width=\"1024\" height=\"683\" \/><br \/><strong>Ser\u00e0 com una versi\u00f3 m\u00e9s internacional del Barcelona React que ha impulsat l\u2019ajuntament de Barcelona aquest passat mes d\u2019abril?<\/strong><br \/>No \u00e9s el mateix, per\u00f2 similar, amb una gran projecci\u00f3 internacional. El BNEW l\u2019any passat va comptar amb 400 speakers i cinc plat\u00f3s, tres situats a la Estaci\u00f3 de Fran\u00e7a, un a la Casa Seat i l\u2019altra a la Telef\u00f2nica, a la pla\u00e7a de Catalunya. Enguany en tindrem deu i calculem que hi participaran 700 speakers. Aix\u00f2 vol dir, amb el previsible augment dels inscrits, el nostre esdeveniment arribar\u00e0 pr\u00e0cticament a tots els pa\u00efsos del m\u00f3n. El format h\u00edbrid entre digital i presencial facilita molt la internacionalitzaci\u00f3, creiem que hi haur\u00e0 molta m\u00e9s pres\u00e8ncia f\u00edsica en relaci\u00f3 a l\u2019any passat i que tamb\u00e9 augmentaran de manera molt important les persones connectades digitalment.<\/p><p><strong>Aquest format h\u00edbrid ha estat adoptat per moltes fires al menys en temps de pand\u00e8mia i t\u00e9 sentit en una ciutat com Barcelona, que \u00e9s referent en fires i congressos<\/strong><br \/>Feia molt temps que est\u00e0vem reflexionant sobre les fires i els congressos i no acab\u00e0vem de trobar-ne l\u2019entrellat. Una fira, al final, \u00e9s un lloguer d\u2019espais i saber facilitar que hi passin coses, que s\u2019estableixi relaci\u00f3 entre determinats sectors econ\u00f2mics, el que en diem networking. Les fires normalment s\u00f3n sectorials, per\u00f2 al BNEW reunim tota la gent que es dedica al negoci immobiliari, a la log\u00edstica, al comer\u00e7 electr\u00f2nic, etc\u00e8tera, en diferents canals que es poden relacionar entre s\u00ed. En el moment d\u2019inscriure\u2019s un participant pot triar una s\u00e8rie de temes que l\u2019interessen i un algoritme li suggerir\u00e0 quines persones li poden resultar m\u00e9s \u00fatils de contactar. En aquest sentit, un aspecte destacable del BNEW \u00e9s l\u2019alta capacitat decis\u00f2ria dels inscrits. Vol dir que t\u00e9 inter\u00e8s estar present en una plataforma que permet connectar amb persones que s\u00f3n crucials a altres empreses a l\u2019hora d\u2019intentar crear espais de negoci, que al final s\u00f3n tamb\u00e9 espais de promoci\u00f3 econ\u00f2mica on es creen llocs de treball. En definitiva, estem fent la nostra funci\u00f3 com a agent econ\u00f2mic p\u00fablic, com a locomotora de l\u2019economia productiva.<\/p><p><strong>Acabem a l\u2019\u00e0mbit ciutat. Creu que el teletreball esta tenint efectes sobre el territori? Es pot parlar de despla\u00e7ament de residents de Barcelona cap a l\u2019exterior de la corona metropolitana i de p\u00e8rdua de protagonisme dels centres?<\/strong><br \/>Hi ha diferents teories sobre el que passar\u00e0 un cop estiguem vacunats o immunitzats. Em sembla que ara es pot dir que amb la pand\u00e8mia, sens dubte, hi ha hagut despla\u00e7aments des de les grans ciutats cap a espais diguem-ne m\u00e9s naturals, per\u00f2 penso que la tend\u00e8ncia de la gent a agregar-se en grans \u00e0mbits metropolitans continuar\u00e0 produint-se perqu\u00e8 en definitiva som animals socials i necessitem el contacte f\u00edsic. Crec que el teletreball es convertir\u00e0 en una pr\u00e0ctica que sobretot tindr\u00e0 a veure amb els horaris flexibles, amb qu\u00e8 no cal que tothom entri i surti a la mateixa hora, que tothom estigui tots els dies de la setmana a la feina. Aquest tipus de facilitat es produir\u00e0, ja ho estem veient, per\u00f2 poder treballar a dist\u00e0ncia al cent per cent es dif\u00edcil per no dir impossible. Ja fa molts anys s\u2019especulava amb que quan la fibra \u00f2ptica arrib\u00e9s a la Cerdanya o l\u2019Empord\u00e0 molta gent s\u2019hi traslladaria a viure i en un \u00e0mbit buc\u00f2lic podria treballar a dist\u00e0ncia, per\u00f2 aix\u00f2 no es va produir. Des d\u2019aleshores el que ha succe\u00eft, al menys fins ara, \u00e9s una major agregaci\u00f3 de poblaci\u00f3 en els \u00e0mbits metropolitans. Perqu\u00e8 hi ha una realitat evident, i \u00e9s que no tota la feina es pot fer teletreballant, s\u00f3n molt importants els serveis sanitaris, culturals, comercials, els propis serveis empresarials, hi ha coses que nomes les proporciona una densitat determinada de ciutat i en el cas de Barcelona i la regi\u00f3 metropolitana \u00e9s evident que tenim aquesta densitat. Podem anar a viure a Matadepera com ha fet alguna gent o a Alella, per\u00f2 sempre a una dist\u00e0ncia prudencial del centre.<\/p><p>[\/et_pb_text][et_pb_text disabled_on=\"off|off|on\" admin_label=\"Text entrada tablet i m\u00f2bil\" _builder_version=\"4.9.0\" _module_preset=\"default\" text_font=\"Averta Light||||||||\" header_font=\"Averta regular||||||||\" header_font_size=\"36px\" header_4_font=\"Averta regular||||||||\" header_4_line_height=\"1.2em\" hover_enabled=\"0\" header_font_size_tablet=\"30px\" header_font_size_phone=\"24px\" header_font_size_last_edited=\"on|phone\" sticky_enabled=\"0\"]<\/p><p style=\"text-align: justify;\"><strong>per Rafael Pradas<\/strong><\/p><p style=\"text-align: justify;\">Pere Navarro (Terrassa 1959) \u00e9s bi\u00f2leg de professi\u00f3 per\u00f2 porta bona part de la seva vida dedicat a l\u2019activitat p\u00fablica amb una llarga experi\u00e8ncia en el municipalisme. Va ser alcalde de la seva ciutat, Terrassa, entre 2002 i 2012, primer secretari del PSC entre 2011 i 2014, diputat al Parlament de Catalunya i un dels impulsors de la coneguda com a \u201cDeclaraci\u00f3 de Granada\u201d que propugna una reforma federal de la Constituci\u00f3 espanyola. El 2012 va ser reconegut per la fundaci\u00f3 brit\u00e0nica City Majors com un dels 98 millors alcaldes del m\u00f3n, juntament amb l\u2019alcalde de Bilbao I\u00f1aki Azkuna. Des del juliol de 2018 \u00e9s delegat especial de l\u2019Estat al Consorci de la Zona Franca de Barcelona. En l\u2019\u00e0mbit de l\u2019empresa privada, la seva experi\u00e8ncia professional s\u2019ha centrat en la direcci\u00f3 estrat\u00e8gica de projectes de planificaci\u00f3 territorial i desenvolupament urb\u00e0.<\/p><p style=\"text-align: justify;\"><strong>Des de l\u2019experi\u00e8ncia que dona l\u2019alcaldia de Terrassa com veu aix\u00f2 que convenim en dir-ne metr\u00f2polis Barcelona?<\/strong><br \/>L\u2019\u00c0rea Metropolitana de Barcelona actual \u00e9s hereva de la Corporaci\u00f3 Metropolitana de Barcelona, la CMB, que va desapar\u00e8ixer amb les lleis d\u2019ordenaci\u00f3 territorial de 1988: semblava que en aquell moment la Corporaci\u00f3 i Barcelona era un contrapoder per a la Generalitat. Malgrat aix\u00f2, el 2010 s\u2019institucionalitza l\u2019AMB, un espai de relaci\u00f3 dels municipis m\u00e9s propers a Barcelona, per\u00f2 la Barcelona real \u00e9s la dels 167 municipis de la regi\u00f3 metropolitana, la que arriba a Matar\u00f3, Granollers, Sabadell, Terrassa, Martorell, Vilafranca i Vilanova. Tot el que hi ha dins d\u2019aquest per\u00edmetre \u00e9s el que podem considerar la regi\u00f3 metropolitana, la Gran Barcelona.<\/p><p style=\"text-align: justify;\"><strong>Per\u00f2 la Gran Barcelona no sempre ha tingut consens...<\/strong><br \/>Des de la segona corona metropolitana sovint es veia Barcelona com una mena de competidora i de fet hi va haver ciutats que van intentar fer una mena de contrap\u00e8s a la capital, Barcelona. A Terrassa sempre vam pensar que ens ajudava molt estar a prop de Barcelona perqu\u00e8 si b\u00e9 \u00e9s cert que \u00e9s un gran forat negre que moltes vegades s\u2019ho empassa tot, tamb\u00e9 es veritat que Barcelona \u00e9s un sol que escalfa tant que ens ajuda a estar presents en el m\u00f3n. La primera cosa positiva que ens va permetre visualitzar molt clarament la bona influ\u00e8ncia de Barcelona van ser els Jocs Ol\u00edmpics. Com a subseu ol\u00edmpica, la nostra ciutat va acollir el torneig de hoquei i si per a Barcelona els jocs van significar un salt endavant tamb\u00e9 ho van significar per a Terrassa amb la construcci\u00f3 d\u2019un estadi ol\u00edmpic absolutament nou i els desenvolupaments urban\u00edstics. I sobretot despr\u00e9s dels jocs vam guanyar molt sentiment d\u2019orgull de ciutat. El que va passar a Barcelona tamb\u00e9 es va viure a ciutats com Terrassa.<\/p><p style=\"text-align: justify;\"><strong>Ara les ciutats de la segona corona metropolitana, integrades en l\u2019Associaci\u00f3 de Municipis de l\u2019Arc Metropolit\u00e0 han signat el mes d\u2019abril de 2021 la Declaraci\u00f3 de Martorell en la que reivindiquen que s\u2019actu\u00ef a nivell de Regi\u00f3 Metropolitana i que puguin dir-hi la seva...<\/strong><br \/>Aquesta declaraci\u00f3 de Martorell \u00e9s molt benvinguda per\u00f2 em fa l\u2019efecte que s\u2019han perdut massa anys perqu\u00e8 la primera declaraci\u00f3 de Martorell es va signar el 2005. Des de Terrassa vam potenciar aquest club de ciutats de l\u2019Arc Metropolit\u00e0 ja a principis del 2000 i vam fer reunions no solament a Martorell i a Terrassa, sino tamb\u00e9 a Andorra i a Tolosa de Llenguadoc amb la voluntat de relligar la reivindicaci\u00f3 metropolitana amb la ruta europea de l\u2019E9. Per tant, hi havia una reflexi\u00f3 i un desenvolupament de propostes territorials m\u00e9s enll\u00e0 de Barcelona molt potent per part d\u2019aquestes ciutats. Fins i tot vam signar, jo ho vaig fer en nom de les ciutats de l\u2019arc metropolit\u00e0, un acord amb el president de la Diputaci\u00f3 i amb l\u2019alcalde de Barcelona en el que ens compromet\u00edem a pensar i a planificar junts el territori de la regi\u00f3 metropolitana. No s\u00e9 on deu estar aquest document ara mateix, per\u00f2 estic content de que es pugui recuperar l\u2019esperit de col\u00b7laboraci\u00f3 entre aquestes ciutats i tamb\u00e9 de relaci\u00f3 amb el que \u00e9s l\u2019\u00e0rea metropolitana de Barcelona i la mateixa Barcelona ciutat.<\/p><p style=\"text-align: justify;\"><strong>Serveix el Pla Estrat\u00e8gic Metropolit\u00e0 de Barcelona per ajudar a pensar el que caldr\u00e0 fer?<\/strong><br \/>Crec que el Pla Estrat\u00e8gic Metropolit\u00e0 \u00e9s \u00fatil i el que estic veient \u00e9s que, per sort, cada vegada m\u00e9s el que es pensa des de Barcelona es fa en referencia no nom\u00e9s a l\u2019\u00e0rea metropolitana sin\u00f3 tamb\u00e9 a la regi\u00f3 metropolitana, i aix\u00f2 \u00e9s positiu. \u00c9s bo que ens adonem que la nostra \u00e9s una regi\u00f3 metropolitana que, comparada amb altres de tot el m\u00f3n, t\u00e9 caracter\u00edstiques molt especials. T\u00e9 taques de molta activitat econ\u00f2mica, industrial, de serveis i de molt tipus, cosa que \u00e9s molt positiva, per\u00f2 si mirem b\u00e9 el mapa hi veiem una cosa que no es comuna amb altres llocs: moltes taques verdes, molts espais naturals protegits dins d\u2019un \u00e0mbit amb una densitat de poblaci\u00f3 molt elevada. I encara hi ha un altre element molt important a tenir en compte: unes infraestructures de primer nivell internacional com el port, l\u2019aeroport o grans pol\u00edgons industrials com el mateix pol\u00edgon de la Zona Franca on ara parlem.<\/p><p style=\"text-align: justify;\"><img class=\"aligncenter wp-image-7939 size-large\" src=\"https:\/\/rethinkbcn.cat\/wp-content\/uploads\/2021\/05\/FOTOS-PERE-NAVARRO-3-1024x909.jpg\" alt=\"\" width=\"1024\" height=\"909\" \/><\/p><p style=\"text-align: justify;\"><strong>No obstant, sembla haver-se instal\u00b7lat un cert pessimisme ambiental sobre el futur de Barcelona, vinculat probablement a la situaci\u00f3 catalana...<\/strong><br \/>En primer lloc cal dir que la marca Barcelona continua sent molt potent a nivell internacional per\u00f2 tamb\u00e9 que la situaci\u00f3 pol\u00edtica a Catalunya ens ha portat a que, en general, ens mirem massa el melic i a produir una mena de discurs victimista, mentre que altres ciutats i territoris no solament no han tingut aquest discurs victimista sin\u00f3 que han mirat enfora i s\u2019han llen\u00e7at a desenvolupar l\u2019economia... Barcelona encara t\u00e9 l\u2019oportunitat de tirar endavant, t\u00e9 unes bases que s\u00f3n molt s\u00f2lides.<\/p><p style=\"text-align: justify;\"><strong>Quines s\u00f3n les cartes que Barcelona per jugar en un escenari internacional de gran complexitat i molt competitiu?<\/strong><br \/>Barcelona encara \u00e9s una de les ciutats m\u00e9s importants en quant a pres\u00e8ncia de startup, \u00e9s una capital de recerca biom\u00e8dica de primer nivell mundial, t\u00e9 unes universitats que malgrat totes les dificultats, de manera sectorial estan presents en els rankings de les millors universitats. En general, t\u00e9 unes condicions que fan que pugui ser el que nosaltres mateixos vulguem que sigui. El primer que necessitem \u00e9s un espai de consens, per\u00f2 desafortunadament veiem com pol\u00edticament no anem en aquesta direcci\u00f3... Quant de temps portem sense govern a Catalunya? Massa, sens dubte. No sabem quan hi haur\u00e0 govern ni com ser\u00e0.\u00a0Si continuem tenint un govern com fins ara que s\u2019alimenta de la confrontaci\u00f3 i del victimisme, Barcelona ho tindr\u00e0 m\u00e9s dif\u00edcil per poder jugar el paper que li correspondria. Caldria tenir clar que tot el que pugui perjudicar la imatge de Barcelona \u2013com que hagi estat escenari d\u2019aldarulls, per exemple- no facilita la seva participaci\u00f3 en una competici\u00f3 que \u00e9s global. Perqu\u00e8, al capdavall, no estem competint amb Madrid, Val\u00e8ncia o Bilbao sin\u00f3 amb el m\u00f3n. Crec que podrem sortir d\u2019aquest trencaclosques gr\u00e0cies a que hi ha molt dinamisme, i en aquest sentit crec que a l\u2019ajuntament de Barcelona l\u2019\u00e0rea de promoci\u00f3 econ\u00f2mica esta fent les coses b\u00e9, de la mateixa manera que hi ha moltes entitats i organitzacions a la ciutat que estan tirant endavant iniciatives no nom\u00e9s de reflexi\u00f3 sin\u00f3 tamb\u00e9 projectes econ\u00f2mics interessants, com tamb\u00e9 ho fan l\u2019AMB i el Consorci de la Zona Franca, que \u00e9s un motor de desenvolupament econ\u00f2mic i d\u2019innovaci\u00f3. Per tant, malgrat els problemes, estic segur que hi ha for\u00e7a per superar-los i per mantenir Barcelona present en el m\u00f3n.<\/p><p style=\"text-align: justify;\"><strong>Catalunya no \u00e9s massa petita per tenir un ajuntament tan potent com el de Barcelona, una regi\u00f3 amb un hipot\u00e8tic govern regional metropolit\u00e0 i un govern de la Generalitat? El govern catal\u00e0 pot assumir l\u2019exist\u00e8ncia d\u2019una regi\u00f3 que concentra el 70% de la poblaci\u00f3?<\/strong><br \/>-Estem parlant de la Barcelona dels 4 milions i mig d\u2019habitants aproximadament, que \u00e9s una dimensi\u00f3 apropiada per comen\u00e7ar a ser una capital mundial. El govern de Catalunya, llevat de rares i honroses excepcions, durant les etapes de la presid\u00e8ncia de Pasqual Maragall i de Jos\u00e9 Montilla, sempre s\u2019ha mirat de re\u00fcll a la ciutat de Barcelona, l\u2019ha considerada un contrapoder. Jo crec que \u00e9s un error, que s\u2019ha d\u2019aprofitar justament que la pot\u00e8ncia de la marca Barcelona alimenti el conjunt de Catalunya. Avui la realitat \u00e9s que quan vas pel m\u00f3n i dius Catalunya hi ha persones que la coneixen sobretot arran del conflicte del proc\u00e9s, per\u00f2 tothom sap que \u00e9s Barcelona, aquesta \u00e9s la marca global, real. Potser tamb\u00e9 haur\u00edem de recuperar un \u00e0mbit territorial que justament Pasqual Maragall havia comen\u00e7at a treballar, l\u2019Euroregi\u00f3 i l\u2019arc mediterrani.<\/p><p><img class=\"aligncenter wp-image-7941 size-large\" src=\"https:\/\/rethinkbcn.cat\/wp-content\/uploads\/2021\/05\/FOTOS-PERE-NAVARRO-4-1024x683.jpg\" alt=\"\" width=\"1024\" height=\"683\" \/><\/p><table class=\" alignright\" style=\"height: 104px; width: 99.9054%; border-collapse: collapse; border-top: 2px solid #000000; border-right-color: #000000; border-bottom-color: #000000; border-left-color: #000000; margin-left: 20px;\" cellspacing=\"15\" cellpadding=\"2\"><tbody><tr style=\"height: 23px;\"><td style=\"width: 100%; height: 23px; border: 2px solid #000;\"><h4 style=\"text-align: center;\">\u201cLa situaci\u00f3 pol\u00edtica a Catalunya ens ha portat a que ens mirem massa el melic i produir una mena de discurs victimista, mentre que altres ciutats i territoris no solament no han tingut aquest discurs, sin\u00f3 que han mirat enfora i s\u2019han llen\u00e7at a desenvolupar l\u2019economia.\u201d<\/h4><\/td><\/tr><\/tbody><\/table><p>\u00a0<\/p><p>\u00a0<\/p><p>\u00a0<\/p><p><strong>Aix\u00f2 seria fer el salt al marc europeu, del qual, malgrat les declaracions gen\u00e8riques, Catalunya sembla haver-se allunyat....<\/strong><br \/>Hem de pensar en \u00e0mplies regions metropolitanes que traspassen les fronteres. Est\u00e0 clar que quan ens plantegem com superar les fronteres alguns estan pensant en posar-ne entre Catalunya i la resta d\u2019Espanya. El concepte d\u2019Euroregi\u00f3 era un projecte molt potent perqu\u00e8 ampliava el territori, sobrepassava l\u00edmits i era molt europeista. Aix\u00f2 tamb\u00e9 es va oblidar pel cam\u00ed i, com, comentava abans, ens hem mirat massa el melic i no hem sabut veure m\u00e9s enll\u00e0. Crec que aix\u00f2 tamb\u00e9 s\u2019hauria de recuperar per poder tenir un \u00e0mbit superior, no en dir\u00e9 govern, sin\u00f3 de planejament i no \u00fanicament d\u2019urbanisme sin\u00f3 tamb\u00e9 d\u2019activitats, d\u2019economia...<\/p><p><strong>Quin paper juga el Consorci de la Zona Franca de Barcelona en aquest entorn metropolit\u00e0 que vol ser competitiu i espec\u00edficament respecte a la ind\u00fastria i la modernitzaci\u00f3 del teixit productiu?<\/strong><br \/>El Consorci de la Zona Franca d\u2019alguna manera ha tornat als seus or\u00edgens. El que fa \u00e9s gestionar un pol\u00edgon industrial p\u00fablic de cinc milions de metres quadrats aproximadament, una superf\u00edcie que se suma a altres pol\u00edgons i edificis; aix\u00f2 vol dir que la nostra instituci\u00f3 est\u00e0 gestionant al voltant de deu milions de metres quadrats p\u00fablics. \u00c9s molt important perqu\u00e8 els lloguers que ens paguen les empreses ens permeten tenir ingressos, ja que no rebem ni un sol euro dels pressupostos p\u00fablics. Al contrari, nosaltres aportem diners al sistema en forma de promoci\u00f3 econ\u00f2mica.<\/p><p><strong>Qu\u00e8 vol significar l\u2019expressi\u00f3 de que el Consorci de la Zona Franca torna als or\u00edgens?<\/strong><br \/>Els inicis d\u2019aquest pol\u00edgon industrial es troben vinculats a la creaci\u00f3 de Seat i de Motor Ib\u00e9rica, en definitiva la industria de l\u2019autom\u00f2bil, que \u00e9s una activitat molt innovadora. Fabricar el Seat 600 els anys cinquanta o seixanta era el m\u00e9s innovador que hi havia i ocupava molta gent. Ha passat molt de temps per\u00f2 el Consorci continua fent ara justament el mateix que ja va fer aleshores: intentar que s\u2019instal\u00b7lin a Barcelona les ind\u00fastries m\u00e9s punteres, m\u00e9s innovadores i que cre\u00efn nous llocs de treball. Molta de la vella ocupaci\u00f3 desapareix amb la ind\u00fastria 4.0 i amb la nova economia, per\u00f2, n\u2019apareix una altra. El que es fa des del Consorci \u00e9s explorar el sorgiment de noves oportunitats de feina, en concret amb la creaci\u00f3 de la primera incubadora d\u2019impressi\u00f3 3D d\u2019Europa juntament amb la Fundaci\u00f3 Leitat. Avui aplega ja 60 empreses que ocupen un miler de metres quadrats, per\u00f2 probablement a finals de l\u2019estiu inaugurarem ja una nova nau industrial de 17.000 metres quadrats que hem batejat com a DFactory, i que \u00e9s la primera fase d\u2019un projecte de 100.000 metres en el qual hi haur\u00e0 rob\u00f2tica, impressi\u00f3 3D, sens\u00f2rica, Internet de les coses, blockchain, healthtech o noves tecnologies aplicades a la salut... la nova realitat industrial en definitiva.<\/p><p><strong>Llocs de treball \u00e9s un dels vessants. L\u2019altre, la promoci\u00f3 econ\u00f2mica, atraure noves oportunitats. Com es fa aix\u00f2 de vendre Barcelona?<\/strong><br \/>Al costat d\u2019aix\u00f2, en efecte, tamb\u00e9 estem generant plataformes de relaci\u00f3 i de creaci\u00f3 de negoci en el millor sentit de la paraula. L\u2019octubre de 2020 el Consorci va organitzar la primera edici\u00f3 de BNEW, Barcelona New Economy Week, un esdeveniment internacional creat per ajudar a reactivar l\u2019economia, especialment despr\u00e9s de la pand\u00e8mia. En la segona convocat\u00f2ria prevista del 5 al 8 d\u2019octubre d\u2019enguany esperem superar amb escreix els 11.000 professionals participants de 111 pa\u00efsos de l\u2019any passat. Als temes que es van abordar \u2014real estate, zones econ\u00f2miques, comer\u00e7 electr\u00f2nic, log\u00edstica i industries digitals\u2014 aquest 2021 s\u2019hi afegiran q\u00fcestions tan rellevants com mobilitat, sostenibilitat, talent, ci\u00e8ncia, que ha aparegut tan destacadament a les nostres vides a causa de la pand\u00e8mia, i BNEW City que promocionar\u00e0 Barcelona especialment en \u00e0mbits com la gastronomia, la cultura i el disseny en els que la ciutat \u00e9s referent. Tot aix\u00f2 a trav\u00e9s de canals de televisi\u00f3 que permeten relacionar a totes les persones que estan connectades no solament amb el que estan veient sin\u00f3 tamb\u00e9 entre s\u00ed.<\/p><p><img class=\"aligncenter wp-image-7935 size-large\" src=\"https:\/\/rethinkbcn.cat\/wp-content\/uploads\/2021\/05\/FOTOS-PERE-NAVARRO-1-1024x683.jpg\" alt=\"\" width=\"1024\" height=\"683\" \/><br \/><strong>Ser\u00e0 com una versi\u00f3 m\u00e9s internacional del Barcelona React que ha impulsat l\u2019ajuntament de Barcelona aquest passat mes d\u2019abril?<\/strong><br \/>No \u00e9s el mateix, per\u00f2 similar, amb una gran projecci\u00f3 internacional. El BNEW l\u2019any passat va comptar amb 400 speakers i cinc plat\u00f3s, tres situats a la Estaci\u00f3 de Fran\u00e7a, un a la Casa Seat i l\u2019altra a la Telef\u00f2nica, a la pla\u00e7a de Catalunya. Enguany en tindrem deu i calculem que hi participaran 700 speakers. Aix\u00f2 vol dir, amb el previsible augment dels inscrits, el nostre esdeveniment arribar\u00e0 pr\u00e0cticament a tots els pa\u00efsos del m\u00f3n. El format h\u00edbrid entre digital i presencial facilita molt la internacionalitzaci\u00f3, creiem que hi haur\u00e0 molta m\u00e9s pres\u00e8ncia f\u00edsica en relaci\u00f3 a l\u2019any passat i que tamb\u00e9 augmentaran de manera molt important les persones connectades digitalment.<\/p><p><strong>Aquest format h\u00edbrid ha estat adoptat per moltes fires al menys en temps de pand\u00e8mia i t\u00e9 sentit en una ciutat com Barcelona, que \u00e9s referent en fires i congressos<\/strong><br \/>Feia molt temps que est\u00e0vem reflexionant sobre les fires i els congressos i no acab\u00e0vem de trobar-ne l\u2019entrellat. Una fira, al final, \u00e9s un lloguer d\u2019espais i saber facilitar que hi passin coses, que s\u2019estableixi relaci\u00f3 entre determinats sectors econ\u00f2mics, el que en diem networking. Les fires normalment s\u00f3n sectorials, per\u00f2 al BNEW reunim tota la gent que es dedica al negoci immobiliari, a la log\u00edstica, al comer\u00e7 electr\u00f2nic, etc\u00e8tera, en diferents canals que es poden relacionar entre s\u00ed. En el moment d\u2019inscriure\u2019s un participant pot triar una s\u00e8rie de temes que l\u2019interessen i un algoritme li suggerir\u00e0 quines persones li poden resultar m\u00e9s \u00fatils de contactar. En aquest sentit, un aspecte destacable del BNEW \u00e9s l\u2019alta capacitat decis\u00f2ria dels inscrits. Vol dir que t\u00e9 inter\u00e8s estar present en una plataforma que permet connectar amb persones que s\u00f3n crucials a altres empreses a l\u2019hora d\u2019intentar crear espais de negoci, que al final s\u00f3n tamb\u00e9 espais de promoci\u00f3 econ\u00f2mica on es creen llocs de treball. En definitiva, estem fent la nostra funci\u00f3 com a agent econ\u00f2mic p\u00fablic, com a locomotora de l\u2019economia productiva.<\/p><p><strong>Acabem a l\u2019\u00e0mbit ciutat. Creu que el teletreball esta tenint efectes sobre el territori? Es pot parlar de despla\u00e7ament de residents de Barcelona cap a l\u2019exterior de la corona metropolitana i de p\u00e8rdua de protagonisme dels centres?<\/strong><br \/>Hi ha diferents teories sobre el que passar\u00e0 un cop estiguem vacunats o immunitzats. Em sembla que ara es pot dir que amb la pand\u00e8mia, sens dubte, hi ha hagut despla\u00e7aments des de les grans ciutats cap a espais diguem-ne m\u00e9s naturals, per\u00f2 penso que la tend\u00e8ncia de la gent a agregar-se en grans \u00e0mbits metropolitans continuar\u00e0 produint-se perqu\u00e8 en definitiva som animals socials i necessitem el contacte f\u00edsic. Crec que el teletreball es convertir\u00e0 en una pr\u00e0ctica que sobretot tindr\u00e0 a veure amb els horaris flexibles, amb qu\u00e8 no cal que tothom entri i surti a la mateixa hora, que tothom estigui tots els dies de la setmana a la feina. Aquest tipus de facilitat es produir\u00e0, ja ho estem veient, per\u00f2 poder treballar a dist\u00e0ncia al cent per cent es dif\u00edcil per no dir impossible. Ja fa molts anys s\u2019especulava amb que quan la fibra \u00f2ptica arrib\u00e9s a la Cerdanya o l\u2019Empord\u00e0 molta gent s\u2019hi traslladaria a viure i en un \u00e0mbit buc\u00f2lic podria treballar a dist\u00e0ncia, per\u00f2 aix\u00f2 no es va produir. Des d\u2019aleshores el que ha succe\u00eft, al menys fins ara, \u00e9s una major agregaci\u00f3 de poblaci\u00f3 en els \u00e0mbits metropolitans. Perqu\u00e8 hi ha una realitat evident, i \u00e9s que no tota la feina es pot fer teletreballant, s\u00f3n molt importants els serveis sanitaris, culturals, comercials, els propis serveis empresarials, hi ha coses que nomes les proporciona una densitat determinada de ciutat i en el cas de Barcelona i la regi\u00f3 metropolitana \u00e9s evident que tenim aquesta densitat. Podem anar a viure a Matadepera com ha fet alguna gent o a Alella, per\u00f2 sempre a una dist\u00e0ncia prudencial del centre.<\/p><p>[\/et_pb_text][et_pb_text admin_label=\"Share \" _builder_version=\"4.8.2\" _module_preset=\"default\" width=\"26%\" module_alignment=\"left\" module_alignment_tablet=\"left\" module_alignment_phone=\"left\" module_alignment_last_edited=\"on|phone\" border_width_all=\"0px\"]<\/p><table style=\"border-collapse: collapse; width: 0%; height: 22px; border-color: #000000; border: 2px solid;\"><tbody><tr style=\"height: 22px;\"><td style=\"width: 11.5332%; height: 22px;\">share:<\/td><td style=\"width: 88.4667%; text-align: justify; vertical-align: middle; height: 22px;\">[DISPLAY_ULTIMATE_SOCIAL_ICONS]<\/td><\/tr><\/tbody><\/table><p>\u00a0<\/p><p>[\/et_pb_text][\/et_pb_column][\/et_pb_row][\/et_pb_section][et_pb_section fb_built=\"1\" fullwidth=\"on\" _builder_version=\"4.8.2\" _module_preset=\"default\" da_disable_devices=\"off|off|off\" border_width_bottom=\"2px\" da_is_popup=\"off\" da_exit_intent=\"off\" da_has_close=\"on\" da_alt_close=\"off\" da_dark_close=\"off\" da_not_modal=\"on\" da_is_singular=\"off\" da_with_loader=\"off\" da_has_shadow=\"on\"][et_pb_fullwidth_code admin_label=\"Ratlla horitzontal\" _builder_version=\"4.8.2\" _module_preset=\"default\"][\/et_pb_fullwidth_code][\/et_pb_section][et_pb_section fb_built=\"1\" _builder_version=\"4.8.2\" _module_preset=\"default\" custom_margin=\"||-30px||false|false\" custom_margin_tablet=\"||-90px||false|false\" custom_margin_phone=\"||-80px||false|false\" custom_margin_last_edited=\"on|phone\" da_disable_devices=\"off|off|off\" da_is_popup=\"off\" da_exit_intent=\"off\" da_has_close=\"on\" da_alt_close=\"off\" da_dark_close=\"off\" da_not_modal=\"on\" da_is_singular=\"off\" da_with_loader=\"off\" da_has_shadow=\"on\"][et_pb_row _builder_version=\"4.8.2\" _module_preset=\"default\"][et_pb_column type=\"4_4\" _builder_version=\"4.8.2\" _module_preset=\"default\"][et_pb_text admin_label=\"Altres articles\" _builder_version=\"4.9.0\" _module_preset=\"default\"]<\/p><h3>ALTRES ARTICLES<\/h3><p>[yarpp]<\/p><p>[\/et_pb_text][\/et_pb_column][\/et_pb_row][\/et_pb_section][et_pb_section fb_built=\"1\" fullwidth=\"on\" disabled_on=\"on|on|on\" _builder_version=\"4.8.2\" _module_preset=\"default\" custom_margin_tablet=\"-70px||||false|false\" custom_margin_phone=\"\" custom_margin_last_edited=\"on|tablet\" da_disable_devices=\"off|off|off\" border_width_bottom=\"2px\" disabled=\"on\" da_is_popup=\"off\" da_exit_intent=\"off\" da_has_close=\"on\" da_alt_close=\"off\" da_dark_close=\"off\" da_not_modal=\"on\" da_is_singular=\"off\" da_with_loader=\"off\" da_has_shadow=\"on\"][et_pb_fullwidth_code admin_label=\"Ratlla horitzontal\" _builder_version=\"4.8.2\" _module_preset=\"default\"][\/et_pb_fullwidth_code][\/et_pb_section][et_pb_section fb_built=\"1\" disabled_on=\"on|on|on\" _builder_version=\"4.8.2\" _module_preset=\"default\" da_disable_devices=\"off|off|off\" disabled=\"on\" da_is_popup=\"off\" da_exit_intent=\"off\" da_has_close=\"on\" da_alt_close=\"off\" da_dark_close=\"off\" da_not_modal=\"on\" da_is_singular=\"off\" da_with_loader=\"off\" da_has_shadow=\"on\"][et_pb_row _builder_version=\"4.8.2\" _module_preset=\"default\"][et_pb_column type=\"4_4\" _builder_version=\"4.8.2\" _module_preset=\"default\"][et_pb_text admin_label=\"Text %22Veure tots els cicles%22\" _builder_version=\"4.8.2\" _module_preset=\"default\"]<\/p><h3>VEURE TOTS ELS CICLES<\/h3><p>[\/et_pb_text][\/et_pb_column][\/et_pb_row][et_pb_row column_structure=\"1_3,1_3,1_3\" disabled_on=\"off|on|off\" _builder_version=\"4.8.2\" _module_preset=\"default\" width_tablet=\"50%\" width_phone=\"70%\" width_last_edited=\"on|phone\" module_alignment=\"center\"][et_pb_column type=\"1_3\" _builder_version=\"4.8.2\" _module_preset=\"default\"][et_pb_image src=\"https:\/\/rethinkbcn.cat\/wp-content\/uploads\/2021\/02\/caixa-1b.jpg\" title_text=\"caixa-1b\" url=\"\/category\/cicle-1\/\" align=\"center\" admin_label=\"Cicles per escriptori i m\u00f2bil\" _builder_version=\"4.8.2\" _module_preset=\"default\" module_alignment=\"center\"][\/et_pb_image][\/et_pb_column][et_pb_column type=\"1_3\" _builder_version=\"4.8.2\" _module_preset=\"default\"][et_pb_image src=\"https:\/\/rethinkbcn.cat\/wp-content\/uploads\/2021\/02\/caixa-2b.jpg\" title_text=\"caixa-2b\" align=\"center\" _builder_version=\"4.8.2\" _module_preset=\"default\"][\/et_pb_image][\/et_pb_column][et_pb_column type=\"1_3\" _builder_version=\"4.8.2\" _module_preset=\"default\"][et_pb_image src=\"https:\/\/rethinkbcn.cat\/wp-content\/uploads\/2021\/02\/caixa-3b.jpg\" title_text=\"caixa-3b\" align=\"center\" _builder_version=\"4.8.2\" _module_preset=\"default\"][\/et_pb_image][\/et_pb_column][\/et_pb_row][et_pb_row column_structure=\"1_3,1_3,1_3\" disabled_on=\"on|off|on\" _builder_version=\"4.8.2\" _module_preset=\"default\" width=\"100%\" width_tablet=\"90%\" width_phone=\"70%\" width_last_edited=\"on|tablet\" module_alignment=\"center\" custom_margin=\"||-20px||false|false\"][et_pb_column type=\"1_3\" _builder_version=\"4.8.2\" _module_preset=\"default\" custom_css_main_element=\"width: 33%!important;\"][et_pb_image src=\"https:\/\/rethinkbcn.cat\/wp-content\/uploads\/2021\/02\/caixa-1b.jpg\" title_text=\"caixa-1b\" url=\"\/category\/cicle-1\/\" align=\"center\" admin_label=\"Cicles per a tablet\" _builder_version=\"4.8.2\" _module_preset=\"default\" module_alignment=\"center\"][\/et_pb_image][\/et_pb_column][et_pb_column type=\"1_3\" _builder_version=\"4.8.2\" _module_preset=\"default\" custom_css_main_element=\"width: 33%!important;\"][et_pb_image src=\"https:\/\/rethinkbcn.cat\/wp-content\/uploads\/2021\/02\/caixa-2b.jpg\" title_text=\"caixa-2b\" align=\"center\" _builder_version=\"4.8.2\" _module_preset=\"default\"][\/et_pb_image][\/et_pb_column][et_pb_column type=\"1_3\" _builder_version=\"4.8.2\" _module_preset=\"default\" custom_css_main_element=\"width: 33%!important;\"][et_pb_image src=\"https:\/\/rethinkbcn.cat\/wp-content\/uploads\/2021\/02\/caixa-3b.jpg\" title_text=\"caixa-3b\" align=\"center\" _builder_version=\"4.8.2\" _module_preset=\"default\"][\/et_pb_image][\/et_pb_column][\/et_pb_row][\/et_pb_section]<\/p>","_et_gb_content_width":""},"categories":[88],"tags":[74,77],"_links":{"self":[{"href":"https:\/\/rethinkbcn.cat\/es\/wp-json\/wp\/v2\/posts\/7946"}],"collection":[{"href":"https:\/\/rethinkbcn.cat\/es\/wp-json\/wp\/v2\/posts"}],"about":[{"href":"https:\/\/rethinkbcn.cat\/es\/wp-json\/wp\/v2\/types\/post"}],"author":[{"embeddable":true,"href":"https:\/\/rethinkbcn.cat\/es\/wp-json\/wp\/v2\/users\/3"}],"replies":[{"embeddable":true,"href":"https:\/\/rethinkbcn.cat\/es\/wp-json\/wp\/v2\/comments?post=7946"}],"version-history":[{"count":10,"href":"https:\/\/rethinkbcn.cat\/es\/wp-json\/wp\/v2\/posts\/7946\/revisions"}],"predecessor-version":[{"id":8025,"href":"https:\/\/rethinkbcn.cat\/es\/wp-json\/wp\/v2\/posts\/7946\/revisions\/8025"}],"wp:featuredmedia":[{"embeddable":true,"href":"https:\/\/rethinkbcn.cat\/es\/wp-json\/wp\/v2\/media\/4848"}],"wp:attachment":[{"href":"https:\/\/rethinkbcn.cat\/es\/wp-json\/wp\/v2\/media?parent=7946"}],"wp:term":[{"taxonomy":"category","embeddable":true,"href":"https:\/\/rethinkbcn.cat\/es\/wp-json\/wp\/v2\/categories?post=7946"},{"taxonomy":"post_tag","embeddable":true,"href":"https:\/\/rethinkbcn.cat\/es\/wp-json\/wp\/v2\/tags?post=7946"}],"curies":[{"name":"wp","href":"https:\/\/api.w.org\/{rel}","templated":true}]}}