{"id":7675,"date":"2021-05-01T20:08:20","date_gmt":"2021-05-01T18:08:20","guid":{"rendered":"https:\/\/rethinkbcn.cat\/?p=7675"},"modified":"2021-05-01T21:06:00","modified_gmt":"2021-05-01T19:06:00","slug":"antonio-balmon-en-el-amb-hacemos-nuestro-trabajo-sin-ruido-pero-somos-la-tercera-administracion-de-cataluna-y-hacemos-politica-util","status":"publish","type":"post","link":"https:\/\/rethinkbcn.cat\/es\/antonio-balmon-en-el-amb-hacemos-nuestro-trabajo-sin-ruido-pero-somos-la-tercera-administracion-de-cataluna-y-hacemos-politica-util\/","title":{"rendered":"ANTONIO BALM\u00d3N: \u00abEN EL AMB HACEMOS NUESTRO TRABAJO SIN RUIDO, PERO SOMOS LA TERCERA ADMINISTRACI\u00d3N DE CATALU\u00d1A Y HACEMOS POL\u00cdTICA \u00daTIL\u00bb"},"content":{"rendered":"<p>[et_pb_section fb_built=\u00bb1&#8243; disabled_on=\u00bboff|off|off\u00bb _builder_version=\u00bb4.8.2&#8243; _module_preset=\u00bbdefault\u00bb custom_margin=\u00bb||||false|false\u00bb da_disable_devices=\u00bboff|off|off\u00bb da_is_popup=\u00bboff\u00bb da_exit_intent=\u00bboff\u00bb da_has_close=\u00bbon\u00bb da_alt_close=\u00bboff\u00bb da_dark_close=\u00bboff\u00bb da_not_modal=\u00bbon\u00bb da_is_singular=\u00bboff\u00bb da_with_loader=\u00bboff\u00bb da_has_shadow=\u00bbon\u00bb][et_pb_row _builder_version=\u00bb4.8.1&#8243; _module_preset=\u00bbdefault\u00bb][et_pb_column type=\u00bb4_4&#8243; _builder_version=\u00bb4.8.1&#8243; _module_preset=\u00bbdefault\u00bb][et_pb_text admin_label=\u00bbTitular entrada\u00bb _builder_version=\u00bb4.9.0&#8243; _module_preset=\u00bbdefault\u00bb text_font=\u00bbAverta Light||||||||\u00bb header_font_size=\u00bb36px\u00bb header_4_font=\u00bbAverta regular||||||||\u00bb header_4_font_size=\u00bb20px\u00bb header_4_line_height=\u00bb1.6em\u00bb header_5_line_height=\u00bb1.6em\u00bb header_6_font=\u00bbAverta regular||||||||\u00bb header_6_font_size=\u00bb16px\u00bb header_6_line_height=\u00bb1.2em\u00bb header_font_size_tablet=\u00bb30px\u00bb header_font_size_phone=\u00bb24px\u00bb header_font_size_last_edited=\u00bbon|phone\u00bb header_6_font_size_tablet=\u00bb\u00bb header_6_font_size_phone=\u00bb16px\u00bb header_6_font_size_last_edited=\u00bbon|phone\u00bb]<\/p>\n<h1 style=\"text-align: center;\">ANTONIO BALM\u00d3N: \u00abEN EL AMB HACEMOS NUESTRO TRABAJO SIN RUIDO, PERO SOMOS LA TERCERA ADMINISTRACI\u00d3N DE CATALU\u00d1A Y HACEMOS POL\u00cdTICA \u00daTIL\u00bb<\/h1>\n<h6 style=\"text-align: center;\">El alcalde de Cornell\u00e0 de Llobregat y vice presidente del AMB cree que si Barcelona fuese como Madrid, todo lo que han hecho los alcaldes de l&#8217;\u00e0rea metropolitana no se habr\u00eda hecho.<\/h6>\n<h6 style=\"text-align: center;\">\u00a0<\/h6>\n<p>[\/et_pb_text][et_pb_image src=\u00bbhttps:\/\/rethinkbcn.cat\/wp-content\/uploads\/2021\/04\/Bal.jpg\u00bb title_text=\u00bbBal\u00bb admin_label=\u00bbImatge entrada\u00bb _builder_version=\u00bb4.9.0&#8243; _module_preset=\u00bbdefault\u00bb][\/et_pb_image][et_pb_text disabled_on=\u00bbon|on|off\u00bb admin_label=\u00bbText entrada escriptori\u00bb _builder_version=\u00bb4.9.0&#8243; _module_preset=\u00bbdefault\u00bb text_font=\u00bbAverta Light||||||||\u00bb header_font_size=\u00bb36px\u00bb header_4_font=\u00bbAverta regular||||||||\u00bb header_4_font_size=\u00bb20px\u00bb header_4_line_height=\u00bb1.6em\u00bb header_5_line_height=\u00bb1.6em\u00bb header_6_font=\u00bbAverta regular||||||||\u00bb header_6_font_size=\u00bb16px\u00bb header_6_line_height=\u00bb1.5em\u00bb header_font_size_tablet=\u00bb30px\u00bb header_font_size_phone=\u00bb24px\u00bb header_font_size_last_edited=\u00bbon|phone\u00bb header_6_font_size_tablet=\u00bb\u00bb header_6_font_size_phone=\u00bb14px\u00bb header_6_font_size_last_edited=\u00bbon|phone\u00bb]<\/p>\n<p><strong>per Pep Mart\u00ed<\/strong><\/p>\n<p style=\"text-align: justify;\">Con diecisiete a\u00f1os frente a la alcald\u00eda de Cornell\u00e0 de Llobregat, Antonio Balm\u00f3n ha tenido que gestionar las crisis desde la instituci\u00f3n m\u00e1s cercana a los ciudadanos. Como vicepresidente ejecutivo del \u00c1rea Metropolitana de Barcelona (AMB), contempla la realidad pol\u00edtica y social con la visi\u00f3n que da una larga trayectoria y acostumbrado a negociaciones dif\u00edciles, como la que llev\u00f3 a la aprobaci\u00f3n, en 2010, de la ley de creaci\u00f3n del AMB. En esta entrevista habla de Cornell\u00e0, de su visi\u00f3n metropolitana y de la necesidad de preservar el valor de la instituci\u00f3n por encima de las siglas del partido.<\/p>\n<p style=\"text-align: justify;\"><strong>El 25 de abril cumplir\u00e1 diecisiete a\u00f1os como alcalde de Cornell\u00e0. Ha tenido que batallar con dos grandes crisis, la de 2008 y, ahora, la crisis pand\u00e9mica. \u00bfC\u00f3mo lo ha experimentado la ciudad?<\/strong><br \/>La crisis econ\u00f3mica de 2008 nos prepar\u00f3. Era la primera vez que encontramos un poder p\u00fablico cercano, como el Ayuntamiento, con recursos y posibilidades para afrontar la embestida. Fuimos el primer ayuntamiento de Catalu\u00f1a, no s\u00e9 si tambi\u00e9n de Espa\u00f1a pero de Catalu\u00f1a seguro, que lanzamos un gran acuerdo contra la crisis, siempre desde la red de entidades de la ciudad. Y tambi\u00e9n el primero en crear un fondo de contingencia. Lo que no sab\u00edamos era que \u00e9sto durar\u00eda casi una d\u00e9cada. Y comenzamos muchos mecanismos que se consolidaron sin da\u00f1ar el crecimiento de la ciudad. Fue una crisis inmobiliaria, monetaria, financiera. Nunca lo hab\u00edamos enfrentado antes. Tambi\u00e9n supimos aprovechar las oportunidades que nos dio el Plan Zapatero para hacer frente a la crisis social.<\/p>\n<p style=\"text-align: justify;\"><strong>\u00bfAhora ha sido diferente?<\/strong><br \/>La crisis pand\u00e9mica nos ha encontrado con una situaci\u00f3n totalmente diferente. Se supon\u00eda que este era un mandato expansivo para salir de la crisis. Ten\u00edamos bases consolidadas. Pero la pandemia lo ha alterado todo y tuvimos que responder a ella. El 14 de marzo se declar\u00f3 el estado de alarma y despu\u00e9s de dos d\u00edas atendimos a todas las personas de Cornell\u00e0 que ten\u00edan contactos y necesitaban satisfacer las necesidades b\u00e1sicas. Despu\u00e9s de cinco d\u00edas ya ten\u00edamos un servicio establecido para responder a las personas que requer\u00edan un ingreso o un recurso alimentario..<\/p>\n<p style=\"text-align: justify;\"><strong>\u00bfY eso se pudo asumir?<\/strong><br \/>Se pudo asumir claramente. Creamos un instrumento paralelo a la administraci\u00f3n para evitar el procedimiento m\u00e1s lento y auditado de la administraci\u00f3n, y funcion\u00f3. Incluso detectamos 300 personas que viven solas que no ten\u00edamos en nuestras bases, y algunas otras cosas que no nos gustaban de la ciudad. Demostramos la capacidad de dar 10.000 comidas diarias a personas sin recursos si fuera necesario.<\/p>\n<p><strong>Lidiar con una crisis como esta desde la alcald\u00eda es muy diferente a hacerlo desde un gobierno. Usted no tiene las herramientas de un ejecutivo con poder legislativo.<\/strong><br \/>No tenemos estas herramientas, pero la pol\u00edtica local tiene esto, la capacidad de responder r\u00e1pidamente a situaciones excepcionales. Pero hace un a\u00f1o decidimos dejar de gastar 12 millones de euros, casi el 10% del presupuesto, y con este ahorro pod\u00edamos asumir un gasto que no ten\u00edamos previsto y que era incierto porque no sab\u00edamos lo que significar\u00eda en t\u00e9rminos de planes de empleo, o refuerzo alimentario. Pero gracias a esta decisi\u00f3n hemos sido capaces de liquidar el presupuesto con un d\u00e9ficit de 4 millones de euros, lo que nos permite ahorrar para poder actuar en 2021-22. De lo contrario, nos hubi\u00e9ramos encontrado con un d\u00e9ficit m\u00e1s alto que podr\u00eda habernos estrangulado.<\/p>\n<p style=\"text-align: justify;\"><strong>Todas estas situaciones requieren una mirada m\u00e1s all\u00e1 de una ciudad. Es vicepresidente ejecutivo del AMB, presidido por la alcaldesa de Barcelona. La pol\u00edtica hace extra\u00f1os compa\u00f1eros de cama. En la entrevista que hicimos al ex alcalde Xavier Trias, nos elogi\u00f3 el trabajo realizado por ustedes para hacer realidad el actual AMB. <\/strong><br \/>Creo que la pol\u00edtica, y m\u00e1s a\u00fan en el \u00e1rea metropolitana, tambi\u00e9n debe ser un espacio de consenso. El AMB es una instituci\u00f3n que siempre trata de escapar del partidismo. Esto a veces no se entiende bien. All\u00ed estamos gestionando muchos intereses del d\u00eda a d\u00eda de los ciudadanos. Creo que con Xavier Trias, y tambi\u00e9n con Llu\u00eds Tejedor, Jordi Portabella y Alberto Fern\u00e1ndez, tuvimos la oportunidad de demostrar que el AMB era una instituci\u00f3n que no era el espacio de una fiesta. A partir de un reconocimiento mutuo que todos quer\u00edamos, surgi\u00f3 una buena base para preparar la ley para la creaci\u00f3n del \u00c1rea Metropolitana en 2010. Una ley que, hay que recordar, fue aprobada a \u00faltima hora y por unanimidad.<\/p>\n<p style=\"text-align: justify;\"><strong>Usted se esmer\u00f3.<\/strong><br \/>Sempre explico que vaig estar un any i mig voltant i parlant absolutament amb tothom. Volia conv\u00e8ncer que intent\u00e0vem construir una cosa que no s&#8217;havia assolit mai abans: agafar quatre administracions i fusionar-les en una. Amb Siempre explico que estuve un a\u00f1o y medio hablando absolutamente con todo el mundo. Quer\u00eda convencernos de que est\u00e1bamos tratando de construir algo que nunca antes se hab\u00eda logrado: tomar cuatro administraciones y fusionarlas en una sola. Con esto lo que hicimos fue reducir los gastos y crear potenciales de gesti\u00f3n mucho m\u00e1s fuertes. Creo que eso convenci\u00f3 a todo el mundo. Y luego, todo lo que implicaba la pol\u00edtica de las alianzas.<\/p>\n<p style=\"text-align: justify;\"><strong>\u00bfEn qu\u00e9 \u00e1rea tuvieron m\u00e1s dificultades?<\/strong><br \/>En la gesti\u00f3n del urbanismo. Es l\u00f3gico porque significa hablar mucho de planificaci\u00f3n. Hubo mucho debate, con el Ayuntamiento de Barcelona y el Ayuntamiento, que en ese momento estaba dirigido por Quim Nadal. Pero seguimos adelante. El respeto es muy importante en la pol\u00edtica y hacer cumplir su palabra. Todas las fuerzas pol\u00edticas aportaron elementos importantes a la ley y por eso creo que cada uno se la hizo suya.<\/p>\n<p><strong>Usted debe ser duro en la negociaci\u00f3n, pero cuando se llega a un acuerdo, es un pol\u00edtico que cumple.<\/strong><br \/>Prefiero a gestionar un \u201cno\u201d en lugar de gestionar un h\u00edbrido s\u00ed y que, cuando salga por la puerta, ya me haya olvidado de ello. Yo tambi\u00e9n lo hago en pol\u00edtica municipal. Tambi\u00e9n en el \u00c1rea, donde cada vez que he cerrado un compromiso, lo he cumplido.<\/p>\n<table class=\" alignright\" style=\"height: 123px; width: 24.515503875968992%; border-collapse: collapse; border-top-width: 2px; border-top-style: solid; border-color: #000000; margin-left: 20px;\" cellspacing=\"15\" cellpadding=\"2\">\n<tbody>\n<tr style=\"height: 23px;\">\n<td style=\"width: 100%; height: 23px; border: 2px solid #000;\">\n<h4>\u201cLa elecci\u00f3n directa del presidente o presidenta del AMB dar\u00eda a la instituci\u00f3n un ADN m\u00e1s partidista.\u201d<\/h4>\n<\/td>\n<\/tr>\n<\/tbody>\n<\/table>\n<p><strong>Una pregunta parece obligatoria: \u00bfc\u00f3mo funciona la convivencia con la alcaldesa Colau?<\/strong><br \/>Creo que funciona con aceptaci\u00f3n mutua. Es importante aceptar la posici\u00f3n que ambos representamos. A veces es dif\u00edcil dar a entender que una instituci\u00f3n en la que el PSC le faltan dos consejeros para tener mayor\u00eda absoluta, no tenga la presidencia el PSC. Pero creo que es m\u00e1s importante explicar el consenso institucional. Somos muchos m\u00e1s alcaldes que l\u00edderes de partidos. Gestionamos intereses muy espec\u00edficos y comunes.<\/p>\n<p style=\"text-align: justify;\"><strong>\u00bfC\u00f3mo podemos explicar pedag\u00f3gicamente la relevancia de lo que representa el AMB?<\/strong><br \/>Siempre digo que si tuvi\u00e9ramos un video explicativo del AMB, pondr\u00edamos a una persona por la ma\u00f1ana abriendo un grifo y viendo que no sale agua. Luego sale a la calle y los autobuses no pasan. Nadie ha ido a recoger la basura porque no se sabe d\u00f3nde llevarla&#8230; \u00bfQu\u00e9 hay de eso? Bueno, eso es lo que el AMB hace todos los d\u00edas invisiblemente y eso afecta a las personas en su vida diaria. Lo hacemos sin ruido y por eso a veces parece que no estamos all\u00ed, pero somos la tercera administraci\u00f3n de Catalu\u00f1a despu\u00e9s de la Generalitat y el Ayuntamiento de Barcelona. Hacemos que la pol\u00edtica sea \u00fatil. Para m\u00ed, la pol\u00edtica debe dar utilidad y seguridad, lo cual no est\u00e1 muy de moda.<\/p>\n<p style=\"text-align: justify;\"><strong>\u00bfEl hecho de que para muchas personas sus vidas son cada vez m\u00e1s metropolitanas, pero el sentimiento de identidad sigue vinculado a una ciudad o un barrio, es un problema a\u00f1adido para el proyecto metropolitano?<\/strong><br \/>Creo que no. Ha sido comparado. Madrid es un \u00e1rea metropolitana compuesta por un solo municipio. Barcelona est\u00e1 formada por 36 municipios. Si Barcelona fuera como Madrid, Cornell\u00e0 ser\u00eda un consejo de distrito, como Vallecas, y El Prat ser\u00eda el departamento de Barajas. Lo que todos los alcaldes han hecho a lo largo de los a\u00f1os no se habr\u00eda hecho. Yo ser\u00eda un concejal de distrito sin autonom\u00eda ni la capacidad de decidir el destino de los recursos. Aqu\u00ed pudimos actuar de tu a tu. Necesitamos una escala que vaya m\u00e1s all\u00e1 del nivel local, pero al mismo tiempo actuar de cerca en una sociedad que actualmente est\u00e1 muy fragmentada. Todo lo que ha pasado en este territorio de la conurbaci\u00f3n de Barcelona debe ser valorado muy positivamente. Y dar valor a lo que hemos hecho juntos. Tenemos una fragmentaci\u00f3n que m\u00e1s que la pol\u00edtica es entre generaciones, y entre or\u00edgenes y or\u00edgenes. Y debe haber alguien muy cercano que pueda intervenir en la realidad. Jordi Pujol desmantel\u00f3 la Corporaci\u00f3n Metropolitana porque la ve\u00eda como un contrapoder. El AMB no debe ser un contrapeso, sino un contrapeso positivo que debe desempe\u00f1ar el papel que le otorga la ley y debe ser un contrapeso como lobby en la dinamizaci\u00f3n de la econom\u00eda, la infraestructura, las pol\u00edticas sociales. Y aqu\u00ed podemos encontrar un amplio espacio para las coincidencias entre partidos.<\/p>\n<p style=\"text-align: justify;\"><strong>\u00bfEstar\u00eda a favor de que el presidente del AMB fuera elegido en una elecci\u00f3n directa?<\/strong><br \/>He argumentado siempre que no. El AMB tiene este potencial para fortalecer el mundo local. Si esto no puede ser acordado por los alcaldes, es dif\u00edcil que venga alguien que ser\u00e1 elegido por alg\u00fan partido venir y que pueda mandar sobre algunos alcaldes. Esto no va a ninguna parte. Lo importante es llegar a grandes acuerdos. La elecci\u00f3n directa del presidente del AMB le dar\u00eda a la instituci\u00f3n un ADN m\u00e1s partidista. \u00bfY c\u00f3mo intercala con el mundo local? Ahora gobernamos cuatro partidos y no somos noticia. \u00bfPor qu\u00e9? Porque hemos acordado que hay cosas que no debemos discutir. Hablaremos de ellas en otro lugar.<\/p>\n<p><strong>\u00bfEntre los principales desaf\u00edos que requieren una mirada metropolitana estar\u00eda una pol\u00edtica de vivienda?<\/strong><br \/>Es uno de los que necesita una estrategia m\u00e1s conjunta, s\u00ed. Y debe ir acompa\u00f1ada de una colaboraci\u00f3n p\u00fablico-privada. El sector privado debe entrar a trabajar con las administraciones p\u00fablicas y al mismo tiempo entender que su remuneraci\u00f3n puede ser menor. El mundo local no tiene suficiente m\u00fasculo para asumir toda la pol\u00edtica de vivienda. Y menos para el poder de alquiler pol\u00edtico. Piensa que para hacer ochenta casas tienes que pedir prestados unos 14 millones de euros. Cuando ha realizado diez promociones, ya tiene una deuda de 140 millones de euros.<\/p>\n<p style=\"text-align: justify;\"><strong>\u00bfQu\u00e9 estrategia hay que seguir para consolidar la gobernanza en la regi\u00f3n metropolitana?<\/strong><br \/>La existencia institucionalizada del AMB tom\u00f3 m\u00e1s de veinte a\u00f1os. Por lo tanto, hablar\u00eda m\u00e1s de las cosas que hay que hacer que de una nueva instituci\u00f3n. Estamos hablando de infraestructura, por ejemplo. El AMB debe completar sus infraestructuras. Con el fin de impulsar la econom\u00eda de su territorio. Hablamos de c\u00f3mo reforzamos despu\u00e9s de la crisis pand\u00e9mica la presencia de nuevas industrias y actividades econ\u00f3micas. Y pedimos a los gobiernos del Estado y de Catalu\u00f1a todas las medidas para ayudar a estimular el territorio. Hablemos de pol\u00edticas de vivienda. Pero si empezamos a hablar de una nueva instituci\u00f3n, no nos saldremos con la nuestra. Porque el Gobierno de la Generalitat puede preguntarse qu\u00e9 papel le queda ante una nueva realidad institucional que puede gobernar m\u00e1s de la mitad de Catalu\u00f1a. Cuando a\u00fan no hemos resuelto el problema de las \u201cvegueries\u201d. Dicho esto, la Generalitat de Catalu\u00f1a debe entender que nosotros, el AMB, somos aliados. Algunos aliados a la hora de especificar el crecimiento que nuestro territorio necesita.<\/p>\n<p style=\"text-align: justify;\"><strong>En los \u00faltimos a\u00f1os, \u00bfse ha entendido m\u00e1s la realidad metropolitana desde el Gobierno de la Generalitat?<\/strong><br \/>Creo que s\u00ed. Es una realidad respetada. Y tambi\u00e9n desde el gobierno del estado, que entiende que para hablar de la realidad de la costa, por ejemplo, se puede hablar con nosotros, no es necesario hacerlo hablando con varios municipios. Lo mismo cuando se habla de vivienda o movilidad.<\/p>\n<p style=\"text-align: justify;\"><strong>\u00bfEs dif\u00edcil ser una ciudad vecina de Barcelona? \u00bfC\u00f3mo ha evolucionado la relaci\u00f3n entre las dos ciudades en los \u00faltimos a\u00f1os?<\/strong><br \/>Creo que ha evolucionado de una manera positiva. Hemos hecho mucho uso de todo lo que Barcelona representa y genera. Si nos fijamos en el Baix Llobregat, al principio de la democracia ten\u00eda unos 220.000 habitantes. Ahora estamos rozando los 900.000. Siempre han prevalecido las pol\u00edticas progresistas y de crecimiento. Es un territorio destrozado por las infraestructuras, pero nunca hemos recurrido a la victimizaci\u00f3n. Lo que quer\u00edamos es aprovechar todo lo que estaba sucediendo en el territorio para retener y crecer.<\/p>\n<p style=\"text-align: justify;\"><strong>Ha sido alcalde desde 2004, casi siempre -salvo un mandato- con mayor\u00eda absoluta.<\/strong><br \/>En el mandato de que no ten\u00edamos mayor\u00eda absoluta, ten\u00edamos m\u00e1s votos que en los anteriores, pero se presentaron m\u00e1s partidos y nos tom\u00f3 mucho m\u00e1s tiempo alcanzar la mayor\u00eda absoluta.<\/p>\n<p style=\"text-align: justify;\"><strong>Una mayor\u00eda absoluta debe hacer que la gobernabilidad sea m\u00e1s c\u00f3moda. Pero, \u00bfc\u00f3mo evitar la p\u00e9rdida de entusiasmo para transformar la realidad?<\/strong><br \/>Pero tambi\u00e9n son necesarias mayor\u00edas absolutas. Recuerdo una vez que fui a A Coru\u00f1a a hablar del \u00e1rea metropolitana. Gobernaba la Marea. Y cuando est\u00e1bamos juntos, todos dijeron que no ten\u00edan mayor\u00eda absoluta. Pero no se puede usar para imponer lo que quieres. Nosotros, tanto en la etapa de Jos\u00e9 Montilla como con la m\u00eda, siempre hemos estado de acuerdo con otras fuerzas pol\u00edticas. Cuando me convert\u00ed en alcalde, incorpor\u00e9 a Convergencia al gobierno. Y a Iniciativa. Ahora tenemos el n\u00facleo absoluto y com\u00fan est\u00e1 en el gobierno. Y participan en todas las reuniones estrat\u00e9gicas. \u00bfpor qu\u00e9? Para evitar la auto-satisfacci\u00f3n y tambi\u00e9n para ampliar nuestra pol\u00edtica de la ciudad. Y en cada presupuesto hemos estado de acuerdo. Las \u00faltimas municipales coincidieron con las europeas. Hab\u00eda dos urnas. En Europa, el PSC obtuvo 14.000 votos y en el \u00e1rea municipal m\u00e1s de 18.000. Y siempre hemos o\u00eddo muchas voces. Fui a la inauguraci\u00f3n de una nueva secci\u00f3n de \u00d2mnium Cultural en Cornell\u00e0 y habl\u00e9 de ello. Porque hab\u00eda gente en la ciudad a la que respeto.\u00a0Un proyecto del que estoy muy orgulloso es la Ciudad de la Lectura. Cuando llegu\u00e9 como alcalde, ten\u00edamos una biblioteca de 2.000 metros cuadrados, a finales de este a\u00f1o tendremos cinco bibliotecas. Hemos tenido concejales dedicados espec\u00edficamente a este proyecto. He presentado m\u00e1s de 400 libros de autores de la ciudad. Hemos creado espacios para estudiar y hablar. Lo siento como una buena huella. Las bibliotecas ahora tienen m\u00e1s funciones de las que sol\u00edan ser. Dos de las nuevas bibliotecas abrir\u00e1n las 24 horas del d\u00eda, los 365 d\u00edas del a\u00f1o. Y esto conducir\u00e1 a otro proyecto, que es la Escuela de Humanidades. Y fracaso no, pero sobre lo que a\u00fan no hemos logrado dir\u00eda que en pol\u00edticas de igualdad. Explico un caso. Si no hubiera habido la pandemia, para el festival del a\u00f1o pasado, hab\u00edamos planeado un servicio de autob\u00fas nocturno para las ni\u00f1as de la ciudad. Tengo hijas y para algunos padres es duro pensar que han de estar pendientes de por qu\u00e9 calle deben o no deben pasar. Es el fracaso de una sociedad.<\/p>\n<p>[\/et_pb_text][et_pb_text disabled_on=\u00bboff|off|on\u00bb admin_label=\u00bbText entrada tablet i m\u00f2bil\u00bb _builder_version=\u00bb4.9.0&#8243; _module_preset=\u00bbdefault\u00bb text_font=\u00bbAverta Light||||||||\u00bb header_font=\u00bbAverta regular||||||||\u00bb header_font_size=\u00bb36px\u00bb header_4_font=\u00bbAverta regular||||||||\u00bb header_4_line_height=\u00bb1.2em\u00bb header_font_size_tablet=\u00bb30px\u00bb header_font_size_phone=\u00bb24px\u00bb header_font_size_last_edited=\u00bbon|phone\u00bb]<\/p>\n<p><strong>per Pep Mart\u00ed<\/strong><\/p>\n<p style=\"text-align: justify;\">Con diecisiete a\u00f1os frente a la alcald\u00eda de Cornell\u00e0, Antonio Balm\u00f3n ha tenido que gestionar las crisis desde la instituci\u00f3n m\u00e1s cercana a los ciudadanos. Como vicepresidente ejecutivo del \u00c1rea Metropolitana de Barcelona (AMB), contempla la realidad pol\u00edtica y social con la visi\u00f3n que da una larga trayectoria y acostumbrado a negociaciones dif\u00edciles, como la que llev\u00f3 a la aprobaci\u00f3n, en 2010, de la ley de creaci\u00f3n del AMB. En esta entrevista habla de Cornell\u00e0, de su visi\u00f3n metropolitana y de la necesidad de preservar el valor de la instituci\u00f3n por encima de las siglas del partido.<\/p>\n<p style=\"text-align: justify;\"><strong>El 25 de abril cumplir\u00e1 diecisiete a\u00f1os como alcalde de Cornell\u00e0. Ha tenido que batallar con dos grandes crisis, la de 2008 y, ahora, la crisis pand\u00e9mica. \u00bfC\u00f3mo lo ha experimentado la ciudad?<\/strong><br \/>La crisis econ\u00f3mica de 2008 nos prepar\u00f3. Era la primera vez que encontramos un poder p\u00fablico cercano, como el Ayuntamiento, con recursos y posibilidades para afrontar la embestida. Fuimos el primer ayuntamiento de Catalu\u00f1a, no s\u00e9 si tambi\u00e9n de Espa\u00f1a pero de Catalu\u00f1a seguro, que lanzamos un gran acuerdo contra la crisis, siempre desde la red de entidades de la ciudad. Y tambi\u00e9n el primero en crear un fondo de contingencia. Lo que no sab\u00edamos era que \u00e9sto durar\u00eda casi una d\u00e9cada. Y comenzamos muchos mecanismos que se consolidaron sin da\u00f1ar el crecimiento de la ciudad. Fue una crisis inmobiliaria, monetaria, financiera. Nunca lo hab\u00edamos enfrentado antes. Tambi\u00e9n supimos aprovechar las oportunidades que nos dio el Plan Zapatero para hacer frente a la crisis social.<\/p>\n<p style=\"text-align: justify;\"><strong>\u00bfAhora ha sido diferente?<\/strong><br \/>La crisis pand\u00e9mica nos ha encontrado con una situaci\u00f3n totalmente diferente. Se supon\u00eda que este era un mandato expansivo para salir de la crisis. Ten\u00edamos bases consolidadas. Pero la pandemia lo ha alterado todo y tuvimos que responder a ella. El 14 de marzo se declar\u00f3 el estado de alarma y despu\u00e9s de dos d\u00edas atendimos a todas las personas de Cornell\u00e0 que ten\u00edan contactos y necesitaban satisfacer las necesidades b\u00e1sicas. Despu\u00e9s de cinco d\u00edas ya ten\u00edamos un servicio establecido para responder a las personas que requer\u00edan un ingreso o un recurso alimentario..<\/p>\n<p style=\"text-align: justify;\"><strong>\u00bfY eso se pudo asumir?<\/strong><br \/>Se pudo asumir claramente. Creamos un instrumento paralelo a la administraci\u00f3n para evitar el procedimiento m\u00e1s lento y auditado de la administraci\u00f3n, y funcion\u00f3. Incluso detectamos 300 personas que viven solas que no ten\u00edamos en nuestras bases, y algunas otras cosas que no nos gustaban de la ciudad. Demostramos la capacidad de dar 10.000 comidas diarias a personas sin recursos si fuera necesario.<\/p>\n<p><strong>Lidiar con una crisis como esta desde la alcald\u00eda es muy diferente a hacerlo desde un gobierno. Usted no tiene las herramientas de un ejecutivo con poder legislativo.<\/strong><br \/>No tenemos estas herramientas, pero la pol\u00edtica local tiene esto, la capacidad de responder r\u00e1pidamente a situaciones excepcionales. Pero hace un a\u00f1o decidimos dejar de gastar 12 millones de euros, casi el 10% del presupuesto, y con este ahorro pod\u00edamos asumir un gasto que no ten\u00edamos previsto y que era incierto porque no sab\u00edamos lo que significar\u00eda en t\u00e9rminos de planes de empleo, o refuerzo alimentario. Pero gracias a esta decisi\u00f3n hemos sido capaces de liquidar el presupuesto con un d\u00e9ficit de 4 millones de euros, lo que nos permite ahorrar para poder actuar en 2021-22. De lo contrario, nos hubi\u00e9ramos encontrado con un d\u00e9ficit m\u00e1s alto que podr\u00eda habernos estrangulado.<\/p>\n<p style=\"text-align: justify;\"><strong>Todas estas situaciones requieren una mirada m\u00e1s all\u00e1 de una ciudad. Es vicepresidente ejecutivo del AMB, presidido por la alcaldesa de Barcelona. La pol\u00edtica hace extra\u00f1os compa\u00f1eros de cama. En la entrevista que hicimos al ex alcalde Xavier Trias, nos elogi\u00f3 el trabajo realizado por ustedes para hacer realidad el actual AMB. <\/strong><br \/>Creo que la pol\u00edtica, y m\u00e1s a\u00fan en el \u00e1rea metropolitana, tambi\u00e9n debe ser un espacio de consenso. El AMB es una instituci\u00f3n que siempre trata de escapar del partidismo. Esto a veces no se entiende bien. All\u00ed estamos gestionando muchos intereses del d\u00eda a d\u00eda de los ciudadanos. Creo que con Xavier Trias, y tambi\u00e9n con Llu\u00eds Tejedor, Jordi Portabella y Alberto Fern\u00e1ndez, tuvimos la oportunidad de demostrar que el AMB era una instituci\u00f3n que no era el espacio de una fiesta. A partir de un reconocimiento mutuo que todos quer\u00edamos, surgi\u00f3 una buena base para preparar la ley para la creaci\u00f3n del \u00c1rea Metropolitana en 2010. Una ley que, hay que recordar, fue aprobada a \u00faltima hora y por unanimidad.<\/p>\n<p style=\"text-align: justify;\"><strong>Usted se esmer\u00f3.<\/strong><br \/>Sempre explico que vaig estar un any i mig voltant i parlant absolutament amb tothom. Volia conv\u00e8ncer que intent\u00e0vem construir una cosa que no s&#8217;havia assolit mai abans: agafar quatre administracions i fusionar-les en una. Amb Siempre explico que estuve un a\u00f1o y medio hablando absolutamente con todo el mundo. Quer\u00eda convencernos de que est\u00e1bamos tratando de construir algo que nunca antes se hab\u00eda logrado: tomar cuatro administraciones y fusionarlas en una sola. Con esto lo que hicimos fue reducir los gastos y crear potenciales de gesti\u00f3n mucho m\u00e1s fuertes. Creo que eso convenci\u00f3 a todo el mundo. Y luego, todo lo que implicaba la pol\u00edtica de las alianzas.<\/p>\n<p style=\"text-align: justify;\"><strong>\u00bfEn qu\u00e9 \u00e1rea tuvieron m\u00e1s dificultades?<\/strong><br \/>En la gesti\u00f3n del urbanismo. Es l\u00f3gico porque significa hablar mucho de planificaci\u00f3n. Hubo mucho debate, con el Ayuntamiento de Barcelona y el Ayuntamiento, que en ese momento estaba dirigido por Quim Nadal. Pero seguimos adelante. El respeto es muy importante en la pol\u00edtica y hacer cumplir su palabra. Todas las fuerzas pol\u00edticas aportaron elementos importantes a la ley y por eso creo que cada uno se la hizo suya.<\/p>\n<p><strong>Usted debe ser duro en la negociaci\u00f3n, pero cuando se llega a un acuerdo, es un pol\u00edtico que cumple.<\/strong><br \/>Prefiero a gestionar un \u201cno\u201d en lugar de gestionar un h\u00edbrido s\u00ed y que, cuando salga por la puerta, ya me haya olvidado de ello. Yo tambi\u00e9n lo hago en pol\u00edtica municipal. Tambi\u00e9n en el \u00c1rea, donde cada vez que he cerrado un compromiso, lo he cumplido.<\/p>\n<table class=\" alignright\" style=\"height: 104px; width: 99.9054%; border-collapse: collapse; border-top: 2px solid #000000; border-right-color: #000000; border-bottom-color: #000000; border-left-color: #000000; margin-left: 20px;\" cellspacing=\"15\" cellpadding=\"2\">\n<tbody>\n<tr style=\"height: 23px;\">\n<td style=\"width: 100%; height: 23px; border: 2px solid #000;\">\n<h4 style=\"text-align: center;\">\u201cLa elecci\u00f3n directa del presidente o presidenta del AMB dar\u00eda a la instituci\u00f3n un ADN m\u00e1s partidista.\u201d<\/h4>\n<\/td>\n<\/tr>\n<\/tbody>\n<\/table>\n<p>&nbsp;<\/p>\n<p>&nbsp;<\/p>\n<p>&nbsp;<\/p>\n<p><strong>Una pregunta parece obligatoria: \u00bfc\u00f3mo funciona la convivencia con la alcaldesa Colau?<\/strong><br \/>Creo que funciona con aceptaci\u00f3n mutua. Es importante aceptar la posici\u00f3n que ambos representamos. A veces es dif\u00edcil dar a entender que una instituci\u00f3n en la que el PSC le faltan dos consejeros para tener mayor\u00eda absoluta, no tenga la presidencia el PSC. Pero creo que es m\u00e1s importante explicar el consenso institucional. Somos muchos m\u00e1s alcaldes que l\u00edderes de partidos. Gestionamos intereses muy espec\u00edficos y comunes.<\/p>\n<p style=\"text-align: justify;\"><strong>\u00bfC\u00f3mo podemos explicar pedag\u00f3gicamente la relevancia de lo que representa el AMB?<\/strong><br \/>Siempre digo que si tuvi\u00e9ramos un video explicativo del AMB, pondr\u00edamos a una persona por la ma\u00f1ana abriendo un grifo y viendo que no sale agua. Luego sale a la calle y los autobuses no pasan. Nadie ha ido a recoger la basura porque no se sabe d\u00f3nde llevarla&#8230; \u00bfQu\u00e9 hay de eso? Bueno, eso es lo que el AMB hace todos los d\u00edas invisiblemente y eso afecta a las personas en su vida diaria. Lo hacemos sin ruido y por eso a veces parece que no estamos all\u00ed, pero somos la tercera administraci\u00f3n de Catalu\u00f1a despu\u00e9s de la Generalitat y el Ayuntamiento de Barcelona. Hacemos que la pol\u00edtica sea \u00fatil. Para m\u00ed, la pol\u00edtica debe dar utilidad y seguridad, lo cual no est\u00e1 muy de moda.<\/p>\n<p style=\"text-align: justify;\"><strong>\u00bfEl hecho de que para muchas personas sus vidas son cada vez m\u00e1s metropolitanas, pero el sentimiento de identidad sigue vinculado a una ciudad o un barrio, es un problema a\u00f1adido para el proyecto metropolitano?<\/strong><br \/>Creo que no. Ha sido comparado. Madrid es un \u00e1rea metropolitana compuesta por un solo municipio. Barcelona est\u00e1 formada por 36 municipios. Si Barcelona fuera como Madrid, Cornell\u00e0 ser\u00eda un consejo de distrito, como Vallecas, y El Prat ser\u00eda el departamento de Barajas. Lo que todos los alcaldes han hecho a lo largo de los a\u00f1os no se habr\u00eda hecho. Yo ser\u00eda un concejal de distrito sin autonom\u00eda ni la capacidad de decidir el destino de los recursos. Aqu\u00ed pudimos actuar de tu a tu. Necesitamos una escala que vaya m\u00e1s all\u00e1 del nivel local, pero al mismo tiempo actuar de cerca en una sociedad que actualmente est\u00e1 muy fragmentada. Todo lo que ha pasado en este territorio de la conurbaci\u00f3n de Barcelona debe ser valorado muy positivamente. Y dar valor a lo que hemos hecho juntos. Tenemos una fragmentaci\u00f3n que m\u00e1s que la pol\u00edtica es entre generaciones, y entre or\u00edgenes y or\u00edgenes. Y debe haber alguien muy cercano que pueda intervenir en la realidad. Jordi Pujol desmantel\u00f3 la Corporaci\u00f3n Metropolitana porque la ve\u00eda como un contrapoder. El AMB no debe ser un contrapeso, sino un contrapeso positivo que debe desempe\u00f1ar el papel que le otorga la ley y debe ser un contrapeso como lobby en la dinamizaci\u00f3n de la econom\u00eda, la infraestructura, las pol\u00edticas sociales. Y aqu\u00ed podemos encontrar un amplio espacio para las coincidencias entre partidos.<\/p>\n<p style=\"text-align: justify;\"><strong>\u00bfEstar\u00eda a favor de que el presidente del AMB fuera elegido en una elecci\u00f3n directa?<\/strong><br \/>He argumentado siempre que no. El AMB tiene este potencial para fortalecer el mundo local. Si esto no puede ser acordado por los alcaldes, es dif\u00edcil que venga alguien que ser\u00e1 elegido por alg\u00fan partido venir y que pueda mandar sobre algunos alcaldes. Esto no va a ninguna parte. Lo importante es llegar a grandes acuerdos. La elecci\u00f3n directa del presidente del AMB le dar\u00eda a la instituci\u00f3n un ADN m\u00e1s partidista. \u00bfY c\u00f3mo intercala con el mundo local? Ahora gobernamos cuatro partidos y no somos noticia. \u00bfPor qu\u00e9? Porque hemos acordado que hay cosas que no debemos discutir. Hablaremos de ellas en otro lugar.<\/p>\n<p><strong>\u00bfEntre los principales desaf\u00edos que requieren una mirada metropolitana estar\u00eda una pol\u00edtica de vivienda?<\/strong><br \/>Es uno de los que necesita una estrategia m\u00e1s conjunta, s\u00ed. Y debe ir acompa\u00f1ada de una colaboraci\u00f3n p\u00fablico-privada. El sector privado debe entrar a trabajar con las administraciones p\u00fablicas y al mismo tiempo entender que su remuneraci\u00f3n puede ser menor. El mundo local no tiene suficiente m\u00fasculo para asumir toda la pol\u00edtica de vivienda. Y menos para el poder de alquiler pol\u00edtico. Piensa que para hacer ochenta casas tienes que pedir prestados unos 14 millones de euros. Cuando ha realizado diez promociones, ya tiene una deuda de 140 millones de euros.<\/p>\n<p style=\"text-align: justify;\"><strong>\u00bfQu\u00e9 estrategia hay que seguir para consolidar la gobernanza en la regi\u00f3n metropolitana?<\/strong><br \/>La existencia institucionalizada del AMB tom\u00f3 m\u00e1s de veinte a\u00f1os. Por lo tanto, hablar\u00eda m\u00e1s de las cosas que hay que hacer que de una nueva instituci\u00f3n. Estamos hablando de infraestructura, por ejemplo. El AMB debe completar sus infraestructuras. Con el fin de impulsar la econom\u00eda de su territorio. Hablamos de c\u00f3mo reforzamos despu\u00e9s de la crisis pand\u00e9mica la presencia de nuevas industrias y actividades econ\u00f3micas. Y pedimos a los gobiernos del Estado y de Catalu\u00f1a todas las medidas para ayudar a estimular el territorio. Hablemos de pol\u00edticas de vivienda. Pero si empezamos a hablar de una nueva instituci\u00f3n, no nos saldremos con la nuestra. Porque el Gobierno de la Generalitat puede preguntarse qu\u00e9 papel le queda ante una nueva realidad institucional que puede gobernar m\u00e1s de la mitad de Catalu\u00f1a. Cuando a\u00fan no hemos resuelto el problema de las \u201cvegueries\u201d. Dicho esto, la Generalitat de Catalu\u00f1a debe entender que nosotros, el AMB, somos aliados. Algunos aliados a la hora de especificar el crecimiento que nuestro territorio necesita.<\/p>\n<p style=\"text-align: justify;\"><strong>En los \u00faltimos a\u00f1os, \u00bfse ha entendido m\u00e1s la realidad metropolitana desde el Gobierno de la Generalitat?<\/strong><br \/>Creo que s\u00ed. Es una realidad respetada. Y tambi\u00e9n desde el gobierno del estado, que entiende que para hablar de la realidad de la costa, por ejemplo, se puede hablar con nosotros, no es necesario hacerlo hablando con varios municipios. Lo mismo cuando se habla de vivienda o movilidad.<\/p>\n<p style=\"text-align: justify;\"><strong>\u00bfEs dif\u00edcil ser una ciudad vecina de Barcelona? \u00bfC\u00f3mo ha evolucionado la relaci\u00f3n entre las dos ciudades en los \u00faltimos a\u00f1os?<\/strong><br \/>Creo que ha evolucionado de una manera positiva. Hemos hecho mucho uso de todo lo que Barcelona representa y genera. Si nos fijamos en el Baix Llobregat, al principio de la democracia ten\u00eda unos 220.000 habitantes. Ahora estamos rozando los 900.000. Siempre han prevalecido las pol\u00edticas progresistas y de crecimiento. Es un territorio destrozado por las infraestructuras, pero nunca hemos recurrido a la victimizaci\u00f3n. Lo que quer\u00edamos es aprovechar todo lo que estaba sucediendo en el territorio para retener y crecer.<\/p>\n<p style=\"text-align: justify;\"><strong>Ha sido alcalde desde 2004, casi siempre -salvo un mandato- con mayor\u00eda absoluta.<\/strong><br \/>En el mandato de que no ten\u00edamos mayor\u00eda absoluta, ten\u00edamos m\u00e1s votos que en los anteriores, pero se presentaron m\u00e1s partidos y nos tom\u00f3 mucho m\u00e1s tiempo alcanzar la mayor\u00eda absoluta.<\/p>\n<p style=\"text-align: justify;\"><strong>Una mayor\u00eda absoluta debe hacer que la gobernabilidad sea m\u00e1s c\u00f3moda. Pero, \u00bfc\u00f3mo evitar la p\u00e9rdida de entusiasmo para transformar la realidad?<\/strong><br \/>Pero tambi\u00e9n son necesarias mayor\u00edas absolutas. Recuerdo una vez que fui a A Coru\u00f1a a hablar del \u00e1rea metropolitana. Gobernaba la Marea. Y cuando est\u00e1bamos juntos, todos dijeron que no ten\u00edan mayor\u00eda absoluta. Pero no se puede usar para imponer lo que quieres. Nosotros, tanto en la etapa de Jos\u00e9 Montilla como con la m\u00eda, siempre hemos estado de acuerdo con otras fuerzas pol\u00edticas. Cuando me convert\u00ed en alcalde, incorpor\u00e9 a Convergencia al gobierno. Y a Iniciativa. Ahora tenemos el n\u00facleo absoluto y com\u00fan est\u00e1 en el gobierno. Y participan en todas las reuniones estrat\u00e9gicas. \u00bfpor qu\u00e9? Para evitar la auto-satisfacci\u00f3n y tambi\u00e9n para ampliar nuestra pol\u00edtica de la ciudad. Y en cada presupuesto hemos estado de acuerdo. Las \u00faltimas municipales coincidieron con las europeas. Hab\u00eda dos urnas. En Europa, el PSC obtuvo 14.000 votos y en el \u00e1rea municipal m\u00e1s de 18.000. Y siempre hemos o\u00eddo muchas voces. Fui a la inauguraci\u00f3n de una nueva secci\u00f3n de \u00d2mnium Cultural en Cornell\u00e0 y habl\u00e9 de ello. Porque hab\u00eda gente en la ciudad a la que respeto.\u00a0Un proyecto del que estoy muy orgulloso es la Ciudad de la Lectura. Cuando llegu\u00e9 como alcalde, ten\u00edamos una biblioteca de 2.000 metros cuadrados, a finales de este a\u00f1o tendremos cinco bibliotecas. Hemos tenido concejales dedicados espec\u00edficamente a este proyecto. He presentado m\u00e1s de 400 libros de autores de la ciudad. Hemos creado espacios para estudiar y hablar. Lo siento como una buena huella. Las bibliotecas ahora tienen m\u00e1s funciones de las que sol\u00edan ser. Dos de las nuevas bibliotecas abrir\u00e1n las 24 horas del d\u00eda, los 365 d\u00edas del a\u00f1o. Y esto conducir\u00e1 a otro proyecto, que es la Escuela de Humanidades. Y fracaso no, pero sobre lo que a\u00fan no hemos logrado dir\u00eda que en pol\u00edticas de igualdad. Explico un caso. Si no hubiera habido la pandemia, para el festival del a\u00f1o pasado, hab\u00edamos planeado un servicio de autob\u00fas nocturno para las ni\u00f1as de la ciudad. Tengo hijas y para algunos padres es duro pensar que han de estar pendientes de por qu\u00e9 calle deben o no deben pasar. Es el fracaso de una sociedad.<\/p>\n<p>[\/et_pb_text][et_pb_text admin_label=\u00bbShare \u00bb _builder_version=\u00bb4.8.2&#8243; _module_preset=\u00bbdefault\u00bb width=\u00bb26%\u00bb module_alignment=\u00bbleft\u00bb module_alignment_tablet=\u00bbleft\u00bb module_alignment_phone=\u00bbleft\u00bb module_alignment_last_edited=\u00bbon|phone\u00bb border_width_all=\u00bb0px\u00bb]<\/p>\n<table style=\"border-collapse: collapse; width: 0%; height: 22px; border-color: #000000; border: 2px solid;\">\n<tbody>\n<tr style=\"height: 22px;\">\n<td style=\"width: 11.5332%; height: 22px;\">share:<\/td>\n<td style=\"width: 88.4667%; text-align: justify; vertical-align: middle; height: 22px;\"><div class=\"sfsi_widget sfsi_shortcode_container\"><div class=\"norm_row sfsi_wDiv \"  style=\"width:200px;text-align:left;\"><div style='width:30px; height:30px;margin-left:10px;margin-bottom:5px; ' class='sfsi_wicons shuffeldiv ' ><div class='inerCnt'><a class=' sficn' data-effect='' target='_blank'  href='' id='sfsiid_twitter_icon' style='width:30px;height:30px;opacity:1;'  ><img data-pin-nopin='true' alt='Twitter' title='Twitter' src='https:\/\/rethinkbcn.cat\/wp-content\/plugins\/ultimate-social-media-icons\/images\/icons_theme\/transparent\/transparent_twitter.png' width='30' height='30' style='' class='sfcm sfsi_wicon ' data-effect=''   \/><\/a><div class=\"sfsi_tool_tip_2 twt_tool_bdr sfsiTlleft\" style=\"opacity:0;z-index:-1;\" id=\"sfsiid_twitter\"><span class=\"bot_arow bot_twt_arow\"><\/span><div class=\"sfsi_inside\"><div  class='icon2'><div class='sf_twiter' style='display: inline-block;vertical-align: middle;width: auto;'>\r\n\t\t\t\t\t\t<a target='_blank' href='https:\/\/twitter.com\/intent\/tweet?text=Hey%2C+check+out+this+cool+site+I+found%3A+www.rethinkbcn.cat+%23Topic+via%40my_twitter_name+https:\/\/rethinkbcn.cat\/es\/wp-json\/wp\/v2\/posts\/7675\/' style='display:inline-block' >\r\n\t\t\t\t\t\t\t<img data-pin-nopin= true class='sfsi_wicon' src='https:\/\/rethinkbcn.cat\/wp-content\/plugins\/ultimate-social-media-icons\/images\/share_icons\/Twitter_Tweet\/en_US_Tweet.svg' alt='Tweet' title='Tweet' >\r\n\t\t\t\t\t\t<\/a>\r\n\t\t\t\t\t<\/div><\/div><\/div><\/div><\/div><\/div><div style='width:30px; height:30px;margin-left:10px;margin-bottom:5px; ' class='sfsi_wicons shuffeldiv ' ><div class='inerCnt'><a class=' sficn' data-effect='' target='_blank'  href='' id='sfsiid_linkedin_icon' style='width:30px;height:30px;opacity:1;'  ><img data-pin-nopin='true' alt='' title='' src='https:\/\/rethinkbcn.cat\/wp-content\/plugins\/ultimate-social-media-icons\/images\/icons_theme\/transparent\/transparent_linkedin.png' width='30' height='30' style='' class='sfcm sfsi_wicon ' data-effect=''   \/><\/a><div class=\"sfsi_tool_tip_2 linkedin_tool_bdr sfsiTlleft\" style=\"opacity:0;z-index:-1;\" id=\"sfsiid_linkedin\"><span class=\"bot_arow bot_linkedin_arow\"><\/span><div class=\"sfsi_inside\"><div  class='icon2'><a target='_blank' href=\"https:\/\/www.linkedin.com\/shareArticle?url=https%3A%2F%2Frethinkbcn.cat%2Fes%2Fwp-json%2Fwp%2Fv2%2Fposts%2F7675%2F\"><img class=\"sfsi_wicon\" data-pin-nopin= true alt=\"Share\" title=\"Share\" src=\"https:\/\/rethinkbcn.cat\/wp-content\/plugins\/ultimate-social-media-icons\/images\/share_icons\/Linkedin_Share\/en_US_share.svg\" \/><\/a><\/div><\/div><\/div><\/div><\/div><div style='width:30px; height:30px;margin-left:10px;margin-bottom:5px; ' class='sfsi_wicons shuffeldiv ' ><div class='inerCnt'><a class=' sficn' data-effect='' target='_blank'  href='https:\/\/api.whatsapp.com\/send?text=https:\/\/rethinkbcn.cat\/es\/antonio-balmon-en-el-amb-hacemos-nuestro-trabajo-sin-ruido-pero-somos-la-tercera-administracion-de-cataluna-y-hacemos-politica-util\/' id='sfsiid_whatsapp_icon' style='width:30px;height:30px;opacity:1;'  ><img data-pin-nopin='true' alt='' title='' src='https:\/\/rethinkbcn.cat\/wp-content\/plugins\/ultimate-social-media-icons\/images\/icons_theme\/transparent\/transparent_whatsapp.png' width='30' height='30' style='' class='sfcm sfsi_wicon ' data-effect=''   \/><\/a><\/div><\/div><div style='width:30px; height:30px;margin-left:10px;margin-bottom:5px; ' class='sfsi_wicons shuffeldiv ' ><div class='inerCnt'><a class=' sficn' data-effect='' target='_blank'  href='https:\/\/api.follow.it\/widgets\/icon\/VUlqbFQ4d1I5d05jbFdNRWdXaThSK0Vza3RBcDZrT3Y4akNldzhxUVBmUFNjQ3dlUnpnQVphRFVNcm40SXZGaFczK01jOFF0SExaMGNIWi9BZy96S2MydkgzaDNWWFBjYU9MbjY5M3lUcjVLYU5TN3NOaEs3VmJ4bytROHI4b1d8eEV6SFU5OTFjQ1B0YkRJNkEzUlJEbEhIWVRkZGM0b0FRTEQyRDlyb2o2UT0=\/OA==\/' id='sfsiid_email_icon' style='width:30px;height:30px;opacity:1;'  ><img data-pin-nopin='true' alt='Follow by Email' title='Follow by Email' src='https:\/\/rethinkbcn.cat\/wp-content\/plugins\/ultimate-social-media-icons\/images\/icons_theme\/transparent\/transparent_email.png' width='30' height='30' style='' class='sfcm sfsi_wicon ' data-effect=''   \/><\/a><\/div><\/div><\/div ><div id=\"sfsi_holder\" class=\"sfsi_holders\" style=\"position: relative; float: left;width:100%;z-index:-1;\"><\/div ><script>window.addEventListener(\"sfsi_functions_loaded\", function() \r\n\t\t\t{\r\n\t\t\t\tif (typeof sfsi_widget_set == \"function\") {\r\n\t\t\t\t\tsfsi_widget_set();\r\n\t\t\t\t}\r\n\t\t\t}); <\/script><div style=\"clear: both;\"><\/div><\/div><\/td>\n<\/tr>\n<\/tbody>\n<\/table>\n<p>&nbsp;<br \/>\n[\/et_pb_text][\/et_pb_column][\/et_pb_row][\/et_pb_section][et_pb_section fb_built=\u00bb1&#8243; fullwidth=\u00bbon\u00bb _builder_version=\u00bb4.8.2&#8243; _module_preset=\u00bbdefault\u00bb da_disable_devices=\u00bboff|off|off\u00bb border_width_bottom=\u00bb2px\u00bb da_is_popup=\u00bboff\u00bb da_exit_intent=\u00bboff\u00bb da_has_close=\u00bbon\u00bb da_alt_close=\u00bboff\u00bb da_dark_close=\u00bboff\u00bb da_not_modal=\u00bbon\u00bb da_is_singular=\u00bboff\u00bb da_with_loader=\u00bboff\u00bb da_has_shadow=\u00bbon\u00bb][et_pb_fullwidth_code admin_label=\u00bbRatlla horitzontal\u00bb _builder_version=\u00bb4.8.2&#8243; _module_preset=\u00bbdefault\u00bb][\/et_pb_fullwidth_code][\/et_pb_section][et_pb_section fb_built=\u00bb1&#8243; _builder_version=\u00bb4.8.2&#8243; _module_preset=\u00bbdefault\u00bb custom_margin=\u00bb||-30px||false|false\u00bb custom_margin_tablet=\u00bb||-90px||false|false\u00bb custom_margin_phone=\u00bb||-80px||false|false\u00bb custom_margin_last_edited=\u00bbon|phone\u00bb da_disable_devices=\u00bboff|off|off\u00bb da_is_popup=\u00bboff\u00bb da_exit_intent=\u00bboff\u00bb da_has_close=\u00bbon\u00bb da_alt_close=\u00bboff\u00bb da_dark_close=\u00bboff\u00bb da_not_modal=\u00bbon\u00bb da_is_singular=\u00bboff\u00bb da_with_loader=\u00bboff\u00bb da_has_shadow=\u00bbon\u00bb][et_pb_row _builder_version=\u00bb4.8.2&#8243; _module_preset=\u00bbdefault\u00bb][et_pb_column type=\u00bb4_4&#8243; _builder_version=\u00bb4.8.2&#8243; _module_preset=\u00bbdefault\u00bb][et_pb_text admin_label=\u00bbAltres articles\u00bb _builder_version=\u00bb4.9.0&#8243; _module_preset=\u00bbdefault\u00bb]<\/p>\n<h3>ALTRES ARTICLES<\/h3>\n<p><div class='yarpp yarpp-related yarpp-related-shortcode yarpp-template-thumbnails'>\n<!-- YARPP Thumbnails -->\n<h3><\/h3>\n<div class=\"yarpp-thumbnails-horizontal\">\n<a class='yarpp-thumbnail' rel='norewrite' href='https:\/\/rethinkbcn.cat\/es\/lavisiondecincoexalcaldessobrelapoliticametropolitana\/' title='LA VISI\u00d3N DE CINCO EX ALCALDES DE BARCELONA SOBRE LA POL\u00cdTICA METROPOLITANA'>\n<img width=\"117\" height=\"120\" src=\"https:\/\/rethinkbcn.cat\/wp-content\/uploads\/2021\/01\/progesm.jpg\" class=\"attachment-yarpp-thumbnail size-yarpp-thumbnail wp-post-image\" alt=\"\" loading=\"lazy\" data-pin-nopin=\"true\" \/><span class=\"yarpp-thumbnail-title\">LA VISI\u00d3N DE CINCO EX ALCALDES DE BARCELONA SOBRE LA POL\u00cdTICA METROPOLITANA<\/span><\/a>\n<a class='yarpp-thumbnail' rel='norewrite' href='https:\/\/rethinkbcn.cat\/es\/xavier-roig-maragall-el-imperativo-metropolitano\/' title='XAVIER ROIG: MARAGALL, EL IMPERATIVO METROPOLITANO'>\n<img width=\"117\" height=\"120\" src=\"https:\/\/rethinkbcn.cat\/wp-content\/uploads\/2021\/01\/progesm.jpg\" class=\"attachment-yarpp-thumbnail size-yarpp-thumbnail wp-post-image\" alt=\"\" loading=\"lazy\" data-pin-nopin=\"true\" \/><span class=\"yarpp-thumbnail-title\">XAVIER ROIG: MARAGALL, EL IMPERATIVO METROPOLITANO<\/span><\/a>\n<a class='yarpp-thumbnail' rel='norewrite' href='https:\/\/rethinkbcn.cat\/es\/cuatroentrevistasalcaldes\/' title='LEE LAS CUATRO ENTREVISTAS CON LOS EX ALCALDES DE BARCELONA'>\n<img width=\"117\" height=\"120\" src=\"https:\/\/rethinkbcn.cat\/wp-content\/uploads\/2021\/01\/progesm.jpg\" class=\"attachment-yarpp-thumbnail size-yarpp-thumbnail wp-post-image\" alt=\"\" loading=\"lazy\" data-pin-nopin=\"true\" \/><span class=\"yarpp-thumbnail-title\">LEE LAS CUATRO ENTREVISTAS CON LOS EX ALCALDES DE BARCELONA<\/span><\/a>\n<a class='yarpp-thumbnail' rel='norewrite' href='https:\/\/rethinkbcn.cat\/es\/debemossalirlamisticajoanclos\/' title='JOAN CLOS: \u00abDEBEMOS SALIR DE LA M\u00cdSTICA Y MIENTRAS ESTO NO PASE NO HABR\u00c1 NINGUNA SOLUCI\u00d3N\u00bb'>\n<img width=\"117\" height=\"120\" src=\"https:\/\/rethinkbcn.cat\/wp-content\/uploads\/2021\/01\/progesm.jpg\" class=\"attachment-yarpp-thumbnail size-yarpp-thumbnail wp-post-image\" alt=\"\" loading=\"lazy\" data-pin-nopin=\"true\" \/><span class=\"yarpp-thumbnail-title\">JOAN CLOS: \u00abDEBEMOS SALIR DE LA M\u00cdSTICA Y MIENTRAS ESTO NO PASE NO HABR\u00c1 NINGUNA SOLUCI\u00d3N\u00bb<\/span><\/a>\n<\/div>\n<\/div>\n<br \/>\n[\/et_pb_text][\/et_pb_column][\/et_pb_row][\/et_pb_section][et_pb_section fb_built=\u00bb1&#8243; fullwidth=\u00bbon\u00bb disabled_on=\u00bbon|on|on\u00bb _builder_version=\u00bb4.8.2&#8243; _module_preset=\u00bbdefault\u00bb custom_margin_tablet=\u00bb-70px||||false|false\u00bb custom_margin_phone=\u00bb\u00bb custom_margin_last_edited=\u00bbon|tablet\u00bb da_disable_devices=\u00bboff|off|off\u00bb border_width_bottom=\u00bb2px\u00bb disabled=\u00bbon\u00bb da_is_popup=\u00bboff\u00bb da_exit_intent=\u00bboff\u00bb da_has_close=\u00bbon\u00bb da_alt_close=\u00bboff\u00bb da_dark_close=\u00bboff\u00bb da_not_modal=\u00bbon\u00bb da_is_singular=\u00bboff\u00bb da_with_loader=\u00bboff\u00bb da_has_shadow=\u00bbon\u00bb][et_pb_fullwidth_code admin_label=\u00bbRatlla horitzontal\u00bb _builder_version=\u00bb4.8.2&#8243; _module_preset=\u00bbdefault\u00bb][\/et_pb_fullwidth_code][\/et_pb_section][et_pb_section fb_built=\u00bb1&#8243; disabled_on=\u00bbon|on|on\u00bb _builder_version=\u00bb4.8.2&#8243; _module_preset=\u00bbdefault\u00bb da_disable_devices=\u00bboff|off|off\u00bb disabled=\u00bbon\u00bb da_is_popup=\u00bboff\u00bb da_exit_intent=\u00bboff\u00bb da_has_close=\u00bbon\u00bb da_alt_close=\u00bboff\u00bb da_dark_close=\u00bboff\u00bb da_not_modal=\u00bbon\u00bb da_is_singular=\u00bboff\u00bb da_with_loader=\u00bboff\u00bb da_has_shadow=\u00bbon\u00bb][et_pb_row _builder_version=\u00bb4.8.2&#8243; _module_preset=\u00bbdefault\u00bb][et_pb_column type=\u00bb4_4&#8243; _builder_version=\u00bb4.8.2&#8243; _module_preset=\u00bbdefault\u00bb][et_pb_text admin_label=\u00bbText %22Veure tots els cicles%22&#8243; _builder_version=\u00bb4.8.2&#8243; _module_preset=\u00bbdefault\u00bb]<\/p>\n<h3>VEURE TOTS ELS CICLES<\/h3>\n<p>[\/et_pb_text][\/et_pb_column][\/et_pb_row][et_pb_row column_structure=\u00bb1_3,1_3,1_3&#8243; disabled_on=\u00bboff|on|off\u00bb _builder_version=\u00bb4.8.2&#8243; _module_preset=\u00bbdefault\u00bb width_tablet=\u00bb50%\u00bb width_phone=\u00bb70%\u00bb width_last_edited=\u00bbon|phone\u00bb module_alignment=\u00bbcenter\u00bb][et_pb_column type=\u00bb1_3&#8243; _builder_version=\u00bb4.8.2&#8243; _module_preset=\u00bbdefault\u00bb][et_pb_image src=\u00bbhttps:\/\/rethinkbcn.cat\/wp-content\/uploads\/2021\/02\/caixa-1b.jpg\u00bb title_text=\u00bbcaixa-1b\u00bb url=\u00bb\/category\/cicle-1\/\u00bb align=\u00bbcenter\u00bb admin_label=\u00bbCicles per escriptori i m\u00f2bil\u00bb _builder_version=\u00bb4.8.2&#8243; _module_preset=\u00bbdefault\u00bb module_alignment=\u00bbcenter\u00bb][\/et_pb_image][\/et_pb_column][et_pb_column type=\u00bb1_3&#8243; _builder_version=\u00bb4.8.2&#8243; _module_preset=\u00bbdefault\u00bb][et_pb_image src=\u00bbhttps:\/\/rethinkbcn.cat\/wp-content\/uploads\/2021\/02\/caixa-2b.jpg\u00bb title_text=\u00bbcaixa-2b\u00bb align=\u00bbcenter\u00bb _builder_version=\u00bb4.8.2&#8243; _module_preset=\u00bbdefault\u00bb][\/et_pb_image][\/et_pb_column][et_pb_column type=\u00bb1_3&#8243; _builder_version=\u00bb4.8.2&#8243; _module_preset=\u00bbdefault\u00bb][et_pb_image src=\u00bbhttps:\/\/rethinkbcn.cat\/wp-content\/uploads\/2021\/02\/caixa-3b.jpg\u00bb title_text=\u00bbcaixa-3b\u00bb align=\u00bbcenter\u00bb _builder_version=\u00bb4.8.2&#8243; _module_preset=\u00bbdefault\u00bb][\/et_pb_image][\/et_pb_column][\/et_pb_row][et_pb_row column_structure=\u00bb1_3,1_3,1_3&#8243; disabled_on=\u00bbon|off|on\u00bb _builder_version=\u00bb4.8.2&#8243; _module_preset=\u00bbdefault\u00bb width=\u00bb100%\u00bb width_tablet=\u00bb90%\u00bb width_phone=\u00bb70%\u00bb width_last_edited=\u00bbon|tablet\u00bb module_alignment=\u00bbcenter\u00bb custom_margin=\u00bb||-20px||false|false\u00bb][et_pb_column type=\u00bb1_3&#8243; _builder_version=\u00bb4.8.2&#8243; _module_preset=\u00bbdefault\u00bb custom_css_main_element=\u00bbwidth: 33%!important;\u00bb][et_pb_image src=\u00bbhttps:\/\/rethinkbcn.cat\/wp-content\/uploads\/2021\/02\/caixa-1b.jpg\u00bb title_text=\u00bbcaixa-1b\u00bb url=\u00bb\/category\/cicle-1\/\u00bb align=\u00bbcenter\u00bb admin_label=\u00bbCicles per a tablet\u00bb _builder_version=\u00bb4.8.2&#8243; _module_preset=\u00bbdefault\u00bb module_alignment=\u00bbcenter\u00bb][\/et_pb_image][\/et_pb_column][et_pb_column type=\u00bb1_3&#8243; _builder_version=\u00bb4.8.2&#8243; _module_preset=\u00bbdefault\u00bb custom_css_main_element=\u00bbwidth: 33%!important;\u00bb][et_pb_image src=\u00bbhttps:\/\/rethinkbcn.cat\/wp-content\/uploads\/2021\/02\/caixa-2b.jpg\u00bb title_text=\u00bbcaixa-2b\u00bb align=\u00bbcenter\u00bb _builder_version=\u00bb4.8.2&#8243; _module_preset=\u00bbdefault\u00bb][\/et_pb_image][\/et_pb_column][et_pb_column type=\u00bb1_3&#8243; _builder_version=\u00bb4.8.2&#8243; _module_preset=\u00bbdefault\u00bb custom_css_main_element=\u00bbwidth: 33%!important;\u00bb][et_pb_image src=\u00bbhttps:\/\/rethinkbcn.cat\/wp-content\/uploads\/2021\/02\/caixa-3b.jpg\u00bb title_text=\u00bbcaixa-3b\u00bb align=\u00bbcenter\u00bb _builder_version=\u00bb4.8.2&#8243; _module_preset=\u00bbdefault\u00bb][\/et_pb_image][\/et_pb_column][\/et_pb_row][\/et_pb_section]<\/p>\n","protected":false},"excerpt":{"rendered":"<p>El alcalde de Cornell\u00e0 de Llobregat cree que si Barcelona fuese como Madrid, todo lo que han hecho los alcaldes de l&#8217;\u00e0rea metropolitana no se habr\u00eda hecho.<br \/>\n&#8211;<\/p>\n","protected":false},"author":3,"featured_media":4848,"comment_status":"open","ping_status":"open","sticky":false,"template":"","format":"standard","meta":{"_et_pb_use_builder":"on","_et_pb_old_content":"<p>[et_pb_section fb_built=\"1\" disabled_on=\"off|off|off\" _builder_version=\"4.8.2\" _module_preset=\"default\" custom_margin=\"||||false|false\" da_disable_devices=\"off|off|off\" da_is_popup=\"off\" da_exit_intent=\"off\" da_has_close=\"on\" da_alt_close=\"off\" da_dark_close=\"off\" da_not_modal=\"on\" da_is_singular=\"off\" da_with_loader=\"off\" da_has_shadow=\"on\"][et_pb_row _builder_version=\"4.8.1\" _module_preset=\"default\"][et_pb_column type=\"4_4\" _builder_version=\"4.8.1\" _module_preset=\"default\"][et_pb_text admin_label=\"Titular entrada\" _builder_version=\"4.9.0\" _module_preset=\"default\" text_font=\"Averta Light||||||||\" header_font_size=\"36px\" header_4_font=\"Averta regular||||||||\" header_4_font_size=\"20px\" header_4_line_height=\"1.6em\" header_5_line_height=\"1.6em\" header_6_font=\"Averta regular||||||||\" header_6_font_size=\"16px\" header_6_line_height=\"1.2em\" header_font_size_tablet=\"30px\" header_font_size_phone=\"24px\" header_font_size_last_edited=\"on|phone\" header_6_font_size_tablet=\"\" header_6_font_size_phone=\"16px\" header_6_font_size_last_edited=\"on|phone\"]<\/p><h1 style=\"text-align: center;\">ANTONI BALM\u00d3N: \"A l'AMB FEM LA NOSTRA FEINA SENSE SOROLL, PER\u00d2 SOM LA TERCERA ADMINISTRACI\u00d3 DE CATALUNYA I FEM POL\u00cdTICA \u00daTIL\"<\/h1><h6 style=\"text-align: center;\">L'alcalde de Cornell\u00e0 creu que si Barcelona fos com Madrid, tot el que han fet els alcaldes de l'\u00e0rea metropolitana no s'hauria fet.<\/h6><h6 style=\"text-align: center;\">\u00a0<\/h6><p>[\/et_pb_text][et_pb_image src=\"https:\/\/rethinkbcn.cat\/wp-content\/uploads\/2021\/04\/IMG_7007-scaled.jpg\" title_text=\"IMG_7007\" admin_label=\"Imatge entrada\" _builder_version=\"4.9.0\" _module_preset=\"default\" hover_enabled=\"0\" sticky_enabled=\"0\"][\/et_pb_image][et_pb_text disabled_on=\"on|on|off\" admin_label=\"Text entrada escriptori\" _builder_version=\"4.9.0\" _module_preset=\"default\" text_font=\"Averta Light||||||||\" header_font_size=\"36px\" header_4_font=\"Averta regular||||||||\" header_4_font_size=\"20px\" header_4_line_height=\"1.6em\" header_5_line_height=\"1.6em\" header_6_font=\"Averta regular||||||||\" header_6_font_size=\"16px\" header_6_line_height=\"1.5em\" hover_enabled=\"0\" header_font_size_tablet=\"30px\" header_font_size_phone=\"24px\" header_font_size_last_edited=\"on|phone\" header_6_font_size_tablet=\"\" header_6_font_size_phone=\"14px\" header_6_font_size_last_edited=\"on|phone\" sticky_enabled=\"0\"]<\/p><p><strong>per Pep Mart\u00ed<\/strong><\/p><p style=\"text-align: justify;\">Amb disset anys al davant de l'alcaldia de Cornell\u00e0, a Antoni Balm\u00f3n li ha tocat gestionar crisis d'embalum des de la instituci\u00f3 m\u00e9s propera als ciutadans. Com a vicepresident executiu de l'\u00c0rea Metropolitana de Barcelona (AMB), contempla la realitat pol\u00edtica i social amb la mirada que dona una traject\u00f2ria llarga i acostumada a negociacions dif\u00edcils, com la que va donar lloc a l'aprovaci\u00f3, l'any 2010, de la llei de creaci\u00f3 de l'AMB. En aquesta entrevista ens parla de Cornell\u00e0, de la seva visi\u00f3 metropolitana i de la necessitat de preservar el valor d ela institucionalitzat per damunt de les sigles de partit.<\/p><p style=\"text-align: justify;\"><strong>Aquest 25 d'abril complir\u00e0 disset anys com a alcalde de Cornell\u00e0. Li ha tocat entomar dues grans crisis, la del 2008 i, ara, la crisi pand\u00e8mica. Com ho ha viscut la ciutat?<\/strong><br \/>La crisi econ\u00f2mica del 2008 ens va agafar preparats. Era la primera vegada que ens trob\u00e0vem amb un poder p\u00fablic proper, com \u00e9s l'Ajuntament, amb recursos i amb possibilitats de poder afrontar l'embat. Vam ser el primer ajuntament de Catalunya, no s\u00e9 si tamb\u00e9 d'Espanya per\u00f2 de Catalunya segur, que vam posar en marxa un gran acord contra la crisi, sempre de la m\u00e0 de la xarxa d'entitats de la ciutat. I tamb\u00e9 el primer que va engegar un fons de conting\u00e8ncia. Del que no \u00e9rem conscients era que aix\u00f2 duraria gaireb\u00e9 una d\u00e8cada. I vam comen\u00e7ar molts mecanismes que es van consolidar sense perjudicar el creixement de la ciutat. Era una crisi immobili\u00e0ria, monet\u00e0ria, financera. No ens hi hav\u00edem enfrontat mai. Tamb\u00e9 vam saber aprofitar les oportunitats que ens donava el Pla Zapatero per entomar la crisi social.<\/p><p style=\"text-align: justify;\"><strong>Ara ha estat diferent?<\/strong><br \/>La crisi pand\u00e8mica ens ha enganxat en una situaci\u00f3 totalment diferent. Aquest havia de ser un mandat expansiu, de sortida de la crisi. Ten\u00edem unes bases consolidades. Per\u00f2 la pand\u00e8mia ho ha alterat tot i vam haver de donar-hi resposta. El 14 de mar\u00e7 es declarava l'estat d'alarma i al cap de dos dies est\u00e0vem atenent totes les persones de Cornell\u00e0 que ten\u00edem contactades i necessitaven satisfer les necessitats b\u00e0siques. Al cap de cinc dies ja ten\u00edem un servei engegat per donar resposta a la gent que requeria un ingr\u00e9s o un recurs alimentari.<\/p><p><img class=\"aligncenter wp-image-7669 size-large\" src=\"https:\/\/rethinkbcn.cat\/wp-content\/uploads\/2021\/04\/IMG_7006-1024x768.jpg\" alt=\"\" width=\"1024\" height=\"768\" \/><\/p><p style=\"text-align: justify;\"><strong>I aix\u00f2 es va poder assumir?<\/strong><br \/>Es va poder assumir clarament. Vam crear un instrument paral\u00b7lel a l'administraci\u00f3 per evitar el procediment m\u00e9s lent i fiscalitzador propi de l'administraci\u00f3, i va funcionar. Fins i tot vam detectar 300 persones que viuen soles que no ten\u00edem en les nostres bases, i algunes altres coses que no ens agradaven de la ciutat. Vam demostrar la capacitat de donar cada dia 10.000 dinars a persones sense recursos si era necessari.<br \/>Afrontar una crisi com aquesta des d'una alcaldia \u00e9s molt diferent que fer-ho des d'un govern. Vost\u00e8s no disposen dels estris d'un executiu amb poder legislatiu.<br \/>No tenim aquests estris, per\u00f2 la pol\u00edtica local t\u00e9 aix\u00f2, la capacitat de donar una resposta r\u00e0pida a situacions excepcionals. Per\u00f2 fa un any, vam decidir deixar de gastar 12 milions d'euros, gaireb\u00e9 un 10% del pressupost, i amb aquest estalvi poder assumir una despesa que no ten\u00edem prevista i que era incerta perqu\u00e8 no sab\u00edem qu\u00e8 significaria quant a plans d'ocupaci\u00f3, o refor\u00e7 alimentari. Per\u00f2 gr\u00e0cies a aquesta decisi\u00f3 hem pogut liquidar el pressupost amb un d\u00e8ficit de 4 milions d'euros, que ens permet estalviar per poder actuar en els anys 2021-22. Si no, ens hagu\u00e9ssim trobat amb un d\u00e8ficit superior que ens podria haver escanyat.<\/p><p style=\"text-align: justify;\"><strong>Totes aquestes situacions requereixen una mirada m\u00e9s enll\u00e0 d'una ciutat. \u00c9s vicepresident executiu de l'AMB, que presideix l'alcaldessa de Barcelona. La pol\u00edtica fa estranys companys de llit. En l'entrevista que vam fer a l'ex alcalde Xavier Trias, ens va elogiar molt la feina feta per vost\u00e8 per fer realitat l'actual AMB. S'hi va entendre b\u00e9 amb Trias?<\/strong><br \/>Jo crec que la pol\u00edtica, i m\u00e9s encara en l'\u00e0rea metropolitana, ha de ser tamb\u00e9 un espai de consens. L'AMB \u00e9s una instituci\u00f3 que intenta sempre fugir del partidisme. Aix\u00f2 a vegades no s'ent\u00e9n b\u00e9. All\u00ed estem gestionant molts interessos del dia a dia de la ciutadania. Crec que amb Xavier Trias, i tamb\u00e9 Llu\u00eds Tejedor, Jordi Portabella i Alberto Fern\u00e1ndez, vam tenir l'oportunitat de demostrar que l'AMB era una instituci\u00f3 que no era l'espai d'un partit. D'un reconeixement mutu que vol\u00edem tots va sorgir una bona base per preparar la llei de creaci\u00f3 de l'\u00c0rea Metropolitana del 2010. Una llei que, cal recordar, es va aprovar l'\u00faltim minut i per unanimitat.<\/p><p style=\"text-align: justify;\"><strong>Vost\u00e8 s'hi va esmer\u00e7ar.<\/strong><br \/>Sempre explico que vaig estar un any i mig voltant i parlant absolutament amb tothom. Volia conv\u00e8ncer que intent\u00e0vem construir una cosa que no s'havia assolit mai abans: agafar quatre administracions i fusionar-les en una. Amb aix\u00f2 el que f\u00e8iem era reduir despeses i crear unes potencialitats de gesti\u00f3 molt m\u00e9s fortes. Crec que aix\u00f2 va conv\u00e8ncer tothom. I despr\u00e9s, tot el que implicava la pol\u00edtica d'aliances.<\/p><p style=\"text-align: justify;\"><strong>En quin \u00e0mbit van tenir m\u00e9s dificultats?<\/strong><br \/>En la gesti\u00f3 de l'urbanisme. \u00c9s l\u00f2gic perqu\u00e8 suposa parlar molt de planificaci\u00f3. Hi va haver molt de debat, amb l'Ajuntament de Barcelona i la conselleria, que en aquell moment dirigia Quim Nadal. Per\u00f2 vam tirar endavant. \u00c9s molt important en pol\u00edtica el respecte i fer complir la teva paraula. Totes les forces pol\u00edtiques van aportar elements importants a la llei i per aix\u00f2 crec que tothom se la va fer seva.<\/p><p><strong>Vost\u00e8 deu ser un dial\u00e8ctic dur en la negociaci\u00f3, per\u00f2 quan s'arriba a un acord, \u00e9s un pol\u00edtic que compleix.<\/strong><\/p><table class=\" alignright\" style=\"height: 123px; width: 24.515503875968992%; border-collapse: collapse; border-top-width: 2px; border-top-style: solid; border-color: #000000; margin-left: 20px;\" cellspacing=\"15\" cellpadding=\"2\"><tbody><tr style=\"height: 23px;\"><td style=\"width: 100%; height: 23px; border: 2px solid #000;\"><h4>\u201cL'elecci\u00f3 directa del president o presidenta de l'AMB donaria a la instituci\u00f3 un ADN m\u00e9s partidista.\u201d<\/h4><\/td><\/tr><\/tbody><\/table><p>Prefereixo gestionar un no que gestionar un s\u00ed h\u00edbrid i que, quan surti per la porta, ja me n'hagi oblidat. Aix\u00f2 tamb\u00e9 ho faig en la pol\u00edtica municipal. Tamb\u00e9 a l'\u00c0rea, on cada vegada que he agafat un comprom\u00eds, ho he complert.<\/p><p><strong>Una pregunta sembla obligada: com funciona la cohabitaci\u00f3 amb l'alcaldessa Colau?<\/strong><br \/>Crec que funciona amb una acceptaci\u00f3 m\u00fatua. \u00c9s important acceptar la posici\u00f3 que representem tots dos. A vegades \u00e9s dif\u00edcil fer entendre que a una instituci\u00f3 en qu\u00e8 al PSC li falten dos consellers per tenir la majoria absoluta, no tingui la presid\u00e8ncia el PSC. Per\u00f2 crec que \u00e9s m\u00e9s important explicar el consens institucional. Nosaltres all\u00ed som molt m\u00e9s alcaldes que no pas dirigents de partit. Gestionem interessos molt concrets i comuns.<\/p><p style=\"text-align: justify;\"><strong>Com es pot explicar pedag\u00f2gicament la rellev\u00e0ncia del que representa l'AMB?<\/strong><br \/>Sempre dic que si f\u00e9ssim un v\u00eddeo explicatiu de l'AMB, posar\u00edem una persona aixecant-se al mat\u00ed, obrint una aixeta i veient que no hi ha aigua. Despr\u00e9s surt al carrer i no passen els autobusos. Ning\u00fa ha passat a recollir les escombraries perqu\u00e8 no se sap on portar-les... I aix\u00f2? Doncs aix\u00f2 \u00e9s el que fa l'AMB cada dia de manera invisible i que afecta a la gent en la seva vida quotidiana. Ho fem sense soroll i per aix\u00f2 a vegades sembla que no hi siguem, per\u00f2 som la tercera administraci\u00f3 de Catalunya despr\u00e9s de la Generalitat i l'Ajuntament de Barcelona. Fem pol\u00edtica \u00fatil. Per a mi, la pol\u00edtica ha de donar utilitat i seguretat, el que no est\u00e0 molt de moda.<\/p><p style=\"text-align: justify;\"><strong>El fet que per moltes persones la seva vida sigui cada cop m\u00e9s metropolitana per\u00f2 el sentiment d'identitat continu\u00ef estant vinculat a una ciutat o a un barri, \u00e9s un problema afegit per al projecte metropolit\u00e0?<\/strong><br \/>Crec que no. Sempre faig una comparaci\u00f3. Madrid \u00e9s una \u00e0rea metropolitana integrada nom\u00e9s per un municipi. Barcelona est\u00e0 conformada per 36 municipis. Si Barcelona fos com Madrid, Cornell\u00e0 seria una regidoria de districte, com pot ser Vallecas, i el Prat seria la regidoria de Barajas. El que hem fet tots els alcaldes i alcaldesses en aquests anys no s'hauria fet. Jo seria un regidor de districte sense autonomia ni capacitat de decidir la destinaci\u00f3 dels recursos. Aqu\u00ed hem pogut actuar de tu a tu. Nosaltres necessitem una escala que vagi m\u00e9s enll\u00e0 de l'\u00e0mbit local per\u00f2 alhora actuar de manera propera sobre una societat que en aquests moments est\u00e0 molt fragmentada. S'ha de valorar molt positivament tot el que ha passat en aquest territori de la conurbaci\u00f3 de Barcelona. I donar valor al que hem fet entre tots. Tenim una fragmentaci\u00f3 que m\u00e9s que pol\u00edtica \u00e9s entre generacions i entre or\u00edgens i proced\u00e8ncies. I cal que hi hagi alg\u00fa molt a prop que pugui intervenir sobre la realitat. Jordi Pujol va desmuntar la Corporaci\u00f3 Metropolitana perqu\u00e8 la veia com un contrapoder. L'AMB no ha de ser un contrapoder sin\u00f3 un contrap\u00e8s en positiu que ha d'exercir el paper que li atorguen les lleis i ha de ser un contrap\u00e8s com a lobby en dinamitzaci\u00f3 de l'economia, en infraestructures, en pol\u00edtiques socials. I aqu\u00ed podem trobar un espai ampli de coincid\u00e8ncies interpartidistes.<\/p><p><img class=\"aligncenter wp-image-7665 size-large\" src=\"https:\/\/rethinkbcn.cat\/wp-content\/uploads\/2021\/04\/IMG_7003-1024x768.jpg\" alt=\"\" width=\"1024\" height=\"768\" \/><\/p><p style=\"text-align: justify;\"><strong>Seria partidari que el president de l'AMB fos elegit en una elecci\u00f3 directa?<\/strong><br \/>Sempre he defensat que no. L'AMB t\u00e9 aquesta potencialitat de refor\u00e7 del m\u00f3n local. Si aix\u00f2 no som capa\u00e7os de consensuar-ho els alcaldes, \u00e9s dif\u00edcil que vingui alg\u00fa que ser\u00e0 elegit per algun partit i que pugui manar sobre alguns alcaldes. Aix\u00f2 no va enlloc. L'important \u00e9s assolir grans acords. L'elecci\u00f3 directa del president o presidenta de l'AMB donaria a la instituci\u00f3 un ADN m\u00e9s partidista. I com interlocut\u00f2ria amb el m\u00f3n local? Ara governem quatre partits i no som not\u00edcia. Per qu\u00e8? Perqu\u00e8 hem acordat que hi ha coses que no les hem de discutir. Ja les parlarem en altres espais.<\/p><p style=\"text-align: justify;\"><strong>Entre els principals reptes que exigeixen una mirada metropolitana hi hauria una pol\u00edtica d'habitatge?<\/strong><br \/>\u00c9s de les que necessita una estrat\u00e8gia m\u00e9s mancomunada, s\u00ed. I s'ha d'acompanyar d'una col\u00b7laboraci\u00f3 p\u00fablica-privada. La privada ha d'entrar a treballar amb les administracions p\u00fabliques i alhora ha d'entendre que les seves retribucions potser seran m\u00e9s baixes. El m\u00f3n local no t\u00e9 prou musculatura per assumir tota la pol\u00edtica d'habitatge. I menys per poder pol\u00edtica de lloguer. Pensi que per fer vuitanta habitatges t'has d'endeutar per uns 14 milions d'euros. Quan has fet deu promocions, ja est\u00e0s endeutat per 140 milions d'euros.<\/p><p style=\"text-align: justify;\"><strong>Quina estrat\u00e8gia s'hauria de seguir per consolidar una governan\u00e7a a la regi\u00f3 metropolitana?<\/strong><br \/>L'exist\u00e8ncia institucionalitzada de l'AMB va trigar m\u00e9s de vint anys. Per tant, jo parlaria m\u00e9s de les coses que s'han de fer m\u00e9s que d'una nova instituci\u00f3. Parlem d'infraestructures, per exemple. L'AMB ha de completar les seves infraestructures. Per poder potenciar l'economia del seu territori. Parlem de com reforcem despr\u00e9s de la crisi pand\u00e8mica la pres\u00e8ncia de noves ind\u00fastries i activitats econ\u00f2miques. I demanem als governs de l'Estat i de Catalunya totes les mesures que ajudin a estimular el territori. Parlem de les pol\u00edtiques d'habitatge. Per\u00f2 si comencem a parlar d'una nova instituci\u00f3, no ens en sortirem. Perqu\u00e8 el Govern de la Generalitat es pot preguntar quin paper li queda davant d'una realitat institucional nova que pugui governar m\u00e9s de la meitat de Catalunya. Quan encara no tenim resolt el tema de les vegueries. Dit aix\u00f2, el Govern de Catalunya ha d'entendre que nosaltres, l'AMB, som aliats. Uns aliats a l'hora de concretar el creixement que necessita el nostre territori.<\/p><p style=\"text-align: justify;\"><strong>En els darrers anys, s'ha ent\u00e8s m\u00e9s la realitat metropolitana des del Govern de la Generalitat?<\/strong><br \/>Crec que s\u00ed. \u00c9s una realitat respectada. I tamb\u00e9 des del govern de l'Estat, que ent\u00e9n que per parlar de la realitat del litoral, per exemple, pot parlar amb nosaltres, no cal fer-ho parlant amb un seguit de municipis. El mateix quan s'ha de parlar de l'habitatge o de la mobilitat.<\/p><p style=\"text-align: justify;\"><strong>\u00c9s dif\u00edcil ser una ciutat ve\u00efna a Barcelona? Com ha evolucionat la relaci\u00f3 entre totes dues ciutats els darrers anys?<\/strong><br \/>Crec que ha evolucionat de manera positiva. Nosaltres hem aprofitat molt de tot el que representa i genera implica Barcelona. Si mirem el Baix Llobregat, a inicis de la democr\u00e0cia tenia uns 220.000 habitants. Ara freguem els 900.000. Hi han predominat sempre pol\u00edtiques progressistes i alhora de creixement. \u00c9s un territori trinxat per les infraestructures per\u00f2 nosaltres mai hem recorregut al victimisme. El que hem volgut \u00e9s aprofitar tot el que es passava al territori per retenir-ho i cr\u00e9ixer.<\/p><p style=\"text-align: justify;\"><strong>\u00c9s alcalde des del 2004, gaireb\u00e9 sempre -tret d'un mandat- amb majoria absoluta.<\/strong><br \/>En el mandat que no vam disposar de majoria absoluta, vam tenir m\u00e9s vots que en les anteriors, per\u00f2 es presentaven m\u00e9s partits i ens va costar molt m\u00e9s arribar a la majoria absoluta.<\/p><p style=\"text-align: justify;\"><strong>Una majoria absoluta deu fer m\u00e9s c\u00f2mode la governan\u00e7a. Per\u00f2 com evitar la p\u00e8rdua d'il\u00b7lusi\u00f3 per transformar la realitat?<\/strong><br \/>Per\u00f2 les majories absolutes tamb\u00e9 s\u00f3n necess\u00e0ries. Recordo un cop que vaig anar a A Corunya per parlar de l\u2019\u00e0rea metropolitana. Governava la Marea. I quan est\u00e0vem reunits, tothom deia que enyorava la majoria absoluta. Per\u00f2 no pot servir per imposar el que tu vols. Nosaltres, tant en l'etapa de Jos\u00e9 Montilla com amb la meva, sempre hem pactat amb altres forces pol\u00edtiques. Quan jo vaig entrar d'alcalde, vaig incorporar Converg\u00e8ncia al govern. I a Iniciativa. Ara tenim l'absoluta i En Com\u00fa Podem \u00e9s al govern. I participen en totes les reunions estrat\u00e8giques. Per qu\u00e8? Per evitar en l'autosatisfacci\u00f3 i tamb\u00e9 per ampliar la nostra pol\u00edtica de ciutat. I en cada pressupost hem pactat. Les darreres municipals van coincidir amb les europees. Hi havia dues urnes. A l'europea, el PSC va obtenir 14.000 vots i en la municipal m\u00e9s de 18.000. I hem escoltat sempre moltes veus. Jo he anat a la inauguraci\u00f3 d'una nova secci\u00f3 d'\u00d2mnium Cultural a Cornell\u00e0 i hi he parlat. Perqu\u00e8 hi havia gent de la ciutat que jo respecto.<\/p><p style=\"text-align: justify;\"><strong>Si hagu\u00e9s de dir un projecte del que se sent m\u00e9s orgull\u00f3s com a alcalde, quin seria? I quin \u00e9s el repte que encara no ha pogut assolir?<\/strong><br \/>D'un projecte del que em sento molt orgull\u00f3s \u00e9s de la Ciutat de la Lectura. Quan vaig entrar com a alcalde, ten\u00edem una biblioteca de 2.000 metres quadrats, a finals d'any disposarem de cinc biblioteques. Hem tingut regidors dedicats espec\u00edficament a aquest projecte. He presentat m\u00e9s de 400 llibres d'autors de la ciutat. Hem creat espais per estudiar i conversar. Ho sento com una bona petjada. Ara les biblioteques tenen m\u00e9s funcions que les que tenien abans. Dues de les noves biblioteques obriran 24 hores els 365 dies de l'any. I aix\u00f2 donar\u00e0 lloc a un altre projecte, que \u00e9s l'Escola d'Humanitats. I fracassat no, per\u00f2 sobre el que encara no hem aconseguit diria que en pol\u00edtiques d'igualtat. Explico un cas. Si no hi hagu\u00e9s hagut la pand\u00e8mia, per la festa major de l'any passat, ten\u00edem previst un servei d'autob\u00fas nocturn per a les noies de la ciutat. Jo tinc filles i per uns pares \u00e9s dur de pensar que poden estar pendents de per quin carrer han o no han de passar. \u00c9s el frac\u00e0s d'una societat.<\/p><p>[\/et_pb_text][et_pb_text disabled_on=\"off|off|on\" admin_label=\"Text entrada tablet i m\u00f2bil\" _builder_version=\"4.9.0\" _module_preset=\"default\" text_font=\"Averta Light||||||||\" header_font=\"Averta regular||||||||\" header_font_size=\"36px\" header_4_font=\"Averta regular||||||||\" header_4_line_height=\"1.2em\" hover_enabled=\"0\" header_font_size_tablet=\"30px\" header_font_size_phone=\"24px\" header_font_size_last_edited=\"on|phone\" sticky_enabled=\"0\"]<\/p><p><strong>per Pep Mart\u00ed<\/strong><\/p><p style=\"text-align: justify;\">Amb disset anys al davant de l'alcaldia de Cornell\u00e0, a Antoni Balm\u00f3n li ha tocat gestionar crisis d'embalum des de la instituci\u00f3 m\u00e9s propera als ciutadans. Com a vicepresident executiu de l'\u00c0rea Metropolitana de Barcelona (AMB), contempla la realitat pol\u00edtica i social amb la mirada que dona una traject\u00f2ria llarga i acostumada a negociacions dif\u00edcils, com la que va donar lloc a l'aprovaci\u00f3, l'any 2010, de la llei de creaci\u00f3 de l'AMB. En aquesta entrevista ens parla de Cornell\u00e0, de la seva visi\u00f3 metropolitana i de la necessitat de preservar el valor d ela institucionalitzat per damunt de les sigles de partit.<\/p><p style=\"text-align: justify;\"><strong>Aquest 25 d'abril complir\u00e0 disset anys com a alcalde de Cornell\u00e0. Li ha tocat entomar dues grans crisis, la del 2008 i, ara, la crisi pand\u00e8mica. Com ho ha viscut la ciutat?<\/strong><br \/>La crisi econ\u00f2mica del 2008 ens va agafar preparats. Era la primera vegada que ens trob\u00e0vem amb un poder p\u00fablic proper, com \u00e9s l'Ajuntament, amb recursos i amb possibilitats de poder afrontar l'embat. Vam ser el primer ajuntament de Catalunya, no s\u00e9 si tamb\u00e9 d'Espanya per\u00f2 de Catalunya segur, que vam posar en marxa un gran acord contra la crisi, sempre de la m\u00e0 de la xarxa d'entitats de la ciutat. I tamb\u00e9 el primer que va engegar un fons de conting\u00e8ncia. Del que no \u00e9rem conscients era que aix\u00f2 duraria gaireb\u00e9 una d\u00e8cada. I vam comen\u00e7ar molts mecanismes que es van consolidar sense perjudicar el creixement de la ciutat. Era una crisi immobili\u00e0ria, monet\u00e0ria, financera. No ens hi hav\u00edem enfrontat mai. Tamb\u00e9 vam saber aprofitar les oportunitats que ens donava el Pla Zapatero per entomar la crisi social.<\/p><p style=\"text-align: justify;\"><strong>Ara ha estat diferent?<\/strong><br \/>La crisi pand\u00e8mica ens ha enganxat en una situaci\u00f3 totalment diferent. Aquest havia de ser un mandat expansiu, de sortida de la crisi. Ten\u00edem unes bases consolidades. Per\u00f2 la pand\u00e8mia ho ha alterat tot i vam haver de donar-hi resposta. El 14 de mar\u00e7 es declarava l'estat d'alarma i al cap de dos dies est\u00e0vem atenent totes les persones de Cornell\u00e0 que ten\u00edem contactades i necessitaven satisfer les necessitats b\u00e0siques. Al cap de cinc dies ja ten\u00edem un servei engegat per donar resposta a la gent que requeria un ingr\u00e9s o un recurs alimentari.<\/p><p style=\"text-align: justify;\"><strong>I aix\u00f2 es va poder assumir?<\/strong><br \/>Es va poder assumir clarament. Vam crear un instrument paral\u00b7lel a l'administraci\u00f3 per evitar el procediment m\u00e9s lent i fiscalitzador propi de l'administraci\u00f3, i va funcionar. Fins i tot vam detectar 300 persones que viuen soles que no ten\u00edem en les nostres bases, i algunes altres coses que no ens agradaven de la ciutat. Vam demostrar la capacitat de donar cada dia 10.000 dinars a persones sense recursos si era necessari.<br \/>Afrontar una crisi com aquesta des d'una alcaldia \u00e9s molt diferent que fer-ho des d'un govern. Vost\u00e8s no disposen dels estris d'un executiu amb poder legislatiu.<br \/>No tenim aquests estris, per\u00f2 la pol\u00edtica local t\u00e9 aix\u00f2, la capacitat de donar una resposta r\u00e0pida a situacions excepcionals. Per\u00f2 fa un any, vam decidir deixar de gastar 12 milions d'euros, gaireb\u00e9 un 10% del pressupost, i amb aquest estalvi poder assumir una despesa que no ten\u00edem prevista i que era incerta perqu\u00e8 no sab\u00edem qu\u00e8 significaria quant a plans d'ocupaci\u00f3, o refor\u00e7 alimentari. Per\u00f2 gr\u00e0cies a aquesta decisi\u00f3 hem pogut liquidar el pressupost amb un d\u00e8ficit de 4 milions d'euros, que ens permet estalviar per poder actuar en els anys 2021-22. Si no, ens hagu\u00e9ssim trobat amb un d\u00e8ficit superior que ens podria haver escanyat.<\/p><p style=\"text-align: justify;\"><strong>Totes aquestes situacions requereixen una mirada m\u00e9s enll\u00e0 d'una ciutat. \u00c9s vicepresident executiu de l'AMB, que presideix l'alcaldessa de Barcelona. La pol\u00edtica fa estranys companys de llit. En l'entrevista que vam fer a l'ex alcalde Xavier Trias, ens va elogiar molt la feina feta per vost\u00e8 per fer realitat l'actual AMB. S'hi va entendre b\u00e9 amb Trias?<\/strong><br \/>Jo crec que la pol\u00edtica, i m\u00e9s encara en l'\u00e0rea metropolitana, ha de ser tamb\u00e9 un espai de consens. L'AMB \u00e9s una instituci\u00f3 que intenta sempre fugir del partidisme. Aix\u00f2 a vegades no s'ent\u00e9n b\u00e9. All\u00ed estem gestionant molts interessos del dia a dia de la ciutadania. Crec que amb Xavier Trias, i tamb\u00e9 Llu\u00eds Tejedor, Jordi Portabella i Alberto Fern\u00e1ndez, vam tenir l'oportunitat de demostrar que l'AMB era una instituci\u00f3 que no era l'espai d'un partit. D'un reconeixement mutu que vol\u00edem tots va sorgir una bona base per preparar la llei de creaci\u00f3 de l'\u00c0rea Metropolitana del 2010. Una llei que, cal recordar, es va aprovar l'\u00faltim minut i per unanimitat.<\/p><p><img class=\"aligncenter wp-image-7669 size-large\" src=\"https:\/\/rethinkbcn.cat\/wp-content\/uploads\/2021\/04\/IMG_7006-1024x768.jpg\" alt=\"\" width=\"1024\" height=\"768\" \/><\/p><p style=\"text-align: justify;\"><strong>Vost\u00e8 s'hi va esmer\u00e7ar.<\/strong><br \/>Sempre explico que vaig estar un any i mig voltant i parlant absolutament amb tothom. Volia conv\u00e8ncer que intent\u00e0vem construir una cosa que no s'havia assolit mai abans: agafar quatre administracions i fusionar-les en una. Amb aix\u00f2 el que f\u00e8iem era reduir despeses i crear unes potencialitats de gesti\u00f3 molt m\u00e9s fortes. Crec que aix\u00f2 va conv\u00e8ncer tothom. I despr\u00e9s, tot el que implicava la pol\u00edtica d'aliances.<\/p><p style=\"text-align: justify;\"><strong>En quin \u00e0mbit van tenir m\u00e9s dificultats?<\/strong><br \/>En la gesti\u00f3 de l'urbanisme. \u00c9s l\u00f2gic perqu\u00e8 suposa parlar molt de planificaci\u00f3. Hi va haver molt de debat, amb l'Ajuntament de Barcelona i la conselleria, que en aquell moment dirigia Quim Nadal. Per\u00f2 vam tirar endavant. \u00c9s molt important en pol\u00edtica el respecte i fer complir la teva paraula. Totes les forces pol\u00edtiques van aportar elements importants a la llei i per aix\u00f2 crec que tothom se la va fer seva.<\/p><p><strong>Vost\u00e8 deu ser un dial\u00e8ctic dur en la negociaci\u00f3, per\u00f2 quan s'arriba a un acord, \u00e9s un pol\u00edtic que compleix.<\/strong><br \/>Prefereixo gestionar un no que gestionar un s\u00ed h\u00edbrid i que, quan surti per la porta, ja me n'hagi oblidat. Aix\u00f2 tamb\u00e9 ho faig en la pol\u00edtica municipal. Tamb\u00e9 a l'\u00c0rea, on cada vegada que he agafat un comprom\u00eds, ho he complert.<\/p><table class=\" alignright\" style=\"height: 104px; width: 99.9054%; border-collapse: collapse; border-top: 2px solid #000000; border-right-color: #000000; border-bottom-color: #000000; border-left-color: #000000; margin-left: 20px;\" cellspacing=\"15\" cellpadding=\"2\"><tbody><tr style=\"height: 23px;\"><td style=\"width: 100%; height: 23px; border: 2px solid #000;\"><h4 style=\"text-align: center;\">\u201cL'elecci\u00f3 directa del president o presidenta de l'AMB donaria a la instituci\u00f3 un ADN m\u00e9s partidista.\u201d<\/h4><\/td><\/tr><\/tbody><\/table><p>\u00a0<\/p><p>\u00a0<\/p><p>\u00a0<\/p><p><strong>Una pregunta sembla obligada: com funciona la cohabitaci\u00f3 amb l'alcaldessa Colau?<\/strong><br \/>Crec que funciona amb una acceptaci\u00f3 m\u00fatua. \u00c9s important acceptar la posici\u00f3 que representem tots dos. A vegades \u00e9s dif\u00edcil fer entendre que a una instituci\u00f3 en qu\u00e8 al PSC li falten dos consellers per tenir la majoria absoluta, no tingui la presid\u00e8ncia el PSC. Per\u00f2 crec que \u00e9s m\u00e9s important explicar el consens institucional. Nosaltres all\u00ed som molt m\u00e9s alcaldes que no pas dirigents de partit. Gestionem interessos molt concrets i comuns.<\/p><p style=\"text-align: justify;\"><strong>Com es pot explicar pedag\u00f2gicament la rellev\u00e0ncia del que representa l'AMB?<\/strong><br \/>Sempre dic que si f\u00e9ssim un v\u00eddeo explicatiu de l'AMB, posar\u00edem una persona aixecant-se al mat\u00ed, obrint una aixeta i veient que no hi ha aigua. Despr\u00e9s surt al carrer i no passen els autobusos. Ning\u00fa ha passat a recollir les escombraries perqu\u00e8 no se sap on portar-les... I aix\u00f2? Doncs aix\u00f2 \u00e9s el que fa l'AMB cada dia de manera invisible i que afecta a la gent en la seva vida quotidiana. Ho fem sense soroll i per aix\u00f2 a vegades sembla que no hi siguem, per\u00f2 som la tercera administraci\u00f3 de Catalunya despr\u00e9s de la Generalitat i l'Ajuntament de Barcelona. Fem pol\u00edtica \u00fatil. Per a mi, la pol\u00edtica ha de donar utilitat i seguretat, el que no est\u00e0 molt de moda.<\/p><p style=\"text-align: justify;\"><strong>El fet que per moltes persones la seva vida sigui cada cop m\u00e9s metropolitana per\u00f2 el sentiment d'identitat continu\u00ef estant vinculat a una ciutat o a un barri, \u00e9s un problema afegit per al projecte metropolit\u00e0?<\/strong><br \/>Crec que no. Sempre faig una comparaci\u00f3. Madrid \u00e9s una \u00e0rea metropolitana integrada nom\u00e9s per un municipi. Barcelona est\u00e0 conformada per 36 municipis. Si Barcelona fos com Madrid, Cornell\u00e0 seria una regidoria de districte, com pot ser Vallecas, i el Prat seria la regidoria de Barajas. El que hem fet tots els alcaldes i alcaldesses en aquests anys no s'hauria fet. Jo seria un regidor de districte sense autonomia ni capacitat de decidir la destinaci\u00f3 dels recursos. Aqu\u00ed hem pogut actuar de tu a tu. Nosaltres necessitem una escala que vagi m\u00e9s enll\u00e0 de l'\u00e0mbit local per\u00f2 alhora actuar de manera propera sobre una societat que en aquests moments est\u00e0 molt fragmentada. S'ha de valorar molt positivament tot el que ha passat en aquest territori de la conurbaci\u00f3 de Barcelona. I donar valor al que hem fet entre tots. Tenim una fragmentaci\u00f3 que m\u00e9s que pol\u00edtica \u00e9s entre generacions i entre or\u00edgens i proced\u00e8ncies. I cal que hi hagi alg\u00fa molt a prop que pugui intervenir sobre la realitat. Jordi Pujol va desmuntar la Corporaci\u00f3 Metropolitana perqu\u00e8 la veia com un contrapoder. L'AMB no ha de ser un contrapoder sin\u00f3 un contrap\u00e8s en positiu que ha d'exercir el paper que li atorguen les lleis i ha de ser un contrap\u00e8s com a lobby en dinamitzaci\u00f3 de l'economia, en infraestructures, en pol\u00edtiques socials. I aqu\u00ed podem trobar un espai ampli de coincid\u00e8ncies interpartidistes.<\/p><p><img class=\"aligncenter wp-image-7667 size-large\" src=\"https:\/\/rethinkbcn.cat\/wp-content\/uploads\/2021\/04\/IMG_7004-1024x768.jpg\" alt=\"\" width=\"1024\" height=\"768\" \/><\/p><p style=\"text-align: justify;\"><strong>Seria partidari que el president de l'AMB fos elegit en una elecci\u00f3 directa?<\/strong><br \/>Sempre he defensat que no. L'AMB t\u00e9 aquesta potencialitat de refor\u00e7 del m\u00f3n local. Si aix\u00f2 no som capa\u00e7os de consensuar-ho els alcaldes, \u00e9s dif\u00edcil que vingui alg\u00fa que ser\u00e0 elegit per algun partit i que pugui manar sobre alguns alcaldes. Aix\u00f2 no va enlloc. L'important \u00e9s assolir grans acords. L'elecci\u00f3 directa del president o presidenta de l'AMB donaria a la instituci\u00f3 un ADN m\u00e9s partidista. I com interlocut\u00f2ria amb el m\u00f3n local? Ara governem quatre partits i no som not\u00edcia. Per qu\u00e8? Perqu\u00e8 hem acordat que hi ha coses que no les hem de discutir. Ja les parlarem en altres espais.<\/p><p style=\"text-align: justify;\"><strong>Entre els principals reptes que exigeixen una mirada metropolitana hi hauria una pol\u00edtica d'habitatge?<\/strong><br \/>\u00c9s de les que necessita una estrat\u00e8gia m\u00e9s mancomunada, s\u00ed. I s'ha d'acompanyar d'una col\u00b7laboraci\u00f3 p\u00fablica-privada. La privada ha d'entrar a treballar amb les administracions p\u00fabliques i alhora ha d'entendre que les seves retribucions potser seran m\u00e9s baixes. El m\u00f3n local no t\u00e9 prou musculatura per assumir tota la pol\u00edtica d'habitatge. I menys per poder pol\u00edtica de lloguer. Pensi que per fer vuitanta habitatges t'has d'endeutar per uns 14 milions d'euros. Quan has fet deu promocions, ja est\u00e0s endeutat per 140 milions d'euros.<\/p><p style=\"text-align: justify;\"><strong>Quina estrat\u00e8gia s'hauria de seguir per consolidar una governan\u00e7a a la regi\u00f3 metropolitana?<\/strong><br \/>L'exist\u00e8ncia institucionalitzada de l'AMB va trigar m\u00e9s de vint anys. Per tant, jo parlaria m\u00e9s de les coses que s'han de fer m\u00e9s que d'una nova instituci\u00f3. Parlem d'infraestructures, per exemple. L'AMB ha de completar les seves infraestructures. Per poder potenciar l'economia del seu territori. Parlem de com reforcem despr\u00e9s de la crisi pand\u00e8mica la pres\u00e8ncia de noves ind\u00fastries i activitats econ\u00f2miques. I demanem als governs de l'Estat i de Catalunya totes les mesures que ajudin a estimular el territori. Parlem de les pol\u00edtiques d'habitatge. Per\u00f2 si comencem a parlar d'una nova instituci\u00f3, no ens en sortirem. Perqu\u00e8 el Govern de la Generalitat es pot preguntar quin paper li queda davant d'una realitat institucional nova que pugui governar m\u00e9s de la meitat de Catalunya. Quan encara no tenim resolt el tema de les vegueries. Dit aix\u00f2, el Govern de Catalunya ha d'entendre que nosaltres, l'AMB, som aliats. Uns aliats a l'hora de concretar el creixement que necessita el nostre territori.<\/p><p style=\"text-align: justify;\"><strong>En els darrers anys, s'ha ent\u00e8s m\u00e9s la realitat metropolitana des del Govern de la Generalitat?<\/strong><br \/>Crec que s\u00ed. \u00c9s una realitat respectada. I tamb\u00e9 des del govern de l'Estat, que ent\u00e9n que per parlar de la realitat del litoral, per exemple, pot parlar amb nosaltres, no cal fer-ho parlant amb un seguit de municipis. El mateix quan s'ha de parlar de l'habitatge o de la mobilitat.<\/p><p style=\"text-align: justify;\"><strong>\u00c9s dif\u00edcil ser una ciutat ve\u00efna a Barcelona? Com ha evolucionat la relaci\u00f3 entre totes dues ciutats els darrers anys?<\/strong><br \/>Crec que ha evolucionat de manera positiva. Nosaltres hem aprofitat molt de tot el que representa i genera implica Barcelona. Si mirem el Baix Llobregat, a inicis de la democr\u00e0cia tenia uns 220.000 habitants. Ara freguem els 900.000. Hi han predominat sempre pol\u00edtiques progressistes i alhora de creixement. \u00c9s un territori trinxat per les infraestructures per\u00f2 nosaltres mai hem recorregut al victimisme. El que hem volgut \u00e9s aprofitar tot el que es passava al territori per retenir-ho i cr\u00e9ixer.<\/p><p style=\"text-align: justify;\"><strong>\u00c9s alcalde des del 2004, gaireb\u00e9 sempre -tret d'un mandat- amb majoria absoluta.<\/strong><br \/>En el mandat que no vam disposar de majoria absoluta, vam tenir m\u00e9s vots que en les anteriors, per\u00f2 es presentaven m\u00e9s partits i ens va costar molt m\u00e9s arribar a la majoria absoluta.<\/p><p style=\"text-align: justify;\"><strong>Una majoria absoluta deu fer m\u00e9s c\u00f2mode la governan\u00e7a. Per\u00f2 com evitar la p\u00e8rdua d'il\u00b7lusi\u00f3 per transformar la realitat?<\/strong><br \/>Per\u00f2 les majories absolutes tamb\u00e9 s\u00f3n necess\u00e0ries. Recordo un cop que vaig anar a A Corunya per parlar de l\u2019\u00e0rea metropolitana. Governava la Marea. I quan est\u00e0vem reunits, tothom deia que enyorava la majoria absoluta. Per\u00f2 no pot servir per imposar el que tu vols. Nosaltres, tant en l'etapa de Jos\u00e9 Montilla com amb la meva, sempre hem pactat amb altres forces pol\u00edtiques. Quan jo vaig entrar d'alcalde, vaig incorporar Converg\u00e8ncia al govern. I a Iniciativa. Ara tenim l'absoluta i En Com\u00fa Podem \u00e9s al govern. I participen en totes les reunions estrat\u00e8giques. Per qu\u00e8? Per evitar en l'autosatisfacci\u00f3 i tamb\u00e9 per ampliar la nostra pol\u00edtica de ciutat. I en cada pressupost hem pactat. Les darreres municipals van coincidir amb les europees. Hi havia dues urnes. A l'europea, el PSC va obtenir 14.000 vots i en la municipal m\u00e9s de 18.000. I hem escoltat sempre moltes veus. Jo he anat a la inauguraci\u00f3 d'una nova secci\u00f3 d'\u00d2mnium Cultural a Cornell\u00e0 i hi he parlat. Perqu\u00e8 hi havia gent de la ciutat que jo respecto.<\/p><p style=\"text-align: justify;\"><strong>Si hagu\u00e9s de dir un projecte del que se sent m\u00e9s orgull\u00f3s com a alcalde, quin seria? I quin \u00e9s el repte que encara no ha pogut assolir?<\/strong><br \/>D'un projecte del que em sento molt orgull\u00f3s \u00e9s de la Ciutat de la Lectura. Quan vaig entrar com a alcalde, ten\u00edem una biblioteca de 2.000 metres quadrats, a finals d'any disposarem de cinc biblioteques. Hem tingut regidors dedicats espec\u00edficament a aquest projecte. He presentat m\u00e9s de 400 llibres d'autors de la ciutat. Hem creat espais per estudiar i conversar. Ho sento com una bona petjada. Ara les biblioteques tenen m\u00e9s funcions que les que tenien abans. Dues de les noves biblioteques obriran 24 hores els 365 dies de l'any. I aix\u00f2 donar\u00e0 lloc a un altre projecte, que \u00e9s l'Escola d'Humanitats. I fracassat no, per\u00f2 sobre el que encara no hem aconseguit diria que en pol\u00edtiques d'igualtat. Explico un cas. Si no hi hagu\u00e9s hagut la pand\u00e8mia, per la festa major de l'any passat, ten\u00edem previst un servei d'autob\u00fas nocturn per a les noies de la ciutat. Jo tinc filles i per uns pares \u00e9s dur de pensar que poden estar pendents de per quin carrer han o no han de passar. \u00c9s el frac\u00e0s d'una societat.<\/p><p>[\/et_pb_text][et_pb_text admin_label=\"Share \" _builder_version=\"4.8.2\" _module_preset=\"default\" width=\"26%\" module_alignment=\"left\" module_alignment_tablet=\"left\" module_alignment_phone=\"left\" module_alignment_last_edited=\"on|phone\" border_width_all=\"0px\"]<\/p><table style=\"border-collapse: collapse; width: 0%; height: 22px; border-color: #000000; border: 2px solid;\"><tbody><tr style=\"height: 22px;\"><td style=\"width: 11.5332%; height: 22px;\">share:<\/td><td style=\"width: 88.4667%; text-align: justify; vertical-align: middle; height: 22px;\">[DISPLAY_ULTIMATE_SOCIAL_ICONS]<\/td><\/tr><\/tbody><\/table><p>\u00a0<\/p><p>[\/et_pb_text][\/et_pb_column][\/et_pb_row][\/et_pb_section][et_pb_section fb_built=\"1\" fullwidth=\"on\" _builder_version=\"4.8.2\" _module_preset=\"default\" da_disable_devices=\"off|off|off\" border_width_bottom=\"2px\" da_is_popup=\"off\" da_exit_intent=\"off\" da_has_close=\"on\" da_alt_close=\"off\" da_dark_close=\"off\" da_not_modal=\"on\" da_is_singular=\"off\" da_with_loader=\"off\" da_has_shadow=\"on\"][et_pb_fullwidth_code admin_label=\"Ratlla horitzontal\" _builder_version=\"4.8.2\" _module_preset=\"default\"][\/et_pb_fullwidth_code][\/et_pb_section][et_pb_section fb_built=\"1\" _builder_version=\"4.8.2\" _module_preset=\"default\" custom_margin=\"||-30px||false|false\" custom_margin_tablet=\"||-90px||false|false\" custom_margin_phone=\"||-80px||false|false\" custom_margin_last_edited=\"on|phone\" da_disable_devices=\"off|off|off\" da_is_popup=\"off\" da_exit_intent=\"off\" da_has_close=\"on\" da_alt_close=\"off\" da_dark_close=\"off\" da_not_modal=\"on\" da_is_singular=\"off\" da_with_loader=\"off\" da_has_shadow=\"on\"][et_pb_row _builder_version=\"4.8.2\" _module_preset=\"default\"][et_pb_column type=\"4_4\" _builder_version=\"4.8.2\" _module_preset=\"default\"][et_pb_text admin_label=\"Altres articles\" _builder_version=\"4.9.0\" _module_preset=\"default\"]<\/p><h3>ALTRES ARTICLES<\/h3><p>[yarpp]<\/p><p>[\/et_pb_text][\/et_pb_column][\/et_pb_row][\/et_pb_section][et_pb_section fb_built=\"1\" fullwidth=\"on\" disabled_on=\"on|on|on\" _builder_version=\"4.8.2\" _module_preset=\"default\" custom_margin_tablet=\"-70px||||false|false\" custom_margin_phone=\"\" custom_margin_last_edited=\"on|tablet\" da_disable_devices=\"off|off|off\" border_width_bottom=\"2px\" disabled=\"on\" da_is_popup=\"off\" da_exit_intent=\"off\" da_has_close=\"on\" da_alt_close=\"off\" da_dark_close=\"off\" da_not_modal=\"on\" da_is_singular=\"off\" da_with_loader=\"off\" da_has_shadow=\"on\"][et_pb_fullwidth_code admin_label=\"Ratlla horitzontal\" _builder_version=\"4.8.2\" _module_preset=\"default\"][\/et_pb_fullwidth_code][\/et_pb_section][et_pb_section fb_built=\"1\" disabled_on=\"on|on|on\" _builder_version=\"4.8.2\" _module_preset=\"default\" da_disable_devices=\"off|off|off\" disabled=\"on\" da_is_popup=\"off\" da_exit_intent=\"off\" da_has_close=\"on\" da_alt_close=\"off\" da_dark_close=\"off\" da_not_modal=\"on\" da_is_singular=\"off\" da_with_loader=\"off\" da_has_shadow=\"on\"][et_pb_row _builder_version=\"4.8.2\" _module_preset=\"default\"][et_pb_column type=\"4_4\" _builder_version=\"4.8.2\" _module_preset=\"default\"][et_pb_text admin_label=\"Text %22Veure tots els cicles%22\" _builder_version=\"4.8.2\" _module_preset=\"default\"]<\/p><h3>VEURE TOTS ELS CICLES<\/h3><p>[\/et_pb_text][\/et_pb_column][\/et_pb_row][et_pb_row column_structure=\"1_3,1_3,1_3\" disabled_on=\"off|on|off\" _builder_version=\"4.8.2\" _module_preset=\"default\" width_tablet=\"50%\" width_phone=\"70%\" width_last_edited=\"on|phone\" module_alignment=\"center\"][et_pb_column type=\"1_3\" _builder_version=\"4.8.2\" _module_preset=\"default\"][et_pb_image src=\"https:\/\/rethinkbcn.cat\/wp-content\/uploads\/2021\/02\/caixa-1b.jpg\" title_text=\"caixa-1b\" url=\"\/category\/cicle-1\/\" align=\"center\" admin_label=\"Cicles per escriptori i m\u00f2bil\" _builder_version=\"4.8.2\" _module_preset=\"default\" module_alignment=\"center\"][\/et_pb_image][\/et_pb_column][et_pb_column type=\"1_3\" _builder_version=\"4.8.2\" _module_preset=\"default\"][et_pb_image src=\"https:\/\/rethinkbcn.cat\/wp-content\/uploads\/2021\/02\/caixa-2b.jpg\" title_text=\"caixa-2b\" align=\"center\" _builder_version=\"4.8.2\" _module_preset=\"default\"][\/et_pb_image][\/et_pb_column][et_pb_column type=\"1_3\" _builder_version=\"4.8.2\" _module_preset=\"default\"][et_pb_image src=\"https:\/\/rethinkbcn.cat\/wp-content\/uploads\/2021\/02\/caixa-3b.jpg\" title_text=\"caixa-3b\" align=\"center\" _builder_version=\"4.8.2\" _module_preset=\"default\"][\/et_pb_image][\/et_pb_column][\/et_pb_row][et_pb_row column_structure=\"1_3,1_3,1_3\" disabled_on=\"on|off|on\" _builder_version=\"4.8.2\" _module_preset=\"default\" width=\"100%\" width_tablet=\"90%\" width_phone=\"70%\" width_last_edited=\"on|tablet\" module_alignment=\"center\" custom_margin=\"||-20px||false|false\"][et_pb_column type=\"1_3\" _builder_version=\"4.8.2\" _module_preset=\"default\" custom_css_main_element=\"width: 33%!important;\"][et_pb_image src=\"https:\/\/rethinkbcn.cat\/wp-content\/uploads\/2021\/02\/caixa-1b.jpg\" title_text=\"caixa-1b\" url=\"\/category\/cicle-1\/\" align=\"center\" admin_label=\"Cicles per a tablet\" _builder_version=\"4.8.2\" _module_preset=\"default\" module_alignment=\"center\"][\/et_pb_image][\/et_pb_column][et_pb_column type=\"1_3\" _builder_version=\"4.8.2\" _module_preset=\"default\" custom_css_main_element=\"width: 33%!important;\"][et_pb_image src=\"https:\/\/rethinkbcn.cat\/wp-content\/uploads\/2021\/02\/caixa-2b.jpg\" title_text=\"caixa-2b\" align=\"center\" _builder_version=\"4.8.2\" _module_preset=\"default\"][\/et_pb_image][\/et_pb_column][et_pb_column type=\"1_3\" _builder_version=\"4.8.2\" _module_preset=\"default\" custom_css_main_element=\"width: 33%!important;\"][et_pb_image src=\"https:\/\/rethinkbcn.cat\/wp-content\/uploads\/2021\/02\/caixa-3b.jpg\" title_text=\"caixa-3b\" align=\"center\" _builder_version=\"4.8.2\" _module_preset=\"default\"][\/et_pb_image][\/et_pb_column][\/et_pb_row][\/et_pb_section]<\/p>","_et_gb_content_width":""},"categories":[88],"tags":[74,77],"_links":{"self":[{"href":"https:\/\/rethinkbcn.cat\/es\/wp-json\/wp\/v2\/posts\/7675"}],"collection":[{"href":"https:\/\/rethinkbcn.cat\/es\/wp-json\/wp\/v2\/posts"}],"about":[{"href":"https:\/\/rethinkbcn.cat\/es\/wp-json\/wp\/v2\/types\/post"}],"author":[{"embeddable":true,"href":"https:\/\/rethinkbcn.cat\/es\/wp-json\/wp\/v2\/users\/3"}],"replies":[{"embeddable":true,"href":"https:\/\/rethinkbcn.cat\/es\/wp-json\/wp\/v2\/comments?post=7675"}],"version-history":[{"count":19,"href":"https:\/\/rethinkbcn.cat\/es\/wp-json\/wp\/v2\/posts\/7675\/revisions"}],"predecessor-version":[{"id":7906,"href":"https:\/\/rethinkbcn.cat\/es\/wp-json\/wp\/v2\/posts\/7675\/revisions\/7906"}],"wp:featuredmedia":[{"embeddable":true,"href":"https:\/\/rethinkbcn.cat\/es\/wp-json\/wp\/v2\/media\/4848"}],"wp:attachment":[{"href":"https:\/\/rethinkbcn.cat\/es\/wp-json\/wp\/v2\/media?parent=7675"}],"wp:term":[{"taxonomy":"category","embeddable":true,"href":"https:\/\/rethinkbcn.cat\/es\/wp-json\/wp\/v2\/categories?post=7675"},{"taxonomy":"post_tag","embeddable":true,"href":"https:\/\/rethinkbcn.cat\/es\/wp-json\/wp\/v2\/tags?post=7675"}],"curies":[{"name":"wp","href":"https:\/\/api.w.org\/{rel}","templated":true}]}}