{"id":7055,"date":"2021-03-21T20:30:34","date_gmt":"2021-03-21T19:30:34","guid":{"rendered":"https:\/\/rethinkbcn.cat\/?p=7055"},"modified":"2021-03-22T10:05:38","modified_gmt":"2021-03-22T09:05:38","slug":"emmariverolaunacasasinrejas","status":"publish","type":"post","link":"https:\/\/rethinkbcn.cat\/es\/emmariverolaunacasasinrejas\/","title":{"rendered":"EMMA RIVEROLA: UNA CASA SIN REJAS"},"content":{"rendered":"<p>[et_pb_section fb_built=\u00bb1&#8243; disabled_on=\u00bboff|off|off\u00bb _builder_version=\u00bb4.8.2&#8243; _module_preset=\u00bbdefault\u00bb custom_margin=\u00bb||||false|false\u00bb da_disable_devices=\u00bboff|off|off\u00bb da_is_popup=\u00bboff\u00bb da_exit_intent=\u00bboff\u00bb da_has_close=\u00bbon\u00bb da_alt_close=\u00bboff\u00bb da_dark_close=\u00bboff\u00bb da_not_modal=\u00bbon\u00bb da_is_singular=\u00bboff\u00bb da_with_loader=\u00bboff\u00bb da_has_shadow=\u00bbon\u00bb][et_pb_row _builder_version=\u00bb4.8.1&#8243; _module_preset=\u00bbdefault\u00bb][et_pb_column type=\u00bb4_4&#8243; _builder_version=\u00bb4.8.1&#8243; _module_preset=\u00bbdefault\u00bb][et_pb_text admin_label=\u00bbTitular entrada\u00bb _builder_version=\u00bb4.9.0&#8243; _module_preset=\u00bbdefault\u00bb text_font=\u00bbAverta Light||||||||\u00bb header_font=\u00bbAverta Bold||||||||\u00bb header_font_size=\u00bb36px\u00bb header_4_font=\u00bbAverta regular||||||||\u00bb header_4_font_size=\u00bb20px\u00bb header_4_line_height=\u00bb1.6em\u00bb header_5_line_height=\u00bb1.6em\u00bb header_6_font=\u00bbAverta regular||||||||\u00bb header_6_font_size=\u00bb16px\u00bb header_6_line_height=\u00bb1.2em\u00bb header_font_size_tablet=\u00bb30px\u00bb header_font_size_phone=\u00bb24px\u00bb header_font_size_last_edited=\u00bbon|phone\u00bb header_6_font_size_tablet=\u00bb\u00bb header_6_font_size_phone=\u00bb16px\u00bb header_6_font_size_last_edited=\u00bbon|phone\u00bb]<\/p>\n<h1 style=\"text-align: center;\">UNA CASA SIN REJAS<\/h1>\n<h6 style=\"text-align: center;\"><span lang=\"CA\">La transformaci\u00f3n es inevitable. Desde el pensamiento, la creatividad, el reconocimiento y los espacios compartidos puede construirse una nueva gran Barcelona que exceda sus t\u00e9rminos, los l\u00edmites del conformismo. <\/span><\/h6>\n<p>[\/et_pb_text][et_pb_image src=\u00bbhttps:\/\/rethink.mtconsulting.es\/wp-content\/uploads\/2021\/01\/1300_prova-tamany-22cm-ample_200-DPI-scaled.jpg\u00bb title_text=\u00bbObrim di\u00e0legs\u00bb admin_label=\u00bbImatge entrada\u00bb _builder_version=\u00bb4.8.2&#8243; _module_preset=\u00bbdefault\u00bb][\/et_pb_image][et_pb_text disabled_on=\u00bbon|on|off\u00bb admin_label=\u00bbText entrada escriptori\u00bb _builder_version=\u00bb4.9.0&#8243; _module_preset=\u00bbdefault\u00bb text_font=\u00bbAverta Light||||||||\u00bb header_font_size=\u00bb36px\u00bb header_4_font=\u00bbAverta regular||||||||\u00bb header_4_font_size=\u00bb20px\u00bb header_4_line_height=\u00bb1.6em\u00bb header_5_line_height=\u00bb1.6em\u00bb header_6_font=\u00bbAverta regular||||||||\u00bb header_6_font_size=\u00bb16px\u00bb header_6_line_height=\u00bb1.5em\u00bb hover_enabled=\u00bb0&#8243; header_font_size_tablet=\u00bb30px\u00bb header_font_size_phone=\u00bb24px\u00bb header_font_size_last_edited=\u00bbon|phone\u00bb header_6_font_size_tablet=\u00bb\u00bb header_6_font_size_phone=\u00bb14px\u00bb header_6_font_size_last_edited=\u00bbon|phone\u00bb sticky_enabled=\u00bb0&#8243;]<\/p>\n<p><strong>Per Emma Riverola, escriptora y dramaturga<\/strong><\/p>\n<p style=\"text-align: justify;\">\u201cHay que vivir peligrosamente\u201d, afirm\u00f3 Merc\u00e8 Rodoreda entre risas. Ten\u00eda 71 a\u00f1os y sumaba un doloroso rosario de p\u00e9rdidas vitales y espl\u00e9ndidos laureles literarios. La Guerra civil, la Segunda Guerra Mundial y el dolor de m\u00faltiples exilios hab\u00edan modelado una literatura capaz de contener todos los claroscuros de la humanidad en los detalles m\u00e1s \u00ednfimos. Corr\u00eda 1980 y Rodoreda anunciaba en el programa de entrevistas A fondo (TVE) que hab\u00eda abandonado definitivamente Ginebra para instalarse en Romany\u00e0 de la Selva. \u201cEn una casa donde puede entrar todo el mundo solo con levantar una persiana, porque no hay verjas ni nada. Es una casa indefensa, y ah\u00ed estoy estupendamente bien. Es la libertad, la gran aventura de mi vida. \u00a1No pienso poner rejas!\u201d, reiteraba con una sonora carcajada ante la mirada alarmada de Joaqu\u00edn Soler Serrano.<br \/>Vivir sin rejas. Abrir las puertas. A pesar de conocer todos los rostros del miedo. \u00bfNos atrevemos? Vivimos tiempos de incertidumbre. La pandemia ha hecho m\u00e1s espesa la niebla, pero los interrogantes ya se agolpaban antes del pasado invierno. Nos hallamos ante un cambio de paradigma que va a transformar nuestro modo de trabajar, de relacionarnos, de vivir. Los retos son may\u00fasculos y nos enfrentamos a ellos sin utop\u00edas consumibles, las agotamos todas el siglo pasado. La desigualdad se acrecienta y la cohesi\u00f3n social est\u00e1 amenazada. \u2018Flexibilidad\u2019, \u2018nomadismo\u2019, \u2018globalizaci\u00f3n\u2019 o \u2018deslocalizaci\u00f3n\u2019 son palabras que se han asentado en el vocabulario econ\u00f3mico, mientras \u2018fronteras\u2019, \u2018l\u00edmites\u2019 o \u2018t\u00e9rminos\u2019 constri\u00f1en el glosario social. Los desaf\u00edos provocan v\u00e9rtigo, y existe la tentaci\u00f3n de mirar el pasado con \u00e1nimo nost\u00e1lgico. Pero el ayer ya caduc\u00f3. Nada de lo ocurrido bajo otras coordenadas temporales sirve como modelo de imitaci\u00f3n. A pesar de ello, los resortes que ayudaron a avanzar contienen las claves del progreso posible.<\/p>\n<table class=\" alignright\" style=\"height: 23px; width: 25%; border-collapse: collapse; border-top: 2px solid #000000; border-right-color: #000000; border-bottom-color: #000000; border-left-color: #000000; margin-left: 20px;\" cellspacing=\"15\" cellpadding=\"2\">\n<tbody>\n<tr style=\"height: 23px;\">\n<td style=\"width: 100%; height: 23px; border: 2px solid #000;\">\n<h4>\u201cLas trampas de la desigualdad convierten la convivencia en un polvor\u00edn y abre grietas en la democracia.\u201d<\/h4>\n<\/td>\n<\/tr>\n<\/tbody>\n<\/table>\n<p style=\"text-align: justify;\">Como un organismo vivo, respiraci\u00f3n a respiraci\u00f3n, latido a latido, Barcelona ha ido habitando nuevos espacios. Con los pies clavados en la ciudad amurallada, supo alzar la mirada. A caballo del siglo XIX y XX se construy\u00f3 el Eixample y se sumaron los pueblos que se convirtieron en barrios y mantuvieron su alma particular. Son los d\u00edas de la \u2018Oda a Barcelona\u2019 de Jacint Verdaguer, una glosa al pasado, al marco geogr\u00e1fico y al crecimiento tenaz de una ciudad que \u201centre talleres y f\u00e1bricas tiene campanarios y agujas como dedos\u201d. Las grandes estrellas internacionales inclu\u00edan Barcelona en sus giras. En el Paral\u00b7lel afloraban los teatros. En el Distrito Quinto, los caf\u00e9s cantantes. M\u00e1s teatros en el Paseo de Gracia. La troupe de los Onofri, Lo\u00efe Fuller o Raquel Meller. Circo, danza, \u00f3pera, flamenco, saltimbanquis, cupletistas, c\u00f3micos y transformistas sobre los escenarios. Los espacios crec\u00edan, se desdoblaban, se mezclaban, se desgarraban y volv\u00edan a zurcirse. La ciudad a\u00fan no ten\u00eda tomada la medida de sus costuras, solo sab\u00eda que era grande.<br \/>En el teatro Romea, \u00c0ngel Guimer\u00e0 estrenaba Mar i Cel, amores imposibles entre un pirata musulm\u00e1n y una joven cristiana. Dos mundos que buscaban el entendimiento. Said, el protagonista, hijo de cristiana y morisco, se dibuja como la personificaci\u00f3n del mestizaje. En las calles de Barcelona no hab\u00eda piratas, pero s\u00ed una miscel\u00e1nea de acentos y costumbres. Poco ten\u00edan que ver entre s\u00ed el obrero de Sant Mart\u00ed de Proven\u00e7als, la lavandera de Horta, el murciano llegado para abrir la Via Laietana, el empresario del Eixample, la maestra de Sants o la nodriza gallega, pero todos habitaban los m\u00faltiples espacios de la ciudad, en un intercambio inevitable de esfuerzo, voluntad y mirada al porvenir. Mediterr\u00e1neo, al fin y al cabo. Hoy, no se entender\u00eda Barcelona sin la herencia de todos ellos. Sin esa visi\u00f3n compuesta. A veces, dispar. A veces, coincidente. Su legado es la pujanza industrial y el desarrollo creativo que marcaron la ciudad durante d\u00e9cadas.<br \/>Pero la Barcelona del siglo XX se queda peque\u00f1a ante los desaf\u00edos actuales. Como entonces, la ciudad no puede conformarse con las aguas estancadas del ensimismamiento, un simple escaparate sin pulsi\u00f3n transformadora. Basta alzar la mirada. El mundo est\u00e1 aqu\u00ed, a nuestro alrededor. Con sus complejidades, sus contradicciones, sus conflictos y sus desaf\u00edos. Un aluvi\u00f3n de energ\u00eda recorre las calles propias y adyacentes. No podemos despreciarla ni condenarla al desaliento, la factura ser\u00eda impagable. Ciudad, ciudadan\u00eda, civismo y civilizaci\u00f3n comparten algo m\u00e1s que un pasado l\u00e9xico cl\u00e1sico, contienen la base del progreso. Pero tambi\u00e9n las trampas de la desigualdad, la que convierte la convivencia en un polvor\u00edn y abre grietas en la democracia.<br \/>La transformaci\u00f3n es inevitable. Desde el pensamiento, la creatividad, el reconocimiento y los espacios compartidos puede construirse una nueva gran Barcelona que exceda sus t\u00e9rminos, los l\u00edmites del conformismo. La diversidad siempre es compleja. Porque interpela a nuestro yo, a nuestra esencia, a lo que creemos, a nuestro pasado y a la particular proyecci\u00f3n de un futuro. Pero el di\u00e1logo es crecimiento. Y pasi\u00f3n. \u00bfNos atrevemos? Una casa, una Barcelona sin rejas. Como Rodoreda, la gran aventura de nuestras vidas.<\/p>\n<p style=\"text-align: justify;\"><em>Emma Riverola<\/em><br \/><em>Escritora y dramaturga. En mayo estrenar\u00e1 #PuertasAbiertas en el Teatro Romea. Un encuentro en la frontera del miedo y los prejuicios durante la noche de los atentados de Par\u00eds.<\/em><\/p>\n<p>[\/et_pb_text][et_pb_text disabled_on=\u00bboff|off|on\u00bb admin_label=\u00bbText entrada tablet i m\u00f2bil\u00bb _builder_version=\u00bb4.9.0&#8243; _module_preset=\u00bbdefault\u00bb text_font=\u00bbAverta Light||||||||\u00bb header_font=\u00bbAverta regular||||||||\u00bb header_font_size=\u00bb36px\u00bb header_4_font=\u00bbAverta regular||||||||\u00bb header_4_line_height=\u00bb1.2em\u00bb hover_enabled=\u00bb0&#8243; header_font_size_tablet=\u00bb30px\u00bb header_font_size_phone=\u00bb24px\u00bb header_font_size_last_edited=\u00bbon|phone\u00bb sticky_enabled=\u00bb0&#8243;]<\/p>\n<p><strong>Per Emma Riverola, escriptora i dramaturga<\/strong><\/p>\n<p style=\"text-align: justify;\">\u201cHay que vivir peligrosamente\u201d, afirm\u00f3 Merc\u00e8 Rodoreda entre risas. Ten\u00eda 71 a\u00f1os y sumaba un doloroso rosario de p\u00e9rdidas vitales y espl\u00e9ndidos laureles literarios. La Guerra civil, la Segunda Guerra Mundial y el dolor de m\u00faltiples exilios hab\u00edan modelado una literatura capaz de contener todos los claroscuros de la humanidad en los detalles m\u00e1s \u00ednfimos. Corr\u00eda 1980 y Rodoreda anunciaba en el programa de entrevistas A fondo (TVE) que hab\u00eda abandonado definitivamente Ginebra para instalarse en Romany\u00e0 de la Selva. \u201cEn una casa donde puede entrar todo el mundo solo con levantar una persiana, porque no hay verjas ni nada. Es una casa indefensa, y ah\u00ed estoy estupendamente bien. Es la libertad, la gran aventura de mi vida. \u00a1No pienso poner rejas!\u201d, reiteraba con una sonora carcajada ante la mirada alarmada de Joaqu\u00edn Soler Serrano.<br \/>Vivir sin rejas. Abrir las puertas. A pesar de conocer todos los rostros del miedo. \u00bfNos atrevemos? Vivimos tiempos de incertidumbre. La pandemia ha hecho m\u00e1s espesa la niebla, pero los interrogantes ya se agolpaban antes del pasado invierno. Nos hallamos ante un cambio de paradigma que va a transformar nuestro modo de trabajar, de relacionarnos, de vivir. Los retos son may\u00fasculos y nos enfrentamos a ellos sin utop\u00edas consumibles, las agotamos todas el siglo pasado. La desigualdad se acrecienta y la cohesi\u00f3n social est\u00e1 amenazada. \u2018Flexibilidad\u2019, \u2018nomadismo\u2019, \u2018globalizaci\u00f3n\u2019 o \u2018deslocalizaci\u00f3n\u2019 son palabras que se han asentado en el vocabulario econ\u00f3mico, mientras \u2018fronteras\u2019, \u2018l\u00edmites\u2019 o \u2018t\u00e9rminos\u2019 constri\u00f1en el glosario social. Los desaf\u00edos provocan v\u00e9rtigo, y existe la tentaci\u00f3n de mirar el pasado con \u00e1nimo nost\u00e1lgico. Pero el ayer ya caduc\u00f3. Nada de lo ocurrido bajo otras coordenadas temporales sirve como modelo de imitaci\u00f3n. A pesar de ello, los resortes que ayudaron a avanzar contienen las claves del progreso posible.<\/p>\n<table class=\" alignright\" style=\"height: 104px; width: 99.9054%; border-collapse: collapse; border-top: 2px solid #000000; border-right-color: #000000; border-bottom-color: #000000; border-left-color: #000000; margin-left: 20px;\" cellspacing=\"15\" cellpadding=\"2\">\n<tbody>\n<tr style=\"height: 23px;\">\n<td style=\"width: 100%; height: 23px; border: 2px solid #000000; text-align: center;\">\n<h3>\u00abLas trampas de la desigualdad convierten la convivencia en un polvor\u00edn y abre grietas en la democracia.\u201d<\/h3>\n<\/td>\n<\/tr>\n<\/tbody>\n<\/table>\n<p>&nbsp;<\/p>\n<p>&nbsp;<\/p>\n<p>&nbsp;<\/p>\n<p style=\"text-align: justify;\">Como un organismo vivo, respiraci\u00f3n a respiraci\u00f3n, latido a latido, Barcelona ha ido habitando nuevos espacios. Con los pies clavados en la ciudad amurallada, supo alzar la mirada. A caballo del siglo XIX y XX se construy\u00f3 el Eixample y se sumaron los pueblos que se convirtieron en barrios y mantuvieron su alma particular. Son los d\u00edas de la \u2018Oda a Barcelona\u2019 de Jacint Verdaguer, una glosa al pasado, al marco geogr\u00e1fico y al crecimiento tenaz de una ciudad que \u201centre talleres y f\u00e1bricas tiene campanarios y agujas como dedos\u201d. Las grandes estrellas internacionales inclu\u00edan Barcelona en sus giras. En el Paral\u00b7lel afloraban los teatros. En el Distrito Quinto, los caf\u00e9s cantantes. M\u00e1s teatros en el Paseo de Gracia. La troupe de los Onofri, Lo\u00efe Fuller o Raquel Meller. Circo, danza, \u00f3pera, flamenco, saltimbanquis, cupletistas, c\u00f3micos y transformistas sobre los escenarios. Los espacios crec\u00edan, se desdoblaban, se mezclaban, se desgarraban y volv\u00edan a zurcirse. La ciudad a\u00fan no ten\u00eda tomada la medida de sus costuras, solo sab\u00eda que era grande.<br \/>En el teatro Romea, \u00c0ngel Guimer\u00e0 estrenaba Mar i Cel, amores imposibles entre un pirata musulm\u00e1n y una joven cristiana. Dos mundos que buscaban el entendimiento. Said, el protagonista, hijo de cristiana y morisco, se dibuja como la personificaci\u00f3n del mestizaje. En las calles de Barcelona no hab\u00eda piratas, pero s\u00ed una miscel\u00e1nea de acentos y costumbres. Poco ten\u00edan que ver entre s\u00ed el obrero de Sant Mart\u00ed de Proven\u00e7als, la lavandera de Horta, el murciano llegado para abrir la Via Laietana, el empresario del Eixample, la maestra de Sants o la nodriza gallega, pero todos habitaban los m\u00faltiples espacios de la ciudad, en un intercambio inevitable de esfuerzo, voluntad y mirada al porvenir. Mediterr\u00e1neo, al fin y al cabo. Hoy, no se entender\u00eda Barcelona sin la herencia de todos ellos. Sin esa visi\u00f3n compuesta. A veces, dispar. A veces, coincidente. Su legado es la pujanza industrial y el desarrollo creativo que marcaron la ciudad durante d\u00e9cadas.<br \/>Pero la Barcelona del siglo XX se queda peque\u00f1a ante los desaf\u00edos actuales. Como entonces, la ciudad no puede conformarse con las aguas estancadas del ensimismamiento, un simple escaparate sin pulsi\u00f3n transformadora. Basta alzar la mirada. El mundo est\u00e1 aqu\u00ed, a nuestro alrededor. Con sus complejidades, sus contradicciones, sus conflictos y sus desaf\u00edos. Un aluvi\u00f3n de energ\u00eda recorre las calles propias y adyacentes. No podemos despreciarla ni condenarla al desaliento, la factura ser\u00eda impagable. Ciudad, ciudadan\u00eda, civismo y civilizaci\u00f3n comparten algo m\u00e1s que un pasado l\u00e9xico cl\u00e1sico, contienen la base del progreso. Pero tambi\u00e9n las trampas de la desigualdad, la que convierte la convivencia en un polvor\u00edn y abre grietas en la democracia.<br \/>La transformaci\u00f3n es inevitable. Desde el pensamiento, la creatividad, el reconocimiento y los espacios compartidos puede construirse una nueva gran Barcelona que exceda sus t\u00e9rminos, los l\u00edmites del conformismo. La diversidad siempre es compleja. Porque interpela a nuestro yo, a nuestra esencia, a lo que creemos, a nuestro pasado y a la particular proyecci\u00f3n de un futuro. Pero el di\u00e1logo es crecimiento. Y pasi\u00f3n. \u00bfNos atrevemos? Una casa, una Barcelona sin rejas. Como Rodoreda, la gran aventura de nuestras vidas.<\/p>\n<p style=\"text-align: justify;\"><em>Emma Riverola<\/em><br \/><em>Escritora y dramaturga. En mayo estrenar\u00e1 #PuertasAbiertas en el Teatro Romea. Un encuentro en la frontera del miedo y los prejuicios durante la noche de los atentados de Par\u00eds.<\/em><\/p>\n<p>[\/et_pb_text][et_pb_text admin_label=\u00bbShare \u00bb _builder_version=\u00bb4.8.2&#8243; _module_preset=\u00bbdefault\u00bb width=\u00bb26%\u00bb module_alignment=\u00bbleft\u00bb module_alignment_tablet=\u00bbleft\u00bb module_alignment_phone=\u00bbleft\u00bb module_alignment_last_edited=\u00bbon|phone\u00bb border_width_all=\u00bb0px\u00bb]<\/p>\n<table style=\"border-collapse: collapse; width: 0%; height: 22px; border-color: #000000; border: 2px solid;\">\n<tbody>\n<tr style=\"height: 22px;\">\n<td style=\"width: 11.5332%; height: 22px;\">share:<\/td>\n<td style=\"width: 88.4667%; text-align: justify; vertical-align: middle; height: 22px;\"><div class=\"sfsi_widget sfsi_shortcode_container\"><div class=\"norm_row sfsi_wDiv \"  style=\"width:200px;text-align:left;\"><div style='width:30px; height:30px;margin-left:10px;margin-bottom:5px; ' class='sfsi_wicons shuffeldiv ' ><div class='inerCnt'><a class=' sficn' data-effect='' target='_blank'  href='' id='sfsiid_twitter_icon' style='width:30px;height:30px;opacity:1;'  ><img data-pin-nopin='true' alt='Twitter' title='Twitter' src='https:\/\/rethinkbcn.cat\/wp-content\/plugins\/ultimate-social-media-icons\/images\/icons_theme\/transparent\/transparent_twitter.png' width='30' height='30' style='' class='sfcm sfsi_wicon ' data-effect=''   \/><\/a><div class=\"sfsi_tool_tip_2 twt_tool_bdr sfsiTlleft\" style=\"opacity:0;z-index:-1;\" id=\"sfsiid_twitter\"><span class=\"bot_arow bot_twt_arow\"><\/span><div class=\"sfsi_inside\"><div  class='icon2'><div class='sf_twiter' style='display: inline-block;vertical-align: middle;width: auto;'>\r\n\t\t\t\t\t\t<a target='_blank' href='https:\/\/twitter.com\/intent\/tweet?text=Hey%2C+check+out+this+cool+site+I+found%3A+www.rethinkbcn.cat+%23Topic+via%40my_twitter_name+https:\/\/rethinkbcn.cat\/es\/wp-json\/wp\/v2\/posts\/7055\/' style='display:inline-block' >\r\n\t\t\t\t\t\t\t<img data-pin-nopin= true class='sfsi_wicon' src='https:\/\/rethinkbcn.cat\/wp-content\/plugins\/ultimate-social-media-icons\/images\/share_icons\/Twitter_Tweet\/en_US_Tweet.svg' alt='Tweet' title='Tweet' >\r\n\t\t\t\t\t\t<\/a>\r\n\t\t\t\t\t<\/div><\/div><\/div><\/div><\/div><\/div><div style='width:30px; height:30px;margin-left:10px;margin-bottom:5px; ' class='sfsi_wicons shuffeldiv ' ><div class='inerCnt'><a class=' sficn' data-effect='' target='_blank'  href='' id='sfsiid_linkedin_icon' style='width:30px;height:30px;opacity:1;'  ><img data-pin-nopin='true' alt='' title='' src='https:\/\/rethinkbcn.cat\/wp-content\/plugins\/ultimate-social-media-icons\/images\/icons_theme\/transparent\/transparent_linkedin.png' width='30' height='30' style='' class='sfcm sfsi_wicon ' data-effect=''   \/><\/a><div class=\"sfsi_tool_tip_2 linkedin_tool_bdr sfsiTlleft\" style=\"opacity:0;z-index:-1;\" id=\"sfsiid_linkedin\"><span class=\"bot_arow bot_linkedin_arow\"><\/span><div class=\"sfsi_inside\"><div  class='icon2'><a target='_blank' href=\"https:\/\/www.linkedin.com\/shareArticle?url=https%3A%2F%2Frethinkbcn.cat%2Fes%2Fwp-json%2Fwp%2Fv2%2Fposts%2F7055%2F\"><img class=\"sfsi_wicon\" data-pin-nopin= true alt=\"Share\" title=\"Share\" src=\"https:\/\/rethinkbcn.cat\/wp-content\/plugins\/ultimate-social-media-icons\/images\/share_icons\/Linkedin_Share\/en_US_share.svg\" \/><\/a><\/div><\/div><\/div><\/div><\/div><div style='width:30px; height:30px;margin-left:10px;margin-bottom:5px; ' class='sfsi_wicons shuffeldiv ' ><div class='inerCnt'><a class=' sficn' data-effect='' target='_blank'  href='https:\/\/api.whatsapp.com\/send?text=https:\/\/rethinkbcn.cat\/es\/emmariverolaunacasasinrejas\/' id='sfsiid_whatsapp_icon' style='width:30px;height:30px;opacity:1;'  ><img data-pin-nopin='true' alt='' title='' src='https:\/\/rethinkbcn.cat\/wp-content\/plugins\/ultimate-social-media-icons\/images\/icons_theme\/transparent\/transparent_whatsapp.png' width='30' height='30' style='' class='sfcm sfsi_wicon ' data-effect=''   \/><\/a><\/div><\/div><div style='width:30px; height:30px;margin-left:10px;margin-bottom:5px; ' class='sfsi_wicons shuffeldiv ' ><div class='inerCnt'><a class=' sficn' data-effect='' target='_blank'  href='https:\/\/api.follow.it\/widgets\/icon\/VUlqbFQ4d1I5d05jbFdNRWdXaThSK0Vza3RBcDZrT3Y4akNldzhxUVBmUFNjQ3dlUnpnQVphRFVNcm40SXZGaFczK01jOFF0SExaMGNIWi9BZy96S2MydkgzaDNWWFBjYU9MbjY5M3lUcjVLYU5TN3NOaEs3VmJ4bytROHI4b1d8eEV6SFU5OTFjQ1B0YkRJNkEzUlJEbEhIWVRkZGM0b0FRTEQyRDlyb2o2UT0=\/OA==\/' id='sfsiid_email_icon' style='width:30px;height:30px;opacity:1;'  ><img data-pin-nopin='true' alt='Follow by Email' title='Follow by Email' src='https:\/\/rethinkbcn.cat\/wp-content\/plugins\/ultimate-social-media-icons\/images\/icons_theme\/transparent\/transparent_email.png' width='30' height='30' style='' class='sfcm sfsi_wicon ' data-effect=''   \/><\/a><\/div><\/div><\/div ><div id=\"sfsi_holder\" class=\"sfsi_holders\" style=\"position: relative; float: left;width:100%;z-index:-1;\"><\/div ><script>window.addEventListener(\"sfsi_functions_loaded\", function() \r\n\t\t\t{\r\n\t\t\t\tif (typeof sfsi_widget_set == \"function\") {\r\n\t\t\t\t\tsfsi_widget_set();\r\n\t\t\t\t}\r\n\t\t\t}); <\/script><div style=\"clear: both;\"><\/div><\/div><\/td>\n<\/tr>\n<\/tbody>\n<\/table>\n<p>&nbsp;<\/p>\n<p>[\/et_pb_text][\/et_pb_column][\/et_pb_row][\/et_pb_section][et_pb_section fb_built=\u00bb1&#8243; fullwidth=\u00bbon\u00bb _builder_version=\u00bb4.8.2&#8243; _module_preset=\u00bbdefault\u00bb da_disable_devices=\u00bboff|off|off\u00bb border_width_bottom=\u00bb2px\u00bb da_is_popup=\u00bboff\u00bb da_exit_intent=\u00bboff\u00bb da_has_close=\u00bbon\u00bb da_alt_close=\u00bboff\u00bb da_dark_close=\u00bboff\u00bb da_not_modal=\u00bbon\u00bb da_is_singular=\u00bboff\u00bb da_with_loader=\u00bboff\u00bb da_has_shadow=\u00bbon\u00bb][et_pb_fullwidth_code admin_label=\u00bbRatlla horitzontal\u00bb _builder_version=\u00bb4.8.2&#8243; _module_preset=\u00bbdefault\u00bb][\/et_pb_fullwidth_code][\/et_pb_section][et_pb_section fb_built=\u00bb1&#8243; _builder_version=\u00bb4.8.2&#8243; _module_preset=\u00bbdefault\u00bb custom_margin=\u00bb||-30px||false|false\u00bb custom_margin_tablet=\u00bb||-90px||false|false\u00bb custom_margin_phone=\u00bb||-80px||false|false\u00bb custom_margin_last_edited=\u00bbon|phone\u00bb da_disable_devices=\u00bboff|off|off\u00bb da_is_popup=\u00bboff\u00bb da_exit_intent=\u00bboff\u00bb da_has_close=\u00bbon\u00bb da_alt_close=\u00bboff\u00bb da_dark_close=\u00bboff\u00bb da_not_modal=\u00bbon\u00bb da_is_singular=\u00bboff\u00bb da_with_loader=\u00bboff\u00bb da_has_shadow=\u00bbon\u00bb][et_pb_row _builder_version=\u00bb4.8.2&#8243; _module_preset=\u00bbdefault\u00bb][et_pb_column type=\u00bb4_4&#8243; _builder_version=\u00bb4.8.2&#8243; _module_preset=\u00bbdefault\u00bb][et_pb_text admin_label=\u00bbAltres articles\u00bb _builder_version=\u00bb4.9.0&#8243; _module_preset=\u00bbdefault\u00bb]<\/p>\n<h3>ALTRES ARTICLES<\/h3>\n<div class='yarpp yarpp-related yarpp-related-shortcode yarpp-template-thumbnails'>\n<!-- YARPP Thumbnails -->\n<h3><\/h3>\n<div class=\"yarpp-thumbnails-horizontal\">\n<a class='yarpp-thumbnail' rel='norewrite' href='https:\/\/rethinkbcn.cat\/es\/hector-santcovskymetropolisbarcelona\/' title='H\u00c9CTOR SANTCOVSKY:  METR\u00d3POLIS BARCELONA, EL VALOR DEL TERRITORIO'>\n<img width=\"117\" height=\"120\" src=\"https:\/\/rethinkbcn.cat\/wp-content\/uploads\/2021\/01\/confiancam.jpg\" class=\"attachment-yarpp-thumbnail size-yarpp-thumbnail wp-post-image\" alt=\"\" loading=\"lazy\" data-pin-nopin=\"true\" \/><span class=\"yarpp-thumbnail-title\">H\u00c9CTOR SANTCOVSKY:  METR\u00d3POLIS BARCELONA, EL VALOR DEL TERRITORIO<\/span><\/a>\n<a class='yarpp-thumbnail' rel='norewrite' href='https:\/\/rethinkbcn.cat\/es\/eugeniacarrerespensandolamarcabarcelonaengrande\/' title='EUG\u00c8NIA CARRERES: PENSANDO LA MARCA BARCELONA EN GRANDE'>\n<img width=\"117\" height=\"120\" src=\"https:\/\/rethinkbcn.cat\/wp-content\/uploads\/2021\/01\/confiancam.jpg\" class=\"attachment-yarpp-thumbnail size-yarpp-thumbnail wp-post-image\" alt=\"\" loading=\"lazy\" data-pin-nopin=\"true\" \/><span class=\"yarpp-thumbnail-title\">EUG\u00c8NIA CARRERES: PENSANDO LA MARCA BARCELONA EN GRANDE<\/span><\/a>\n<\/div>\n<\/div>\n\n<p>[\/et_pb_text][\/et_pb_column][\/et_pb_row][\/et_pb_section][et_pb_section fb_built=\u00bb1&#8243; fullwidth=\u00bbon\u00bb disabled_on=\u00bbon|on|on\u00bb _builder_version=\u00bb4.8.2&#8243; _module_preset=\u00bbdefault\u00bb custom_margin_tablet=\u00bb-70px||||false|false\u00bb custom_margin_phone=\u00bb\u00bb custom_margin_last_edited=\u00bbon|tablet\u00bb da_disable_devices=\u00bboff|off|off\u00bb border_width_bottom=\u00bb2px\u00bb disabled=\u00bbon\u00bb da_is_popup=\u00bboff\u00bb da_exit_intent=\u00bboff\u00bb da_has_close=\u00bbon\u00bb da_alt_close=\u00bboff\u00bb da_dark_close=\u00bboff\u00bb da_not_modal=\u00bbon\u00bb da_is_singular=\u00bboff\u00bb da_with_loader=\u00bboff\u00bb da_has_shadow=\u00bbon\u00bb][et_pb_fullwidth_code admin_label=\u00bbRatlla horitzontal\u00bb _builder_version=\u00bb4.8.2&#8243; _module_preset=\u00bbdefault\u00bb][\/et_pb_fullwidth_code][\/et_pb_section][et_pb_section fb_built=\u00bb1&#8243; disabled_on=\u00bbon|on|on\u00bb _builder_version=\u00bb4.8.2&#8243; _module_preset=\u00bbdefault\u00bb da_disable_devices=\u00bboff|off|off\u00bb disabled=\u00bbon\u00bb da_is_popup=\u00bboff\u00bb da_exit_intent=\u00bboff\u00bb da_has_close=\u00bbon\u00bb da_alt_close=\u00bboff\u00bb da_dark_close=\u00bboff\u00bb da_not_modal=\u00bbon\u00bb da_is_singular=\u00bboff\u00bb da_with_loader=\u00bboff\u00bb da_has_shadow=\u00bbon\u00bb][et_pb_row _builder_version=\u00bb4.8.2&#8243; _module_preset=\u00bbdefault\u00bb][et_pb_column type=\u00bb4_4&#8243; _builder_version=\u00bb4.8.2&#8243; _module_preset=\u00bbdefault\u00bb][et_pb_text admin_label=\u00bbText %22Veure tots els cicles%22&#8243; _builder_version=\u00bb4.8.2&#8243; _module_preset=\u00bbdefault\u00bb]<\/p>\n<h3>VEURE TOTS ELS CICLES<\/h3>\n<p>[\/et_pb_text][\/et_pb_column][\/et_pb_row][et_pb_row column_structure=\u00bb1_3,1_3,1_3&#8243; disabled_on=\u00bboff|on|off\u00bb _builder_version=\u00bb4.8.2&#8243; _module_preset=\u00bbdefault\u00bb width_tablet=\u00bb50%\u00bb width_phone=\u00bb70%\u00bb width_last_edited=\u00bbon|phone\u00bb module_alignment=\u00bbcenter\u00bb][et_pb_column type=\u00bb1_3&#8243; _builder_version=\u00bb4.8.2&#8243; _module_preset=\u00bbdefault\u00bb][et_pb_image src=\u00bbhttps:\/\/rethinkbcn.cat\/wp-content\/uploads\/2021\/02\/caixa-1b.jpg\u00bb title_text=\u00bbcaixa-1b\u00bb url=\u00bb\/category\/cicle-1\/\u00bb align=\u00bbcenter\u00bb admin_label=\u00bbCicles per escriptori i m\u00f2bil\u00bb _builder_version=\u00bb4.8.2&#8243; _module_preset=\u00bbdefault\u00bb module_alignment=\u00bbcenter\u00bb][\/et_pb_image][\/et_pb_column][et_pb_column type=\u00bb1_3&#8243; _builder_version=\u00bb4.8.2&#8243; _module_preset=\u00bbdefault\u00bb][et_pb_image src=\u00bbhttps:\/\/rethinkbcn.cat\/wp-content\/uploads\/2021\/02\/caixa-2b.jpg\u00bb title_text=\u00bbcaixa-2b\u00bb align=\u00bbcenter\u00bb _builder_version=\u00bb4.8.2&#8243; _module_preset=\u00bbdefault\u00bb][\/et_pb_image][\/et_pb_column][et_pb_column type=\u00bb1_3&#8243; _builder_version=\u00bb4.8.2&#8243; _module_preset=\u00bbdefault\u00bb][et_pb_image src=\u00bbhttps:\/\/rethinkbcn.cat\/wp-content\/uploads\/2021\/02\/caixa-3b.jpg\u00bb title_text=\u00bbcaixa-3b\u00bb align=\u00bbcenter\u00bb _builder_version=\u00bb4.8.2&#8243; _module_preset=\u00bbdefault\u00bb][\/et_pb_image][\/et_pb_column][\/et_pb_row][et_pb_row column_structure=\u00bb1_3,1_3,1_3&#8243; disabled_on=\u00bbon|off|on\u00bb _builder_version=\u00bb4.8.2&#8243; _module_preset=\u00bbdefault\u00bb width=\u00bb100%\u00bb width_tablet=\u00bb90%\u00bb width_phone=\u00bb70%\u00bb width_last_edited=\u00bbon|tablet\u00bb module_alignment=\u00bbcenter\u00bb custom_margin=\u00bb||-20px||false|false\u00bb][et_pb_column type=\u00bb1_3&#8243; _builder_version=\u00bb4.8.2&#8243; _module_preset=\u00bbdefault\u00bb custom_css_main_element=\u00bbwidth: 33%!important;\u00bb][et_pb_image src=\u00bbhttps:\/\/rethinkbcn.cat\/wp-content\/uploads\/2021\/02\/caixa-1b.jpg\u00bb title_text=\u00bbcaixa-1b\u00bb url=\u00bb\/category\/cicle-1\/\u00bb align=\u00bbcenter\u00bb admin_label=\u00bbCicles per a tablet\u00bb _builder_version=\u00bb4.8.2&#8243; _module_preset=\u00bbdefault\u00bb module_alignment=\u00bbcenter\u00bb][\/et_pb_image][\/et_pb_column][et_pb_column type=\u00bb1_3&#8243; _builder_version=\u00bb4.8.2&#8243; _module_preset=\u00bbdefault\u00bb custom_css_main_element=\u00bbwidth: 33%!important;\u00bb][et_pb_image src=\u00bbhttps:\/\/rethinkbcn.cat\/wp-content\/uploads\/2021\/02\/caixa-2b.jpg\u00bb title_text=\u00bbcaixa-2b\u00bb align=\u00bbcenter\u00bb _builder_version=\u00bb4.8.2&#8243; _module_preset=\u00bbdefault\u00bb][\/et_pb_image][\/et_pb_column][et_pb_column type=\u00bb1_3&#8243; _builder_version=\u00bb4.8.2&#8243; _module_preset=\u00bbdefault\u00bb custom_css_main_element=\u00bbwidth: 33%!important;\u00bb][et_pb_image src=\u00bbhttps:\/\/rethinkbcn.cat\/wp-content\/uploads\/2021\/02\/caixa-3b.jpg\u00bb title_text=\u00bbcaixa-3b\u00bb align=\u00bbcenter\u00bb _builder_version=\u00bb4.8.2&#8243; _module_preset=\u00bbdefault\u00bb][\/et_pb_image][\/et_pb_column][\/et_pb_row][\/et_pb_section]<\/p>\n","protected":false},"excerpt":{"rendered":"<p>La transformaci\u00f3n es inevitable. Desde el pensamiento, la creatividad, el reconocimiento y los espacios compartidos puede construirse una nueva gran Barcelona que exceda sus t\u00e9rminos, los l\u00edmites del conformismo.<br \/>\n&#8211;<\/p>\n","protected":false},"author":3,"featured_media":4844,"comment_status":"open","ping_status":"open","sticky":false,"template":"","format":"standard","meta":{"_et_pb_use_builder":"on","_et_pb_old_content":"","_et_gb_content_width":""},"categories":[92],"tags":[74,80],"_links":{"self":[{"href":"https:\/\/rethinkbcn.cat\/es\/wp-json\/wp\/v2\/posts\/7055"}],"collection":[{"href":"https:\/\/rethinkbcn.cat\/es\/wp-json\/wp\/v2\/posts"}],"about":[{"href":"https:\/\/rethinkbcn.cat\/es\/wp-json\/wp\/v2\/types\/post"}],"author":[{"embeddable":true,"href":"https:\/\/rethinkbcn.cat\/es\/wp-json\/wp\/v2\/users\/3"}],"replies":[{"embeddable":true,"href":"https:\/\/rethinkbcn.cat\/es\/wp-json\/wp\/v2\/comments?post=7055"}],"version-history":[{"count":10,"href":"https:\/\/rethinkbcn.cat\/es\/wp-json\/wp\/v2\/posts\/7055\/revisions"}],"predecessor-version":[{"id":7202,"href":"https:\/\/rethinkbcn.cat\/es\/wp-json\/wp\/v2\/posts\/7055\/revisions\/7202"}],"wp:featuredmedia":[{"embeddable":true,"href":"https:\/\/rethinkbcn.cat\/es\/wp-json\/wp\/v2\/media\/4844"}],"wp:attachment":[{"href":"https:\/\/rethinkbcn.cat\/es\/wp-json\/wp\/v2\/media?parent=7055"}],"wp:term":[{"taxonomy":"category","embeddable":true,"href":"https:\/\/rethinkbcn.cat\/es\/wp-json\/wp\/v2\/categories?post=7055"},{"taxonomy":"post_tag","embeddable":true,"href":"https:\/\/rethinkbcn.cat\/es\/wp-json\/wp\/v2\/tags?post=7055"}],"curies":[{"name":"wp","href":"https:\/\/api.w.org\/{rel}","templated":true}]}}