{"id":6868,"date":"2021-03-04T09:59:50","date_gmt":"2021-03-04T08:59:50","guid":{"rendered":"https:\/\/rethinkbcn.cat\/?p=6868"},"modified":"2022-03-07T17:57:14","modified_gmt":"2022-03-07T15:57:14","slug":"recopilacion-de-noticias","status":"publish","type":"post","link":"https:\/\/rethinkbcn.cat\/es\/recopilacion-de-noticias\/","title":{"rendered":"RECOPILACI\u00d3N DE NOTICIAS"},"content":{"rendered":"<p>[et_pb_section fb_built=\u00bb1&#8243; _builder_version=\u00bb4.8.2&#8243; _module_preset=\u00bbdefault\u00bb da_disable_devices=\u00bboff|off|off\u00bb da_is_popup=\u00bboff\u00bb da_exit_intent=\u00bboff\u00bb da_has_close=\u00bbon\u00bb da_alt_close=\u00bboff\u00bb da_dark_close=\u00bboff\u00bb da_not_modal=\u00bbon\u00bb da_is_singular=\u00bboff\u00bb da_with_loader=\u00bboff\u00bb da_has_shadow=\u00bbon\u00bb][et_pb_row _builder_version=\u00bb4.8.2&#8243; _module_preset=\u00bbdefault\u00bb][et_pb_column type=\u00bb4_4&#8243; _builder_version=\u00bb4.8.2&#8243; _module_preset=\u00bbdefault\u00bb][et_pb_image src=\u00bbhttps:\/\/rethinkbcn.cat\/wp-content\/uploads\/2021\/03\/Gonzalo-Goytisolo-Gil_-Suite-sweet-suit-Oleo-sobre-tabla-ensamblaje-y-diptico-735-x-3457-cm.jpg\u00bb title_text=\u00bbRethink BCN\u00bb align=\u00bbcenter\u00bb _builder_version=\u00bb4.9.0&#8243; _module_preset=\u00bbdefault\u00bb][\/et_pb_image][et_pb_text admin_label=\u00bbText entrada\u00bb _builder_version=\u00bb4.9.0&#8243; _module_preset=\u00bbdefault\u00bb text_font=\u00bbAverta Light||||||||\u00bb header_text_align=\u00bbjustify\u00bb header_2_text_align=\u00bbjustify\u00bb header_2_font_size=\u00bb25px\u00bb header_6_font=\u00bbAverta regular||||||||\u00bb header_6_text_align=\u00bbjustify\u00bb header_6_font_size=\u00bb20px\u00bb header_6_line_height=\u00bb1.6em\u00bb custom_margin=\u00bb25px||||false|false\u00bb hover_enabled=\u00bb0&#8243; header_2_font_size_tablet=\u00bb21px\u00bb header_2_font_size_phone=\u00bb18px\u00bb header_2_font_size_last_edited=\u00bbon|phone\u00bb header_6_font_size_tablet=\u00bb18px\u00bb header_6_font_size_phone=\u00bb14px\u00bb header_6_font_size_last_edited=\u00bbon|tablet\u00bb sticky_enabled=\u00bb0&#8243;]<\/p>\n<h2>LA PRENSA SE HACE ECO DEL NACIMIENTO DE RETHINK BARCELONA<\/h2>\n<h2>\u00a0<\/h2>\n<p><a href=\"https:\/\/rethinkbcn.cat\/wp-content\/uploads\/2022\/03\/A-ECONOMISTA-FELIX-RIERA.pdf\" rel=\"attachment wp-att-10338\">EL ECONOMISTA CATALUNYA FELIX RIERA<\/a><\/p>\n<p><strong>20 Minutos:<\/strong><\/p>\n<p><a href=\"https:\/\/www.20minutos.es\/noticia\/4859521\/0\/batlle-cree-inseguridad-barcelona-por-degradacion-entorno-urbano-desorden\/\">Batlle cree que si hay inseguridad en Barcelona es por la \u00abdegradaci\u00f3n del &#8211; entorno urbano\u00bb y el \u00abdesorden\u00bb<\/a><\/p>\n<p><strong>Catalunya Press:<\/strong><\/p>\n<p>Batlle: <a href=\"https:\/\/www.catalunyapress.es\/texto-diario\/mostrar\/3238242\/batlle-cree-hay-inseguridad-barcelona-degradacion-entorno-urbano\">la \u00abdegradaci\u00f3n del entorno urbano\u00bb es por la inseguridad que hay en Barcelona<\/a><\/p>\n<p><strong>Tot Barcelona:<\/strong><\/p>\n<p><a href=\"https:\/\/www.totbarcelona.cat\/politica\/batlle-atribueix-inseguretat-barcelona-degradacio-ciutat-150191\/\">Batlle atribueix la inseguretat de Barcelona a la \u201cdegradaci\u00f3\u201d de la ciutat<\/a><\/p>\n<p><strong>El \u00e1gora diario<\/strong><br \/><a href=\"https:\/\/www.elagoradiario.com\/desarrollo-sostenible\/alianzas-clave-ciudades-futuro\/\">https:\/\/www.elagoradiario.com\/desarrollo-sostenible\/alianzas-clave-ciudades-futuro\/<\/a><\/p>\n<p><strong>EL MUNDO DEPORTIVO<\/strong><br \/><a href=\"https:\/\/www.mundodeportivo.com\/mas-deporte\/20210630\/410317199032\/turismo-cultura-y-deporte-tres-sectores-clave-para-barcelona.html\">https:\/\/www.mundodeportivo.com\/mas-deporte\/20210630\/410317199032\/turismo-cultura-y-deporte-tres-sectores-clave-para-barcelona.html<\/a><\/p>\n<p><strong>LA VANGUARDIA<br \/><\/strong><a href=\"https:\/\/www.lavanguardia.com\/local\/20210627\/7559503\/barcelona-metropolis-metropolitana-ciutats.html\">https:\/\/www.lavanguardia.com\/local\/20210627\/7559503\/barcelona-metropolis-metropolitana-ciutats.html<\/a><\/p>\n<p><strong>VIA EMPRESA<br \/><\/strong><a href=\"https:\/\/www.viaempresa.cat\/opinio\/futur-sostenible-energies-renovables_2151957_102.html\">https:\/\/www.viaempresa.cat\/opinio\/futur-sostenible-energies-renovables_2151957_102.html<\/a><br \/><strong><br \/>LA VANGU\u00c0RDIA<\/strong><br \/><a href=\"https:\/\/www.lavanguardia.com\/encatala\/20210607\/7509931\/forum-dialeg-espanya-italia-torna-barcelona-amb-sanchez-i-draghi.html\">https:\/\/www.lavanguardia.com\/encatala\/20210607\/7509931\/forum-dialeg-espanya-italia-torna-barcelona-amb-sanchez-i-draghi.html<\/a><\/p>\n<p><strong>EL PERI\u00d3DICO<br \/><\/strong><a href=\"https:\/\/www.elperiodicodearagon.com\/espana\/2021\/06\/06\/sanchez-draghi-celebraran-minicumbre-barcelona-52670578.html\">https:\/\/www.elperiodicodearagon.com\/espana\/2021\/06\/06\/sanchez-draghi-celebraran-minicumbre-barcelona-52670578.html<\/a><\/p>\n<p><strong>LA PROVINCIA<br \/><\/strong><a href=\"https:\/\/www.laprovincia.es\/espana\/2021\/06\/06\/sanchez-draghi-celebraran-minicumbre-barcelona-52670558.html\">https:\/\/www.laprovincia.es\/espana\/2021\/06\/06\/sanchez-draghi-celebraran-minicumbre-barcelona-52670558.html<\/a><strong>L\u00ednia. El diari metropolit\u00e0<\/strong><\/p>\n<blockquote class=\"wp-embedded-content\" data-secret=\"D7lA6vGKDe\"><p><a href=\"https:\/\/liniaxarxa.cat\/opinio\/visibilitzar-la-regio-metropolitana-felix-riera\/\">Visibilitzar la regi\u00f3 metropolitana<\/a><\/p><\/blockquote>\n<p><iframe class=\"wp-embedded-content\" sandbox=\"allow-scripts\" security=\"restricted\" style=\"position: absolute; clip: rect(1px, 1px, 1px, 1px);\" title=\"&#8220;Visibilitzar la regi\u00f3 metropolitana&#8221; &#8212; L\u00ednia\" src=\"https:\/\/liniaxarxa.cat\/opinio\/visibilitzar-la-regio-metropolitana-felix-riera\/embed\/#?secret=YJHlvCllFX#?secret=D7lA6vGKDe\" data-secret=\"D7lA6vGKDe\" width=\"600\" height=\"338\" frameborder=\"0\" marginwidth=\"0\" marginheight=\"0\" scrolling=\"no\"><\/iframe><\/p>\n<p><strong>L\u00cdNIA NORD<\/strong><\/p>\n<blockquote class=\"wp-embedded-content\" data-secret=\"VDK3g3gUEI\"><p><a href=\"https:\/\/liniaxarxa.cat\/linianord-barcelonesnord\/noticies\/foment-es-marca-com-a-objectiu-potenciar-la-regio-metropolitana-de-barcelona\/\">Foment es marca com a objectiu potenciar la regi\u00f3 metropolitana de Barcelona<\/a><\/p><\/blockquote>\n<p><iframe class=\"wp-embedded-content\" sandbox=\"allow-scripts\" security=\"restricted\" style=\"position: absolute; clip: rect(1px, 1px, 1px, 1px);\" title=\"&#8220;Foment es marca com a objectiu potenciar la regi\u00f3 metropolitana de Barcelona&#8221; &#8212; L\u00ednia Nord ed. Barcelon\u00e8s Nord\" src=\"https:\/\/liniaxarxa.cat\/linianord-barcelonesnord\/noticies\/foment-es-marca-com-a-objectiu-potenciar-la-regio-metropolitana-de-barcelona\/embed\/#?secret=NH6qjk01Hl#?secret=VDK3g3gUEI\" data-secret=\"VDK3g3gUEI\" width=\"600\" height=\"338\" frameborder=\"0\" marginwidth=\"0\" marginheight=\"0\" scrolling=\"no\"><\/iframe><\/p>\n<p><strong>THE NEW BRACELONA POST<\/strong><\/p>\n<blockquote class=\"wp-embedded-content\" data-secret=\"LaDChqo5Nu\"><p><a href=\"https:\/\/www.thenewbarcelonapost.com\/barcelona-vista-cuatro-exalcaldes\/\">Barcelona, vista por cuatro de sus exalcaldes<\/a><\/p><\/blockquote>\n<p><iframe class=\"wp-embedded-content\" sandbox=\"allow-scripts\" security=\"restricted\" style=\"position: absolute; clip: rect(1px, 1px, 1px, 1px);\" title=\"\u00abBarcelona, vista por cuatro de sus exalcaldes\u00bb \u2014 The New Barcelona Post\" src=\"https:\/\/www.thenewbarcelonapost.com\/barcelona-vista-cuatro-exalcaldes\/embed\/#?secret=LaDChqo5Nu\" data-secret=\"LaDChqo5Nu\" width=\"600\" height=\"338\" frameborder=\"0\" marginwidth=\"0\" marginheight=\"0\" scrolling=\"no\"><\/iframe><\/p>\n<p><strong>LO MEJOR<\/strong><br \/><a href=\"https:\/\/lomejor.cat\/noticia-portada\/el-futuro-de-barcelona-pasa-por-el-area-metropolitana\/\">https:\/\/lomejor.cat\/noticia-portada\/el-futuro-de-barcelona-pasa-por-el-area-metropolitana\/<\/a><\/p>\n<p><strong>LA VANGUARDIA<\/strong><br \/><a href=\"https:\/\/www.lavanguardia.com\/opinion\/20210308\/6265470\/carreteras-eternas.html\">https:\/\/www.lavanguardia.com\/opinion\/20210308\/6265470\/carreteras-eternas.html<\/a><\/p>\n<p><strong>LA VANGU\u00c0RDIA<\/strong><br \/><a href=\"https:\/\/www.lavanguardia.com\/cultura\/20210307\/6264912\/metropolis-metropolitana-barcelona-rethink.html\">https:\/\/www.lavanguardia.com\/cultura\/20210307\/6264912\/metropolis-metropolitana-barcelona-rethink.html<\/a><\/p>\n<p><strong>EL PERI\u00d3DICO<\/strong><br \/>h<a href=\"https:\/\/www.elperiodico.cat\/ca\/economia\/20210305\/patronal-foment-crea-rethink-repensar-11559951\">ttps:\/\/www.elperiodico.cat\/ca\/economia\/20210305\/patronal-foment-crea-rethink-repensar-11559951<\/a><\/p>\n<p><strong>TOT BARCELONA<\/strong><br \/><a href=\"https:\/\/www.totbarcelona.cat\/politica\/foment-del-treball-llanca-un-lobby-pro-regio-metropolitana-120351\/\">https:\/\/www.totbarcelona.cat\/politica\/foment-del-treball-llanca-un-lobby-pro-regio-metropolitana-120351\/<\/a><\/p>\n<p><strong>LA VANGUARDIA<\/strong><br \/><a href=\"https:\/\/www.lavanguardia.com\/local\/barcelona\/20210305\/6264280\/foment-pone-marcha-rethink-bcn-impulsar-region-metropolitana.html\">https:\/\/www.lavanguardia.com\/local\/barcelona\/20210305\/6264280\/foment-pone-marcha-rethink-bcn-impulsar-region-metropolitana.html<\/a><\/p>\n<p><strong>NACI\u00d3 DIGITAL<\/strong><br \/><a href=\"https:\/\/www.naciodigital.cat\/noticia\/216853\/foment-treball-crida-repensar-barcelona-clau-metropolitana\">https:\/\/www.naciodigital.cat\/noticia\/216853\/foment-treball-crida-repensar-barcelona-clau-metropolitana<\/a><\/p>\n<p><strong>LA VANGUARDIA<\/strong><br \/><a href=\"https:\/\/rethink.mtconsulting.es\/wp-content\/uploads\/2021\/02\/20201113_vANGUARDIA_tHINKtANK.pdf\" rel=\"attachment wp-att-6116\">20201113_vANGUARDIA_tHINKtANK<\/a><\/p>\n<p><strong>CR\u00d3NICA GLOBAL<\/strong><br \/><a href=\"https:\/\/cronicaglobal.elespanol.com\/business\/foment-se-vuelca-en-alternativa-barcelona-como-gran-metropolis_405636_102.html\">https:\/\/cronicaglobal.elespanol.com\/business\/foment-se-vuelca-en-alternativa-barcelona-como-gran-metropolis_405636_102.html<\/a><\/p>\n<p><strong>LA REP\u00daBLICA<\/strong><br \/><a href=\"https:\/\/www.larepublica.cat\/minut-a-minut\/foment-refunda-la-societat-destudis-economics-per-posicionar-barcelona-com-a-capital-global\/\">https:\/\/www.larepublica.cat\/minut-a-minut\/foment-refunda-la-societat-destudis-economics-per-posicionar-barcelona-com-a-capital-global\/<\/a><\/p>\n<p><strong>EL PERI\u00d3DICO<\/strong><br \/><a href=\"https:\/\/www.elperiodico.com\/es\/economia\/20201111\/foment-crea-un-think-tank-para-repensar-barcelona-8199573\">https:\/\/www.elperiodico.com\/es\/economia\/20201111\/foment-crea-un-think-tank-para-repensar-barcelona-8199573<\/a><\/p>\n<p><strong>EUROPA PRESS<\/strong><br \/><a href=\"https:\/\/www.europapress.es\/catalunya\/noticia-foment-treball-refunda-societat-destudis-economics-20201111120648.html\">https:\/\/www.europapress.es\/catalunya\/noticia-foment-treball-refunda-societat-destudis-economics-20201111120648.html<\/a><\/p>\n<p><strong>AL D\u00cdA<\/strong><br \/><a href=\"https:\/\/www.aldia.cat\/catalunya\/territori\/noticia-foment-refunda-societat-destudis-economics-per-posicionar-barcelona-com-capital-global-20201111114657.html\">https:\/\/www.aldia.cat\/catalunya\/territori\/noticia-foment-refunda-societat-destudis-economics-per-posicionar-barcelona-com-capital-global-20201111114657.html<\/a><\/p>\n<p><strong>ACN<\/strong><br \/>Mi\u00e9rcoles, 11 Noviembre 2020 11:43<br \/>Redacci\u00f3n<br \/>Fomento refunda la Sociedad de Estudios Econ\u00f3micos para posicionar Barcelona como \u00abcapital global\u00bb<br \/>F\u00e9lix Riera es el nuevo director de la sociedad<br \/>ACN Barcelona .- Fomento ha refundado la Sociedad de Estudios Econ\u00f3micos y ha creado la Sociedad Barcelonesa de Estudios Econ\u00f3micos y Sociales. Este nuevo instrumento centrar\u00e1 sus trabajos en todos los aspectos sociales, econ\u00f3micos, urban\u00edsticos, culturales e internacionales de Barcelona y su metr\u00f3poli. El objetivo es contribuir a mejorar la relaci\u00f3n de la capital catalana con Catalu\u00f1a, Espa\u00f1a y Europa para encarar un futuro como \u00abcapital global\u00bb. \u00abBarcelona, y a causa del impacto de la covid-19, necesita repensarse en muchos aspectos para afrontar el presente y el futuro. El di\u00e1logo y la colaboraci\u00f3n p\u00fablicoprivada debe ser imprescindibles en este sentido\u00bb, ha manifestado la confederaci\u00f3n.<br \/>F\u00e9lix Riera ha sido nombrado director de la nueva sociedad. La Sociedad de Estudios Econ\u00f3micos fue fundada el 1907 por el entonces secretario general de Fomento del Trabajo, Guillem Graell i Moles, como un instrumento de estudio y pensamiento. Otro de estos organismos es el Instituto de Estudios Estrat\u00e9gicos, el think tank de la patronal, que ahora abordar\u00e1 todas las cuestiones de \u00e1mbito m\u00e1s general.<\/p>\n<p>[\/et_pb_text][et_pb_text admin_label=\u00bbShare\u00bb _builder_version=\u00bb4.8.2&#8243; _module_preset=\u00bbdefault\u00bb width=\u00bb26%\u00bb module_alignment=\u00bbleft\u00bb module_alignment_tablet=\u00bbleft\u00bb module_alignment_phone=\u00bbleft\u00bb module_alignment_last_edited=\u00bbon|phone\u00bb border_width_all=\u00bb0px\u00bb]<\/p>\n<table style=\"border-collapse: collapse; width: 0%; height: 27px; border-color: #000000;\">\n<tbody>\n<tr style=\"height: 22px;\">\n<td style=\"width: 11.5332%; height: 22px;\">share:<\/td>\n<td style=\"width: 88.4667%; text-align: justify; border-color: #000000; vertical-align: middle; height: 22px;\"><div class=\"sfsi_widget sfsi_shortcode_container\"><div class=\"norm_row sfsi_wDiv \"  style=\"width:200px;text-align:left;\"><div style='width:30px; height:30px;margin-left:10px;margin-bottom:5px; ' class='sfsi_wicons shuffeldiv ' ><div class='inerCnt'><a class=' sficn' data-effect='' target='_blank'  href='' id='sfsiid_twitter_icon' style='width:30px;height:30px;opacity:1;'  ><img data-pin-nopin='true' alt='Twitter' title='Twitter' src='https:\/\/rethinkbcn.cat\/wp-content\/plugins\/ultimate-social-media-icons\/images\/icons_theme\/transparent\/transparent_twitter.png' width='30' height='30' style='' class='sfcm sfsi_wicon ' data-effect=''   \/><\/a><div class=\"sfsi_tool_tip_2 twt_tool_bdr sfsiTlleft\" style=\"opacity:0;z-index:-1;\" id=\"sfsiid_twitter\"><span class=\"bot_arow bot_twt_arow\"><\/span><div class=\"sfsi_inside\"><div  class='icon2'><div class='sf_twiter' style='display: inline-block;vertical-align: middle;width: auto;'>\r\n\t\t\t\t\t\t<a target='_blank' href='https:\/\/twitter.com\/intent\/tweet?text=Hey%2C+check+out+this+cool+site+I+found%3A+www.rethinkbcn.cat+%23Topic+via%40my_twitter_name+https:\/\/rethinkbcn.cat\/es\/wp-json\/wp\/v2\/posts\/6868\/' style='display:inline-block' >\r\n\t\t\t\t\t\t\t<img data-pin-nopin= true class='sfsi_wicon' src='https:\/\/rethinkbcn.cat\/wp-content\/plugins\/ultimate-social-media-icons\/images\/share_icons\/Twitter_Tweet\/en_US_Tweet.svg' alt='Tweet' title='Tweet' >\r\n\t\t\t\t\t\t<\/a>\r\n\t\t\t\t\t<\/div><\/div><\/div><\/div><\/div><\/div><div style='width:30px; height:30px;margin-left:10px;margin-bottom:5px; ' class='sfsi_wicons shuffeldiv ' ><div class='inerCnt'><a class=' sficn' data-effect='' target='_blank'  href='' id='sfsiid_linkedin_icon' style='width:30px;height:30px;opacity:1;'  ><img data-pin-nopin='true' alt='' title='' src='https:\/\/rethinkbcn.cat\/wp-content\/plugins\/ultimate-social-media-icons\/images\/icons_theme\/transparent\/transparent_linkedin.png' width='30' height='30' style='' class='sfcm sfsi_wicon ' data-effect=''   \/><\/a><div class=\"sfsi_tool_tip_2 linkedin_tool_bdr sfsiTlleft\" style=\"opacity:0;z-index:-1;\" id=\"sfsiid_linkedin\"><span class=\"bot_arow bot_linkedin_arow\"><\/span><div class=\"sfsi_inside\"><div  class='icon2'><a target='_blank' href=\"https:\/\/www.linkedin.com\/shareArticle?url=https%3A%2F%2Frethinkbcn.cat%2Fes%2Fwp-json%2Fwp%2Fv2%2Fposts%2F6868%2F\"><img class=\"sfsi_wicon\" data-pin-nopin= true alt=\"Share\" title=\"Share\" src=\"https:\/\/rethinkbcn.cat\/wp-content\/plugins\/ultimate-social-media-icons\/images\/share_icons\/Linkedin_Share\/en_US_share.svg\" \/><\/a><\/div><\/div><\/div><\/div><\/div><div style='width:30px; height:30px;margin-left:10px;margin-bottom:5px; ' class='sfsi_wicons shuffeldiv ' ><div class='inerCnt'><a class=' sficn' data-effect='' target='_blank'  href='https:\/\/api.whatsapp.com\/send?text=https:\/\/rethinkbcn.cat\/es\/recopilacion-de-noticias\/' id='sfsiid_whatsapp_icon' style='width:30px;height:30px;opacity:1;'  ><img data-pin-nopin='true' alt='' title='' src='https:\/\/rethinkbcn.cat\/wp-content\/plugins\/ultimate-social-media-icons\/images\/icons_theme\/transparent\/transparent_whatsapp.png' width='30' height='30' style='' class='sfcm sfsi_wicon ' data-effect=''   \/><\/a><\/div><\/div><div style='width:30px; height:30px;margin-left:10px;margin-bottom:5px; ' class='sfsi_wicons shuffeldiv ' ><div class='inerCnt'><a class=' sficn' data-effect='' target='_blank'  href='https:\/\/api.follow.it\/widgets\/icon\/VUlqbFQ4d1I5d05jbFdNRWdXaThSK0Vza3RBcDZrT3Y4akNldzhxUVBmUFNjQ3dlUnpnQVphRFVNcm40SXZGaFczK01jOFF0SExaMGNIWi9BZy96S2MydkgzaDNWWFBjYU9MbjY5M3lUcjVLYU5TN3NOaEs3VmJ4bytROHI4b1d8eEV6SFU5OTFjQ1B0YkRJNkEzUlJEbEhIWVRkZGM0b0FRTEQyRDlyb2o2UT0=\/OA==\/' id='sfsiid_email_icon' style='width:30px;height:30px;opacity:1;'  ><img data-pin-nopin='true' alt='Follow by Email' title='Follow by Email' src='https:\/\/rethinkbcn.cat\/wp-content\/plugins\/ultimate-social-media-icons\/images\/icons_theme\/transparent\/transparent_email.png' width='30' height='30' style='' class='sfcm sfsi_wicon ' data-effect=''   \/><\/a><\/div><\/div><\/div ><div id=\"sfsi_holder\" class=\"sfsi_holders\" style=\"position: relative; float: left;width:100%;z-index:-1;\"><\/div ><script>window.addEventListener(\"sfsi_functions_loaded\", function() \r\n\t\t\t{\r\n\t\t\t\tif (typeof sfsi_widget_set == \"function\") {\r\n\t\t\t\t\tsfsi_widget_set();\r\n\t\t\t\t}\r\n\t\t\t}); <\/script><div style=\"clear: both;\"><\/div><\/div><\/td>\n<\/tr>\n<\/tbody>\n<\/table>\n<p>&nbsp;<\/p>\n<p>[\/et_pb_text][\/et_pb_column][\/et_pb_row][\/et_pb_section][et_pb_section fb_built=\u00bb1&#8243; _builder_version=\u00bb4.8.2&#8243; _module_preset=\u00bbdefault\u00bb da_disable_devices=\u00bboff|off|off\u00bb da_is_popup=\u00bboff\u00bb da_exit_intent=\u00bboff\u00bb da_has_close=\u00bbon\u00bb da_alt_close=\u00bboff\u00bb da_dark_close=\u00bboff\u00bb da_not_modal=\u00bbon\u00bb da_is_singular=\u00bboff\u00bb da_with_loader=\u00bboff\u00bb da_has_shadow=\u00bbon\u00bb][et_pb_row _builder_version=\u00bb4.8.2&#8243; _module_preset=\u00bbdefault\u00bb][et_pb_column type=\u00bb4_4&#8243; _builder_version=\u00bb4.8.2&#8243; _module_preset=\u00bbdefault\u00bb][et_pb_post_nav in_same_term=\u00bbon\u00bb prev_text=\u00bbArticle anterior\u00bb next_text=\u00bbArticle posterior\u00bb _builder_version=\u00bb4.8.2&#8243; _module_preset=\u00bbdefault\u00bb][\/et_pb_post_nav][\/et_pb_column][\/et_pb_row][\/et_pb_section]<\/p>\n","protected":false},"excerpt":{"rendered":"<p>Diferentes art\u00edculos y teletipos de agencias recogen la creaci\u00f3n del nuevo digital de Fomento del Trabajo Rethink Barcelona.<\/p>\n","protected":false},"author":1,"featured_media":5429,"comment_status":"open","ping_status":"open","sticky":false,"template":"","format":"standard","meta":{"_et_pb_use_builder":"on","_et_pb_old_content":"[et_pb_section fb_built=\"1\" _builder_version=\"4.8.2\" _module_preset=\"default\" da_disable_devices=\"off|off|off\" da_is_popup=\"off\" da_exit_intent=\"off\" da_has_close=\"on\" da_alt_close=\"off\" da_dark_close=\"off\" da_not_modal=\"on\" da_is_singular=\"off\" da_with_loader=\"off\" da_has_shadow=\"on\"][et_pb_row _builder_version=\"4.8.2\" _module_preset=\"default\"][et_pb_column type=\"4_4\" _builder_version=\"4.8.2\" _module_preset=\"default\"][et_pb_image src=\"https:\/\/rethinkbcn.cat\/wp-content\/uploads\/2021\/02\/Home362px-1.jpg\" title_text=\"Home362px\" _builder_version=\"4.9.0\" _module_preset=\"default\" hover_enabled=\"0\" align=\"center\" sticky_enabled=\"0\"][\/et_pb_image][et_pb_text admin_label=\"Text entrada\" _builder_version=\"4.9.0\" _module_preset=\"default\" text_font=\"Averta Light||||||||\" header_text_align=\"justify\" header_2_text_align=\"justify\" header_2_font_size=\"25px\" header_6_font=\"Averta regular||||||||\" header_6_text_align=\"justify\" header_6_font_size=\"20px\" header_6_line_height=\"1.6em\" custom_margin=\"25px||||false|false\" header_2_font_size_tablet=\"21px\" header_2_font_size_phone=\"18px\" header_2_font_size_last_edited=\"on|phone\" header_6_font_size_tablet=\"18px\" header_6_font_size_phone=\"14px\" header_6_font_size_last_edited=\"on|tablet\"]<h2>LA PREMSA ES FA RESS\u00d2 DEL NAIXEMENT DE RETHINK BARCELONA<\/h2>\r\n<p><strong>LA VANGUARDIA<\/strong><br \/><a href=\"https:\/\/rethink.mtconsulting.es\/wp-content\/uploads\/2021\/02\/20201113_vANGUARDIA_tHINKtANK.pdf\" rel=\"attachment wp-att-6116\">20201113_vANGUARDIA_tHINKtANK<\/a><\/p>\r\n<p><strong>CRONICA GLOBAL<\/strong><br \/><a href=\"https:\/\/cronicaglobal.elespanol.com\/business\/foment-se-vuelca-en-alternativa-barcelona-como-gran-metropolis_405636_102.html\">https:\/\/cronicaglobal.elespanol.com\/business\/foment-se-vuelca-en-alternativa-barcelona-como-gran-metropolis_405636_102.html<\/a><\/p>\r\n<p><strong>LA REPUBLICA<\/strong><br \/><a href=\"https:\/\/www.larepublica.cat\/minut-a-minut\/foment-refunda-la-societat-destudis-economics-per-posicionar-barcelona-com-a-capital-global\/\">https:\/\/www.larepublica.cat\/minut-a-minut\/foment-refunda-la-societat-destudis-economics-per-posicionar-barcelona-com-a-capital-global\/<\/a><\/p>\r\n<p><strong>EL PERIODICO<\/strong><br \/><a href=\"https:\/\/www.elperiodico.com\/es\/economia\/20201111\/foment-crea-un-think-tank-para-repensar-barcelona-8199573\">https:\/\/www.elperiodico.com\/es\/economia\/20201111\/foment-crea-un-think-tank-para-repensar-barcelona-8199573<\/a><\/p>\r\n<p><strong>EUROPA PRESS<\/strong><br \/><a href=\"https:\/\/www.europapress.es\/catalunya\/noticia-foment-treball-refunda-societat-destudis-economics-20201111120648.html\">https:\/\/www.europapress.es\/catalunya\/noticia-foment-treball-refunda-societat-destudis-economics-20201111120648.html<\/a><\/p>\r\n<p><strong>AL DIA<\/strong><br \/><a href=\"https:\/\/www.aldia.cat\/catalunya\/territori\/noticia-foment-refunda-societat-destudis-economics-per-posicionar-barcelona-com-capital-global-20201111114657.html\">https:\/\/www.aldia.cat\/catalunya\/territori\/noticia-foment-refunda-societat-destudis-economics-per-posicionar-barcelona-com-capital-global-20201111114657.html<\/a><\/p>\r\n<p><strong>ACN<\/strong><br \/>Dimecres, 11 Novembre 2020 11:43<br \/>Redacci\u00f3<br \/>Foment refunda la Societat d'Estudis Econ\u00f2mics per posicionar Barcelona com a \"capital global\"<br \/>F\u00e9lix Riera \u00e9s el nou director de la societat<br \/>ACN Barcelona .- Foment ha refundat la Societat d'Estudis Econ\u00f2mics i ha creat la Societat Barcelonesa d'Estudis Econ\u00f2mics i Socials. Aquest nou instrument centrar\u00e0 els seus treballs en tots els aspectes socials, econ\u00f2mics, urban\u00edstics, culturals i internacionals de Barcelona i la seva metr\u00f2poli. L'objectiu \u00e9s contribuir a millorar la relaci\u00f3 de la capital catalana amb Catalunya, Espanya i Europa per encarar un futur com a \"capital global\". \"Barcelona, i per causa de l'impacte de la covid-19, necessita repensar-se en molts aspectes per afrontar el present i el futur. El di\u00e0leg i la col\u00b7laboraci\u00f3 p\u00fablicoprivada han de ser imprescindibles en aquest sentit\", ha manifestat la confederaci\u00f3.<br \/>F\u00e9lix Riera ha estat nomenat director de la nova societat. La Societat d'Estudis Econ\u00f2mics va ser fundada el 1907 per l'aleshores secretari general de Foment del Treball, Guillem Graell i Moles, com un instrument d'estudi i pensament. Un altre d'aquests organismes \u00e9s l'Institut d'Estudis Estrat\u00e8gics, el think tank de la patronal, que ara abordar\u00e0 totes les q\u00fcestions d'\u00e0mbit m\u00e9s general.<\/p>[\/et_pb_text][et_pb_text admin_label=\"Share\" _builder_version=\"4.8.2\" _module_preset=\"default\" width=\"26%\" module_alignment=\"left\" module_alignment_tablet=\"left\" module_alignment_phone=\"left\" module_alignment_last_edited=\"on|phone\" border_width_all=\"0px\"]<table style=\"border-collapse: collapse; width: 0%; height: 27px; border-color: #000000;\">\r\n<tbody>\r\n<tr style=\"height: 22px;\">\r\n<td style=\"width: 11.5332%; height: 22px;\">share:<\/td>\r\n<td style=\"width: 88.4667%; text-align: justify; border-color: #000000; vertical-align: middle; height: 22px;\">[DISPLAY_ULTIMATE_SOCIAL_ICONS]<\/td>\r\n<\/tr>\r\n<\/tbody>\r\n<\/table>\r\n<p>\u00a0<\/p>[\/et_pb_text][\/et_pb_column][\/et_pb_row][\/et_pb_section][et_pb_section fb_built=\"1\" _builder_version=\"4.8.2\" _module_preset=\"default\" da_disable_devices=\"off|off|off\" da_is_popup=\"off\" da_exit_intent=\"off\" da_has_close=\"on\" da_alt_close=\"off\" da_dark_close=\"off\" da_not_modal=\"on\" da_is_singular=\"off\" da_with_loader=\"off\" da_has_shadow=\"on\"][et_pb_row _builder_version=\"4.8.2\" _module_preset=\"default\"][et_pb_column type=\"4_4\" _builder_version=\"4.8.2\" _module_preset=\"default\"][et_pb_post_nav in_same_term=\"on\" prev_text=\"Article anterior\" next_text=\"Article posterior\" _builder_version=\"4.8.2\" _module_preset=\"default\"][\/et_pb_post_nav][\/et_pb_column][\/et_pb_row][\/et_pb_section]","_et_gb_content_width":""},"categories":[99],"tags":[],"_links":{"self":[{"href":"https:\/\/rethinkbcn.cat\/es\/wp-json\/wp\/v2\/posts\/6868"}],"collection":[{"href":"https:\/\/rethinkbcn.cat\/es\/wp-json\/wp\/v2\/posts"}],"about":[{"href":"https:\/\/rethinkbcn.cat\/es\/wp-json\/wp\/v2\/types\/post"}],"author":[{"embeddable":true,"href":"https:\/\/rethinkbcn.cat\/es\/wp-json\/wp\/v2\/users\/1"}],"replies":[{"embeddable":true,"href":"https:\/\/rethinkbcn.cat\/es\/wp-json\/wp\/v2\/comments?post=6868"}],"version-history":[{"count":22,"href":"https:\/\/rethinkbcn.cat\/es\/wp-json\/wp\/v2\/posts\/6868\/revisions"}],"predecessor-version":[{"id":10343,"href":"https:\/\/rethinkbcn.cat\/es\/wp-json\/wp\/v2\/posts\/6868\/revisions\/10343"}],"wp:featuredmedia":[{"embeddable":true,"href":"https:\/\/rethinkbcn.cat\/es\/wp-json\/wp\/v2\/media\/5429"}],"wp:attachment":[{"href":"https:\/\/rethinkbcn.cat\/es\/wp-json\/wp\/v2\/media?parent=6868"}],"wp:term":[{"taxonomy":"category","embeddable":true,"href":"https:\/\/rethinkbcn.cat\/es\/wp-json\/wp\/v2\/categories?post=6868"},{"taxonomy":"post_tag","embeddable":true,"href":"https:\/\/rethinkbcn.cat\/es\/wp-json\/wp\/v2\/tags?post=6868"}],"curies":[{"name":"wp","href":"https:\/\/api.w.org\/{rel}","templated":true}]}}