{"id":5969,"date":"2021-02-28T11:45:06","date_gmt":"2021-02-28T10:45:06","guid":{"rendered":"https:\/\/rethink.mtconsulting.es\/?p=5969"},"modified":"2021-03-02T08:18:56","modified_gmt":"2021-03-02T07:18:56","slug":"unaciudadsehacegrandecuandosedaunesfuerzocolectivoprivadoypublico","status":"publish","type":"post","link":"https:\/\/rethinkbcn.cat\/es\/unaciudadsehacegrandecuandosedaunesfuerzocolectivoprivadoypublico\/","title":{"rendered":"NARC\u00cdS SERRA: \u00abUNA CIUDAD CRECE CUANDO SE PRODUCE UN ESFUERZO COLECTIVO, PRIVADO Y P\u00daBLICO\u00bb"},"content":{"rendered":"<p>[et_pb_section fb_built=\u00bb1&#8243; disabled_on=\u00bboff|off|off\u00bb _builder_version=\u00bb4.8.2&#8243; _module_preset=\u00bbdefault\u00bb custom_margin=\u00bb||||false|false\u00bb da_disable_devices=\u00bboff|off|off\u00bb da_is_popup=\u00bboff\u00bb da_exit_intent=\u00bboff\u00bb da_has_close=\u00bbon\u00bb da_alt_close=\u00bboff\u00bb da_dark_close=\u00bboff\u00bb da_not_modal=\u00bbon\u00bb da_is_singular=\u00bboff\u00bb da_with_loader=\u00bboff\u00bb da_has_shadow=\u00bbon\u00bb][et_pb_row _builder_version=\u00bb4.8.1&#8243; _module_preset=\u00bbdefault\u00bb][et_pb_column type=\u00bb4_4&#8243; _builder_version=\u00bb4.8.1&#8243; _module_preset=\u00bbdefault\u00bb][et_pb_text admin_label=\u00bbTitular entrada\u00bb _builder_version=\u00bb4.9.0&#8243; _module_preset=\u00bbdefault\u00bb text_font=\u00bbAverta Light||||||||\u00bb header_font_size=\u00bb36px\u00bb header_4_font=\u00bbAverta regular||||||||\u00bb header_4_font_size=\u00bb20px\u00bb header_4_line_height=\u00bb1.6em\u00bb header_5_line_height=\u00bb1.6em\u00bb header_6_font=\u00bbAverta regular||||||||\u00bb header_6_font_size=\u00bb16px\u00bb header_6_line_height=\u00bb1.2em\u00bb header_font_size_tablet=\u00bb30px\u00bb header_font_size_phone=\u00bb24px\u00bb header_font_size_last_edited=\u00bbon|phone\u00bb header_6_font_size_tablet=\u00bb\u00bb header_6_font_size_phone=\u00bb16px\u00bb header_6_font_size_last_edited=\u00bbon|phone\u00bb]<\/p>\n<h1 style=\"text-align: center;\">NARC\u00cdS SERRA: \u00abUNA CIUDAD SE HACE GRANDE CUANDO SE DA UN ESFUERZO COLECTIVO, PRIVADO Y P\u00daBLICO\u00bb<\/h1>\n<h6 style=\"text-align: center;\">El primer alcalde democr\u00e1tico de Barcelona opina que hasta que Catalu\u00f1a no encuentre objetivos pol\u00edticos compartidos por una gran mayor\u00eda de catalanes, ser\u00e1 muy dif\u00edcil hacer pol\u00edticas estables y potentes en la ciudad<\/h6>\n<div><\/div>\n<h6 style=\"text-align: center;\"><\/h6>\n<p>[\/et_pb_text][et_pb_image src=\u00bbhttps:\/\/rethink.mtconsulting.es\/wp-content\/uploads\/2021\/02\/serra.jpg\u00bb title_text=\u00bbserra\u00bb align=\u00bbcenter\u00bb admin_label=\u00bbImatge entrada\u00bb _builder_version=\u00bb4.8.2&#8243; _module_preset=\u00bbdefault\u00bb][\/et_pb_image][et_pb_text disabled_on=\u00bbon|on|off\u00bb admin_label=\u00bbText entrada escriptori\u00bb _builder_version=\u00bb4.9.0&#8243; _module_preset=\u00bbdefault\u00bb text_font=\u00bbAverta Light||||||||\u00bb header_font_size=\u00bb36px\u00bb header_4_font=\u00bbAverta regular||||||||\u00bb header_4_font_size=\u00bb20px\u00bb header_4_line_height=\u00bb1.6em\u00bb header_5_line_height=\u00bb1.6em\u00bb header_6_font=\u00bbAverta regular||||||||\u00bb header_6_font_size=\u00bb16px\u00bb header_6_line_height=\u00bb1.5em\u00bb hover_enabled=\u00bb0&#8243; header_font_size_tablet=\u00bb30px\u00bb header_font_size_phone=\u00bb24px\u00bb header_font_size_last_edited=\u00bbon|phone\u00bb header_6_font_size_tablet=\u00bb\u00bb header_6_font_size_phone=\u00bb14px\u00bb header_6_font_size_last_edited=\u00bbon|phone\u00bb sticky_enabled=\u00bb0&#8243;]<\/p>\n<p><strong>por Manel Manchon<\/strong><\/p>\n<div>\n<p class=\"Cos\" style=\"text-align: justify;\"><b><span lang=\"CA\">Narc\u00eds Serra<\/span><\/b><span lang=\"CA\"> (Barcelona, 1943) lo ha sido todo a la pol\u00edtica espa\u00f1ola. Cambi\u00f3 el\u00a0<\/span><span lang=\"CA\">Ej\u00e9rcito, como ministro de Defensa, haciendo de las fuerzas armadas espa\u00f1olas un operativo moderno, valorado internacionalmente, con una participaci\u00f3n activa en diferentes misiones internacionales. Despu\u00e9s d<\/span><span dir=\"RTL\" lang=\"AR-SA\">\u2019<\/span><span lang=\"CA\">aquel periodo, entre 1982 y 1991, fue designado vicepresidente del Gobierno espa\u00f1ol, presidido por Felipe Gonz\u00e1lez, hasta el 1995. Pero <b>Serra fue el primer alcalde democr\u00e1tico de Barcelona<\/b>, despu\u00e9s de la dictadura, el 1979. Y tom\u00f3 una decisi\u00f3n que lo colocar\u00eda directamente en los libros d<\/span><span dir=\"RTL\" lang=\"AR-SA\">\u2019<\/span><span lang=\"CA\">Historia de la ciudad. <b>Pidi\u00f3, como alcalde, los Juegos Ol\u00edmpicos para Barcelona<\/b> que se celebrar\u00edan el 1992. Serra ofrece en esta entrevista su valoraci\u00f3n de las necesidades, ahora, de la capital catalana, con una idea central: <\/span><b><span dir=\"RTL\" lang=\"AR-SA\">\u201c<\/span><\/b><b><span lang=\"CA\">Hasta que Catalu\u00f1a no encuentre objetivos pol\u00edticos compartidos por una gran mayor\u00eda de catalanes, ser\u00e1 muy dif\u00edcil hacer pol\u00edticas estables y potentes en Barcelona<\/span><\/b><span lang=\"CA\">\u201d. Y tiene claro que<\/span><b><span dir=\"RTL\" lang=\"AR-SA\"> \u201c<\/span><\/b><b><span lang=\"CA\">una ciudad se hace grande cuando se da un esfuerzo colectivo, privado y p\u00fablico\u201d. <\/span><\/b><\/p>\n<p class=\"Cos\" style=\"text-align: justify;\"><b><span lang=\"CA\">Barcelona es ahora la ciudad que usted hab\u00eda pensado como alcalde justo en la frontera entre finales de los a\u00f1os setenta y los primeros ochenta?<\/span><\/b><\/p>\n<\/div>\n<div style=\"text-align: justify;\">\n<p class=\"Cos\"><span lang=\"CA\">En mi etapa como alcalde, la preocupaci\u00f3n prioritaria era resolver cuestiones del momento. No era la de proyectar una ciudad del futuro, que, en realidad, solo se pudo hacer a partir de los Juegos Ol\u00edmpicos, cuando se tuvo la seguridad de hacer una apuesta tan arriesgada y de que saliera bien. Es indudable que la situaci\u00f3n ahora es bastante diferente de la de 1979, y, todav\u00eda m\u00e1s, en la Barcelona anterior.<\/span><\/p>\n<p><b><span lang=\"CA\">Una ciudad que se proyecta a partir de los Juegos Ol\u00ed<\/span><\/b><b><span lang=\"CA\">mpicos?<\/span><\/b><\/p>\n<\/div>\n<div style=\"text-align: justify;\">\n<p class=\"Cos\"><span lang=\"CA\">Y antes tambi\u00e9n, lo que pasa es que en el periodo en el cual fui alcalde, el antes que nada fue preparar el terreno, un tipo de tanteo, teniendo en cuenta que el que angustiaba era equilibrar el presupuesto. L<\/span><span dir=\"RTL\" lang=\"AR-SA\">\u2019<\/span><span lang=\"CA\">a\u00f1o 1979, Barcelona hab\u00eda d<\/span><span dir=\"RTL\" lang=\"AR-SA\">\u2019<\/span><span lang=\"CA\">afrontar cada mes un gasto que era el doble del que ingresaba. El d\u00e9ficit era enorme. Una vez se pudo orientar la cuesti\u00f3n de las cuentas p\u00fablicas, fue importando el que hice, pidiendo apoyo conjuntamente con las ciudades m\u00e1s importantes. El Gobierno central reaccion\u00f3 para encontrar soluciones. Pero el que pod\u00edamos hacer, entonces, era limitado. S<\/span><span dir=\"RTL\" lang=\"AR-SA\">\u2019<\/span><span lang=\"CA\">impulsaban plazoletas, como la Plaza de la Merced, o la Plaza S\u00f3ller, a Nueve Barrios, con esculturas de Corber\u00f3. Pero poca cosa m\u00e1s que atender el d\u00eda a d\u00eda. Sin un proyecto general no se pod\u00eda hacer gran cosa. En la ciudad le dimos consistencia con los Juegos, y nos atrevimos, entonces, a pensar en las rondas y al abrir Barcelona en el mar. Pero una ciudad no se hace grande por todo esto. Una ciudad se hace grande cuando hay un esfuerzo colectivo, esfuerzo privado y p\u00fablico. A veces se llama que los alcaldes tienen que solucionar problemas simples e inmediatos. Pero yo creo que tienen encargos m\u00e1s importantes y un d<\/span><span dir=\"RTL\" lang=\"AR-SA\">\u2019<\/span><span lang=\"CA\">ellos es el de cultivar l<\/span><span dir=\"RTL\" lang=\"AR-SA\">\u2019<\/span><span lang=\"CA\">esp\u00edritu de la ciudad, como fen\u00f3meno c\u00edvico. Estoy en contra de decir que abordar el problema del tr\u00e1fico o del cambio clim\u00e1tico ya es suficiente. Entonces tendr\u00edan raz\u00f3n los que reclaman m\u00e1s apoyo a la cultura. Barcelona necesita una gesti\u00f3n humana potente. Y en la gesti\u00f3n de los Juegos, se trataba d<\/span><span dir=\"RTL\" lang=\"AR-SA\">\u2019<\/span><span lang=\"CA\">una propuesta que no divid\u00eda, sino que sumaba, que un\u00eda, que es el gran problema que Catalu\u00f1a tiene hoy. Creo que tener propuestas que unan es lo m\u00e1s importante.<\/span><\/p>\n<p class=\"Cos\"><b><span lang=\"CA\">Ahora, con la pandemia, el nivel del turismo ha retrocedido a la situaci\u00f3n anterior a los Juegos. Pero la ciudad, como dec\u00eda, es muy diferente. Puede haber, en todo caso, alg\u00fan paralelismo con aquella situaci\u00f3n<\/span><\/b><b><span lang=\"CA\">?<\/span><\/b><\/p>\n<\/div>\n<div style=\"text-align: justify;\">\n<p class=\"Cos\"><span lang=\"CA\">Por los Juegos Ol\u00edmpicos se construyeron muchos hoteles, pero ocho a\u00f1os m\u00e1s tarde se hicieron muchos m\u00e1s de los que n<\/span><span dir=\"RTL\" lang=\"AR-SA\">\u2019<\/span><span lang=\"CA\">hab\u00eda. Es cierto que se podr\u00eda morir de \u00e9xito, que se necesita una gesti\u00f3n \u00f3ptima del turismo. Pero esta comparaci\u00f3n, a partir de la pandemia, no se puede hacer, porque la ciudad ha cambiado mucho y el que ha pasado era impensable, con muchos muertos por el virus del covid. A pesar de todo, con las vacunaciones, esto tendr\u00e1 un final y el turismo se recuperar\u00e1. El problema que yo veo es si tendremos la capacidad en la reconstrucci\u00f3n del tejido econ\u00f3mico y social de resolver algunos problemas del pasado.<\/span><\/p>\n<p class=\"Cos\"><b><span lang=\"CA\">A que se refiere?<\/span><\/b><\/p>\n<\/div>\n<div style=\"text-align: justify;\">\n<p class=\"Cos\"><span lang=\"CA\">Catalu\u00f1a tiene una gran carencia de liderazgo<\/span><span lang=\"CA\">, de personas que puedan salir adelante proyectos unificadores de la sociedad catalana. Se trata d<\/span><span dir=\"RTL\" lang=\"AR-SA\">\u2019<\/span><span lang=\"CA\">una carencia pol\u00edtica y tambi\u00e9n econ\u00f3mica. Tambi\u00e9n pasa en el terreno econ\u00f3mico, cultural y acad\u00e9mico.<\/span><\/p>\n<p class=\"Cos\"><b><span lang=\"CA\">A partir d<\/span><\/b><b><span dir=\"RTL\" lang=\"AR-SA\">\u2019<\/span><\/b><b><span lang=\"CA\">esta reflexi\u00f3n, como s<\/span><\/b><b><span dir=\"RTL\" lang=\"AR-SA\">\u2019<\/span><\/b><b><span lang=\"CA\">entiende que, teniendo escuelas de negocio ocupando los mejores lugares de los rankings mundiales, no tengamos esta \u00e9lite preparada para el servicio p\u00fablico. Donde est\u00e1 <\/span><\/b><b><span lang=\"CA\">la gente buena?<\/span><\/b><\/p>\n<\/div>\n<div style=\"text-align: justify;\">\n<p class=\"Cos\"><span lang=\"CA\">Es que nos hace falta tambi\u00e9n hacer un examen sobre l<\/span><span dir=\"RTL\" lang=\"AR-SA\">\u2019<\/span><span lang=\"CA\">ense\u00f1anza elitista de car\u00e1cter anglosaj\u00f3n. Est\u00e1 bien para ganar dinero, pero no para servir a la sociedad. Adem\u00e1s, hay que mencionar que muchos d<\/span><span dir=\"RTL\" lang=\"AR-SA\">\u2019<\/span><span lang=\"CA\">estos centros de negocios utilizan un argumento para atraer alumnos a partir del salario mediano que cobrar\u00e1n cuando salgan, y a m\u00ed me parece una idea muy equivocada.<\/span><\/p>\n<\/div>\n<table class=\" alignright\" style=\"height: 123px; width: 24.515503875968992%; border-collapse: collapse; border-top-width: 2px; border-top-style: solid; border-color: #000000; margin-left: 20px;\" cellspacing=\"15\" cellpadding=\"2\">\n<tbody>\n<tr style=\"height: 23px;\">\n<td style=\"width: 100%; height: 23px; border: 2px solid #000;\">\n<h4>\u00abLo que se debe ir consiguiendo como objetivo m\u00e1s urgente es un crecimiento m\u00e1s igualitario.\u201d<\/h4>\n<\/td>\n<\/tr>\n<\/tbody>\n<\/table>\n<p>&nbsp;<\/p>\n<p><b style=\"text-align: justify;\"><span lang=\"CA\">Pero la falta de servidores p\u00fablicos es por una cuesti\u00f3n salarial? O por un cambio de prioridades? Pasqual Maragall hab\u00eda dicho bastantes veces aquello que sus amigos viernes por la tarde marchaban hacia la Cerda\u00f1a, y \u00e9l se quedaba a l<\/span><\/b><b style=\"text-align: justify;\"><span dir=\"RTL\" lang=\"AR-SA\">\u2019<\/span><\/b><b style=\"text-align: justify;\"><span lang=\"CA\">Ayuntamiento.<\/span><\/b><\/p>\n<p><span lang=\"CA\" style=\"text-align: justify;\">La falta de servidores p\u00fablicos es uno de los enormes problemas que tenemos, de gente que quiera dedicar-s<\/span><span dir=\"RTL\" lang=\"AR-SA\" style=\"text-align: justify;\">\u2019<\/span><span lang=\"CA\" style=\"text-align: justify;\">. Hay la cuesti\u00f3n de la pensi\u00f3n<\/span><span lang=\"CA\" style=\"text-align: justify;\"> de jubilaci\u00f3n. Muchos pol\u00edticos honestos, cuando se los llega l<\/span><span dir=\"RTL\" lang=\"AR-SA\" style=\"text-align: justify;\">\u2019<\/span><span lang=\"CA\" style=\"text-align: justify;\">edad de jubilaci\u00f3n, tienen que vivir con pensiones que no son coherentes con el nivel de vida anterior. Y despu\u00e9s hay la cuesti\u00f3n de la desigualdad. L<\/span><span dir=\"RTL\" lang=\"AR-SA\" style=\"text-align: justify;\">\u2019<\/span><span lang=\"CA\" style=\"text-align: justify;\">Ayuntamiento de Barcelona no se puede sustraer del que esto significa. Es general, en los Estados Unidos, a Europa o en China. En los EE. UU., l<\/span><span dir=\"RTL\" lang=\"AR-SA\" style=\"text-align: justify;\">\u2019<\/span><span lang=\"CA\" style=\"text-align: justify;\">1% de los m\u00e1s ricos se quedan el 20% de la renta; y el 5%<\/span><span lang=\"CA\" style=\"text-align: justify;\"> se queda el 50%. Es esta situaci\u00f3n, s<\/span><span dir=\"RTL\" lang=\"AR-SA\" style=\"text-align: justify;\">\u2019<\/span><span lang=\"CA\" style=\"text-align: justify;\">ha creado una figura, la de l<\/span><span dir=\"RTL\" lang=\"AR-SA\" style=\"text-align: justify;\">\u2019<\/span><span lang=\"CA\" style=\"text-align: justify;\">ejecutivo, como privilegiado social, con un salario muy alto y retribuci\u00f3n variable, que ha contribuido a esta desigualdad. Despu\u00e9s est\u00e1 la cuesti\u00f3n, ahora estudiada, que muchas d<\/span><span dir=\"RTL\" lang=\"AR-SA\" style=\"text-align: justify;\">\u2019<\/span><span lang=\"CA\" style=\"text-align: justify;\">estas personas se relacionan con personas parecidas y s<\/span><span dir=\"RTL\" lang=\"AR-SA\" style=\"text-align: justify;\">\u2019<\/span><span lang=\"CA\" style=\"text-align: justify;\">acaban casando, y uniendo carreras profesionales y personales.<\/span><\/p>\n<p><b><span lang=\"CA\">Es el que explica Milanovic, un tipo de confluencia d<\/span><\/b><b><span dir=\"RTL\" lang=\"AR-SA\">\u2019<\/span><\/b><b><span lang=\"CA\">intereses, de personas educadas, que hacen m\u00e1s grande las diferencias respecto a los que no llegan.<\/span><\/b><\/p>\n<div>\n<p class=\"Cos\"><span lang=\"CA\">S\u00ed, Milanovic, que ha estado a l<\/span><span dir=\"RTL\" lang=\"AR-SA\">\u2019<\/span><span lang=\"CA\">IBEI, \u2014Serra preside l<\/span><span dir=\"RTL\" lang=\"AR-SA\">\u2019<\/span><span lang=\"CA\">Instituto de Barcelona d<\/span><span dir=\"RTL\" lang=\"AR-SA\">\u2019<\/span><span lang=\"CA\">Estudios Internacionales (IBEI)\u2014 explica esto de los casamientos. Y es que estamos en un mundo muy diferente del de 1979. Y Barcelona no es una ciudad cerrada. Y todo esto influye en el desarrollo de la ciudad.<\/span><\/p>\n<p><img loading=\"lazy\" class=\"aligncenter wp-image-5769\" src=\"https:\/\/rethink.mtconsulting.es\/wp-content\/uploads\/2021\/02\/serra2.jpg\" alt=\"\" width=\"1024\" height=\"768\" srcset=\"https:\/\/rethink.mtconsulting.es\/wp-content\/uploads\/2021\/02\/serra2.jpg 1024w, https:\/\/rethink.mtconsulting.es\/wp-content\/uploads\/2021\/02\/serra2-480x360.jpg 480w\" sizes=\"(min-width: 0px) and (max-width: 480px) 480px, (min-width: 481px) 1024px, 100vw\" \/><\/p>\n<\/div>\n<div>\n<p class=\"Cos\"><b><span lang=\"CA\">Volvemos a las escuelas de negocios. Estudian en Barcelona muchos extranjeros, pero no se quedan, o muy pocos deciden montar negocios en la ciudad.<\/span><\/b><\/p>\n<\/div>\n<div>\n<p class=\"Cos\"><span lang=\"CA\">Ya es buena cosa que vengan, aunque no se queden, porque tendr\u00e1n un conocimiento de la ciudad y del pa\u00eds. El 70% de los estudiantes de l<\/span><span dir=\"RTL\" lang=\"AR-SA\">\u2019<\/span><span lang=\"CA\">IBEI son extranjeros. La mejor salida que tienen las universidades, las espa\u00f1olas y las catalanas, para garantizar la calidad pasa por l<\/span><span dir=\"RTL\" lang=\"AR-SA\">\u2019<\/span><span lang=\"CA\">acogida d<\/span><span dir=\"RTL\" lang=\"AR-SA\">\u2019<\/span><span lang=\"CA\">alumnos extranjeros. Si vienen es porque s<\/span><span dir=\"RTL\" lang=\"AR-SA\">\u2019<\/span><span lang=\"CA\">ofrece un nivel internacional, y esto ya homologa las universidades. Tengo muy claro que d<\/span><span dir=\"RTL\" lang=\"AR-SA\">\u2019<\/span><span lang=\"CA\">aqu\u00ed a diez a\u00f1os las universidades tendr\u00e1n que tener m\u00e1s pes, con f\u00f3rmulas de m\u00e1ster. Es verdad que s<\/span><span dir=\"RTL\" lang=\"AR-SA\">\u2019<\/span><span lang=\"CA\">tendr\u00e1 que resolver un tema complicado y es que muchos investigadores no quieren ense\u00f1ar, y muchos de los que ense\u00f1an no saben investigar. Tenemos que encontrar una buena s\u00edntesis. Y, en todo caso, estos alumnos que no se quedan, estoy seguro que contribuir\u00e1n a dar a conocer el que se hace en Barcelona y proyectar\u00e1n la imagen de la ciudad. <\/span><\/p>\n<p class=\"Cos\"><b><span lang=\"CA\">En Barcelona, le ha hecho da\u00f1o la comparaci\u00f3n continua con Madrid?<\/span><\/b><\/p>\n<\/div>\n<div>\n<p class=\"Cos\"><span lang=\"CA\">Barcelona no s<\/span><span dir=\"RTL\" lang=\"AR-SA\">\u2019<\/span><span lang=\"CA\">tiene que comparar. Pero tiene que vigilar qu\u00e9 pasa a Madrid<\/span><span lang=\"CA\">. Se trata d<\/span><span dir=\"RTL\" lang=\"AR-SA\">\u2019<\/span><span lang=\"CA\">una ciudad, Madrid, que es la capital de l<\/span><span dir=\"RTL\" lang=\"AR-SA\">\u2019<\/span><span lang=\"CA\">Sido, y tiene las ventajas de ser la capital, y, a veces, m\u00e1s del que le tocar\u00eda. Pero Barcelona no s<\/span><span dir=\"RTL\" lang=\"AR-SA\">\u2019<\/span><span lang=\"CA\">tiene que comparar, reitero, sino hacer el seguimiento para paliar posibles situaciones. <\/span><\/p>\n<p class=\"Cos\"><b><span lang=\"CA\">Siguiendo en el \u00e1mbito de l<\/span><\/b><b><span dir=\"RTL\" lang=\"AR-SA\">\u2019<\/span><\/b><b><span lang=\"CA\">educaci\u00f3n, cuando las administraciones han colaborado s<\/span><\/b><b><span dir=\"RTL\" lang=\"AR-SA\">\u2019<\/span><\/b><b><span lang=\"CA\">han conseguido grandes acuerdos, y producto d<\/span><\/b><b><span dir=\"RTL\" lang=\"AR-SA\">\u2019<\/span><\/b><b><span lang=\"CA\">este entendimiento tenemos la Universidad Carlos III a Madrid y la Universitat Pompeu Fabra en Barcelona. Colaboraron de forma estrecha el Gobierno central y la Generalitat. Esto s<\/span><\/b><b><span dir=\"RTL\" lang=\"AR-SA\">\u2019<\/span><\/b><b><span lang=\"CA\">tiene que recuperar?<\/span><\/b><\/p>\n<\/div>\n<div>\n<p class=\"Cos\"><span lang=\"CA\">El que nos ha pasado es que llevamos dos crisis seguidas. Y esto hace da\u00f1o. Si podemos salir d<\/span><span dir=\"RTL\" lang=\"AR-SA\">\u2019<\/span><span lang=\"CA\">esta situaci\u00f3n, ahora, con la campa\u00f1a masiva de vacunaci\u00f3n, podremos mirar hacia delante. La crisis de 2008 fue la m\u00e1s grave desde los a\u00f1os treinta. Y esta d<\/span><span dir=\"RTL\" lang=\"AR-SA\">\u2019<\/span><span lang=\"CA\">ahora es verdad que nos coge m\u00e1s preparados y con m\u00e1s avances tecnol\u00f3gicos. Pero, en todo caso, creo que, cada vez m\u00e1s nos convendr\u00e1 formar parte del mundo homologado que hace investigaci\u00f3n. Si no lo hacemos, lo pagaremos muy caro. Si tuviera que dibujar una ciudad ideal, o la que m<\/span><span dir=\"RTL\" lang=\"AR-SA\">\u2019<\/span><span lang=\"CA\">gustar\u00eda hacer, dir\u00eda que tiene que ser una ciudad que tenga mucha cura del bienestar. Barcelona esto lo puede tener. No es Tokyo, no es M\u00e9xico DF. Es una ciudad peque\u00f1a, pero suficiente para ser una plataforma mundial. La dimensi\u00f3n es relativa, el problema serio que tenemos es la creaci\u00f3n de l\u00edderes. Y pienso que ser\u00e1 m\u00e1s determinante esta creaci\u00f3n de l\u00edderes que l<\/span><span dir=\"RTL\" lang=\"AR-SA\">\u2019<\/span><span lang=\"CA\">actitud del Gobierno central apoyando a Madrid.<\/span><\/p>\n<p><b><span lang=\"CA\">Entonces, estamos hablando d<\/span><\/b><b><span dir=\"RTL\" lang=\"AR-SA\">\u2019<\/span><\/b><b><span lang=\"CA\">un problema interno, m\u00e1s que externo, respecto al Gobierno d<\/span><\/b><b><span dir=\"RTL\" lang=\"AR-SA\">\u2019<\/span><\/b><b><span lang=\"CA\">Espa\u00f1a.<\/span><\/b><\/p>\n<\/div>\n<div>\n<p class=\"Cos\">S\u00ed, pero no solo. Hasta que Catalu\u00f1a no encuentre objetivos pol\u00edticos compartidos por una gran mayor\u00eda de catalanes, ser\u00e1 muy dif\u00edcil hacer pol\u00edticas estables y potentes en Barcelona.<\/p>\n<p><b><span lang=\"CA\">Barcelona y Catalu\u00f1a son indisociables?<\/span><\/b><\/p>\n<\/div>\n<div>\n<p class=\"Cos\">Barcelona es la plataforma de servicios de Catalu\u00f1a, que tiene una necesidad imperiosa de potenciar esta plataforma de servicios que es la ciudad de Barcelona.<\/p>\n<p class=\"Cos\"><b><span lang=\"CA\">Hay una idea, en todos los debates sobre la ciudad, que apunta que Barcelona tendr\u00eda que ser la grande tractora econ\u00f3mica de Catalu\u00f1a, con un alto precio por sus vecinos. Es decir, que se renuncie a vivir en el centro de la ciudad, y que se destine el casco urbano al turismo, a la productividad tecnol\u00f3gica, en las escuelas de negocio. A cambio, podremos vivir todos en la segunda, tercera o cuarta corona, muy conectados con la ciudad. Vamos hacia aqu\u00ed, o se podr\u00e1 combinar los diferentes intereses?<\/span><\/b><\/p>\n<\/div>\n<div>\n<p class=\"Cos\"><span lang=\"CA\">Creo que se puede combinar. Ahora, yo no soy lo m\u00e1s id\u00f3neo para decirlo, porque vivo en la segunda corona. Pero, en todo caso, esto me lleva a decir que s<\/span><span dir=\"RTL\" lang=\"AR-SA\">\u2019<\/span><span lang=\"CA\">tienen que hacer cosas, y que el Quart cintur\u00f3n habr\u00eda d<\/span><span dir=\"RTL\" lang=\"AR-SA\">\u2019<\/span><span lang=\"CA\">estar hecho, o el t\u00fanel de Cerdanyola<\/span><span lang=\"CA\">, aunque fuera solo por el Metro.<\/span><\/p>\n<p class=\"Cos\"><b><span lang=\"CA\">Hay una idea que s<\/span><\/b><b><span dir=\"RTL\" lang=\"AR-SA\">\u2019<\/span><\/b><b><span lang=\"CA\">ha extendido y es que si uno vive en un barrio, se genera un tipo de derecho de vivir siempre en aquel barrio. S<\/span><\/b><b><span dir=\"RTL\" lang=\"AR-SA\">\u2019<\/span><\/b><b><span lang=\"CA\">tiene que apoyar o pensar que ya no se puede garantizar a nadie <\/span><\/b><b><span lang=\"CA\">donde puede vivir?<\/span><\/b><\/p>\n<\/div>\n<div>\n<p class=\"Cos\"><span lang=\"CA\">A ver, el problema est\u00e1 relacionado con la renta. Si los vecinos que se ven obligados a dejar su barrio pudieran vivir en otro, no habr\u00eda d<\/span><span dir=\"RTL\" lang=\"AR-SA\">\u2019<\/span><span lang=\"CA\">haber protestas. La cuesti\u00f3n es que se<\/span><span dir=\"RTL\" lang=\"AR-SA\">\u2019<\/span><span lang=\"CA\">ls env\u00eda a la marginalidad<\/span><span lang=\"CA\">. Es l<\/span><span dir=\"RTL\" lang=\"AR-SA\">\u2019<\/span><span lang=\"CA\">llamada gentrificaci\u00f3n. S<\/span><span dir=\"RTL\" lang=\"AR-SA\">\u2019<\/span><span lang=\"CA\">expulsa al d\u00e9bil. Y es evidente que calen pol\u00edticas d<\/span><span dir=\"RTL\" lang=\"AR-SA\">\u2019<\/span><span lang=\"CA\">vivienda.<\/span><\/p>\n<p class=\"Cos\"><b><span lang=\"CA\">C\u00f3mo es posible que s<\/span><\/b><b><span dir=\"RTL\" lang=\"AR-SA\">\u2019<\/span><\/b><b><span lang=\"CA\">haya hecho tan poco en pol\u00edtica d<\/span><\/b><b><span dir=\"RTL\" lang=\"AR-SA\">\u2019<\/span><\/b><b><span lang=\"CA\">vivienda? Otras ciudades a Europa tienen porcentajes del 30%-35% d<\/span><\/b><b><span dir=\"RTL\" lang=\"AR-SA\">\u2019<\/span><\/b><b><span lang=\"CA\">vivienda p\u00fablica y algunas todav\u00eda m\u00e1s.<\/span><\/b><\/p>\n<\/div>\n<div>\n<p class=\"Cos\"><span lang=\"CA\">Porque no n<\/span><span dir=\"RTL\" lang=\"AR-SA\">\u2019<\/span><span lang=\"CA\">hab\u00eda conciencia. Supongo que ahora n<\/span><span dir=\"RTL\" lang=\"AR-SA\">\u2019<\/span><span lang=\"CA\">habr\u00e1. Y se necesita horizontes de diez a\u00f1os o m\u00e1s. Cuando era alcalde, el gasto m\u00e1s grande que destinaba Barcelona era por Sanidad, por l<\/span><span dir=\"RTL\" lang=\"AR-SA\">\u2019<\/span><span lang=\"CA\">Hospital de Mar, que era de l<\/span><span dir=\"RTL\" lang=\"AR-SA\">\u2019<\/span><span lang=\"CA\">Ayuntamiento, o por l<\/span><span dir=\"RTL\" lang=\"AR-SA\">\u2019<\/span><span lang=\"CA\">Hospital de l<\/span><span dir=\"RTL\" lang=\"AR-SA\">\u2019<\/span><span lang=\"CA\">Esperan\u00e7a. Ahora no lo son. Despu\u00e9s, tambi\u00e9n se destinaba mucho por educaci\u00f3n. Ahora estos gastos ya no las hace l<\/span><span dir=\"RTL\" lang=\"AR-SA\">\u2019<\/span><span lang=\"CA\">Ayuntamiento. Por lo tanto, hay recursos que s<\/span><span dir=\"RTL\" lang=\"AR-SA\">\u2019<\/span><span lang=\"CA\">tienen que destinar a l<\/span><span dir=\"RTL\" lang=\"AR-SA\">\u2019<\/span><span lang=\"CA\">vivienda.<\/span><\/p>\n<p class=\"Cos\"><b><span lang=\"CA\">Todos estos servicios s<\/span><\/b><b><span dir=\"RTL\" lang=\"AR-SA\">\u2019<\/span><\/b><b><span lang=\"CA\">tendr\u00edan que poder ofrecer des d<\/span><\/b><b><span dir=\"RTL\" lang=\"AR-SA\">\u2019<\/span><\/b><b><span lang=\"CA\">un gobierno metropolitano<\/span><\/b><b><span lang=\"CA\">?<\/span><\/b><\/p>\n<\/div>\n<div>\n<p class=\"Cos\"><span lang=\"CA\">S\u00ed, claramente. Somos una metr\u00f3poli, quiera o no Madrid, o la Generalitat, que en los a\u00f1os ochenta lo impidi\u00f3. Porque no se puede negar la realidad. Los taxis son metropolitanos o los cementerios, o el servicio de l<\/span><span dir=\"RTL\" lang=\"AR-SA\">\u2019<\/span><span lang=\"CA\">agua. Barcelona necesita un cementerio y lo tendr\u00e1n que dejar hacer, sea a la primera o en la segunda corona. Creo, cada vez m\u00e1s, que los proyectos s<\/span><span dir=\"RTL\" lang=\"AR-SA\">\u2019<\/span><span lang=\"CA\">han d<\/span><span dir=\"RTL\" lang=\"AR-SA\">\u2019<\/span><span lang=\"CA\">enfocar desde las realidades inmediatas, y la cuesti\u00f3n de los cementerios sirve para entender que hace falta una aproximaci\u00f3n metropolitana. Y que har\u00e1n falta buenas conexiones con los aeropuertos, conexiones ferroviarias con el Puerto mar\u00edtimo y con Europa.<\/span><\/p>\n<p><img loading=\"lazy\" class=\"aligncenter wp-image-5772\" src=\"https:\/\/rethink.mtconsulting.es\/wp-content\/uploads\/2021\/02\/serra3.jpg\" alt=\"\" width=\"1024\" height=\"768\" srcset=\"https:\/\/rethink.mtconsulting.es\/wp-content\/uploads\/2021\/02\/serra3.jpg 1024w, https:\/\/rethink.mtconsulting.es\/wp-content\/uploads\/2021\/02\/serra3-480x360.jpg 480w\" sizes=\"(min-width: 0px) and (max-width: 480px) 480px, (min-width: 481px) 1024px, 100vw\" \/><\/p>\n<\/div>\n<div>\n<p>&nbsp;<\/p>\n<p class=\"Cos\" style=\"text-align: justify;\"><b><span lang=\"CA\">Se puede ir, realmente, en esta direcci\u00f3n<\/span><\/b><b><span lang=\"CA\">?<\/span><\/b><\/p>\n<\/div>\n<div style=\"text-align: justify;\">\n<p class=\"Cos\"><span lang=\"CA\">Si acabamos con las crisis y si el PIB vuelve a crecer, ser\u00e1 m\u00e1s f\u00e1cil. Recuerdo que a dieciocho a\u00f1os, cuando empec\u00e9 a estudiar Econ\u00f3micas, le\u00ed un estudio del Banco Mundial que ten\u00eda mi padre. Entonces ya se hablaba de l<\/span><span dir=\"RTL\" lang=\"AR-SA\">\u2019<\/span><span lang=\"CA\">eje mediterr\u00e1neo. Y creo que s<\/span><span dir=\"RTL\" lang=\"AR-SA\">\u2019<\/span><span lang=\"CA\">ha tardado demasiado tiempo, y que ya es el momento de hacerlo. S<\/span><span dir=\"RTL\" lang=\"AR-SA\">\u2019<\/span><span lang=\"CA\">ha d<\/span><span dir=\"RTL\" lang=\"AR-SA\">\u2019<\/span><span lang=\"CA\">actuar en esta l\u00ednea. De todas maneras, s<\/span><span dir=\"RTL\" lang=\"AR-SA\">\u2019<\/span><span lang=\"CA\">tiene que decir que Barcelona est\u00e1 en una buena situaci\u00f3n, con el Puerto, y con la necesidad que tendr\u00e1 China d<\/span><span dir=\"RTL\" lang=\"AR-SA\">\u2019<\/span><span lang=\"CA\">establecer todas las conexiones con Europa por el Canal de Suez. Sin dejar de banda que, despu\u00e9s de la vacunaci\u00f3n, recuperaremos l<\/span><span dir=\"RTL\" lang=\"AR-SA\">\u2019<\/span><span lang=\"CA\">aeropuerto y que tendremos la conexi\u00f3n ferroviaria con ancho europeo. Dadas las transformaciones que llevar\u00e1n a un nuevo equilibrio mundial, no estamos mal colocados. <\/span><\/p>\n<p class=\"Cos\"><b><span lang=\"CA\">Usted ha dicho que Barcelona est\u00e1 preparada para ser un referente en el \u00e1mbito del medio ambiente, para poder ser una <\/span><\/b><b><span dir=\"RTL\" lang=\"AR-SA\">\u2018<\/span><\/b><b><span lang=\"CA\">ciudad feliz\u2019, con menos emisiones contaminantes. C\u00f3mo se hace?<\/span><\/b><\/p>\n<\/div>\n<div style=\"text-align: justify;\">\n<p class=\"Cos\"><i><span lang=\"CA\">Suaviter in modo, fortiter in re<\/span><\/i><span lang=\"CA\"> (Suaves en las formas, fuertes en la idea).<b> <\/b>S<\/span><span dir=\"RTL\" lang=\"AR-SA\">\u2019<\/span><span lang=\"CA\">tiene que dialogar mucho, con los empresarios, con los hoteleros, y hablar y hablar, buscando soluciones intermedias. S<\/span><span dir=\"RTL\" lang=\"AR-SA\">\u2019<\/span><span lang=\"CA\">tiene que hablar con Fomento, y con CCOO, y con el RACC. El prestigio d<\/span><span dir=\"RTL\" lang=\"AR-SA\">\u2019<\/span><span lang=\"CA\">un alcalde est\u00e1 ligado a su capacidad d<\/span><span dir=\"RTL\" lang=\"AR-SA\">\u2019<\/span><span lang=\"CA\">empat\u00eda con todos los sectores de la ciudad. <\/span><\/p>\n<p class=\"Cos\"><b><span lang=\"CA\">Es el que carencia?<\/span><\/b><\/p>\n<\/div>\n<div style=\"text-align: justify;\">\n<p class=\"Cos\">Es el que carencia a todos los niveles, en Espa\u00f1a, a Europa&#8230;<\/p>\n<p class=\"Cos\"><b><span lang=\"CA\">Hay una propuesta que ha impulsado l<\/span><\/b><b><span dir=\"RTL\" lang=\"AR-SA\">\u2019<\/span><\/b><b><span lang=\"CA\">alcaldesa de Par\u00eds, Anne Hidalgo, sobre la ciudad de los quince minutos. Se trata que en los barrios haya todos los servicios a l<\/span><\/b><b><span dir=\"RTL\" lang=\"AR-SA\">\u2019<\/span><\/b><b><span lang=\"CA\">alcance. Pero, entonces, paga la pena vivir en una gran ciudad? Porque se podr\u00eda vivir fuera, con precios m\u00e1s razonables en cuanto a l<\/span><\/b><b><span dir=\"RTL\" lang=\"AR-SA\">\u2019<\/span><\/b><b><span lang=\"CA\">vivienda o respecto a otros servicios.<\/span><\/b><\/p>\n<\/div>\n<div style=\"text-align: justify;\">\n<p class=\"Cos\"><span lang=\"CA\">Este problema creo que est\u00e1 resuelto en Barcelona, por su medida. A Seul podr\u00eda ser una revoluci\u00f3n, o a ciertos lugares de los Estados Unidos, que van a comprar los s\u00e1bados, como si fuera una excursi\u00f3n, porque han d<\/span><span dir=\"RTL\" lang=\"AR-SA\">\u2019<\/span><span lang=\"CA\">utilizar el coche y salir fuera. Se trata de capitales de ocho o diez millones de personas. Pero no es el caso de Barcelona. El problema, quiz\u00e1s, es que el t\u00e9rmino municipal es demasiado peque\u00f1o, aunque tiene buenas relaciones con los municipios del alrededor, como L<\/span><span dir=\"RTL\" lang=\"AR-SA\">\u2019<\/span><span lang=\"CA\">Hospitalet, que cuenta con un centro importante, con rascacielos y oficinas, o Badalona, que tiene ahora un proyecto como el de las Tres Chimeneas.<\/span><\/p>\n<p class=\"Cos\"><b><span lang=\"CA\">Qu\u00e9 decisiones le habr\u00eda gustado tomar, como alcalde?<\/span><\/b><\/p>\n<\/div>\n<div style=\"text-align: justify;\">\n<p class=\"Cos\"><span lang=\"CA\">M<\/span><span dir=\"RTL\" lang=\"AR-SA\">\u2019<\/span><span lang=\"CA\">habr\u00eda gustado hacer los Juegos Ol\u00edmpicos, est\u00e1 claro. Los ped\u00ed el 1981, despu\u00e9s de la vez d<\/span><span dir=\"RTL\" lang=\"AR-SA\">\u2019<\/span><span lang=\"CA\">estado de Tejero. Y entiendo que fue un sacrificio para m\u00ed, cuando dej\u00e9 l<\/span><span dir=\"RTL\" lang=\"AR-SA\">\u2019<\/span><span lang=\"CA\">alcald\u00eda. En Madrid no quer\u00edan los Juegos, con el proyecto de l<\/span><span dir=\"RTL\" lang=\"AR-SA\">\u2019<\/span><span lang=\"CA\">Expo a Sevilla. Pero hicimos valer un argumento importante, y es que pedir los Juegos para hacerlos once a\u00f1os despu\u00e9s, quer\u00eda decir que se confiaba en el futuro d<\/span><span dir=\"RTL\" lang=\"AR-SA\">\u2019<\/span><span lang=\"CA\">Espa\u00f1a como democracia. Cuando le pides en 1981, despu\u00e9s de un golpe de estado, al rey los Juegos Ol\u00edmpicos le est\u00e1s diciendo que el 1992 Espa\u00f1a seguir\u00e1 como pa\u00eds democr\u00e1tico. Ahora, ayud\u00e9 el que pude desde Madrid. Por mi talante m<\/span><span dir=\"RTL\" lang=\"AR-SA\">\u2019<\/span><span lang=\"CA\">habr\u00eda gustado como alcalde fiero m\u00e1s en el \u00e1mbito cultural. De las cosas que hice, destacar\u00eda el convento por las monjas al Monasterio de Pedralbes, que se abri\u00f3 porque se pudiera visitar. E hicimos cosas por el Liceo, con el papel muy destacado de Llu\u00eds Portabella. Y recuerdo la gran preocupaci\u00f3n y ocupaci\u00f3n d<\/span><span dir=\"RTL\" lang=\"AR-SA\">\u2019<\/span><span lang=\"CA\">Oriol Bohigas, que fue capital. Pero, est\u00e1 claro, tambi\u00e9n podr\u00eda haber perdido las elecciones, si hubiera continuado como alcalde. <\/span><\/p>\n<p><b><span lang=\"CA\">C\u00f3mo tiene que ser Barcelona en una d\u00e9cada? En qu\u00e9 ciudad nos tenemos que mirar? \u00c1msterdam, Mil\u00e0, o podemos ser, seg\u00fan el que basura, Marsella?<\/span><\/b><\/p>\n<\/div>\n<div style=\"text-align: justify;\">\n<p class=\"Cos\"><span lang=\"CA\">Hace unos a\u00f1os dec\u00edan Niza. Pero yo creo que tenemos que ser un modelo por ciudades como Niza o \u00c1msterdam. Con una buena calidad, con menos circulaci\u00f3n de coches. Una columna importante tiene que ser la cultura. Tenemos enormes pintores y tenemos Pau Casals! Es verdad que no ser la sede de l<\/span><span dir=\"RTL\" lang=\"AR-SA\">\u2019<\/span><span lang=\"CA\">Agencia del Medicamento nos ha tocado, porque podr\u00eda haber sido un gran impulso. Pero destacamos tambi\u00e9n el que tenemos en este campo cultural, como l<\/span><span dir=\"RTL\" lang=\"AR-SA\">\u2019<\/span><span lang=\"CA\">Orquesta Ciudad de Barcelona, o la Sinf\u00f3nica del Vall\u00e8s, el Liceo, el Coro de C\u00e1mara del Palau de la M\u00fasica o el MNAC. Por lo tanto, tenemos que pensar en tres grandes patas: bienestar, cultura y ciencia y acad\u00e9mica, que incluye, por ejemplo, el C\u00edrculo d<\/span><span dir=\"RTL\" lang=\"AR-SA\">\u2019<\/span><span lang=\"CA\">Econom\u00eda.<\/span><\/p>\n<p><b><span lang=\"CA\">Pero, cuando usted se refer\u00eda a la necesidad de\u00a0<\/span><\/b><b><span lang=\"CA\">un gobierno metropolitano, c\u00f3mo debe organizarse, \u00bfcon qu\u00e9 governanza?<\/span><\/b><\/p>\n<\/div>\n<div>\n<p class=\"Cos\" style=\"text-align: justify;\">Se debe hacer de bajo arriba, del \u00e1rea metropolitana en la regi\u00f3n metropolitana. Y se deben proponer soluciones de transporte p\u00fablico. Ahora bien, para llevar a cabo determinadas soluciones, necesitas un determinado nivel de renta. Y esto es lo que se debe ir consiguiendo como objetivo m\u00e1s urgente: un crecimiento m\u00e1s igualitario.<\/p>\n<\/div>\n<p>Esta entrevista se ha realizado en el <strong>Hotel Alma<\/strong> de Barcelona.<\/p>\n<p>[\/et_pb_text][et_pb_text disabled_on=\u00bboff|off|on\u00bb admin_label=\u00bbText entrada tablet i m\u00f2bil\u00bb _builder_version=\u00bb4.9.0&#8243; _module_preset=\u00bbdefault\u00bb text_font=\u00bbAverta Light||||||||\u00bb header_font=\u00bbAverta regular||||||||\u00bb header_font_size=\u00bb36px\u00bb header_4_font=\u00bbAverta regular||||||||\u00bb header_4_line_height=\u00bb1.2em\u00bb hover_enabled=\u00bb0&#8243; header_font_size_tablet=\u00bb30px\u00bb header_font_size_phone=\u00bb24px\u00bb header_font_size_last_edited=\u00bbon|phone\u00bb sticky_enabled=\u00bb0&#8243;]<\/p>\n<p><strong>por Manel Manchon<\/strong><\/p>\n<div>\n<p class=\"Cos\" style=\"text-align: justify;\"><b><span lang=\"CA\">Narc\u00eds Serra<\/span><\/b><span lang=\"CA\"> (Barcelona, 1943) lo ha sido todo a la pol\u00edtica espa\u00f1ola. Cambi\u00f3 el\u00a0<\/span><span lang=\"CA\">Ej\u00e9rcito, como ministro de Defensa, haciendo de las fuerzas armadas espa\u00f1olas un operativo moderno, valorado internacionalmente, con una participaci\u00f3n activa en diferentes misiones internacionales. Despu\u00e9s d<\/span><span dir=\"RTL\" lang=\"AR-SA\">\u2019<\/span><span lang=\"CA\">aquel periodo, entre 1982 y 1991, fue designado vicepresidente del Gobierno espa\u00f1ol, presidido por Felipe Gonz\u00e1lez, hasta el 1995. Pero <b>Serra fue el primer alcalde democr\u00e1tico de Barcelona<\/b>, despu\u00e9s de la dictadura, el 1979. Y tom\u00f3 una decisi\u00f3n que lo colocar\u00eda directamente en los libros d<\/span><span dir=\"RTL\" lang=\"AR-SA\">\u2019<\/span><span lang=\"CA\">Historia de la ciudad. <b>Pidi\u00f3, como alcalde, los Juegos Ol\u00edmpicos para Barcelona<\/b> que se celebrar\u00edan el 1992. Serra ofrece en esta entrevista su valoraci\u00f3n de las necesidades, ahora, de la capital catalana, con una idea central: <\/span><b><span dir=\"RTL\" lang=\"AR-SA\">\u201c<\/span><\/b><b><span lang=\"CA\">Hasta que Catalu\u00f1a no encuentre objetivos pol\u00edticos compartidos por una gran mayor\u00eda de catalanes, ser\u00e1 muy dif\u00edcil hacer pol\u00edticas estables y potentes en Barcelona<\/span><\/b><span lang=\"CA\">\u201d. Y tiene claro que<\/span><b><span dir=\"RTL\" lang=\"AR-SA\"> \u201c<\/span><\/b><b><span lang=\"CA\">una ciudad se hace grande cuando se da un esfuerzo colectivo, privado y p\u00fablico\u201d. <\/span><\/b><\/p>\n<p class=\"Cos\" style=\"text-align: justify;\"><b><span lang=\"CA\">Barcelona es ahora la ciudad que usted hab\u00eda pensado como alcalde justo en la frontera entre finales de los a\u00f1os setenta y los primeros ochenta?<\/span><\/b><\/p>\n<\/div>\n<div style=\"text-align: justify;\">\n<p class=\"Cos\"><span lang=\"CA\">En mi etapa como alcalde, la preocupaci\u00f3n prioritaria era resolver cuestiones del momento. No era la de proyectar una ciudad del futuro, que, en realidad, solo se pudo hacer a partir de los Juegos Ol\u00edmpicos, cuando se tuvo la seguridad de hacer una apuesta tan arriesgada y de que saliera bien. Es indudable que la situaci\u00f3n ahora es bastante diferente de la de 1979, y, todav\u00eda m\u00e1s, en la Barcelona anterior.<\/span><\/p>\n<p><b><span lang=\"CA\">Una ciudad que se proyecta a partir de los Juegos Ol\u00ed<\/span><\/b><b><span lang=\"CA\">mpicos?<\/span><\/b><\/p>\n<\/div>\n<div style=\"text-align: justify;\">\n<p class=\"Cos\"><span lang=\"CA\">Y antes tambi\u00e9n, lo que pasa es que en el periodo en el cual fui alcalde, el antes que nada fue preparar el terreno, un tipo de tanteo, teniendo en cuenta que el que angustiaba era equilibrar el presupuesto. L<\/span><span dir=\"RTL\" lang=\"AR-SA\">\u2019<\/span><span lang=\"CA\">a\u00f1o 1979, Barcelona hab\u00eda d<\/span><span dir=\"RTL\" lang=\"AR-SA\">\u2019<\/span><span lang=\"CA\">afrontar cada mes un gasto que era el doble del que ingresaba. El d\u00e9ficit era enorme. Una vez se pudo orientar la cuesti\u00f3n de las cuentas p\u00fablicas, fue importando el que hice, pidiendo apoyo conjuntamente con las ciudades m\u00e1s importantes. El Gobierno central reaccion\u00f3 para encontrar soluciones. Pero el que pod\u00edamos hacer, entonces, era limitado. S<\/span><span dir=\"RTL\" lang=\"AR-SA\">\u2019<\/span><span lang=\"CA\">impulsaban plazoletas, como la Plaza de la Merced, o la Plaza S\u00f3ller, a Nueve Barrios, con esculturas de Corber\u00f3. Pero poca cosa m\u00e1s que atender el d\u00eda a d\u00eda. Sin un proyecto general no se pod\u00eda hacer gran cosa. En la ciudad le dimos consistencia con los Juegos, y nos atrevimos, entonces, a pensar en las rondas y al abrir Barcelona en el mar. Pero una ciudad no se hace grande por todo esto. Una ciudad se hace grande cuando hay un esfuerzo colectivo, esfuerzo privado y p\u00fablico. A veces se llama que los alcaldes tienen que solucionar problemas simples e inmediatos. Pero yo creo que tienen encargos m\u00e1s importantes y un d<\/span><span dir=\"RTL\" lang=\"AR-SA\">\u2019<\/span><span lang=\"CA\">ellos es el de cultivar l<\/span><span dir=\"RTL\" lang=\"AR-SA\">\u2019<\/span><span lang=\"CA\">esp\u00edritu de la ciudad, como fen\u00f3meno c\u00edvico. Estoy en contra de decir que abordar el problema del tr\u00e1fico o del cambio clim\u00e1tico ya es suficiente. Entonces tendr\u00edan raz\u00f3n los que reclaman m\u00e1s apoyo a la cultura. Barcelona necesita una gesti\u00f3n humana potente. Y en la gesti\u00f3n de los Juegos, se trataba d<\/span><span dir=\"RTL\" lang=\"AR-SA\">\u2019<\/span><span lang=\"CA\">una propuesta que no divid\u00eda, sino que sumaba, que un\u00eda, que es el gran problema que Catalu\u00f1a tiene hoy. Creo que tener propuestas que unan es lo m\u00e1s importante.<\/span><\/p>\n<p class=\"Cos\"><b><span lang=\"CA\">Ahora, con la pandemia, el nivel del turismo ha retrocedido a la situaci\u00f3n anterior a los Juegos. Pero la ciudad, como dec\u00eda, es muy diferente. Puede haber, en todo caso, alg\u00fan paralelismo con aquella situaci\u00f3n<\/span><\/b><b><span lang=\"CA\">?<\/span><\/b><\/p>\n<\/div>\n<div style=\"text-align: justify;\">\n<p class=\"Cos\"><span lang=\"CA\">Por los Juegos Ol\u00edmpicos se construyeron muchos hoteles, pero ocho a\u00f1os m\u00e1s tarde se hicieron muchos m\u00e1s de los que n<\/span><span dir=\"RTL\" lang=\"AR-SA\">\u2019<\/span><span lang=\"CA\">hab\u00eda. Es cierto que se podr\u00eda morir de \u00e9xito, que se necesita una gesti\u00f3n \u00f3ptima del turismo. Pero esta comparaci\u00f3n, a partir de la pandemia, no se puede hacer, porque la ciudad ha cambiado mucho y el que ha pasado era impensable, con muchos muertos por el virus del covid. A pesar de todo, con las vacunaciones, esto tendr\u00e1 un final y el turismo se recuperar\u00e1. El problema que yo veo es si tendremos la capacidad en la reconstrucci\u00f3n del tejido econ\u00f3mico y social de resolver algunos problemas del pasado.<\/span><\/p>\n<p class=\"Cos\"><b><span lang=\"CA\">A que se refiere?<\/span><\/b><\/p>\n<\/div>\n<div style=\"text-align: justify;\">\n<p class=\"Cos\"><span lang=\"CA\">Catalu\u00f1a tiene una gran carencia de liderazgo<\/span><span lang=\"CA\">, de personas que puedan salir adelante proyectos unificadores de la sociedad catalana. Se trata d<\/span><span dir=\"RTL\" lang=\"AR-SA\">\u2019<\/span><span lang=\"CA\">una carencia pol\u00edtica y tambi\u00e9n econ\u00f3mica. Tambi\u00e9n pasa en el terreno econ\u00f3mico, cultural y acad\u00e9mico.<\/span><\/p>\n<p class=\"Cos\"><b><span lang=\"CA\">A partir d<\/span><\/b><b><span dir=\"RTL\" lang=\"AR-SA\">\u2019<\/span><\/b><b><span lang=\"CA\">esta reflexi\u00f3n, como s<\/span><\/b><b><span dir=\"RTL\" lang=\"AR-SA\">\u2019<\/span><\/b><b><span lang=\"CA\">entiende que, teniendo escuelas de negocio ocupando los mejores lugares de los rankings mundiales, no tengamos esta \u00e9lite preparada para el servicio p\u00fablico. Donde est\u00e1 <\/span><\/b><b><span lang=\"CA\">la gente buena?<\/span><\/b><\/p>\n<\/div>\n<div style=\"text-align: justify;\">\n<p class=\"Cos\"><span lang=\"CA\">Es que nos hace falta tambi\u00e9n hacer un examen sobre l<\/span><span dir=\"RTL\" lang=\"AR-SA\">\u2019<\/span><span lang=\"CA\">ense\u00f1anza elitista de car\u00e1cter anglosaj\u00f3n. Est\u00e1 bien para ganar dinero, pero no para servir a la sociedad. Adem\u00e1s, hay que mencionar que muchos d<\/span><span dir=\"RTL\" lang=\"AR-SA\">\u2019<\/span><span lang=\"CA\">estos centros de negocios utilizan un argumento para atraer alumnos a partir del salario mediano que cobrar\u00e1n cuando salgan, y a m\u00ed me parece una idea muy equivocada.<\/span><\/p>\n<\/div>\n<table class=\" alignright\" style=\"height: 104px; width: 99.9054%; border-collapse: collapse; border-top: 2px solid #000000; border-right-color: #000000; border-bottom-color: #000000; border-left-color: #000000; margin-left: 20px;\" cellspacing=\"15\" cellpadding=\"2\">\n<tbody>\n<tr style=\"height: 23px;\">\n<td style=\"width: 100%; height: 23px; border: 2px solid #000;\">\n<h4>\u201cLo que se debe ir consiguiendo como objetivo m\u00e1s urgente es un crecimiento m\u00e1s igualitario\u201d<\/h4>\n<\/td>\n<\/tr>\n<\/tbody>\n<\/table>\n<p>&nbsp;<\/p>\n<p>&nbsp;<\/p>\n<p>&nbsp;<\/p>\n<p>&nbsp;<\/p>\n<p><b style=\"text-align: justify;\">Pero la falta de servidores p\u00fablicos es por una cuesti\u00f3n salarial? O por un cambio de prioridades? Pasqual Maragall hab\u00eda dicho bastantes veces aquello que sus amigos viernes por la tarde marchaban hacia la Cerda\u00f1a, y \u00e9l se quedaba a l<\/b><b style=\"text-align: justify;\"><span dir=\"RTL\" lang=\"AR-SA\">\u2019<\/span><\/b><b style=\"text-align: justify;\"><span lang=\"CA\">Ayuntamiento.<\/span><\/b><\/p>\n<p><span lang=\"CA\" style=\"text-align: justify;\">La falta de servidores p\u00fablicos es uno de los enormes problemas que tenemos, de gente que quiera dedicar-s<\/span><span dir=\"RTL\" lang=\"AR-SA\" style=\"text-align: justify;\">\u2019<\/span><span lang=\"CA\" style=\"text-align: justify;\">. Hay la cuesti\u00f3n de la pensi\u00f3n<\/span><span lang=\"CA\" style=\"text-align: justify;\"> de jubilaci\u00f3n. Muchos pol\u00edticos honestos, cuando se los llega l<\/span><span dir=\"RTL\" lang=\"AR-SA\" style=\"text-align: justify;\">\u2019<\/span><span lang=\"CA\" style=\"text-align: justify;\">edad de jubilaci\u00f3n, tienen que vivir con pensiones que no son coherentes con el nivel de vida anterior. Y despu\u00e9s hay la cuesti\u00f3n de la desigualdad. L<\/span><span dir=\"RTL\" lang=\"AR-SA\" style=\"text-align: justify;\">\u2019<\/span><span lang=\"CA\" style=\"text-align: justify;\">Ayuntamiento de Barcelona no se puede sustraer del que esto significa. Es general, en los Estados Unidos, a Europa o en China. En los EE. UU., l<\/span><span dir=\"RTL\" lang=\"AR-SA\" style=\"text-align: justify;\">\u2019<\/span><span lang=\"CA\" style=\"text-align: justify;\">1% de los m\u00e1s ricos se quedan el 20% de la renta; y el 5%<\/span><span lang=\"CA\" style=\"text-align: justify;\"> se queda el 50%. Es esta situaci\u00f3n, s<\/span><span dir=\"RTL\" lang=\"AR-SA\" style=\"text-align: justify;\">\u2019<\/span><span lang=\"CA\" style=\"text-align: justify;\">ha creado una figura, la de l<\/span><span dir=\"RTL\" lang=\"AR-SA\" style=\"text-align: justify;\">\u2019<\/span><span lang=\"CA\" style=\"text-align: justify;\">ejecutivo, como privilegiado social, con un salario muy alto y retribuci\u00f3n variable, que ha contribuido a esta desigualdad. Despu\u00e9s est\u00e1 la cuesti\u00f3n, ahora estudiada, que muchas d<\/span><span dir=\"RTL\" lang=\"AR-SA\" style=\"text-align: justify;\">\u2019<\/span><span lang=\"CA\" style=\"text-align: justify;\">estas personas se relacionan con personas parecidas y s<\/span><span dir=\"RTL\" lang=\"AR-SA\" style=\"text-align: justify;\">\u2019<\/span><span lang=\"CA\" style=\"text-align: justify;\">acaban casando, y uniendo carreras profesionales y personales.<\/span><\/p>\n<p><b><span lang=\"CA\">Es el que explica Milanovic, un tipo de confluencia d<\/span><\/b><b><span dir=\"RTL\" lang=\"AR-SA\">\u2019<\/span><\/b><b><span lang=\"CA\">intereses, de personas educadas, que hacen m\u00e1s grande las diferencias respecto a los que no llegan.<\/span><\/b><\/p>\n<div>\n<p class=\"Cos\"><span lang=\"CA\">S\u00ed, Milanovic, que ha estado a l<\/span><span dir=\"RTL\" lang=\"AR-SA\">\u2019<\/span><span lang=\"CA\">IBEI, \u2014Serra preside l<\/span><span dir=\"RTL\" lang=\"AR-SA\">\u2019<\/span><span lang=\"CA\">Instituto de Barcelona d<\/span><span dir=\"RTL\" lang=\"AR-SA\">\u2019<\/span><span lang=\"CA\">Estudios Internacionales (IBEI)\u2014 explica esto de los casamientos. Y es que estamos en un mundo muy diferente del de 1979. Y Barcelona no es una ciudad cerrada. Y todo esto influye en el desarrollo de la ciudad.<\/span><\/p>\n<p><img loading=\"lazy\" class=\"aligncenter wp-image-5769\" src=\"https:\/\/rethink.mtconsulting.es\/wp-content\/uploads\/2021\/02\/serra2.jpg\" alt=\"\" width=\"1024\" height=\"768\" srcset=\"https:\/\/rethink.mtconsulting.es\/wp-content\/uploads\/2021\/02\/serra2.jpg 1024w, https:\/\/rethink.mtconsulting.es\/wp-content\/uploads\/2021\/02\/serra2-480x360.jpg 480w\" sizes=\"(min-width: 0px) and (max-width: 480px) 480px, (min-width: 481px) 1024px, 100vw\" \/><\/p>\n<\/div>\n<div>\n<p>&nbsp;<\/p>\n<p class=\"Cos\"><b><span lang=\"CA\">Volvemos a las escuelas de negocios. Estudian en Barcelona muchos extranjeros, pero no se quedan, o muy pocos deciden montar negocios en la ciudad.<\/span><\/b><\/p>\n<\/div>\n<div>\n<p class=\"Cos\"><span lang=\"CA\">Ya es buena cosa que vengan, aunque no se queden, porque tendr\u00e1n un conocimiento de la ciudad y del pa\u00eds. El 70% de los estudiantes de l<\/span><span dir=\"RTL\" lang=\"AR-SA\">\u2019<\/span><span lang=\"CA\">IBEI son extranjeros. La mejor salida que tienen las universidades, las espa\u00f1olas y las catalanas, para garantizar la calidad pasa por l<\/span><span dir=\"RTL\" lang=\"AR-SA\">\u2019<\/span><span lang=\"CA\">acogida d<\/span><span dir=\"RTL\" lang=\"AR-SA\">\u2019<\/span><span lang=\"CA\">alumnos extranjeros. Si vienen es porque s<\/span><span dir=\"RTL\" lang=\"AR-SA\">\u2019<\/span><span lang=\"CA\">ofrece un nivel internacional, y esto ya homologa las universidades. Tengo muy claro que d<\/span><span dir=\"RTL\" lang=\"AR-SA\">\u2019<\/span><span lang=\"CA\">aqu\u00ed a diez a\u00f1os las universidades tendr\u00e1n que tener m\u00e1s pes, con f\u00f3rmulas de m\u00e1ster. Es verdad que s<\/span><span dir=\"RTL\" lang=\"AR-SA\">\u2019<\/span><span lang=\"CA\">tendr\u00e1 que resolver un tema complicado y es que muchos investigadores no quieren ense\u00f1ar, y muchos de los que ense\u00f1an no saben investigar. Tenemos que encontrar una buena s\u00edntesis. Y, en todo caso, estos alumnos que no se quedan, estoy seguro que contribuir\u00e1n a dar a conocer el que se hace en Barcelona y proyectar\u00e1n la imagen de la ciudad. <\/span><\/p>\n<p class=\"Cos\"><b><span lang=\"CA\">En Barcelona, le ha hecho da\u00f1o la comparaci\u00f3n continua con Madrid?<\/span><\/b><\/p>\n<\/div>\n<div>\n<p class=\"Cos\"><span lang=\"CA\">Barcelona no s<\/span><span dir=\"RTL\" lang=\"AR-SA\">\u2019<\/span><span lang=\"CA\">tiene que comparar. Pero tiene que vigilar qu\u00e9 pasa a Madrid<\/span><span lang=\"CA\">. Se trata d<\/span><span dir=\"RTL\" lang=\"AR-SA\">\u2019<\/span><span lang=\"CA\">una ciudad, Madrid, que es la capital de l<\/span><span dir=\"RTL\" lang=\"AR-SA\">\u2019<\/span><span lang=\"CA\">Sido, y tiene las ventajas de ser la capital, y, a veces, m\u00e1s del que le tocar\u00eda. Pero Barcelona no s<\/span><span dir=\"RTL\" lang=\"AR-SA\">\u2019<\/span><span lang=\"CA\">tiene que comparar, reitero, sino hacer el seguimiento para paliar posibles situaciones. <\/span><\/p>\n<p class=\"Cos\"><b><span lang=\"CA\">Siguiendo en el \u00e1mbito de l<\/span><\/b><b><span dir=\"RTL\" lang=\"AR-SA\">\u2019<\/span><\/b><b><span lang=\"CA\">educaci\u00f3n, cuando las administraciones han colaborado s<\/span><\/b><b><span dir=\"RTL\" lang=\"AR-SA\">\u2019<\/span><\/b><b><span lang=\"CA\">han conseguido grandes acuerdos, y producto d<\/span><\/b><b><span dir=\"RTL\" lang=\"AR-SA\">\u2019<\/span><\/b><b><span lang=\"CA\">este entendimiento tenemos la Universidad Carlos III a Madrid y la Universitat Pompeu Fabra en Barcelona. Colaboraron de forma estrecha el Gobierno central y la Generalitat. Esto s<\/span><\/b><b><span dir=\"RTL\" lang=\"AR-SA\">\u2019<\/span><\/b><b><span lang=\"CA\">tiene que recuperar?<\/span><\/b><\/p>\n<\/div>\n<div>\n<p class=\"Cos\"><span lang=\"CA\">El que nos ha pasado es que llevamos dos crisis seguidas. Y esto hace da\u00f1o. Si podemos salir d<\/span><span dir=\"RTL\" lang=\"AR-SA\">\u2019<\/span><span lang=\"CA\">esta situaci\u00f3n, ahora, con la campa\u00f1a masiva de vacunaci\u00f3n, podremos mirar hacia delante. La crisis de 2008 fue la m\u00e1s grave desde los a\u00f1os treinta. Y esta d<\/span><span dir=\"RTL\" lang=\"AR-SA\">\u2019<\/span><span lang=\"CA\">ahora es verdad que nos coge m\u00e1s preparados y con m\u00e1s avances tecnol\u00f3gicos. Pero, en todo caso, creo que, cada vez m\u00e1s nos convendr\u00e1 formar parte del mundo homologado que hace investigaci\u00f3n. Si no lo hacemos, lo pagaremos muy caro. Si tuviera que dibujar una ciudad ideal, o la que m<\/span><span dir=\"RTL\" lang=\"AR-SA\">\u2019<\/span><span lang=\"CA\">gustar\u00eda hacer, dir\u00eda que tiene que ser una ciudad que tenga mucha cura del bienestar. Barcelona esto lo puede tener. No es Tokyo, no es M\u00e9xico DF. Es una ciudad peque\u00f1a, pero suficiente para ser una plataforma mundial. La dimensi\u00f3n es relativa, el problema serio que tenemos es la creaci\u00f3n de l\u00edderes. Y pienso que ser\u00e1 m\u00e1s determinante esta creaci\u00f3n de l\u00edderes que l<\/span><span dir=\"RTL\" lang=\"AR-SA\">\u2019<\/span><span lang=\"CA\">actitud del Gobierno central apoyando a Madrid.<\/span><\/p>\n<p><b><span lang=\"CA\">Entonces, estamos hablando d<\/span><\/b><b><span dir=\"RTL\" lang=\"AR-SA\">\u2019<\/span><\/b><b><span lang=\"CA\">un problema interno, m\u00e1s que externo, respecto al Gobierno d<\/span><\/b><b><span dir=\"RTL\" lang=\"AR-SA\">\u2019<\/span><\/b><b><span lang=\"CA\">Espa\u00f1a.<\/span><\/b><\/p>\n<\/div>\n<div>\n<p class=\"Cos\">S\u00ed, pero no solo. Hasta que Catalu\u00f1a no encuentre objetivos pol\u00edticos compartidos por una gran mayor\u00eda de catalanes, ser\u00e1 muy dif\u00edcil hacer pol\u00edticas estables y potentes en Barcelona.<\/p>\n<p><b><span lang=\"CA\">Barcelona y Catalu\u00f1a son indisociables?<\/span><\/b><\/p>\n<\/div>\n<div>\n<p class=\"Cos\">Barcelona es la plataforma de servicios de Catalu\u00f1a, que tiene una necesidad imperiosa de potenciar esta plataforma de servicios que es la ciudad de Barcelona.<\/p>\n<p class=\"Cos\"><b><span lang=\"CA\">Hay una idea, en todos los debates sobre la ciudad, que apunta que Barcelona tendr\u00eda que ser la grande tractora econ\u00f3mica de Catalu\u00f1a, con un alto precio por sus vecinos. Es decir, que se renuncie a vivir en el centro de la ciudad, y que se destine el casco urbano al turismo, a la productividad tecnol\u00f3gica, en las escuelas de negocio. A cambio, podremos vivir todos en la segunda, tercera o cuarta corona, muy conectados con la ciudad. Vamos hacia aqu\u00ed, o se podr\u00e1 combinar los diferentes intereses?<\/span><\/b><\/p>\n<\/div>\n<div>\n<p class=\"Cos\"><span lang=\"CA\">Creo que se puede combinar. Ahora, yo no soy lo m\u00e1s id\u00f3neo para decirlo, porque vivo en la segunda corona. Pero, en todo caso, esto me lleva a decir que s<\/span><span dir=\"RTL\" lang=\"AR-SA\">\u2019<\/span><span lang=\"CA\">tienen que hacer cosas, y que el Quart cintur\u00f3n habr\u00eda d<\/span><span dir=\"RTL\" lang=\"AR-SA\">\u2019<\/span><span lang=\"CA\">estar hecho, o el t\u00fanel de Cerdanyola<\/span><span lang=\"CA\">, aunque fuera solo por el Metro.<\/span><\/p>\n<p class=\"Cos\"><b><span lang=\"CA\">Hay una idea que s<\/span><\/b><b><span dir=\"RTL\" lang=\"AR-SA\">\u2019<\/span><\/b><b><span lang=\"CA\">ha extendido y es que si uno vive en un barrio, se genera un tipo de derecho de vivir siempre en aquel barrio. S<\/span><\/b><b><span dir=\"RTL\" lang=\"AR-SA\">\u2019<\/span><\/b><b><span lang=\"CA\">tiene que apoyar o pensar que ya no se puede garantizar a nadie <\/span><\/b><b><span lang=\"CA\">donde puede vivir?<\/span><\/b><\/p>\n<\/div>\n<div>\n<p class=\"Cos\"><span lang=\"CA\">A ver, el problema est\u00e1 relacionado con la renta. Si los vecinos que se ven obligados a dejar su barrio pudieran vivir en otro, no habr\u00eda d<\/span><span dir=\"RTL\" lang=\"AR-SA\">\u2019<\/span><span lang=\"CA\">haber protestas. La cuesti\u00f3n es que se<\/span><span dir=\"RTL\" lang=\"AR-SA\">\u2019<\/span><span lang=\"CA\">ls env\u00eda a la marginalidad<\/span><span lang=\"CA\">. Es l<\/span><span dir=\"RTL\" lang=\"AR-SA\">\u2019<\/span><span lang=\"CA\">llamada gentrificaci\u00f3n. S<\/span><span dir=\"RTL\" lang=\"AR-SA\">\u2019<\/span><span lang=\"CA\">expulsa al d\u00e9bil. Y es evidente que calen pol\u00edticas d<\/span><span dir=\"RTL\" lang=\"AR-SA\">\u2019<\/span><span lang=\"CA\">vivienda.<\/span><\/p>\n<p class=\"Cos\"><b><span lang=\"CA\">C\u00f3mo es posible que s<\/span><\/b><b><span dir=\"RTL\" lang=\"AR-SA\">\u2019<\/span><\/b><b><span lang=\"CA\">haya hecho tan poco en pol\u00edtica d<\/span><\/b><b><span dir=\"RTL\" lang=\"AR-SA\">\u2019<\/span><\/b><b><span lang=\"CA\">vivienda? Otras ciudades a Europa tienen porcentajes del 30%-35% d<\/span><\/b><b><span dir=\"RTL\" lang=\"AR-SA\">\u2019<\/span><\/b><b><span lang=\"CA\">vivienda p\u00fablica y algunas todav\u00eda m\u00e1s.<\/span><\/b><\/p>\n<\/div>\n<div>\n<p class=\"Cos\"><span lang=\"CA\">Porque no n<\/span><span dir=\"RTL\" lang=\"AR-SA\">\u2019<\/span><span lang=\"CA\">hab\u00eda conciencia. Supongo que ahora n<\/span><span dir=\"RTL\" lang=\"AR-SA\">\u2019<\/span><span lang=\"CA\">habr\u00e1. Y se necesita horizontes de diez a\u00f1os o m\u00e1s. Cuando era alcalde, el gasto m\u00e1s grande que destinaba Barcelona era por Sanidad, por l<\/span><span dir=\"RTL\" lang=\"AR-SA\">\u2019<\/span><span lang=\"CA\">Hospital de Mar, que era de l<\/span><span dir=\"RTL\" lang=\"AR-SA\">\u2019<\/span><span lang=\"CA\">Ayuntamiento, o por l<\/span><span dir=\"RTL\" lang=\"AR-SA\">\u2019<\/span><span lang=\"CA\">Hospital de l<\/span><span dir=\"RTL\" lang=\"AR-SA\">\u2019<\/span><span lang=\"CA\">Esperan\u00e7a. Ahora no lo son. Despu\u00e9s, tambi\u00e9n se destinaba mucho por educaci\u00f3n. Ahora estos gastos ya no las hace l<\/span><span dir=\"RTL\" lang=\"AR-SA\">\u2019<\/span><span lang=\"CA\">Ayuntamiento. Por lo tanto, hay recursos que s<\/span><span dir=\"RTL\" lang=\"AR-SA\">\u2019<\/span><span lang=\"CA\">tienen que destinar a l<\/span><span dir=\"RTL\" lang=\"AR-SA\">\u2019<\/span><span lang=\"CA\">vivienda.<\/span><\/p>\n<p class=\"Cos\"><b><span lang=\"CA\">Todos estos servicios s<\/span><\/b><b><span dir=\"RTL\" lang=\"AR-SA\">\u2019<\/span><\/b><b><span lang=\"CA\">tendr\u00edan que poder ofrecer des d<\/span><\/b><b><span dir=\"RTL\" lang=\"AR-SA\">\u2019<\/span><\/b><b><span lang=\"CA\">un gobierno metropolitano<\/span><\/b><b><span lang=\"CA\">?<\/span><\/b><\/p>\n<\/div>\n<div>\n<p class=\"Cos\"><span lang=\"CA\">S\u00ed, claramente. Somos una metr\u00f3poli, quiera o no Madrid, o la Generalitat, que en los a\u00f1os ochenta lo impidi\u00f3. Porque no se puede negar la realidad. Los taxis son metropolitanos o los cementerios, o el servicio de l<\/span><span dir=\"RTL\" lang=\"AR-SA\">\u2019<\/span><span lang=\"CA\">agua. Barcelona necesita un cementerio y lo tendr\u00e1n que dejar hacer, sea a la primera o en la segunda corona. Creo, cada vez m\u00e1s, que los proyectos s<\/span><span dir=\"RTL\" lang=\"AR-SA\">\u2019<\/span><span lang=\"CA\">han d<\/span><span dir=\"RTL\" lang=\"AR-SA\">\u2019<\/span><span lang=\"CA\">enfocar desde las realidades inmediatas, y la cuesti\u00f3n de los cementerios sirve para entender que hace falta una aproximaci\u00f3n metropolitana. Y que har\u00e1n falta buenas conexiones con los aeropuertos, conexiones ferroviarias con el Puerto mar\u00edtimo y con Europa.<\/span><\/p>\n<p><img loading=\"lazy\" class=\"aligncenter wp-image-5772\" src=\"https:\/\/rethink.mtconsulting.es\/wp-content\/uploads\/2021\/02\/serra3.jpg\" alt=\"\" width=\"1024\" height=\"768\" srcset=\"https:\/\/rethink.mtconsulting.es\/wp-content\/uploads\/2021\/02\/serra3.jpg 1024w, https:\/\/rethink.mtconsulting.es\/wp-content\/uploads\/2021\/02\/serra3-480x360.jpg 480w\" sizes=\"(min-width: 0px) and (max-width: 480px) 480px, (min-width: 481px) 1024px, 100vw\" \/><\/p>\n<\/div>\n<div>\n<p>&nbsp;<\/p>\n<p class=\"Cos\" style=\"text-align: justify;\"><b><span lang=\"CA\">Se puede ir, realmente, en esta direcci\u00f3n<\/span><\/b><b><span lang=\"CA\">?<\/span><\/b><\/p>\n<\/div>\n<div style=\"text-align: justify;\">\n<p class=\"Cos\"><span lang=\"CA\">Si acabamos con las crisis y si el PIB vuelve a crecer, ser\u00e1 m\u00e1s f\u00e1cil. Recuerdo que a dieciocho a\u00f1os, cuando empec\u00e9 a estudiar Econ\u00f3micas, le\u00ed un estudio del Banco Mundial que ten\u00eda mi padre. Entonces ya se hablaba de l<\/span><span dir=\"RTL\" lang=\"AR-SA\">\u2019<\/span><span lang=\"CA\">eje mediterr\u00e1neo. Y creo que s<\/span><span dir=\"RTL\" lang=\"AR-SA\">\u2019<\/span><span lang=\"CA\">ha tardado demasiado tiempo, y que ya es el momento de hacerlo. S<\/span><span dir=\"RTL\" lang=\"AR-SA\">\u2019<\/span><span lang=\"CA\">ha d<\/span><span dir=\"RTL\" lang=\"AR-SA\">\u2019<\/span><span lang=\"CA\">actuar en esta l\u00ednea. De todas maneras, s<\/span><span dir=\"RTL\" lang=\"AR-SA\">\u2019<\/span><span lang=\"CA\">tiene que decir que Barcelona est\u00e1 en una buena situaci\u00f3n, con el Puerto, y con la necesidad que tendr\u00e1 China d<\/span><span dir=\"RTL\" lang=\"AR-SA\">\u2019<\/span><span lang=\"CA\">establecer todas las conexiones con Europa por el Canal de Suez. Sin dejar de banda que, despu\u00e9s de la vacunaci\u00f3n, recuperaremos l<\/span><span dir=\"RTL\" lang=\"AR-SA\">\u2019<\/span><span lang=\"CA\">aeropuerto y que tendremos la conexi\u00f3n ferroviaria con ancho europeo. Dadas las transformaciones que llevar\u00e1n a un nuevo equilibrio mundial, no estamos mal colocados. <\/span><\/p>\n<p class=\"Cos\"><b><span lang=\"CA\">Usted ha dicho que Barcelona est\u00e1 preparada para ser un referente en el \u00e1mbito del medio ambiente, para poder ser una <\/span><\/b><b><span dir=\"RTL\" lang=\"AR-SA\">\u2018<\/span><\/b><b><span lang=\"CA\">ciudad feliz\u2019, con menos emisiones contaminantes. C\u00f3mo se hace?<\/span><\/b><\/p>\n<\/div>\n<div style=\"text-align: justify;\">\n<p class=\"Cos\"><i><span lang=\"CA\">Suaviter in modo, fortiter in re<\/span><\/i><span lang=\"CA\"> (Suaves en las formas, fuertes en la idea).<b> <\/b>S<\/span><span dir=\"RTL\" lang=\"AR-SA\">\u2019<\/span><span lang=\"CA\">tiene que dialogar mucho, con los empresarios, con los hoteleros, y hablar y hablar, buscando soluciones intermedias. S<\/span><span dir=\"RTL\" lang=\"AR-SA\">\u2019<\/span><span lang=\"CA\">tiene que hablar con Fomento, y con CCOO, y con el RACC. El prestigio d<\/span><span dir=\"RTL\" lang=\"AR-SA\">\u2019<\/span><span lang=\"CA\">un alcalde est\u00e1 ligado a su capacidad d<\/span><span dir=\"RTL\" lang=\"AR-SA\">\u2019<\/span><span lang=\"CA\">empat\u00eda con todos los sectores de la ciudad. <\/span><\/p>\n<p class=\"Cos\"><b><span lang=\"CA\">Es el que carencia?<\/span><\/b><\/p>\n<\/div>\n<div style=\"text-align: justify;\">\n<p class=\"Cos\">Es el que carencia a todos los niveles, en Espa\u00f1a, a Europa&#8230;<\/p>\n<p class=\"Cos\"><b><span lang=\"CA\">Hay una propuesta que ha impulsado l<\/span><\/b><b><span dir=\"RTL\" lang=\"AR-SA\">\u2019<\/span><\/b><b><span lang=\"CA\">alcaldesa de Par\u00eds, Anne Hidalgo, sobre la ciudad de los quince minutos. Se trata que en los barrios haya todos los servicios a l<\/span><\/b><b><span dir=\"RTL\" lang=\"AR-SA\">\u2019<\/span><\/b><b><span lang=\"CA\">alcance. Pero, entonces, paga la pena vivir en una gran ciudad? Porque se podr\u00eda vivir fuera, con precios m\u00e1s razonables en cuanto a l<\/span><\/b><b><span dir=\"RTL\" lang=\"AR-SA\">\u2019<\/span><\/b><b><span lang=\"CA\">vivienda o respecto a otros servicios.<\/span><\/b><\/p>\n<\/div>\n<div style=\"text-align: justify;\">\n<p class=\"Cos\"><span lang=\"CA\">Este problema creo que est\u00e1 resuelto en Barcelona, por su medida. A Seul podr\u00eda ser una revoluci\u00f3n, o a ciertos lugares de los Estados Unidos, que van a comprar los s\u00e1bados, como si fuera una excursi\u00f3n, porque han d<\/span><span dir=\"RTL\" lang=\"AR-SA\">\u2019<\/span><span lang=\"CA\">utilizar el coche y salir fuera. Se trata de capitales de ocho o diez millones de personas. Pero no es el caso de Barcelona. El problema, quiz\u00e1s, es que el t\u00e9rmino municipal es demasiado peque\u00f1o, aunque tiene buenas relaciones con los municipios del alrededor, como L<\/span><span dir=\"RTL\" lang=\"AR-SA\">\u2019<\/span><span lang=\"CA\">Hospitalet, que cuenta con un centro importante, con rascacielos y oficinas, o Badalona, que tiene ahora un proyecto como el de las Tres Chimeneas.<\/span><\/p>\n<p class=\"Cos\"><b><span lang=\"CA\">Qu\u00e9 decisiones le habr\u00eda gustado tomar, como alcalde?<\/span><\/b><\/p>\n<\/div>\n<div style=\"text-align: justify;\">\n<p class=\"Cos\"><span lang=\"CA\">M<\/span><span dir=\"RTL\" lang=\"AR-SA\">\u2019<\/span><span lang=\"CA\">habr\u00eda gustado hacer los Juegos Ol\u00edmpicos, est\u00e1 claro. Los ped\u00ed el 1981, despu\u00e9s de la vez d<\/span><span dir=\"RTL\" lang=\"AR-SA\">\u2019<\/span><span lang=\"CA\">estado de Tejero. Y entiendo que fue un sacrificio para m\u00ed, cuando dej\u00e9 l<\/span><span dir=\"RTL\" lang=\"AR-SA\">\u2019<\/span><span lang=\"CA\">alcald\u00eda. En Madrid no quer\u00edan los Juegos, con el proyecto de l<\/span><span dir=\"RTL\" lang=\"AR-SA\">\u2019<\/span><span lang=\"CA\">Expo a Sevilla. Pero hicimos valer un argumento importante, y es que pedir los Juegos para hacerlos once a\u00f1os despu\u00e9s, quer\u00eda decir que se confiaba en el futuro d<\/span><span dir=\"RTL\" lang=\"AR-SA\">\u2019<\/span><span lang=\"CA\">Espa\u00f1a como democracia. Cuando le pides en 1981, despu\u00e9s de un golpe de estado, al rey los Juegos Ol\u00edmpicos le est\u00e1s diciendo que el 1992 Espa\u00f1a seguir\u00e1 como pa\u00eds democr\u00e1tico. Ahora, ayud\u00e9 el que pude desde Madrid. Por mi talante m<\/span><span dir=\"RTL\" lang=\"AR-SA\">\u2019<\/span><span lang=\"CA\">habr\u00eda gustado como alcalde fiero m\u00e1s en el \u00e1mbito cultural. De las cosas que hice, destacar\u00eda el convento por las monjas al Monasterio de Pedralbes, que se abri\u00f3 porque se pudiera visitar. E hicimos cosas por el Liceo, con el papel muy destacado de Llu\u00eds Portabella. Y recuerdo la gran preocupaci\u00f3n y ocupaci\u00f3n d<\/span><span dir=\"RTL\" lang=\"AR-SA\">\u2019<\/span><span lang=\"CA\">Oriol Bohigas, que fue capital. Pero, est\u00e1 claro, tambi\u00e9n podr\u00eda haber perdido las elecciones, si hubiera continuado como alcalde. <\/span><\/p>\n<p><b><span lang=\"CA\">C\u00f3mo tiene que ser Barcelona en una d\u00e9cada? En qu\u00e9 ciudad nos tenemos que mirar? \u00c1msterdam, Mil\u00e0, o podemos ser, seg\u00fan el que basura, Marsella?<\/span><\/b><\/p>\n<\/div>\n<div style=\"text-align: justify;\">\n<p class=\"Cos\"><span lang=\"CA\">Hace unos a\u00f1os dec\u00edan Niza. Pero yo creo que tenemos que ser un modelo por ciudades como Niza o \u00c1msterdam. Con una buena calidad, con menos circulaci\u00f3n de coches. Una columna importante tiene que ser la cultura. Tenemos enormes pintores y tenemos Pau Casals! Es verdad que no ser la sede de l<\/span><span dir=\"RTL\" lang=\"AR-SA\">\u2019<\/span><span lang=\"CA\">Agencia del Medicamento nos ha tocado, porque podr\u00eda haber sido un gran impulso. Pero destacamos tambi\u00e9n el que tenemos en este campo cultural, como l<\/span><span dir=\"RTL\" lang=\"AR-SA\">\u2019<\/span><span lang=\"CA\">Orquesta Ciudad de Barcelona, o la Sinf\u00f3nica del Vall\u00e8s, el Liceo, el Coro de C\u00e1mara del Palau de la M\u00fasica o el MNAC. Por lo tanto, tenemos que pensar en tres grandes patas: bienestar, cultura y ciencia y acad\u00e9mica, que incluye, por ejemplo, el C\u00edrculo d<\/span><span dir=\"RTL\" lang=\"AR-SA\">\u2019<\/span><span lang=\"CA\">Econom\u00eda.<\/span><\/p>\n<p><b><span lang=\"CA\">Pero, cuando usted se refer\u00eda a la necesidad de\u00a0<\/span><\/b><b><span lang=\"CA\">un gobierno metropolitano, c\u00f3mo debe organizarse, \u00bfcon qu\u00e9 governanza?<\/span><\/b><\/p>\n<\/div>\n<div>\n<p class=\"Cos\" style=\"text-align: justify;\">Se debe hacer de bajo arriba, del \u00e1rea metropolitana en la regi\u00f3n metropolitana. Y se deben proponer soluciones de transporte p\u00fablico. Ahora bien, para llevar a cabo determinadas soluciones, necesitas un determinado nivel de renta. Y esto es lo que se debe ir consiguiendo como objetivo m\u00e1s urgente: un crecimiento m\u00e1s igualitario.<\/p>\n<p>Esta entrevista se ha realizado en el <strong>Hotel Alma<\/strong> de Barcelona.<\/p>\n<\/div>\n<p>[\/et_pb_text][et_pb_text admin_label=\u00bbShare \u00bb _builder_version=\u00bb4.8.2&#8243; _module_preset=\u00bbdefault\u00bb width=\u00bb26%\u00bb module_alignment=\u00bbleft\u00bb module_alignment_tablet=\u00bbleft\u00bb module_alignment_phone=\u00bbleft\u00bb module_alignment_last_edited=\u00bbon|phone\u00bb border_width_all=\u00bb0px\u00bb]<\/p>\n<table style=\"border-collapse: collapse; width: 0%; height: 22px; border-color: #000000; border: 2px solid;\">\n<tbody>\n<tr style=\"height: 22px;\">\n<td style=\"width: 11.5332%; height: 22px;\">share:<\/td>\n<td style=\"width: 88.4667%; text-align: justify; vertical-align: middle; height: 22px;\"><div class=\"sfsi_widget sfsi_shortcode_container\"><div class=\"norm_row sfsi_wDiv \"  style=\"width:200px;text-align:left;\"><div style='width:30px; height:30px;margin-left:10px;margin-bottom:5px; ' class='sfsi_wicons shuffeldiv ' ><div class='inerCnt'><a class=' sficn' data-effect='' target='_blank'  href='' id='sfsiid_twitter_icon' style='width:30px;height:30px;opacity:1;'  ><img data-pin-nopin='true' alt='Twitter' title='Twitter' src='https:\/\/rethinkbcn.cat\/wp-content\/plugins\/ultimate-social-media-icons\/images\/icons_theme\/transparent\/transparent_twitter.png' width='30' height='30' style='' class='sfcm sfsi_wicon ' data-effect=''   \/><\/a><div class=\"sfsi_tool_tip_2 twt_tool_bdr sfsiTlleft\" style=\"opacity:0;z-index:-1;\" id=\"sfsiid_twitter\"><span class=\"bot_arow bot_twt_arow\"><\/span><div class=\"sfsi_inside\"><div  class='icon2'><div class='sf_twiter' style='display: inline-block;vertical-align: middle;width: auto;'>\r\n\t\t\t\t\t\t<a target='_blank' href='https:\/\/twitter.com\/intent\/tweet?text=Hey%2C+check+out+this+cool+site+I+found%3A+www.rethinkbcn.cat+%23Topic+via%40my_twitter_name+https:\/\/rethinkbcn.cat\/es\/wp-json\/wp\/v2\/posts\/5969\/' style='display:inline-block' >\r\n\t\t\t\t\t\t\t<img data-pin-nopin= true class='sfsi_wicon' src='https:\/\/rethinkbcn.cat\/wp-content\/plugins\/ultimate-social-media-icons\/images\/share_icons\/Twitter_Tweet\/en_US_Tweet.svg' alt='Tweet' title='Tweet' >\r\n\t\t\t\t\t\t<\/a>\r\n\t\t\t\t\t<\/div><\/div><\/div><\/div><\/div><\/div><div style='width:30px; height:30px;margin-left:10px;margin-bottom:5px; ' class='sfsi_wicons shuffeldiv ' ><div class='inerCnt'><a class=' sficn' data-effect='' target='_blank'  href='' id='sfsiid_linkedin_icon' style='width:30px;height:30px;opacity:1;'  ><img data-pin-nopin='true' alt='' title='' src='https:\/\/rethinkbcn.cat\/wp-content\/plugins\/ultimate-social-media-icons\/images\/icons_theme\/transparent\/transparent_linkedin.png' width='30' height='30' style='' class='sfcm sfsi_wicon ' data-effect=''   \/><\/a><div class=\"sfsi_tool_tip_2 linkedin_tool_bdr sfsiTlleft\" style=\"opacity:0;z-index:-1;\" id=\"sfsiid_linkedin\"><span class=\"bot_arow bot_linkedin_arow\"><\/span><div class=\"sfsi_inside\"><div  class='icon2'><a target='_blank' href=\"https:\/\/www.linkedin.com\/shareArticle?url=https%3A%2F%2Frethinkbcn.cat%2Fes%2Fwp-json%2Fwp%2Fv2%2Fposts%2F5969%2F\"><img class=\"sfsi_wicon\" data-pin-nopin= true alt=\"Share\" title=\"Share\" src=\"https:\/\/rethinkbcn.cat\/wp-content\/plugins\/ultimate-social-media-icons\/images\/share_icons\/Linkedin_Share\/en_US_share.svg\" \/><\/a><\/div><\/div><\/div><\/div><\/div><div style='width:30px; height:30px;margin-left:10px;margin-bottom:5px; ' class='sfsi_wicons shuffeldiv ' ><div class='inerCnt'><a class=' sficn' data-effect='' target='_blank'  href='https:\/\/api.whatsapp.com\/send?text=https:\/\/rethinkbcn.cat\/es\/unaciudadsehacegrandecuandosedaunesfuerzocolectivoprivadoypublico\/' id='sfsiid_whatsapp_icon' style='width:30px;height:30px;opacity:1;'  ><img data-pin-nopin='true' alt='' title='' src='https:\/\/rethinkbcn.cat\/wp-content\/plugins\/ultimate-social-media-icons\/images\/icons_theme\/transparent\/transparent_whatsapp.png' width='30' height='30' style='' class='sfcm sfsi_wicon ' data-effect=''   \/><\/a><\/div><\/div><div style='width:30px; height:30px;margin-left:10px;margin-bottom:5px; ' class='sfsi_wicons shuffeldiv ' ><div class='inerCnt'><a class=' sficn' data-effect='' target='_blank'  href='https:\/\/api.follow.it\/widgets\/icon\/VUlqbFQ4d1I5d05jbFdNRWdXaThSK0Vza3RBcDZrT3Y4akNldzhxUVBmUFNjQ3dlUnpnQVphRFVNcm40SXZGaFczK01jOFF0SExaMGNIWi9BZy96S2MydkgzaDNWWFBjYU9MbjY5M3lUcjVLYU5TN3NOaEs3VmJ4bytROHI4b1d8eEV6SFU5OTFjQ1B0YkRJNkEzUlJEbEhIWVRkZGM0b0FRTEQyRDlyb2o2UT0=\/OA==\/' id='sfsiid_email_icon' style='width:30px;height:30px;opacity:1;'  ><img data-pin-nopin='true' alt='Follow by Email' title='Follow by Email' src='https:\/\/rethinkbcn.cat\/wp-content\/plugins\/ultimate-social-media-icons\/images\/icons_theme\/transparent\/transparent_email.png' width='30' height='30' style='' class='sfcm sfsi_wicon ' data-effect=''   \/><\/a><\/div><\/div><\/div ><div id=\"sfsi_holder\" class=\"sfsi_holders\" style=\"position: relative; float: left;width:100%;z-index:-1;\"><\/div ><script>window.addEventListener(\"sfsi_functions_loaded\", function() \r\n\t\t\t{\r\n\t\t\t\tif (typeof sfsi_widget_set == \"function\") {\r\n\t\t\t\t\tsfsi_widget_set();\r\n\t\t\t\t}\r\n\t\t\t}); <\/script><div style=\"clear: both;\"><\/div><\/div><\/td>\n<\/tr>\n<\/tbody>\n<\/table>\n<p>[\/et_pb_text][\/et_pb_column][\/et_pb_row][\/et_pb_section][et_pb_section fb_built=\u00bb1&#8243; fullwidth=\u00bbon\u00bb _builder_version=\u00bb4.8.2&#8243; _module_preset=\u00bbdefault\u00bb da_disable_devices=\u00bboff|off|off\u00bb border_width_bottom=\u00bb2px\u00bb da_is_popup=\u00bboff\u00bb da_exit_intent=\u00bboff\u00bb da_has_close=\u00bbon\u00bb da_alt_close=\u00bboff\u00bb da_dark_close=\u00bboff\u00bb da_not_modal=\u00bbon\u00bb da_is_singular=\u00bboff\u00bb da_with_loader=\u00bboff\u00bb da_has_shadow=\u00bbon\u00bb][et_pb_fullwidth_code admin_label=\u00bbRatlla horitzontal\u00bb _builder_version=\u00bb4.8.2&#8243; _module_preset=\u00bbdefault\u00bb][\/et_pb_fullwidth_code][\/et_pb_section][et_pb_section fb_built=\u00bb1&#8243; _builder_version=\u00bb4.8.2&#8243; _module_preset=\u00bbdefault\u00bb custom_margin=\u00bb||-30px||false|false\u00bb custom_margin_tablet=\u00bb||-90px||false|false\u00bb custom_margin_phone=\u00bb||-80px||false|false\u00bb custom_margin_last_edited=\u00bbon|phone\u00bb da_disable_devices=\u00bboff|off|off\u00bb da_is_popup=\u00bboff\u00bb da_exit_intent=\u00bboff\u00bb da_has_close=\u00bbon\u00bb da_alt_close=\u00bboff\u00bb da_dark_close=\u00bboff\u00bb da_not_modal=\u00bbon\u00bb da_is_singular=\u00bboff\u00bb da_with_loader=\u00bboff\u00bb da_has_shadow=\u00bbon\u00bb][et_pb_row _builder_version=\u00bb4.8.2&#8243; _module_preset=\u00bbdefault\u00bb][et_pb_column type=\u00bb4_4&#8243; _builder_version=\u00bb4.8.2&#8243; _module_preset=\u00bbdefault\u00bb][et_pb_text admin_label=\u00bbOtros art\u00edculos\u00bb _builder_version=\u00bb4.9.0&#8243; _module_preset=\u00bbdefault\u00bb]<\/p>\n<h3>OTROS ART\u00cdCULOS<\/h3>\n<div class='yarpp yarpp-related yarpp-related-shortcode yarpp-related-none yarpp-template-thumbnails'>\n<!-- YARPP Thumbnails -->\n<h3><\/h3>\n<p>No hi ha m\u00e9s articles a aquest cicle<\/p>\n<\/div>\n\n<p>[\/et_pb_text][\/et_pb_column][\/et_pb_row][\/et_pb_section][et_pb_section fb_built=\u00bb1&#8243; fullwidth=\u00bbon\u00bb disabled_on=\u00bbon|on|on\u00bb _builder_version=\u00bb4.8.2&#8243; _module_preset=\u00bbdefault\u00bb custom_margin_tablet=\u00bb-70px||||false|false\u00bb custom_margin_phone=\u00bb\u00bb custom_margin_last_edited=\u00bbon|tablet\u00bb da_disable_devices=\u00bboff|off|off\u00bb border_width_bottom=\u00bb2px\u00bb disabled=\u00bbon\u00bb da_is_popup=\u00bboff\u00bb da_exit_intent=\u00bboff\u00bb da_has_close=\u00bbon\u00bb da_alt_close=\u00bboff\u00bb da_dark_close=\u00bboff\u00bb da_not_modal=\u00bbon\u00bb da_is_singular=\u00bboff\u00bb da_with_loader=\u00bboff\u00bb da_has_shadow=\u00bbon\u00bb][et_pb_fullwidth_code admin_label=\u00bbRatlla horitzontal\u00bb _builder_version=\u00bb4.8.2&#8243; _module_preset=\u00bbdefault\u00bb][\/et_pb_fullwidth_code][\/et_pb_section][et_pb_section fb_built=\u00bb1&#8243; disabled_on=\u00bbon|on|on\u00bb _builder_version=\u00bb4.8.2&#8243; _module_preset=\u00bbdefault\u00bb da_disable_devices=\u00bboff|off|off\u00bb disabled=\u00bbon\u00bb da_is_popup=\u00bboff\u00bb da_exit_intent=\u00bboff\u00bb da_has_close=\u00bbon\u00bb da_alt_close=\u00bboff\u00bb da_dark_close=\u00bboff\u00bb da_not_modal=\u00bbon\u00bb da_is_singular=\u00bboff\u00bb da_with_loader=\u00bboff\u00bb da_has_shadow=\u00bbon\u00bb][et_pb_row _builder_version=\u00bb4.8.2&#8243; _module_preset=\u00bbdefault\u00bb][et_pb_column type=\u00bb4_4&#8243; _builder_version=\u00bb4.8.2&#8243; _module_preset=\u00bbdefault\u00bb][et_pb_text admin_label=\u00bbText %22Veure tots els cicles%22&#8243; _builder_version=\u00bb4.8.2&#8243; _module_preset=\u00bbdefault\u00bb]<\/p>\n<h3>VEURE TOTS ELS CICLES<\/h3>\n<p>[\/et_pb_text][\/et_pb_column][\/et_pb_row][et_pb_row column_structure=\u00bb1_3,1_3,1_3&#8243; disabled_on=\u00bboff|on|off\u00bb _builder_version=\u00bb4.8.2&#8243; _module_preset=\u00bbdefault\u00bb width_tablet=\u00bb50%\u00bb width_phone=\u00bb70%\u00bb width_last_edited=\u00bbon|phone\u00bb module_alignment=\u00bbcenter\u00bb][et_pb_column type=\u00bb1_3&#8243; _builder_version=\u00bb4.8.2&#8243; _module_preset=\u00bbdefault\u00bb][et_pb_image src=\u00bbhttps:\/\/rethink.mtconsulting.es\/wp-content\/uploads\/2021\/02\/caixa-1b.jpg\u00bb title_text=\u00bbcaixa-1b\u00bb url=\u00bb\/category\/cicle-1\/\u00bb align=\u00bbcenter\u00bb admin_label=\u00bbCicles per escriptori i m\u00f2bil\u00bb _builder_version=\u00bb4.8.2&#8243; _module_preset=\u00bbdefault\u00bb module_alignment=\u00bbcenter\u00bb][\/et_pb_image][\/et_pb_column][et_pb_column type=\u00bb1_3&#8243; _builder_version=\u00bb4.8.2&#8243; _module_preset=\u00bbdefault\u00bb][et_pb_image src=\u00bbhttps:\/\/rethink.mtconsulting.es\/wp-content\/uploads\/2021\/02\/caixa-2b.jpg\u00bb title_text=\u00bbcaixa-2b\u00bb align=\u00bbcenter\u00bb _builder_version=\u00bb4.8.2&#8243; _module_preset=\u00bbdefault\u00bb][\/et_pb_image][\/et_pb_column][et_pb_column type=\u00bb1_3&#8243; _builder_version=\u00bb4.8.2&#8243; _module_preset=\u00bbdefault\u00bb][et_pb_image src=\u00bbhttps:\/\/rethink.mtconsulting.es\/wp-content\/uploads\/2021\/02\/caixa-3b.jpg\u00bb title_text=\u00bbcaixa-3b\u00bb align=\u00bbcenter\u00bb _builder_version=\u00bb4.8.2&#8243; _module_preset=\u00bbdefault\u00bb][\/et_pb_image][\/et_pb_column][\/et_pb_row][et_pb_row column_structure=\u00bb1_3,1_3,1_3&#8243; disabled_on=\u00bbon|off|on\u00bb _builder_version=\u00bb4.8.2&#8243; _module_preset=\u00bbdefault\u00bb width=\u00bb100%\u00bb width_tablet=\u00bb90%\u00bb width_phone=\u00bb70%\u00bb width_last_edited=\u00bbon|tablet\u00bb module_alignment=\u00bbcenter\u00bb custom_margin=\u00bb||-20px||false|false\u00bb][et_pb_column type=\u00bb1_3&#8243; _builder_version=\u00bb4.8.2&#8243; _module_preset=\u00bbdefault\u00bb custom_css_main_element=\u00bbwidth: 33%!important;\u00bb][et_pb_image src=\u00bbhttps:\/\/rethink.mtconsulting.es\/wp-content\/uploads\/2021\/02\/caixa-1b.jpg\u00bb title_text=\u00bbcaixa-1b\u00bb url=\u00bb\/category\/cicle-1\/\u00bb align=\u00bbcenter\u00bb admin_label=\u00bbCicles per a tablet\u00bb _builder_version=\u00bb4.8.2&#8243; _module_preset=\u00bbdefault\u00bb module_alignment=\u00bbcenter\u00bb][\/et_pb_image][\/et_pb_column][et_pb_column type=\u00bb1_3&#8243; _builder_version=\u00bb4.8.2&#8243; _module_preset=\u00bbdefault\u00bb custom_css_main_element=\u00bbwidth: 33%!important;\u00bb][et_pb_image src=\u00bbhttps:\/\/rethink.mtconsulting.es\/wp-content\/uploads\/2021\/02\/caixa-2b.jpg\u00bb title_text=\u00bbcaixa-2b\u00bb align=\u00bbcenter\u00bb _builder_version=\u00bb4.8.2&#8243; _module_preset=\u00bbdefault\u00bb][\/et_pb_image][\/et_pb_column][et_pb_column type=\u00bb1_3&#8243; _builder_version=\u00bb4.8.2&#8243; _module_preset=\u00bbdefault\u00bb custom_css_main_element=\u00bbwidth: 33%!important;\u00bb][et_pb_image src=\u00bbhttps:\/\/rethink.mtconsulting.es\/wp-content\/uploads\/2021\/02\/caixa-3b.jpg\u00bb title_text=\u00bbcaixa-3b\u00bb align=\u00bbcenter\u00bb _builder_version=\u00bb4.8.2&#8243; _module_preset=\u00bbdefault\u00bb][\/et_pb_image][\/et_pb_column][\/et_pb_row][\/et_pb_section]<\/p>\n","protected":false},"excerpt":{"rendered":"<p>El primer alcalde democr\u00e1tico de Barcelona opina que hasta que Catalu\u00f1a no encuentre objetivos pol\u00edticos compartidos por una gran mayor\u00eda de catalanes ser\u00e1 muy dif\u00edcil desarrollar pol\u00edticas estables y potentes.<br \/>\n&#8211;<\/p>\n","protected":false},"author":3,"featured_media":4848,"comment_status":"open","ping_status":"open","sticky":false,"template":"","format":"standard","meta":{"_et_pb_use_builder":"on","_et_pb_old_content":"<p>[et_pb_section fb_built=\"1\" disabled_on=\"off|off|off\" _builder_version=\"4.8.2\" _module_preset=\"default\" custom_margin=\"||||false|false\" da_disable_devices=\"off|off|off\" da_is_popup=\"off\" da_exit_intent=\"off\" da_has_close=\"on\" da_alt_close=\"off\" da_dark_close=\"off\" da_not_modal=\"on\" da_is_singular=\"off\" da_with_loader=\"off\" da_has_shadow=\"on\"][et_pb_row _builder_version=\"4.8.1\" _module_preset=\"default\"][et_pb_column type=\"4_4\" _builder_version=\"4.8.1\" _module_preset=\"default\"][et_pb_text admin_label=\"Titular entrada\" _builder_version=\"4.8.2\" _module_preset=\"default\" text_font=\"Averta Light||||||||\" header_font_size=\"36px\" header_4_font=\"Averta regular||||||||\" header_4_font_size=\"20px\" header_4_line_height=\"1.6em\" header_5_line_height=\"1.6em\" header_6_font=\"Averta regular||||||||\" header_6_font_size=\"16px\" header_6_line_height=\"1.2em\" header_font_size_tablet=\"30px\" header_font_size_phone=\"24px\" header_font_size_last_edited=\"on|phone\" header_6_font_size_tablet=\"\" header_6_font_size_phone=\"16px\" header_6_font_size_last_edited=\"on|phone\"]<\/p><h1 style=\"text-align: center;\">NARC\u00cdS SERRA: \"UNA CIUTAT ES FA GRAN QUAN HI HA UN ESFOR\u00c7 COL\u00b7LECTIU, PRIVAT I P\u00daBLIC\"<\/h1><h6 style=\"text-align: center;\">El primer alcalde democr\u00e0tic de Barcelona opina que fins que Catalunya no trobi objectius pol\u00edtics compartits per una gran majoria de catalans, ser\u00e0 molt dif\u00edcil fer pol\u00edtiques estables i potents a la ciutat<\/h6><div>\u00a0<\/div><h6 style=\"text-align: center;\">\u00a0<\/h6><p>[\/et_pb_text][et_pb_image src=\"https:\/\/rethink.mtconsulting.es\/wp-content\/uploads\/2021\/02\/serra.jpg\" title_text=\"serra\" admin_label=\"Imatge entrada\" _builder_version=\"4.8.2\" _module_preset=\"default\" hover_enabled=\"0\" align=\"center\" sticky_enabled=\"0\"][\/et_pb_image][et_pb_text disabled_on=\"on|on|off\" admin_label=\"Text entrada escriptori\" _builder_version=\"4.8.2\" _module_preset=\"default\" text_font=\"Averta Light||||||||\" header_font_size=\"36px\" header_4_font=\"Averta regular||||||||\" header_4_font_size=\"20px\" header_4_line_height=\"1.6em\" header_5_line_height=\"1.6em\" header_6_font=\"Averta regular||||||||\" header_6_font_size=\"16px\" header_6_line_height=\"1.5em\" header_font_size_tablet=\"30px\" header_font_size_phone=\"24px\" header_font_size_last_edited=\"on|phone\" header_6_font_size_tablet=\"\" header_6_font_size_phone=\"14px\" header_6_font_size_last_edited=\"on|phone\"]<\/p><p><strong>per Pep Manel Manchon<\/strong><\/p><div><p class=\"Cos\"><b><span lang=\"CA\">Narc\u00eds Serra<\/span><\/b><span lang=\"CA\"> (Barcelona, 1943) ho ha estat tot a la pol\u00edtica espanyola. Va canviar l<\/span><span dir=\"RTL\" lang=\"AR-SA\">\u2019<\/span><span lang=\"CA\">Ex\u00e8rcit, com a ministre de Defensa, fent de les forces armades espanyoles un operatiu modern, valorat internacionalment, amb una participaci\u00f3 activa en diferents missions internacionals. Despr\u00e9s d<\/span><span dir=\"RTL\" lang=\"AR-SA\">\u2019<\/span><span lang=\"CA\">aquell per\u00edode, entre 1982 i 1991, va ser designat vicepresident del Govern espanyol, presidit per Felipe Gonz\u00e1lez, fins al 1995. Per\u00f2 <b>Serra va ser el primer alcalde democr\u00e0tic de Barcelona<\/b>, despr\u00e9s de la dictadura, el 1979. I va prendre una decisi\u00f3 que el col\u00b7locaria directament en els llibres d<\/span><span dir=\"RTL\" lang=\"AR-SA\">\u2019<\/span><span lang=\"CA\">Hist\u00f2ria de la ciutat. <b>Va demanar, com a alcalde, els Jocs Ol\u00edmpics per Barcelona<\/b> que se celebrarien el 1992. Serra ofereix en aquesta entrevista la seva valoraci\u00f3 de les necessitats, ara, de la capital catalana, amb una idea central: <\/span><b><span dir=\"RTL\" lang=\"AR-SA\">\u201c<\/span><\/b><b><span lang=\"CA\">Fins que Catalunya no trobi objectius pol\u00edtics compartits per una gran majoria de catalans, ser\u00e0 molt dif\u00edcil fer pol\u00edtiques estables i potents a Barcelona<\/span><\/b><span lang=\"CA\">\u201d. I t\u00e9 clar que<\/span><b><span dir=\"RTL\" lang=\"AR-SA\"> \u201c<\/span><\/b><b><span lang=\"CA\">una ciutat es fa gran quan hi ha un esfor\u00e7 col\u00b7lectiu, privat i p\u00fablic\u201d.<\/span><\/b><\/p><\/div><div><p class=\"Cos\"><b><span lang=\"CA\">\u00a0<\/span><\/b><\/p><\/div><div><p class=\"Cos\"><b><span lang=\"CA\">Barcelona \u00e9s ara la ciutat que vost\u00e8 havia pensat com alcalde just a la frontera entre finals dels anys setanta i els primers vuitanta?<\/span><\/b><\/p><\/div><div><p class=\"Cos\"><span lang=\"CA\">En la meva etapa com a alcalde, la preocupaci\u00f3 priorit\u00e0ria era resoldre q\u00fcestions del moment. No era la de projectar una ciutat del futur, que, en realitat, nom\u00e9s es va poder fer a partir dels Jocs Ol\u00edmpics, quan es t\u00e9 la seguretat de fer una aposta tan arriscada i que surti b\u00e9. \u00c9s indubtable que la situaci\u00f3 ara \u00e9s for\u00e7a diferent de la de 1979, i, encara m\u00e9s, a la Barcelona anterior.<\/span><\/p><\/div><div><p class=\"Cos\"><b><span lang=\"CA\">Una ciutat que es projecta a partir dels Jocs Ol\u00ed<\/span><\/b><b><span lang=\"CA\">mpics?<\/span><\/b><\/p><\/div><div><p class=\"Cos\">\u00a0<\/p><\/div><div><p class=\"Cos\"><span lang=\"CA\">I abans tamb\u00e9, el que passa \u00e9s que en el per\u00edode en el qual vaig ser alcalde, el primer de tot va ser preparar el terreny, una mena de tanteig, tenint en compte que el que angoixava era equilibrar el pressupost. L<\/span><span dir=\"RTL\" lang=\"AR-SA\">\u2019<\/span><span lang=\"CA\">any 1979, Barcelona havia d<\/span><span dir=\"RTL\" lang=\"AR-SA\">\u2019<\/span><span lang=\"CA\">afrontar cada mes una despesa que era el doble del que ingressava. El d\u00e8ficit era enorme. Una vegada es va poder orientar la q\u00fcesti\u00f3 dels comptes p\u00fablics, va ser important el que vaig fer, demanant suport conjuntament amb les ciutats m\u00e9s importants. El Govern central va reaccionar per trobar solucions. Per\u00f2 el que pod\u00edem fer, llavors, era limitat. S<\/span><span dir=\"RTL\" lang=\"AR-SA\">\u2019<\/span><span lang=\"CA\">impulsaven placetes, com la Pla\u00e7a de la Merc\u00e8, o la Pla\u00e7a S\u00f3ller, a Nou Barris, amb escultures de Corber\u00f3. Per\u00f2 poca cosa m\u00e9s que atendre el dia a dia.\u00a0 Sense un projecte general no es podia fer gran cosa. A la ciutat li vam donar consist\u00e8ncia amb els Jocs, i ens vam atrevir, llavors, a pensar en les rondes i en obrir Barcelona al mar. Per\u00f2 una ciutat no es fa gran per tot aix\u00f2. Una ciutat es fa gran quan hi ha un esfor\u00e7 col\u00b7lectiu, esfor\u00e7 privat i p\u00fablic. A vegades es diu que els alcaldes han de solucionar problemes ximples i immediats. Per\u00f2 jo crec que tenen enc\u00e0rrecs m\u00e9s importants i un d<\/span><span dir=\"RTL\" lang=\"AR-SA\">\u2019<\/span><span lang=\"CA\">ells \u00e9s el de cultivar l<\/span><span dir=\"RTL\" lang=\"AR-SA\">\u2019<\/span><span lang=\"CA\">esperit de la ciutat, com a fenomen c\u00edvic. Estic en contra de dir que abordar el problema del tr\u00e0nsit o del canvi clim\u00e0tic ja \u00e9s suficient. No, tindrien ra\u00f3, llavors, el que reclamen m\u00e9s suport a la cultura. Barcelona necessita una gesti\u00f3 humana potent. I en la gesti\u00f3 dels Jocs, es tractava d<\/span><span dir=\"RTL\" lang=\"AR-SA\">\u2019<\/span><span lang=\"CA\">una proposta que no dividia, sin\u00f3 que sumava, que unia, que \u00e9s el gran problema que Catalunya t\u00e9 avui. Crec que tenir propostes que uneixin \u00e9s el m\u00e9s important.<\/span><\/p><\/div><div><p class=\"Cos\"><b><span lang=\"CA\">Ara, amb la pand\u00e8mia, el nivell del turisme ha retrocedit a la situaci\u00f3 anterior als Jocs. Per\u00f2 la ciutat, com deia, \u00e9s molt diferent. Pot haver-hi, en tot cas, algun paral\u00b7lelisme amb aquella situaci\u00f3<\/span><\/b><b><span lang=\"CA\">?<\/span><\/b><\/p><\/div><div><p class=\"Cos\"><span lang=\"CA\">Pels Jocs Ol\u00edmpics es van construir molts hotels, per\u00f2 vuit anys m\u00e9s tard es van fer molts m\u00e9s dels que n<\/span><span dir=\"RTL\" lang=\"AR-SA\">\u2019<\/span><span lang=\"CA\">hi havia. \u00c9s cert que es podria morir d\u2019\u00e8xit, que es necessita una gesti\u00f3 \u00f2ptima del turisme. Per\u00f2 aquesta comparaci\u00f3, a partir de la pand\u00e8mia, no es pot fer, perqu\u00e8 la ciutat ha canviat molt i el que ha passat era impensable, amb molts morts pel virus del covid. Malgrat tot, amb les vacunacions, aix\u00f2 tindr\u00e0 un final i el turisme es recuperar\u00e0. El problema que jo veig \u00e9s si tindrem la capacitat en la reconstrucci\u00f3 del teixit econ\u00f2mic i social de resoldre alguns problemes del\u00a0<\/span><\/p><\/div><div><p class=\"Cos\"><b><span lang=\"CA\">A qu\u00e8 es refereix?<\/span><\/b><\/p><\/div><div><p class=\"Cos\"><span lang=\"CA\">Catalunya t\u00e9 una manca de lideratge enorme<\/span><span lang=\"CA\">, de persones que puguin tirar endavant projectes unificadors de la societat catalana. Es tracta d<\/span><span dir=\"RTL\" lang=\"AR-SA\">\u2019<\/span><span lang=\"CA\">una mancan\u00e7a pol\u00edtica i tamb\u00e9 econ\u00f2mica. Tamb\u00e9 passa en el terreny econ\u00f2mic, cultural i acad\u00e8mic.<\/span><\/p><\/div><div><p class=\"Cos\"><span lang=\"CA\">\u00a0<\/span><b><span lang=\"CA\">A partir d<\/span><\/b><b><span dir=\"RTL\" lang=\"AR-SA\">\u2019<\/span><\/b><b><span lang=\"CA\">aquesta reflexi\u00f3, com s<\/span><\/b><b><span dir=\"RTL\" lang=\"AR-SA\">\u2019<\/span><\/b><b><span lang=\"CA\">ent\u00e9n que, tenint escoles de negoci ocupant els millors llocs dels r\u00e0nquings mundials, no tinguem aquesta elit preparada per al servei p\u00fablic. On est\u00e0 <\/span><\/b><b><span lang=\"CA\">la gent bona?<\/span><\/b><\/p><\/div><div><p class=\"Cos\"><span lang=\"CA\">\u00c9s que ens cal tamb\u00e9 fer un examen sobre l<\/span><span dir=\"RTL\" lang=\"AR-SA\">\u2019<\/span><span lang=\"CA\">ensenyament elitista de car\u00e0cter anglosax\u00f3. Est\u00e0 b\u00e9 per guanyar diners, per\u00f2 no per servir a la societat. A m\u00e9s, cal esmentar que molts d<\/span><span dir=\"RTL\" lang=\"AR-SA\">\u2019<\/span><span lang=\"CA\">aquests centres de negocis utilitzen un argument per atreure alumnes a partir del salari mitj\u00e0 que cobraran quan surtin i a mi em sembla una idea molt equivocada.<\/span><\/p><\/div><table class=\" alignright\" style=\"height: 123px; width: 24.515503875968992%; border-collapse: collapse; border-top-width: 2px; border-top-style: solid; border-color: #000000; margin-left: 20px;\" cellspacing=\"15\" cellpadding=\"2\"><tbody><tr style=\"height: 23px;\"><td style=\"width: 100%; height: 23px; border: 2px solid #000;\"><h4>\"Catalunya t\u00e9 una manca de lideratge enorme, de persones que puguin tirar endavant projectes unificadors de la societat catalana.\u201d<\/h4><\/td><\/tr><\/tbody><\/table><p><span lang=\"CA\">\u00a0<\/span><b><span lang=\"CA\">Per\u00f2 la falta de servidors p\u00fablics \u00e9s per una q\u00fcesti\u00f3 salarial? O per un canvi de prioritats? Pasqual Maragall havia dit for\u00e7a vegades all\u00f2 que els seus amics divendres a la tarda marxaven cap a la Cerdanya, i ell es quedava a l<\/span><\/b><b><span dir=\"RTL\" lang=\"AR-SA\">\u2019<\/span><\/b><b><span lang=\"CA\">Ajuntament.<\/span><\/b><\/p><div><p class=\"Cos\"><b><span lang=\"CA\">\u00a0<\/span><\/b><span lang=\"CA\">La falta de servidors p\u00fablics \u00e9s un dels enormes problemes que tenim, de gent que vulgui dedicar-s<\/span><span dir=\"RTL\" lang=\"AR-SA\">\u2019<\/span><span lang=\"CA\">hi. Hi ha la q\u00fcesti\u00f3 de l<\/span><span dir=\"RTL\" lang=\"AR-SA\">\u2019<\/span><span lang=\"CA\">edat de jubilaci\u00f3. Molts pol\u00edtics honestos, quan els hi arriba l<\/span><span dir=\"RTL\" lang=\"AR-SA\">\u2019<\/span><span lang=\"CA\">edat de jubilaci\u00f3, han de viure amb pensions que no s\u00f3n coherents amb el nivell de vida anterior. I despr\u00e9s hi ha la q\u00fcesti\u00f3 de la desigualtat. L<\/span><span dir=\"RTL\" lang=\"AR-SA\">\u2019<\/span><span lang=\"CA\">Ajuntament de Barcelona no es pot sostreure del que aix\u00f2 significa. \u00c9s general, als Estats Units, a Europa o a la Xina. Als EUA, l<\/span><span dir=\"RTL\" lang=\"AR-SA\">\u2019<\/span><span lang=\"CA\">1% dels m\u00e9s rics es queden el 20% de la renda; i el 5% d<\/span><span dir=\"RTL\" lang=\"AR-SA\">\u2019<\/span><span lang=\"CA\">aquest 1% es queda el 50%. \u00c9s aquesta situaci\u00f3, s<\/span><span dir=\"RTL\" lang=\"AR-SA\">\u2019<\/span><span lang=\"CA\">ha creat una figura, la de l<\/span><span dir=\"RTL\" lang=\"AR-SA\">\u2019<\/span><span lang=\"CA\">executiu, com a privilegiat social, amb un salari molt alt i retribuci\u00f3 variable, que ha contribu\u00eft a aquesta desigualtat. Despr\u00e9s est\u00e0 la q\u00fcesti\u00f3, ara estudiada, que moltes d<\/span><span dir=\"RTL\" lang=\"AR-SA\">\u2019<\/span><span lang=\"CA\">aquestes persones es relacionen amb persones semblants i s<\/span><span dir=\"RTL\" lang=\"AR-SA\">\u2019<\/span><span lang=\"CA\">acaben casant, i unint carreres professionals i personals.<\/span><\/p><\/div><div><p class=\"Cos\"><span lang=\"CA\">\u00a0<\/span><b><span lang=\"CA\">\u00c9s el que explica Milanovic, una mena de conflu\u00e8ncia d<\/span><\/b><b><span dir=\"RTL\" lang=\"AR-SA\">\u2019<\/span><\/b><b><span lang=\"CA\">interessos, de persones educades, que fan m\u00e9s gran les difer\u00e8ncies respecte als que no arriben.<\/span><\/b><\/p><\/div><div><p class=\"Cos\"><span lang=\"CA\">\u00a0<\/span><span lang=\"CA\">S\u00ed, Milanovic, que ha estat a l<\/span><span dir=\"RTL\" lang=\"AR-SA\">\u2019<\/span><span lang=\"CA\">IBEI, \u2014Serra presideix l<\/span><span dir=\"RTL\" lang=\"AR-SA\">\u2019<\/span><span lang=\"CA\">Institut de Barcelona d<\/span><span dir=\"RTL\" lang=\"AR-SA\">\u2019<\/span><span lang=\"CA\">Estudis Internacionals\u2014 explica aix\u00f2 dels casaments. I \u00e9s que estem en un m\u00f3n molt diferent del de 1979. I Barcelona no \u00e9s una ciutat tancada. I tot aix\u00f2 influeix en el desenvolupament de la ciutat.<\/span><\/p><p><img class=\"aligncenter wp-image-5771 size-full\" src=\"https:\/\/rethink.mtconsulting.es\/wp-content\/uploads\/2021\/02\/serra2.jpg\" alt=\"\" width=\"640\" height=\"480\" \/><\/p><\/div><div><p class=\"Cos\"><span lang=\"CA\">\u00a0<\/span><b><span lang=\"CA\">Tornem a les escoles de negocis. Estudien a Barcelona molts estrangers, per\u00f2 no es queden, o molt pocs decideixen muntar negocis a la ciutat.<\/span><\/b><\/p><\/div><div><p class=\"Cos\"><span lang=\"CA\">\u00a0<\/span><span lang=\"CA\">Ja \u00e9s bona cosa que vinguin, encara que no es quedin, perqu\u00e8 tindran un coneixement de la ciutat i del pa\u00eds. El 30% dels estudiants de l<\/span><span dir=\"RTL\" lang=\"AR-SA\">\u2019<\/span><span lang=\"CA\">IBEI s\u00f3n estrangers. L\u2019\u00fanica sortida que tenen les universitats, les espanyoles i les catalanes, passa per l<\/span><span dir=\"RTL\" lang=\"AR-SA\">\u2019<\/span><span lang=\"CA\">acollida d<\/span><span dir=\"RTL\" lang=\"AR-SA\">\u2019<\/span><span lang=\"CA\">alumnes estrangers. Si venen \u00e9s perqu\u00e8 s<\/span><span dir=\"RTL\" lang=\"AR-SA\">\u2019<\/span><span lang=\"CA\">ofereix un nivell internacional, i aix\u00f2 ja homologa les universitats. Tinc molt clar que d<\/span><span dir=\"RTL\" lang=\"AR-SA\">\u2019<\/span><span lang=\"CA\">aqu\u00ed a deu anys les universitats hauran de tenir m\u00e9s pes, amb f\u00f3rmules de m\u00e0ster. \u00c9s veritat que s<\/span><span dir=\"RTL\" lang=\"AR-SA\">\u2019<\/span><span lang=\"CA\">haur\u00e0 de resoldre un tema complicat i \u00e9s que molts recercadors no volen ensenyar, i molts dels que ensenyen no saben recercar. Hem de trobar una bona s\u00edntesi. I, en tot cas, sobre aquests alumnes que no es queden, crec que el que \u00e9s segur \u00e9s que contribuiran a donar a con\u00e8ixer el que es fa a Barcelona i projectaran la imatge de la ciutat.<\/span><\/p><\/div><div><p class=\"Cos\"><span lang=\"CA\">\u00a0<\/span><b><span lang=\"CA\">A Barcelona, li ha fet mal la comparaci\u00f3 cont\u00ednua amb Madrid?<\/span><\/b><\/p><\/div><div><p class=\"Cos\"><span lang=\"CA\">\u00a0<\/span><span lang=\"CA\">Barcelona no s<\/span><span dir=\"RTL\" lang=\"AR-SA\">\u2019<\/span><span lang=\"CA\">ha de comparar. Per\u00f2 ha de vigilar qu\u00e8 passa a Madrid<\/span><span lang=\"CA\">. Es tracta d<\/span><span dir=\"RTL\" lang=\"AR-SA\">\u2019<\/span><span lang=\"CA\">una ciutat, Madrid, que \u00e9s la capital de l<\/span><span dir=\"RTL\" lang=\"AR-SA\">\u2019<\/span><span lang=\"CA\">Estat, i t\u00e9 els avantatges de ser la capital, i, a vegades, m\u00e9s del que li tocaria. Per\u00f2 Barcelona no s<\/span><span dir=\"RTL\" lang=\"AR-SA\">\u2019<\/span><span lang=\"CA\">ha de comparar, reitero, sin\u00f3 fer el seguiment per pal\u00b7liar possibles situacions.<\/span><\/p><p>\u00a0<\/p><\/div><div><p class=\"Cos\"><span lang=\"CA\">\u00a0<\/span><b><span lang=\"CA\">Seguint en l\u2019\u00e0mbit de l<\/span><\/b><b><span dir=\"RTL\" lang=\"AR-SA\">\u2019<\/span><\/b><b><span lang=\"CA\">educaci\u00f3, quan les administracions hi han col\u00b7laborat s<\/span><\/b><b><span dir=\"RTL\" lang=\"AR-SA\">\u2019<\/span><\/b><b><span lang=\"CA\">han aconseguit grans acords, i producte d<\/span><\/b><b><span dir=\"RTL\" lang=\"AR-SA\">\u2019<\/span><\/b><b><span lang=\"CA\">aquesta entesa tenim la Universitat Carlos III a Madrid i la Universitat Pompeu Fabra a Barcelona. Van col\u00b7laborar de forma estreta el Govern central i la Generalitat. Aix\u00f2 s<\/span><\/b><b><span dir=\"RTL\" lang=\"AR-SA\">\u2019<\/span><\/b><b><span lang=\"CA\">ha de recuperar?<\/span><\/b><\/p><\/div><div><p class=\"Cos\"><span lang=\"CA\">El que ens ha passat \u00e9s que portem dues crisis seguides. I aix\u00f2 fa mal. Si podem sortir d<\/span><span dir=\"RTL\" lang=\"AR-SA\">\u2019<\/span><span lang=\"CA\">aquesta situaci\u00f3, ara, amb la campanya massiva de vacunaci\u00f3, podrem mirar cap endavant. La crisi de 2008 va ser la m\u00e9s greu des dels anys trenta. I aquesta d<\/span><span dir=\"RTL\" lang=\"AR-SA\">\u2019<\/span><span lang=\"CA\">ara \u00e9s veritat que ens agafa m\u00e9s preparats i amb m\u00e9s avan\u00e7os tecnol\u00f2gics. Per\u00f2, en tot cas, crec que, cada vegada m\u00e9s ens convindr\u00e0 formar part del m\u00f3n homologat que fa recerca. Si no ho fem, ho pagarem molt car. Si hagu\u00e9s que dibuixar una ciutat ideal, o la que m<\/span><span dir=\"RTL\" lang=\"AR-SA\">\u2019<\/span><span lang=\"CA\">agradaria fer, diria que ha de ser una ciutat que tingui molta cura del benestar. Barcelona aix\u00f2 ho pot tenir. No \u00e9s T\u00f2quio, no \u00e9s M\u00e8xic DF. \u00c9s una ciutat petita, per\u00f2 suficient per ser una plataforma mundial. La dimensi\u00f3 \u00e9s relativa, el problema seri\u00f3s que tenim \u00e9s la creaci\u00f3 de l\u00edders. I penso que ser\u00e0 m\u00e9s determinant aquesta creaci\u00f3 de l\u00edders que l<\/span><span dir=\"RTL\" lang=\"AR-SA\">\u2019<\/span><span lang=\"CA\">actitud del Govern central donant suport a Madrid.<\/span><\/p><\/div><div><p class=\"Cos\"><b><span lang=\"CA\">Llavors, estem parlant d<\/span><\/b><b><span dir=\"RTL\" lang=\"AR-SA\">\u2019<\/span><\/b><b><span lang=\"CA\">un problema intern, m\u00e9s que extern, respecte al Govern d<\/span><\/b><b><span dir=\"RTL\" lang=\"AR-SA\">\u2019<\/span><\/b><b><span lang=\"CA\">Espanya.<\/span><\/b><\/p><\/div><div><p class=\"Cos\">S\u00ed, per\u00f2 no nom\u00e9s. Fins que Catalunya no trobi objectius pol\u00edtics compartits per una gran majoria de catalans, ser\u00e0 molt dif\u00edcil fer pol\u00edtiques estables i potents a Barcelona.<\/p><\/div><div><p class=\"Cos\"><span lang=\"CA\">\u00a0<\/span><b><span lang=\"CA\">Barcelona i Catalunya s\u00f3n indissociables?<\/span><\/b><\/p><\/div><div><p class=\"Cos\"><span lang=\"CA\">\u00a0<\/span>Barcelona \u00e9s la plataforma de Catalunya. Hem de reivindicar que sigui aquesta plataforma. Catalunya t\u00e9 una necessitat imperiosa de potenciar aquesta plataforma de serveis que \u00e9s la ciutat de Barcelona.<\/p><\/div><div><p class=\"Cos\"><span lang=\"CA\">\u00a0<\/span><b><span lang=\"CA\">Hi ha una idea, en tots els debats sobre la ciutat, que apunta que Barcelona hauria de ser la gran tractora econ\u00f2mica de Catalunya, amb un alt preu pels seus ve\u00efns. \u00c9s a dir, que es renunci\u00ef a viure al centre de la ciutat, i que es destini el nucli urb\u00e0 al turisme, a la productivitat tecnol\u00f2gica, a les escoles de negoci. A canvi, podrem viure tots a la segona, tercera o quarta corona, ben connectats amb la ciutat. Anem cap aqu\u00ed, o es podr\u00e0 combinar els diferents interessos?<\/span><\/b><\/p><\/div><div><p class=\"Cos\"><span lang=\"CA\">Crec que es pot combinar. Ara, jo no s\u00f3c el m\u00e9s idoni per dir-ho, perqu\u00e8 visc a la segona corona. Per\u00f2, en tot cas, aix\u00f2 em porta a dir que s<\/span><span dir=\"RTL\" lang=\"AR-SA\">\u2019<\/span><span lang=\"CA\">han de fer coses, i que el Quart cintur\u00f3 hauria d<\/span><span dir=\"RTL\" lang=\"AR-SA\">\u2019<\/span><span lang=\"CA\">estar fet, o el t\u00fanel de Cerdanyola<\/span><span lang=\"CA\">, encara que fos nom\u00e9s pel Metro.<\/span><\/p><\/div><div><p class=\"Cos\"><span lang=\"CA\">\u00a0<\/span><b><span lang=\"CA\">Hi ha una idea que s<\/span><\/b><b><span dir=\"RTL\" lang=\"AR-SA\">\u2019<\/span><\/b><b><span lang=\"CA\">ha est\u00e8s i \u00e9s que si un viu a un barri, es genera una mena de dret de viure sempre en aquell barri. S<\/span><\/b><b><span dir=\"RTL\" lang=\"AR-SA\">\u2019<\/span><\/b><b><span lang=\"CA\">ha de donar suport o pensar que ja no es pot garantir a ning\u00fa <\/span><\/b><b><span lang=\"CA\">on pot viure?<\/span><\/b><\/p><\/div><div><p class=\"Cos\"><span lang=\"CA\">A veure, el problema est\u00e0 relacionat amb la renda. Si els ve\u00efns que es veuen obligats a deixar el seu barri poguessin viure en un altre, no hi hauria d<\/span><span dir=\"RTL\" lang=\"AR-SA\">\u2019<\/span><span lang=\"CA\">haver protestes. La q\u00fcesti\u00f3 \u00e9s que se<\/span><span dir=\"RTL\" lang=\"AR-SA\">\u2019<\/span><span lang=\"CA\">ls envia a la marginalitat<\/span><span lang=\"CA\">. \u00c9s l<\/span><span dir=\"RTL\" lang=\"AR-SA\">\u2019<\/span><span lang=\"CA\">anomenada gentrificaci\u00f3. S<\/span><span dir=\"RTL\" lang=\"AR-SA\">\u2019<\/span><span lang=\"CA\">expulsa al d\u00e8bil. I \u00e9s evident que calen pol\u00edtiques d<\/span><span dir=\"RTL\" lang=\"AR-SA\">\u2019<\/span><span lang=\"CA\">habitatge.<\/span><\/p><\/div><div><p class=\"Cos\"><span lang=\"CA\">\u00a0<\/span><b><span lang=\"CA\">Com \u00e9s possible que s<\/span><\/b><b><span dir=\"RTL\" lang=\"AR-SA\">\u2019<\/span><\/b><b><span lang=\"CA\">hagi fet tan poc en pol\u00edtica d<\/span><\/b><b><span dir=\"RTL\" lang=\"AR-SA\">\u2019<\/span><\/b><b><span lang=\"CA\">habitatge? Altres ciutats a Europa tenen percentatges del 30%-35% d<\/span><\/b><b><span dir=\"RTL\" lang=\"AR-SA\">\u2019<\/span><\/b><b><span lang=\"CA\">habitatge p\u00fablica i algunes encara m\u00e9s.<\/span><\/b><\/p><\/div><div><p class=\"Cos\"><span lang=\"CA\">\u00a0<\/span><span lang=\"CA\">Perqu\u00e8 no n<\/span><span dir=\"RTL\" lang=\"AR-SA\">\u2019<\/span><span lang=\"CA\">hi havia consci\u00e8ncia. Suposo que ara n<\/span><span dir=\"RTL\" lang=\"AR-SA\">\u2019<\/span><span lang=\"CA\">hi haur\u00e0. I es necessita horitzons de deu anys o m\u00e9s. Quan era alcalde, la despesa m\u00e9s gran que destinava Barcelona era per Sanitat, per l<\/span><span dir=\"RTL\" lang=\"AR-SA\">\u2019<\/span><span lang=\"CA\">Hospital del Mar, que era de l<\/span><span dir=\"RTL\" lang=\"AR-SA\">\u2019<\/span><span lang=\"CA\">Ajuntament, o per l<\/span><span dir=\"RTL\" lang=\"AR-SA\">\u2019<\/span><span lang=\"CA\">Hospital de l<\/span><span dir=\"RTL\" lang=\"AR-SA\">\u2019<\/span><span lang=\"CA\">Esperan\u00e7a. Ara no ho s\u00f3n. Despr\u00e9s, tamb\u00e9 es destinava molt per educaci\u00f3. Ara aquestes despeses ja no les fa l<\/span><span dir=\"RTL\" lang=\"AR-SA\">\u2019<\/span><span lang=\"CA\">Ajuntament. Per tant, hi ha recursos que s<\/span><span dir=\"RTL\" lang=\"AR-SA\">\u2019<\/span><span lang=\"CA\">han de destinar a l<\/span><span dir=\"RTL\" lang=\"AR-SA\">\u2019<\/span><span lang=\"CA\">habitatge.<\/span><\/p><\/div><div><p class=\"Cos\"><b><span lang=\"CA\">\u00a0<\/span><\/b><b><span lang=\"CA\">Tots aquests serveis s<\/span><\/b><b><span dir=\"RTL\" lang=\"AR-SA\">\u2019<\/span><\/b><b><span lang=\"CA\">haurien de poder oferir des d<\/span><\/b><b><span dir=\"RTL\" lang=\"AR-SA\">\u2019<\/span><\/b><b><span lang=\"CA\">un govern metropolit\u00e0<\/span><\/b><b><span lang=\"CA\">?<\/span><\/b><\/p><\/div><div><p class=\"Cos\"><span lang=\"CA\">S\u00ed, clarament. Som una metr\u00f2poli, vulgui o no Madrid, o la Generalitat, que en els anys vuitanta ho va impedir. Perqu\u00e8 no es pot negar la realitat. Els taxis s\u00f3n metropolitans o els cementiris, o el servei de l<\/span><span dir=\"RTL\" lang=\"AR-SA\">\u2019<\/span><span lang=\"CA\">aigua. Barcelona necessita un cementiri i li hauran de deixar fer, sigui a la primera o a la segona corona. Crec, cada vegada m\u00e9s, que els projectes s<\/span><span dir=\"RTL\" lang=\"AR-SA\">\u2019<\/span><span lang=\"CA\">han d<\/span><span dir=\"RTL\" lang=\"AR-SA\">\u2019<\/span><span lang=\"CA\">enfocar des de les realitats immediates, i la q\u00fcesti\u00f3 dels cementiris serveix per entendre que cal una aproximaci\u00f3 metropolitana. I que caldran bones connexions amb els aeroports, connexions ferrovi\u00e0ries amb el Port mar\u00edtim i amb Europa.<\/span><\/p><p><img class=\"aligncenter wp-image-5774 size-full\" src=\"https:\/\/rethink.mtconsulting.es\/wp-content\/uploads\/2021\/02\/serra3.jpg\" alt=\"\" width=\"640\" height=\"480\" \/><\/p><\/div><div><p class=\"Cos\"><span lang=\"CA\">\u00a0<\/span><b><span lang=\"CA\">Es pot anar, realment, en aquesta direcci\u00f3<\/span><\/b><b><span lang=\"CA\">?<\/span><\/b><\/p><\/div><div><p class=\"Cos\"><span lang=\"CA\">Si acabem amb les crisis i si el PIB torna a ressuscitar, ser\u00e0 m\u00e9s f\u00e0cil. Recordo que a divuit anys, quan vaig comen\u00e7ar a estudiar Econ\u00f2miques, vaig llegir un estudi del Banc Mundial de Desenvolupament que tenia el meu pare. Llavors, ja es parlava de l<\/span><span dir=\"RTL\" lang=\"AR-SA\">\u2019<\/span><span lang=\"CA\">eix mediterrani. I crec que s<\/span><span dir=\"RTL\" lang=\"AR-SA\">\u2019<\/span><span lang=\"CA\">ha trigat massa temps, i que ja \u00e9s el moment de fer-ho. S<\/span><span dir=\"RTL\" lang=\"AR-SA\">\u2019<\/span><span lang=\"CA\">ha d<\/span><span dir=\"RTL\" lang=\"AR-SA\">\u2019<\/span><span lang=\"CA\">actuar en aquesta l\u00ednia. De tota manera, s<\/span><span dir=\"RTL\" lang=\"AR-SA\">\u2019<\/span><span lang=\"CA\">ha de dir que Barcelona est\u00e0 en una bona situaci\u00f3, amb el Port, i amb la necessitat que tindr\u00e0 la Xina d<\/span><span dir=\"RTL\" lang=\"AR-SA\">\u2019<\/span><span lang=\"CA\">establir totes les connexions amb Europa pel Canal de Suez. Sense deixar de banda que, despr\u00e9s de la vacunaci\u00f3, recuperarem l<\/span><span dir=\"RTL\" lang=\"AR-SA\">\u2019<\/span><span lang=\"CA\">aeroport i que tindrem la connexi\u00f3 ferrovi\u00e0ria amb ample europeu. Donades les transformacions que portaran a un nou equilibri mundial, no estem malament col\u00b7locats.<\/span><\/p><\/div><div><p class=\"Cos\"><span lang=\"CA\">\u00a0<\/span><b><span lang=\"CA\">Vost\u00e8 ha dit que Barcelona est\u00e0 preparada per ser un referent en l\u2019\u00e0mbit del medi ambient, per poder ser una <\/span><\/b><b><span dir=\"RTL\" lang=\"AR-SA\">\u2018<\/span><\/b><b><span lang=\"CA\">ciutat feli\u00e7\u2019, amb menys emissions contaminants. Com es fa?<\/span><\/b><\/p><\/div><div><p class=\"Cos\"><i><span lang=\"CA\">Suaviter in modo, fortiter in re<\/span><\/i><span lang=\"CA\"> (Suaus en les formes, forts en la idea).<b> <\/b>S<\/span><span dir=\"RTL\" lang=\"AR-SA\">\u2019<\/span><span lang=\"CA\">ha de dialogar molt, amb els empresaris, amb els hotelers, i parlar i parlar, buscant solucions interm\u00e8dies. S<\/span><span dir=\"RTL\" lang=\"AR-SA\">\u2019<\/span><span lang=\"CA\">ha de parlar amb Foment, i amb CCOO, i amb el RACC. El prestigi d<\/span><span dir=\"RTL\" lang=\"AR-SA\">\u2019<\/span><span lang=\"CA\">un alcalde est\u00e0 lligat a la seva capacitat d<\/span><span dir=\"RTL\" lang=\"AR-SA\">\u2019<\/span><span lang=\"CA\">empatia amb tots els sectors de la ciutat.<\/span><\/p><\/div><div><p class=\"Cos\"><b><span lang=\"CA\">\u00c9s el que manca?<\/span><\/b><\/p><p class=\"Cos\">S\u00ed, per\u00f2 \u00e9s el que manca a tots els nivells, a Espanya, a Europa...<\/p><\/div><div><p class=\"Cos\"><b><span lang=\"CA\">Hi ha una proposta que ha impulsat l<\/span><\/b><b><span dir=\"RTL\" lang=\"AR-SA\">\u2019<\/span><\/b><b><span lang=\"CA\">alcaldessa de Par\u00eds, Anne Hidalgo, sobre la ciutat dels quinze minuts. Es tracta que als barris hi hagi tots els serveis a l<\/span><\/b><b><span dir=\"RTL\" lang=\"AR-SA\">\u2019<\/span><\/b><b><span lang=\"CA\">abast. Per\u00f2, llavors, paga la pena viure en una gran ciutat? Perqu\u00e8 es podria viure fora, amb preus m\u00e9s raonables pel que fa a l<\/span><\/b><b><span dir=\"RTL\" lang=\"AR-SA\">\u2019<\/span><\/b><b><span lang=\"CA\">habitatge o respecte a altres serveis.<\/span><\/b><\/p><\/div><div><p class=\"Cos\"><span lang=\"CA\">Aquest problema crec que est\u00e0 resolt a Barcelona, per la seva mida. A Corea del Sud podria ser una revoluci\u00f3, o a certs llocs dels Estats Units, que van a comprar els dissabtes, com si fos una excursi\u00f3, perqu\u00e8 han d<\/span><span dir=\"RTL\" lang=\"AR-SA\">\u2019<\/span><span lang=\"CA\">utilitzar el cotxe i sortir fora. Es tracta de capitals de vuit o deu milions de persones. Per\u00f2 no \u00e9s el cas de Barcelona. El problema, potser, \u00e9s que el terme municipal \u00e9s massa petit, encara que t\u00e9 bones relacions amb els municipis del voltant, com L<\/span><span dir=\"RTL\" lang=\"AR-SA\">\u2019<\/span><span lang=\"CA\">Hospitalet, que compta amb un centre important, amb gratacels i oficines, o Badalona, que t\u00e9 ara un projecte com el de les Tres Xemeneies.<\/span><\/p><\/div><div><p class=\"Cos\"><span lang=\"CA\">\u00a0<\/span><b><span lang=\"CA\">Quines decisions li hauria agradat prendre, com a alcalde?<\/span><\/b><\/p><\/div><div><p class=\"Cos\"><span lang=\"CA\">\u00a0<\/span><span lang=\"CA\">M<\/span><span dir=\"RTL\" lang=\"AR-SA\">\u2019<\/span><span lang=\"CA\">hauria agradat fer els Jocs Ol\u00edmpics, \u00e9s clar. Els vaig demanar el 1981, despr\u00e9s del cop d<\/span><span dir=\"RTL\" lang=\"AR-SA\">\u2019<\/span><span lang=\"CA\">estat de Tejero. I entenc que va ser un sacrifici per a mi, quan vaig deixar l<\/span><span dir=\"RTL\" lang=\"AR-SA\">\u2019<\/span><span lang=\"CA\">alcaldia. A Madrid no volien els Jocs, amb el projecte de l<\/span><span dir=\"RTL\" lang=\"AR-SA\">\u2019<\/span><span lang=\"CA\">Expo a Sevilla. Per\u00f2 vam fer valer un argument important, i \u00e9s que demanar els Jocs per fer-los onze anys despr\u00e9s, volia dir que es confiava en el futur d<\/span><span dir=\"RTL\" lang=\"AR-SA\">\u2019<\/span><span lang=\"CA\">Espanya com a democr\u00e0cia. Quan li demanes al rei els Jocs Ol\u00edmpics li est\u00e0s dient que el 1992 Espanya seguir\u00e0 com a pa\u00eds democr\u00e0tic. Ara, vaig ajudar molt des de Madrid. Pel meu tarann\u00e0 m<\/span><span dir=\"RTL\" lang=\"AR-SA\">\u2019<\/span><span lang=\"CA\">hauria agradat com a alcalde fer m\u00e9s en l\u2019\u00e0mbit cultural. De les coses que vaig fer, destacaria el convent per les monges al Monestir de Pedralbes, que es va obrir perqu\u00e8 es pogu\u00e9s visitar. I vam fer coses pel Liceu, amb el paper molt destacat de Llu\u00eds Portabella. I recordo la gran preocupaci\u00f3 i ocupaci\u00f3 d<\/span><span dir=\"RTL\" lang=\"AR-SA\">\u2019<\/span><span lang=\"CA\">Oriol Bohigas, que va ser cabdal. Per\u00f2, \u00e9s clar, tamb\u00e9 podria haver perdut les eleccions, si hagu\u00e9s continuat com a alcalde.\u00a0<\/span><\/p><\/div><div><p class=\"Cos\"><b><span lang=\"CA\">Com ha de ser Barcelona en una d\u00e8cada? En quina ciutat ens hem de mirar? Amsterdam, Mil\u00e0, o podem ser, segons el que fem, Marsella?<\/span><\/b><\/p><\/div><div><p class=\"Cos\"><span lang=\"CA\">\u00a0<\/span><span lang=\"CA\">Fa uns anys deien Ni\u00e7a. Per\u00f2 jo crec que hem de ser un model per ciutats com Ni\u00e7a o Amsterdam. Amb una bona qualitat, amb menys circulaci\u00f3 de cotxes. Una columna important ha de ser la cultura. Tenim enormes pintors i tenim Pau Casals! \u00c9s veritat que no ser la seu de l<\/span><span dir=\"RTL\" lang=\"AR-SA\">\u2019<\/span><span lang=\"CA\">Ag\u00e8ncia del Medicament ens ha tocat, perqu\u00e8 podria haver estat un impuls molt gran. Per\u00f2 destaquem tamb\u00e9 el que tenim en aquest camp cultural, com l<\/span><span dir=\"RTL\" lang=\"AR-SA\">\u2019<\/span><span lang=\"CA\">Orquestra Ciutat de Barcelona, o la Simf\u00f2nica del Vall\u00e8s, el Liceu, el Cor de Cambra del Palau de la M\u00fasica o el MNAC. Per tant, hem de pensar en tres grans potes: benestar, cultura i ci\u00e8ncia i acad\u00e8mica, que inclou, per exemple, el Cercle d<\/span><span dir=\"RTL\" lang=\"AR-SA\">\u2019<\/span><span lang=\"CA\">Economia.<\/span><\/p><\/div><div><p class=\"Cos\"><b><span lang=\"CA\">Per\u00f2, quan vost\u00e8 es referia a la necessitat d<\/span><\/b><b><span dir=\"RTL\" lang=\"AR-SA\">\u2019<\/span><\/b><b><span lang=\"CA\">un govern metropolit\u00e0, com s<\/span><\/b><b><span dir=\"RTL\" lang=\"AR-SA\">\u2019<\/span><\/b><b><span lang=\"CA\">ha d<\/span><\/b><b><span dir=\"RTL\" lang=\"AR-SA\">\u2019<\/span><\/b><b><span lang=\"CA\">organitzar? Amb quina governan\u00e7<\/span><\/b><b><span lang=\"CA\">a?<\/span><\/b><\/p><\/div><div><p class=\"Cos\"><span lang=\"CA\">S<\/span><span dir=\"RTL\" lang=\"AR-SA\">\u2019<\/span><span lang=\"CA\">ha de fer de baix a dalt, de l\u2019\u00e0rea metropolitana a la regi\u00f3 metropolitana. I han d<\/span><span dir=\"RTL\" lang=\"AR-SA\">\u2019<\/span><span lang=\"CA\">haver-hi solucions de transport p\u00fablic. Ara b\u00e9, per portar a terme determinades solucions, necessites una determinada renda mitjana. I aix\u00f2 \u00e9s el que s<\/span><span dir=\"RTL\" lang=\"AR-SA\">\u2019<\/span><span lang=\"CA\">ha d<\/span><span dir=\"RTL\" lang=\"AR-SA\">\u2019<\/span><span lang=\"CA\">anar aconseguint.<\/span><\/p><\/div><p>[\/et_pb_text][et_pb_text disabled_on=\"off|off|on\" admin_label=\"Text entrada tablet i m\u00f2bil\" _builder_version=\"4.8.2\" _module_preset=\"default\" text_font=\"Averta Light||||||||\" header_font=\"Averta regular||||||||\" header_font_size=\"36px\" header_4_font=\"Averta regular||||||||\" header_4_line_height=\"1.2em\" header_font_size_tablet=\"30px\" header_font_size_phone=\"24px\" header_font_size_last_edited=\"on|phone\"]<strong>per Pep Mart\u00ed<\/strong><\/p><p>Xavier Trias i Vidal de Llobatera (Barcelona, 1946) explica que, quan es tracta de Barcelona, pot dir que ha estat \"als dos costats\". Vol dir que ha exercit responsabilitats rellevants en el Govern de la Generalitat (conseller de Sanitat, conseller de Presid\u00e8ncia) i alcalde de Barcelona (2011-15). Dues perspectives \u2014Generalitat i Ajuntament\u2014 que mai han estat f\u00e0cils d'encaixar. Metge pediatra, forjat pol\u00edticament al costat de Josep Laporte, pol\u00edtic m\u00e9s d'acords i enteses que de confrontacions ret\u00f2riques, Xavier Trias repassa aspectes d'un passat proper que ajuden a entendre el moment actual de Barcelona. En aquesta entrevista, reflexiona sobre el fet metropolit\u00e0 i posa llums llargs sobre la ciutat amb una mirada de metge humanista.<\/p><p><strong>- Si pren el pols de la ciutat de Barcelona en aquests moments, quina radiografia global en faria?<\/strong><\/p><p>- La ciutat t\u00e9 ara dos grans reptes: l'habitatge i la pobresa. L'habitatge nom\u00e9s se solucionar\u00e0 amb un gran acord que no pot ser nom\u00e9s de ciutat, sin\u00f3 metropolit\u00e0, i aix\u00f2 exigeix una inversi\u00f3 constant en habitatge de lloguer. Hi ha d'haver un acord per a vint anys, com el que ha funcionat en sanitat. Han passat diferents governs i durant m\u00e9s de vint anys s'ha respectat la feina feta per l'anterior. I hem estat capa\u00e7os de construir una sanitat que, amb dificultats econ\u00f2miques que l'han estressat, ha pogut atendre set milions i mig de persones. I s'ha pogut donar una resposta sanit\u00e0ria important\u00edssima. I pel que fa a la pobresa, hem d'entendre que l'\u00fanica manera de treure gent de la pobresa \u00e9s generant activitat econ\u00f2mica. Creure que ser\u00e0 possible donant-los subvencions nom\u00e9s els far\u00e0 m\u00e9s pobres. Moltes vegades s'ha de rec\u00f3rrer a les subvencions, per\u00f2 la finalitat \u00e9s crear activitat. Posar-s'hi d'esquena \u00e9s un error.<\/p><p><strong>- Cada cop, la mirada metropolitana es fa m\u00e9s necess\u00e0ria. Quina valoraci\u00f3 fa de l'actual \u00c0rea Metropolitana de Barcelona (AMB)?<\/strong><\/p><p>- L'\u00e0rea metropolitana va n\u00e9ixer en un moment dif\u00edcil i es va bloquejar durant el Govern de Jordi Pujol. Per\u00f2 despr\u00e9s de moltes vicissituds es va aprovar. Jo en vaig ser el primer president. El problema \u00e9s qu\u00e8 es vol que sigui l'\u00e0rea metropolitana. Perqu\u00e8 jo sempre havia cregut que socialistes i Iniciativa volien l'AMB, i que CiU s'hi oposava. Quan va funcionar l'AMB, em vaig adonar que aix\u00f2 no era aix\u00ed. Hi ha molts alcaldes, fins i tot socialistes, que tenen gran retic\u00e8ncia a l'\u00e0rea metropolitana. \u00c9s una eina \u00fatil, \u00e9s una realitat, per\u00f2 evidentment, la gran difer\u00e8ncia entre nosaltres i altres indrets, com Madrid, \u00e9s que la nostra realitat territorial est\u00e0 basada en molts nuclis urbans amb una personalitat pr\u00f2pia molt forta. \u00c9s a dir, Sabadell t\u00e9 una personalitat molt forta. Terrassa, igual. Rub\u00ed, tamb\u00e9. L'Hospitalet, tamb\u00e9. I no volen ser Barcelona. Malgrat que han descobert la for\u00e7a tractora de Barcelona. Hi ha institucions i projectes que han ajudat molt en aix\u00f2.<\/p><p><strong>- Com quins?<\/strong><\/p><p>- La Fira, per exemple. Tu ets a la Fira i no saps si ets a l'Hospitalet o a Barcelona. Normalment, ets a l'Hospitalet. El port de Barcelona avui dia ja no \u00e9s exacte que sigui de Barcelona. Una part important \u00e9s al Prat. L'aeroport \u00e9s al Prat. I tots aquests municipis s\u00f3n molt defensors de les seves compet\u00e8ncies i la no-interfer\u00e8ncia. Perqu\u00e8 la inger\u00e8ncia de la ciutat de Barcelona en els municipis ve\u00efns ha generat grans desastres. En el pla urban\u00edstic \u00e9s clar\u00edssim. Si amb l'adveniment de la democr\u00e0cia, aquests municipis no haguessin tingut for\u00e7a, avui dia tota la immigraci\u00f3 estaria en alguns d'ells. Podria posar un exemple molt clar, que \u00e9s Girona. En el nucli central, el que seria Raval i Ciutat Vella, no hi ha immigrants. S\u00f3n tots a Salt. Aix\u00f2 passa per una idea elitista que a Barcelona s'ha trencat.<\/p><p><strong>- Com es va produir aix\u00f2?<\/strong><\/p><p>- Quan es va agafar la idea d'esponjar el centre de la ciutat i Pasqual Maragall i Joan Clos van fer la Rambla del Raval, es van trobar amb l'allau de gent que venia de fora. En els darrers anys, a Catalunya han vingut un mili\u00f3 i mig de persones. On s'instal\u00b7len? En habitatges que estan en males condicions. Al Raval o a Ciutat Meridiana. I el Raval, que havia d'esponjar, es va densificar. Hi ha un principi primer. Per qu\u00e8 volem fer l'\u00e0rea metropolitana de Barcelona? Quin poder li volem donar? Molta gent potser creu que aix\u00f2 \u00e9s un invent empresarial i s'equivoquen. Si un dia se suprimeixen les diputacions i s'estableixen les vegueries, i tenim la vegueria de Barcelona, que seria l'\u00e0rea metropolitana ampliada, haurem de decidir quina capacitat de decisi\u00f3 t\u00e9. Aquest \u00e9s el debat de base i aquest debat no el far\u00e0 la societat civil. Qui cregui que aquest debat el far\u00e0 la societat civil est\u00e0 equivocat.<\/p><p><strong>- Qui protagonitzar\u00e0 aquest debat?<\/strong><\/p><p>- Els alcaldes. S'hi juguen el territori. Terrassa, per exemple, mai ha volgut ser \u00e0rea metropolitana. Per qu\u00e8? Perqu\u00e8 van decidir que l'important per ells era la B-30, que era el punt de partida del seu creixement. S'ha de dir que a vegades no s'ha estat prou gener\u00f3s. L'exemple m\u00e9s clar va ser el que es va produir amb la sanitat. Un dia, vam decidir saltar la muntanya i fomentar la xarxa d'hospitals de l'altre costat, com la M\u00fatua de Terrassa, l'Hospital de Terrassa i l'Hospital Parc Taul\u00ed de Sabadell. Tothom vol fer hospitals comarcals. No, no. El que hem de fer \u00e9s que l'Hospital del Parc Taul\u00ed pugui competir amb els hospitals de Barcelona. Aix\u00f2 ha passat amb Can Ruti o amb Bellvitge. El de Can Ruti ha estat un cas espectacular. A Catalunya ha vingut un mili\u00f3 i mig de persones, molts a l'\u00e0rea metropolitana. Quin \u00e9s el problema m\u00e9s gros que hi ha a Barcelona i a l'\u00e0rea metropolitana? Doncs que no s'ha fet habitatge, ni p\u00fablic ni privat. I aquestes persones viuen en unes situacions infrahumanes.<\/p><p><strong>- I la pand\u00e8mia deu haver agreujat encara m\u00e9s aquesta situaci\u00f3.<\/strong><\/p><p>- Quan parlem de la pand\u00e8mia i del tancament dels bars, jo dic: per\u00f2 si el problema del Raval no \u00e9s aquest, el problema \u00e9s que en una casa de 80 metres quadrats hi viuen tres fam\u00edlies. En una habitaci\u00f3 poden viure-hi cinc persones.<\/p><p><strong>- El que sembla evident \u00e9s que no es poden afrontar aquests reptes amb una mirada estrictament municipal.<\/strong><\/p><p>- No. Per\u00f2 aleshores tothom ha de tenir en compte que els municipis tenen recan\u00e7a de segons qui hi vulgui anar. Perqu\u00e8 centrifugar la mis\u00e8ria de Barcelona... La Mina va n\u00e9ixer aix\u00ed. Un exemple d'aix\u00f2 \u00e9s Can Tunis. Van fer un barri, Premi FAD d'arquitectura, que al cap de vint anys es va haver d'aterrar perqu\u00e8 s'havien acumulat massa problemes. Ara mateix, la Marina del Prat Vermell, que est\u00e0 creixent i \u00e9s molt sorprenent. Un projecte en qu\u00e8 tothom es podria posar medalles perqu\u00e8 el van iniciar els socialistes, el vam continuar nosaltres i despr\u00e9s els comuns. Per\u00f2 si parles amb els ve\u00efns, et diuen: compte amb qui vingui. Per tant, l'\u00e0rea metropolitana o funciona de la m\u00e0 dels alcaldes o no anir\u00e0 b\u00e9. La norma que es va acabar aprovant no fa obligatori que l'alcalde de Barcelona sigui el president de l'AMB. Nosaltres vam fer un bon acord amb Antoni Balmon, que responia a la l\u00f2gica que el president fos l'alcalde de Barcelona i el vicepresident executiu fos l'alcalde de Cornell\u00e0 on els socialistes hi tenien majoria. Per\u00f2 jo sempre he dit que el dia que l'alcalde de Barcelona no presideixi l'AMB, Barcelona se n'anir\u00e0 de l'\u00e0rea metropolitana perqu\u00e8 \u00e9s qui paga i n'\u00e9s el gran tractor. Per tant, o assumim aquest gran acord o aix\u00f2 no funcionar\u00e0.<\/p><p><strong>- Creu que l'alcaldessa Colau ent\u00e9n la concepci\u00f3 d'aquest gran acord?<\/strong><\/p><p>- Aqu\u00ed deixi'm ser dolent: Ada Colau no sap fer aquest acord. No sap el que \u00e9s ser gener\u00f3s amb l'altre costat. Nosaltres fins i tot vam oferir el PP entrar al govern de l'AMB. Ella creu que la manera de tirar les coses endavant \u00e9s manar molt. Jo li vaig dir: est\u00e0s equivocada, les coses ja no funcionen aix\u00ed. Moltes vegades, en pol\u00edtica, l'\u00fanica soluci\u00f3 \u00e9s trobar complicitats.<\/p><p><strong>- Seria partidari que el president de l'AMB fos elegit per elecci\u00f3 directa?<\/strong><\/p><p>- Hi estic completament en desacord. \u00c9s un sistema que no funciona. Aix\u00f2 s'ha de basar en un acord d'alcaldes. \u00c9s com una diputaci\u00f3. Si aix\u00f2 acaba sent una vegueria, hi ha tot un conjunt de serveis que s'han de donar. Despr\u00e9s hi ha una feina de planificaci\u00f3 que ara ha de venir del territori. Un sistema d'elecci\u00f3 directa crearia m\u00e9s confusi\u00f3 i complicaci\u00f3.<\/p><p><strong>- Permeti'm anar una mica enrere. Com \u00e9s que en el seu moment el seu partit no va donar suport a l'AMB?<\/strong><\/p><p>- B\u00e9, crec que all\u00f2 es va fer malament. Maragall, que era una persona molt genial, a vegades cometia algunes imprud\u00e8ncies. En aix\u00f2 es va equivocar: en va fer una bandera, un himne... Jo l'aprecio molt, amb mi s'ha portat sempre b\u00e9 i ens hem tingut respecte i simpatia. Per\u00f2 l'intent de canviar la bandera de Barcelona i fer-la semblant a l'espanyola em va semblar al\u00b7lucinant i encara ara em costa d'entendre. Aix\u00f2 va generar un enfrontament. Per\u00f2 finalment es va fer un acord per a l'AMB. Que es va fer perqu\u00e8 Artur Mas era president de la Generalitat i sabia qu\u00e8 era l'\u00e0rea metropolitana i que el seu sentit no era substituir la Generalitat. I es va poder fer perqu\u00e8 hi havia una persona que va ser molt important, que va ser Antoni Balm\u00f3n, amb qui vam tenir una relaci\u00f3 de confian\u00e7a. \u00c9s un home seri\u00f3s amb qui sovint est\u00e0s en desacord per\u00f2 que quan et diu que es far\u00e0 una cosa, es fa. I dins del m\u00f3n socialista, tenia poder de comandament.<\/p><p><strong>- L'evoluci\u00f3 natural de l'\u00e0rea metropolitana \u00e9s fer el salt a una concepci\u00f3 de regi\u00f3 metropolitana?<\/strong><\/p><p>- El que s'ha de plantejar \u00e9s si es va cap a un sistema de vegueries, si aix\u00f2 de les vegueries \u00e9s un somni o si va de deb\u00f2. Si va de deb\u00f2, implica la desaparici\u00f3 de les diputacions i que el poder territorial el tindran les vegueries, aix\u00f2 \u00e9s molt important. Aix\u00f2 s\u00ed que suposa una descentralitzaci\u00f3 de poder molt gran. I si Espanya fos un estat plurinacional o si f\u00f3ssim independents, aquest poder territorial seria enorme. Nom\u00e9s cal veure la for\u00e7a que tenen les diputacions basques. Nom\u00e9s ens hem de plantejar qu\u00e8 volem que siguin aquestes vegueries. Suposa donar molt de poder al territori i aix\u00f2 no es pot fer contra el territori. Per\u00f2 sempre que es dona poder, hi ha un plantejament b\u00e0sic, que \u00e9s el que ens passa amb Espanya.\u00a0 Quan es parla del gran \u00e8xit que ha suposat l'Espanya de la Transici\u00f3, \u00e9s cert que hem donat un gran salt, per\u00f2 des del punt de vista territorial ens han fet una trampa perversa: us donem compet\u00e8ncies per\u00f2 no us les financem i aleshores et tornes dependent. \u00c9s all\u00f2 de Crist\u00f3bal Montoro: molta independ\u00e8ncia, per\u00f2 cada mes a demanar els diners. La realitat \u00e9s que les comunitats aut\u00f2nomes estan en una situaci\u00f3 dificil\u00edssima a excepci\u00f3 del Pa\u00eds Basc i Navarra.<\/p><p><strong>- Ens pot dir una regi\u00f3 metropolitana de l'entorn europeu que per vost\u00e8 sigui una refer\u00e8ncia a seguir?<\/strong><\/p><p>- No n'hi ha cap de comparable perqu\u00e8 totes estan pitjor que nosaltres. Mil\u00e0 intenta imitar Barcelona. A Par\u00eds no saben qu\u00e8 fer amb l'\u00e0rea metropolitana. Ells tenen un problema diferent perqu\u00e8 Par\u00eds \u00e9s una mica com Madrid. Aqu\u00ed hi ha hagut durant molts anys per part de tothom un cert menysteniment. Es criticava l'alcalde del Prat, Llu\u00eds Tejedor, perqu\u00e8 deien que dificultava el creixement de l'aeroport. Si no hagu\u00e9s estat per ell s'hagu\u00e9s fet una pista sobre el mar que hagu\u00e9s estat un disbarat ecol\u00f2gic.<\/p><p><strong>- De les grans transformacions que han definit la ciutat quines subratllaria?<\/strong><\/p><p>- La gran transformaci\u00f3 de Barcelona ha estat l'obertura al mar. Hi ha coses que jo no les hagu\u00e9s fet aix\u00ed, com la zona del F\u00f2rum. Per\u00f2 ha estat un \u00e8xit. Diagonal Mar \u00e9s espectacular. Una altra cosa que es va comen\u00e7ar a fer i que no s'ha completat \u00e9s la cornisa de Barcelona, que \u00e9s la carretera de les Aig\u00fces. Poques ciutats del m\u00f3n tenen una cosa com la carretera de les Aig\u00fces. I amb la pand\u00e8mia s'ha descobert l'explosi\u00f3 de la gent envers Collserola. S'ha declarat parc natural, per\u00f2 haurem de regular com funciona aquest parc.<\/p><p><strong>- Hi veu algun nyap?<\/strong><\/p><p>- Home, haurem d'explicar a la gent que anar-hi amb bicicleta \u00e9s discutible, per\u00f2 anar-hi en grup de vint de qualsevol manera no es pot fer. Per\u00f2 crec que Collserola i la sortida a muntanya \u00e9s molt important. Una altra cosa clau i que s'ha descuidat \u00e9s la llera del riu Bes\u00f2s. \u00c9s gaireb\u00e9 un insult com est\u00e0 la zona de Santa Coloma. I afegiria que la gent encara no ha ent\u00e8s que el riu Llobregat no \u00e9s Barcelona. Aquesta ciutat est\u00e0 encaixonada. Ara b\u00e9, parlar de l'\u00e0rea metropolitana o de vegueries sense tenir el transport adient no es pot fer. I sempre hem de fer plantejaments amb els recursos econ\u00f2mics que tenim. A Los Angeles, la l\u00ednia 9 no l'entenen. \u00c9s important, eh. Per\u00f2 cal veure si el cost \u00e9s suportable.<\/p><table class=\" alignright\" style=\"height: 104px; width: 99.9054%; border-collapse: collapse; border-top: 2px solid #000000; border-right-color: #000000; border-bottom-color: #000000; border-left-color: #000000; margin-left: 20px;\" cellspacing=\"15\" cellpadding=\"2\"><tbody><tr style=\"height: 23px;\"><td style=\"width: 100%; height: 23px; border: 2px solid #000;\"><h4>\u201cSi un dia tenim la vegueria de Barcelona, haurem de decidir quina capacitat de decisi\u00f3 t\u00e9, i aquest debat el faran els alcaldes\u201d<\/h4><\/td><\/tr><\/tbody><\/table><p style=\"text-align: justify;\"><strong>- La relaci\u00f3 entre ciutat, regi\u00f3 metropolitana i pa\u00eds est\u00e0 ben travada? Qu\u00e8 li manca a un projecte d'encaix global?\u00a0<\/strong><\/p><p>- Li manca que la Generalitat entengui la for\u00e7a dels ajuntaments i que no pot fer el que vulgui. Jo he viscut als dos costats, ser membre del Govern de la Generalitat i alcalde de Barcelona. Si ets alcalde, portes el Mobile i \u00e9s un \u00e8xit, i com a alcalde el presideixes, el Govern ho ha d'entendre. Ser patriota tamb\u00e9 \u00e9s defensar Barcelona.<\/p><p><strong>- La pand\u00e8mia ha estat un sotrac. Qu\u00e8 li falta a Barcelona en l'escenari post-pand\u00e8mic per competir en condicions com a gran capital global?<\/strong><\/p><p>- Amb les vacunes, les coses aniran b\u00e9 i superarem la pand\u00e8mia. Soc optimista i l'any que ve, per aquestes dates, les coses hauran canviat. Qu\u00e8 passa quan les coses canvien? Que molta gent anir\u00e0 b\u00e9 i d'altres no. Qui governi ha de tenir la capacitat d'entendre que la gesti\u00f3 dels fons europeus i les pol\u00edtiques que es facin s'han de fer b\u00e9. Si no, hi haur\u00e0 un esclat social. El paper de les ciutats \u00e9s molt important. Ada Colau ha de decidir qu\u00e8 vol ser. Barcelona ha de ser una ciutat tur\u00edstica? Si creu que no, s'equivoca. Hem de ser tur\u00edstics, hem de ser industrials, hem de tenir comer\u00e7. Una altra cosa \u00e9s dir que hem de repensar quin turisme volem o com ho fem. Si volem el Mobile, el Mobile \u00e9s turisme, per\u00f2 amb una capacitat d'arrossegament immensa. Barcelona t\u00e9 una responsabilitat extra i \u00e9s que arrossega Catalunya i la vegueria metropolitana. Jo he anat pel m\u00f3n amb Girona, amb Tarragona. Ens interessa que vagin b\u00e9. Barcelona,\u00a0 a m\u00e9s de ser la capital d'una \u00e0rea metropolitana, \u00e9s la capital de Catalunya. El fet d'apostar els Jocs Ol\u00edmpics del Pirineu nom\u00e9s t\u00e9 sentit per afavorir el Pirineu.<\/p><p><strong>- Vost\u00e8, a m\u00e9s de pol\u00edtic, \u00e9s metge. A l'inici de la conversa, parlava de la necessitat de promoure l'activitat econ\u00f2mica, i m\u00e9s ara. Sobre la pand\u00e8mia, a nivell global, vol fer alguna reflexi\u00f3?<\/strong><\/p><p>- Crec que el que s'ha de fer \u00e9s definir el paper de l'Organitzaci\u00f3 Mundial de la Salut (OMS) en aquesta pand\u00e8mia. Si a l'\u00c0frica un problema \u00e9s el paludisme, no es tracta que un laboratori privat o un mecenes pagui la investigaci\u00f3, sin\u00f3 quin paper juga l'OMS. L'OMS hauria de tenir prou recursos, aportats per tots els estats, per respondre al paludisme. Hauria de ser la que compr\u00e9s les vacunes. El que est\u00e0 fent la UE en el repartiment de les vacunes ho hauria de fer l'OMS. Perqu\u00e8, si no, qui t\u00e9 cura de l'\u00c0frica? Qu\u00e8 intenten els estats? No donar-li prou for\u00e7a. Aquest \u00e9s un m\u00f3n que nom\u00e9s t\u00e9 una \u00fanica manera de funcionar: que les coses vagin b\u00e9 a tothom. Ara han sorgit veus reclamant nacionalitzar els laboratoris. Crec que el que s'ha de fer \u00e9s que les farmac\u00e8utiques siguin les nostres col\u00b7laboradores. \u00c9s evident que s'han de guanyar la vida m\u00ednimament per\u00f2 no poden vendre al millor postor. I l'OMS s'ha d'assegurar una compra per poder ajudar els pa\u00efsos amb m\u00e9s dificultats.<\/p><p><strong>- Digui'ns de qu\u00e8 est\u00e0 m\u00e9s orgull\u00f3s com a alcalde de Barcelona i quina espina t\u00e9 encara clavada sobre un tema que no va poder coronar?<\/strong><\/p><p>- Una espina clavada \u00e9s la pobresa. Una cosa de les que vaig fer que m\u00e9s m'agrada \u00e9s el que ha fet que un senyor em pugui aturar pel carrer i em digui: \"Senyor Trias, gr\u00e0cies al \"Housing First\", ja no estic al carrer\", un programa que vam engegar per als sense llar. Del que vam fer, crec que la transformaci\u00f3 de la Diagonal crec que va ser un \u00e8xit. Despr\u00e9s hi ha coses que no han evolucionat com jo volia, com les superilles, que no s\u00f3n un invent de Colau. \u00c9s un projecte nostre. Per\u00f2 aquestes coses s'han d'aplicar amb un gran acord i col\u00b7laboraci\u00f3 ciutadana, i la primera que es va fer va ser en una zona on hi viu poca gent, al Poblenou. Una que ha tingut molt \u00e8xit \u00e9s la de Sant Antoni. El problema \u00e9s quan es volen fer massa coses alhora. El gran motiu de les superilles \u00e9s que la gent visqui millor. \u00c9s evident que s'ha de pacificar el tr\u00e0fic, per\u00f2 ja no per motius mediambientals perqu\u00e8 el futur ja no \u00e9s el cotxe de combusti\u00f3\u00a0 sin\u00f3 el cotxe el\u00e8ctric. Jo crec que ser\u00e0 el d'hidrogen. Per\u00f2 el nostre problema no ser\u00e0 que contamini sin\u00f3 definir quin espai ocupar\u00e0. S'han de crear espais per als vianants i per als ve\u00efns, per\u00f2 tamb\u00e9 per al cotxe. Segons com es fan les coses, es creen situacions molt dif\u00edcils.[\/et_pb_text][et_pb_text admin_label=\"Share \" _builder_version=\"4.8.2\" _module_preset=\"default\" width=\"26%\" module_alignment=\"left\" module_alignment_tablet=\"left\" module_alignment_phone=\"left\" module_alignment_last_edited=\"on|phone\" border_width_all=\"0px\"]<\/p><table style=\"border-collapse: collapse; width: 0%; height: 22px; border-color: #000000; border: 2px solid;\"><tbody><tr style=\"height: 22px;\"><td style=\"width: 11.5332%; height: 22px;\">share:<\/td><td style=\"width: 88.4667%; text-align: justify; vertical-align: middle; height: 22px;\">[DISPLAY_ULTIMATE_SOCIAL_ICONS]<\/td><\/tr><\/tbody><\/table><p>\u00a0[\/et_pb_text][\/et_pb_column][\/et_pb_row][\/et_pb_section][et_pb_section fb_built=\"1\" fullwidth=\"on\" _builder_version=\"4.8.2\" _module_preset=\"default\" da_disable_devices=\"off|off|off\" border_width_bottom=\"2px\" da_is_popup=\"off\" da_exit_intent=\"off\" da_has_close=\"on\" da_alt_close=\"off\" da_dark_close=\"off\" da_not_modal=\"on\" da_is_singular=\"off\" da_with_loader=\"off\" da_has_shadow=\"on\"][et_pb_fullwidth_code admin_label=\"Ratlla horitzontal\" _builder_version=\"4.8.2\" _module_preset=\"default\"][\/et_pb_fullwidth_code][\/et_pb_section][et_pb_section fb_built=\"1\" _builder_version=\"4.8.2\" _module_preset=\"default\" custom_margin=\"||-30px||false|false\" custom_margin_tablet=\"||-90px||false|false\" custom_margin_phone=\"||-80px||false|false\" custom_margin_last_edited=\"on|phone\" da_disable_devices=\"off|off|off\" da_is_popup=\"off\" da_exit_intent=\"off\" da_has_close=\"on\" da_alt_close=\"off\" da_dark_close=\"off\" da_not_modal=\"on\" da_is_singular=\"off\" da_with_loader=\"off\" da_has_shadow=\"on\"][et_pb_row _builder_version=\"4.8.2\" _module_preset=\"default\"][et_pb_column type=\"4_4\" _builder_version=\"4.8.2\" _module_preset=\"default\"][et_pb_code admin_label=\"Altres articles\" _builder_version=\"4.8.2\" _module_preset=\"default\"][yarpp][\/et_pb_code][\/et_pb_column][\/et_pb_row][\/et_pb_section][et_pb_section fb_built=\"1\" fullwidth=\"on\" disabled_on=\"on|on|on\" _builder_version=\"4.8.2\" _module_preset=\"default\" custom_margin_tablet=\"-70px||||false|false\" custom_margin_phone=\"\" custom_margin_last_edited=\"on|tablet\" da_disable_devices=\"off|off|off\" border_width_bottom=\"2px\" disabled=\"on\" da_is_popup=\"off\" da_exit_intent=\"off\" da_has_close=\"on\" da_alt_close=\"off\" da_dark_close=\"off\" da_not_modal=\"on\" da_is_singular=\"off\" da_with_loader=\"off\" da_has_shadow=\"on\"][et_pb_fullwidth_code admin_label=\"Ratlla horitzontal\" _builder_version=\"4.8.2\" _module_preset=\"default\"][\/et_pb_fullwidth_code][\/et_pb_section][et_pb_section fb_built=\"1\" disabled_on=\"on|on|on\" _builder_version=\"4.8.2\" _module_preset=\"default\" da_disable_devices=\"off|off|off\" disabled=\"on\" da_is_popup=\"off\" da_exit_intent=\"off\" da_has_close=\"on\" da_alt_close=\"off\" da_dark_close=\"off\" da_not_modal=\"on\" da_is_singular=\"off\" da_with_loader=\"off\" da_has_shadow=\"on\"][et_pb_row _builder_version=\"4.8.2\" _module_preset=\"default\"][et_pb_column type=\"4_4\" _builder_version=\"4.8.2\" _module_preset=\"default\"][et_pb_text admin_label=\"Text %22Veure tots els cicles%22\" _builder_version=\"4.8.2\" _module_preset=\"default\"]<\/p><h3>VEURE TOTS ELS CICLES<\/h3><p>[\/et_pb_text][\/et_pb_column][\/et_pb_row][et_pb_row column_structure=\"1_3,1_3,1_3\" disabled_on=\"off|on|off\" _builder_version=\"4.8.2\" _module_preset=\"default\" width_tablet=\"50%\" width_phone=\"70%\" width_last_edited=\"on|phone\" module_alignment=\"center\"][et_pb_column type=\"1_3\" _builder_version=\"4.8.2\" _module_preset=\"default\"][et_pb_image src=\"https:\/\/rethink.mtconsulting.es\/wp-content\/uploads\/2021\/02\/caixa-1b.jpg\" title_text=\"caixa-1b\" url=\"\/category\/cicle-1\/\" align=\"center\" admin_label=\"Cicles per escriptori i m\u00f2bil\" _builder_version=\"4.8.2\" _module_preset=\"default\" module_alignment=\"center\"][\/et_pb_image][\/et_pb_column][et_pb_column type=\"1_3\" _builder_version=\"4.8.2\" _module_preset=\"default\"][et_pb_image src=\"https:\/\/rethink.mtconsulting.es\/wp-content\/uploads\/2021\/02\/caixa-2b.jpg\" title_text=\"caixa-2b\" align=\"center\" _builder_version=\"4.8.2\" _module_preset=\"default\"][\/et_pb_image][\/et_pb_column][et_pb_column type=\"1_3\" _builder_version=\"4.8.2\" _module_preset=\"default\"][et_pb_image src=\"https:\/\/rethink.mtconsulting.es\/wp-content\/uploads\/2021\/02\/caixa-3b.jpg\" title_text=\"caixa-3b\" align=\"center\" _builder_version=\"4.8.2\" _module_preset=\"default\"][\/et_pb_image][\/et_pb_column][\/et_pb_row][et_pb_row column_structure=\"1_3,1_3,1_3\" disabled_on=\"on|off|on\" _builder_version=\"4.8.2\" _module_preset=\"default\" width=\"100%\" width_tablet=\"90%\" width_phone=\"70%\" width_last_edited=\"on|tablet\" module_alignment=\"center\" custom_margin=\"||-20px||false|false\"][et_pb_column type=\"1_3\" _builder_version=\"4.8.2\" _module_preset=\"default\" custom_css_main_element=\"width: 33%!important;\"][et_pb_image src=\"https:\/\/rethink.mtconsulting.es\/wp-content\/uploads\/2021\/02\/caixa-1b.jpg\" title_text=\"caixa-1b\" url=\"\/category\/cicle-1\/\" align=\"center\" admin_label=\"Cicles per a tablet\" _builder_version=\"4.8.2\" _module_preset=\"default\" module_alignment=\"center\"][\/et_pb_image][\/et_pb_column][et_pb_column type=\"1_3\" _builder_version=\"4.8.2\" _module_preset=\"default\" custom_css_main_element=\"width: 33%!important;\"][et_pb_image src=\"https:\/\/rethink.mtconsulting.es\/wp-content\/uploads\/2021\/02\/caixa-2b.jpg\" title_text=\"caixa-2b\" align=\"center\" _builder_version=\"4.8.2\" _module_preset=\"default\"][\/et_pb_image][\/et_pb_column][et_pb_column type=\"1_3\" _builder_version=\"4.8.2\" _module_preset=\"default\" custom_css_main_element=\"width: 33%!important;\"][et_pb_image src=\"https:\/\/rethink.mtconsulting.es\/wp-content\/uploads\/2021\/02\/caixa-3b.jpg\" title_text=\"caixa-3b\" align=\"center\" _builder_version=\"4.8.2\" _module_preset=\"default\"][\/et_pb_image][\/et_pb_column][\/et_pb_row][\/et_pb_section]<\/p>","_et_gb_content_width":""},"categories":[88],"tags":[79,74],"_links":{"self":[{"href":"https:\/\/rethinkbcn.cat\/es\/wp-json\/wp\/v2\/posts\/5969"}],"collection":[{"href":"https:\/\/rethinkbcn.cat\/es\/wp-json\/wp\/v2\/posts"}],"about":[{"href":"https:\/\/rethinkbcn.cat\/es\/wp-json\/wp\/v2\/types\/post"}],"author":[{"embeddable":true,"href":"https:\/\/rethinkbcn.cat\/es\/wp-json\/wp\/v2\/users\/3"}],"replies":[{"embeddable":true,"href":"https:\/\/rethinkbcn.cat\/es\/wp-json\/wp\/v2\/comments?post=5969"}],"version-history":[{"count":18,"href":"https:\/\/rethinkbcn.cat\/es\/wp-json\/wp\/v2\/posts\/5969\/revisions"}],"predecessor-version":[{"id":6739,"href":"https:\/\/rethinkbcn.cat\/es\/wp-json\/wp\/v2\/posts\/5969\/revisions\/6739"}],"wp:featuredmedia":[{"embeddable":true,"href":"https:\/\/rethinkbcn.cat\/es\/wp-json\/wp\/v2\/media\/4848"}],"wp:attachment":[{"href":"https:\/\/rethinkbcn.cat\/es\/wp-json\/wp\/v2\/media?parent=5969"}],"wp:term":[{"taxonomy":"category","embeddable":true,"href":"https:\/\/rethinkbcn.cat\/es\/wp-json\/wp\/v2\/categories?post=5969"},{"taxonomy":"post_tag","embeddable":true,"href":"https:\/\/rethinkbcn.cat\/es\/wp-json\/wp\/v2\/tags?post=5969"}],"curies":[{"name":"wp","href":"https:\/\/api.w.org\/{rel}","templated":true}]}}