{"id":14036,"date":"2023-06-11T09:00:32","date_gmt":"2023-06-11T07:00:32","guid":{"rendered":"https:\/\/rethinkbcn.cat\/?p=14036"},"modified":"2023-06-22T17:07:56","modified_gmt":"2023-06-22T15:07:56","slug":"el-camino-a-la-metropolis","status":"publish","type":"post","link":"https:\/\/rethinkbcn.cat\/es\/el-camino-a-la-metropolis\/","title":{"rendered":"EL CAMINO A LA METR\u00d3POLIS"},"content":{"rendered":"<p>[et_pb_section fb_built=\u00bb1&#8243; disabled_on=\u00bboff|off|off\u00bb _builder_version=\u00bb4.8.2&#8243; _module_preset=\u00bbdefault\u00bb custom_margin=\u00bb||||false|false\u00bb da_disable_devices=\u00bboff|off|off\u00bb da_is_popup=\u00bboff\u00bb da_exit_intent=\u00bboff\u00bb da_has_close=\u00bbon\u00bb da_alt_close=\u00bboff\u00bb da_dark_close=\u00bboff\u00bb da_not_modal=\u00bbon\u00bb da_is_singular=\u00bboff\u00bb da_with_loader=\u00bboff\u00bb da_has_shadow=\u00bbon\u00bb][et_pb_row _builder_version=\u00bb4.9.0&#8243; _module_preset=\u00bbdefault\u00bb][et_pb_column type=\u00bb4_4&#8243; _builder_version=\u00bb4.8.1&#8243; _module_preset=\u00bbdefault\u00bb][et_pb_text admin_label=\u00bbTitular entrada\u00bb _builder_version=\u00bb4.9.0&#8243; _module_preset=\u00bbdefault\u00bb text_font=\u00bbAverta Light||||||||\u00bb header_font_size=\u00bb36px\u00bb header_4_font=\u00bbAverta regular||||||||\u00bb header_4_font_size=\u00bb20px\u00bb header_4_line_height=\u00bb1.6em\u00bb header_5_line_height=\u00bb1.6em\u00bb header_6_font=\u00bbAverta regular||||||||\u00bb header_6_font_size=\u00bb16px\u00bb header_6_line_height=\u00bb1.2em\u00bb header_font_size_tablet=\u00bb30px\u00bb header_font_size_phone=\u00bb24px\u00bb header_font_size_last_edited=\u00bbon|phone\u00bb header_6_font_size_tablet=\u00bb\u00bb header_6_font_size_phone=\u00bb16px\u00bb header_6_font_size_last_edited=\u00bbon|phone\u00bb]<\/p>\n<h1 style=\"text-align: center;\">EL CAMINO A LA METR\u00d3POLIS\u00a0<\/h1>\n<div style=\"text-align: center;\">\n<div dir=\"auto\">\n<p>Rafael Pradas analiza la evoluci\u00f3n del hecho metropolitano barcelon\u00e9s desde sus or\u00edgenes y repasa las dificultades que han emergido en cada \u00e9poca, mostrando que esta evoluci\u00f3n siempre ha ido ligada a un complejo entramado de intereses, reacciones y limitaciones.<\/p>\n<\/div>\n<\/div>\n<p>[\/et_pb_text][et_pb_image title_text=\u00bbFOTO VICTOR FRANCOS 4&#8243; align=\u00bbcenter\u00bb admin_label=\u00bbImatge entrada\u00bb _builder_version=\u00bb4.9.0&#8243; _module_preset=\u00bbdefault\u00bb][\/et_pb_image][et_pb_text admin_label=\u00bbCodi \u00e0udio\u00bb _builder_version=\u00bb4.9.0&#8243; _module_preset=\u00bbdefault\u00bb]<\/p>\n\n\t\t<div\n\t\t\tid=\"playht-iframe-wrapper\"\n\t\t\tstyle=\"display:flex; max-height:90px; justify-content:center\">\n\t\t\t<iframe\n\t\t\t\tallowfullscreen=\"\"\n\t\t\t\tframeborder=\"0\"\n\t\t\t\tscrolling=\"no\"\n\t\t\t\tclass=\"playht-iframe-player\"\n\t\t\t\tdata-appId=\"xDv-ttCzRe\"\n\t\t\t\tarticle-url=\"https:\/\/rethinkbcn.cat\/es\/?p=14036\"\n\t\t\t\tdata-voice=\"es-ES-ElviraNeural\"\n\t\t\t\tsrc=\"https:\/\/play.ht\/embed\/?article_url=https:\/\/rethinkbcn.cat\/es\/?p=14036&voice=es-ES-ElviraNeural&config={&quot;width&quot;:&quot;100%&quot;,&quot;height&quot;:&quot;90px&quot;,&quot;alignment&quot;:&quot;center&quot;,&quot;title&quot;:&quot;Audio&quot;,&quot;message&quot;:&quot;Hello&quot;,&quot;download_text_button&quot;:&quot;Download&quot;}\"\n\t\t\t\twidth=\"100%\"\n\t\t\t\theight=\"90px\"\n\t\t\t\tstyle=\"max-height:90px\">\n\t\t\t<\/iframe>\n\t\t<\/div>\n<p>&nbsp;<\/p>\n<p>[\/et_pb_text][et_pb_text disabled_on=\u00bbon|on|off\u00bb admin_label=\u00bbText entrada escriptori\u00bb _builder_version=\u00bb4.9.0&#8243; _module_preset=\u00bbdefault\u00bb text_font=\u00bbAverta Light||||||||\u00bb header_font_size=\u00bb36px\u00bb header_4_font=\u00bbAverta regular||||||||\u00bb header_4_font_size=\u00bb20px\u00bb header_4_line_height=\u00bb1.6em\u00bb header_5_line_height=\u00bb1.6em\u00bb header_6_font=\u00bbAverta regular||||||||\u00bb header_6_font_size=\u00bb16px\u00bb header_6_line_height=\u00bb1.5em\u00bb header_font_size_tablet=\u00bb30px\u00bb header_font_size_phone=\u00bb24px\u00bb header_font_size_last_edited=\u00bbon|phone\u00bb header_6_font_size_tablet=\u00bb\u00bb header_6_font_size_phone=\u00bb14px\u00bb header_6_font_size_last_edited=\u00bbon|phone\u00bb]<\/p>\n<p>por<strong> Rafael Pradas, <\/strong>periodista<\/p>\n<p>Hoy el hecho metropolitano de Barcelona ha adquirido un nivel de consenso como no hab\u00eda tenido en ninguna otra \u00e9poca. Todo el mundo se da cuenta de que sin perspectiva metropolitana dif\u00edcilmente tendr\u00e1n soluci\u00f3n muchos de los problemas que comparten Barcelona y las ciudades de su amplio entorno (movilidad, vivienda, emergencia clim\u00e1tica, inclusi\u00f3n social&#8230;) Tambi\u00e9n se ve claramente que la realidad metropolitana fortalece muchas oportunidades econ\u00f3micas, sociales y culturales.\u00a0 No siempre ha sido as\u00ed.<\/p>\n<p>El \u00e1rea metropolitana no es fruto del azar, pero tampoco nace de una voluntad predeterminada. Se va haciendo a lo largo de la historia, y la conciencia metropolitana, si se puede decir as\u00ed, tambi\u00e9n es fruto de un largo y tortuoso proceso de maduraci\u00f3n y de la intervenci\u00f3n de ideas y voluntades. Y como todo proceso, con avances y retrocesos.<\/p>\n<p>Se podr\u00eda decir que cuando en 1841 el m\u00e9dico, higienista y educador Pere Felip Monlau public\u00f3 su famoso alegato <strong>\u00ab<\/strong><strong>\u00a1Abajo las murallas!<\/strong> \u00abContribuy\u00f3 a emprender (de manera simb\u00f3lica, hay que decir) un proceso que deb\u00eda desembocar en el Ensanche de Ildefonso Cerd\u00e0 que, a su vez, pon\u00eda tambi\u00e9n las bases de un incipiente fen\u00f3meno metropolitano. La Barcelona que se proyectaba sobre su plan, fuera de las murallas, ten\u00eda que resolver c\u00f3mo encajar los viejos municipios, piezas primordiales del engranaje econ\u00f3mico. Pero los pueblos de Santa Maria de Sants, Sant Andreu del Palomar o Sant Marti dels Proven\u00e7als no ten\u00edan solamente como vecina la pujante Barcelona sino tambi\u00e9n L&#8217;Hospitalet, Santa Coloma de Gramenet o Sant Adri\u00e0.<\/p>\n<p>Las soluciones pueden tener consensos y tropiezos en cada \u00e9poca. Puig i Cadafalch y Camb\u00f3 promovieron en 1903 el plan de Leon Jaussely que pretend\u00eda organizar el v\u00ednculo de los antiguos pueblos con la ciudad en expansi\u00f3n de la nueva metr\u00f3polis seg\u00fan el nivel social y el papel productivo de cada n\u00facleo agregado. Treinta a\u00f1os despu\u00e9s, en el marco de lo que signific\u00f3 el GATPAC, Josep Lluis Sert y Le Corbusier con el Plan Maci\u00e0 se plantearon soluciones para la metr\u00f3polis popular, menestral e industrial. Esta metr\u00f3polis que aspiraba al racionalismo quedar\u00eda engolada por los efectos de la guerra y la posguerra. Desde 1939 hasta 1975 m\u00e1s de 2.5 millones de personas abandonaron Andaluc\u00eda, Extremadura, Galicia, Castilla para trabajar en Catalu\u00f1a y cerca de 2 millones se instalaron en la provincia de Barcelona. Ciudades industriales con grosor propio (Badalona, Terrassa, Sabadell&#8230;) o pueblos donde conviv\u00edan la agricultura y la industria (Molins de Rei, El Prat o Ripollet, por poner unos ejemplos) recibieron un ba\u00f1o de realidad muy dif\u00edcil de gestionar. El \u00e1rea metropolitana \u2014peque\u00f1a o grande\u2014 es hija directa de aquel crecimiento econ\u00f3mico de la posguerra y del desorden social y urban\u00edstico agravado claramente por la falta de unas instituciones pol\u00edticas, sociales, sindicales y patronales s\u00f3lidas y representativas.<\/p>\n<p>Tambi\u00e9n se podr\u00eda decir que cuando en 1988 el alcalde de Barcelona Pasqual Maragall puso sobre la mesa el Plan Estrat\u00e9gico Barcelona 2000 se\u00f1al\u00f3 los objetivos de una metr\u00f3polis ambiciosa y no reconocida: ciudad competitiva internacionalmente; eje de la macrorregi\u00f3n del noroeste del mediterr\u00e1neo; metr\u00f3polis basada en los servicios avanzados e incremento de la cohesi\u00f3n social. Hac\u00eda un a\u00f1o que el Parlament hab\u00eda aprobado las Leyes de Ordenaci\u00f3n Territorial de Catalu\u00f1a que suprim\u00edan la Corporaci\u00f3n Metropolitana de Barcelona (CMB), coincidiendo casi en el tiempo con la abolici\u00f3n del Greater London Council por parte de Margaret Thatcher. El presidente de la Generalitat Jordi Pujol estaba decidido a no permitir el liderazgo de Barcelona m\u00e1s all\u00e1 de los estrictos l\u00edmites municipales. Probablemente por convicciones personales y pol\u00edticas y por exigencias del gui\u00f3n que pon\u00eda el control del urbanismo en manos del gobierno de la Generalitat.\u00a0 Las Leyes de Ordenaci\u00f3n del Territorio limitaron legalmente la acci\u00f3n metropolitana a dos entidades especializadas (transportes y medio ambiente), pero la respuesta de los alcaldes de la extinta CMB fue contundente: crear la Mancomunidad de Municipios Metropolitanos de Barcelona y, de hecho, las tres organizaciones actuaron bajo la marca \u00c1rea Metropolitana de Barcelona. Se pueden dar pasos atr\u00e1s, pero dif\u00edcilmente actuar contra la l\u00f3gica de los hechos.<\/p>\n<p>El marco previo: con las elecciones municipales de 1979 hab\u00eda surgido una nueva generaci\u00f3n de pol\u00edticos que a trav\u00e9s de la Corporaci\u00f3n Metropolitana de Barcelona (heredera de la Comisi\u00f3n de Urbanismo y Servicios Comunes de Barcelona y otros municipios, qu\u00e9 eufemismo&#8230;) hab\u00eda puesto en marcha actuaciones para recostar el territorio, poner orden en el urbanismo, planear equipamientos, infraestructuras o v\u00edas imprescindibles. En el nuevo empuje democr\u00e1tico confluy\u00f3 la experiencia de t\u00e9cnicos y profesionales diversos que dieron el paso a la pol\u00edtica y a la gesti\u00f3n desde posiciones diferentes, pero con una compartida preocupaci\u00f3n por el territorio como Pasqual Maragall, Ernest Maragall, Narc\u00eds Serra, Albert Serratosa, Joan Antoni Geli, Jordi Borja, Josep Miquel Abad entre muchos otros. otros. Buena parte de los nuevos gestores p\u00fablicos hab\u00edan participado en el hecho disruptivo que supuso la aprobaci\u00f3n del Plan General Metropolitano de 1976 (revisi\u00f3n a la vez del Plan Comarcal de 1953) en que la batalla por el dominio del suelo se sald\u00f3 con una cierta victoria de la racionalidad y en el que tuvo gran peso las opiniones de la ciudadan\u00eda organizada.\u00a0 Desde el Colegio de Aparejadores (con la revista CAU) o el Colegio de Arquitectos hasta el CEUMT, Amigos de la Ciudad o la Federaci\u00f3n de Asociaciones de Vecinos que contribuyeron a ofrecer una visi\u00f3n alternativa de la ciudad y el entorno.<\/p>\n<p>No se puede perder de vista que la expansi\u00f3n de Barcelona \u2014como la no expansi\u00f3n\u2014 se ha producido siempre en el marco un complejo entramado de intereses, reacciones y limitaciones. El franquismo impidi\u00f3 en Barcelona el crecimiento que impuls\u00f3 abiertamente en Madrid anexionando los pueblos vecinos (Carabanchel, Chamart\u00edn, Canillas, Canillejas, Hortaleza, Vallecas, etc\u00e9tera, etc\u00e9tera): hoy lo que conocemos como \u00c1rea Metropolitana de Barcelona o AMB tiene la misma extensi\u00f3n y poblaci\u00f3n que la ciudad de Madrid. La Gran Barcelona que preconizaba el alcalde Josep Maria Porcioles, que uni\u00f3 muchos intereses industriales, financieros e inmobiliarios, se convirti\u00f3 m\u00e1s en parte del problema, a pesar de la Carta Municipal, que de su soluci\u00f3n.<\/p>\n<p>La tarea de la generaci\u00f3n metropolitana del 79 acaba de hecho en 2010 cuando el Parlamento de Catalunya, ya con el consenso de todos los grupos pol\u00edticos en la c\u00e1mara y en el ayuntamiento de Barcelona aprueba la ley de creaci\u00f3n del \u00c1rea Metropolitana (AMB) como nueva administraci\u00f3n, con m\u00e1s competencias y recursos. A partir del a\u00f1o 2000 el Plan Estrat\u00e9gico de Barcelona adquiere una progresiva dimensi\u00f3n regional metropolitana y ahora participan m\u00e1s de 300 entidades econ\u00f3micas, sociales y culturales p\u00fablicas y privadas. La asociaci\u00f3n del Arco Metropolitano \u2014integrada por siete capitales de la segunda corona con m\u00e1s de 700.000 habitantes\u2014 se ha convertido en la conciencia viva de la situaci\u00f3n y recuerda c\u00f3mo demasiado a menudo este pa\u00eds va tarde a la hora de abordar el futuro.<\/p>\n<p>[\/et_pb_text][et_pb_text disabled_on=\u00bboff|off|on\u00bb admin_label=\u00bbText entrada tablet i m\u00f2bil\u00bb _builder_version=\u00bb4.9.0&#8243; _module_preset=\u00bbdefault\u00bb text_font=\u00bbAverta Light||||||||\u00bb header_font=\u00bbAverta regular||||||||\u00bb header_font_size=\u00bb36px\u00bb header_4_font=\u00bbAverta regular||||||||\u00bb header_4_line_height=\u00bb1.2em\u00bb header_font_size_tablet=\u00bb30px\u00bb header_font_size_phone=\u00bb24px\u00bb header_font_size_last_edited=\u00bbon|phone\u00bb]<\/p>\n<p>por<strong> Rafael Pradas, <\/strong>periodista<\/p>\n<p>Hoy el hecho metropolitano de Barcelona ha adquirido un nivel de consenso como no hab\u00eda tenido en ninguna otra \u00e9poca. Todo el mundo se da cuenta de que sin perspectiva metropolitana dif\u00edcilmente tendr\u00e1n soluci\u00f3n muchos de los problemas que comparten Barcelona y las ciudades de su amplio entorno (movilidad, vivienda, emergencia clim\u00e1tica, inclusi\u00f3n social&#8230;) Tambi\u00e9n se ve claramente que la realidad metropolitana fortalece muchas oportunidades econ\u00f3micas, sociales y culturales.\u00a0 No siempre ha sido as\u00ed.<\/p>\n<p>El \u00e1rea metropolitana no es fruto del azar, pero tampoco nace de una voluntad predeterminada. Se va haciendo a lo largo de la historia, y la conciencia metropolitana, si se puede decir as\u00ed, tambi\u00e9n es fruto de un largo y tortuoso proceso de maduraci\u00f3n y de la intervenci\u00f3n de ideas y voluntades. Y como todo proceso, con avances y retrocesos.<\/p>\n<p>Se podr\u00eda decir que cuando en 1841 el m\u00e9dico, higienista y educador Pere Felip Monlau public\u00f3 su famoso alegato <strong>\u00ab<\/strong><strong>\u00a1Abajo las murallas!<\/strong> \u00abContribuy\u00f3 a emprender (de manera simb\u00f3lica, hay que decir) un proceso que deb\u00eda desembocar en el Ensanche de Ildefonso Cerd\u00e0 que, a su vez, pon\u00eda tambi\u00e9n las bases de un incipiente fen\u00f3meno metropolitano. La Barcelona que se proyectaba sobre su plan, fuera de las murallas, ten\u00eda que resolver c\u00f3mo encajar los viejos municipios, piezas primordiales del engranaje econ\u00f3mico. Pero los pueblos de Santa Maria de Sants, Sant Andreu del Palomar o Sant Marti dels Proven\u00e7als no ten\u00edan solamente como vecina la pujante Barcelona sino tambi\u00e9n L&#8217;Hospitalet, Santa Coloma de Gramenet o Sant Adri\u00e0.<\/p>\n<p>Las soluciones pueden tener consensos y tropiezos en cada \u00e9poca. Puig i Cadafalch y Camb\u00f3 promovieron en 1903 el plan de Leon Jaussely que pretend\u00eda organizar el v\u00ednculo de los antiguos pueblos con la ciudad en expansi\u00f3n de la nueva metr\u00f3polis seg\u00fan el nivel social y el papel productivo de cada n\u00facleo agregado. Treinta a\u00f1os despu\u00e9s, en el marco de lo que signific\u00f3 el GATPAC, Josep Lluis Sert y Le Corbusier con el Plan Maci\u00e0 se plantearon soluciones para la metr\u00f3polis popular, menestral e industrial. Esta metr\u00f3polis que aspiraba al racionalismo quedar\u00eda engolada por los efectos de la guerra y la posguerra. Desde 1939 hasta 1975 m\u00e1s de 2.5 millones de personas abandonaron Andaluc\u00eda, Extremadura, Galicia, Castilla para trabajar en Catalu\u00f1a y cerca de 2 millones se instalaron en la provincia de Barcelona. Ciudades industriales con grosor propio (Badalona, Terrassa, Sabadell&#8230;) o pueblos donde conviv\u00edan la agricultura y la industria (Molins de Rei, El Prat o Ripollet, por poner unos ejemplos) recibieron un ba\u00f1o de realidad muy dif\u00edcil de gestionar. El \u00e1rea metropolitana \u2014peque\u00f1a o grande\u2014 es hija directa de aquel crecimiento econ\u00f3mico de la posguerra y del desorden social y urban\u00edstico agravado claramente por la falta de unas instituciones pol\u00edticas, sociales, sindicales y patronales s\u00f3lidas y representativas.<\/p>\n<p>Tambi\u00e9n se podr\u00eda decir que cuando en 1988 el alcalde de Barcelona Pasqual Maragall puso sobre la mesa el Plan Estrat\u00e9gico Barcelona 2000 se\u00f1al\u00f3 los objetivos de una metr\u00f3polis ambiciosa y no reconocida: ciudad competitiva internacionalmente; eje de la macrorregi\u00f3n del noroeste del mediterr\u00e1neo; metr\u00f3polis basada en los servicios avanzados e incremento de la cohesi\u00f3n social. Hac\u00eda un a\u00f1o que el Parlament hab\u00eda aprobado las Leyes de Ordenaci\u00f3n Territorial de Catalu\u00f1a que suprim\u00edan la Corporaci\u00f3n Metropolitana de Barcelona (CMB), coincidiendo casi en el tiempo con la abolici\u00f3n del Greater London Council por parte de Margaret Thatcher. El presidente de la Generalitat Jordi Pujol estaba decidido a no permitir el liderazgo de Barcelona m\u00e1s all\u00e1 de los estrictos l\u00edmites municipales. Probablemente por convicciones personales y pol\u00edticas y por exigencias del gui\u00f3n que pon\u00eda el control del urbanismo en manos del gobierno de la Generalitat.\u00a0 Las Leyes de Ordenaci\u00f3n del Territorio limitaron legalmente la acci\u00f3n metropolitana a dos entidades especializadas (transportes y medio ambiente), pero la respuesta de los alcaldes de la extinta CMB fue contundente: crear la Mancomunidad de Municipios Metropolitanos de Barcelona y, de hecho, las tres organizaciones actuaron bajo la marca \u00c1rea Metropolitana de Barcelona. Se pueden dar pasos atr\u00e1s, pero dif\u00edcilmente actuar contra la l\u00f3gica de los hechos.<\/p>\n<p>El marco previo: con las elecciones municipales de 1979 hab\u00eda surgido una nueva generaci\u00f3n de pol\u00edticos que a trav\u00e9s de la Corporaci\u00f3n Metropolitana de Barcelona (heredera de la Comisi\u00f3n de Urbanismo y Servicios Comunes de Barcelona y otros municipios, qu\u00e9 eufemismo&#8230;) hab\u00eda puesto en marcha actuaciones para recostar el territorio, poner orden en el urbanismo, planear equipamientos, infraestructuras o v\u00edas imprescindibles. En el nuevo empuje democr\u00e1tico confluy\u00f3 la experiencia de t\u00e9cnicos y profesionales diversos que dieron el paso a la pol\u00edtica y a la gesti\u00f3n desde posiciones diferentes, pero con una compartida preocupaci\u00f3n por el territorio como Pasqual Maragall, Ernest Maragall, Narc\u00eds Serra, Albert Serratosa, Joan Antoni Geli, Jordi Borja, Josep Miquel Abad entre muchos otros. otros. Buena parte de los nuevos gestores p\u00fablicos hab\u00edan participado en el hecho disruptivo que supuso la aprobaci\u00f3n del Plan General Metropolitano de 1976 (revisi\u00f3n a la vez del Plan Comarcal de 1953) en que la batalla por el dominio del suelo se sald\u00f3 con una cierta victoria de la racionalidad y en el que tuvo gran peso las opiniones de la ciudadan\u00eda organizada.\u00a0 Desde el Colegio de Aparejadores (con la revista CAU) o el Colegio de Arquitectos hasta el CEUMT, Amigos de la Ciudad o la Federaci\u00f3n de Asociaciones de Vecinos que contribuyeron a ofrecer una visi\u00f3n alternativa de la ciudad y el entorno.<\/p>\n<p>No se puede perder de vista que la expansi\u00f3n de Barcelona \u2014como la no expansi\u00f3n\u2014 se ha producido siempre en el marco un complejo entramado de intereses, reacciones y limitaciones. El franquismo impidi\u00f3 en Barcelona el crecimiento que impuls\u00f3 abiertamente en Madrid anexionando los pueblos vecinos (Carabanchel, Chamart\u00edn, Canillas, Canillejas, Hortaleza, Vallecas, etc\u00e9tera, etc\u00e9tera): hoy lo que conocemos como \u00c1rea Metropolitana de Barcelona o AMB tiene la misma extensi\u00f3n y poblaci\u00f3n que la ciudad de Madrid. La Gran Barcelona que preconizaba el alcalde Josep Maria Porcioles, que uni\u00f3 muchos intereses industriales, financieros e inmobiliarios, se convirti\u00f3 m\u00e1s en parte del problema, a pesar de la Carta Municipal, que de su soluci\u00f3n.<\/p>\n<p>La tarea de la generaci\u00f3n metropolitana del 79 acaba de hecho en 2010 cuando el Parlamento de Catalunya, ya con el consenso de todos los grupos pol\u00edticos en la c\u00e1mara y en el ayuntamiento de Barcelona aprueba la ley de creaci\u00f3n del \u00c1rea Metropolitana (AMB) como nueva administraci\u00f3n, con m\u00e1s competencias y recursos. A partir del a\u00f1o 2000 el Plan Estrat\u00e9gico de Barcelona adquiere una progresiva dimensi\u00f3n regional metropolitana y ahora participan m\u00e1s de 300 entidades econ\u00f3micas, sociales y culturales p\u00fablicas y privadas. La asociaci\u00f3n del Arco Metropolitano \u2014integrada por siete capitales de la segunda corona con m\u00e1s de 700.000 habitantes\u2014 se ha convertido en la conciencia viva de la situaci\u00f3n y recuerda c\u00f3mo demasiado a menudo este pa\u00eds va tarde a la hora de abordar el futuro.<\/p>\n<p>[\/et_pb_text][et_pb_text admin_label=\u00bbShare \u00bb _builder_version=\u00bb4.8.2&#8243; _module_preset=\u00bbdefault\u00bb width=\u00bb26%\u00bb module_alignment=\u00bbleft\u00bb module_alignment_tablet=\u00bbleft\u00bb module_alignment_phone=\u00bbleft\u00bb module_alignment_last_edited=\u00bbon|phone\u00bb border_width_all=\u00bb0px\u00bb]<\/p>\n<table style=\"border-collapse: collapse; width: 0%; height: 22px; border-color: #000000; border: 2px solid;\">\n<tbody>\n<tr style=\"height: 22px;\">\n<td style=\"width: 11.5332%; height: 22px;\">share:<\/td>\n<td style=\"width: 88.4667%; text-align: justify; vertical-align: middle; height: 22px;\"><div class=\"sfsi_widget sfsi_shortcode_container\"><div class=\"norm_row sfsi_wDiv \"  style=\"width:200px;text-align:left;\"><div style='width:30px; height:30px;margin-left:10px;margin-bottom:5px; ' class='sfsi_wicons shuffeldiv ' ><div class='inerCnt'><a class=' sficn' data-effect='' target='_blank'  href='' id='sfsiid_twitter_icon' style='width:30px;height:30px;opacity:1;'  ><img data-pin-nopin='true' alt='Twitter' title='Twitter' src='https:\/\/rethinkbcn.cat\/wp-content\/plugins\/ultimate-social-media-icons\/images\/icons_theme\/transparent\/transparent_twitter.png' width='30' height='30' style='' class='sfcm sfsi_wicon ' data-effect=''   \/><\/a><div class=\"sfsi_tool_tip_2 twt_tool_bdr sfsiTlleft\" style=\"opacity:0;z-index:-1;\" id=\"sfsiid_twitter\"><span class=\"bot_arow bot_twt_arow\"><\/span><div class=\"sfsi_inside\"><div  class='icon2'><div class='sf_twiter' style='display: inline-block;vertical-align: middle;width: auto;'>\r\n\t\t\t\t\t\t<a target='_blank' href='https:\/\/twitter.com\/intent\/tweet?text=Hey%2C+check+out+this+cool+site+I+found%3A+www.rethinkbcn.cat+%23Topic+via%40my_twitter_name+https:\/\/rethinkbcn.cat\/es\/wp-json\/wp\/v2\/posts\/14036\/' style='display:inline-block' >\r\n\t\t\t\t\t\t\t<img data-pin-nopin= true class='sfsi_wicon' src='https:\/\/rethinkbcn.cat\/wp-content\/plugins\/ultimate-social-media-icons\/images\/share_icons\/Twitter_Tweet\/en_US_Tweet.svg' alt='Tweet' title='Tweet' >\r\n\t\t\t\t\t\t<\/a>\r\n\t\t\t\t\t<\/div><\/div><\/div><\/div><\/div><\/div><div style='width:30px; height:30px;margin-left:10px;margin-bottom:5px; ' class='sfsi_wicons shuffeldiv ' ><div class='inerCnt'><a class=' sficn' data-effect='' target='_blank'  href='' id='sfsiid_linkedin_icon' style='width:30px;height:30px;opacity:1;'  ><img data-pin-nopin='true' alt='' title='' src='https:\/\/rethinkbcn.cat\/wp-content\/plugins\/ultimate-social-media-icons\/images\/icons_theme\/transparent\/transparent_linkedin.png' width='30' height='30' style='' class='sfcm sfsi_wicon ' data-effect=''   \/><\/a><div class=\"sfsi_tool_tip_2 linkedin_tool_bdr sfsiTlleft\" style=\"opacity:0;z-index:-1;\" id=\"sfsiid_linkedin\"><span class=\"bot_arow bot_linkedin_arow\"><\/span><div class=\"sfsi_inside\"><div  class='icon2'><a target='_blank' href=\"https:\/\/www.linkedin.com\/shareArticle?url=https%3A%2F%2Frethinkbcn.cat%2Fes%2Fwp-json%2Fwp%2Fv2%2Fposts%2F14036%2F\"><img class=\"sfsi_wicon\" data-pin-nopin= true alt=\"Share\" title=\"Share\" src=\"https:\/\/rethinkbcn.cat\/wp-content\/plugins\/ultimate-social-media-icons\/images\/share_icons\/Linkedin_Share\/en_US_share.svg\" \/><\/a><\/div><\/div><\/div><\/div><\/div><div style='width:30px; height:30px;margin-left:10px;margin-bottom:5px; ' class='sfsi_wicons shuffeldiv ' ><div class='inerCnt'><a class=' sficn' data-effect='' target='_blank'  href='https:\/\/api.whatsapp.com\/send?text=https:\/\/rethinkbcn.cat\/es\/el-camino-a-la-metropolis\/' id='sfsiid_whatsapp_icon' style='width:30px;height:30px;opacity:1;'  ><img data-pin-nopin='true' alt='' title='' src='https:\/\/rethinkbcn.cat\/wp-content\/plugins\/ultimate-social-media-icons\/images\/icons_theme\/transparent\/transparent_whatsapp.png' width='30' height='30' style='' class='sfcm sfsi_wicon ' data-effect=''   \/><\/a><\/div><\/div><div style='width:30px; height:30px;margin-left:10px;margin-bottom:5px; ' class='sfsi_wicons shuffeldiv ' ><div class='inerCnt'><a class=' sficn' data-effect='' target='_blank'  href='https:\/\/api.follow.it\/widgets\/icon\/VUlqbFQ4d1I5d05jbFdNRWdXaThSK0Vza3RBcDZrT3Y4akNldzhxUVBmUFNjQ3dlUnpnQVphRFVNcm40SXZGaFczK01jOFF0SExaMGNIWi9BZy96S2MydkgzaDNWWFBjYU9MbjY5M3lUcjVLYU5TN3NOaEs3VmJ4bytROHI4b1d8eEV6SFU5OTFjQ1B0YkRJNkEzUlJEbEhIWVRkZGM0b0FRTEQyRDlyb2o2UT0=\/OA==\/' id='sfsiid_email_icon' style='width:30px;height:30px;opacity:1;'  ><img data-pin-nopin='true' alt='Follow by Email' title='Follow by Email' src='https:\/\/rethinkbcn.cat\/wp-content\/plugins\/ultimate-social-media-icons\/images\/icons_theme\/transparent\/transparent_email.png' width='30' height='30' style='' class='sfcm sfsi_wicon ' data-effect=''   \/><\/a><\/div><\/div><\/div ><div id=\"sfsi_holder\" class=\"sfsi_holders\" style=\"position: relative; float: left;width:100%;z-index:-1;\"><\/div ><script>window.addEventListener(\"sfsi_functions_loaded\", function() \r\n\t\t\t{\r\n\t\t\t\tif (typeof sfsi_widget_set == \"function\") {\r\n\t\t\t\t\tsfsi_widget_set();\r\n\t\t\t\t}\r\n\t\t\t}); <\/script><div style=\"clear: both;\"><\/div><\/div><\/td>\n<\/tr>\n<\/tbody>\n<\/table>\n<p>[\/et_pb_text][\/et_pb_column][\/et_pb_row][\/et_pb_section][et_pb_section fb_built=\u00bb1&#8243; fullwidth=\u00bbon\u00bb _builder_version=\u00bb4.8.2&#8243; _module_preset=\u00bbdefault\u00bb da_disable_devices=\u00bboff|off|off\u00bb border_width_bottom=\u00bb2px\u00bb da_is_popup=\u00bboff\u00bb da_exit_intent=\u00bboff\u00bb da_has_close=\u00bbon\u00bb da_alt_close=\u00bboff\u00bb da_dark_close=\u00bboff\u00bb da_not_modal=\u00bbon\u00bb da_is_singular=\u00bboff\u00bb da_with_loader=\u00bboff\u00bb da_has_shadow=\u00bbon\u00bb][et_pb_fullwidth_code admin_label=\u00bbRatlla horitzontal\u00bb _builder_version=\u00bb4.8.2&#8243; _module_preset=\u00bbdefault\u00bb][\/et_pb_fullwidth_code][\/et_pb_section][et_pb_section fb_built=\u00bb1&#8243; _builder_version=\u00bb4.8.2&#8243; _module_preset=\u00bbdefault\u00bb custom_margin=\u00bb||-30px||false|false\u00bb custom_margin_tablet=\u00bb||-90px||false|false\u00bb custom_margin_phone=\u00bb||-80px||false|false\u00bb custom_margin_last_edited=\u00bbon|phone\u00bb da_disable_devices=\u00bboff|off|off\u00bb da_is_popup=\u00bboff\u00bb da_exit_intent=\u00bboff\u00bb da_has_close=\u00bbon\u00bb da_alt_close=\u00bboff\u00bb da_dark_close=\u00bboff\u00bb da_not_modal=\u00bbon\u00bb da_is_singular=\u00bboff\u00bb da_with_loader=\u00bboff\u00bb da_has_shadow=\u00bbon\u00bb][et_pb_row _builder_version=\u00bb4.8.2&#8243; _module_preset=\u00bbdefault\u00bb][et_pb_column type=\u00bb4_4&#8243; _builder_version=\u00bb4.8.2&#8243; _module_preset=\u00bbdefault\u00bb][et_pb_text admin_label=\u00bbAltres articles\u00bb _builder_version=\u00bb4.9.0&#8243; _module_preset=\u00bbdefault\u00bb]<\/p>\n<h3>ALTRES ARTICLES<\/h3>\n<p><div class='yarpp yarpp-related yarpp-related-shortcode yarpp-template-thumbnails'>\n<!-- YARPP Thumbnails -->\n<h3><\/h3>\n<div class=\"yarpp-thumbnails-horizontal\">\n<a class='yarpp-thumbnail' rel='norewrite' href='https:\/\/rethinkbcn.cat\/es\/como-se-construye-la-barcelona-del-futuro-cinco-visiones-complementarias\/' title='C\u00d3MO SE CONSTRUYE LA BARCELONA DEL FUTURO? CINCO VISIONES COMPLEMENTARIAS'>\n<img width=\"117\" height=\"120\" src=\"https:\/\/rethinkbcn.cat\/wp-content\/uploads\/2021\/01\/confiancam.jpg\" class=\"attachment-yarpp-thumbnail size-yarpp-thumbnail wp-post-image\" alt=\"\" loading=\"lazy\" data-pin-nopin=\"true\" \/><span class=\"yarpp-thumbnail-title\">C\u00d3MO SE CONSTRUYE LA BARCELONA DEL FUTURO? CINCO VISIONES COMPLEMENTARIAS<\/span><\/a>\n<a class='yarpp-thumbnail' rel='norewrite' href='https:\/\/rethinkbcn.cat\/es\/josep-ma-cardellach-unanuevagorvenanzaparalabarcelonametropolitana\/' title='JOSEP M\u00aa CARDELLACH: UNA NUEVA GOVERNANZA PARA LA BARCELONA METROPOLITANA.'>\n<img width=\"117\" height=\"120\" src=\"https:\/\/rethinkbcn.cat\/wp-content\/uploads\/2021\/01\/confiancam.jpg\" class=\"attachment-yarpp-thumbnail size-yarpp-thumbnail wp-post-image\" alt=\"\" loading=\"lazy\" data-pin-nopin=\"true\" \/><span class=\"yarpp-thumbnail-title\">JOSEP M\u00aa CARDELLACH: UNA NUEVA GOVERNANZA PARA LA BARCELONA METROPOLITANA.<\/span><\/a>\n<a class='yarpp-thumbnail' rel='norewrite' href='https:\/\/rethinkbcn.cat\/es\/hector-santcovskymetropolisbarcelona\/' title='H\u00c9CTOR SANTCOVSKY:  METR\u00d3POLIS BARCELONA, EL VALOR DEL TERRITORIO'>\n<img width=\"117\" height=\"120\" src=\"https:\/\/rethinkbcn.cat\/wp-content\/uploads\/2021\/01\/confiancam.jpg\" class=\"attachment-yarpp-thumbnail size-yarpp-thumbnail wp-post-image\" alt=\"\" loading=\"lazy\" data-pin-nopin=\"true\" \/><span class=\"yarpp-thumbnail-title\">H\u00c9CTOR SANTCOVSKY:  METR\u00d3POLIS BARCELONA, EL VALOR DEL TERRITORIO<\/span><\/a>\n<a class='yarpp-thumbnail' rel='norewrite' href='https:\/\/rethinkbcn.cat\/es\/eugeniacarrerespensandolamarcabarcelonaengrande\/' title='EUG\u00c8NIA CARRERES: PENSANDO LA MARCA BARCELONA EN GRANDE'>\n<img width=\"117\" height=\"120\" src=\"https:\/\/rethinkbcn.cat\/wp-content\/uploads\/2021\/01\/confiancam.jpg\" class=\"attachment-yarpp-thumbnail size-yarpp-thumbnail wp-post-image\" alt=\"\" loading=\"lazy\" data-pin-nopin=\"true\" \/><span class=\"yarpp-thumbnail-title\">EUG\u00c8NIA CARRERES: PENSANDO LA MARCA BARCELONA EN GRANDE<\/span><\/a>\n<\/div>\n<\/div>\n[\/et_pb_text][\/et_pb_column][\/et_pb_row][\/et_pb_section][et_pb_section fb_built=\u00bb1&#8243; fullwidth=\u00bbon\u00bb _builder_version=\u00bb4.8.2&#8243; _module_preset=\u00bbdefault\u00bb da_disable_devices=\u00bboff|off|off\u00bb border_width_bottom=\u00bb2px\u00bb da_is_popup=\u00bboff\u00bb da_exit_intent=\u00bboff\u00bb da_has_close=\u00bbon\u00bb da_alt_close=\u00bboff\u00bb da_dark_close=\u00bboff\u00bb da_not_modal=\u00bbon\u00bb da_is_singular=\u00bboff\u00bb da_with_loader=\u00bboff\u00bb da_has_shadow=\u00bbon\u00bb][et_pb_fullwidth_code admin_label=\u00bbRatlla horitzontal\u00bb _builder_version=\u00bb4.8.2&#8243; _module_preset=\u00bbdefault\u00bb][\/et_pb_fullwidth_code][\/et_pb_section]<\/p>\n","protected":false},"excerpt":{"rendered":"<p>Rafael Pradas analiza la evoluci\u00f3n del hecho metropolitano barcelon\u00e9s desde sus or\u00edgenes y repasa las dificultades que han emergido en cada \u00e9poca, mostrando que esta evoluci\u00f3n siempre ha ido ligada a un complejo entramado de intereses, reacciones y limitaciones.<\/p>\n","protected":false},"author":6,"featured_media":4844,"comment_status":"open","ping_status":"open","sticky":false,"template":"","format":"standard","meta":{"_et_pb_use_builder":"on","_et_pb_old_content":"","_et_gb_content_width":""},"categories":[92],"tags":[116],"_links":{"self":[{"href":"https:\/\/rethinkbcn.cat\/es\/wp-json\/wp\/v2\/posts\/14036"}],"collection":[{"href":"https:\/\/rethinkbcn.cat\/es\/wp-json\/wp\/v2\/posts"}],"about":[{"href":"https:\/\/rethinkbcn.cat\/es\/wp-json\/wp\/v2\/types\/post"}],"author":[{"embeddable":true,"href":"https:\/\/rethinkbcn.cat\/es\/wp-json\/wp\/v2\/users\/6"}],"replies":[{"embeddable":true,"href":"https:\/\/rethinkbcn.cat\/es\/wp-json\/wp\/v2\/comments?post=14036"}],"version-history":[{"count":6,"href":"https:\/\/rethinkbcn.cat\/es\/wp-json\/wp\/v2\/posts\/14036\/revisions"}],"predecessor-version":[{"id":14046,"href":"https:\/\/rethinkbcn.cat\/es\/wp-json\/wp\/v2\/posts\/14036\/revisions\/14046"}],"wp:featuredmedia":[{"embeddable":true,"href":"https:\/\/rethinkbcn.cat\/es\/wp-json\/wp\/v2\/media\/4844"}],"wp:attachment":[{"href":"https:\/\/rethinkbcn.cat\/es\/wp-json\/wp\/v2\/media?parent=14036"}],"wp:term":[{"taxonomy":"category","embeddable":true,"href":"https:\/\/rethinkbcn.cat\/es\/wp-json\/wp\/v2\/categories?post=14036"},{"taxonomy":"post_tag","embeddable":true,"href":"https:\/\/rethinkbcn.cat\/es\/wp-json\/wp\/v2\/tags?post=14036"}],"curies":[{"name":"wp","href":"https:\/\/api.w.org\/{rel}","templated":true}]}}