{"id":13927,"date":"2023-05-21T09:00:57","date_gmt":"2023-05-21T07:00:57","guid":{"rendered":"https:\/\/rethinkbcn.cat\/?p=13927"},"modified":"2023-05-16T10:55:53","modified_gmt":"2023-05-16T08:55:53","slug":"oriol-bartomeus-barcelona-no-tiene-proyecto-de-ciudad","status":"publish","type":"post","link":"https:\/\/rethinkbcn.cat\/es\/oriol-bartomeus-barcelona-no-tiene-proyecto-de-ciudad\/","title":{"rendered":"ORIOL BARTOMEUS: BARCELONA NO TIENE PROYECTO DE CIUDAD"},"content":{"rendered":"<p>[et_pb_section fb_built=\u00bb1&#8243; disabled_on=\u00bboff|off|off\u00bb _builder_version=\u00bb4.8.2&#8243; _module_preset=\u00bbdefault\u00bb custom_margin=\u00bb||||false|false\u00bb da_disable_devices=\u00bboff|off|off\u00bb da_is_popup=\u00bboff\u00bb da_exit_intent=\u00bboff\u00bb da_has_close=\u00bbon\u00bb da_alt_close=\u00bboff\u00bb da_dark_close=\u00bboff\u00bb da_not_modal=\u00bbon\u00bb da_is_singular=\u00bboff\u00bb da_with_loader=\u00bboff\u00bb da_has_shadow=\u00bbon\u00bb][et_pb_row _builder_version=\u00bb4.9.0&#8243; _module_preset=\u00bbdefault\u00bb][et_pb_column type=\u00bb4_4&#8243; _builder_version=\u00bb4.8.1&#8243; _module_preset=\u00bbdefault\u00bb][et_pb_text admin_label=\u00bbTitular entrada\u00bb _builder_version=\u00bb4.9.0&#8243; _module_preset=\u00bbdefault\u00bb text_font=\u00bbAverta Light||||||||\u00bb header_font_size=\u00bb36px\u00bb header_4_font=\u00bbAverta regular||||||||\u00bb header_4_font_size=\u00bb20px\u00bb header_4_line_height=\u00bb1.6em\u00bb header_5_line_height=\u00bb1.6em\u00bb header_6_font=\u00bbAverta regular||||||||\u00bb header_6_font_size=\u00bb16px\u00bb header_6_line_height=\u00bb1.2em\u00bb header_font_size_tablet=\u00bb30px\u00bb header_font_size_phone=\u00bb24px\u00bb header_font_size_last_edited=\u00bbon|phone\u00bb header_6_font_size_tablet=\u00bb\u00bb header_6_font_size_phone=\u00bb16px\u00bb header_6_font_size_last_edited=\u00bbon|phone\u00bb]<\/p>\n<h1 style=\"text-align: center;\">ORIOL BARTOMEUS: BARCELONA NO TIENE PROYECTO DE CIUDAD\u00a0<\/h1>\n<div style=\"text-align: center;\">\n<div dir=\"auto\">\n<p>El investigador del ICPS cree que la falta de proyecto afecta al conjunto del territorio metropolitano de Barcelona, falto de una instituci\u00f3n que aborde la complejidad de problemas econ\u00f3micos y sociales y que dibuje su posici\u00f3n en Espa\u00f1a y el mundo, en contraste con Madrid, que tiene una idea clara de sus objetivos.<\/p>\n<\/div>\n<\/div>\n<p>[\/et_pb_text][et_pb_image title_text=\u00bbFOTO VICTOR FRANCOS 4&#8243; align=\u00bbcenter\u00bb admin_label=\u00bbImatge entrada\u00bb _builder_version=\u00bb4.9.0&#8243; _module_preset=\u00bbdefault\u00bb][\/et_pb_image][et_pb_text admin_label=\u00bbCodi \u00e0udio\u00bb _builder_version=\u00bb4.9.0&#8243; _module_preset=\u00bbdefault\u00bb hover_enabled=\u00bb0&#8243; sticky_enabled=\u00bb0&#8243;]<\/p>\n\n\t\t<div\n\t\t\tid=\"playht-iframe-wrapper\"\n\t\t\tstyle=\"display:flex; max-height:90px; justify-content:center\">\n\t\t\t<iframe\n\t\t\t\tallowfullscreen=\"\"\n\t\t\t\tframeborder=\"0\"\n\t\t\t\tscrolling=\"no\"\n\t\t\t\tclass=\"playht-iframe-player\"\n\t\t\t\tdata-appId=\"xDv-ttCzRe\"\n\t\t\t\tarticle-url=\"https:\/\/rethinkbcn.cat\/es\/?p=13927\"\n\t\t\t\tdata-voice=\"es-ES-ElviraNeural\"\n\t\t\t\tsrc=\"https:\/\/play.ht\/embed\/?article_url=https:\/\/rethinkbcn.cat\/es\/?p=13927&voice=es-ES-ElviraNeural&config={&quot;width&quot;:&quot;100%&quot;,&quot;height&quot;:&quot;90px&quot;,&quot;alignment&quot;:&quot;center&quot;,&quot;title&quot;:&quot;Audio&quot;,&quot;message&quot;:&quot;Hello&quot;,&quot;download_text_button&quot;:&quot;Download&quot;}\"\n\t\t\t\twidth=\"100%\"\n\t\t\t\theight=\"90px\"\n\t\t\t\tstyle=\"max-height:90px\">\n\t\t\t<\/iframe>\n\t\t<\/div>\n<p>&nbsp;<\/p>\n<p>[\/et_pb_text][et_pb_text disabled_on=\u00bbon|on|off\u00bb admin_label=\u00bbText entrada escriptori\u00bb _builder_version=\u00bb4.9.0&#8243; _module_preset=\u00bbdefault\u00bb text_font=\u00bbAverta Light||||||||\u00bb header_font_size=\u00bb36px\u00bb header_4_font=\u00bbAverta regular||||||||\u00bb header_4_font_size=\u00bb20px\u00bb header_4_line_height=\u00bb1.6em\u00bb header_5_line_height=\u00bb1.6em\u00bb header_6_font=\u00bbAverta regular||||||||\u00bb header_6_font_size=\u00bb16px\u00bb header_6_line_height=\u00bb1.5em\u00bb header_font_size_tablet=\u00bb30px\u00bb header_font_size_phone=\u00bb24px\u00bb header_font_size_last_edited=\u00bbon|phone\u00bb header_6_font_size_tablet=\u00bb\u00bb header_6_font_size_phone=\u00bb14px\u00bb header_6_font_size_last_edited=\u00bbon|phone\u00bb]<\/p>\n<p><strong>Por Rafael Pradas<\/strong><\/p>\n<p>&nbsp;<\/p>\n<p>Oriol Bartomeus (Barcelona, 1971) es investigador en el Instituto de Ciencias Pol\u00edticas y Sociales (ICPS) y profesor asociado en el departamento de Ciencia Pol\u00edtica y Derecho P\u00fablico de la UAB. Su campo de estudio principal es el comportamiento electoral en Catalu\u00f1a y espec\u00edficamente los efectos del relevo generacional, temas a los que dedic\u00f3 su tesis doctoral, publicada con el t\u00edtulo <em>El terremoto silencioso<\/em> y tambi\u00e9n ha estudiado los fen\u00f3menos relacionados con la polarizaci\u00f3n.<\/p>\n<p><img loading=\"lazy\" class=\"wp-image-13930 size-full aligncenter\" src=\"https:\/\/rethinkbcn.cat\/wp-content\/uploads\/2023\/05\/ORIOL-BARTOMEUS-5.jpg\" alt=\"\" width=\"646\" height=\"971\" srcset=\"https:\/\/rethinkbcn.cat\/wp-content\/uploads\/2023\/05\/ORIOL-BARTOMEUS-5.jpg 646w, https:\/\/rethinkbcn.cat\/wp-content\/uploads\/2023\/05\/ORIOL-BARTOMEUS-5-480x721.jpg 480w\" sizes=\"(min-width: 0px) and (max-width: 480px) 480px, (min-width: 481px) 646px, 100vw\" \/><\/p>\n<p><em>-\u00bfEn qu\u00e9 momento colectivo nos encontramos?<\/em><\/p>\n<p>-Estamos en un momento en que parece que no se puede aceptar la normalidad. No podemos aceptar que la realidad imponga que no hay cosa que el \u00abir tirando\u00bb. Ahora mismo no hay nada en la perspectiva de los pr\u00f3ximos cuatro a\u00f1os que nos haga pensar, a pesar de un hecho tan grave como la guerra de Ucrania, que vamos hacia una crisis total, hacia el apocalipsis. Los gobiernos deber\u00edan afrontar una situaci\u00f3n de recuperaci\u00f3n del escenario, poner los cimientos e ir tirando, pero esta perspectiva no es nada positiva y por eso hay que encontrar tensiones, momentos de ruptura. La pol\u00edtica se ha convertido en un asunto que no acepta la gesti\u00f3n tranquila y normal de las cosas. Necesitamos estar en constante tensi\u00f3n<\/p>\n<p>&nbsp;<\/p>\n<p><em>-\u00bfDe d\u00f3nde nace esta tensi\u00f3n? Durante mucho tiempo Espa\u00f1a y Catalu\u00f1a viv\u00edan en una cierta tranquilidad e incluso dec\u00edamos que los 11 de septiembre eran aburridos&#8230;<\/em><em>\u00a0<\/em><\/p>\n<p>-La pol\u00edtica era aburrida y el Parlamento era aburrido y todo era \u00abir haciendo\u00bb. Creo que la tensi\u00f3n nace como consecuencia del cambio del escenario pol\u00edtico, de la ruptura de las grandes mayor\u00edas, la aparici\u00f3n de nuevos actores pol\u00edticos y del surgimiento tambi\u00e9n de la incertidumbre como nuevo elemento a tener en cuenta. La pol\u00edtica es insegura, no se sabe qu\u00e8 pasar\u00e1 a las pr\u00f3ximas elecciones, las encuestas dicen que todo se mueve, todo es incierto y en esta imprevisibilidad el mundo pol\u00edtico se encuentra permanentemente tensionado. Pero, adem\u00e1s, hay otro factor: la pol\u00edtica debe disputar su espacio con otros \u00e1mbitos. Antes ten\u00eda reservado el espacio del gobierno, de las instituciones, que estaba un poco a rebasado de todo lo dem\u00e1s, y por lo tanto se garantizaba una cuota de atenci\u00f3n por parte de los ciudadanos; no ten\u00eda que llamar para hacerse o\u00edr. El problema surge cuando la pol\u00edtica se desacraliza y debe competir en plan de igualdad con todos los dem\u00e1s \u00e1mbitos, debe volverse llamativa para captar la atenci\u00f3n. \u00bfC\u00f3mo hacer o\u00edr la voz en una sociedad donde se han multiplicado los canales y se ha trastocado completamente la antigua jerarqu\u00eda de la informaci\u00f3n? Podemos decir que antes hab\u00eda unos medios que eran \u00ablos\u00bb medios por antonomasia que vehiculaban la informaci\u00f3n de la pol\u00edtica. Ahora, el flujo continuo de informaci\u00f3n en todas direcciones contribuye a que la pol\u00edtica deba estar constantemente llamando la atenci\u00f3n, pero ya no mediante sus formas hist\u00f3ricas, sin\u00f3 adoptando las formas de la nueva comunicaci\u00f3n.<\/p>\n<p>&nbsp;<\/p>\n<p><em>-Y en este entorno tan convulso, \u00bf c\u00f3mo se hace la pol\u00edtica de las cosas cotidianas? <\/em><\/p>\n<p>-La pol\u00edtica de las cosas se sigue haciendo. Hay dos planos de la pol\u00edtica cada vez m\u00e1s claros: el de la pol\u00edtica y el de \u00ablas pol\u00edticas\u00bb. La pol\u00edtica es el grito estridente, polarizador, la pol\u00edtica electoral, pero, por otro lado, est\u00e1n los gobiernos que hacen cosas. El problema es que los dos planos se alejan cada vez m\u00e1s el uno del otro y \u00ablas pol\u00edticas\u00bb quedan no en manos de la pol\u00edtica, sin\u00f3 de \u00a0los aparatos administrativos de los estados, los gobiernos auton\u00f3micos, los ayuntamientos, de tal manera que las pol\u00edticas no responden a una visi\u00f3n pol\u00edtica, sin\u00f3 sobre todo a la l\u00f3gica de los altos funcionarios que son los que,\u00a0 al final, acaban impulsando las actuaciones, las cosas.<\/p>\n<p>&nbsp;<\/p>\n<p><em>-Bajando un escal\u00f3n debemos interrogarnos sobre la pol\u00edtica de las cosas en el \u00e1rea, en la regi\u00f3n metropolitana de Barcelona&#8230;<\/em><\/p>\n<p>-Est\u00e1 claro que existe una m\u00e1s que evidente realidad econ\u00f3mica y social metropolitana, regional, de Barcelona. La gente va y viene cada d\u00eda, trabaja en un lugar y duerme en otro y va al cine a otro y sopa en otro, hay un flujo constante en toda esta regi\u00f3n que supera los l\u00edmites del \u00e1rea metropolitana. Sin embargo, su realidad econ\u00f3mica y social no se ha trasladado al \u00e1mbito de la pol\u00edtica institucional, no tenemos una instituci\u00f3n que re\u00fana la Barcelona real. Incluso el \u00e1rea metropolitana, el AMB, queda corta geogr\u00e1ficamente y en cuantot a su nivel de poder. El AMB gestiona los residuos, el transporte y la planificaci\u00f3n territorial, pero se queda corta en sus competencias. \u00a0Si nos fijamos en el transporte, como cuesti\u00f3n muy importante, vemos que existe la Autoridad del Transporte Metropolita (ATM), una agencia que funciona bien, pero que no tiene poder sobre el conjunto de la movilidad, no puede controlar las carreteras, por poner un ejemplo, porque son de la Generalitat. En definitiva, no hay ninguna instituci\u00f3n que vertebre este gran espacio que es Barcelona, que permita formular una idea pol\u00edtica de su articulaci\u00f3n. Pero, a m\u00e9s de todo esto, creo que hay una cuesti\u00f3n que es b\u00e1sica: existe un problema con el n\u00facleo central de este gran \u00e1mbito porque Barcelona no sabe qu\u00e9 quiere ser y si Barcelona no sabe qu\u00e9 quiere ser toda su zona de influencia, este <em>hinterland<\/em>, queda desprotegido.<\/p>\n<p>&nbsp;<\/p>\n<p><em>-\u00bfQu\u00e9 quiere decir exactamente que Barcelona no sabe qu\u00e9 quiere ser?<\/em><\/p>\n<p>-Barcelona no tiene un proyecto de ciudad, un proyecto que irradie tambi\u00e9n sobre el conjunto. \u00bfQu\u00e9 quiere ser esta ciudad? \u00bfQu\u00e9 debe ser? Llevamos ya muchos y muchos a\u00f1os debatiendo sobre todo esto y quiz\u00e1s forma parte del problema de la pol\u00edtica que no hace pol\u00edtica, que no sabe qu\u00e9 quiere ser. El contraste es atroz con la otra gran ciudad que es Madrid.<\/p>\n<p>&nbsp;<\/p>\n<p><em>-\u00bfMadrid s\u00ed que tiene proyecto?<\/em><\/p>\n<p>-Madrid tiene una instituci\u00f3n que articula toda la regi\u00f3n de influencia que es \u00a0una comunidad aut\u00f3noma y, \u00a0por tanto, dispone de un gobierno que m\u00e1s all\u00e1 de los pueblos de la Sierra, es el gobierno del Gran Madrid, con una influencia que sobrepasa la regi\u00f3n y si no que se lo pregunten en las dos Castillas, convertidas en ciudades dormitorio y en servidoras de la capital. Madrid tiene un gobierno con presupuesto y con capacidad de gesti\u00f3n y de desarrollar pol\u00edticas que afecta a todo el espacio regional y, sobre todo, tiene una idea clara de qu\u00e9 quiere hacer. Desde el a\u00f1o 2000 Madrid est\u00e0 desarrollando un plan y m\u00e1s o menos por la misma \u00e9poca, a partir del Foro de las Culturas de 2004, a Barcelona se le agotan las ideas, se le acaba el temple ol\u00edmpico, y despu\u00e9s de eso no ha habido proyecto de ciudad.<\/p>\n<p>&nbsp;<\/p>\n<p><em>-Sabe que quiere ser una ciudad tecnol\u00f3gica, innovadora, que ya es mucho&#8230;<\/em><\/p>\n<p>-S\u00ed, pero m\u00e1s all\u00e1 de desarrollar todo el sector 22@, que ha sido un gran \u00e9xito, no hay mucho m\u00e1s. No s\u00e9 si Barcelona sabe qu\u00e9 quiere ser respecto al mundo ni respecto a Espa\u00f1a. Respecto de Espa\u00f1a a partir de 2012 pr\u00e1cticamente ha desaparecido, y este espacio lo ha ocupado Madrid.<\/p>\n<p>&nbsp;<\/p>\n<p><em>-\u00bfPesa excesivamente el recuerdo permanente de los Juegos Ol\u00edmpicos?<\/em><\/p>\n<p>-No lo s\u00e9. Creo que los Juegos no fueron el proyecto, fueron la culminaci\u00f3n del proyecto, lo cual es muy diferente. Los Juegos sirvieron como excusa para desarrollar una idea que exist\u00eda previamente. En 1979, cuando se recupera el ayuntamiento democr\u00e1tico, la generaci\u00f3n que entra en el consistorio tiene una idea de c\u00f3mo transformar Barcelona, qu\u00e9 hacer de la ciudad. El proyecto tiene un momento de culminaci\u00f3n que son los Juegos y luego llega una etapa de una cierta estabilizaci\u00f3n, pero ese proyecto no ha sido sustituido por otro nuevo.<\/p>\n<p>&nbsp;<\/p>\n<p><em>-\u00bfLas ciudades deben tener siempre un proyecto? \u00bfO pueden administrar su vida con una cierta normalidad?<\/em><\/p>\n<p>-Creo que las ciudades deben tener un proyecto y es posible que sea siempre el mismo. Barcelona es Barcelona, y ya est\u00e1. Pero la pregunta es: \u00bfpara seguir estando en Barcelona basta con ir haciendo?<\/p>\n<p>&nbsp;<\/p>\n<p><em>-\u00bfExiste una comunidad Barcelona, un cierto pensamiento colectivo sobre la ciudad?<\/em><em>\u00a0<\/em><\/p>\n<p>-Cada vez se expresa m\u00e1s en t\u00e9rminos nost\u00e1lgicos. Existe un nacionalismo barcelon\u00e9s. En los barceloneses y en los que no est\u00e1n hay una idea de lo que deber\u00eda ser la ciudad. Siempre se ha imaginado de qu\u00e9 manera deber\u00eda ser Barcelona y, en un momento dado, ese pensamiento sobre lo que ten\u00eda que ser la ciudad y lo que era coincidi\u00f3, es decir la ciudad lleg\u00f3 a ser lo que la gente pensaba que ten\u00eda que ser. Lo ideal y la realidad confluyeron, pero la sensaci\u00f3n que tengo es que ahora ya no es as\u00ed. Podemos decir que la Barcelona real ya no es como la gente cree que debe ser.<\/p>\n<p>&nbsp;<\/p>\n<p><em>-\u00bfC\u00f3mo podr\u00edamos caracterizar hoy la \u00absociedad metropolitana\u00bb si es que se puede hablar en estos t\u00e9rminos?<\/em><\/p>\n<p>-Como cualquier sociedad del mundo. Una sociedad urbana sacudida por esta caracter\u00edstica de nuestro tiempo que es la incertidumbre total, sobre la propia vida, una cierta sensaci\u00f3n de envoltorio, y en algunos casos una cierta nostalgia por unos tiempos que eran m\u00e1s comprensibles. Existe la idea de que alguien en alg\u00fan momento deber\u00eda detener la tormenta desatada a partir de 2008 y que las viejas ideas, las viejas afirmaciones, ya no sirven. No sabemos d\u00f3nde estamos, todo es muy incierto, el futuro da miedo. Esto se expresa desde todas las posiciones ideol\u00f3gicas y tambi\u00e9n desde el nacionalismo. Hay una cierta voluntad de retornar a todo aquello que es s\u00f3lido, y a veces se expresa mediante la idea de la naci\u00f3n, del grupo, del cierre en el colectivo.<\/p>\n<p>&nbsp;<\/p>\n<p><em>-El territorio metropolitano de Barcelona es muy complejo con grandes diferencias econ\u00f3micas y sociales y problemas evidentes como la vivienda o la precariedad. \u00bfEs una sociedad polarizada? \u00bfD\u00f3nde se produce la polarizaci\u00f3n?<\/em><\/p>\n<p>-En general en el periodo al que ya me he referido hemos vivido en todos los \u00e1mbitos el derrumbe de las posiciones que se encuentran en medio. Cada vez hay m\u00e1s cierre en las ideas propias y rechazo de las que no lo son, pero la polarizaci\u00f3n tambi\u00e9n es visible a nivel social. La clase media se ha rasgado y la precarizaci\u00f3n hace que el medio quede m\u00e9s desguarnit, que cada vez haya m\u00e1s personas en un extremo o en otro. En los barrios medios cada vez hay menos mezcla y el espacio p\u00fablico se encuentra m\u00e1s segmentado, m\u00e9s troceado, cuesta que haya lugares de encuentro de gente diferente. Durante la pandemia nos encerramos en casa, pero la reclusi\u00f3n ya ven\u00eda de antes, hay como una especie de retirada hacia el domicilio y el abandono del espacio p\u00fablico, que es el lugar de mezcla. En los barrios se puede ver como los comercios de la clase media, para entendernos, est\u00e1n desapareciendo sustituidos por comercios precarios o de grandes cadenas. El resultado es que ahora tenemos barrios m\u00e1s empobrecidos en el sentido de menos diversidad.\u00a0<\/p>\n<p>&nbsp;<\/p>\n<p><em>-\u00bfLa regi\u00f3n metropolitana es demasiado grande para Catalu\u00f1a?<\/em><\/p>\n<p>-Catalu\u00f1a siempre ha tenido una relaci\u00f3n compleja con Barcelona. Se ha utilizado pol\u00edticamente el encaje de la Gran Barcelona con Catalu\u00f1a. Por un lado, por intereses electorales, ya que durante m\u00e1s de veinte a\u00f1os hubo un partido en el gobierno de la Generalitat que basaba en parte su \u00e9xito electoral en la denuncia soterrada del influjo barcelon\u00e9s sobre el conjunto y, por otro, tambi\u00e9n ha habido lo que yo digo el discurso de \u00abTerra Baixa\u00bb que contrapone una tierra alta id\u00edlica,\u00a0 pura, en el sentido identitario con una tierra baja, que es una especie de Babilonia donde se mezcla todo. Este discurso vendr\u00eda a decir que la \u00abtierra alta\u00bb es la Catalu\u00f1a de verdad y la \u00abtierra baja\u00bb un lugar donde se pone en riesgo su supervivencia.<\/p>\n<p>&nbsp;<\/p>\n<p><em>-\u00bfSeremos capaces de construir consensos para los problemas de todo tipo que hay en este \u00e1mbito metropolitano? <\/em><em>\u00a0<\/em><\/p>\n<p>-Como ya he dicho, hay una tendencia general en todo el mundo al desmenuzado de intereses y cuesta mucho m\u00e1s llegar al consenso para abordar los intereses generales, la pol\u00edtica consensual. Cada es m\u00e1s dif\u00edcil hacer entender, no solamente a nivel pol\u00edtico, tambi\u00e9n a nivel social que no podemos imponer nuestros intereses, sino que debemos negociar con los dem\u00e1s. En este sentido en un territorio tan plural y diverso econ\u00f3micamente, socialmente, ling\u00fc\u00edsticamente y tambi\u00e9n administrativamente como es la regi\u00f3n metropolitana se hace dif\u00edcil construir espacios de consensos, de encuentro, de negociaci\u00f3n y de acuerdo sobre los diferentes intereses. Obviamente ser\u00eda necesario encontrar un proyecto que abraz\u00e9s todo el <em>hinterland<\/em> barcelon\u00e9s, pero me temo que va contra la tendencia actual. Esto puede durar hasta que la inercia no sea la fragmentaci\u00f3n sino el encuentro.<\/p>\n<p>&nbsp;<\/p>\n<p><em>-\u00bfPueden ayudar las elecciones municipales a salir del laberinto?<\/em><\/p>\n<p>-Sinceramente espero que las diferentes candidaturas presenten proyectos, no urban\u00edsticos o de desarrollo de tal o cual infraestructura, sino sobre c\u00f3mo debe ser Barcelona. Me refiero a la ciudad y la ciudad grande est\u00e1 claro, porque cuando Barcelona quiere ser algo este querer ser acaba irradiando en todo su espacio. Deseo que las diferentes opciones presenten a los ciudadanos y ciudadanas de Barcelona una idea, un proyecto de ciudad.<\/p>\n<p>[\/et_pb_text][et_pb_text disabled_on=\u00bboff|off|on\u00bb admin_label=\u00bbText entrada tablet i m\u00f2bil\u00bb _builder_version=\u00bb4.9.0&#8243; _module_preset=\u00bbdefault\u00bb text_font=\u00bbAverta Light||||||||\u00bb header_font=\u00bbAverta regular||||||||\u00bb header_font_size=\u00bb36px\u00bb header_4_font=\u00bbAverta regular||||||||\u00bb header_4_line_height=\u00bb1.2em\u00bb header_font_size_tablet=\u00bb30px\u00bb header_font_size_phone=\u00bb24px\u00bb header_font_size_last_edited=\u00bbon|phone\u00bb]<\/p>\n<p><strong>Por Rafael Pradas<\/strong><\/p>\n<p>&nbsp;<\/p>\n<p>Oriol Bartomeus (Barcelona, 1971) es investigador en el Instituto de Ciencias Pol\u00edticas y Sociales (ICPS) y profesor asociado en el departamento de Ciencia Pol\u00edtica y Derecho P\u00fablico de la UAB. Su campo de estudio principal es el comportamiento electoral en Catalu\u00f1a y espec\u00edficamente los efectos del relevo generacional, temas a los que dedic\u00f3 su tesis doctoral, publicada con el t\u00edtulo <em>El terremoto silencioso<\/em> y tambi\u00e9n ha estudiado los fen\u00f3menos relacionados con la polarizaci\u00f3n.<\/p>\n<p><img loading=\"lazy\" class=\"wp-image-13930 size-full aligncenter\" src=\"https:\/\/rethinkbcn.cat\/wp-content\/uploads\/2023\/05\/ORIOL-BARTOMEUS-5.jpg\" alt=\"\" width=\"646\" height=\"971\" srcset=\"https:\/\/rethinkbcn.cat\/wp-content\/uploads\/2023\/05\/ORIOL-BARTOMEUS-5.jpg 646w, https:\/\/rethinkbcn.cat\/wp-content\/uploads\/2023\/05\/ORIOL-BARTOMEUS-5-480x721.jpg 480w\" sizes=\"(min-width: 0px) and (max-width: 480px) 480px, (min-width: 481px) 646px, 100vw\" \/><\/p>\n<p><em>-\u00bfEn qu\u00e9 momento colectivo nos encontramos?<\/em><\/p>\n<p>-Estamos en un momento en que parece que no se puede aceptar la normalidad. No podemos aceptar que la realidad imponga que no hay cosa que el \u00abir tirando\u00bb. Ahora mismo no hay nada en la perspectiva de los pr\u00f3ximos cuatro a\u00f1os que nos haga pensar, a pesar de un hecho tan grave como la guerra de Ucrania, que vamos hacia una crisis total, hacia el apocalipsis. Los gobiernos deber\u00edan afrontar una situaci\u00f3n de recuperaci\u00f3n del escenario, poner los cimientos e ir tirando, pero esta perspectiva no es nada positiva y por eso hay que encontrar tensiones, momentos de ruptura. La pol\u00edtica se ha convertido en un asunto que no acepta la gesti\u00f3n tranquila y normal de las cosas. Necesitamos estar en constante tensi\u00f3n<\/p>\n<p>&nbsp;<\/p>\n<p><em>-\u00bfDe d\u00f3nde nace esta tensi\u00f3n? Durante mucho tiempo Espa\u00f1a y Catalu\u00f1a viv\u00edan en una cierta tranquilidad e incluso dec\u00edamos que los 11 de septiembre eran aburridos&#8230;<\/em><em>\u00a0<\/em><\/p>\n<p>-La pol\u00edtica era aburrida y el Parlamento era aburrido y todo era \u00abir haciendo\u00bb. Creo que la tensi\u00f3n nace como consecuencia del cambio del escenario pol\u00edtico, de la ruptura de las grandes mayor\u00edas, la aparici\u00f3n de nuevos actores pol\u00edticos y del surgimiento tambi\u00e9n de la incertidumbre como nuevo elemento a tener en cuenta. La pol\u00edtica es insegura, no se sabe qu\u00e8 pasar\u00e1 a las pr\u00f3ximas elecciones, las encuestas dicen que todo se mueve, todo es incierto y en esta imprevisibilidad el mundo pol\u00edtico se encuentra permanentemente tensionado. Pero, adem\u00e1s, hay otro factor: la pol\u00edtica debe disputar su espacio con otros \u00e1mbitos. Antes ten\u00eda reservado el espacio del gobierno, de las instituciones, que estaba un poco a rebasado de todo lo dem\u00e1s, y por lo tanto se garantizaba una cuota de atenci\u00f3n por parte de los ciudadanos; no ten\u00eda que llamar para hacerse o\u00edr. El problema surge cuando la pol\u00edtica se desacraliza y debe competir en plan de igualdad con todos los dem\u00e1s \u00e1mbitos, debe volverse llamativa para captar la atenci\u00f3n. \u00bfC\u00f3mo hacer o\u00edr la voz en una sociedad donde se han multiplicado los canales y se ha trastocado completamente la antigua jerarqu\u00eda de la informaci\u00f3n? Podemos decir que antes hab\u00eda unos medios que eran \u00ablos\u00bb medios por antonomasia que vehiculaban la informaci\u00f3n de la pol\u00edtica. Ahora, el flujo continuo de informaci\u00f3n en todas direcciones contribuye a que la pol\u00edtica deba estar constantemente llamando la atenci\u00f3n, pero ya no mediante sus formas hist\u00f3ricas, sin\u00f3 adoptando las formas de la nueva comunicaci\u00f3n.<\/p>\n<p>&nbsp;<\/p>\n<p><em>-Y en este entorno tan convulso, \u00bf c\u00f3mo se hace la pol\u00edtica de las cosas cotidianas? <\/em><\/p>\n<p>-La pol\u00edtica de las cosas se sigue haciendo. Hay dos planos de la pol\u00edtica cada vez m\u00e1s claros: el de la pol\u00edtica y el de \u00ablas pol\u00edticas\u00bb. La pol\u00edtica es el grito estridente, polarizador, la pol\u00edtica electoral, pero, por otro lado, est\u00e1n los gobiernos que hacen cosas. El problema es que los dos planos se alejan cada vez m\u00e1s el uno del otro y \u00ablas pol\u00edticas\u00bb quedan no en manos de la pol\u00edtica, sin\u00f3 de \u00a0los aparatos administrativos de los estados, los gobiernos auton\u00f3micos, los ayuntamientos, de tal manera que las pol\u00edticas no responden a una visi\u00f3n pol\u00edtica, sin\u00f3 sobre todo a la l\u00f3gica de los altos funcionarios que son los que,\u00a0 al final, acaban impulsando las actuaciones, las cosas.<\/p>\n<p>&nbsp;<\/p>\n<p><em>-Bajando un escal\u00f3n debemos interrogarnos sobre la pol\u00edtica de las cosas en el \u00e1rea, en la regi\u00f3n metropolitana de Barcelona&#8230;<\/em><\/p>\n<p>-Est\u00e1 claro que existe una m\u00e1s que evidente realidad econ\u00f3mica y social metropolitana, regional, de Barcelona. La gente va y viene cada d\u00eda, trabaja en un lugar y duerme en otro y va al cine a otro y sopa en otro, hay un flujo constante en toda esta regi\u00f3n que supera los l\u00edmites del \u00e1rea metropolitana. Sin embargo, su realidad econ\u00f3mica y social no se ha trasladado al \u00e1mbito de la pol\u00edtica institucional, no tenemos una instituci\u00f3n que re\u00fana la Barcelona real. Incluso el \u00e1rea metropolitana, el AMB, queda corta geogr\u00e1ficamente y en cuantot a su nivel de poder. El AMB gestiona los residuos, el transporte y la planificaci\u00f3n territorial, pero se queda corta en sus competencias. \u00a0Si nos fijamos en el transporte, como cuesti\u00f3n muy importante, vemos que existe la Autoridad del Transporte Metropolita (ATM), una agencia que funciona bien, pero que no tiene poder sobre el conjunto de la movilidad, no puede controlar las carreteras, por poner un ejemplo, porque son de la Generalitat. En definitiva, no hay ninguna instituci\u00f3n que vertebre este gran espacio que es Barcelona, que permita formular una idea pol\u00edtica de su articulaci\u00f3n. Pero, a m\u00e9s de todo esto, creo que hay una cuesti\u00f3n que es b\u00e1sica: existe un problema con el n\u00facleo central de este gran \u00e1mbito porque Barcelona no sabe qu\u00e9 quiere ser y si Barcelona no sabe qu\u00e9 quiere ser toda su zona de influencia, este <em>hinterland<\/em>, queda desprotegido.<\/p>\n<p>&nbsp;<\/p>\n<p><em>-\u00bfQu\u00e9 quiere decir exactamente que Barcelona no sabe qu\u00e9 quiere ser?<\/em><\/p>\n<p>-Barcelona no tiene un proyecto de ciudad, un proyecto que irradie tambi\u00e9n sobre el conjunto. \u00bfQu\u00e9 quiere ser esta ciudad? \u00bfQu\u00e9 debe ser? Llevamos ya muchos y muchos a\u00f1os debatiendo sobre todo esto y quiz\u00e1s forma parte del problema de la pol\u00edtica que no hace pol\u00edtica, que no sabe qu\u00e9 quiere ser. El contraste es atroz con la otra gran ciudad que es Madrid.<\/p>\n<p>&nbsp;<\/p>\n<p><em>-\u00bfMadrid s\u00ed que tiene proyecto?<\/em><\/p>\n<p>-Madrid tiene una instituci\u00f3n que articula toda la regi\u00f3n de influencia que es \u00a0una comunidad aut\u00f3noma y, \u00a0por tanto, dispone de un gobierno que m\u00e1s all\u00e1 de los pueblos de la Sierra, es el gobierno del Gran Madrid, con una influencia que sobrepasa la regi\u00f3n y si no que se lo pregunten en las dos Castillas, convertidas en ciudades dormitorio y en servidoras de la capital. Madrid tiene un gobierno con presupuesto y con capacidad de gesti\u00f3n y de desarrollar pol\u00edticas que afecta a todo el espacio regional y, sobre todo, tiene una idea clara de qu\u00e9 quiere hacer. Desde el a\u00f1o 2000 Madrid est\u00e0 desarrollando un plan y m\u00e1s o menos por la misma \u00e9poca, a partir del Foro de las Culturas de 2004, a Barcelona se le agotan las ideas, se le acaba el temple ol\u00edmpico, y despu\u00e9s de eso no ha habido proyecto de ciudad.<\/p>\n<p>&nbsp;<\/p>\n<p><em>-Sabe que quiere ser una ciudad tecnol\u00f3gica, innovadora, que ya es mucho&#8230;<\/em><\/p>\n<p>-S\u00ed, pero m\u00e1s all\u00e1 de desarrollar todo el sector 22@, que ha sido un gran \u00e9xito, no hay mucho m\u00e1s. No s\u00e9 si Barcelona sabe qu\u00e9 quiere ser respecto al mundo ni respecto a Espa\u00f1a. Respecto de Espa\u00f1a a partir de 2012 pr\u00e1cticamente ha desaparecido, y este espacio lo ha ocupado Madrid.<\/p>\n<p>&nbsp;<\/p>\n<p><em>-\u00bfPesa excesivamente el recuerdo permanente de los Juegos Ol\u00edmpicos?<\/em><\/p>\n<p>-No lo s\u00e9. Creo que los Juegos no fueron el proyecto, fueron la culminaci\u00f3n del proyecto, lo cual es muy diferente. Los Juegos sirvieron como excusa para desarrollar una idea que exist\u00eda previamente. En 1979, cuando se recupera el ayuntamiento democr\u00e1tico, la generaci\u00f3n que entra en el consistorio tiene una idea de c\u00f3mo transformar Barcelona, qu\u00e9 hacer de la ciudad. El proyecto tiene un momento de culminaci\u00f3n que son los Juegos y luego llega una etapa de una cierta estabilizaci\u00f3n, pero ese proyecto no ha sido sustituido por otro nuevo.<\/p>\n<p>&nbsp;<\/p>\n<p><em>-\u00bfLas ciudades deben tener siempre un proyecto? \u00bfO pueden administrar su vida con una cierta normalidad?<\/em><\/p>\n<p>-Creo que las ciudades deben tener un proyecto y es posible que sea siempre el mismo. Barcelona es Barcelona, y ya est\u00e1. Pero la pregunta es: \u00bfpara seguir estando en Barcelona basta con ir haciendo?<\/p>\n<p>&nbsp;<\/p>\n<p><em>-\u00bfExiste una comunidad Barcelona, un cierto pensamiento colectivo sobre la ciudad?<\/em><em>\u00a0<\/em><\/p>\n<p>-Cada vez se expresa m\u00e1s en t\u00e9rminos nost\u00e1lgicos. Existe un nacionalismo barcelon\u00e9s. En los barceloneses y en los que no est\u00e1n hay una idea de lo que deber\u00eda ser la ciudad. Siempre se ha imaginado de qu\u00e9 manera deber\u00eda ser Barcelona y, en un momento dado, ese pensamiento sobre lo que ten\u00eda que ser la ciudad y lo que era coincidi\u00f3, es decir la ciudad lleg\u00f3 a ser lo que la gente pensaba que ten\u00eda que ser. Lo ideal y la realidad confluyeron, pero la sensaci\u00f3n que tengo es que ahora ya no es as\u00ed. Podemos decir que la Barcelona real ya no es como la gente cree que debe ser.<\/p>\n<p>&nbsp;<\/p>\n<p><em>-\u00bfC\u00f3mo podr\u00edamos caracterizar hoy la \u00absociedad metropolitana\u00bb si es que se puede hablar en estos t\u00e9rminos?<\/em><\/p>\n<p>-Como cualquier sociedad del mundo. Una sociedad urbana sacudida por esta caracter\u00edstica de nuestro tiempo que es la incertidumbre total, sobre la propia vida, una cierta sensaci\u00f3n de envoltorio, y en algunos casos una cierta nostalgia por unos tiempos que eran m\u00e1s comprensibles. Existe la idea de que alguien en alg\u00fan momento deber\u00eda detener la tormenta desatada a partir de 2008 y que las viejas ideas, las viejas afirmaciones, ya no sirven. No sabemos d\u00f3nde estamos, todo es muy incierto, el futuro da miedo. Esto se expresa desde todas las posiciones ideol\u00f3gicas y tambi\u00e9n desde el nacionalismo. Hay una cierta voluntad de retornar a todo aquello que es s\u00f3lido, y a veces se expresa mediante la idea de la naci\u00f3n, del grupo, del cierre en el colectivo.<\/p>\n<p>&nbsp;<\/p>\n<p><em>-El territorio metropolitano de Barcelona es muy complejo con grandes diferencias econ\u00f3micas y sociales y problemas evidentes como la vivienda o la precariedad. \u00bfEs una sociedad polarizada? \u00bfD\u00f3nde se produce la polarizaci\u00f3n?<\/em><\/p>\n<p>-En general en el periodo al que ya me he referido hemos vivido en todos los \u00e1mbitos el derrumbe de las posiciones que se encuentran en medio. Cada vez hay m\u00e1s cierre en las ideas propias y rechazo de las que no lo son, pero la polarizaci\u00f3n tambi\u00e9n es visible a nivel social. La clase media se ha rasgado y la precarizaci\u00f3n hace que el medio quede m\u00e9s desguarnit, que cada vez haya m\u00e1s personas en un extremo o en otro. En los barrios medios cada vez hay menos mezcla y el espacio p\u00fablico se encuentra m\u00e1s segmentado, m\u00e9s troceado, cuesta que haya lugares de encuentro de gente diferente. Durante la pandemia nos encerramos en casa, pero la reclusi\u00f3n ya ven\u00eda de antes, hay como una especie de retirada hacia el domicilio y el abandono del espacio p\u00fablico, que es el lugar de mezcla. En los barrios se puede ver como los comercios de la clase media, para entendernos, est\u00e1n desapareciendo sustituidos por comercios precarios o de grandes cadenas. El resultado es que ahora tenemos barrios m\u00e1s empobrecidos en el sentido de menos diversidad.\u00a0<\/p>\n<p>&nbsp;<\/p>\n<p><em>-\u00bfLa regi\u00f3n metropolitana es demasiado grande para Catalu\u00f1a?<\/em><\/p>\n<p>-Catalu\u00f1a siempre ha tenido una relaci\u00f3n compleja con Barcelona. Se ha utilizado pol\u00edticamente el encaje de la Gran Barcelona con Catalu\u00f1a. Por un lado, por intereses electorales, ya que durante m\u00e1s de veinte a\u00f1os hubo un partido en el gobierno de la Generalitat que basaba en parte su \u00e9xito electoral en la denuncia soterrada del influjo barcelon\u00e9s sobre el conjunto y, por otro, tambi\u00e9n ha habido lo que yo digo el discurso de \u00abTerra Baixa\u00bb que contrapone una tierra alta id\u00edlica,\u00a0 pura, en el sentido identitario con una tierra baja, que es una especie de Babilonia donde se mezcla todo. Este discurso vendr\u00eda a decir que la \u00abtierra alta\u00bb es la Catalu\u00f1a de verdad y la \u00abtierra baja\u00bb un lugar donde se pone en riesgo su supervivencia.<\/p>\n<p>&nbsp;<\/p>\n<p><em>-\u00bfSeremos capaces de construir consensos para los problemas de todo tipo que hay en este \u00e1mbito metropolitano? <\/em><em>\u00a0<\/em><\/p>\n<p>-Como ya he dicho, hay una tendencia general en todo el mundo al desmenuzado de intereses y cuesta mucho m\u00e1s llegar al consenso para abordar los intereses generales, la pol\u00edtica consensual. Cada es m\u00e1s dif\u00edcil hacer entender, no solamente a nivel pol\u00edtico, tambi\u00e9n a nivel social que no podemos imponer nuestros intereses, sino que debemos negociar con los dem\u00e1s. En este sentido en un territorio tan plural y diverso econ\u00f3micamente, socialmente, ling\u00fc\u00edsticamente y tambi\u00e9n administrativamente como es la regi\u00f3n metropolitana se hace dif\u00edcil construir espacios de consensos, de encuentro, de negociaci\u00f3n y de acuerdo sobre los diferentes intereses. Obviamente ser\u00eda necesario encontrar un proyecto que abraz\u00e9s todo el <em>hinterland<\/em> barcelon\u00e9s, pero me temo que va contra la tendencia actual. Esto puede durar hasta que la inercia no sea la fragmentaci\u00f3n sino el encuentro.<\/p>\n<p>&nbsp;<\/p>\n<p><em>-\u00bfPueden ayudar las elecciones municipales a salir del laberinto?<\/em><\/p>\n<p>-Sinceramente espero que las diferentes candidaturas presenten proyectos, no urban\u00edsticos o de desarrollo de tal o cual infraestructura, sino sobre c\u00f3mo debe ser Barcelona. Me refiero a la ciudad y la ciudad grande est\u00e1 claro, porque cuando Barcelona quiere ser algo este querer ser acaba irradiando en todo su espacio. Deseo que las diferentes opciones presenten a los ciudadanos y ciudadanas de Barcelona una idea, un proyecto de ciudad.<\/p>\n<p>[\/et_pb_text][et_pb_text admin_label=\u00bbShare \u00bb _builder_version=\u00bb4.8.2&#8243; _module_preset=\u00bbdefault\u00bb width=\u00bb26%\u00bb module_alignment=\u00bbleft\u00bb module_alignment_tablet=\u00bbleft\u00bb module_alignment_phone=\u00bbleft\u00bb module_alignment_last_edited=\u00bbon|phone\u00bb border_width_all=\u00bb0px\u00bb]<\/p>\n<table style=\"border-collapse: collapse; width: 0%; height: 22px; border-color: #000000; border: 2px solid;\">\n<tbody>\n<tr style=\"height: 22px;\">\n<td style=\"width: 11.5332%; height: 22px;\">share:<\/td>\n<td style=\"width: 88.4667%; text-align: justify; vertical-align: middle; height: 22px;\"><div class=\"sfsi_widget sfsi_shortcode_container\"><div class=\"norm_row sfsi_wDiv \"  style=\"width:200px;text-align:left;\"><div style='width:30px; height:30px;margin-left:10px;margin-bottom:5px; ' class='sfsi_wicons shuffeldiv ' ><div class='inerCnt'><a class=' sficn' data-effect='' target='_blank'  href='' id='sfsiid_twitter_icon' style='width:30px;height:30px;opacity:1;'  ><img data-pin-nopin='true' alt='Twitter' title='Twitter' src='https:\/\/rethinkbcn.cat\/wp-content\/plugins\/ultimate-social-media-icons\/images\/icons_theme\/transparent\/transparent_twitter.png' width='30' height='30' style='' class='sfcm sfsi_wicon ' data-effect=''   \/><\/a><div class=\"sfsi_tool_tip_2 twt_tool_bdr sfsiTlleft\" style=\"opacity:0;z-index:-1;\" id=\"sfsiid_twitter\"><span class=\"bot_arow bot_twt_arow\"><\/span><div class=\"sfsi_inside\"><div  class='icon2'><div class='sf_twiter' style='display: inline-block;vertical-align: middle;width: auto;'>\r\n\t\t\t\t\t\t<a target='_blank' href='https:\/\/twitter.com\/intent\/tweet?text=Hey%2C+check+out+this+cool+site+I+found%3A+www.rethinkbcn.cat+%23Topic+via%40my_twitter_name+https:\/\/rethinkbcn.cat\/es\/wp-json\/wp\/v2\/posts\/13927\/' style='display:inline-block' >\r\n\t\t\t\t\t\t\t<img data-pin-nopin= true class='sfsi_wicon' src='https:\/\/rethinkbcn.cat\/wp-content\/plugins\/ultimate-social-media-icons\/images\/share_icons\/Twitter_Tweet\/en_US_Tweet.svg' alt='Tweet' title='Tweet' >\r\n\t\t\t\t\t\t<\/a>\r\n\t\t\t\t\t<\/div><\/div><\/div><\/div><\/div><\/div><div style='width:30px; height:30px;margin-left:10px;margin-bottom:5px; ' class='sfsi_wicons shuffeldiv ' ><div class='inerCnt'><a class=' sficn' data-effect='' target='_blank'  href='' id='sfsiid_linkedin_icon' style='width:30px;height:30px;opacity:1;'  ><img data-pin-nopin='true' alt='' title='' src='https:\/\/rethinkbcn.cat\/wp-content\/plugins\/ultimate-social-media-icons\/images\/icons_theme\/transparent\/transparent_linkedin.png' width='30' height='30' style='' class='sfcm sfsi_wicon ' data-effect=''   \/><\/a><div class=\"sfsi_tool_tip_2 linkedin_tool_bdr sfsiTlleft\" style=\"opacity:0;z-index:-1;\" id=\"sfsiid_linkedin\"><span class=\"bot_arow bot_linkedin_arow\"><\/span><div class=\"sfsi_inside\"><div  class='icon2'><a target='_blank' href=\"https:\/\/www.linkedin.com\/shareArticle?url=https%3A%2F%2Frethinkbcn.cat%2Fes%2Fwp-json%2Fwp%2Fv2%2Fposts%2F13927%2F\"><img class=\"sfsi_wicon\" data-pin-nopin= true alt=\"Share\" title=\"Share\" src=\"https:\/\/rethinkbcn.cat\/wp-content\/plugins\/ultimate-social-media-icons\/images\/share_icons\/Linkedin_Share\/en_US_share.svg\" \/><\/a><\/div><\/div><\/div><\/div><\/div><div style='width:30px; height:30px;margin-left:10px;margin-bottom:5px; ' class='sfsi_wicons shuffeldiv ' ><div class='inerCnt'><a class=' sficn' data-effect='' target='_blank'  href='https:\/\/api.whatsapp.com\/send?text=https:\/\/rethinkbcn.cat\/es\/oriol-bartomeus-barcelona-no-tiene-proyecto-de-ciudad\/' id='sfsiid_whatsapp_icon' style='width:30px;height:30px;opacity:1;'  ><img data-pin-nopin='true' alt='' title='' src='https:\/\/rethinkbcn.cat\/wp-content\/plugins\/ultimate-social-media-icons\/images\/icons_theme\/transparent\/transparent_whatsapp.png' width='30' height='30' style='' class='sfcm sfsi_wicon ' data-effect=''   \/><\/a><\/div><\/div><div style='width:30px; height:30px;margin-left:10px;margin-bottom:5px; ' class='sfsi_wicons shuffeldiv ' ><div class='inerCnt'><a class=' sficn' data-effect='' target='_blank'  href='https:\/\/api.follow.it\/widgets\/icon\/VUlqbFQ4d1I5d05jbFdNRWdXaThSK0Vza3RBcDZrT3Y4akNldzhxUVBmUFNjQ3dlUnpnQVphRFVNcm40SXZGaFczK01jOFF0SExaMGNIWi9BZy96S2MydkgzaDNWWFBjYU9MbjY5M3lUcjVLYU5TN3NOaEs3VmJ4bytROHI4b1d8eEV6SFU5OTFjQ1B0YkRJNkEzUlJEbEhIWVRkZGM0b0FRTEQyRDlyb2o2UT0=\/OA==\/' id='sfsiid_email_icon' style='width:30px;height:30px;opacity:1;'  ><img data-pin-nopin='true' alt='Follow by Email' title='Follow by Email' src='https:\/\/rethinkbcn.cat\/wp-content\/plugins\/ultimate-social-media-icons\/images\/icons_theme\/transparent\/transparent_email.png' width='30' height='30' style='' class='sfcm sfsi_wicon ' data-effect=''   \/><\/a><\/div><\/div><\/div ><div id=\"sfsi_holder\" class=\"sfsi_holders\" style=\"position: relative; float: left;width:100%;z-index:-1;\"><\/div ><script>window.addEventListener(\"sfsi_functions_loaded\", function() \r\n\t\t\t{\r\n\t\t\t\tif (typeof sfsi_widget_set == \"function\") {\r\n\t\t\t\t\tsfsi_widget_set();\r\n\t\t\t\t}\r\n\t\t\t}); <\/script><div style=\"clear: both;\"><\/div><\/div><\/td>\n<\/tr>\n<\/tbody>\n<\/table>\n<p>[\/et_pb_text][\/et_pb_column][\/et_pb_row][\/et_pb_section][et_pb_section fb_built=\u00bb1&#8243; fullwidth=\u00bbon\u00bb _builder_version=\u00bb4.8.2&#8243; _module_preset=\u00bbdefault\u00bb da_disable_devices=\u00bboff|off|off\u00bb border_width_bottom=\u00bb2px\u00bb da_is_popup=\u00bboff\u00bb da_exit_intent=\u00bboff\u00bb da_has_close=\u00bbon\u00bb da_alt_close=\u00bboff\u00bb da_dark_close=\u00bboff\u00bb da_not_modal=\u00bbon\u00bb da_is_singular=\u00bboff\u00bb da_with_loader=\u00bboff\u00bb da_has_shadow=\u00bbon\u00bb][et_pb_fullwidth_code admin_label=\u00bbRatlla horitzontal\u00bb _builder_version=\u00bb4.8.2&#8243; _module_preset=\u00bbdefault\u00bb][\/et_pb_fullwidth_code][\/et_pb_section][et_pb_section fb_built=\u00bb1&#8243; _builder_version=\u00bb4.8.2&#8243; _module_preset=\u00bbdefault\u00bb custom_margin=\u00bb||-30px||false|false\u00bb custom_margin_tablet=\u00bb||-90px||false|false\u00bb custom_margin_phone=\u00bb||-80px||false|false\u00bb custom_margin_last_edited=\u00bbon|phone\u00bb da_disable_devices=\u00bboff|off|off\u00bb da_is_popup=\u00bboff\u00bb da_exit_intent=\u00bboff\u00bb da_has_close=\u00bbon\u00bb da_alt_close=\u00bboff\u00bb da_dark_close=\u00bboff\u00bb da_not_modal=\u00bbon\u00bb da_is_singular=\u00bboff\u00bb da_with_loader=\u00bboff\u00bb da_has_shadow=\u00bbon\u00bb][et_pb_row _builder_version=\u00bb4.8.2&#8243; _module_preset=\u00bbdefault\u00bb][et_pb_column type=\u00bb4_4&#8243; _builder_version=\u00bb4.8.2&#8243; _module_preset=\u00bbdefault\u00bb][et_pb_text admin_label=\u00bbAltres articles\u00bb _builder_version=\u00bb4.9.0&#8243; _module_preset=\u00bbdefault\u00bb]<\/p>\n<h3>ALTRES ARTICLES<\/h3>\n<p><div class='yarpp yarpp-related yarpp-related-shortcode yarpp-template-thumbnails'>\n<!-- YARPP Thumbnails -->\n<h3><\/h3>\n<div class=\"yarpp-thumbnails-horizontal\">\n<a class='yarpp-thumbnail' rel='norewrite' href='https:\/\/rethinkbcn.cat\/es\/david-ferrer-no-tendremos-una-sociedad-digital-si-no-disponemos-de-unas-buenas-infraestructuras-2\/' title='DAVID FERRER: \u00abNO TENDREMOS UNA SOCIEDAD DIGITAL SI NO DISPONEMOS DE UNAS BUENAS INFRAESTRUCTURAS.\u00bb'>\n<img width=\"117\" height=\"120\" src=\"https:\/\/rethinkbcn.cat\/wp-content\/uploads\/2021\/01\/barcelona-metropolism.jpg\" class=\"attachment-yarpp-thumbnail size-yarpp-thumbnail wp-post-image\" alt=\"\" loading=\"lazy\" data-pin-nopin=\"true\" \/><span class=\"yarpp-thumbnail-title\">DAVID FERRER: \u00abNO TENDREMOS UNA SOCIEDAD DIGITAL SI NO DISPONEMOS DE UNAS BUENAS INFRAESTRUCTURAS.\u00bb<\/span><\/a>\n<a class='yarpp-thumbnail' rel='norewrite' href='https:\/\/rethinkbcn.cat\/es\/cuatro-miradas-sobre-la-metropolis\/' title='CUATRO MIRADAS SOBRE LA METR\u00d3POLIS'>\n<img width=\"117\" height=\"120\" src=\"https:\/\/rethinkbcn.cat\/wp-content\/uploads\/2021\/01\/barcelona-metropolism.jpg\" class=\"attachment-yarpp-thumbnail size-yarpp-thumbnail wp-post-image\" alt=\"\" loading=\"lazy\" data-pin-nopin=\"true\" \/><span class=\"yarpp-thumbnail-title\">CUATRO MIRADAS SOBRE LA METR\u00d3POLIS<\/span><\/a>\n<a class='yarpp-thumbnail' rel='norewrite' href='https:\/\/rethinkbcn.cat\/es\/tendencias-aeroportuarias-la-question-de-la-ampliacion-del-prat\/' title='JOSEP ACEBILLO: TENDENCIAS AEROPORTUARIAS'>\n<img width=\"117\" height=\"120\" src=\"https:\/\/rethinkbcn.cat\/wp-content\/uploads\/2021\/01\/barcelona-metropolism.jpg\" class=\"attachment-yarpp-thumbnail size-yarpp-thumbnail wp-post-image\" alt=\"\" loading=\"lazy\" data-pin-nopin=\"true\" \/><span class=\"yarpp-thumbnail-title\">JOSEP ACEBILLO: TENDENCIAS AEROPORTUARIAS<\/span><\/a>\n<a class='yarpp-thumbnail' rel='norewrite' href='https:\/\/rethinkbcn.cat\/es\/josep-acebillo-la-gran-incongruencia-que-supone-la-aplicacion-de-las-superislas-en-el-eixample-proviene-de-la-especificidad-de-su-conceptualitzacion\/' title='JOSEP ACEBILLO: \u00abLA GRAN INCONGRUENCIA QUE SUPONE LA APLICACI\u00d3N DE LAS SUPERISLAS PROVIENE DE LA ESPECIFICIDAD DE SU CONCEPTUALITZACI\u00d3N\u00bb'>\n<img width=\"117\" height=\"120\" src=\"https:\/\/rethinkbcn.cat\/wp-content\/uploads\/2021\/01\/progesm.jpg\" class=\"attachment-yarpp-thumbnail size-yarpp-thumbnail wp-post-image\" alt=\"\" loading=\"lazy\" data-pin-nopin=\"true\" \/><span class=\"yarpp-thumbnail-title\">JOSEP ACEBILLO: \u00abLA GRAN INCONGRUENCIA QUE SUPONE LA APLICACI\u00d3N DE LAS SUPERISLAS PROVIENE DE LA ESPECIFICIDAD DE SU CONCEPTUALITZACI\u00d3N\u00bb<\/span><\/a>\n<\/div>\n<\/div>\n[\/et_pb_text][\/et_pb_column][\/et_pb_row][\/et_pb_section][et_pb_section fb_built=\u00bb1&#8243; fullwidth=\u00bbon\u00bb _builder_version=\u00bb4.8.2&#8243; _module_preset=\u00bbdefault\u00bb da_disable_devices=\u00bboff|off|off\u00bb border_width_bottom=\u00bb2px\u00bb da_is_popup=\u00bboff\u00bb da_exit_intent=\u00bboff\u00bb da_has_close=\u00bbon\u00bb da_alt_close=\u00bboff\u00bb da_dark_close=\u00bboff\u00bb da_not_modal=\u00bbon\u00bb da_is_singular=\u00bboff\u00bb da_with_loader=\u00bboff\u00bb da_has_shadow=\u00bbon\u00bb][et_pb_fullwidth_code admin_label=\u00bbRatlla horitzontal\u00bb _builder_version=\u00bb4.8.2&#8243; _module_preset=\u00bbdefault\u00bb][\/et_pb_fullwidth_code][\/et_pb_section]<\/p>\n","protected":false},"excerpt":{"rendered":"<p>El investigador del ICPS cree que la falta de proyecto afecta al conjunto del territorio metropolitano de Barcelona, falto de una instituci\u00f3n que aborde la complejidad de problemas econ\u00f3micos y sociales y que dibuje su posici\u00f3n en Espa\u00f1a y el mundo, en contraste con Madrid, que tiene una idea clara de sus objetivos.<\/p>\n","protected":false},"author":6,"featured_media":4848,"comment_status":"open","ping_status":"open","sticky":false,"template":"","format":"standard","meta":{"_et_pb_use_builder":"on","_et_pb_old_content":"","_et_gb_content_width":""},"categories":[88],"tags":[116],"_links":{"self":[{"href":"https:\/\/rethinkbcn.cat\/es\/wp-json\/wp\/v2\/posts\/13927"}],"collection":[{"href":"https:\/\/rethinkbcn.cat\/es\/wp-json\/wp\/v2\/posts"}],"about":[{"href":"https:\/\/rethinkbcn.cat\/es\/wp-json\/wp\/v2\/types\/post"}],"author":[{"embeddable":true,"href":"https:\/\/rethinkbcn.cat\/es\/wp-json\/wp\/v2\/users\/6"}],"replies":[{"embeddable":true,"href":"https:\/\/rethinkbcn.cat\/es\/wp-json\/wp\/v2\/comments?post=13927"}],"version-history":[{"count":10,"href":"https:\/\/rethinkbcn.cat\/es\/wp-json\/wp\/v2\/posts\/13927\/revisions"}],"predecessor-version":[{"id":13951,"href":"https:\/\/rethinkbcn.cat\/es\/wp-json\/wp\/v2\/posts\/13927\/revisions\/13951"}],"wp:featuredmedia":[{"embeddable":true,"href":"https:\/\/rethinkbcn.cat\/es\/wp-json\/wp\/v2\/media\/4848"}],"wp:attachment":[{"href":"https:\/\/rethinkbcn.cat\/es\/wp-json\/wp\/v2\/media?parent=13927"}],"wp:term":[{"taxonomy":"category","embeddable":true,"href":"https:\/\/rethinkbcn.cat\/es\/wp-json\/wp\/v2\/categories?post=13927"},{"taxonomy":"post_tag","embeddable":true,"href":"https:\/\/rethinkbcn.cat\/es\/wp-json\/wp\/v2\/tags?post=13927"}],"curies":[{"name":"wp","href":"https:\/\/api.w.org\/{rel}","templated":true}]}}