{"id":13889,"date":"2023-05-14T09:00:53","date_gmt":"2023-05-14T07:00:53","guid":{"rendered":"https:\/\/rethinkbcn.cat\/?p=13889"},"modified":"2023-05-09T10:42:58","modified_gmt":"2023-05-09T08:42:58","slug":"inventario-de-proyectos-estrategicos-de-la-barcelona-metropolitana","status":"publish","type":"post","link":"https:\/\/rethinkbcn.cat\/es\/inventario-de-proyectos-estrategicos-de-la-barcelona-metropolitana\/","title":{"rendered":"INVENTARIO DE PROYECTOS ESTRAT\u00c9GICOS DE LA BARCELONA METROPOLITANA"},"content":{"rendered":"<p>[et_pb_section fb_built=\u00bb1&#8243; disabled_on=\u00bboff|off|off\u00bb _builder_version=\u00bb4.8.2&#8243; _module_preset=\u00bbdefault\u00bb custom_margin=\u00bb||||false|false\u00bb da_disable_devices=\u00bboff|off|off\u00bb da_is_popup=\u00bboff\u00bb da_exit_intent=\u00bboff\u00bb da_has_close=\u00bbon\u00bb da_alt_close=\u00bboff\u00bb da_dark_close=\u00bboff\u00bb da_not_modal=\u00bbon\u00bb da_is_singular=\u00bboff\u00bb da_with_loader=\u00bboff\u00bb da_has_shadow=\u00bbon\u00bb][et_pb_row _builder_version=\u00bb4.9.0&#8243; _module_preset=\u00bbdefault\u00bb][et_pb_column type=\u00bb4_4&#8243; _builder_version=\u00bb4.8.1&#8243; _module_preset=\u00bbdefault\u00bb][et_pb_text admin_label=\u00bbTitular entrada\u00bb _builder_version=\u00bb4.9.0&#8243; _module_preset=\u00bbdefault\u00bb text_font=\u00bbAverta Light||||||||\u00bb header_font_size=\u00bb36px\u00bb header_4_font=\u00bbAverta regular||||||||\u00bb header_4_font_size=\u00bb20px\u00bb header_4_line_height=\u00bb1.6em\u00bb header_5_line_height=\u00bb1.6em\u00bb header_6_font=\u00bbAverta regular||||||||\u00bb header_6_font_size=\u00bb16px\u00bb header_6_line_height=\u00bb1.2em\u00bb header_font_size_tablet=\u00bb30px\u00bb header_font_size_phone=\u00bb24px\u00bb header_font_size_last_edited=\u00bbon|phone\u00bb header_6_font_size_tablet=\u00bb\u00bb header_6_font_size_phone=\u00bb16px\u00bb header_6_font_size_last_edited=\u00bbon|phone\u00bb]<\/p>\n<h1 style=\"text-align: center;\">INVENTARIO DE PROYECTOS ESTRAT\u00c9GICOS DE LA BARCELONA METROPOLITANA<\/h1>\n<div style=\"text-align: center;\">\n<div dir=\"auto\">Josep Borr\u00e0s y Miquel Pybus analizan en este art\u00edculo seis grandes proyectos, unos ya realizados y otros en marcha, que pueden ser una oportunidad para reposicionar el \u00e1rea metropolitana a nivel internacional<\/div>\n<\/div>\n<p>[\/et_pb_text][et_pb_image title_text=\u00bbFOTO VICTOR FRANCOS 4&#8243; align=\u00bbcenter\u00bb admin_label=\u00bbImatge entrada\u00bb _builder_version=\u00bb4.9.0&#8243; _module_preset=\u00bbdefault\u00bb][\/et_pb_image][et_pb_text admin_label=\u00bbCodi \u00e0udio\u00bb _builder_version=\u00bb4.9.0&#8243; _module_preset=\u00bbdefault\u00bb]<\/p>\n\n\t\t<div\n\t\t\tid=\"playht-iframe-wrapper\"\n\t\t\tstyle=\"display:flex; max-height:90px; justify-content:center\">\n\t\t\t<iframe\n\t\t\t\tallowfullscreen=\"\"\n\t\t\t\tframeborder=\"0\"\n\t\t\t\tscrolling=\"no\"\n\t\t\t\tclass=\"playht-iframe-player\"\n\t\t\t\tdata-appId=\"xDv-ttCzRe\"\n\t\t\t\tarticle-url=\"https:\/\/rethinkbcn.cat\/es\/?p=13889\"\n\t\t\t\tdata-voice=\"es-ES-ElviraNeural\"\n\t\t\t\tsrc=\"https:\/\/play.ht\/embed\/?article_url=https:\/\/rethinkbcn.cat\/es\/?p=13889&voice=es-ES-ElviraNeural&config={&quot;width&quot;:&quot;100%&quot;,&quot;height&quot;:&quot;90px&quot;,&quot;alignment&quot;:&quot;center&quot;,&quot;title&quot;:&quot;Audio&quot;,&quot;message&quot;:&quot;Hello&quot;,&quot;download_text_button&quot;:&quot;Download&quot;}\"\n\t\t\t\twidth=\"100%\"\n\t\t\t\theight=\"90px\"\n\t\t\t\tstyle=\"max-height:90px\">\n\t\t\t<\/iframe>\n\t\t<\/div>\n<p>[\/et_pb_text][et_pb_text disabled_on=\u00bbon|on|off\u00bb admin_label=\u00bbText entrada escriptori\u00bb _builder_version=\u00bb4.9.0&#8243; _module_preset=\u00bbdefault\u00bb text_font=\u00bbAverta Light||||||||\u00bb header_font_size=\u00bb36px\u00bb header_4_font=\u00bbAverta regular||||||||\u00bb header_4_font_size=\u00bb20px\u00bb header_4_line_height=\u00bb1.6em\u00bb header_5_line_height=\u00bb1.6em\u00bb header_6_font=\u00bbAverta regular||||||||\u00bb header_6_font_size=\u00bb16px\u00bb header_6_line_height=\u00bb1.5em\u00bb header_font_size_tablet=\u00bb30px\u00bb header_font_size_phone=\u00bb24px\u00bb header_font_size_last_edited=\u00bbon|phone\u00bb header_6_font_size_tablet=\u00bb\u00bb header_6_font_size_phone=\u00bb14px\u00bb header_6_font_size_last_edited=\u00bbon|phone\u00bb]<\/p>\n<p><strong><em>Josep Borr\u00e0s, Ag\u00e8ncia de Desenvolupament Econ\u00f2mic de l\u2019AMB<\/em><\/strong><\/p>\n<p><strong><em>Miquel Pybus, Barcelona Regional<\/em><\/strong><\/p>\n<p>Despu\u00e9s de las primeras elecciones municipales en democracia, Pasqual Maragall escrib\u00eda: \u201cEl futuro de la ciudad con may\u00fasculas, se juega tanto m\u00e1s fuera de la ciudad central (que) dentro de sus estrechos l\u00edmites (\u2026) Barcelona ciudad es hoy casi una ficci\u00f3n\u201d (La Vanguardia, 19\/08\/1979). M\u00e1s de 40 a\u00f1os despu\u00e9s, esta frase premonitoria se hace, si cabe, m\u00e1s relevante en el actual contexto social, econ\u00f3mico y estrat\u00e9gico de la gran metr\u00f3polis. A d\u00eda de hoy, no se entiende la ciudad sin su \u00e1rea metropolitana, al igual que el desarrollo de nuevos proyectos de ciudad, que no tengan impacto, ni relevancia a nivel metropolitano.<\/p>\n<p>\u00bfA qu\u00e9 impacto nos referimos? Al impacto de las nuevas infraestructuras que modelan un nuevo sistema de movilidad urbana, a nivel ciudadano y empresarial; al impacto de proyectos estrat\u00e9gicos en el desarrollo de una nueva econom\u00eda metropolitana, m\u00e1s sostenible, competitiva y socialmente equitativa; al impacto de equipamientos en la construcci\u00f3n de un ecosistema m\u00e1s innovador y empresarialmente m\u00e1s competitivo; pero especialmente, al impacto de proyectos que influyen directamente, algunos mejor que otros, en las din\u00e1micas de la ciudadan\u00eda metropolitana.<\/p>\n<p>La Barcelona real, la ciudad de ciudades, la capital del sur del Mediterr\u00e1neo, se articula, en primera instancia a trav\u00e9s de un sistema de 36 municipios que forman el \u00c1rea Metropolitana de Barcelona, y que llega a los 636 km2, con 3,3 millones de habitantes y representa m\u00e1s del 52% del PIB catal\u00e1n. Pero esta metr\u00f3polis, en su conjunto, tiene un mayor alcance a nivel regional, que engloba 164 municipios y m\u00e1s de 5 millones de personas. En este territorio heterog\u00e9neo, considerado la s\u00e9ptima \u00e1rea urbana a nivel mundial, receptora de proyectos de inversi\u00f3n extranjera, se han desarrollado y se desarrollar\u00e1n en los pr\u00f3ximos a\u00f1os, proyectos de car\u00e1cter estrat\u00e9gico que pueden generar un gran impacto a nivel regional, en diferentes dimensiones: movilidad sostenible, innovaci\u00f3n, atracci\u00f3n de inversiones, nuevos modelos econ\u00f3micos, reformulaci\u00f3n de los Pol\u00edgonos de Actividad Econ\u00f3mica, cohesi\u00f3n social y mejora de la calidad de vida.<\/p>\n<p>El objetivo de este art\u00edculo es presentar un primer listado de proyectos estrat\u00e9gicos que hayan tenido, tengan o tendr\u00e1n impacto a nivel metropolitano. Una mirada enfocada a representar activos que son una oportunidad de crecimiento en diferentes \u00e1mbitos territoriales. Pero, sobre todo, es un listado de proyectos en permanente construcci\u00f3n, los cuales pueden servir para redefinir el papel de la metr\u00f3polis en la econom\u00eda global del futuro.<\/p>\n<p><strong> <img loading=\"lazy\" class=\"wp-image-13894 size-full aligncenter\" src=\"https:\/\/rethinkbcn.cat\/wp-content\/uploads\/2023\/05\/Screen-Shot-2023-05-09-at-09.51.43.png\" alt=\"\" width=\"1434\" height=\"1008\" srcset=\"https:\/\/rethinkbcn.cat\/wp-content\/uploads\/2023\/05\/Screen-Shot-2023-05-09-at-09.51.43.png 1434w, https:\/\/rethinkbcn.cat\/wp-content\/uploads\/2023\/05\/Screen-Shot-2023-05-09-at-09.51.43-1280x900.png 1280w, https:\/\/rethinkbcn.cat\/wp-content\/uploads\/2023\/05\/Screen-Shot-2023-05-09-at-09.51.43-980x689.png 980w, https:\/\/rethinkbcn.cat\/wp-content\/uploads\/2023\/05\/Screen-Shot-2023-05-09-at-09.51.43-480x337.png 480w\" sizes=\"(min-width: 0px) and (max-width: 480px) 480px, (min-width: 481px) and (max-width: 980px) 980px, (min-width: 981px) and (max-width: 1280px) 1280px, (min-width: 1281px) 1434px, 100vw\" \/><\/strong><\/p>\n<p><strong>Distrito 22@<\/strong><\/p>\n<p>La reciente modificaci\u00f3n del planeamiento urban\u00edstico del 22@ abre una nueva etapa en la consolidaci\u00f3n de uno de los principales motores econ\u00f3micos de la Barcelona Metropolitana. Gracias al 22@, Barcelona se ha posicionado como un polo de innovaci\u00f3n y de atracci\u00f3n de empresas de sectores estrat\u00e9gicos de la econom\u00eda del conocimiento e incluso en tiempos de crisis ha continuado creando ocupaci\u00f3n en sectores vinculados a la tecnolog\u00eda y a la transformaci\u00f3n digital, as\u00ed como las industrias creativas. Actualmente trabajan m\u00e1s de 90.000 personas en el barrio, existen 8.800 empresas, el 30% de las cuales se dedican a actividades tecnol\u00f3gicas o de investigaci\u00f3n intensiva. Con el nuevo impulso al distrito, se prev\u00e9 generar 60.000 nuevos puestos de trabajo y liberar m\u00e1s de 1 mill\u00f3n de m2 de suelo productivo en los pr\u00f3ximos a\u00f1os.<\/p>\n<p><strong>\u00a0<\/strong><\/p>\n<p><strong>La Sagrera<\/strong><\/p>\n<p>La Sagrera es uno de los proyectos de mayor envergadura realizados en Barcelona estas \u00faltimas d\u00e9cadas. Contempla la transformaci\u00f3n de un \u00e1mbito de m\u00e1s de 160 hect\u00e1reas y supone la cobertura de la fractura hist\u00f3rica ferroviaria que separa los barrios de los distritos de Sant Andreu y Sant Mart\u00ed. El Parque del Cam\u00ed Comptal estructurar\u00e1 todo el futuro \u00e1mbito configurando un parque lineal de 3,7 kil\u00f3metros y emplazando nuevas \u00e1reas residenciales y terciarias a ambos lados de su ribera\/sus m\u00e1rgenes. Una vez finalizada, la estaci\u00f3n de la Sagrera ser\u00e1 la principal estaci\u00f3n central de Barcelona albergando servicios ferroviarios de Alta Velocidad, trenes regionales, Rodalies y Metro (L4, L9, L10) y una estaci\u00f3n de autobuses urbanos e interurbanos. Este gran nodo intermodal convertir\u00e1 todo este \u00e1mbito en una nueva centralidad urbana, generando un nuevo tejido residencial y de actividad econ\u00f3mica, con una previsi\u00f3n de crear m\u00e1s de 30.000 nuevos puestos de trabajo y un nuevo parque de 10.300 viviendas de car\u00e1cter protegido.<\/p>\n<p>&nbsp;<\/p>\n<p><strong>Tres Xemeneies-Bes\u00f2s<\/strong><\/p>\n<p>La transformaci\u00f3n del \u00e1mbito de les Tres Xemeneies, localizado en el litoral de los municipios de Sant Adri\u00e0 de Bes\u00f2s y Badalona supone la transformaci\u00f3n de la gran \u00faltima pieza del litoral metropolitano de Barcelona. Las Tres Xemeneies se convertir\u00e1n en un nuevo barrio donde se proyectan un total de 1.700 viviendas y pr\u00e1cticamente 100.000 m2 de techo de actividad econ\u00f3mica. Su envidiable localizaci\u00f3n y accesibilidad, posicionan el \u00e1mbito de las Tres Xemeneies y sus entornos como una de las \u00e1reas de mayor potencial para atraer empresas y actividad econ\u00f3mica de toda la regi\u00f3n de Barcelona. Adem\u00e1s, la reci\u00e9n puesta en funcionamiento del Barcelona Cable Landing Station, el puerto digital neutro de cables submarinos m\u00e1s importante de Espa\u00f1a, a\u00f1ade un valor competitivo a todo este entorno. La transformaci\u00f3n de las Tres Xemeneies generar\u00e1 sinergias que deben impulsar la mejora de los pol\u00edgonos industriales de El Sot, en Sant Adri\u00e0 de Bes\u00f2s, y Badalona Sud, en Badalona, dando impulso a la estrategia de reindustrializaci\u00f3n del territorio metropolitano. Un \u00e1mbito de pr\u00e1cticamente 100 hect\u00e1reas de suelo productivo, que queda integrado en el planeamiento urban\u00edstico de las Tres Xemeneies, con el potencial de albergar nuevas actividades productivas, oficinas, zonas verdes y equipamientos.\u00a0 Sede del futuro Hub digital, del Audiovisual y el Videojuego de Catalunya, la voluntad es que el entorno de las Tres Xemeneies se convierta en un centro de referencia a escala mundial en producci\u00f3n, investigaci\u00f3n, capacitaci\u00f3n y especializaci\u00f3n profesional y de servicios para sectores audiovisuales y de contenidos digitales.<\/p>\n<p><strong>\u00a0<\/strong><\/p>\n<p><strong>Parc de l\u2019Alba de Cerdanyola del Vall\u00e8s<\/strong><\/p>\n<p>El parque est\u00e1 creando uno de los polos cient\u00edficos, tecnol\u00f3gicos y empresariales m\u00e1s avanzados del sur de Europa. Un gran desarrollo urban\u00edstico de m\u00e1s de 400 ha de superficie, destinadas a crear un nuevo parque empresarial y residencial, en un entorno natural. El 17% del suelo est\u00e1 centrado en atraer actividad econ\u00f3mica relacionada con los sectores de la econom\u00eda del conocimiento, la innovaci\u00f3n, la investigaci\u00f3n cient\u00edfica y la tecnolog\u00eda m\u00e1s puntera. Infraestructuras tan importantes y pioneras en la investigaci\u00f3n cient\u00edfica, como el Sincrotr\u00f3n Alba tienen sede en el parque cient\u00edfico, al igual que empresas multinacionales de reconocido prestigio. Ya est\u00e1 en marcha el proyecto reservado para albergar un cl\u00faster de Centros de Procesamiento de Datos (CPD) y zonas de actividad comercial. Un avanzado distrito inteligente, que adem\u00e1s incluir\u00e1 la construcci\u00f3n de un nuevo barrio residencial, con 5.377 nuevas viviendas (47% vivienda protegida) para m\u00e1s de 15.000 habitantes, basado en las premisas de eficiencia energ\u00e9tica, sostenibilidad medioambiental y equidad social.<\/p>\n<p><strong>\u00a0<\/strong><\/p>\n<p><strong>Biopol-Granvia de L\u2019Hospitalet<\/strong><\/p>\n<p>La primera fase de esta transformaci\u00f3n urbana \u2013Gran Via y Plaza Europa- gener\u00f3 una nueva centralidad y un nuevo distrito econ\u00f3mico. Con esta segunda fase, se constituir\u00e1 una nueva transformaci\u00f3n urbana de m\u00e1s de 550.000 m2 de techo edificable, destinados a implantar un nuevo polo de actividad del sector biotecnol\u00f3gico y de la salud, centros de investigaci\u00f3n y equipamientos p\u00fablicos, generando un nuevo dinamismo a nivel metropolitano y una nueva centralidad territorial. En el horizonte de esta segunda fase, se prev\u00e9n crear m\u00e1s de 40.000 puestos de trabajo directos, con un impacto econ\u00f3mico de m\u00e1s de 4.400 millones de euros. Este ambicioso proyecto ayudar\u00e1 a acabar de coser el tejido urbano en la zona, impulsando un nuevo nodo de entrada a la ciudad y un biocluster de innovaci\u00f3n y salud, destinado a convertirse en un referente internacional.<\/p>\n<p><strong>\u00a0<\/strong><\/p>\n<p><strong>R\u00f3tula Martorell &#8211; Abrera<\/strong><\/p>\n<p>El \u00e1mbito de Abrera &#8211; Martorell (municipios de Abrera, Martorell, Sant Esteve Sesrovires, Esparreguera, Olesa de Montserrat, Castellv\u00ed de Rosanes y Castellbisbal) constituye uno de los principales nodos de actividad econ\u00f3mica de la regi\u00f3n metropolitana de Barcelona. La localizaci\u00f3n de empresas como Solvay, el cl\u00faster de la automoci\u00f3n alrededor de la SEAT, y la gran cantidad de infraestructuras viarias y ferroviarias hacen de este territorio un \u00e1rea funcional estrat\u00e9gica para la regi\u00f3n. Este \u00e1mbito tiene vocaci\u00f3n de configurarse como una r\u00f3tula territorial que potencie el desarrollo urbano, econ\u00f3mico y ambiental entre el Baix Llobregat y el Vall\u00e9s, puerta de entrada a Barcelona. As\u00ed lo establece el Plan Territorial Metropolitano de Barcelona (PTMB) aprobado el a\u00f1o 2011, y as\u00ed lo concretan el Plan director de infraestructuras (PDI) de la r\u00f3tula Martorell-Abrera y el Plan Director Urban\u00edstico de la actividad econ\u00f3mica del Baix Llobregat Nord, aprobados recientemente. Las actuaciones previstas por ambos instrumentos tienen el objetivo, justamente, de reforzar el desarrollo nodal de las actividades econ\u00f3micas, consolidando, equipando y diversificando las \u00e1reas industriales existentes y potenciando el desarrollo de nuevas.\u00a0 A la vez, mejorar\u00e1 la conectividad territorial proyectando nuevas infraestructuras reduciendo el impacto ambiental de la movilidad garantizando la conectividad ecol\u00f3gica de los diferentes elementos naturales del \u00e1mbito. En concreto, el PDU delimita tres nuevos sectores con un techo edificable m\u00e1ximo aproximadamente de 690.000 m2 adapt\u00e1ndose a los nuevos usos industriales, log\u00edsticos y terciarios.<\/p>\n<p><strong>\u00a0<\/strong><\/p>\n<p>Desde una perspectiva econ\u00f3mica, estos proyectos representan una apuesta estrat\u00e9gica para impulsar la innovaci\u00f3n, la competitividad empresarial, la reindustrializaci\u00f3n y la creatividad. Desde un punto de vista social, este listado presenta proyectos que puedan servir para integrar y cohesionar el territorio metropolitano. A nivel urban\u00edstico, en cambio, se ha priorizado la dimensi\u00f3n relacionada con la movilidad sostenible, la conectividad y la eficiencia medioambiental. Y por \u00faltimo, nos hemos permitido la licencia de tomar prestados algunos proyectos referentes, que han ayudado o ayudar\u00e1n al territorio metropolitano a posicionarse como un \u00e1rea receptora de grandes inversiones econ\u00f3micas.<\/p>\n<p>Esta Barcelona Metropolitana tiene grandes potencialidades, nuevos proyectos estrat\u00e9gicos, unos ya realizados y otros que representan una oportunidad definitiva para re-posicionar la metr\u00f3polis a nivel internacional. Este primer inventario, como hemos avanzado, est\u00e1 en permanente construcci\u00f3n, y es solo un primer paso para identificar las grandes oportunidades de la soluci\u00f3n metropolitana. Unos activos que ayudan a construir d\u00eda a d\u00eda una narrativa metropolitana que tiene vocaci\u00f3n tanto a nivel local, como a nivel internacional.<\/p>\n<p>[\/et_pb_text][et_pb_text disabled_on=\u00bboff|off|on\u00bb admin_label=\u00bbText entrada tablet i m\u00f2bil\u00bb _builder_version=\u00bb4.9.0&#8243; _module_preset=\u00bbdefault\u00bb text_font=\u00bbAverta Light||||||||\u00bb header_font=\u00bbAverta regular||||||||\u00bb header_font_size=\u00bb36px\u00bb header_4_font=\u00bbAverta regular||||||||\u00bb header_4_line_height=\u00bb1.2em\u00bb header_font_size_tablet=\u00bb30px\u00bb header_font_size_phone=\u00bb24px\u00bb header_font_size_last_edited=\u00bbon|phone\u00bb]<\/p>\n<p><strong><em>Josep Borr\u00e0s, Ag\u00e8ncia de Desenvolupament Econ\u00f2mic de l\u2019AMB<\/em><\/strong><\/p>\n<p><strong><em>Miquel Pybus, Barcelona Regional<\/em><\/strong><\/p>\n<p>Despu\u00e9s de las primeras elecciones municipales en democracia, Pasqual Maragall escrib\u00eda: \u201cEl futuro de la ciudad con may\u00fasculas, se juega tanto m\u00e1s fuera de la ciudad central (que) dentro de sus estrechos l\u00edmites (\u2026) Barcelona ciudad es hoy casi una ficci\u00f3n\u201d (La Vanguardia, 19\/08\/1979). M\u00e1s de 40 a\u00f1os despu\u00e9s, esta frase premonitoria se hace, si cabe, m\u00e1s relevante en el actual contexto social, econ\u00f3mico y estrat\u00e9gico de la gran metr\u00f3polis. A d\u00eda de hoy, no se entiende la ciudad sin su \u00e1rea metropolitana, al igual que el desarrollo de nuevos proyectos de ciudad, que no tengan impacto, ni relevancia a nivel metropolitano.<\/p>\n<p>\u00bfA qu\u00e9 impacto nos referimos? Al impacto de las nuevas infraestructuras que modelan un nuevo sistema de movilidad urbana, a nivel ciudadano y empresarial; al impacto de proyectos estrat\u00e9gicos en el desarrollo de una nueva econom\u00eda metropolitana, m\u00e1s sostenible, competitiva y socialmente equitativa; al impacto de equipamientos en la construcci\u00f3n de un ecosistema m\u00e1s innovador y empresarialmente m\u00e1s competitivo; pero especialmente, al impacto de proyectos que influyen directamente, algunos mejor que otros, en las din\u00e1micas de la ciudadan\u00eda metropolitana.<\/p>\n<p>La Barcelona real, la ciudad de ciudades, la capital del sur del Mediterr\u00e1neo, se articula, en primera instancia a trav\u00e9s de un sistema de 36 municipios que forman el \u00c1rea Metropolitana de Barcelona, y que llega a los 636 km2, con 3,3 millones de habitantes y representa m\u00e1s del 52% del PIB catal\u00e1n. Pero esta metr\u00f3polis, en su conjunto, tiene un mayor alcance a nivel regional, que engloba 164 municipios y m\u00e1s de 5 millones de personas. En este territorio heterog\u00e9neo, considerado la s\u00e9ptima \u00e1rea urbana a nivel mundial, receptora de proyectos de inversi\u00f3n extranjera, se han desarrollado y se desarrollar\u00e1n en los pr\u00f3ximos a\u00f1os, proyectos de car\u00e1cter estrat\u00e9gico que pueden generar un gran impacto a nivel regional, en diferentes dimensiones: movilidad sostenible, innovaci\u00f3n, atracci\u00f3n de inversiones, nuevos modelos econ\u00f3micos, reformulaci\u00f3n de los Pol\u00edgonos de Actividad Econ\u00f3mica, cohesi\u00f3n social y mejora de la calidad de vida.<\/p>\n<p>El objetivo de este art\u00edculo es presentar un primer listado de proyectos estrat\u00e9gicos que hayan tenido, tengan o tendr\u00e1n impacto a nivel metropolitano. Una mirada enfocada a representar activos que son una oportunidad de crecimiento en diferentes \u00e1mbitos territoriales. Pero, sobre todo, es un listado de proyectos en permanente construcci\u00f3n, los cuales pueden servir para redefinir el papel de la metr\u00f3polis en la econom\u00eda global del futuro.<\/p>\n<p><strong> <img loading=\"lazy\" class=\"aligncenter wp-image-13894 size-full\" src=\"https:\/\/rethinkbcn.cat\/wp-content\/uploads\/2023\/05\/Screen-Shot-2023-05-09-at-09.51.43.png\" alt=\"\" width=\"1434\" height=\"1008\" srcset=\"https:\/\/rethinkbcn.cat\/wp-content\/uploads\/2023\/05\/Screen-Shot-2023-05-09-at-09.51.43.png 1434w, https:\/\/rethinkbcn.cat\/wp-content\/uploads\/2023\/05\/Screen-Shot-2023-05-09-at-09.51.43-1280x900.png 1280w, https:\/\/rethinkbcn.cat\/wp-content\/uploads\/2023\/05\/Screen-Shot-2023-05-09-at-09.51.43-980x689.png 980w, https:\/\/rethinkbcn.cat\/wp-content\/uploads\/2023\/05\/Screen-Shot-2023-05-09-at-09.51.43-480x337.png 480w\" sizes=\"(min-width: 0px) and (max-width: 480px) 480px, (min-width: 481px) and (max-width: 980px) 980px, (min-width: 981px) and (max-width: 1280px) 1280px, (min-width: 1281px) 1434px, 100vw\" \/><\/strong><\/p>\n<p><strong>Distrito 22@<\/strong><\/p>\n<p>La reciente modificaci\u00f3n del planeamiento urban\u00edstico del 22@ abre una nueva etapa en la consolidaci\u00f3n de uno de los principales motores econ\u00f3micos de la Barcelona Metropolitana. Gracias al 22@, Barcelona se ha posicionado como un polo de innovaci\u00f3n y de atracci\u00f3n de empresas de sectores estrat\u00e9gicos de la econom\u00eda del conocimiento e incluso en tiempos de crisis ha continuado creando ocupaci\u00f3n en sectores vinculados a la tecnolog\u00eda y a la transformaci\u00f3n digital, as\u00ed como las industrias creativas. Actualmente trabajan m\u00e1s de 90.000 personas en el barrio, existen 8.800 empresas, el 30% de las cuales se dedican a actividades tecnol\u00f3gicas o de investigaci\u00f3n intensiva. Con el nuevo impulso al distrito, se prev\u00e9 generar 60.000 nuevos puestos de trabajo y liberar m\u00e1s de 1 mill\u00f3n de m2 de suelo productivo en los pr\u00f3ximos a\u00f1os.<\/p>\n<p><strong>\u00a0<\/strong><\/p>\n<p><strong>La Sagrera<\/strong><\/p>\n<p>La Sagrera es uno de los proyectos de mayor envergadura realizados en Barcelona estas \u00faltimas d\u00e9cadas. Contempla la transformaci\u00f3n de un \u00e1mbito de m\u00e1s de 160 hect\u00e1reas y supone la cobertura de la fractura hist\u00f3rica ferroviaria que separa los barrios de los distritos de Sant Andreu y Sant Mart\u00ed. El Parque del Cam\u00ed Comptal estructurar\u00e1 todo el futuro \u00e1mbito configurando un parque lineal de 3,7 kil\u00f3metros y emplazando nuevas \u00e1reas residenciales y terciarias a ambos lados de su ribera\/sus m\u00e1rgenes. Una vez finalizada, la estaci\u00f3n de la Sagrera ser\u00e1 la principal estaci\u00f3n central de Barcelona albergando servicios ferroviarios de Alta Velocidad, trenes regionales, Rodalies y Metro (L4, L9, L10) y una estaci\u00f3n de autobuses urbanos e interurbanos. Este gran nodo intermodal convertir\u00e1 todo este \u00e1mbito en una nueva centralidad urbana, generando un nuevo tejido residencial y de actividad econ\u00f3mica, con una previsi\u00f3n de crear m\u00e1s de 30.000 nuevos puestos de trabajo y un nuevo parque de 10.300 viviendas de car\u00e1cter protegido.<\/p>\n<p>&nbsp;<\/p>\n<p><strong>Tres Xemeneies-Bes\u00f2s<\/strong><\/p>\n<p>La transformaci\u00f3n del \u00e1mbito de les Tres Xemeneies, localizado en el litoral de los municipios de Sant Adri\u00e0 de Bes\u00f2s y Badalona supone la transformaci\u00f3n de la gran \u00faltima pieza del litoral metropolitano de Barcelona. Las Tres Xemeneies se convertir\u00e1n en un nuevo barrio donde se proyectan un total de 1.700 viviendas y pr\u00e1cticamente 100.000 m2 de techo de actividad econ\u00f3mica. Su envidiable localizaci\u00f3n y accesibilidad, posicionan el \u00e1mbito de las Tres Xemeneies y sus entornos como una de las \u00e1reas de mayor potencial para atraer empresas y actividad econ\u00f3mica de toda la regi\u00f3n de Barcelona. Adem\u00e1s, la reci\u00e9n puesta en funcionamiento del Barcelona Cable Landing Station, el puerto digital neutro de cables submarinos m\u00e1s importante de Espa\u00f1a, a\u00f1ade un valor competitivo a todo este entorno. La transformaci\u00f3n de las Tres Xemeneies generar\u00e1 sinergias que deben impulsar la mejora de los pol\u00edgonos industriales de El Sot, en Sant Adri\u00e0 de Bes\u00f2s, y Badalona Sud, en Badalona, dando impulso a la estrategia de reindustrializaci\u00f3n del territorio metropolitano. Un \u00e1mbito de pr\u00e1cticamente 100 hect\u00e1reas de suelo productivo, que queda integrado en el planeamiento urban\u00edstico de las Tres Xemeneies, con el potencial de albergar nuevas actividades productivas, oficinas, zonas verdes y equipamientos.\u00a0 Sede del futuro Hub digital, del Audiovisual y el Videojuego de Catalunya, la voluntad es que el entorno de las Tres Xemeneies se convierta en un centro de referencia a escala mundial en producci\u00f3n, investigaci\u00f3n, capacitaci\u00f3n y especializaci\u00f3n profesional y de servicios para sectores audiovisuales y de contenidos digitales.<\/p>\n<p><strong>\u00a0<\/strong><\/p>\n<p><strong>Parc de l\u2019Alba de Cerdanyola del Vall\u00e8s<\/strong><\/p>\n<p>El parque est\u00e1 creando uno de los polos cient\u00edficos, tecnol\u00f3gicos y empresariales m\u00e1s avanzados del sur de Europa. Un gran desarrollo urban\u00edstico de m\u00e1s de 400 ha de superficie, destinadas a crear un nuevo parque empresarial y residencial, en un entorno natural. El 17% del suelo est\u00e1 centrado en atraer actividad econ\u00f3mica relacionada con los sectores de la econom\u00eda del conocimiento, la innovaci\u00f3n, la investigaci\u00f3n cient\u00edfica y la tecnolog\u00eda m\u00e1s puntera. Infraestructuras tan importantes y pioneras en la investigaci\u00f3n cient\u00edfica, como el Sincrotr\u00f3n Alba tienen sede en el parque cient\u00edfico, al igual que empresas multinacionales de reconocido prestigio. Ya est\u00e1 en marcha el proyecto reservado para albergar un cl\u00faster de Centros de Procesamiento de Datos (CPD) y zonas de actividad comercial. Un avanzado distrito inteligente, que adem\u00e1s incluir\u00e1 la construcci\u00f3n de un nuevo barrio residencial, con 5.377 nuevas viviendas (47% vivienda protegida) para m\u00e1s de 15.000 habitantes, basado en las premisas de eficiencia energ\u00e9tica, sostenibilidad medioambiental y equidad social.<\/p>\n<p><strong>\u00a0<\/strong><\/p>\n<p><strong>Biopol-Granvia de L\u2019Hospitalet<\/strong><\/p>\n<p>La primera fase de esta transformaci\u00f3n urbana \u2013Gran Via y Plaza Europa- gener\u00f3 una nueva centralidad y un nuevo distrito econ\u00f3mico. Con esta segunda fase, se constituir\u00e1 una nueva transformaci\u00f3n urbana de m\u00e1s de 550.000 m2 de techo edificable, destinados a implantar un nuevo polo de actividad del sector biotecnol\u00f3gico y de la salud, centros de investigaci\u00f3n y equipamientos p\u00fablicos, generando un nuevo dinamismo a nivel metropolitano y una nueva centralidad territorial. En el horizonte de esta segunda fase, se prev\u00e9n crear m\u00e1s de 40.000 puestos de trabajo directos, con un impacto econ\u00f3mico de m\u00e1s de 4.400 millones de euros. Este ambicioso proyecto ayudar\u00e1 a acabar de coser el tejido urbano en la zona, impulsando un nuevo nodo de entrada a la ciudad y un biocluster de innovaci\u00f3n y salud, destinado a convertirse en un referente internacional.<\/p>\n<p><strong>\u00a0<\/strong><\/p>\n<p><strong>R\u00f3tula Martorell &#8211; Abrera<\/strong><\/p>\n<p>El \u00e1mbito de Abrera &#8211; Martorell (municipios de Abrera, Martorell, Sant Esteve Sesrovires, Esparreguera, Olesa de Montserrat, Castellv\u00ed de Rosanes y Castellbisbal) constituye uno de los principales nodos de actividad econ\u00f3mica de la regi\u00f3n metropolitana de Barcelona. La localizaci\u00f3n de empresas como Solvay, el cl\u00faster de la automoci\u00f3n alrededor de la SEAT, y la gran cantidad de infraestructuras viarias y ferroviarias hacen de este territorio un \u00e1rea funcional estrat\u00e9gica para la regi\u00f3n. Este \u00e1mbito tiene vocaci\u00f3n de configurarse como una r\u00f3tula territorial que potencie el desarrollo urbano, econ\u00f3mico y ambiental entre el Baix Llobregat y el Vall\u00e9s, puerta de entrada a Barcelona. As\u00ed lo establece el Plan Territorial Metropolitano de Barcelona (PTMB) aprobado el a\u00f1o 2011, y as\u00ed lo concretan el Plan director de infraestructuras (PDI) de la r\u00f3tula Martorell-Abrera y el Plan Director Urban\u00edstico de la actividad econ\u00f3mica del Baix Llobregat Nord, aprobados recientemente. Las actuaciones previstas por ambos instrumentos tienen el objetivo, justamente, de reforzar el desarrollo nodal de las actividades econ\u00f3micas, consolidando, equipando y diversificando las \u00e1reas industriales existentes y potenciando el desarrollo de nuevas.\u00a0 A la vez, mejorar\u00e1 la conectividad territorial proyectando nuevas infraestructuras reduciendo el impacto ambiental de la movilidad garantizando la conectividad ecol\u00f3gica de los diferentes elementos naturales del \u00e1mbito. En concreto, el PDU delimita tres nuevos sectores con un techo edificable m\u00e1ximo aproximadamente de 690.000 m2 adapt\u00e1ndose a los nuevos usos industriales, log\u00edsticos y terciarios.<\/p>\n<p><strong>\u00a0<\/strong><\/p>\n<p>Desde una perspectiva econ\u00f3mica, estos proyectos representan una apuesta estrat\u00e9gica para impulsar la innovaci\u00f3n, la competitividad empresarial, la reindustrializaci\u00f3n y la creatividad. Desde un punto de vista social, este listado presenta proyectos que puedan servir para integrar y cohesionar el territorio metropolitano. A nivel urban\u00edstico, en cambio, se ha priorizado la dimensi\u00f3n relacionada con la movilidad sostenible, la conectividad y la eficiencia medioambiental. Y por \u00faltimo, nos hemos permitido la licencia de tomar prestados algunos proyectos referentes, que han ayudado o ayudar\u00e1n al territorio metropolitano a posicionarse como un \u00e1rea receptora de grandes inversiones econ\u00f3micas.<\/p>\n<p>Esta Barcelona Metropolitana tiene grandes potencialidades, nuevos proyectos estrat\u00e9gicos, unos ya realizados y otros que representan una oportunidad definitiva para re-posicionar la metr\u00f3polis a nivel internacional. Este primer inventario, como hemos avanzado, est\u00e1 en permanente construcci\u00f3n, y es solo un primer paso para identificar las grandes oportunidades de la soluci\u00f3n metropolitana. Unos activos que ayudan a construir d\u00eda a d\u00eda una narrativa metropolitana que tiene vocaci\u00f3n tanto a nivel local, como a nivel internacional.<\/p>\n<p>[\/et_pb_text][et_pb_text admin_label=\u00bbShare \u00bb _builder_version=\u00bb4.8.2&#8243; _module_preset=\u00bbdefault\u00bb width=\u00bb26%\u00bb module_alignment=\u00bbleft\u00bb module_alignment_tablet=\u00bbleft\u00bb module_alignment_phone=\u00bbleft\u00bb module_alignment_last_edited=\u00bbon|phone\u00bb border_width_all=\u00bb0px\u00bb]<\/p>\n<table style=\"border-collapse: collapse; width: 0%; height: 22px; border-color: #000000; border: 2px solid;\">\n<tbody>\n<tr style=\"height: 22px;\">\n<td style=\"width: 11.5332%; height: 22px;\">share:<\/td>\n<td style=\"width: 88.4667%; text-align: justify; vertical-align: middle; height: 22px;\"><div class=\"sfsi_widget sfsi_shortcode_container\"><div class=\"norm_row sfsi_wDiv \"  style=\"width:200px;text-align:left;\"><div style='width:30px; height:30px;margin-left:10px;margin-bottom:5px; ' class='sfsi_wicons shuffeldiv ' ><div class='inerCnt'><a class=' sficn' data-effect='' target='_blank'  href='' id='sfsiid_twitter_icon' style='width:30px;height:30px;opacity:1;'  ><img data-pin-nopin='true' alt='Twitter' title='Twitter' src='https:\/\/rethinkbcn.cat\/wp-content\/plugins\/ultimate-social-media-icons\/images\/icons_theme\/transparent\/transparent_twitter.png' width='30' height='30' style='' class='sfcm sfsi_wicon ' data-effect=''   \/><\/a><div class=\"sfsi_tool_tip_2 twt_tool_bdr sfsiTlleft\" style=\"opacity:0;z-index:-1;\" id=\"sfsiid_twitter\"><span class=\"bot_arow bot_twt_arow\"><\/span><div class=\"sfsi_inside\"><div  class='icon2'><div class='sf_twiter' style='display: inline-block;vertical-align: middle;width: auto;'>\r\n\t\t\t\t\t\t<a target='_blank' href='https:\/\/twitter.com\/intent\/tweet?text=Hey%2C+check+out+this+cool+site+I+found%3A+www.rethinkbcn.cat+%23Topic+via%40my_twitter_name+https:\/\/rethinkbcn.cat\/es\/wp-json\/wp\/v2\/posts\/13889\/' style='display:inline-block' >\r\n\t\t\t\t\t\t\t<img data-pin-nopin= true class='sfsi_wicon' src='https:\/\/rethinkbcn.cat\/wp-content\/plugins\/ultimate-social-media-icons\/images\/share_icons\/Twitter_Tweet\/en_US_Tweet.svg' alt='Tweet' title='Tweet' >\r\n\t\t\t\t\t\t<\/a>\r\n\t\t\t\t\t<\/div><\/div><\/div><\/div><\/div><\/div><div style='width:30px; height:30px;margin-left:10px;margin-bottom:5px; ' class='sfsi_wicons shuffeldiv ' ><div class='inerCnt'><a class=' sficn' data-effect='' target='_blank'  href='' id='sfsiid_linkedin_icon' style='width:30px;height:30px;opacity:1;'  ><img data-pin-nopin='true' alt='' title='' src='https:\/\/rethinkbcn.cat\/wp-content\/plugins\/ultimate-social-media-icons\/images\/icons_theme\/transparent\/transparent_linkedin.png' width='30' height='30' style='' class='sfcm sfsi_wicon ' data-effect=''   \/><\/a><div class=\"sfsi_tool_tip_2 linkedin_tool_bdr sfsiTlleft\" style=\"opacity:0;z-index:-1;\" id=\"sfsiid_linkedin\"><span class=\"bot_arow bot_linkedin_arow\"><\/span><div class=\"sfsi_inside\"><div  class='icon2'><a target='_blank' href=\"https:\/\/www.linkedin.com\/shareArticle?url=https%3A%2F%2Frethinkbcn.cat%2Fes%2Fwp-json%2Fwp%2Fv2%2Fposts%2F13889%2F\"><img class=\"sfsi_wicon\" data-pin-nopin= true alt=\"Share\" title=\"Share\" src=\"https:\/\/rethinkbcn.cat\/wp-content\/plugins\/ultimate-social-media-icons\/images\/share_icons\/Linkedin_Share\/en_US_share.svg\" \/><\/a><\/div><\/div><\/div><\/div><\/div><div style='width:30px; height:30px;margin-left:10px;margin-bottom:5px; ' class='sfsi_wicons shuffeldiv ' ><div class='inerCnt'><a class=' sficn' data-effect='' target='_blank'  href='https:\/\/api.whatsapp.com\/send?text=https:\/\/rethinkbcn.cat\/es\/inventario-de-proyectos-estrategicos-de-la-barcelona-metropolitana\/' id='sfsiid_whatsapp_icon' style='width:30px;height:30px;opacity:1;'  ><img data-pin-nopin='true' alt='' title='' src='https:\/\/rethinkbcn.cat\/wp-content\/plugins\/ultimate-social-media-icons\/images\/icons_theme\/transparent\/transparent_whatsapp.png' width='30' height='30' style='' class='sfcm sfsi_wicon ' data-effect=''   \/><\/a><\/div><\/div><div style='width:30px; height:30px;margin-left:10px;margin-bottom:5px; ' class='sfsi_wicons shuffeldiv ' ><div class='inerCnt'><a class=' sficn' data-effect='' target='_blank'  href='https:\/\/api.follow.it\/widgets\/icon\/VUlqbFQ4d1I5d05jbFdNRWdXaThSK0Vza3RBcDZrT3Y4akNldzhxUVBmUFNjQ3dlUnpnQVphRFVNcm40SXZGaFczK01jOFF0SExaMGNIWi9BZy96S2MydkgzaDNWWFBjYU9MbjY5M3lUcjVLYU5TN3NOaEs3VmJ4bytROHI4b1d8eEV6SFU5OTFjQ1B0YkRJNkEzUlJEbEhIWVRkZGM0b0FRTEQyRDlyb2o2UT0=\/OA==\/' id='sfsiid_email_icon' style='width:30px;height:30px;opacity:1;'  ><img data-pin-nopin='true' alt='Follow by Email' title='Follow by Email' src='https:\/\/rethinkbcn.cat\/wp-content\/plugins\/ultimate-social-media-icons\/images\/icons_theme\/transparent\/transparent_email.png' width='30' height='30' style='' class='sfcm sfsi_wicon ' data-effect=''   \/><\/a><\/div><\/div><\/div ><div id=\"sfsi_holder\" class=\"sfsi_holders\" style=\"position: relative; float: left;width:100%;z-index:-1;\"><\/div ><script>window.addEventListener(\"sfsi_functions_loaded\", function() \r\n\t\t\t{\r\n\t\t\t\tif (typeof sfsi_widget_set == \"function\") {\r\n\t\t\t\t\tsfsi_widget_set();\r\n\t\t\t\t}\r\n\t\t\t}); <\/script><div style=\"clear: both;\"><\/div><\/div><\/td>\n<\/tr>\n<\/tbody>\n<\/table>\n<p>[\/et_pb_text][\/et_pb_column][\/et_pb_row][\/et_pb_section][et_pb_section fb_built=\u00bb1&#8243; fullwidth=\u00bbon\u00bb _builder_version=\u00bb4.8.2&#8243; _module_preset=\u00bbdefault\u00bb da_disable_devices=\u00bboff|off|off\u00bb border_width_bottom=\u00bb2px\u00bb da_is_popup=\u00bboff\u00bb da_exit_intent=\u00bboff\u00bb da_has_close=\u00bbon\u00bb da_alt_close=\u00bboff\u00bb da_dark_close=\u00bboff\u00bb da_not_modal=\u00bbon\u00bb da_is_singular=\u00bboff\u00bb da_with_loader=\u00bboff\u00bb da_has_shadow=\u00bbon\u00bb][et_pb_fullwidth_code admin_label=\u00bbRatlla horitzontal\u00bb _builder_version=\u00bb4.8.2&#8243; _module_preset=\u00bbdefault\u00bb][\/et_pb_fullwidth_code][\/et_pb_section][et_pb_section fb_built=\u00bb1&#8243; _builder_version=\u00bb4.8.2&#8243; _module_preset=\u00bbdefault\u00bb custom_margin=\u00bb||-30px||false|false\u00bb custom_margin_tablet=\u00bb||-90px||false|false\u00bb custom_margin_phone=\u00bb||-80px||false|false\u00bb custom_margin_last_edited=\u00bbon|phone\u00bb da_disable_devices=\u00bboff|off|off\u00bb da_is_popup=\u00bboff\u00bb da_exit_intent=\u00bboff\u00bb da_has_close=\u00bbon\u00bb da_alt_close=\u00bboff\u00bb da_dark_close=\u00bboff\u00bb da_not_modal=\u00bbon\u00bb da_is_singular=\u00bboff\u00bb da_with_loader=\u00bboff\u00bb da_has_shadow=\u00bbon\u00bb][et_pb_row _builder_version=\u00bb4.8.2&#8243; _module_preset=\u00bbdefault\u00bb][et_pb_column type=\u00bb4_4&#8243; _builder_version=\u00bb4.8.2&#8243; _module_preset=\u00bbdefault\u00bb][et_pb_text admin_label=\u00bbAltres articles\u00bb _builder_version=\u00bb4.9.0&#8243; _module_preset=\u00bbdefault\u00bb]<\/p>\n<h3>ALTRES ARTICLES<\/h3>\n<p><div class='yarpp yarpp-related yarpp-related-shortcode yarpp-template-thumbnails'>\n<!-- YARPP Thumbnails -->\n<h3><\/h3>\n<div class=\"yarpp-thumbnails-horizontal\">\n<a class='yarpp-thumbnail' rel='norewrite' href='https:\/\/rethinkbcn.cat\/es\/como-se-construye-la-barcelona-del-futuro-cinco-visiones-complementarias\/' title='C\u00d3MO SE CONSTRUYE LA BARCELONA DEL FUTURO? CINCO VISIONES COMPLEMENTARIAS'>\n<img width=\"117\" height=\"120\" src=\"https:\/\/rethinkbcn.cat\/wp-content\/uploads\/2021\/01\/confiancam.jpg\" class=\"attachment-yarpp-thumbnail size-yarpp-thumbnail wp-post-image\" alt=\"\" loading=\"lazy\" data-pin-nopin=\"true\" \/><span class=\"yarpp-thumbnail-title\">C\u00d3MO SE CONSTRUYE LA BARCELONA DEL FUTURO? CINCO VISIONES COMPLEMENTARIAS<\/span><\/a>\n<a class='yarpp-thumbnail' rel='norewrite' href='https:\/\/rethinkbcn.cat\/es\/josep-ma-cardellach-unanuevagorvenanzaparalabarcelonametropolitana\/' title='JOSEP M\u00aa CARDELLACH: UNA NUEVA GOVERNANZA PARA LA BARCELONA METROPOLITANA.'>\n<img width=\"117\" height=\"120\" src=\"https:\/\/rethinkbcn.cat\/wp-content\/uploads\/2021\/01\/confiancam.jpg\" class=\"attachment-yarpp-thumbnail size-yarpp-thumbnail wp-post-image\" alt=\"\" loading=\"lazy\" data-pin-nopin=\"true\" \/><span class=\"yarpp-thumbnail-title\">JOSEP M\u00aa CARDELLACH: UNA NUEVA GOVERNANZA PARA LA BARCELONA METROPOLITANA.<\/span><\/a>\n<a class='yarpp-thumbnail' rel='norewrite' href='https:\/\/rethinkbcn.cat\/es\/hector-santcovskymetropolisbarcelona\/' title='H\u00c9CTOR SANTCOVSKY:  METR\u00d3POLIS BARCELONA, EL VALOR DEL TERRITORIO'>\n<img width=\"117\" height=\"120\" src=\"https:\/\/rethinkbcn.cat\/wp-content\/uploads\/2021\/01\/confiancam.jpg\" class=\"attachment-yarpp-thumbnail size-yarpp-thumbnail wp-post-image\" alt=\"\" loading=\"lazy\" data-pin-nopin=\"true\" \/><span class=\"yarpp-thumbnail-title\">H\u00c9CTOR SANTCOVSKY:  METR\u00d3POLIS BARCELONA, EL VALOR DEL TERRITORIO<\/span><\/a>\n<a class='yarpp-thumbnail' rel='norewrite' href='https:\/\/rethinkbcn.cat\/es\/eugeniacarrerespensandolamarcabarcelonaengrande\/' title='EUG\u00c8NIA CARRERES: PENSANDO LA MARCA BARCELONA EN GRANDE'>\n<img width=\"117\" height=\"120\" src=\"https:\/\/rethinkbcn.cat\/wp-content\/uploads\/2021\/01\/confiancam.jpg\" class=\"attachment-yarpp-thumbnail size-yarpp-thumbnail wp-post-image\" alt=\"\" loading=\"lazy\" data-pin-nopin=\"true\" \/><span class=\"yarpp-thumbnail-title\">EUG\u00c8NIA CARRERES: PENSANDO LA MARCA BARCELONA EN GRANDE<\/span><\/a>\n<\/div>\n<\/div>\n[\/et_pb_text][\/et_pb_column][\/et_pb_row][\/et_pb_section][et_pb_section fb_built=\u00bb1&#8243; fullwidth=\u00bbon\u00bb _builder_version=\u00bb4.8.2&#8243; _module_preset=\u00bbdefault\u00bb da_disable_devices=\u00bboff|off|off\u00bb border_width_bottom=\u00bb2px\u00bb da_is_popup=\u00bboff\u00bb da_exit_intent=\u00bboff\u00bb da_has_close=\u00bbon\u00bb da_alt_close=\u00bboff\u00bb da_dark_close=\u00bboff\u00bb da_not_modal=\u00bbon\u00bb da_is_singular=\u00bboff\u00bb da_with_loader=\u00bboff\u00bb da_has_shadow=\u00bbon\u00bb][et_pb_fullwidth_code admin_label=\u00bbRatlla horitzontal\u00bb _builder_version=\u00bb4.8.2&#8243; _module_preset=\u00bbdefault\u00bb][\/et_pb_fullwidth_code][\/et_pb_section]<\/p>\n","protected":false},"excerpt":{"rendered":"<p>Josep Borr\u00e0s y Miquel Pybus analizan en este art\u00edculo seis grandes proyectos, unos ya realizados y otros en marcha, que pueden ser una oportunidad para reposicionar el \u00e1rea metropolitana a nivel internacional<\/p>\n","protected":false},"author":6,"featured_media":4844,"comment_status":"open","ping_status":"open","sticky":false,"template":"","format":"standard","meta":{"_et_pb_use_builder":"on","_et_pb_old_content":"","_et_gb_content_width":""},"categories":[92],"tags":[116],"_links":{"self":[{"href":"https:\/\/rethinkbcn.cat\/es\/wp-json\/wp\/v2\/posts\/13889"}],"collection":[{"href":"https:\/\/rethinkbcn.cat\/es\/wp-json\/wp\/v2\/posts"}],"about":[{"href":"https:\/\/rethinkbcn.cat\/es\/wp-json\/wp\/v2\/types\/post"}],"author":[{"embeddable":true,"href":"https:\/\/rethinkbcn.cat\/es\/wp-json\/wp\/v2\/users\/6"}],"replies":[{"embeddable":true,"href":"https:\/\/rethinkbcn.cat\/es\/wp-json\/wp\/v2\/comments?post=13889"}],"version-history":[{"count":7,"href":"https:\/\/rethinkbcn.cat\/es\/wp-json\/wp\/v2\/posts\/13889\/revisions"}],"predecessor-version":[{"id":13910,"href":"https:\/\/rethinkbcn.cat\/es\/wp-json\/wp\/v2\/posts\/13889\/revisions\/13910"}],"wp:featuredmedia":[{"embeddable":true,"href":"https:\/\/rethinkbcn.cat\/es\/wp-json\/wp\/v2\/media\/4844"}],"wp:attachment":[{"href":"https:\/\/rethinkbcn.cat\/es\/wp-json\/wp\/v2\/media?parent=13889"}],"wp:term":[{"taxonomy":"category","embeddable":true,"href":"https:\/\/rethinkbcn.cat\/es\/wp-json\/wp\/v2\/categories?post=13889"},{"taxonomy":"post_tag","embeddable":true,"href":"https:\/\/rethinkbcn.cat\/es\/wp-json\/wp\/v2\/tags?post=13889"}],"curies":[{"name":"wp","href":"https:\/\/api.w.org\/{rel}","templated":true}]}}