{"id":13673,"date":"2023-04-16T09:00:50","date_gmt":"2023-04-16T07:00:50","guid":{"rendered":"https:\/\/rethinkbcn.cat\/?p=13673"},"modified":"2023-04-12T14:00:18","modified_gmt":"2023-04-12T12:00:18","slug":"la-eterna-espera-de-la-gran-novela-metropolitana","status":"publish","type":"post","link":"https:\/\/rethinkbcn.cat\/es\/la-eterna-espera-de-la-gran-novela-metropolitana\/","title":{"rendered":"LA ETERNA ESPERA DE LA GRAN NOVELA METROPOLITANA"},"content":{"rendered":"<p>[et_pb_section fb_built=\u00bb1&#8243; disabled_on=\u00bboff|off|off\u00bb _builder_version=\u00bb4.8.2&#8243; _module_preset=\u00bbdefault\u00bb custom_margin=\u00bb||||false|false\u00bb da_disable_devices=\u00bboff|off|off\u00bb da_is_popup=\u00bboff\u00bb da_exit_intent=\u00bboff\u00bb da_has_close=\u00bbon\u00bb da_alt_close=\u00bboff\u00bb da_dark_close=\u00bboff\u00bb da_not_modal=\u00bbon\u00bb da_is_singular=\u00bboff\u00bb da_with_loader=\u00bboff\u00bb da_has_shadow=\u00bbon\u00bb][et_pb_row _builder_version=\u00bb4.8.1&#8243; _module_preset=\u00bbdefault\u00bb][et_pb_column type=\u00bb4_4&#8243; _builder_version=\u00bb4.8.1&#8243; _module_preset=\u00bbdefault\u00bb][et_pb_text admin_label=\u00bbTitular entrada\u00bb _builder_version=\u00bb4.9.0&#8243; _module_preset=\u00bbdefault\u00bb text_font=\u00bbAverta Light||||||||\u00bb header_font_size=\u00bb36px\u00bb header_4_font=\u00bbAverta regular||||||||\u00bb header_4_font_size=\u00bb20px\u00bb header_4_line_height=\u00bb1.6em\u00bb header_5_line_height=\u00bb1.6em\u00bb header_6_font=\u00bbAverta regular||||||||\u00bb header_6_font_size=\u00bb16px\u00bb header_6_line_height=\u00bb1.2em\u00bb header_font_size_tablet=\u00bb30px\u00bb header_font_size_phone=\u00bb24px\u00bb header_font_size_last_edited=\u00bbon|phone\u00bb header_6_font_size_tablet=\u00bb\u00bb header_6_font_size_phone=\u00bb16px\u00bb header_6_font_size_last_edited=\u00bbon|phone\u00bb]<\/p>\n<h1 style=\"text-align: center;\">LA ETERNA ESPERA DE LA GRAN NOVELA METROPOLITANA<\/h1>\n<div style=\"text-align: center;\">\n<div>\n<div dir=\"auto\">A modo de previa de la diada de Sant Jordi, les proponemos este art\u00edculo del escritor David Castillo repasa las diferentes novelas que han situado en su epicentro la ciudad de Barcelona desde el gran cl\u00e1sico El Quijote hasta nuestros d\u00edas.<\/div>\n<\/div>\n<\/div>\n<p>[\/et_pb_text][et_pb_image title_text=\u00bbWhatsApp Image 2023-01-31 at 16.01.06 (1)\u00bb admin_label=\u00bbImatge entrada\u00bb _builder_version=\u00bb4.9.0&#8243; _module_preset=\u00bbdefault\u00bb][\/et_pb_image][et_pb_text admin_label=\u00bbCodi \u00e0udio\u00bb _builder_version=\u00bb4.9.0&#8243; _module_preset=\u00bbdefault\u00bb]\n\t\t<div\n\t\t\tid=\"playht-iframe-wrapper\"\n\t\t\tstyle=\"display:flex; max-height:90px; justify-content:center\">\n\t\t\t<iframe\n\t\t\t\tallowfullscreen=\"\"\n\t\t\t\tframeborder=\"0\"\n\t\t\t\tscrolling=\"no\"\n\t\t\t\tclass=\"playht-iframe-player\"\n\t\t\t\tdata-appId=\"xDv-ttCzRe\"\n\t\t\t\tarticle-url=\"https:\/\/rethinkbcn.cat\/es\/?p=13673\"\n\t\t\t\tdata-voice=\"es-ES-ElviraNeural\"\n\t\t\t\tsrc=\"https:\/\/play.ht\/embed\/?article_url=https:\/\/rethinkbcn.cat\/es\/?p=13673&voice=es-ES-ElviraNeural&config={&quot;width&quot;:&quot;100%&quot;,&quot;height&quot;:&quot;90px&quot;,&quot;alignment&quot;:&quot;center&quot;,&quot;title&quot;:&quot;Audio&quot;,&quot;message&quot;:&quot;Hello&quot;,&quot;download_text_button&quot;:&quot;Download&quot;}\"\n\t\t\t\twidth=\"100%\"\n\t\t\t\theight=\"90px\"\n\t\t\t\tstyle=\"max-height:90px\">\n\t\t\t<\/iframe>\n\t\t<\/div><br \/>\n[\/et_pb_text][et_pb_text disabled_on=\u00bbon|on|off\u00bb admin_label=\u00bbText entrada escriptori\u00bb _builder_version=\u00bb4.9.0&#8243; _module_preset=\u00bbdefault\u00bb text_font=\u00bbAverta Light||||||||\u00bb header_font_size=\u00bb36px\u00bb header_4_font=\u00bbAverta regular||||||||\u00bb header_4_font_size=\u00bb20px\u00bb header_4_line_height=\u00bb1.6em\u00bb header_5_line_height=\u00bb1.6em\u00bb header_6_font=\u00bbAverta regular||||||||\u00bb header_6_font_size=\u00bb16px\u00bb header_6_line_height=\u00bb1.5em\u00bb hover_enabled=\u00bb0&#8243; header_font_size_tablet=\u00bb30px\u00bb header_font_size_phone=\u00bb24px\u00bb header_font_size_last_edited=\u00bbon|phone\u00bb header_6_font_size_tablet=\u00bb\u00bb header_6_font_size_phone=\u00bb14px\u00bb header_6_font_size_last_edited=\u00bbon|phone\u00bb sticky_enabled=\u00bb0&#8243;]<\/p>\n<p>Por David Castillo<\/p>\n<p><span style=\"font-weight: 400;\">A la espera del gran novelista que nos traiga bajo el brazo la gran novela sobre Barcelona, otras realidades se van filtrando por el imaginario cultural de la ciudad. El debate viene de lejos y hace a\u00f1os nadie dudaba de situar <\/span><i><span style=\"font-weight: 400;\">La ciudad de los prodigios<\/span><\/i><span style=\"font-weight: 400;\"> de mediados de los a\u00f1os ochenta, como el texto m\u00e1s aproximado al deseo de novela que esper\u00e1bamos, una especie de mes\u00edas para la filolog\u00eda. En algunos momentos, F\u00e9lix Az\u00faa se invent\u00f3 el t\u00e9rmino \u00abtit\u00e1nico\u00bb para definir el estado est\u00e9ril de la ciudad preol\u00edmpica, y algunos como Vicen\u00e7 Villatoro fueron capaces de superar el canto del cisne con la elaboraci\u00f3n de un mundo que se hund\u00eda. Parecido a lo que ha hecho este a\u00f1o Ada Castells\u00a0 en <\/span><i><span style=\"font-weight: 400;\">Solast\u00e0lgia<\/span><\/i><span style=\"font-weight: 400;\">, Villatoro utilizaba en 1990 unas lluvias torrenciales para describir en <\/span><i><span style=\"font-weight: 400;\">Tit\u00e0nic<\/span><\/i><span style=\"font-weight: 400;\"> la mirada de un reportero que llega a Barcelona con el prop\u00f3sito de retratar una ciudad, que en aquel caso, m\u00e1s que hundirse se inundaba. Todav\u00eda se recordaba la pol\u00e9mica y el efecto metaf\u00f3rico del texto lo reforzaba. Hoy, seca y sucia como no lo ha estado nunca \u2013parece que en las \u00faltimas semanas ha mejorado el servicio de recogida de basuras\u2013, Barcelona contin\u00faa sin una novela definitiva. \u00bfLa tendremos? Respuesta muda. Seguramente es una entelequia.<\/span><\/p>\n<p><span style=\"font-weight: 400;\">Mientras tanto podr\u00edamos diferenciar diferentes periodos de la novela en nuestra ciudad, \u00ab<\/span><span style=\"font-weight: 400;\">norte de toda la caballer\u00eda andante\u00bb<\/span><span style=\"font-weight: 400;\">. El estreno es en la segunda parte del Quijote, donde el caballero sufre todo tipo de vicisitudes, describe a los catalanes seg\u00fan el bosque de colgados donde duerme, se enamora del esp\u00edritu, describe los rostros morenos de los habitantes y, finalmente, abandona las armas y vuelve a la realidad despu\u00e9s de un duelo grotesco. En Barcelona, el Quijote vuelve a la triste realidad, que nosotros hemos sufrido con todas sus consecuencias. Hace a\u00f1os, cuando la mayor\u00eda todav\u00eda nos chup\u00e1bamos el dedo, Ram\u00f3n de Espa\u00f1a reivindic\u00f3 las historias barcelonesas de Carles Soldevila, autor que dif\u00edcilmente sale en las quinielas sobre la gran novela. Seguramente las obras de Soldevila son ligeras, pero la calidad resulta irrefutable.\u00a0<\/span><\/p>\n<p><span style=\"font-weight: 400;\">No podemos evitar mencionar las novelas de Juli Vallmitjana, singularmente <\/span><i><span style=\"font-weight: 400;\">La xava<\/span><\/i><span style=\"font-weight: 400;\"> y <\/span><i><span style=\"font-weight: 400;\">Sota Monju\u00efc<\/span><\/i><span style=\"font-weight: 400;\">, que Ediciones 1984 recuper\u00f3 hace una d\u00e9cada. Vallmitjana ser\u00eda en la literatura lo que Nonell \u2013amigo suyo\u2013 ha significado para la pintura. El gran coloso de la literatura catalana moderna, Josep Pla, tambi\u00e9n abord\u00f3 la ciudad en sus textos narrativos. Con la cita obligatoria de<\/span><span style=\"font-weight: 400;\"> El quadern gris (1966), as\u00ed como las refulgentes <\/span><i><span style=\"font-weight: 400;\">Barcelona, una discusi\u00f3 entranyable<\/span><\/i><span style=\"font-weight: 400;\">, <\/span><span style=\"font-weight: 400;\">de <\/span><span style=\"font-weight: 400;\">1956 y <\/span><i><span style=\"font-weight: 400;\">Un se\u00f1or de Barcelona<\/span><\/i><span style=\"font-weight: 400;\">, de 1951, entre muchas otras. En sus <\/span><i><span style=\"font-weight: 400;\">Homenots<\/span><\/i><span style=\"font-weight: 400;\"> nos puede ense\u00f1ar desde barones de la burgues\u00eda barcelonesa a los artistas como Manolo Hugu\u00e9 o trazar una gu\u00eda del anarquista en el cap\u00edtulo dedicado a Andreu Nin. Pla coloca el list\u00f3n siempre tan alto, que todos lo dem\u00e1s parecemos de categor\u00edas inferiores. La mayor\u00eda de las visiones, tanto las descripciones de la calle Aribau, que tambi\u00e9n pint\u00f3 de manera magistral Carmen Laforet en <\/span><i><span style=\"font-weight: 400;\">Nada<\/span><\/i><span style=\"font-weight: 400;\">, de 1945, son del centro, Casco Antiguo y Ensanche. Los franceses tienen predilecci\u00f3n por el Barrio Chino, desde Genet, Carco y Pyere de Mandiargues a parte del m\u00e1s reciente <\/span><span style=\"font-weight: 400;\">Mathias Enard, que en <\/span><i><span style=\"font-weight: 400;\">Carrer Robadors<\/span><\/i><span style=\"font-weight: 400;\"> hizo un fresco inigualable del mundo de la emigraci\u00f3n, m\u00e1s all\u00e1 de nuestras derivas localistas o nacionalistas. El Barrio Chino y el Raval han tenido cronistas ilustres, como Manuel V\u00e1zquez Montalb\u00e1n, con toda la serie del detective Carvalho, o su amiga Maruja Torres, que presenta un dibujo l\u00fagubre de las calles sin sol, ropa tendida e insalubridad, y narra con la sinceridad de una vecina, lejos del entusiasmo por la ciudad que vivieron Henry Miller o Ernest Hemingway. Del Barrio Chino, pero desde los ojos de la alta burgues\u00eda, aparece <\/span><i><span style=\"font-weight: 400;\">Vida privada<\/span><\/i><span style=\"font-weight: 400;\">, novela \u00fanica y magistral de Josep Maria de Sagarra, otro diez en nuestra lista. Y m\u00e1s recientemente, los desaparecidos Francisco Gonz\u00e1lez Ledesma y Francisco Casavella, que desde Sant Antoni fijaba los ojos por las azoteas hasta cruzar la ronda. Dejaremos de lado la generaci\u00f3n de la Guerra Civil y la literatura popular de la \u00e9poca, llena de memorialistas y autobiograf\u00edas, ya se digan Benguerel, Calders, Art\u00eds, Sempronio y Tasis hasta desembocar en Maria Aur\u00e8lia Capmany, Pedrolo, Rabinad y Ledesma. Tampoco sudamericanos, de Garc\u00eda M\u00e1rquez y Donoso hasta Bola\u00f1o. O los j\u00f3venes capitaneados por Andreu Gomila, Kiko Amat, Albert Forns, Jordi Nopca o Josep Roca, por no citar dos extrarradios totales: la poligonera Anna Ballbona y Javier P\u00e9rez And\u00fajar, que siempre nos sorprende con su narrativa de calidoscopio.<\/span><\/p>\n<p><span style=\"font-weight: 400;\">Haciendo un salto de un buen pu\u00f1ado de estaciones de metro podemos aparecer en los barrios de Gr\u00e0cia y el Guinard\u00f3 recreados por Merc\u00e8 Rodoreda y Juan Mars\u00e9, ambos situ\u00e1ndonos en su juventud, Rodoreda antes de la guerra y en las inclemencias del final del sue\u00f1o revolucionario, y Mars\u00e9 entre los chicos de calle v\u00edctimas de las miserias de la posguerra. La mirada es diferente a la utilizada por Luis Goytisolo \u2013o a los safaris de su hermano Juan por el Chino\u2013 cuando public\u00f3 <\/span><i><span style=\"font-weight: 400;\">Las afueras<\/span><\/i><span style=\"font-weight: 400;\">, primer premio Biblioteca de 1958. Debemos valorar que el centro de Barcelona es uno de los imaginarios urbanos m\u00e1s importantes del mundo, lo que afecta tambi\u00e9n a nuestra literatura. S\u00f3lo Rub\u00e9n Dar\u00edo sube hasta los Penitentes, pero para purgar sus adicciones. O Joan Perucho en la monta\u00f1a del Carmel, pero en las unidades del antia\u00e9reo, que hoy se ha convertido en el gran mirador tur\u00edstico. M\u00e0rius Serra nos abr\u00eda los paisajes de Horta, Carlos Zan\u00f3n los del Guinard\u00f3 y Quim Monz\u00f3 saltaba con sus personajes tanto como lo hac\u00eda V\u00edctor Nubla en la poco conocida <\/span><i><span style=\"font-weight: 400;\">El regal de Gliese<\/span><\/i><span style=\"font-weight: 400;\">, entre otras. Miembros de la generaci\u00f3n de los setenta como los hermanos Terenci y Anna Maria Moix, Maria Ant\u00f2nia Oliver, Montserrat Roig, Carme Riera, Oriol Pi de Cabanyes, Jaume Cabr\u00e9, Quim Soler, Joan Rend\u00e9, Jes\u00fas Moncada, Jaume Fuster, Isidre Grau \u2013con su territorio m\u00edtico, tambi\u00e9n metropolitano\u2013 o de los posteriores, como Miquel de Palol, Merc\u00e8 Ibarz, Rafael Vallbona,\u00a0 Llu\u00eds-Anton Baulenas, Juli\u00e0 Guillamon o la divertida <\/span><i><span style=\"font-weight: 400;\">La gran novel\u00b7la sobre Barcelona<\/span><\/i><span style=\"font-weight: 400;\"> de Sergi P\u00e0mies, que por no ser no era ni novela sino una s\u00e1tira sobre los t\u00f3picos en forma de relatos breves.<\/span><\/p>\n<p><span style=\"font-weight: 400;\">Las fuerzas centr\u00edfugas y centr\u00edpetas sobre la ciudad nos proyectan indefectiblemente sobre el plano del metro de la ciudad centro y estaciones pr\u00f3ximas. S\u00f3lo otro narrador magistral, Juli\u00e0 de J\u00f2dar abri\u00f3 la l\u00ednea en un gran angular con la trilog\u00eda <\/span><i><span style=\"font-weight: 400;\">L&#8217;atzar i les ombres<\/span><\/i><span style=\"font-weight: 400;\">, que acaba de reeditar Comanegra, y que Quaderns Crema hab\u00eda presentado hace m\u00e1s de veinte a\u00f1os en tres vol\u00famenes. J\u00f3dar la ha reescrita, como hizo Mars\u00e9 con parte de su obra primera. Son decisiones cuestionables, pero no se puede decir nada porque el autor es soberano. En todo caso la relectura no me ha provocado el impacto box\u00edstico de cuando la le\u00ed por primera vez, pero he conservado la sensaci\u00f3n de estar ante una gran aventura, casi extraordinaria, si no reflejara, como en el caso de Mars\u00e9, un clima de decepci\u00f3n moral, contrarrestado por la belleza de la prosa y la voluntad de reflejar tambi\u00e9n el orgullo de clase social, la anarqu\u00eda ideol\u00f3gica y formal.\u00a0<\/span><\/p>\n<p><span style=\"font-weight: 400;\">\u00a0\u00a0<\/span><\/p>\n<p>&nbsp;<\/p>\n<p>&nbsp;<\/p>\n<p>&nbsp;<\/p>\n<p>&nbsp;<\/p>\n<p>[\/et_pb_text][et_pb_text disabled_on=\u00bboff|off|on\u00bb admin_label=\u00bbText entrada tablet i m\u00f2bil\u00bb _builder_version=\u00bb4.9.0&#8243; _module_preset=\u00bbdefault\u00bb text_font=\u00bbAverta Light||||||||\u00bb header_font=\u00bbAverta regular||||||||\u00bb header_font_size=\u00bb36px\u00bb header_4_font=\u00bbAverta regular||||||||\u00bb header_4_line_height=\u00bb1.2em\u00bb hover_enabled=\u00bb0&#8243; header_font_size_tablet=\u00bb30px\u00bb header_font_size_phone=\u00bb24px\u00bb header_font_size_last_edited=\u00bbon|phone\u00bb sticky_enabled=\u00bb0&#8243;]<\/p>\n<p>Por David Castillo<\/p>\n<p><span style=\"font-weight: 400;\">A la espera del gran novelista que nos traiga bajo el brazo la gran novela sobre Barcelona, otras realidades se van filtrando por el imaginario cultural de la ciudad. El debate viene de lejos y hace a\u00f1os nadie dudaba de situar <\/span><i><span style=\"font-weight: 400;\">La ciudad de los prodigios<\/span><\/i><span style=\"font-weight: 400;\"> de mediados de los a\u00f1os ochenta, como el texto m\u00e1s aproximado al deseo de novela que esper\u00e1bamos, una especie de mes\u00edas para la filolog\u00eda. En algunos momentos, F\u00e9lix Az\u00faa se invent\u00f3 el t\u00e9rmino \u00abtit\u00e1nico\u00bb para definir el estado est\u00e9ril de la ciudad preol\u00edmpica, y algunos como Vicen\u00e7 Villatoro fueron capaces de superar el canto del cisne con la elaboraci\u00f3n de un mundo que se hund\u00eda. Parecido a lo que ha hecho este a\u00f1o Ada Castells\u00a0 en <\/span><i><span style=\"font-weight: 400;\">Solast\u00e0lgia<\/span><\/i><span style=\"font-weight: 400;\">, Villatoro utilizaba en 1990 unas lluvias torrenciales para describir en <\/span><i><span style=\"font-weight: 400;\">Tit\u00e0nic<\/span><\/i><span style=\"font-weight: 400;\"> la mirada de un reportero que llega a Barcelona con el prop\u00f3sito de retratar una ciudad, que en aquel caso, m\u00e1s que hundirse se inundaba. Todav\u00eda se recordaba la pol\u00e9mica y el efecto metaf\u00f3rico del texto lo reforzaba. Hoy, seca y sucia como no lo ha estado nunca \u2013parece que en las \u00faltimas semanas ha mejorado el servicio de recogida de basuras\u2013, Barcelona contin\u00faa sin una novela definitiva. \u00bfLa tendremos? Respuesta muda. Seguramente es una entelequia.<\/span><\/p>\n<p><span style=\"font-weight: 400;\">Mientras tanto podr\u00edamos diferenciar diferentes periodos de la novela en nuestra ciudad, \u00ab<\/span><span style=\"font-weight: 400;\">norte de toda la caballer\u00eda andante\u00bb<\/span><span style=\"font-weight: 400;\">. El estreno es en la segunda parte del Quijote, donde el caballero sufre todo tipo de vicisitudes, describe a los catalanes seg\u00fan el bosque de colgados donde duerme, se enamora del esp\u00edritu, describe los rostros morenos de los habitantes y, finalmente, abandona las armas y vuelve a la realidad despu\u00e9s de un duelo grotesco. En Barcelona, el Quijote vuelve a la triste realidad, que nosotros hemos sufrido con todas sus consecuencias. Hace a\u00f1os, cuando la mayor\u00eda todav\u00eda nos chup\u00e1bamos el dedo, Ram\u00f3n de Espa\u00f1a reivindic\u00f3 las historias barcelonesas de Carles Soldevila, autor que dif\u00edcilmente sale en las quinielas sobre la gran novela. Seguramente las obras de Soldevila son ligeras, pero la calidad resulta irrefutable.\u00a0<\/span><\/p>\n<p><span style=\"font-weight: 400;\">No podemos evitar mencionar las novelas de Juli Vallmitjana, singularmente <\/span><i><span style=\"font-weight: 400;\">La xava<\/span><\/i><span style=\"font-weight: 400;\"> y <\/span><i><span style=\"font-weight: 400;\">Sota Monju\u00efc<\/span><\/i><span style=\"font-weight: 400;\">, que Ediciones 1984 recuper\u00f3 hace una d\u00e9cada. Vallmitjana ser\u00eda en la literatura lo que Nonell \u2013amigo suyo\u2013 ha significado para la pintura. El gran coloso de la literatura catalana moderna, Josep Pla, tambi\u00e9n abord\u00f3 la ciudad en sus textos narrativos. Con la cita obligatoria de<\/span><span style=\"font-weight: 400;\"> El quadern gris (1966), as\u00ed como las refulgentes <\/span><i><span style=\"font-weight: 400;\">Barcelona, una discusi\u00f3 entranyable<\/span><\/i><span style=\"font-weight: 400;\">, <\/span><span style=\"font-weight: 400;\">de <\/span><span style=\"font-weight: 400;\">1956 y <\/span><i><span style=\"font-weight: 400;\">Un se\u00f1or de Barcelona<\/span><\/i><span style=\"font-weight: 400;\">, de 1951, entre muchas otras. En sus <\/span><i><span style=\"font-weight: 400;\">Homenots<\/span><\/i><span style=\"font-weight: 400;\"> nos puede ense\u00f1ar desde barones de la burgues\u00eda barcelonesa a los artistas como Manolo Hugu\u00e9 o trazar una gu\u00eda del anarquista en el cap\u00edtulo dedicado a Andreu Nin. Pla coloca el list\u00f3n siempre tan alto, que todos lo dem\u00e1s parecemos de categor\u00edas inferiores. La mayor\u00eda de las visiones, tanto las descripciones de la calle Aribau, que tambi\u00e9n pint\u00f3 de manera magistral Carmen Laforet en <\/span><i><span style=\"font-weight: 400;\">Nada<\/span><\/i><span style=\"font-weight: 400;\">, de 1945, son del centro, Casco Antiguo y Ensanche. Los franceses tienen predilecci\u00f3n por el Barrio Chino, desde Genet, Carco y Pyere de Mandiargues a parte del m\u00e1s reciente <\/span><span style=\"font-weight: 400;\">Mathias Enard, que en <\/span><i><span style=\"font-weight: 400;\">Carrer Robadors<\/span><\/i><span style=\"font-weight: 400;\"> hizo un fresco inigualable del mundo de la emigraci\u00f3n, m\u00e1s all\u00e1 de nuestras derivas localistas o nacionalistas. El Barrio Chino y el Raval han tenido cronistas ilustres, como Manuel V\u00e1zquez Montalb\u00e1n, con toda la serie del detective Carvalho, o su amiga Maruja Torres, que presenta un dibujo l\u00fagubre de las calles sin sol, ropa tendida e insalubridad, y narra con la sinceridad de una vecina, lejos del entusiasmo por la ciudad que vivieron Henry Miller o Ernest Hemingway. Del Barrio Chino, pero desde los ojos de la alta burgues\u00eda, aparece <\/span><i><span style=\"font-weight: 400;\">Vida privada<\/span><\/i><span style=\"font-weight: 400;\">, novela \u00fanica y magistral de Josep Maria de Sagarra, otro diez en nuestra lista. Y m\u00e1s recientemente, los desaparecidos Francisco Gonz\u00e1lez Ledesma y Francisco Casavella, que desde Sant Antoni fijaba los ojos por las azoteas hasta cruzar la ronda. Dejaremos de lado la generaci\u00f3n de la Guerra Civil y la literatura popular de la \u00e9poca, llena de memorialistas y autobiograf\u00edas, ya se digan Benguerel, Calders, Art\u00eds, Sempronio y Tasis hasta desembocar en Maria Aur\u00e8lia Capmany, Pedrolo, Rabinad y Ledesma. Tampoco sudamericanos, de Garc\u00eda M\u00e1rquez y Donoso hasta Bola\u00f1o. O los j\u00f3venes capitaneados por Andreu Gomila, Kiko Amat, Albert Forns, Jordi Nopca o Josep Roca, por no citar dos extrarradios totales: la poligonera Anna Ballbona y Javier P\u00e9rez And\u00fajar, que siempre nos sorprende con su narrativa de calidoscopio.<\/span><\/p>\n<p><span style=\"font-weight: 400;\">Haciendo un salto de un buen pu\u00f1ado de estaciones de metro podemos aparecer en los barrios de Gr\u00e0cia y el Guinard\u00f3 recreados por Merc\u00e8 Rodoreda y Juan Mars\u00e9, ambos situ\u00e1ndonos en su juventud, Rodoreda antes de la guerra y en las inclemencias del final del sue\u00f1o revolucionario, y Mars\u00e9 entre los chicos de calle v\u00edctimas de las miserias de la posguerra. La mirada es diferente a la utilizada por Luis Goytisolo \u2013o a los safaris de su hermano Juan por el Chino\u2013 cuando public\u00f3 <\/span><i><span style=\"font-weight: 400;\">Las afueras<\/span><\/i><span style=\"font-weight: 400;\">, primer premio Biblioteca de 1958. Debemos valorar que el centro de Barcelona es uno de los imaginarios urbanos m\u00e1s importantes del mundo, lo que afecta tambi\u00e9n a nuestra literatura. S\u00f3lo Rub\u00e9n Dar\u00edo sube hasta los Penitentes, pero para purgar sus adicciones. O Joan Perucho en la monta\u00f1a del Carmel, pero en las unidades del antia\u00e9reo, que hoy se ha convertido en el gran mirador tur\u00edstico. M\u00e0rius Serra nos abr\u00eda los paisajes de Horta, Carlos Zan\u00f3n los del Guinard\u00f3 y Quim Monz\u00f3 saltaba con sus personajes tanto como lo hac\u00eda V\u00edctor Nubla en la poco conocida <\/span><i><span style=\"font-weight: 400;\">El regal de Gliese<\/span><\/i><span style=\"font-weight: 400;\">, entre otras. Miembros de la generaci\u00f3n de los setenta como los hermanos Terenci y Anna Maria Moix, Maria Ant\u00f2nia Oliver, Montserrat Roig, Carme Riera, Oriol Pi de Cabanyes, Jaume Cabr\u00e9, Quim Soler, Joan Rend\u00e9, Jes\u00fas Moncada, Jaume Fuster, Isidre Grau \u2013con su territorio m\u00edtico, tambi\u00e9n metropolitano\u2013 o de los posteriores, como Miquel de Palol, Merc\u00e8 Ibarz, Rafael Vallbona,\u00a0 Llu\u00eds-Anton Baulenas, Juli\u00e0 Guillamon o la divertida <\/span><i><span style=\"font-weight: 400;\">La gran novel\u00b7la sobre Barcelona<\/span><\/i><span style=\"font-weight: 400;\"> de Sergi P\u00e0mies, que por no ser no era ni novela sino una s\u00e1tira sobre los t\u00f3picos en forma de relatos breves.<\/span><\/p>\n<p><span style=\"font-weight: 400;\">Las fuerzas centr\u00edfugas y centr\u00edpetas sobre la ciudad nos proyectan indefectiblemente sobre el plano del metro de la ciudad centro y estaciones pr\u00f3ximas. S\u00f3lo otro narrador magistral, Juli\u00e0 de J\u00f2dar abri\u00f3 la l\u00ednea en un gran angular con la trilog\u00eda <\/span><i><span style=\"font-weight: 400;\">L&#8217;atzar i les ombres<\/span><\/i><span style=\"font-weight: 400;\">, que acaba de reeditar Comanegra, y que Quaderns Crema hab\u00eda presentado hace m\u00e1s de veinte a\u00f1os en tres vol\u00famenes. J\u00f3dar la ha reescrita, como hizo Mars\u00e9 con parte de su obra primera. Son decisiones cuestionables, pero no se puede decir nada porque el autor es soberano. En todo caso la relectura no me ha provocado el impacto box\u00edstico de cuando la le\u00ed por primera vez, pero he conservado la sensaci\u00f3n de estar ante una gran aventura, casi extraordinaria, si no reflejara, como en el caso de Mars\u00e9, un clima de decepci\u00f3n moral, contrarrestado por la belleza de la prosa y la voluntad de reflejar tambi\u00e9n el orgullo de clase social, la anarqu\u00eda ideol\u00f3gica y formal.\u00a0<\/span><\/p>\n<p>[\/et_pb_text][et_pb_text admin_label=\u00bbShare \u00bb _builder_version=\u00bb4.8.2&#8243; _module_preset=\u00bbdefault\u00bb width=\u00bb26%\u00bb module_alignment=\u00bbleft\u00bb module_alignment_tablet=\u00bbleft\u00bb module_alignment_phone=\u00bbleft\u00bb module_alignment_last_edited=\u00bbon|phone\u00bb border_width_all=\u00bb0px\u00bb]<\/p>\n<table style=\"border-collapse: collapse; width: 0%; height: 22px; border-color: #000000; border: 2px solid;\">\n<tbody>\n<tr style=\"height: 22px;\">\n<td style=\"width: 11.5332%; height: 22px;\">share:<\/td>\n<td style=\"width: 88.4667%; text-align: justify; vertical-align: middle; height: 22px;\"><div class=\"sfsi_widget sfsi_shortcode_container\"><div class=\"norm_row sfsi_wDiv \"  style=\"width:200px;text-align:left;\"><div style='width:30px; height:30px;margin-left:10px;margin-bottom:5px; ' class='sfsi_wicons shuffeldiv ' ><div class='inerCnt'><a class=' sficn' data-effect='' target='_blank'  href='' id='sfsiid_twitter_icon' style='width:30px;height:30px;opacity:1;'  ><img data-pin-nopin='true' alt='Twitter' title='Twitter' src='https:\/\/rethinkbcn.cat\/wp-content\/plugins\/ultimate-social-media-icons\/images\/icons_theme\/transparent\/transparent_twitter.png' width='30' height='30' style='' class='sfcm sfsi_wicon ' data-effect=''   \/><\/a><div class=\"sfsi_tool_tip_2 twt_tool_bdr sfsiTlleft\" style=\"opacity:0;z-index:-1;\" id=\"sfsiid_twitter\"><span class=\"bot_arow bot_twt_arow\"><\/span><div class=\"sfsi_inside\"><div  class='icon2'><div class='sf_twiter' style='display: inline-block;vertical-align: middle;width: auto;'>\r\n\t\t\t\t\t\t<a target='_blank' href='https:\/\/twitter.com\/intent\/tweet?text=Hey%2C+check+out+this+cool+site+I+found%3A+www.rethinkbcn.cat+%23Topic+via%40my_twitter_name+https:\/\/rethinkbcn.cat\/es\/wp-json\/wp\/v2\/posts\/13673\/' style='display:inline-block' >\r\n\t\t\t\t\t\t\t<img data-pin-nopin= true class='sfsi_wicon' src='https:\/\/rethinkbcn.cat\/wp-content\/plugins\/ultimate-social-media-icons\/images\/share_icons\/Twitter_Tweet\/en_US_Tweet.svg' alt='Tweet' title='Tweet' >\r\n\t\t\t\t\t\t<\/a>\r\n\t\t\t\t\t<\/div><\/div><\/div><\/div><\/div><\/div><div style='width:30px; height:30px;margin-left:10px;margin-bottom:5px; ' class='sfsi_wicons shuffeldiv ' ><div class='inerCnt'><a class=' sficn' data-effect='' target='_blank'  href='' id='sfsiid_linkedin_icon' style='width:30px;height:30px;opacity:1;'  ><img data-pin-nopin='true' alt='' title='' src='https:\/\/rethinkbcn.cat\/wp-content\/plugins\/ultimate-social-media-icons\/images\/icons_theme\/transparent\/transparent_linkedin.png' width='30' height='30' style='' class='sfcm sfsi_wicon ' data-effect=''   \/><\/a><div class=\"sfsi_tool_tip_2 linkedin_tool_bdr sfsiTlleft\" style=\"opacity:0;z-index:-1;\" id=\"sfsiid_linkedin\"><span class=\"bot_arow bot_linkedin_arow\"><\/span><div class=\"sfsi_inside\"><div  class='icon2'><a target='_blank' href=\"https:\/\/www.linkedin.com\/shareArticle?url=https%3A%2F%2Frethinkbcn.cat%2Fes%2Fwp-json%2Fwp%2Fv2%2Fposts%2F13673%2F\"><img class=\"sfsi_wicon\" data-pin-nopin= true alt=\"Share\" title=\"Share\" src=\"https:\/\/rethinkbcn.cat\/wp-content\/plugins\/ultimate-social-media-icons\/images\/share_icons\/Linkedin_Share\/en_US_share.svg\" \/><\/a><\/div><\/div><\/div><\/div><\/div><div style='width:30px; height:30px;margin-left:10px;margin-bottom:5px; ' class='sfsi_wicons shuffeldiv ' ><div class='inerCnt'><a class=' sficn' data-effect='' target='_blank'  href='https:\/\/api.whatsapp.com\/send?text=https:\/\/rethinkbcn.cat\/es\/la-eterna-espera-de-la-gran-novela-metropolitana\/' id='sfsiid_whatsapp_icon' style='width:30px;height:30px;opacity:1;'  ><img data-pin-nopin='true' alt='' title='' src='https:\/\/rethinkbcn.cat\/wp-content\/plugins\/ultimate-social-media-icons\/images\/icons_theme\/transparent\/transparent_whatsapp.png' width='30' height='30' style='' class='sfcm sfsi_wicon ' data-effect=''   \/><\/a><\/div><\/div><div style='width:30px; height:30px;margin-left:10px;margin-bottom:5px; ' class='sfsi_wicons shuffeldiv ' ><div class='inerCnt'><a class=' sficn' data-effect='' target='_blank'  href='https:\/\/api.follow.it\/widgets\/icon\/VUlqbFQ4d1I5d05jbFdNRWdXaThSK0Vza3RBcDZrT3Y4akNldzhxUVBmUFNjQ3dlUnpnQVphRFVNcm40SXZGaFczK01jOFF0SExaMGNIWi9BZy96S2MydkgzaDNWWFBjYU9MbjY5M3lUcjVLYU5TN3NOaEs3VmJ4bytROHI4b1d8eEV6SFU5OTFjQ1B0YkRJNkEzUlJEbEhIWVRkZGM0b0FRTEQyRDlyb2o2UT0=\/OA==\/' id='sfsiid_email_icon' style='width:30px;height:30px;opacity:1;'  ><img data-pin-nopin='true' alt='Follow by Email' title='Follow by Email' src='https:\/\/rethinkbcn.cat\/wp-content\/plugins\/ultimate-social-media-icons\/images\/icons_theme\/transparent\/transparent_email.png' width='30' height='30' style='' class='sfcm sfsi_wicon ' data-effect=''   \/><\/a><\/div><\/div><\/div ><div id=\"sfsi_holder\" class=\"sfsi_holders\" style=\"position: relative; float: left;width:100%;z-index:-1;\"><\/div ><script>window.addEventListener(\"sfsi_functions_loaded\", function() \r\n\t\t\t{\r\n\t\t\t\tif (typeof sfsi_widget_set == \"function\") {\r\n\t\t\t\t\tsfsi_widget_set();\r\n\t\t\t\t}\r\n\t\t\t}); <\/script><div style=\"clear: both;\"><\/div><\/div><\/td>\n<\/tr>\n<\/tbody>\n<\/table>\n<p>[\/et_pb_text][\/et_pb_column][\/et_pb_row][\/et_pb_section][et_pb_section fb_built=\u00bb1&#8243; fullwidth=\u00bbon\u00bb _builder_version=\u00bb4.8.2&#8243; _module_preset=\u00bbdefault\u00bb da_disable_devices=\u00bboff|off|off\u00bb border_width_bottom=\u00bb2px\u00bb da_is_popup=\u00bboff\u00bb da_exit_intent=\u00bboff\u00bb da_has_close=\u00bbon\u00bb da_alt_close=\u00bboff\u00bb da_dark_close=\u00bboff\u00bb da_not_modal=\u00bbon\u00bb da_is_singular=\u00bboff\u00bb da_with_loader=\u00bboff\u00bb da_has_shadow=\u00bbon\u00bb][et_pb_fullwidth_code admin_label=\u00bbRatlla horitzontal\u00bb _builder_version=\u00bb4.8.2&#8243; _module_preset=\u00bbdefault\u00bb][\/et_pb_fullwidth_code][\/et_pb_section][et_pb_section fb_built=\u00bb1&#8243; _builder_version=\u00bb4.8.2&#8243; _module_preset=\u00bbdefault\u00bb custom_margin=\u00bb||-30px||false|false\u00bb custom_margin_tablet=\u00bb||-90px||false|false\u00bb custom_margin_phone=\u00bb||-80px||false|false\u00bb custom_margin_last_edited=\u00bbon|phone\u00bb da_disable_devices=\u00bboff|off|off\u00bb da_is_popup=\u00bboff\u00bb da_exit_intent=\u00bboff\u00bb da_has_close=\u00bbon\u00bb da_alt_close=\u00bboff\u00bb da_dark_close=\u00bboff\u00bb da_not_modal=\u00bbon\u00bb da_is_singular=\u00bboff\u00bb da_with_loader=\u00bboff\u00bb da_has_shadow=\u00bbon\u00bb][et_pb_row _builder_version=\u00bb4.8.2&#8243; _module_preset=\u00bbdefault\u00bb][et_pb_column type=\u00bb4_4&#8243; _builder_version=\u00bb4.8.2&#8243; _module_preset=\u00bbdefault\u00bb][et_pb_text admin_label=\u00bbAltres articles\u00bb _builder_version=\u00bb4.9.0&#8243; _module_preset=\u00bbdefault\u00bb]<\/p>\n<h3>ALTRES ARTICLES<\/h3>\n<p><div class='yarpp yarpp-related yarpp-related-shortcode yarpp-template-thumbnails'>\n<!-- YARPP Thumbnails -->\n<h3><\/h3>\n<div class=\"yarpp-thumbnails-horizontal\">\n<a class='yarpp-thumbnail' rel='norewrite' href='https:\/\/rethinkbcn.cat\/es\/como-se-construye-la-barcelona-del-futuro-cinco-visiones-complementarias\/' title='C\u00d3MO SE CONSTRUYE LA BARCELONA DEL FUTURO? CINCO VISIONES COMPLEMENTARIAS'>\n<img width=\"117\" height=\"120\" src=\"https:\/\/rethinkbcn.cat\/wp-content\/uploads\/2021\/01\/confiancam.jpg\" class=\"attachment-yarpp-thumbnail size-yarpp-thumbnail wp-post-image\" alt=\"\" loading=\"lazy\" data-pin-nopin=\"true\" \/><span class=\"yarpp-thumbnail-title\">C\u00d3MO SE CONSTRUYE LA BARCELONA DEL FUTURO? CINCO VISIONES COMPLEMENTARIAS<\/span><\/a>\n<a class='yarpp-thumbnail' rel='norewrite' href='https:\/\/rethinkbcn.cat\/es\/josep-ma-cardellach-unanuevagorvenanzaparalabarcelonametropolitana\/' title='JOSEP M\u00aa CARDELLACH: UNA NUEVA GOVERNANZA PARA LA BARCELONA METROPOLITANA.'>\n<img width=\"117\" height=\"120\" src=\"https:\/\/rethinkbcn.cat\/wp-content\/uploads\/2021\/01\/confiancam.jpg\" class=\"attachment-yarpp-thumbnail size-yarpp-thumbnail wp-post-image\" alt=\"\" loading=\"lazy\" data-pin-nopin=\"true\" \/><span class=\"yarpp-thumbnail-title\">JOSEP M\u00aa CARDELLACH: UNA NUEVA GOVERNANZA PARA LA BARCELONA METROPOLITANA.<\/span><\/a>\n<a class='yarpp-thumbnail' rel='norewrite' href='https:\/\/rethinkbcn.cat\/es\/hector-santcovskymetropolisbarcelona\/' title='H\u00c9CTOR SANTCOVSKY:  METR\u00d3POLIS BARCELONA, EL VALOR DEL TERRITORIO'>\n<img width=\"117\" height=\"120\" src=\"https:\/\/rethinkbcn.cat\/wp-content\/uploads\/2021\/01\/confiancam.jpg\" class=\"attachment-yarpp-thumbnail size-yarpp-thumbnail wp-post-image\" alt=\"\" loading=\"lazy\" data-pin-nopin=\"true\" \/><span class=\"yarpp-thumbnail-title\">H\u00c9CTOR SANTCOVSKY:  METR\u00d3POLIS BARCELONA, EL VALOR DEL TERRITORIO<\/span><\/a>\n<a class='yarpp-thumbnail' rel='norewrite' href='https:\/\/rethinkbcn.cat\/es\/eugeniacarrerespensandolamarcabarcelonaengrande\/' title='EUG\u00c8NIA CARRERES: PENSANDO LA MARCA BARCELONA EN GRANDE'>\n<img width=\"117\" height=\"120\" src=\"https:\/\/rethinkbcn.cat\/wp-content\/uploads\/2021\/01\/confiancam.jpg\" class=\"attachment-yarpp-thumbnail size-yarpp-thumbnail wp-post-image\" alt=\"\" loading=\"lazy\" data-pin-nopin=\"true\" \/><span class=\"yarpp-thumbnail-title\">EUG\u00c8NIA CARRERES: PENSANDO LA MARCA BARCELONA EN GRANDE<\/span><\/a>\n<\/div>\n<\/div>\n[\/et_pb_text][\/et_pb_column][\/et_pb_row][\/et_pb_section][et_pb_section fb_built=\u00bb1&#8243; fullwidth=\u00bbon\u00bb _builder_version=\u00bb4.8.2&#8243; _module_preset=\u00bbdefault\u00bb da_disable_devices=\u00bboff|off|off\u00bb border_width_bottom=\u00bb2px\u00bb da_is_popup=\u00bboff\u00bb da_exit_intent=\u00bboff\u00bb da_has_close=\u00bbon\u00bb da_alt_close=\u00bboff\u00bb da_dark_close=\u00bboff\u00bb da_not_modal=\u00bbon\u00bb da_is_singular=\u00bboff\u00bb da_with_loader=\u00bboff\u00bb da_has_shadow=\u00bbon\u00bb][et_pb_fullwidth_code admin_label=\u00bbRatlla horitzontal\u00bb _builder_version=\u00bb4.8.2&#8243; _module_preset=\u00bbdefault\u00bb][\/et_pb_fullwidth_code][\/et_pb_section]<\/p>\n","protected":false},"excerpt":{"rendered":"<p>El escritor David Castillo repasa las diferentes novelas que han situado en su epicentro la ciudad de Barcelona desde el gran cl\u00e1sico El Quijote hasta nuestros d\u00edas.<\/p>\n","protected":false},"author":6,"featured_media":4844,"comment_status":"open","ping_status":"open","sticky":false,"template":"","format":"standard","meta":{"_et_pb_use_builder":"on","_et_pb_old_content":"","_et_gb_content_width":""},"categories":[92],"tags":[116],"_links":{"self":[{"href":"https:\/\/rethinkbcn.cat\/es\/wp-json\/wp\/v2\/posts\/13673"}],"collection":[{"href":"https:\/\/rethinkbcn.cat\/es\/wp-json\/wp\/v2\/posts"}],"about":[{"href":"https:\/\/rethinkbcn.cat\/es\/wp-json\/wp\/v2\/types\/post"}],"author":[{"embeddable":true,"href":"https:\/\/rethinkbcn.cat\/es\/wp-json\/wp\/v2\/users\/6"}],"replies":[{"embeddable":true,"href":"https:\/\/rethinkbcn.cat\/es\/wp-json\/wp\/v2\/comments?post=13673"}],"version-history":[{"count":21,"href":"https:\/\/rethinkbcn.cat\/es\/wp-json\/wp\/v2\/posts\/13673\/revisions"}],"predecessor-version":[{"id":13718,"href":"https:\/\/rethinkbcn.cat\/es\/wp-json\/wp\/v2\/posts\/13673\/revisions\/13718"}],"wp:featuredmedia":[{"embeddable":true,"href":"https:\/\/rethinkbcn.cat\/es\/wp-json\/wp\/v2\/media\/4844"}],"wp:attachment":[{"href":"https:\/\/rethinkbcn.cat\/es\/wp-json\/wp\/v2\/media?parent=13673"}],"wp:term":[{"taxonomy":"category","embeddable":true,"href":"https:\/\/rethinkbcn.cat\/es\/wp-json\/wp\/v2\/categories?post=13673"},{"taxonomy":"post_tag","embeddable":true,"href":"https:\/\/rethinkbcn.cat\/es\/wp-json\/wp\/v2\/tags?post=13673"}],"curies":[{"name":"wp","href":"https:\/\/api.w.org\/{rel}","templated":true}]}}