{"id":13598,"date":"2023-04-02T09:00:04","date_gmt":"2023-04-02T07:00:04","guid":{"rendered":"https:\/\/rethinkbcn.cat\/?p=13598"},"modified":"2023-03-28T13:42:50","modified_gmt":"2023-03-28T11:42:50","slug":"dieciocho-objetivos-planteados-por-el-informe-de-rethinkbcn","status":"publish","type":"post","link":"https:\/\/rethinkbcn.cat\/es\/dieciocho-objetivos-planteados-por-el-informe-de-rethinkbcn\/","title":{"rendered":"Dieciocho objetivos planteados por el Informe de RethinkBCN"},"content":{"rendered":"<p>[et_pb_section fb_built=\u00bb1&#8243; disabled_on=\u00bboff|off|off\u00bb _builder_version=\u00bb4.8.2&#8243; _module_preset=\u00bbdefault\u00bb custom_margin=\u00bb||||false|false\u00bb da_disable_devices=\u00bboff|off|off\u00bb da_is_popup=\u00bboff\u00bb da_exit_intent=\u00bboff\u00bb da_has_close=\u00bbon\u00bb da_alt_close=\u00bboff\u00bb da_dark_close=\u00bboff\u00bb da_not_modal=\u00bbon\u00bb da_is_singular=\u00bboff\u00bb da_with_loader=\u00bboff\u00bb da_has_shadow=\u00bbon\u00bb][et_pb_row _builder_version=\u00bb4.8.1&#8243; _module_preset=\u00bbdefault\u00bb][et_pb_column type=\u00bb4_4&#8243; _builder_version=\u00bb4.8.1&#8243; _module_preset=\u00bbdefault\u00bb][et_pb_text admin_label=\u00bbTitular entrada\u00bb _builder_version=\u00bb4.9.0&#8243; _module_preset=\u00bbdefault\u00bb text_font=\u00bbAverta Light||||||||\u00bb header_font_size=\u00bb36px\u00bb header_4_font=\u00bbAverta regular||||||||\u00bb header_4_font_size=\u00bb20px\u00bb header_4_line_height=\u00bb1.6em\u00bb header_5_line_height=\u00bb1.6em\u00bb header_6_font=\u00bbAverta regular||||||||\u00bb header_6_font_size=\u00bb16px\u00bb header_6_line_height=\u00bb1.2em\u00bb hover_enabled=\u00bb0&#8243; header_font_size_tablet=\u00bb30px\u00bb header_font_size_phone=\u00bb24px\u00bb header_font_size_last_edited=\u00bbon|phone\u00bb header_6_font_size_tablet=\u00bb\u00bb header_6_font_size_phone=\u00bb16px\u00bb header_6_font_size_last_edited=\u00bbon|phone\u00bb sticky_enabled=\u00bb0&#8243;]<\/p>\n<h1 style=\"text-align: center;\">Dieciocho objetivos planteados por el Informe de RethinkBCN<\/h1>\n<p>[\/et_pb_text][et_pb_image title_text=\u00bbthumbnail_BCN C.E.S._029&#8243; admin_label=\u00bbImatge entrada\u00bb _builder_version=\u00bb4.9.0&#8243; _module_preset=\u00bbdefault\u00bb][\/et_pb_image][et_pb_text admin_label=\u00bbCodi \u00e0udio\u00bb _builder_version=\u00bb4.9.0&#8243; _module_preset=\u00bbdefault\u00bb][\/et_pb_text][et_pb_text disabled_on=\u00bbon|on|off\u00bb admin_label=\u00bbText entrada escriptori\u00bb _builder_version=\u00bb4.9.0&#8243; _module_preset=\u00bbdefault\u00bb text_font=\u00bbAverta Light||||||||\u00bb header_font_size=\u00bb36px\u00bb header_4_font=\u00bbAverta regular||||||||\u00bb header_4_font_size=\u00bb20px\u00bb header_4_line_height=\u00bb1.6em\u00bb header_5_line_height=\u00bb1.6em\u00bb header_6_font=\u00bbAverta regular||||||||\u00bb header_6_font_size=\u00bb16px\u00bb header_6_line_height=\u00bb1.5em\u00bb hover_enabled=\u00bb0&#8243; header_font_size_tablet=\u00bb30px\u00bb header_font_size_phone=\u00bb24px\u00bb header_font_size_last_edited=\u00bbon|phone\u00bb header_6_font_size_tablet=\u00bb\u00bb header_6_font_size_phone=\u00bb14px\u00bb header_6_font_size_last_edited=\u00bbon|phone\u00bb sticky_enabled=\u00bb0&#8243;]<\/p>\n<p>Los objetivos planteados por el Informe 2022 elaborado por RethinkBCN, Repensar la metr\u00f3poli. El reto metropolitano, se\u00f1alan, entre otros temas, la necesidad de redefinir y renombrar el \u00c1rea metropolitana y de generar nuevas centralidades. Desarrollar las infraestructuras tecnol\u00f3gicas para luchar contra la brecha digital es otro de los retos marcados, sin olvidar la entronizaci\u00f3n de la cultura como uno de los ejes principales del impulso econ\u00f3mico.<\/p>\n<p>Clica <a href=\"https:\/\/docdro.id\/Hh8SQ9S\">aqu\u00ed<\/a> para leer el informe entero.<\/p>\n<p>[\/et_pb_text][et_pb_text disabled_on=\u00bboff|off|on\u00bb admin_label=\u00bbText entrada tablet i m\u00f2bil\u00bb _builder_version=\u00bb4.9.0&#8243; _module_preset=\u00bbdefault\u00bb text_font=\u00bbAverta Light||||||||\u00bb header_font=\u00bbAverta regular||||||||\u00bb header_font_size=\u00bb36px\u00bb header_4_font=\u00bbAverta regular||||||||\u00bb header_4_line_height=\u00bb1.2em\u00bb hover_enabled=\u00bb0&#8243; header_font_size_tablet=\u00bb30px\u00bb header_font_size_phone=\u00bb24px\u00bb header_font_size_last_edited=\u00bbon|phone\u00bb sticky_enabled=\u00bb0&#8243;]<\/p>\n<p>Los objetivos planteados por el Informe 2022 elaborado por RethinkBCN, Repensar la metr\u00f3poli. El reto metropolitano, se\u00f1alan, entre otros temas, la necesidad de redefinir y renombrar el \u00c1rea metropolitana y de generar nuevas centralidades. Desarrollar las infraestructuras tecnol\u00f3gicas para luchar contra la brecha digital es otro de los retos marcados, sin olvidar la entronizaci\u00f3n de la cultura como uno de los ejes principales del impulso econ\u00f3mico.<\/p>\n<p>Clica <a href=\"https:\/\/docdro.id\/Hh8SQ9S\">aqu\u00ed<\/a> para leer el informe entero.<\/p>\n<p>[\/et_pb_text][et_pb_text admin_label=\u00bbShare \u00bb _builder_version=\u00bb4.8.2&#8243; _module_preset=\u00bbdefault\u00bb width=\u00bb26%\u00bb module_alignment=\u00bbleft\u00bb module_alignment_tablet=\u00bbleft\u00bb module_alignment_phone=\u00bbleft\u00bb module_alignment_last_edited=\u00bbon|phone\u00bb border_width_all=\u00bb0px\u00bb]<\/p>\n<table style=\"border-collapse: collapse; width: 0%; height: 22px; border-color: #000000; border: 2px solid;\">\n<tbody>\n<tr style=\"height: 22px;\">\n<td style=\"width: 11.5332%; height: 22px;\">share:<\/td>\n<td style=\"width: 88.4667%; text-align: justify; vertical-align: middle; height: 22px;\"><div class=\"sfsi_widget sfsi_shortcode_container\"><div class=\"norm_row sfsi_wDiv \"  style=\"width:200px;text-align:left;\"><div style='width:30px; height:30px;margin-left:10px;margin-bottom:5px; ' class='sfsi_wicons shuffeldiv ' ><div class='inerCnt'><a class=' sficn' data-effect='' target='_blank'  href='' id='sfsiid_twitter_icon' style='width:30px;height:30px;opacity:1;'  ><img data-pin-nopin='true' alt='Twitter' title='Twitter' src='https:\/\/rethinkbcn.cat\/wp-content\/plugins\/ultimate-social-media-icons\/images\/icons_theme\/transparent\/transparent_twitter.png' width='30' height='30' style='' class='sfcm sfsi_wicon ' data-effect=''   \/><\/a><div class=\"sfsi_tool_tip_2 twt_tool_bdr sfsiTlleft\" style=\"opacity:0;z-index:-1;\" id=\"sfsiid_twitter\"><span class=\"bot_arow bot_twt_arow\"><\/span><div class=\"sfsi_inside\"><div  class='icon2'><div class='sf_twiter' style='display: inline-block;vertical-align: middle;width: auto;'>\r\n\t\t\t\t\t\t<a target='_blank' href='https:\/\/twitter.com\/intent\/tweet?text=Hey%2C+check+out+this+cool+site+I+found%3A+www.rethinkbcn.cat+%23Topic+via%40my_twitter_name+https:\/\/rethinkbcn.cat\/es\/wp-json\/wp\/v2\/posts\/13598\/' style='display:inline-block' >\r\n\t\t\t\t\t\t\t<img data-pin-nopin= true class='sfsi_wicon' src='https:\/\/rethinkbcn.cat\/wp-content\/plugins\/ultimate-social-media-icons\/images\/share_icons\/Twitter_Tweet\/en_US_Tweet.svg' alt='Tweet' title='Tweet' >\r\n\t\t\t\t\t\t<\/a>\r\n\t\t\t\t\t<\/div><\/div><\/div><\/div><\/div><\/div><div style='width:30px; height:30px;margin-left:10px;margin-bottom:5px; ' class='sfsi_wicons shuffeldiv ' ><div class='inerCnt'><a class=' sficn' data-effect='' target='_blank'  href='' id='sfsiid_linkedin_icon' style='width:30px;height:30px;opacity:1;'  ><img data-pin-nopin='true' alt='' title='' src='https:\/\/rethinkbcn.cat\/wp-content\/plugins\/ultimate-social-media-icons\/images\/icons_theme\/transparent\/transparent_linkedin.png' width='30' height='30' style='' class='sfcm sfsi_wicon ' data-effect=''   \/><\/a><div class=\"sfsi_tool_tip_2 linkedin_tool_bdr sfsiTlleft\" style=\"opacity:0;z-index:-1;\" id=\"sfsiid_linkedin\"><span class=\"bot_arow bot_linkedin_arow\"><\/span><div class=\"sfsi_inside\"><div  class='icon2'><a target='_blank' href=\"https:\/\/www.linkedin.com\/shareArticle?url=https%3A%2F%2Frethinkbcn.cat%2Fes%2Fwp-json%2Fwp%2Fv2%2Fposts%2F13598%2F\"><img class=\"sfsi_wicon\" data-pin-nopin= true alt=\"Share\" title=\"Share\" src=\"https:\/\/rethinkbcn.cat\/wp-content\/plugins\/ultimate-social-media-icons\/images\/share_icons\/Linkedin_Share\/en_US_share.svg\" \/><\/a><\/div><\/div><\/div><\/div><\/div><div style='width:30px; height:30px;margin-left:10px;margin-bottom:5px; ' class='sfsi_wicons shuffeldiv ' ><div class='inerCnt'><a class=' sficn' data-effect='' target='_blank'  href='https:\/\/api.whatsapp.com\/send?text=https:\/\/rethinkbcn.cat\/es\/dieciocho-objetivos-planteados-por-el-informe-de-rethinkbcn\/' id='sfsiid_whatsapp_icon' style='width:30px;height:30px;opacity:1;'  ><img data-pin-nopin='true' alt='' title='' src='https:\/\/rethinkbcn.cat\/wp-content\/plugins\/ultimate-social-media-icons\/images\/icons_theme\/transparent\/transparent_whatsapp.png' width='30' height='30' style='' class='sfcm sfsi_wicon ' data-effect=''   \/><\/a><\/div><\/div><div style='width:30px; height:30px;margin-left:10px;margin-bottom:5px; ' class='sfsi_wicons shuffeldiv ' ><div class='inerCnt'><a class=' sficn' data-effect='' target='_blank'  href='https:\/\/api.follow.it\/widgets\/icon\/VUlqbFQ4d1I5d05jbFdNRWdXaThSK0Vza3RBcDZrT3Y4akNldzhxUVBmUFNjQ3dlUnpnQVphRFVNcm40SXZGaFczK01jOFF0SExaMGNIWi9BZy96S2MydkgzaDNWWFBjYU9MbjY5M3lUcjVLYU5TN3NOaEs3VmJ4bytROHI4b1d8eEV6SFU5OTFjQ1B0YkRJNkEzUlJEbEhIWVRkZGM0b0FRTEQyRDlyb2o2UT0=\/OA==\/' id='sfsiid_email_icon' style='width:30px;height:30px;opacity:1;'  ><img data-pin-nopin='true' alt='Follow by Email' title='Follow by Email' src='https:\/\/rethinkbcn.cat\/wp-content\/plugins\/ultimate-social-media-icons\/images\/icons_theme\/transparent\/transparent_email.png' width='30' height='30' style='' class='sfcm sfsi_wicon ' data-effect=''   \/><\/a><\/div><\/div><\/div ><div id=\"sfsi_holder\" class=\"sfsi_holders\" style=\"position: relative; float: left;width:100%;z-index:-1;\"><\/div ><script>window.addEventListener(\"sfsi_functions_loaded\", function() \r\n\t\t\t{\r\n\t\t\t\tif (typeof sfsi_widget_set == \"function\") {\r\n\t\t\t\t\tsfsi_widget_set();\r\n\t\t\t\t}\r\n\t\t\t}); <\/script><div style=\"clear: both;\"><\/div><\/div><\/td>\n<\/tr>\n<\/tbody>\n<\/table>\n<p style=\"text-align: left;\">[\/et_pb_text][\/et_pb_column][\/et_pb_row][\/et_pb_section][et_pb_section fb_built=\u00bb1&#8243; fullwidth=\u00bbon\u00bb _builder_version=\u00bb4.8.2&#8243; _module_preset=\u00bbdefault\u00bb da_disable_devices=\u00bboff|off|off\u00bb border_width_bottom=\u00bb2px\u00bb da_is_popup=\u00bboff\u00bb da_exit_intent=\u00bboff\u00bb da_has_close=\u00bbon\u00bb da_alt_close=\u00bboff\u00bb da_dark_close=\u00bboff\u00bb da_not_modal=\u00bbon\u00bb da_is_singular=\u00bboff\u00bb da_with_loader=\u00bboff\u00bb da_has_shadow=\u00bbon\u00bb][et_pb_fullwidth_code admin_label=\u00bbRatlla horitzontal\u00bb _builder_version=\u00bb4.8.2&#8243; _module_preset=\u00bbdefault\u00bb][\/et_pb_fullwidth_code][\/et_pb_section][et_pb_section fb_built=\u00bb1&#8243; _builder_version=\u00bb4.8.2&#8243; _module_preset=\u00bbdefault\u00bb custom_margin=\u00bb||-30px||false|false\u00bb custom_margin_tablet=\u00bb||-90px||false|false\u00bb custom_margin_phone=\u00bb||-80px||false|false\u00bb custom_margin_last_edited=\u00bbon|phone\u00bb da_disable_devices=\u00bboff|off|off\u00bb da_is_popup=\u00bboff\u00bb da_exit_intent=\u00bboff\u00bb da_has_close=\u00bbon\u00bb da_alt_close=\u00bboff\u00bb da_dark_close=\u00bboff\u00bb da_not_modal=\u00bbon\u00bb da_is_singular=\u00bboff\u00bb da_with_loader=\u00bboff\u00bb da_has_shadow=\u00bbon\u00bb][et_pb_row _builder_version=\u00bb4.8.2&#8243; _module_preset=\u00bbdefault\u00bb][et_pb_column type=\u00bb4_4&#8243; _builder_version=\u00bb4.8.2&#8243; _module_preset=\u00bbdefault\u00bb][et_pb_text admin_label=\u00bbAltres articles\u00bb _builder_version=\u00bb4.9.0&#8243; _module_preset=\u00bbdefault\u00bb]<\/p>\n<h3>OTROS ART\u00cdCULOS<\/h3>\n<p style=\"text-align: left;\"><div class='yarpp yarpp-related yarpp-related-shortcode yarpp-template-thumbnails'>\n<!-- YARPP Thumbnails -->\n<h3><\/h3>\n<div class=\"yarpp-thumbnails-horizontal\">\n<a class='yarpp-thumbnail' rel='norewrite' href='https:\/\/rethinkbcn.cat\/es\/barcelona-metropolis-a-debate\/' title='\u00a0BARCELONA METROPOLIS A DEBATE'>\n<img width=\"117\" height=\"120\" src=\"https:\/\/rethinkbcn.cat\/wp-content\/uploads\/2021\/01\/barcelona-metropolism.jpg\" class=\"attachment-yarpp-thumbnail size-yarpp-thumbnail wp-post-image\" alt=\"\" loading=\"lazy\" data-pin-nopin=\"true\" \/><span class=\"yarpp-thumbnail-title\">\u00a0BARCELONA METROPOLIS A DEBATE<\/span><\/a>\n<a class='yarpp-thumbnail' rel='norewrite' href='https:\/\/rethinkbcn.cat\/es\/algunos-de-los-interrogantes-de-la-metropolis-postpandemia-2\/' title='ALGUNOS DE LOS INTERROGANTES DE LA METROP\u00d3LIS POSTPANDEMIA'>\n<img width=\"117\" height=\"120\" src=\"https:\/\/rethinkbcn.cat\/wp-content\/uploads\/2021\/01\/barcelona-metropolism.jpg\" class=\"attachment-yarpp-thumbnail size-yarpp-thumbnail wp-post-image\" alt=\"\" loading=\"lazy\" data-pin-nopin=\"true\" \/><span class=\"yarpp-thumbnail-title\">ALGUNOS DE LOS INTERROGANTES DE LA METROP\u00d3LIS POSTPANDEMIA<\/span><\/a>\n<a class='yarpp-thumbnail' rel='norewrite' href='https:\/\/rethinkbcn.cat\/es\/rrepensar-la-metropolis-resumen\/' title='REFLEXIONES ENTORNO A LA METR\u00d3POLI'>\n<img width=\"117\" height=\"120\" src=\"https:\/\/rethinkbcn.cat\/wp-content\/uploads\/2021\/01\/barcelona-metropolism.jpg\" class=\"attachment-yarpp-thumbnail size-yarpp-thumbnail wp-post-image\" alt=\"\" loading=\"lazy\" data-pin-nopin=\"true\" \/><span class=\"yarpp-thumbnail-title\">REFLEXIONES ENTORNO A LA METR\u00d3POLI<\/span><\/a>\n<a class='yarpp-thumbnail' rel='norewrite' href='https:\/\/rethinkbcn.cat\/es\/donairecronicadeunproyectoinacabado\/' title='JOS\u00c9 A. DONAIRE: EL \u00c1REA METROPOLITANA DE BARCELONA. CR\u00d3NICA DE UN PROYECTO INACABADO'>\n<img width=\"117\" height=\"120\" src=\"https:\/\/rethinkbcn.cat\/wp-content\/uploads\/2021\/01\/barcelona-metropolism.jpg\" class=\"attachment-yarpp-thumbnail size-yarpp-thumbnail wp-post-image\" alt=\"\" loading=\"lazy\" data-pin-nopin=\"true\" \/><span class=\"yarpp-thumbnail-title\">JOS\u00c9 A. DONAIRE: EL \u00c1REA METROPOLITANA DE BARCELONA. CR\u00d3NICA DE UN PROYECTO INACABADO<\/span><\/a>\n<\/div>\n<\/div>\n<\/p>\n<p style=\"text-align: left;\">[\/et_pb_text][\/et_pb_column][\/et_pb_row][\/et_pb_section]<\/p>\n","protected":false},"excerpt":{"rendered":"<p>Los objetivos planteados por el Informe 2022 elaborado por RethinkBCN, Repensar la metr\u00f3poli.<br \/>\nEl reto metropolitano, se\u00f1alan, entre otros temas, la necesidad de redefinir y renombrar el \u00c1rea metropolitana y de generar nuevas centralidades.<\/p>\n","protected":false},"author":6,"featured_media":4844,"comment_status":"open","ping_status":"open","sticky":false,"template":"","format":"standard","meta":{"_et_pb_use_builder":"on","_et_pb_old_content":"","_et_gb_content_width":""},"categories":[73],"tags":[80],"_links":{"self":[{"href":"https:\/\/rethinkbcn.cat\/es\/wp-json\/wp\/v2\/posts\/13598"}],"collection":[{"href":"https:\/\/rethinkbcn.cat\/es\/wp-json\/wp\/v2\/posts"}],"about":[{"href":"https:\/\/rethinkbcn.cat\/es\/wp-json\/wp\/v2\/types\/post"}],"author":[{"embeddable":true,"href":"https:\/\/rethinkbcn.cat\/es\/wp-json\/wp\/v2\/users\/6"}],"replies":[{"embeddable":true,"href":"https:\/\/rethinkbcn.cat\/es\/wp-json\/wp\/v2\/comments?post=13598"}],"version-history":[{"count":9,"href":"https:\/\/rethinkbcn.cat\/es\/wp-json\/wp\/v2\/posts\/13598\/revisions"}],"predecessor-version":[{"id":13620,"href":"https:\/\/rethinkbcn.cat\/es\/wp-json\/wp\/v2\/posts\/13598\/revisions\/13620"}],"wp:featuredmedia":[{"embeddable":true,"href":"https:\/\/rethinkbcn.cat\/es\/wp-json\/wp\/v2\/media\/4844"}],"wp:attachment":[{"href":"https:\/\/rethinkbcn.cat\/es\/wp-json\/wp\/v2\/media?parent=13598"}],"wp:term":[{"taxonomy":"category","embeddable":true,"href":"https:\/\/rethinkbcn.cat\/es\/wp-json\/wp\/v2\/categories?post=13598"},{"taxonomy":"post_tag","embeddable":true,"href":"https:\/\/rethinkbcn.cat\/es\/wp-json\/wp\/v2\/tags?post=13598"}],"curies":[{"name":"wp","href":"https:\/\/api.w.org\/{rel}","templated":true}]}}