{"id":11134,"date":"2022-07-02T20:00:54","date_gmt":"2022-07-02T18:00:54","guid":{"rendered":"https:\/\/rethinkbcn.cat\/?p=11134"},"modified":"2022-07-03T00:36:06","modified_gmt":"2022-07-02T22:36:06","slug":"carlos-losada-los-grandes-retos-de-barcelona-son-un-aeropuerto-potente-el-conocimiento-y-la-equidad","status":"publish","type":"post","link":"https:\/\/rethinkbcn.cat\/es\/carlos-losada-los-grandes-retos-de-barcelona-son-un-aeropuerto-potente-el-conocimiento-y-la-equidad\/","title":{"rendered":"CARLOS LOSADA: \u00abLOS GRANDES RETOS DE BARCELONA SON UN AEROPUERTO POTENTE, EL CONOCIMIENTO Y LA EQUIDAD\u00bb"},"content":{"rendered":"<p>[et_pb_section fb_built=\u00bb1&#8243; disabled_on=\u00bboff|off|off\u00bb _builder_version=\u00bb4.8.2&#8243; _module_preset=\u00bbdefault\u00bb custom_margin=\u00bb||||false|false\u00bb da_disable_devices=\u00bboff|off|off\u00bb da_is_popup=\u00bboff\u00bb da_exit_intent=\u00bboff\u00bb da_has_close=\u00bbon\u00bb da_alt_close=\u00bboff\u00bb da_dark_close=\u00bboff\u00bb da_not_modal=\u00bbon\u00bb da_is_singular=\u00bboff\u00bb da_with_loader=\u00bboff\u00bb da_has_shadow=\u00bbon\u00bb][et_pb_row _builder_version=\u00bb4.8.1&#8243; _module_preset=\u00bbdefault\u00bb][et_pb_column type=\u00bb4_4&#8243; _builder_version=\u00bb4.8.1&#8243; _module_preset=\u00bbdefault\u00bb][et_pb_text admin_label=\u00bbTitular entrada\u00bb _builder_version=\u00bb4.9.0&#8243; _module_preset=\u00bbdefault\u00bb text_font=\u00bbAverta Light||||||||\u00bb header_font_size=\u00bb36px\u00bb header_4_font=\u00bbAverta regular||||||||\u00bb header_4_font_size=\u00bb20px\u00bb header_4_line_height=\u00bb1.6em\u00bb header_5_line_height=\u00bb1.6em\u00bb header_6_font=\u00bbAverta regular||||||||\u00bb header_6_font_size=\u00bb16px\u00bb header_6_line_height=\u00bb1.2em\u00bb hover_enabled=\u00bb0&#8243; header_font_size_tablet=\u00bb30px\u00bb header_font_size_phone=\u00bb24px\u00bb header_font_size_last_edited=\u00bbon|phone\u00bb header_6_font_size_tablet=\u00bb\u00bb header_6_font_size_phone=\u00bb16px\u00bb header_6_font_size_last_edited=\u00bbon|phone\u00bb sticky_enabled=\u00bb0&#8243;]<\/p>\n<h1 style=\"text-align: center\">CARLOS LOSADA: \u00abLOS GRANDES RETOS DE BARCELONA SON UN AEROPUERTO POTENTE, EL CONOCIMIENTO Y LA EQUIDAD\u00bb<\/h1>\n<h6 style=\"text-align: center\">El profesor y exdirector general de ESADE cree que la crisis demogr\u00e1fica, la transformaci\u00f3n tecnol\u00f3gica y ocupacional y las desigualdades marcan la agenda barcelonesa, catalana, espa\u00f1ola y europea en un entorno carecido de proyectos compartidos<\/h6>\n<p>[\/et_pb_text][et_pb_image src=\u00bbhttps:\/\/rethinkbcn.cat\/wp-content\/uploads\/2032\/05\/FOTO-CARLOS-LOSADA-1.jpg\u00bb title_text=\u00bbFOTO CARLOS LOSADA 1&#8243; align=\u00bbcenter\u00bb admin_label=\u00bbImatge entrada\u00bb _builder_version=\u00bb4.9.0&#8243; _module_preset=\u00bbdefault\u00bb][\/et_pb_image][et_pb_text disabled_on=\u00bbon|on|off\u00bb admin_label=\u00bbText entrada escriptori\u00bb _builder_version=\u00bb4.9.0&#8243; _module_preset=\u00bbdefault\u00bb text_font=\u00bbAverta Light||||||||\u00bb header_font_size=\u00bb36px\u00bb header_4_font=\u00bbAverta regular||||||||\u00bb header_4_font_size=\u00bb20px\u00bb header_4_line_height=\u00bb1.6em\u00bb header_5_line_height=\u00bb1.6em\u00bb header_6_font=\u00bbAverta regular||||||||\u00bb header_6_font_size=\u00bb16px\u00bb header_6_line_height=\u00bb1.5em\u00bb hover_enabled=\u00bb0&#8243; header_font_size_tablet=\u00bb30px\u00bb header_font_size_phone=\u00bb24px\u00bb header_font_size_last_edited=\u00bbon|phone\u00bb header_6_font_size_tablet=\u00bb\u00bb header_6_font_size_phone=\u00bb14px\u00bb header_6_font_size_last_edited=\u00bbon|phone\u00bb sticky_enabled=\u00bb0&#8243;]<\/p>\n<p>Per <strong>Rafael Pradas<\/strong><\/p>\n<p style=\"text-align: justify\">Carlos Losada es doctor en Direcci\u00f3n y Administraci\u00f3n de Empresas y licenciado en Derecho. Es profesor del Departamento de Direcci\u00f3n General y Estrategia de ESADE, instituci\u00f3n de la que ha estado director general a lo largo de diez a\u00f1os, entre 2000 y 2010. Ha ejercido varios cargos de direcci\u00f3n, tanto en el sector privado como en el p\u00fablico, entre ellos el de secretario general de Administraci\u00f3n y Funci\u00f3n P\u00fablica de la Generalitat, ha trabajado tambi\u00e9n en el Banco Interamericano de Desarrollo en Washington DC y mantiene un v\u00ednculo estrecho con el tercer sector. Ha compaginado la actividad acad\u00e9mica con la pertenencia a varios \u00f3rganos de gobierno, entre los cuales destacan los consejos de administraci\u00f3n de Gas Natural Fenosa (Espa\u00f1a), de la SFL (Francia) y de la empresa europea InnoEnergy (Holanda), y el Consejo Asesor de la Fundaci\u00f3n Pr\u00edncipe de Girona. Miembro de varios patronatos, hoy preside la federaci\u00f3n de Universidades Jesuitas en Espa\u00f1a y es miembro del World Council de la IAJU. De profundas convicciones dem\u00f3crata cristianas, ha sido uno de los fundadores de Units per Avan\u00e7ar.<\/p>\n<p style=\"text-align: justify\"><strong>-\u00bfEn qu\u00e9 contexto global se tiene que mover Barcelona?<\/strong><br \/>-Un aspecto fundamental del contexto global, que no siempre tenemos bastante presente, es el cambio demogr\u00e1fico: en el mundo habr\u00e1 una transformaci\u00f3n los pr\u00f3ximos cuarenta a\u00f1os que condicionar\u00e1 muchas de las decisiones pol\u00edticas, en materia de infraestructuras, de natalidad, de jubilaciones,&#8230; que se tendr\u00e1n que tomar. Los cambios demogr\u00e1ficos ya son brutales y los estudios m\u00e1s serios, como los publicados en <em>The Lancet<\/em>, prev\u00e9n una ca\u00edda radical de la poblaci\u00f3n en Espa\u00f1a y Catalu\u00f1a. Es cierto que esto se espera de aqu\u00ed a veinte o treinta a\u00f1os. A la vez se dibuja un crecimiento fort\u00edsimo de poblaci\u00f3n en \u00c1frica y un estancamiento muy importante a los otros continentes y grandes pa\u00edses como China. Esta parte del escenario tiene mucho que ver con movimientos migratorios y por tanto con pol\u00edticas de aceptaci\u00f3n de la inmigraci\u00f3n, una de las pocas cosas que nos pueden permitir crecer como sociedad a medio y largo plazo.<br \/>Otro rasgo caracter\u00edstico del escenario global es todo aquello que afecta a la transformaci\u00f3n tecnol\u00f3gica que quiere decir tambi\u00e9n la transformaci\u00f3n de la ocupaci\u00f3n. Parece ya un t\u00f3pico pero es una certeza que de aqu\u00ed a pocos a\u00f1os la mayor\u00eda de los trabajos de hoy no existir\u00e1n. Ya est\u00e1 pasando de hecho con un mercado laboral en el que hay demanda de ocupaci\u00f3n importante en muchos \u00e1mbitos y en cambio tenemos un paro muy elevado porque hay un grande desajuste. Esto ya pone de manifiesto la enorme importancia de las pol\u00edticas activas de ocupaci\u00f3n.<\/p>\n<p style=\"text-align: justify\"><strong>-Parece que nos encaminamos hacia una sociedad m\u00e1s desigual&#8230;<\/strong><br \/>-Conjuga, en efecto, con un importante proceso de p\u00e9rdida de equidad. Branko Milanovic ha hecho unos estudios impresionantes sobre c\u00f3mo se ha transformado realmente la equidad. Es cierto que a nivel mundial hay pa\u00edses que han ganado en equidad pero tambi\u00e9n hay pa\u00edses extraordinariamente pobres, dejados de lado, que han ca\u00eddo en una penuria extrema. Podemos decir, pues, que en lo mi hay m\u00e1s equidad, pero hay dos \u00e1reas que sufren much\u00edsimo, adem\u00e1s de los pa\u00edses m\u00e1s pobres, Europa y Estados Unidos y concretamente sus clases medianas y las clases de rentas bajas. La p\u00e9rdida de oportunidades es atroz y es generadora en parte de un grande descontento y de los populismos.<\/p>\n<p style=\"text-align: justify\"><strong>-\u00bfEl mundo se ha hecho todav\u00eda m\u00e1s global con la Covid y la guerra de Ucrania?<\/strong><br \/>&#8230;y con la tecnolog\u00eda! La globalizaci\u00f3n nos ha hecho altamente interdependientes. Lo vemos, como usted dice, con la guerra de Ucrania, lo vimos con el Covid. Adem\u00e1s hay otro factor clave que dibuja el marco en que se mueve y se mover\u00e1 Barcelona: la tecnolog\u00eda modifica las relaciones de poder, incluso las interpersonales. Comporta un extraordinario cambio de valores sociales del cual todav\u00eda no somos conscientes. La tecnolog\u00eda nos ha llevado a la rotura entre muchos grupos sociales, ha generado muchas islas sociales y hace muy dif\u00edcil tener proyectos compartidos.<\/p>\n<p style=\"text-align: justify\"><img loading=\"lazy\" class=\"aligncenter wp-image-11124 \" src=\"https:\/\/rethinkbcn.cat\/wp-content\/uploads\/2032\/05\/FOTO-CARLOS-LOSADA-3.jpg\" alt=\"\" width=\"559\" height=\"335\" \/><\/p>\n<p style=\"text-align: justify\">&#8211;<strong>\u00bfTodo esto ajustado a la realidad de Barcelona como lo ve?<\/strong><br \/>Uno de los problemas m\u00e1s importantes de Barcelona en este escenario es que le ser\u00e1 muy dif\u00edcil dise\u00f1ar un proyecto compartido. Los retos demogr\u00e1ficos, ocupacionales, de equidad, y el cambio de valores, hacen muy dif\u00edcil poder decir qu\u00e9 hay que hacer. Son problemas de una gran complejidad y profundidad y no hay recetas m\u00e1gicas que no tengan un alto coste social y, en consecuencia, pol\u00edtico.<\/p>\n<p style=\"text-align: justify\"><strong>-Cuando usted habla de proyecto compartido supongo que se refiere a aceptaci\u00f3n social&#8230;<\/strong><br \/>-S\u00ed, que la mayor\u00eda de la poblaci\u00f3n diga \u201cyo quiero una Barcelona de este modo, sue\u00f1o con esta visi\u00f3n de Barcelona\u201d&#8230; y estoy dispuesto a hacer sacrificios!!! Creo que es una palabra dif\u00edcil. El gran reto de un buen pol\u00edtico es conseguir que haya un proyecto compartido por la gran mayor\u00eda de la poblaci\u00f3n de la ciudad o del \u00e1rea metropolitana pero dudo que hoy haya ninguna formaci\u00f3n pol\u00edtica con capacidad de dibujarlo. Es una pena porque creo que podr\u00eda ser muy potente y movilizarnos colectivamente.<\/p>\n<p style=\"text-align: justify\"><strong>-Dice Barcelona, pero entiendo que tenemos que leer metr\u00f3polis.<\/strong><br \/>-El \u00e1mbito de Barcelona ciudad es muy limitado. Mi percepci\u00f3n es que hay que tener el marco mental y pol\u00edtico de la Gran Barcelona o lo que llamamos el \u00e1rea metropolitana, a pesar de que no me gusta utilizar el t\u00e9rmino porque delimita excesivamente. Me gusta m\u00e1s hablar de la Gran Barcelona o de la Barcelona metropolitana que incorpora toda la \u00e1rea de influencia. Creo que nos equivocaremos si no somos capaces de ver su importancia y de hacer pol\u00edticas en clave de Gran Barcelona. Pienso que saldr\u00edamos ganando colectivamente si los municipios, alcaldes y regidores, vieran mucho m\u00e1s clara la necesidad y la oportunidad de esta Barcelona, pero tambi\u00e9n s\u00e9 que hay una imagen, una visi\u00f3n que nos viene de un nacionalismo poco moderno que va en contra de esta idea porque considera que todo tiene que ser Catalu\u00f1a. Si fu\u00e9ramos capaces de hacer los m\u00ednimos deberes, incluso sin tener una visi\u00f3n compartida, Barcelona podr\u00eda ocupar un espacio internacional muy relevante.<\/p>\n<p style=\"text-align: justify\"><strong>-\u00bfCu\u00e1les son estos m\u00ednimos deberes que debe hacer Barcelona?<\/strong><br \/>-Son de cierta complejidad porque conlleva mezclar posiciones ideol\u00f3gicas que parecen confrontadas. Necesitamos una constelaci\u00f3n de m\u00ednimos en la que todos estemos de acuerdo aunque no despierten una gran pasi\u00f3n. Creo que hay dos temas que son controvertidos pero nucleares : el aeropuerto y la apuesta por el conocimiento. Podemos hacer maravillas, podemos decir otras muchas cosas, pero el aeropuerto es condici\u00f3n sine qua non para el futuro de Barcelona: hay estudios que correlacionan el progreso social, humano, econ\u00f3mico de las ciudades con varios factores y dos de los m\u00e1s importantes es la existencia de aeropuerto, de un hub importante, y la apuesta por la investigaci\u00f3n, los doctorados y m\u00e1steres de calidad internacional,&#8230;. Un conjunto de herramientas propias de las sociedades del conocimiento m\u00e1s un buen aeropuerto permite hacer otras muchas cosas. Tambi\u00e9n es cierto que a la vez hace falta una apuesta radical por pol\u00edticas de equidad, con las que no est\u00e1 de acuerdo todo el mundo. Creo que Barcelona ha de hacer una apuesta muy importante por pol\u00edticas de igualdad y no nos tenemos que enga\u00f1ar, esto quiere decir impuestos. Es cierto que a veces la pol\u00edtica fiscal carga excesivamente sobre algunos sectores de la poblaci\u00f3n, pero en cualquier caso, sin entrar ahora a hablar de pol\u00edtica fiscal, est\u00e1 claro que un reto clar\u00edsimo, al mismo nivel o m\u00e1s alto que el aeropuerto o la apuesta por el conocimiento y la investigaci\u00f3n, figura la equidad. Sin equidad no haremos nada, no tendremos una sociedad m\u00ednimamente cohesionada y digna para sus habitantes.<\/p>\n<p style=\"text-align: justify\"><strong>-\u00bfNo se ha mitificado en exceso la necesidad de ampliar el aeropuerto? \u00bfNo se parte un poco de la obsesi\u00f3n de Boston como met\u00e1fora? \u00bfSomos Boston?<\/strong><br \/>-No somos Boston, pero podemos tener un modelo propio que no tiene que ser Boston pero tampoco tiene que ser Miami, que es el otro ejemplo que se pone siempre. No podemos ser el resorte de Europa, entre otras razones porque hay muy buenos resortes y m\u00e1s econ\u00f3micos compitiendo con Barcelona. Debemos buscar un tercer g\u00e9nero para decirlo de alguna manera, que nos permita compartir cosas de Boston y cosas de Miami. Barcelona est\u00e1 posicionada para hacerlo, pero esto seria crear una visi\u00f3n compartida y no s\u00e9 si nos saldremos. No hago una propuesta, hablo otro golpe de deberes m\u00ednimos que si somos capaces de hacer nos han de permitir tener m\u00e1s oportunidades para la mayor\u00eda de la poblaci\u00f3n. \u00bfQu\u00e9 nos interesa como sociedad, como \u00e1rea geogr\u00e1fica, como pa\u00eds, pa\u00eds entendido como Catalu\u00f1a y pa\u00eds entendido como Espa\u00f1a, como Europa? Nos interesan sociedades que ofrezcan buenas oportunidades a sus ciudadanos para poder desarrollar su proyecto vital, personal y colectivo. Si volemos esto, el aeropuerto es muy importante porque permite no solo el interconexionado y la movilidad del \u00e1rea metropolitana sino convertirnos en punto de para otras muchas iniciativas y esto en sociedades cada vez m\u00e1s interrelacionadas es cr\u00edtico<br \/>.<br \/><strong>-\u00bfEn Espa\u00f1a caben dos hubs?<\/strong><br \/>-La cuesti\u00f3n es pertinente. \u00bfCu\u00e1ntos hub pueden haber a Europa? Esta es la clave. Fij\u00e9monos en Italia: Mil\u00e0 era el grande hub y como que tener dos no era posible pol\u00edticamente fue perdiendo fuerza; ahora Roma lucha pero tampoco podr\u00e1 ser un hub, le ser\u00e1 muy dif\u00edcil. La respuesta se cruel, es muy dif\u00edcil que hayan dos hubs en Espa\u00f1a. Otra cosa es que Barcelona juegue todas las cartas para tener el mejor aeropuerto posible y acercar m\u00e1s quieres; esto s\u00ed que lo puede hacer. El 2019 lleg\u00f3 casi a los 53 millones de pasajeros y tiene margen de crecimiento.<\/p>\n<p style=\"text-align: justify\"><strong>-\u00bfEs posible ampliar el aeropuerto y defender el medio ambiente a la vez?<\/strong><br \/>-Ya se que una reacci\u00f3n, l\u00f3gica y natural, es pensar que si queremos ser sostenibles medioambientalmente esto del aeropuerto es una barbaridad y que no se enga\u00f1e nadie: un aeropuerto m\u00e1s fuerte y con m\u00e1s quieres significa m\u00e1s contaminaci\u00f3n. \u00bfQu\u00e9 tenemos que hacer? Creo que pol\u00edticas muy inteligentes. Si tenemos un aeropuerto potente que contamina m\u00e1s tenemos que hacer pol\u00edticas ambientales m\u00e1s agresivas en el resto del territorio y Barcelona se ha de convertir en una ciudad con un nivel de contaminaci\u00f3n muy bajo sabiendo, sin embargo, que esto tiene costes para los ciudadanos.<\/p>\n<p style=\"text-align: justify\"><strong>-De una pandemia como la Covid y de los efectos de la guerra de Ucrania \u00bfc\u00f3mo puede salir una sociedad como la nuestra?<\/strong><br \/>-Lo \u00fanico positivo que se puede sacar de estos dos dramas humanos es tomar conciencia de que somos altamente interdependientes con el resto de los conciudadanos de este mundo. Y que la solidaridad es un valor y tambi\u00e9n una necesidad. Tambi\u00e9n de que hay pol\u00edticas que solo tienen sentido a nivel europeo. Europa tendr\u00eda que ser federal, es el \u00fanico espacio que puede dar respuesta a los temas sanitarios, tener una pol\u00edtica de salud en parte compartida es fundamental y nos guste o no una pol\u00edtica de defensa, no para atacar sino para no ser atacada. Hemos nacido de las guerras y tenemos que crear un ej\u00e9rcito de defensa. Quiz\u00e1s no tendremos un ej\u00e9rcito europeo como tal pero s\u00ed una fuerza de intervenci\u00f3n r\u00e1pida y los ej\u00e9rcitos propios de los pa\u00edses. La UE necesita pol\u00edticas comunes al menos en asuntos exteriores, defensa, competencia, comercio, fiscalidad, energ\u00eda, sanidad, inmigraci\u00f3n, ciencia y tecnolog\u00eda.<\/p>\n<p style=\"text-align: justify\"><img loading=\"lazy\" class=\"wp-image-11122 aligncenter \" src=\"https:\/\/rethinkbcn.cat\/wp-content\/uploads\/2032\/05\/FOTO-CARLOS-LOSADA-2-300x200.jpg\" alt=\"\" width=\"560\" height=\"373\" srcset=\"https:\/\/rethinkbcn.cat\/wp-content\/uploads\/2032\/05\/FOTO-CARLOS-LOSADA-2-300x200.jpg 560w, https:\/\/rethinkbcn.cat\/wp-content\/uploads\/2032\/05\/FOTO-CARLOS-LOSADA-2-480x319.jpg 480w\" sizes=\"(min-width: 0px) and (max-width: 480px) 480px, (min-width: 481px) 560px, 100vw\" \/><\/p>\n<p style=\"text-align: justify\"><strong>-C\u00f3mo se articula una Europa federal?<\/strong><br \/>-Por desgracia, la articulaci\u00f3n de una Europa federal dif\u00edcilmente podr\u00e1 empezar con Francia y Alemania como todos esperamos. Muchos expertos que conozco consideran que quiz\u00e1s el proceso federal europeo tendr\u00eda que iniciarse con Alemania, Austria, Pa\u00edses Bajos, alg\u00fan pa\u00eds n\u00f3rdico e Italia que es fundamental como gran pa\u00eds del sur. Digo que no podr\u00e1 empezar con Francia no para que no queramos los proeuropeos sino porque Francia tiene todav\u00eda una visi\u00f3n muy acentuada de la suya grandeur y solo si voz que una parte importante de Europa se federaliza dar\u00e1 el paso de a\u00f1adirse al proyecto. Si Francia opta por un modelo federal y se suman Espa\u00f1a y Portugal podremos formar parte del proyecto y esto ser\u00eda el gran n\u00facleo de la Europa federal.<\/p>\n<p style=\"text-align: justify\"><strong>-Partiendo del principio de subsidiariedad, \u00bfqu\u00e9 debe asumir la ciudad?<\/strong><br \/>-Hay cosas que a nivel global no funcionan. Una cuesti\u00f3n clara es que las pol\u00edticas sociales necesitan una adaptaci\u00f3n a la realidad que es impensable que se pueda producir incluso a nivel estatal. Realidades muy cotidianas como el propio proceso de inmigraci\u00f3n necesita una mentalidad ciudadana que acoja a las personas. La realidad \u00faltima de la pol\u00edtica se hace a nivel de ciudad, sin duda, esto s\u00ed, con un marco mas amplio.<\/p>\n<p style=\"text-align: justify\"><strong>-Hay muchas situaciones de desigualdad entre municipios metropolitanos o entre barrios en el interior mismo de Barcelona. A pesar de que no es solo una cuesti\u00f3n de rentas, tambi\u00e9n de comportamientos culturales, pertenecer en un territorio u otro condiciona mucho la vida&#8230;<\/strong><br \/>-Es evidente que reclamamos situaciones m\u00e1s equitativas pero si descont\u00e1ramos el impacto de la actuaci\u00f3n de las administraciones p\u00fablicas, del efecto fiscal, de la seguridad social con las pensiones, tendr\u00edamos sociedades mucho m\u00e1s desiguales. En este campo hay pol\u00edticas que podr\u00edan ser municipales y que son claves. Muchos estudios identifican que el nivel de desigualdad aparece los primeros a\u00f1os de vida en el seno de la propia familia. Hay familias que ofrecen unas posibilidades a los hijos que otras familias nunca podr\u00edan ofrecer a los suyos. Hay entornos familiares en que se valora la cultura, leer, el autocontrol como base de una mayor autonom\u00eda de los hijos, de mayor capacidad de decisi\u00f3n y de enfrentarse a los retos personales. Y hay otros entornos familiares complejos por cuestiones laborales, trabajo de los padres, tradici\u00f3n cultural, por una presencia excesiva de las redes sociales y la tecnolog\u00eda, por el nivel de renta&#8230; Por eso tiene tanta importancia la inversi\u00f3n en los ni\u00f1os y ni\u00f1as del 0 a los 5 o 6 a\u00f1os. Hay que hacer una inversi\u00f3n fort\u00edsima en los ni\u00f1os, en los padres, en las familias, tambi\u00e9n las monoparentales evidentemente.<br \/>Es cierto que hay dos visiones que se deben de considerar c\u00f3mo se compaginan: la meritocracia y el caf\u00e9 para todo el mundo. Hay que tener sistemas educativos que ayuden a cada cual a dar lo mejor que tiene, cosa que es muy complicada y muy cara pero con la reducci\u00f3n de l\u00edneas educativas como consecuencia de la ca\u00edda de la natalidad tenemos la oportunidad de hacer este tipo de pol\u00edtica. El tema de fondo es la equidad, es una herramienta para que la gente salga de situaciones de pobreza, de marginalidad y pueda tener m\u00e1s autonom\u00eda, m\u00e1s libertad para dibujar su futuro. Para hacer esto hace falta mucha estabilidad para los proyectos educativos, favorecer mucha la dedicaci\u00f3n a la relaci\u00f3n con el alumno y cultivar mucho la vocaci\u00f3n de los profesores. Hay lugares de Espa\u00f1a con renta per c\u00e1pita m\u00e1s baja que la catalana que tienen resultados acad\u00e9micos muy superiores, favoreciendo que personas de todo nivel puedan tener despu\u00e9s acceso a la cultura, a la formaci\u00f3n, a un desarrollo mucho m\u00e1s grande. Se tiene que decir tambi\u00e9n, en este punto, que tenemos un sistema de movilidad del personal docente pensado m\u00e1s en clave de lo que interesa al propio personal docente que no de lo que interesa al centro escolar y a su proyecto educativo y a los alumnos.<\/p>\n<p style=\"text-align: justify\"><strong>-\u00bfHa de cambiar el personal docente o toda la administraci\u00f3n?<\/strong><br \/>-La administraci\u00f3n p\u00fablica es el instrumento m\u00e1s importante del que se ha dotado la humanidad para resolver problemas colectivos, pero tiene que cambiar much\u00edsimo porque tenemos por adelante retos bastante diferentes de los que hemos tenido hasta ahora y las herramientas para tratarlos tambi\u00e9n han de ser diferentes. No se puede hacer simplemente m\u00e1s de lo mismo. Tenemos una oportunidad \u00fanica por el hecho de que las administraciones p\u00fablicas perder\u00e1n una parte importante de sus efectivos entre los pr\u00f3ximos 10 o 15 a\u00f1os. Pr\u00e1cticamente la mitad. La gente que entr\u00f3 en la administraci\u00f3n en los ochenta con el boom del estado del bienestar ya se est\u00e1 jubilando. Esto tiene una parte negativa porque perdemos talento y conocimiento, pero tambi\u00e9n hay la gran oportunidad de que entren nuevos perfiles al sector p\u00fablico. Hacer esto requerir\u00eda reformas de la administraci\u00f3n y de la funci\u00f3n p\u00fablica muy sofisticadas que necesitar\u00edan un gran acuerdo parlamentario. Podr\u00edamos contar con los tres pilares de una sociedad avanzada, un buen sector p\u00fablico que est\u00e9 realmente al servicio de las necesidades colectivas, verdaderamente democr\u00e1tico; un sector privado potente y competitivo capaz de generar bienes y servicios y un sector social inclusivo y con capacidad de adaptaci\u00f3n a las nuevas realidades. Y de ser capaces de gestionar m\u00e1s y mejor la colaboraci\u00f3n p\u00fablico-privada. Estamos muy por debajo de los pa\u00edses de referencia en la EU.<\/p>\n<p style=\"text-align: justify\"><strong>En todo este entorno \u00bfqu\u00e9 dicen las empresas, qu\u00e9 quieren?<\/strong><br \/>Lo primero que necesitan las empresas es que socialmente se las vea como el gran instrumento de creaci\u00f3n de riqueza, no que se tenga una visi\u00f3n peyorativa. La contribuci\u00f3n del empresariado a la sociedad, vista con perspectiva hist\u00f3rica, es central, enorme. Es el gran instrumento de generaci\u00f3n de bienes y servicios que consumimos todos y que crea puestos de trabajo y paga impuestos,&#8230; para simplificar. Globalmente \u00a0el mundo empresarial necesita mucha m\u00e1s estabilidad, pol\u00edtica y econ\u00f3mica. Hab\u00edamos ganado mucho en estabilidad macroecon\u00f3mica, pero la situaci\u00f3n de inflaci\u00f3n es muy negativa. Y los niveles de endeudamiento p\u00fablico muy peligrosos. Tambi\u00e9n necesita infraestructuras de conexi\u00f3n y disponibilidad de talento como dec\u00eda al principio. Y vuelvo: aprecio social.<\/p>\n<p style=\"text-align: justify\"><strong>\u00bfHacia d\u00f3nde cree que tendr\u00eda que enfocar Catalu\u00f1a sus energ\u00edas?<\/strong><br \/>Las tendr\u00eda que dirigir a coser internamente el pa\u00eds, porque sin grandes pactos y sin un proyecto compartido ser\u00e1 muy dif\u00edcil avanzar. Soy tremendamente cr\u00edtico, y lo he dicho p\u00fablicamente, con el Proc\u00e9s, m\u00e1s all\u00e1 de que la independencia es una posici\u00f3n pol\u00edtica que est\u00e1 en contra de mi filosof\u00eda pol\u00edtica, de lo que creo que es la interacci\u00f3n entre personas y entre sociedades. Al margen de mi posici\u00f3n, el balance que nos ha dejado el Proc\u00e9s\u00e9 es muy duro, hemos perdido impulso. No creo que podamos reconstruir f\u00e1cilmente un proyecto compartido pero s\u00ed al menos reducir las diferencias, las percepciones que tenemos los unos de los otros para irlas borrando, que no se hagan m\u00e1s grandes. Creo que \u00e9sta tiene que ser una tarea de todos y durante muchos a\u00f1os. Yo volver\u00eda a la estrategia que dec\u00eda hablando de Barcelona: \u00bfcu\u00e1les son los m\u00ednimos que aceptamos y queremos para salir adelante aunque no todo el mundo est\u00e9 de acuerdo? En Finlandia se hicieron hace unas d\u00e9cadas propuestas en el parlamento sabiendo que a corto plazo no se pondr\u00edan de acuerdo, pero s\u00ed a largo t\u00e9rmino. Lo podemos hacer tambi\u00e9n nosotros, identificamos aquello que consideramos clave, aquello en que puede coincidir la gran mayor\u00eda del arco parlamentario y dibujar un pacto sobre los puntos cr\u00edticos para el futuro del pa\u00eds. Creo que el regalo m\u00e1s grande que podr\u00eda hacer ahora el Parlament de Catalu\u00f1a a nuestra sociedad es identificar los puntos b\u00e1sicos que, sea cual sea el gobierno, habr\u00e1 que cumplir para salir adelante.<\/p>\n<p>&#8211;<\/p>\n<p>[\/et_pb_text][et_pb_text disabled_on=\u00bboff|off|on\u00bb admin_label=\u00bbText entrada tablet i m\u00f2bil\u00bb _builder_version=\u00bb4.9.0&#8243; _module_preset=\u00bbdefault\u00bb text_font=\u00bbAverta Light||||||||\u00bb header_font=\u00bbAverta regular||||||||\u00bb header_font_size=\u00bb36px\u00bb header_4_font=\u00bbAverta regular||||||||\u00bb header_4_line_height=\u00bb1.2em\u00bb header_font_size_tablet=\u00bb30px\u00bb header_font_size_phone=\u00bb24px\u00bb header_font_size_last_edited=\u00bbon|phone\u00bb]Per <strong>Rafael Pradas<\/strong><\/p>\n<p style=\"text-align: justify\">Carlos Losada es doctor en Direcci\u00f3n y Administraci\u00f3n de Empresas y licenciado en Derecho. Es profesor del Departamento de Direcci\u00f3n General y Estrategia de ESADE, instituci\u00f3n de la que ha estado director general a lo largo de diez a\u00f1os, entre 2000 y 2010. Ha ejercido varios cargos de direcci\u00f3n, tanto en el sector privado como en el p\u00fablico, entre ellos el de secretario general de Administraci\u00f3n y Funci\u00f3n P\u00fablica de la Generalitat, ha trabajado tambi\u00e9n en el Banco Interamericano de Desarrollo en Washington DC y mantiene un v\u00ednculo estrecho con el tercer sector. Ha compaginado la actividad acad\u00e9mica con la pertenencia a varios \u00f3rganos de gobierno, entre los cuales destacan los consejos de administraci\u00f3n de Gas Natural Fenosa (Espa\u00f1a), de la SFL (Francia) y de la empresa europea InnoEnergy (Holanda), y el Consejo Asesor de la Fundaci\u00f3n Pr\u00edncipe de Girona. Miembro de varios patronatos, hoy preside la federaci\u00f3n de Universidades Jesuitas en Espa\u00f1a y es miembro del World Council de la IAJU. De profundas convicciones dem\u00f3crata cristianas, ha sido uno de los fundadores de Units per Avan\u00e7ar.<\/p>\n<p style=\"text-align: justify\"><strong>-\u00bfEn qu\u00e9 contexto global se tiene que mover Barcelona?<\/strong><br \/>\n-Un aspecto fundamental del contexto global, que no siempre tenemos bastante presente, es el cambio demogr\u00e1fico: en el mundo habr\u00e1 una transformaci\u00f3n los pr\u00f3ximos cuarenta a\u00f1os que condicionar\u00e1 muchas de las decisiones pol\u00edticas, en materia de infraestructuras, de natalidad, de jubilaciones,&#8230; que se tendr\u00e1n que tomar. Los cambios demogr\u00e1ficos ya son brutales y los estudios m\u00e1s serios, como los publicados en <em>The Lancet<\/em>, prev\u00e9n una ca\u00edda radical de la poblaci\u00f3n en Espa\u00f1a y Catalu\u00f1a. Es cierto que esto se espera de aqu\u00ed a veinte o treinta a\u00f1os. A la vez se dibuja un crecimiento fort\u00edsimo de poblaci\u00f3n en \u00c1frica y un estancamiento muy importante a los otros continentes y grandes pa\u00edses como China. Esta parte del escenario tiene mucho que ver con movimientos migratorios y por tanto con pol\u00edticas de aceptaci\u00f3n de la inmigraci\u00f3n, una de las pocas cosas que nos pueden permitir crecer como sociedad a medio y largo plazo.<br \/>\nOtro rasgo caracter\u00edstico del escenario global es todo aquello que afecta a la transformaci\u00f3n tecnol\u00f3gica que quiere decir tambi\u00e9n la transformaci\u00f3n de la ocupaci\u00f3n. Parece ya un t\u00f3pico pero es una certeza que de aqu\u00ed a pocos a\u00f1os la mayor\u00eda de los trabajos de hoy no existir\u00e1n. Ya est\u00e1 pasando de hecho con un mercado laboral en el que hay demanda de ocupaci\u00f3n importante en muchos \u00e1mbitos y en cambio tenemos un paro muy elevado porque hay un grande desajuste. Esto ya pone de manifiesto la enorme importancia de las pol\u00edticas activas de ocupaci\u00f3n.<\/p>\n<p style=\"text-align: justify\"><strong>-Parece que nos encaminamos hacia una sociedad m\u00e1s desigual&#8230;<\/strong><br \/>\n-Conjuga, en efecto, con un importante proceso de p\u00e9rdida de equidad. Branko Milanovic ha hecho unos estudios impresionantes sobre c\u00f3mo se ha transformado realmente la equidad. Es cierto que a nivel mundial hay pa\u00edses que han ganado en equidad pero tambi\u00e9n hay pa\u00edses extraordinariamente pobres, dejados de lado, que han ca\u00eddo en una penuria extrema. Podemos decir, pues, que en lo mi hay m\u00e1s equidad, pero hay dos \u00e1reas que sufren much\u00edsimo, adem\u00e1s de los pa\u00edses m\u00e1s pobres, Europa y Estados Unidos y concretamente sus clases medianas y las clases de rentas bajas. La p\u00e9rdida de oportunidades es atroz y es generadora en parte de un grande descontento y de los populismos.<\/p>\n<p style=\"text-align: justify\"><strong>-\u00bfEl mundo se ha hecho todav\u00eda m\u00e1s global con la Covid y la guerra de Ucrania?<\/strong><br \/>\n&#8230;y con la tecnolog\u00eda! La globalizaci\u00f3n nos ha hecho altamente interdependientes. Lo vemos, como usted dice, con la guerra de Ucrania, lo vimos con el Covid. Adem\u00e1s hay otro factor clave que dibuja el marco en que se mueve y se mover\u00e1 Barcelona: la tecnolog\u00eda modifica las relaciones de poder, incluso las interpersonales. Comporta un extraordinario cambio de valores sociales del cual todav\u00eda no somos conscientes. La tecnolog\u00eda nos ha llevado a la rotura entre muchos grupos sociales, ha generado muchas islas sociales y hace muy dif\u00edcil tener proyectos compartidos.<\/p>\n<p style=\"text-align: justify\"><img loading=\"lazy\" class=\"aligncenter wp-image-11124 \" src=\"https:\/\/rethinkbcn.cat\/wp-content\/uploads\/2032\/05\/FOTO-CARLOS-LOSADA-3.jpg\" alt=\"\" width=\"559\" height=\"335\" \/><\/p>\n<p style=\"text-align: justify\">&#8211;<strong>\u00bfTodo esto ajustado a la realidad de Barcelona como lo ve?<\/strong><br \/>\nUno de los problemas m\u00e1s importantes de Barcelona en este escenario es que le ser\u00e1 muy dif\u00edcil dise\u00f1ar un proyecto compartido. Los retos demogr\u00e1ficos, ocupacionales, de equidad, y el cambio de valores, hacen muy dif\u00edcil poder decir qu\u00e9 hay que hacer. Son problemas de una gran complejidad y profundidad y no hay recetas m\u00e1gicas que no tengan un alto coste social y, en consecuencia, pol\u00edtico.<\/p>\n<p style=\"text-align: justify\"><strong>-Cuando usted habla de proyecto compartido supongo que se refiere a aceptaci\u00f3n social&#8230;<\/strong><br \/>\n-S\u00ed, que la mayor\u00eda de la poblaci\u00f3n diga \u201cyo quiero una Barcelona de este modo, sue\u00f1o con esta visi\u00f3n de Barcelona\u201d&#8230; y estoy dispuesto a hacer sacrificios!!! Creo que es una palabra dif\u00edcil. El gran reto de un buen pol\u00edtico es conseguir que haya un proyecto compartido por la gran mayor\u00eda de la poblaci\u00f3n de la ciudad o del \u00e1rea metropolitana pero dudo que hoy haya ninguna formaci\u00f3n pol\u00edtica con capacidad de dibujarlo. Es una pena porque creo que podr\u00eda ser muy potente y movilizarnos colectivamente.<\/p>\n<p style=\"text-align: justify\"><strong>-Dice Barcelona, pero entiendo que tenemos que leer metr\u00f3polis.<\/strong><br \/>\n-El \u00e1mbito de Barcelona ciudad es muy limitado. Mi percepci\u00f3n es que hay que tener el marco mental y pol\u00edtico de la Gran Barcelona o lo que llamamos el \u00e1rea metropolitana, a pesar de que no me gusta utilizar el t\u00e9rmino porque delimita excesivamente. Me gusta m\u00e1s hablar de la Gran Barcelona o de la Barcelona metropolitana que incorpora toda la \u00e1rea de influencia. Creo que nos equivocaremos si no somos capaces de ver su importancia y de hacer pol\u00edticas en clave de Gran Barcelona. Pienso que saldr\u00edamos ganando colectivamente si los municipios, alcaldes y regidores, vieran mucho m\u00e1s clara la necesidad y la oportunidad de esta Barcelona, pero tambi\u00e9n s\u00e9 que hay una imagen, una visi\u00f3n que nos viene de un nacionalismo poco moderno que va en contra de esta idea porque considera que todo tiene que ser Catalu\u00f1a. Si fu\u00e9ramos capaces de hacer los m\u00ednimos deberes, incluso sin tener una visi\u00f3n compartida, Barcelona podr\u00eda ocupar un espacio internacional muy relevante.<\/p>\n<p style=\"text-align: justify\"><strong>-\u00bfCu\u00e1les son estos m\u00ednimos deberes que debe hacer Barcelona?<\/strong><br \/>\n-Son de cierta complejidad porque conlleva mezclar posiciones ideol\u00f3gicas que parecen confrontadas. Necesitamos una constelaci\u00f3n de m\u00ednimos en la que todos estemos de acuerdo aunque no despierten una gran pasi\u00f3n. Creo que hay dos temas que son controvertidos pero nucleares : el aeropuerto y la apuesta por el conocimiento. Podemos hacer maravillas, podemos decir otras muchas cosas, pero el aeropuerto es condici\u00f3n sine qua non para el futuro de Barcelona: hay estudios que correlacionan el progreso social, humano, econ\u00f3mico de las ciudades con varios factores y dos de los m\u00e1s importantes es la existencia de aeropuerto, de un hub importante, y la apuesta por la investigaci\u00f3n, los doctorados y m\u00e1steres de calidad internacional,&#8230;. Un conjunto de herramientas propias de las sociedades del conocimiento m\u00e1s un buen aeropuerto permite hacer otras muchas cosas. Tambi\u00e9n es cierto que a la vez hace falta una apuesta radical por pol\u00edticas de equidad, con las que no est\u00e1 de acuerdo todo el mundo. Creo que Barcelona ha de hacer una apuesta muy importante por pol\u00edticas de igualdad y no nos tenemos que enga\u00f1ar, esto quiere decir impuestos. Es cierto que a veces la pol\u00edtica fiscal carga excesivamente sobre algunos sectores de la poblaci\u00f3n, pero en cualquier caso, sin entrar ahora a hablar de pol\u00edtica fiscal, est\u00e1 claro que un reto clar\u00edsimo, al mismo nivel o m\u00e1s alto que el aeropuerto o la apuesta por el conocimiento y la investigaci\u00f3n, figura la equidad. Sin equidad no haremos nada, no tendremos una sociedad m\u00ednimamente cohesionada y digna para sus habitantes.<\/p>\n<p style=\"text-align: justify\"><strong>-\u00bfNo se ha mitificado en exceso la necesidad de ampliar el aeropuerto? \u00bfNo se parte un poco de la obsesi\u00f3n de Boston como met\u00e1fora? \u00bfSomos Boston?<\/strong><br \/>\n-No somos Boston, pero podemos tener un modelo propio que no tiene que ser Boston pero tampoco tiene que ser Miami, que es el otro ejemplo que se pone siempre. No podemos ser el resorte de Europa, entre otras razones porque hay muy buenos resortes y m\u00e1s econ\u00f3micos compitiendo con Barcelona. Debemos buscar un tercer g\u00e9nero para decirlo de alguna manera, que nos permita compartir cosas de Boston y cosas de Miami. Barcelona est\u00e1 posicionada para hacerlo, pero esto seria crear una visi\u00f3n compartida y no s\u00e9 si nos saldremos. No hago una propuesta, hablo otro golpe de deberes m\u00ednimos que si somos capaces de hacer nos han de permitir tener m\u00e1s oportunidades para la mayor\u00eda de la poblaci\u00f3n. \u00bfQu\u00e9 nos interesa como sociedad, como \u00e1rea geogr\u00e1fica, como pa\u00eds, pa\u00eds entendido como Catalu\u00f1a y pa\u00eds entendido como Espa\u00f1a, como Europa? Nos interesan sociedades que ofrezcan buenas oportunidades a sus ciudadanos para poder desarrollar su proyecto vital, personal y colectivo. Si volemos esto, el aeropuerto es muy importante porque permite no solo el interconexionado y la movilidad del \u00e1rea metropolitana sino convertirnos en punto de para otras muchas iniciativas y esto en sociedades cada vez m\u00e1s interrelacionadas es cr\u00edtico<br \/>\n.<br \/>\n<strong>-\u00bfEn Espa\u00f1a caben dos hubs?<\/strong><br \/>\n-La cuesti\u00f3n es pertinente. \u00bfCu\u00e1ntos hub pueden haber a Europa? Esta es la clave. Fij\u00e9monos en Italia: Mil\u00e0 era el grande hub y como que tener dos no era posible pol\u00edticamente fue perdiendo fuerza; ahora Roma lucha pero tampoco podr\u00e1 ser un hub, le ser\u00e1 muy dif\u00edcil. La respuesta se cruel, es muy dif\u00edcil que hayan dos hubs en Espa\u00f1a. Otra cosa es que Barcelona juegue todas las cartas para tener el mejor aeropuerto posible y acercar m\u00e1s quieres; esto s\u00ed que lo puede hacer. El 2019 lleg\u00f3 casi a los 53 millones de pasajeros y tiene margen de crecimiento.<\/p>\n<p style=\"text-align: justify\"><strong>-\u00bfEs posible ampliar el aeropuerto y defender el medio ambiente a la vez?<\/strong><br \/>\n-Ya se que una reacci\u00f3n, l\u00f3gica y natural, es pensar que si queremos ser sostenibles medioambientalmente esto del aeropuerto es una barbaridad y que no se enga\u00f1e nadie: un aeropuerto m\u00e1s fuerte y con m\u00e1s quieres significa m\u00e1s contaminaci\u00f3n. \u00bfQu\u00e9 tenemos que hacer? Creo que pol\u00edticas muy inteligentes. Si tenemos un aeropuerto potente que contamina m\u00e1s tenemos que hacer pol\u00edticas ambientales m\u00e1s agresivas en el resto del territorio y Barcelona se ha de convertir en una ciudad con un nivel de contaminaci\u00f3n muy bajo sabiendo, sin embargo, que esto tiene costes para los ciudadanos.<\/p>\n<p style=\"text-align: justify\"><strong>-De una pandemia como la Covid y de los efectos de la guerra de Ucrania \u00bfc\u00f3mo puede salir una sociedad como la nuestra?<\/strong><br \/>\n-Lo \u00fanico positivo que se puede sacar de estos dos dramas humanos es tomar conciencia de que somos altamente interdependientes con el resto de los conciudadanos de este mundo. Y que la solidaridad es un valor y tambi\u00e9n una necesidad. Tambi\u00e9n de que hay pol\u00edticas que solo tienen sentido a nivel europeo. Europa tendr\u00eda que ser federal, es el \u00fanico espacio que puede dar respuesta a los temas sanitarios, tener una pol\u00edtica de salud en parte compartida es fundamental y nos guste o no una pol\u00edtica de defensa, no para atacar sino para no ser atacada. Hemos nacido de las guerras y tenemos que crear un ej\u00e9rcito de defensa. Quiz\u00e1s no tendremos un ej\u00e9rcito europeo como tal pero s\u00ed una fuerza de intervenci\u00f3n r\u00e1pida y los ej\u00e9rcitos propios de los pa\u00edses. La UE necesita pol\u00edticas comunes al menos en asuntos exteriores, defensa, competencia, comercio, fiscalidad, energ\u00eda, sanidad, inmigraci\u00f3n, ciencia y tecnolog\u00eda.<\/p>\n<p style=\"text-align: justify\"><img loading=\"lazy\" class=\"wp-image-11122 aligncenter \" src=\"https:\/\/rethinkbcn.cat\/wp-content\/uploads\/2032\/05\/FOTO-CARLOS-LOSADA-2-300x200.jpg\" alt=\"\" width=\"560\" height=\"373\" srcset=\"https:\/\/rethinkbcn.cat\/wp-content\/uploads\/2032\/05\/FOTO-CARLOS-LOSADA-2-300x200.jpg 560w, https:\/\/rethinkbcn.cat\/wp-content\/uploads\/2032\/05\/FOTO-CARLOS-LOSADA-2-480x319.jpg 480w\" sizes=\"(min-width: 0px) and (max-width: 480px) 480px, (min-width: 481px) 560px, 100vw\" \/><\/p>\n<p style=\"text-align: justify\"><strong>-C\u00f3mo se articula una Europa federal?<\/strong><br \/>\n-Por desgracia, la articulaci\u00f3n de una Europa federal dif\u00edcilmente podr\u00e1 empezar con Francia y Alemania como todos esperamos. Muchos expertos que conozco consideran que quiz\u00e1s el proceso federal europeo tendr\u00eda que iniciarse con Alemania, Austria, Pa\u00edses Bajos, alg\u00fan pa\u00eds n\u00f3rdico e Italia que es fundamental como gran pa\u00eds del sur. Digo que no podr\u00e1 empezar con Francia no para que no queramos los proeuropeos sino porque Francia tiene todav\u00eda una visi\u00f3n muy acentuada de la suya grandeur y solo si voz que una parte importante de Europa se federaliza dar\u00e1 el paso de a\u00f1adirse al proyecto. Si Francia opta por un modelo federal y se suman Espa\u00f1a y Portugal podremos formar parte del proyecto y esto ser\u00eda el gran n\u00facleo de la Europa federal.<\/p>\n<p style=\"text-align: justify\"><strong>-Partiendo del principio de subsidiariedad, \u00bfqu\u00e9 debe asumir la ciudad?<\/strong><br \/>\n-Hay cosas que a nivel global no funcionan. Una cuesti\u00f3n clara es que las pol\u00edticas sociales necesitan una adaptaci\u00f3n a la realidad que es impensable que se pueda producir incluso a nivel estatal. Realidades muy cotidianas como el propio proceso de inmigraci\u00f3n necesita una mentalidad ciudadana que acoja a las personas. La realidad \u00faltima de la pol\u00edtica se hace a nivel de ciudad, sin duda, esto s\u00ed, con un marco mas amplio.<\/p>\n<p style=\"text-align: justify\"><strong>-Hay muchas situaciones de desigualdad entre municipios metropolitanos o entre barrios en el interior mismo de Barcelona. A pesar de que no es solo una cuesti\u00f3n de rentas, tambi\u00e9n de comportamientos culturales, pertenecer en un territorio u otro condiciona mucho la vida&#8230;<\/strong><br \/>\n-Es evidente que reclamamos situaciones m\u00e1s equitativas pero si descont\u00e1ramos el impacto de la actuaci\u00f3n de las administraciones p\u00fablicas, del efecto fiscal, de la seguridad social con las pensiones, tendr\u00edamos sociedades mucho m\u00e1s desiguales. En este campo hay pol\u00edticas que podr\u00edan ser municipales y que son claves. Muchos estudios identifican que el nivel de desigualdad aparece los primeros a\u00f1os de vida en el seno de la propia familia. Hay familias que ofrecen unas posibilidades a los hijos que otras familias nunca podr\u00edan ofrecer a los suyos. Hay entornos familiares en que se valora la cultura, leer, el autocontrol como base de una mayor autonom\u00eda de los hijos, de mayor capacidad de decisi\u00f3n y de enfrentarse a los retos personales. Y hay otros entornos familiares complejos por cuestiones laborales, trabajo de los padres, tradici\u00f3n cultural, por una presencia excesiva de las redes sociales y la tecnolog\u00eda, por el nivel de renta&#8230; Por eso tiene tanta importancia la inversi\u00f3n en los ni\u00f1os y ni\u00f1as del 0 a los 5 o 6 a\u00f1os. Hay que hacer una inversi\u00f3n fort\u00edsima en los ni\u00f1os, en los padres, en las familias, tambi\u00e9n las monoparentales evidentemente.<br \/>\nEs cierto que hay dos visiones que se deben de considerar c\u00f3mo se compaginan: la meritocracia y el caf\u00e9 para todo el mundo. Hay que tener sistemas educativos que ayuden a cada cual a dar lo mejor que tiene, cosa que es muy complicada y muy cara pero con la reducci\u00f3n de l\u00edneas educativas como consecuencia de la ca\u00edda de la natalidad tenemos la oportunidad de hacer este tipo de pol\u00edtica. El tema de fondo es la equidad, es una herramienta para que la gente salga de situaciones de pobreza, de marginalidad y pueda tener m\u00e1s autonom\u00eda, m\u00e1s libertad para dibujar su futuro. Para hacer esto hace falta mucha estabilidad para los proyectos educativos, favorecer mucha la dedicaci\u00f3n a la relaci\u00f3n con el alumno y cultivar mucho la vocaci\u00f3n de los profesores. Hay lugares de Espa\u00f1a con renta per c\u00e1pita m\u00e1s baja que la catalana que tienen resultados acad\u00e9micos muy superiores, favoreciendo que personas de todo nivel puedan tener despu\u00e9s acceso a la cultura, a la formaci\u00f3n, a un desarrollo mucho m\u00e1s grande. Se tiene que decir tambi\u00e9n, en este punto, que tenemos un sistema de movilidad del personal docente pensado m\u00e1s en clave de lo que interesa al propio personal docente que no de lo que interesa al centro escolar y a su proyecto educativo y a los alumnos.<\/p>\n<p style=\"text-align: justify\"><strong>-\u00bfHa de cambiar el personal docente o toda la administraci\u00f3n?<\/strong><br \/>\n-La administraci\u00f3n p\u00fablica es el instrumento m\u00e1s importante del que se ha dotado la humanidad para resolver problemas colectivos, pero tiene que cambiar much\u00edsimo porque tenemos por adelante retos bastante diferentes de los que hemos tenido hasta ahora y las herramientas para tratarlos tambi\u00e9n han de ser diferentes. No se puede hacer simplemente m\u00e1s de lo mismo. Tenemos una oportunidad \u00fanica por el hecho de que las administraciones p\u00fablicas perder\u00e1n una parte importante de sus efectivos entre los pr\u00f3ximos 10 o 15 a\u00f1os. Pr\u00e1cticamente la mitad. La gente que entr\u00f3 en la administraci\u00f3n en los ochenta con el boom del estado del bienestar ya se est\u00e1 jubilando. Esto tiene una parte negativa porque perdemos talento y conocimiento, pero tambi\u00e9n hay la gran oportunidad de que entren nuevos perfiles al sector p\u00fablico. Hacer esto requerir\u00eda reformas de la administraci\u00f3n y de la funci\u00f3n p\u00fablica muy sofisticadas que necesitar\u00edan un gran acuerdo parlamentario. Podr\u00edamos contar con los tres pilares de una sociedad avanzada, un buen sector p\u00fablico que est\u00e9 realmente al servicio de las necesidades colectivas, verdaderamente democr\u00e1tico; un sector privado potente y competitivo capaz de generar bienes y servicios y un sector social inclusivo y con capacidad de adaptaci\u00f3n a las nuevas realidades. Y de ser capaces de gestionar m\u00e1s y mejor la colaboraci\u00f3n p\u00fablico-privada. Estamos muy por debajo de los pa\u00edses de referencia en la EU.<\/p>\n<p style=\"text-align: justify\"><strong>En todo este entorno \u00bfqu\u00e9 dicen las empresas, qu\u00e9 quieren?<\/strong><br \/>\nLo primero que necesitan las empresas es que socialmente se las vea como el gran instrumento de creaci\u00f3n de riqueza, no que se tenga una visi\u00f3n peyorativa. La contribuci\u00f3n del empresariado a la sociedad, vista con perspectiva hist\u00f3rica, es central, enorme. Es el gran instrumento de generaci\u00f3n de bienes y servicios que consumimos todos y que crea puestos de trabajo y paga impuestos,&#8230; para simplificar. Globalmente \u00a0el mundo empresarial necesita mucha m\u00e1s estabilidad, pol\u00edtica y econ\u00f3mica. Hab\u00edamos ganado mucho en estabilidad macroecon\u00f3mica, pero la situaci\u00f3n de inflaci\u00f3n es muy negativa. Y los niveles de endeudamiento p\u00fablico muy peligrosos. Tambi\u00e9n necesita infraestructuras de conexi\u00f3n y disponibilidad de talento como dec\u00eda al principio. Y vuelvo: aprecio social.<\/p>\n<p style=\"text-align: justify\"><strong>\u00bfHacia d\u00f3nde cree que tendr\u00eda que enfocar Catalu\u00f1a sus energ\u00edas?<\/strong><br \/>\nLas tendr\u00eda que dirigir a coser internamente el pa\u00eds, porque sin grandes pactos y sin un proyecto compartido ser\u00e1 muy dif\u00edcil avanzar. Soy tremendamente cr\u00edtico, y lo he dicho p\u00fablicamente, con el Proc\u00e9s, m\u00e1s all\u00e1 de que la independencia es una posici\u00f3n pol\u00edtica que est\u00e1 en contra de mi filosof\u00eda pol\u00edtica, de lo que creo que es la interacci\u00f3n entre personas y entre sociedades. Al margen de mi posici\u00f3n, el balance que nos ha dejado el Proc\u00e9s\u00e9 es muy duro, hemos perdido impulso. No creo que podamos reconstruir f\u00e1cilmente un proyecto compartido pero s\u00ed al menos reducir las diferencias, las percepciones que tenemos los unos de los otros para irlas borrando, que no se hagan m\u00e1s grandes. Creo que \u00e9sta tiene que ser una tarea de todos y durante muchos a\u00f1os. Yo volver\u00eda a la estrategia que dec\u00eda hablando de Barcelona: \u00bfcu\u00e1les son los m\u00ednimos que aceptamos y queremos para salir adelante aunque no todo el mundo est\u00e9 de acuerdo? En Finlandia se hicieron hace unas d\u00e9cadas propuestas en el parlamento sabiendo que a corto plazo no se pondr\u00edan de acuerdo, pero s\u00ed a largo t\u00e9rmino. Lo podemos hacer tambi\u00e9n nosotros, identificamos aquello que consideramos clave, aquello en que puede coincidir la gran mayor\u00eda del arco parlamentario y dibujar un pacto sobre los puntos cr\u00edticos para el futuro del pa\u00eds. Creo que el regalo m\u00e1s grande que podr\u00eda hacer ahora el Parlament de Catalu\u00f1a a nuestra sociedad es identificar los puntos b\u00e1sicos que, sea cual sea el gobierno, habr\u00e1 que cumplir para salir adelante.<\/p>\n<p>[\/et_pb_text][et_pb_text admin_label=\u00bbShare \u00bb _builder_version=\u00bb4.8.2&#8243; _module_preset=\u00bbdefault\u00bb width=\u00bb26%\u00bb module_alignment=\u00bbleft\u00bb module_alignment_tablet=\u00bbleft\u00bb module_alignment_phone=\u00bbleft\u00bb module_alignment_last_edited=\u00bbon|phone\u00bb border_width_all=\u00bb0px\u00bb]<\/p>\n<table style=\"border-collapse: collapse;width: 0%;height: 22px;border-color: #000000;border: 2px solid\">\n<tbody>\n<tr style=\"height: 22px\">\n<td style=\"width: 11.5332%;height: 22px\">share:<\/td>\n<td style=\"width: 88.4667%;text-align: justify;vertical-align: middle;height: 22px\"><div class=\"sfsi_widget sfsi_shortcode_container\"><div class=\"norm_row sfsi_wDiv \"  style=\"width:200px;text-align:left;\"><div style='width:30px; height:30px;margin-left:10px;margin-bottom:5px; ' class='sfsi_wicons shuffeldiv ' ><div class='inerCnt'><a class=' sficn' data-effect='' target='_blank'  href='' id='sfsiid_twitter_icon' style='width:30px;height:30px;opacity:1;'  ><img data-pin-nopin='true' alt='Twitter' title='Twitter' src='https:\/\/rethinkbcn.cat\/wp-content\/plugins\/ultimate-social-media-icons\/images\/icons_theme\/transparent\/transparent_twitter.png' width='30' height='30' style='' class='sfcm sfsi_wicon ' data-effect=''   \/><\/a><div class=\"sfsi_tool_tip_2 twt_tool_bdr sfsiTlleft\" style=\"opacity:0;z-index:-1;\" id=\"sfsiid_twitter\"><span class=\"bot_arow bot_twt_arow\"><\/span><div class=\"sfsi_inside\"><div  class='icon2'><div class='sf_twiter' style='display: inline-block;vertical-align: middle;width: auto;'>\r\n\t\t\t\t\t\t<a target='_blank' href='https:\/\/twitter.com\/intent\/tweet?text=Hey%2C+check+out+this+cool+site+I+found%3A+www.rethinkbcn.cat+%23Topic+via%40my_twitter_name+https:\/\/rethinkbcn.cat\/es\/wp-json\/wp\/v2\/posts\/11134\/' style='display:inline-block' >\r\n\t\t\t\t\t\t\t<img data-pin-nopin= true class='sfsi_wicon' src='https:\/\/rethinkbcn.cat\/wp-content\/plugins\/ultimate-social-media-icons\/images\/share_icons\/Twitter_Tweet\/en_US_Tweet.svg' alt='Tweet' title='Tweet' >\r\n\t\t\t\t\t\t<\/a>\r\n\t\t\t\t\t<\/div><\/div><\/div><\/div><\/div><\/div><div style='width:30px; height:30px;margin-left:10px;margin-bottom:5px; ' class='sfsi_wicons shuffeldiv ' ><div class='inerCnt'><a class=' sficn' data-effect='' target='_blank'  href='' id='sfsiid_linkedin_icon' style='width:30px;height:30px;opacity:1;'  ><img data-pin-nopin='true' alt='' title='' src='https:\/\/rethinkbcn.cat\/wp-content\/plugins\/ultimate-social-media-icons\/images\/icons_theme\/transparent\/transparent_linkedin.png' width='30' height='30' style='' class='sfcm sfsi_wicon ' data-effect=''   \/><\/a><div class=\"sfsi_tool_tip_2 linkedin_tool_bdr sfsiTlleft\" style=\"opacity:0;z-index:-1;\" id=\"sfsiid_linkedin\"><span class=\"bot_arow bot_linkedin_arow\"><\/span><div class=\"sfsi_inside\"><div  class='icon2'><a target='_blank' href=\"https:\/\/www.linkedin.com\/shareArticle?url=https%3A%2F%2Frethinkbcn.cat%2Fes%2Fwp-json%2Fwp%2Fv2%2Fposts%2F11134%2F\"><img class=\"sfsi_wicon\" data-pin-nopin= true alt=\"Share\" title=\"Share\" src=\"https:\/\/rethinkbcn.cat\/wp-content\/plugins\/ultimate-social-media-icons\/images\/share_icons\/Linkedin_Share\/en_US_share.svg\" \/><\/a><\/div><\/div><\/div><\/div><\/div><div style='width:30px; height:30px;margin-left:10px;margin-bottom:5px; ' class='sfsi_wicons shuffeldiv ' ><div class='inerCnt'><a class=' sficn' data-effect='' target='_blank'  href='https:\/\/api.whatsapp.com\/send?text=https:\/\/rethinkbcn.cat\/es\/carlos-losada-los-grandes-retos-de-barcelona-son-un-aeropuerto-potente-el-conocimiento-y-la-equidad\/' id='sfsiid_whatsapp_icon' style='width:30px;height:30px;opacity:1;'  ><img data-pin-nopin='true' alt='' title='' src='https:\/\/rethinkbcn.cat\/wp-content\/plugins\/ultimate-social-media-icons\/images\/icons_theme\/transparent\/transparent_whatsapp.png' width='30' height='30' style='' class='sfcm sfsi_wicon ' data-effect=''   \/><\/a><\/div><\/div><div style='width:30px; height:30px;margin-left:10px;margin-bottom:5px; ' class='sfsi_wicons shuffeldiv ' ><div class='inerCnt'><a class=' sficn' data-effect='' target='_blank'  href='https:\/\/api.follow.it\/widgets\/icon\/VUlqbFQ4d1I5d05jbFdNRWdXaThSK0Vza3RBcDZrT3Y4akNldzhxUVBmUFNjQ3dlUnpnQVphRFVNcm40SXZGaFczK01jOFF0SExaMGNIWi9BZy96S2MydkgzaDNWWFBjYU9MbjY5M3lUcjVLYU5TN3NOaEs3VmJ4bytROHI4b1d8eEV6SFU5OTFjQ1B0YkRJNkEzUlJEbEhIWVRkZGM0b0FRTEQyRDlyb2o2UT0=\/OA==\/' id='sfsiid_email_icon' style='width:30px;height:30px;opacity:1;'  ><img data-pin-nopin='true' alt='Follow by Email' title='Follow by Email' src='https:\/\/rethinkbcn.cat\/wp-content\/plugins\/ultimate-social-media-icons\/images\/icons_theme\/transparent\/transparent_email.png' width='30' height='30' style='' class='sfcm sfsi_wicon ' data-effect=''   \/><\/a><\/div><\/div><\/div ><div id=\"sfsi_holder\" class=\"sfsi_holders\" style=\"position: relative; float: left;width:100%;z-index:-1;\"><\/div ><script>window.addEventListener(\"sfsi_functions_loaded\", function() \r\n\t\t\t{\r\n\t\t\t\tif (typeof sfsi_widget_set == \"function\") {\r\n\t\t\t\t\tsfsi_widget_set();\r\n\t\t\t\t}\r\n\t\t\t}); <\/script><div style=\"clear: both;\"><\/div><\/div><\/td>\n<\/tr>\n<\/tbody>\n<\/table>\n<p>[\/et_pb_text][\/et_pb_column][\/et_pb_row][\/et_pb_section][et_pb_section fb_built=\u00bb1&#8243; fullwidth=\u00bbon\u00bb _builder_version=\u00bb4.8.2&#8243; _module_preset=\u00bbdefault\u00bb da_disable_devices=\u00bboff|off|off\u00bb border_width_bottom=\u00bb2px\u00bb da_is_popup=\u00bboff\u00bb da_exit_intent=\u00bboff\u00bb da_has_close=\u00bbon\u00bb da_alt_close=\u00bboff\u00bb da_dark_close=\u00bboff\u00bb da_not_modal=\u00bbon\u00bb da_is_singular=\u00bboff\u00bb da_with_loader=\u00bboff\u00bb da_has_shadow=\u00bbon\u00bb][et_pb_fullwidth_code admin_label=\u00bbRatlla horitzontal\u00bb _builder_version=\u00bb4.8.2&#8243; _module_preset=\u00bbdefault\u00bb][\/et_pb_fullwidth_code][\/et_pb_section][et_pb_section fb_built=\u00bb1&#8243; _builder_version=\u00bb4.8.2&#8243; _module_preset=\u00bbdefault\u00bb custom_margin=\u00bb||-30px||false|false\u00bb custom_margin_tablet=\u00bb||-90px||false|false\u00bb custom_margin_phone=\u00bb||-80px||false|false\u00bb custom_margin_last_edited=\u00bbon|phone\u00bb da_disable_devices=\u00bboff|off|off\u00bb da_is_popup=\u00bboff\u00bb da_exit_intent=\u00bboff\u00bb da_has_close=\u00bbon\u00bb da_alt_close=\u00bboff\u00bb da_dark_close=\u00bboff\u00bb da_not_modal=\u00bbon\u00bb da_is_singular=\u00bboff\u00bb da_with_loader=\u00bboff\u00bb da_has_shadow=\u00bbon\u00bb][et_pb_row _builder_version=\u00bb4.8.2&#8243; _module_preset=\u00bbdefault\u00bb][et_pb_column type=\u00bb4_4&#8243; _builder_version=\u00bb4.8.2&#8243; _module_preset=\u00bbdefault\u00bb][et_pb_text admin_label=\u00bbAltres articles\u00bb _builder_version=\u00bb4.9.0&#8243; _module_preset=\u00bbdefault\u00bb]<\/p>\n<h3>ALTRES ARTICLES<\/h3>\n<p><div class='yarpp yarpp-related yarpp-related-shortcode yarpp-template-thumbnails'>\n<!-- YARPP Thumbnails -->\n<h3><\/h3>\n<div class=\"yarpp-thumbnails-horizontal\">\n<a class='yarpp-thumbnail' rel='norewrite' href='https:\/\/rethinkbcn.cat\/es\/lluis-deulofeu-la-pandemia-habria-sido-inimaginable-sin-las-telecomunicaciones\/' title='LLU\u00cdS DEULOFEU: \u00abLA PANDEMIA HABR\u00cdA SIDO INIMAGINABLE DE AFRONTAR SIN LAS TELECOMUNICACIONES\u00bb'>\n<img width=\"117\" height=\"120\" src=\"https:\/\/rethinkbcn.cat\/wp-content\/uploads\/2021\/01\/barcelona-metropolism.jpg\" class=\"attachment-yarpp-thumbnail size-yarpp-thumbnail wp-post-image\" alt=\"\" loading=\"lazy\" data-pin-nopin=\"true\" \/><span class=\"yarpp-thumbnail-title\">LLU\u00cdS DEULOFEU: \u00abLA PANDEMIA HABR\u00cdA SIDO INIMAGINABLE DE AFRONTAR SIN LAS TELECOMUNICACIONES\u00bb<\/span><\/a>\n<a class='yarpp-thumbnail' rel='norewrite' href='https:\/\/rethinkbcn.cat\/es\/cuatro-miradas-sobre-la-metropolis\/' title='CUATRO MIRADAS SOBRE LA METR\u00d3POLIS'>\n<img width=\"117\" height=\"120\" src=\"https:\/\/rethinkbcn.cat\/wp-content\/uploads\/2021\/01\/barcelona-metropolism.jpg\" class=\"attachment-yarpp-thumbnail size-yarpp-thumbnail wp-post-image\" alt=\"\" loading=\"lazy\" data-pin-nopin=\"true\" \/><span class=\"yarpp-thumbnail-title\">CUATRO MIRADAS SOBRE LA METR\u00d3POLIS<\/span><\/a>\n<a class='yarpp-thumbnail' rel='norewrite' href='https:\/\/rethinkbcn.cat\/es\/tendencias-aeroportuarias-la-question-de-la-ampliacion-del-prat\/' title='JOSEP ACEBILLO: TENDENCIAS AEROPORTUARIAS'>\n<img width=\"117\" height=\"120\" src=\"https:\/\/rethinkbcn.cat\/wp-content\/uploads\/2021\/01\/barcelona-metropolism.jpg\" class=\"attachment-yarpp-thumbnail size-yarpp-thumbnail wp-post-image\" alt=\"\" loading=\"lazy\" data-pin-nopin=\"true\" \/><span class=\"yarpp-thumbnail-title\">JOSEP ACEBILLO: TENDENCIAS AEROPORTUARIAS<\/span><\/a>\n<a class='yarpp-thumbnail' rel='norewrite' href='https:\/\/rethinkbcn.cat\/es\/josep-acebillo-la-gran-incongruencia-que-supone-la-aplicacion-de-las-superislas-en-el-eixample-proviene-de-la-especificidad-de-su-conceptualitzacion\/' title='JOSEP ACEBILLO: \u00abLA GRAN INCONGRUENCIA QUE SUPONE LA APLICACI\u00d3N DE LAS SUPERISLAS PROVIENE DE LA ESPECIFICIDAD DE SU CONCEPTUALITZACI\u00d3N\u00bb'>\n<img width=\"117\" height=\"120\" src=\"https:\/\/rethinkbcn.cat\/wp-content\/uploads\/2021\/01\/progesm.jpg\" class=\"attachment-yarpp-thumbnail size-yarpp-thumbnail wp-post-image\" alt=\"\" loading=\"lazy\" data-pin-nopin=\"true\" \/><span class=\"yarpp-thumbnail-title\">JOSEP ACEBILLO: \u00abLA GRAN INCONGRUENCIA QUE SUPONE LA APLICACI\u00d3N DE LAS SUPERISLAS PROVIENE DE LA ESPECIFICIDAD DE SU CONCEPTUALITZACI\u00d3N\u00bb<\/span><\/a>\n<\/div>\n<\/div>\n<br \/>\n[\/et_pb_text][\/et_pb_column][\/et_pb_row][\/et_pb_section]<\/p>\n","protected":false},"excerpt":{"rendered":"<p>El profesor y exdirector general de ESADE cree que la crisis demogr\u00e1fica, la transformaci\u00f3n tecnol\u00f3gica y ocupacional y las desigualdades marcan la agenda barcelonesa, catalana, espa\u00f1ola y europea en un entorno carecido de proyectos compartidos<\/p>\n","protected":false},"author":3,"featured_media":4848,"comment_status":"open","ping_status":"open","sticky":false,"template":"","format":"standard","meta":{"_et_pb_use_builder":"on","_et_pb_old_content":"<p>[et_pb_section fb_built=\"1\" disabled_on=\"off|off|off\" _builder_version=\"4.8.2\" _module_preset=\"default\" custom_margin=\"||||false|false\" da_disable_devices=\"off|off|off\" da_is_popup=\"off\" da_exit_intent=\"off\" da_has_close=\"on\" da_alt_close=\"off\" da_dark_close=\"off\" da_not_modal=\"on\" da_is_singular=\"off\" da_with_loader=\"off\" da_has_shadow=\"on\"][et_pb_row _builder_version=\"4.8.1\" _module_preset=\"default\"][et_pb_column type=\"4_4\" _builder_version=\"4.8.1\" _module_preset=\"default\"][et_pb_text admin_label=\"Titular entrada\" _builder_version=\"4.9.0\" _module_preset=\"default\" text_font=\"Averta Light||||||||\" header_font_size=\"36px\" header_4_font=\"Averta regular||||||||\" header_4_font_size=\"20px\" header_4_line_height=\"1.6em\" header_5_line_height=\"1.6em\" header_6_font=\"Averta regular||||||||\" header_6_font_size=\"16px\" header_6_line_height=\"1.2em\" header_font_size_tablet=\"30px\" header_font_size_phone=\"24px\" header_font_size_last_edited=\"on|phone\" header_6_font_size_tablet=\"\" header_6_font_size_phone=\"16px\" header_6_font_size_last_edited=\"on|phone\"]<\/p><h1 style=\"text-align: center;\">CARLOS LOSADA: \"ELS GRANS REPTES DE BARCELONA S\u00d3N UN AEROPORT POTENT, EL CONEIXEMENT I L\u2019EQUITAT\"<\/h1><h6 style=\"text-align: center;\">El professor i exdirector general d\u2019ESADE creu que la crisi demogr\u00e0fica, la transformaci\u00f3 tecnol\u00f2gica i ocupacional i les desigualtats marquen l\u2019agenda barcelonina, catalana, espanyola i europea en un entorn mancat de projectes compartits\u00a0<\/h6><p>[\/et_pb_text][et_pb_image src=\"https:\/\/rethinkbcn.cat\/wp-content\/uploads\/2032\/05\/FOTO-CARLOS-LOSADA-1.jpg\" title_text=\"FOTO CARLOS LOSADA 1\" admin_label=\"Imatge entrada\" _builder_version=\"4.9.0\" _module_preset=\"default\"][\/et_pb_image][et_pb_text disabled_on=\"on|on|off\" admin_label=\"Text entrada escriptori\" _builder_version=\"4.9.0\" _module_preset=\"default\" text_font=\"Averta Light||||||||\" header_font_size=\"36px\" header_4_font=\"Averta regular||||||||\" header_4_font_size=\"20px\" header_4_line_height=\"1.6em\" header_5_line_height=\"1.6em\" header_6_font=\"Averta regular||||||||\" header_6_font_size=\"16px\" header_6_line_height=\"1.5em\" hover_enabled=\"0\" header_font_size_tablet=\"30px\" header_font_size_phone=\"24px\" header_font_size_last_edited=\"on|phone\" header_6_font_size_tablet=\"\" header_6_font_size_phone=\"14px\" header_6_font_size_last_edited=\"on|phone\" sticky_enabled=\"0\"]<\/p><p>Per <strong>Rafael Pradas<\/strong><\/p><p>Carlos Losada \u00e9s doctor en Direcci\u00f3 i Administraci\u00f3 d\u2019Empreses i llicenciat en Dret. \u00c9s professor del Departament de Direcci\u00f3 General i Estrat\u00e8gia d\u2019ESADE, instituci\u00f3 de la que ha estat director general al llarg de deu anys, entre 2000 i 2010. Ha exercit diversos c\u00e0rrecs de direcci\u00f3, tant al sector privat com al p\u00fablic, entre ells el de secretari general d'Administraci\u00f3 i Funci\u00f3 P\u00fablica de la Generalitat, ha treballat tamb\u00e9 al Banc Interameric\u00e0 de Desenvolupament a Washington DC i mant\u00e9 un vincle estret amb el tercer sector. Ha compaginat l'activitat acad\u00e8mica amb la pertinen\u00e7a a diversos \u00f2rgans de govern, entre els quals destaquen els consells d'administraci\u00f3 de Gas Natural Fenosa (Espanya), de la SFL (Fran\u00e7a) i de l'empresa europea InnoEnergy (Holanda), i el Consell Assessor de la Fundaci\u00f3 Pr\u00edncep de Girona. Membre de diversos patronats, avui presideix la federaci\u00f3 d\u2019Universitats Jesuites a Espanya y es membre del World Council de la IAJU. De profundes conviccions dem\u00f2crata cristianes, ha estat un dels fundadors de d\u2019Units per Avan\u00e7ar.<\/p><p><strong>-En quin context global s\u2019ha de moure Barcelona?<\/strong><br \/>-Un aspecte fonamental del context global, que no sempre tenim prou present, \u00e9s el canvi demogr\u00e0fic: en el m\u00f3n hi haur\u00e0 una transformaci\u00f3 els propers quaranta anys que condicionar\u00e0 moltes de les decisions pol\u00edtiques, en mat\u00e8ria d\u2019infraestructures, de natalitat, de jubilacions,... que s\u2019hagin de prendre. Els canvis demogr\u00e0fics ja s\u00f3n brutals i els estudis m\u00e9s seriosos, com els publicats a The Lancet, preveuen una caiguda radical de la poblaci\u00f3 a Espanya i Catalunya. \u00c9s cert que aix\u00f2 s\u2019espera per d\u2019aqu\u00ed a vint o trenta anys. A la vegada es dibuixa un creixement fort\u00edssim de poblaci\u00f3 a \u00c0frica i un estancament molt important als altres continents i grans pa\u00efsos com Xina. Aquesta part de l\u2019escenari t\u00e9 molt a veure amb moviments migratoris i per tant amb pol\u00edtiques d\u2019acceptaci\u00f3 de la immigraci\u00f3, una de les poques coses que ens poden permetre cr\u00e9ixer com a societat en el mig i llarg termini.<br \/>Un altre tret caracter\u00edstic de l\u2019escenari global \u00e9s tot all\u00f2 que afecta a la transformaci\u00f3 tecnol\u00f2gica que vol dir tamb\u00e9 la transformaci\u00f3 de l\u2019ocupaci\u00f3. Sembla ja un t\u00f2pic per\u00f2 \u00e9s una certesa que d\u2019aqu\u00ed a pocs anys la majoria de les feines d\u2019avui no existiran. Ja est\u00e0 passant de fet amb un mercat laboral en qu\u00e8 hi ha demanda d\u2019ocupaci\u00f3 important en molts \u00e0mbits i en canvi tenim un atur molt elevat perqu\u00e8 hi ha un gran desajust. Aix\u00f2 ja posa de manifest l\u2019enorme import\u00e0ncia de les pol\u00edtiques actives d\u2019ocupaci\u00f3.<\/p><p><strong>-Sembla que ens encaminem cap a una societat m\u00e9s desigual...<\/strong><br \/>-Conjuga, en efecte, amb un important proc\u00e9s de p\u00e8rdua d\u2019equitat. Branko Milanovic ha fet uns estudis impressionants sobre com s\u2019ha transformat realment l\u2019equitat. \u00c9s cert que a nivell mundial hi ha pa\u00efsos que han guanyat en equitat per\u00f2 tamb\u00e9 hi ha pa\u00efsos extraordin\u00e0riament pobres, deixats de banda, que han caigut en una pen\u00faria extrema. Podem dir, doncs, que en el mon hi ha m\u00e9s equitat, per\u00f2 hi ha dos \u00e0rees que pateixen molt\u00edssim, a m\u00e9s dels pa\u00efsos m\u00e9s pobres, Europa i Estats Units i concretament les seves classes mitjanes i les classes de rendes baixes. La p\u00e8rdua d\u2019oportunitats \u00e9s atro\u00e7 i es generadora en part d\u2019un gran descontent i dels populismes.<\/p><p><strong>-El m\u00f3n s\u2019ha fet encara m\u00e9s global amb la Covid i la guerra d\u2019Ucra\u00efna?<\/strong><br \/>... i amb la tecnologia! La globalitzaci\u00f3 ens han fet altament interdependents. Ho veiem, com diu, amb la guerra d\u2019Ucra\u00efna, ho vam veure amb el Covid. A m\u00e9s hi ha un altre factor clau que dibuixa el marc en que es mou i es mour\u00e0 Barcelona: la tecnologia modifica les relacions de poder, fins i tot les interpersonals. Comporta un extraordinari canvi de valors socials del qual encara no en som conscients. La tecnologia ens ha portat al trencament entre molts grups socials, ha generat moltes illes socials i fa molt dif\u00edcil tenir projectes compartits.<\/p><p style=\"text-align: justify;\"><img class=\"aligncenter wp-image-11125 \" src=\"https:\/\/rethinkbcn.cat\/wp-content\/uploads\/2032\/05\/FOTO-CARLOS-LOSADA-3.jpg\" alt=\"\" width=\"559\" height=\"335\" \/><\/p><p style=\"text-align: justify;\">-<strong>Tot aix\u00f2 ajustat a la realitat de Barcelona com ho veu?<\/strong><br \/>Un dels problemes m\u00e9s importants de Barcelona en aquest escenari \u00e9s que li ser\u00e0 molt dif\u00edcil dissenyar un projecte compartit. Els reptes demogr\u00e0fics, ocupacionals, d\u2019equitat, i el canvi de valors, fan molt dif\u00edcil poder dir que cal fer. Son problemes d\u2019una gran complexitat i fond\u00e0ria i no hi ha receptes m\u00e0giques que no tinguin un alt cost social i, en conseq\u00fc\u00e8ncia, pol\u00edtic.<\/p><p style=\"text-align: justify;\"><strong>-Quan vost\u00e8 parla de projecte compartit suposo que es refereix a acceptaci\u00f3 social...<\/strong><br \/>-S\u00ed, que la majoria de la poblaci\u00f3 digui \u201cjo vull una Barcelona d\u2019aquesta manera, somio amb aquesta visi\u00f3 de Barcelona\u201d... i estic disposat a fer sacrificis!!! Crec que \u00e9s mot dif\u00edcil. El gran repte d\u2019un bon pol\u00edtic \u00e9s aconseguir que hi hagi un projecte compartit per la gran majoria de la poblaci\u00f3 de la ciutat o de l\u2019\u00e0rea metropolitana per\u00f2 dubto que avui hi hagi cap formaci\u00f3 pol\u00edtica amb capacitat de dibuixar-lo. \u00c9s una pena perqu\u00e8 crec que podria ser molt potent i mobilitzar-nos col\u00b7lectivament.<\/p><p style=\"text-align: justify;\"><strong>-Diu Barcelona per\u00f2 entenc que hem de llegir metr\u00f2polis<\/strong><br \/>-L\u2019\u00e0mbit de Barcelona ciutat \u00e9s molt limitat. La meva percepci\u00f3 \u00e9s que cal tenir el marc mental i pol\u00edtic de la gran Barcelona o el que en diem l\u2019\u00e0rea metropolitana, tot i que no m\u2019agrada utilitzar el terme perqu\u00e8 delimita excessivament. M\u2019agrada m\u00e9s parlar de la Gran Barcelona o de la Barcelona metropolitana que incorpora tota l\u2019\u00e0rea d\u2019influ\u00e8ncia. Crec que ens equivocarem si no som capa\u00e7os de veure la seva import\u00e0ncia i de fer pol\u00edtiques en clau de Gran Barcelona. Penso que sortir\u00edem guanyant col\u00b7lectivament si els municipis, alcaldes i regidors, veiessin molt m\u00e9s clara la necessitat i l\u2019oportunitat d\u2019aquesta Barcelona, per\u00f2 tamb\u00e9 es cert que hi ha una imatge, una visi\u00f3 que ens ve d\u2019un nacionalisme poc modern que va en contra d\u2019aquesta idea perqu\u00e8 considera que tot ha de ser Catalunya. Si f\u00f3ssim capa\u00e7os de fer els m\u00ednims deures, fins i tot sense tenir una visi\u00f3 compartida, Barcelona podria ocupar un espai internacional molt rellevant.<\/p><p style=\"text-align: justify;\"><strong>-Quins s\u00f3n aquests m\u00ednims deures que ha de fer Barcelona?<\/strong><br \/>-S\u00f3n d\u2019una certa complexitat perqu\u00e8 comporta barrejar posicions ideol\u00f2giques que semblen confrontades. Necessitem una constel\u00b7laci\u00f3 de m\u00ednims en la que tots estiguem d\u2019acord encara que no despertin una gran passi\u00f3. Crec que hi ha dos temes que s\u00f3n controvertits per\u00f2 nuclears : l\u2019aeroport i l\u2019aposta pel coneixement. Podem fer meravelles, podem dir moltes altres coses, per\u00f2 l\u2019aeroport \u00e9s condici\u00f3 sine qua non per al futur de Barcelona: hi ha estudis que correlacionen el progr\u00e9s social, hum\u00e0, econ\u00f2mic de les ciutats amb diversos factors i dos dels m\u00e9s importants son l\u2019exist\u00e8ncia d\u2019aeroport, d\u2019un hub important, i l\u2019aposta per la recerca, els doctorats i m\u00e0sters de qualitat internacional,.... Un conjunt d\u2019eines pr\u00f2pies de les societats del coneixement m\u00e9s un bon aeroport permet fer moltes altres coses. Tamb\u00e9 \u00e9s cert que a la vegada cal una aposta radical per pol\u00edtiques d\u2019equitat, amb les que no est\u00e0 d\u2019acord tothom. Crec que Barcelona ha de fer una aposta molt important per pol\u00edtiques d\u2019igualtat i no ens hem d\u2019enganyar, aix\u00f2 vol dir impostos. \u00c9s cert que a vegades la pol\u00edtica fiscal carrega excessivament sobre alguns sectors de la poblaci\u00f3, per\u00f2 en qualsevol cas, sense entrar ara a parlar de pol\u00edtica fiscal, est\u00e0 clar que un repte clar\u00edssim, al mateix nivell o m\u00e9s alt que l\u2019aeroport o l\u2019aposta pel coneixement i la recerca, figura l\u2019equitat. Sense equitat no farem res, no tindrem una societat m\u00ednimament cohesionada i digna pels seus habitants.<\/p><p style=\"text-align: justify;\"><strong>-No s\u2019ha mitificat en exc\u00e9s la necessitat d\u2019ampliar l\u2019aeroport? No es parteix una mica de l\u2019obsessi\u00f3 de Boston com a met\u00e0fora? Som Boston?<\/strong><br \/>-No som Boston, per\u00f2 podem tenir un model propi que no ha de ser Boston per\u00f2 tampoc ha de ser Miami, que \u00e9s l\u2019altre exemple que es posa sempre. No podem ser el ressort d\u2019Europa, entre altres raons perqu\u00e8 hi ha molt bons ressorts i m\u00e9s econ\u00f2mics competint amb Barcelona. Hem de buscar un tercer g\u00e8nere per dir-ho d\u2019alguna manera, que ens permeti compartir coses de Boston i coses de Miami. Barcelona est\u00e0 posicionada per fer-ho, per\u00f2 aix\u00f2 seria crear una visi\u00f3 compartida i no s\u00e9 si ens en sortirem. No faig una proposta, parlo un altre cop de deures m\u00ednims que si som capa\u00e7os de fer ens han de permetre tenir m\u00e9s oportunitats per a la majoria de la poblaci\u00f3. Que ens interessa com a societat, com \u00e0rea geogr\u00e0fica, com a pa\u00eds, pa\u00eds ent\u00e8s com a Catalunya i pa\u00eds ent\u00e8s com a Espanya, com a Europa? Ens interessen societats que ofereixin bones oportunitats als seus ciutadans per poder desenvolupar el seu projecte vital, personal i col\u00b7lectiu. Si volem aix\u00f2, l\u2019aeroport \u00e9s molt important perqu\u00e8 permet no nomes la interconnexi\u00f3 i la mobilitat de l\u2019\u00e0rea metropolitana sin\u00f3 convertir-nos en punt de pas per a moltes altres iniciatives i aix\u00f2 en societats cada vegada m\u00e9s interrelacionades \u00e9s cr\u00edtic.<\/p><p style=\"text-align: justify;\"><strong>-A Espanya hi caben dos hubs?<\/strong><br \/>-La q\u00fcesti\u00f3 \u00e9s pertinent. Quants hub hi poden haver a Europa? Aquesta \u00e9s la clau. Fixem-nos en It\u00e0lia: Mil\u00e0 era el gran hub i com que tenir-ne dos no era possible pol\u00edticament va anar perdent for\u00e7a; ara Roma lluita per\u00f2 tampoc podr\u00e0 ser un hub, li ser\u00e0 molt dif\u00edcil. La resposta es cruel, \u00e9s molt dif\u00edcil que hi hagin dos hubs a Espanya. Una altra cosa \u00e9s que Barcelona jugui totes les cartes per tenir el millor aeroport possible i apropar m\u00e9s vols; aix\u00f2 si que ho pot fer. El 2019 va arribar gaireb\u00e9 als 53 milions de passatgers i te marge de creixement.<\/p><p style=\"text-align: justify;\"><strong>-Es possible ampliar l\u2019aeroport i defensar el medi ambient a la vegada?<\/strong><br \/>-Ja se que una reacci\u00f3, l\u00f2gica i natural, \u00e9s pensar que si volem ser sostenibles mediambientalment aix\u00f2 de l\u2019aeroport \u00e9s una barbaritat i que no s\u2019enganyi ning\u00fa: un aeroport m\u00e9s fort i amb m\u00e9s vols significa m\u00e9s contaminaci\u00f3. Que hem de fer? Crec que pol\u00edtiques molt intel\u00b7ligents. Si tenim un aeroport potent que contamina m\u00e9s hem de fer pol\u00edtiques ambientals m\u00e9s agressives a la resta del territori i Barcelona s\u2019ha de convertir en una ciutat amb un nivell de contaminaci\u00f3 molt baix sabent, per\u00f2, que aix\u00f2 t\u00e9 costos per als ciutadans.<\/p><p style=\"text-align: justify;\"><strong>-D\u2019una pand\u00e8mia com la Covid i dels efectes de la guerra d\u2019Ucra\u00efna com en pot sortir una societat com la nostra?<\/strong><br \/>-L\u2019\u00fanic positiu que se\u2019n pot treure d\u2019aquests dos drames humans \u00e9s prendre consciencia de que som altament interdependents amb la resta dels conciutadans d\u2019aquest m\u00f3n. I que la solidaritat es un valor i tamb\u00e9 una necessitat. Tamb\u00e9 de que hi ha pol\u00edtiques que nomes tenen sentit a nivell europeu. Europa hauria de ser federal, \u00e9s l\u2019\u00fanic espai que pot donar resposta als temes sanitaris, tenir una pol\u00edtica de salut en part compartida \u00e9s fonamental i ens agradi o no una pol\u00edtica de defensa, no per atacar sino per no ser atacada. Hem nascut de les guerres i hem de crear un ex\u00e8rcit de defensa. Potser no tindrem un ex\u00e8rcit europeu com a tal per\u00f2 si una for\u00e7a d\u2019intervenci\u00f3 r\u00e0pida i els ex\u00e8rcits propis dels pa\u00efsos. La UE necessita pol\u00edtiques comunes al menys en afers exteriors, defensa, compet\u00e8ncia, comer\u00e7, fiscalitat, energia, sanitat, immigraci\u00f3, ci\u00e8ncia i tecnologia.<\/p><p style=\"text-align: justify;\"><img class=\"wp-image-11122 aligncenter \" src=\"https:\/\/rethinkbcn.cat\/wp-content\/uploads\/2032\/05\/FOTO-CARLOS-LOSADA-2-300x200.jpg\" alt=\"\" width=\"560\" height=\"373\" \/><\/p><p style=\"text-align: justify;\"><strong>-Com s\u2019articula una Europa federal?<\/strong><br \/>-Per desgr\u00e0cia, l\u2019articulaci\u00f3 d\u2019una Europa federal dif\u00edcilment podr\u00e0 comen\u00e7ar amb Fran\u00e7a i Alemanya com tots esperem. Molts experts que conec consideren que potser el proc\u00e9s federal europeu hauria d\u2019iniciar-se amb Alemanya, \u00c0ustria, Pa\u00efsos Baixos, algun pa\u00eds n\u00f2rdic i It\u00e0lia que \u00e9s fonamental com a gran pa\u00eds del sud. Dic que no podr\u00e0 comen\u00e7ar amb Fran\u00e7a no perqu\u00e8 no vulguem els proeuropeus sin\u00f3 perqu\u00e8 Fran\u00e7a t\u00e9 encara una visi\u00f3 molt accentuada de la seva grandeur i solament si veu que una part important d\u2019Europa es federalitza donar\u00e0 el pas d\u2019afegir-se al projecte. Si Fran\u00e7a opta per un model federal i es sumen Espanya i Portugal podrem formar part del projecte i aix\u00f2 seria el gran nucli de l\u2019Europa federal.<\/p><p style=\"text-align: justify;\"><strong>-Partint del principi de subsidiarietat, qu\u00e8 ha d\u2019assumir la ciutat?<\/strong><br \/>-Hi ha coses que a nivell global no funcionen. Una q\u00fcesti\u00f3 clara \u00e9s que les pol\u00edtiques socials necessiten una adaptaci\u00f3 a la realitat que \u00e9s impensable que es pugui produir fins i tot a nivell estatal. Realitats molt quotidianes com el propi proc\u00e9s d\u2019immigraci\u00f3 necessita una mentalitat ciutadana que aculli a les persones. La realitat \u00faltima de la pol\u00edtica es fa a nivell de ciutat, sens dubte, aix\u00f2 si, amb un marc mes ampli.<\/p><p style=\"text-align: justify;\"><strong>-Hi ha moltes situacions de desigualtat entre municipis metropolitans o entre barris a l\u2019interior mateix de Barcelona. Tot i que no \u00e9s solament una q\u00fcesti\u00f3 de rendes, tamb\u00e9 de comportaments culturals, pert\u00e0nyer a un territori o un altre condiciona molt la vida...<\/strong><br \/>-\u00c9s evident que reclamem situacions m\u00e9s equitatives per\u00f2 si descompt\u00e9ssim l\u2019impacte de l\u2019actuaci\u00f3 de les administracions p\u00fabliques, de l\u2019efecte fiscal, de la seguretat social amb les pensions, tindr\u00edem societats molt m\u00e9s desiguals. En aquest camp hi ha pol\u00edtiques que podrien ser municipals i que s\u00f3n claus. Molts estudis identifiquen que el nivell de desigualtat apareix els primers anys de vida en el si de la pr\u00f2pia fam\u00edlia. Hi ha fam\u00edlies que ofereixen unes possibilitats als fills que altres fam\u00edlies mai podrien oferir als seus. Hi ha entorns familiars en que es valora la cultura, llegir, l\u2019autocontrol com a base d\u2019una major autonomia dels fills, de major capacitat de decisi\u00f3 i d\u2019enfrontar-se als reptes personals. I hi ha altres entorns familiars complexos per q\u00fcestions laborals, feina dels pares, tradici\u00f3 cultural, per una presencia excessiva de les xarxes socials i la tecnologia, pel nivell de renda... Per aix\u00f2 t\u00e9 tanta import\u00e0ncia la inversi\u00f3 en els nens i nenes del 0 als 5 o 6 anys. Cal fer una inversi\u00f3 fort\u00edssima en els nens, en els pares, en les fam\u00edlies, tamb\u00e9 les monoparentals evidentment.<br \/>Es cert que hi ha dues visions que s\u2019ha de considerar com es compaginen: la meritocr\u00e0cia i el caf\u00e8 per a tothom. Cal tenir sistemes educatius que ajudin a cadasc\u00fa a donar el millor que t\u00e9, cosa que \u00e9s molt complicada i molt cara per\u00f2 amb la reducci\u00f3 de l\u00ednies educatives com a conseq\u00fc\u00e8ncia de la caiguda de la natalitat tenim l\u2019oportunitat de fer aquest tipus de pol\u00edtica. El tema de fons \u00e9s l\u2019equitat, \u00e9s una eina perqu\u00e8 la gent surti de situacions de pobresa, de marginalitat i pugui tenir m\u00e9s autonomia, m\u00e9s llibertat per dibuixar el seu futur. Per fer aix\u00f2 cal molta estabilitat per als projectes educatius, afavorir molta la dedicaci\u00f3 a la relaci\u00f3 amb el alumne i conrear molt la vocaci\u00f3 dels professors. Hi ha llocs d\u2019Espanya amb renda per c\u00e0pita m\u00e9s baixa que la catalana que tenen resultats acad\u00e8mics molt millors, afavorint que persones de tot nivell pugui tenir despr\u00e9s acc\u00e9s a la cultura, a la formaci\u00f3, a un desenvolupament molt m\u00e9s gran. S\u2019ha de dir tamb\u00e9, en aquest punt, que tenim un sistema de mobilitat del personal docent pensat m\u00e9s en clau del que interessa al propi personal docent que no del que interessa al centre escolar i al seu projecte educatiu i als alumnes.<\/p><p style=\"text-align: justify;\"><strong>-Han de canviar el personal docent o tota l\u2019administraci\u00f3?<\/strong><br \/>-L\u2019administraci\u00f3 p\u00fablica \u00e9s l\u2019instrument m\u00e9s important del que s\u2019ha dotat la humanitat per resoldre problemes col\u00b7lectius, per\u00f2 ha de canviar molt\u00edssim perqu\u00e8 tenim per endavant reptes for\u00e7a diferents als que hem tingut fins ara i les eines per tractar-los tamb\u00e9 han de ser diferents. No es pot fer simplement m\u00e9s del mateix. Tenim una oportunitat \u00fanica pel fet que administracions p\u00fabliques perdran una part important dels seus efectius ens els propers 10 o 15 anys. Pr\u00e0cticament la meitat. La gent que va entrar a l\u2019administraci\u00f3 els anys vuitanta amb el boom de l\u2019estat del benestar ja s\u2019est\u00e0 jubilant. Aix\u00f2 t\u00e9 una part negativa perqu\u00e8 perdem talent i coneixement per\u00f2 tamb\u00e9 hi ha la gran oportunitat de que entrin nous perfils al sector p\u00fablic. Fer aix\u00f2 requeriria reformes de l\u2019administraci\u00f3 i de la funci\u00f3 p\u00fablica molt sofisticades que necessitarien un gran acord parlamentari. Podr\u00edem comptar amb els tres pilars d\u2019una societat avan\u00e7ada, un bon sector p\u00fablic que estigui realment al servei de les necessitats col\u00b7lectives , veritablement democr\u00e0tic; un sector privat potent i competitiu capa\u00e7 de generar bens i serveis i un sector social inclusiu i amb capacitat d\u2019adaptaci\u00f3 a les noves realitats. I em de ser capa\u00e7os de gestionar m\u00e9s i millor la col\u00b7laboraci\u00f3 p\u00fablic-privada. Estem molt per sota dels pa\u00efsos de referencia a la EU.<\/p><p style=\"text-align: justify;\"><strong>En tot aquest entorn qu\u00e8 hi diuen les empreses, qu\u00e8 volen?<\/strong><br \/>El primer que necessiten les empreses \u00e9s que socialment se les vegi com el gran instrument de creaci\u00f3 de riquesa, no que se\u2019n tingui una visi\u00f3 pejorativa. La contribuci\u00f3 de l\u2019empresariat a la societat, vista amb perspectiva hist\u00f2rica, \u00e9s central, enorme. \u00c9s el gran instrument de generaci\u00f3 de bens i serveis que consumim tots i que crea llocs de treball i de pagar impostos,... per simplificar. Globalment el mon empresarial necessita molta m\u00e9s estabilitat, pol\u00edtica i econ\u00f2mica. Hav\u00edem guanyat molt en estabilitat macroecon\u00f2mica, per\u00f2 la situaci\u00f3 d\u2019inflaci\u00f3 \u00e9s molt negativa. I els nivells de endeutament p\u00fablic molt perillosos. Tamb\u00e9 necessita infraestructures de connexi\u00f3 i disponibilitat de talent com deia al principi. I torno: estima social.<\/p><p style=\"text-align: justify;\"><strong>Cap on creu que hauria d\u2019enfocar Catalunya les seves energies?<\/strong><br \/>Les hauria de dirigir a cosir internament el pa\u00eds, perqu\u00e8 sense grans pactes i sense un projecte compartit ser\u00e0 molt dif\u00edcil avan\u00e7ar. Soc tremendament cr\u00edtic, i ho he dit p\u00fablicament, amb el Proc\u00e9s, m\u00e9s enll\u00e0 de que la independ\u00e8ncia \u00e9s una posici\u00f3 pol\u00edtica que est\u00e0 en contra de la meva filosofia pol\u00edtica, del que crec que \u00e9s la interacci\u00f3 entre persones i entre societats. Al marge de la meva posici\u00f3 el balan\u00e7 que ens ha deixat el Proc\u00e9s \u00e9s molt dur, hem perdut pistonada cap enfora i cap endins. No crec que puguem reconstruir f\u00e0cilment un projecte compartit per\u00f2 si al menys reduir les difer\u00e8ncies, les percepcions que tenim els uns dels altres per anar-les esborrant, que no es facin m\u00e9s grans. Crec que aquesta ha de ser una tasca de tots i durant molts anys. Jo tornaria a l\u2019estrat\u00e8gia que deia parlant de Barcelona: quins son els m\u00ednims que acceptem i volem tirar endavant encara que no tothom hi estigui d\u2019acord? A Finl\u00e0ndia es van fer fa unes d\u00e8cades propostes al parlament sabent que a curt termini no es posarien d\u2019acord per\u00f2 s\u00ed a llarg terme. Ho podem fer tamb\u00e9 nosaltres, identifiquem all\u00f2 que considerem clau, all\u00f2 en que pot coincidir la gran majoria de l\u2019arc parlamentari i fem un pacte sobre els punts cr\u00edtics per al futur del pa\u00eds. Crec que el regal m\u00e9s gran que podria fer ara el Parlament de Catalunya a la nostra societat \u00e9s identificar els punts basics que, sigui quin sigui el govern, caldr\u00e0 tirar endavant.<\/p><p style=\"text-align: justify;\">-<\/p><p>[\/et_pb_text][et_pb_text disabled_on=\"off|off|on\" admin_label=\"Text entrada tablet i m\u00f2bil\" _builder_version=\"4.9.0\" _module_preset=\"default\" text_font=\"Averta Light||||||||\" header_font=\"Averta regular||||||||\" header_font_size=\"36px\" header_4_font=\"Averta regular||||||||\" header_4_line_height=\"1.2em\" hover_enabled=\"0\" header_font_size_tablet=\"30px\" header_font_size_phone=\"24px\" header_font_size_last_edited=\"on|phone\" sticky_enabled=\"0\"]<\/p><p>Per <strong>Rafael Pradas<\/strong><\/p><p style=\"text-align: justify;\">Carlos Losada \u00e9s doctor en Direcci\u00f3 i Administraci\u00f3 d\u2019Empreses i llicenciat en Dret. \u00c9s professor del Departament de Direcci\u00f3 General i Estrat\u00e8gia d\u2019ESADE, instituci\u00f3 de la que ha estat director general al llarg de deu anys, entre 2000 i 2010. Ha exercit diversos c\u00e0rrecs de direcci\u00f3, tant al sector privat com al p\u00fablic, entre ells el de secretari general d'Administraci\u00f3 i Funci\u00f3 P\u00fablica de la Generalitat, ha treballat tamb\u00e9 al Banc Interameric\u00e0 de Desenvolupament a Washington DC i mant\u00e9 un vincle estret amb el tercer sector. Ha compaginat l'activitat acad\u00e8mica amb la pertinen\u00e7a a diversos \u00f2rgans de govern, entre els quals destaquen els consells d'administraci\u00f3 de Gas Natural Fenosa (Espanya), de la SFL (Fran\u00e7a) i de l'empresa europea InnoEnergy (Holanda), i el Consell Assessor de la Fundaci\u00f3 Pr\u00edncep de Girona. Membre de diversos patronats, avui presideix la federaci\u00f3 d\u2019Universitats Jesuites a Espanya y es membre del World Council de la IAJU. De profundes conviccions dem\u00f2crata cristianes, ha estat un dels fundadors de d\u2019Units per Avan\u00e7ar.<\/p><p style=\"text-align: justify;\"><strong>-En quin context global s\u2019ha de moure Barcelona?<\/strong><br \/>-Un aspecte fonamental del context global, que no sempre tenim prou present, \u00e9s el canvi demogr\u00e0fic: en el m\u00f3n hi haur\u00e0 una transformaci\u00f3 els propers quaranta anys que condicionar\u00e0 moltes de les decisions pol\u00edtiques, en mat\u00e8ria d\u2019infraestructures, de natalitat, de jubilacions,... que s\u2019hagin de prendre. Els canvis demogr\u00e0fics ja s\u00f3n brutals i els estudis m\u00e9s seriosos, com els publicats a The Lancet, preveuen una caiguda radical de la poblaci\u00f3 a Espanya i Catalunya. \u00c9s cert que aix\u00f2 s\u2019espera per d\u2019aqu\u00ed a vint o trenta anys. A la vegada es dibuixa un creixement fort\u00edssim de poblaci\u00f3 a \u00c0frica i un estancament molt important als altres continents i grans pa\u00efsos com Xina. Aquesta part de l\u2019escenari t\u00e9 molt a veure amb moviments migratoris i per tant amb pol\u00edtiques d\u2019acceptaci\u00f3 de la immigraci\u00f3, una de les poques coses que ens poden permetre cr\u00e9ixer com a societat en el mig i llarg termini.<br \/>Un altre tret caracter\u00edstic de l\u2019escenari global \u00e9s tot all\u00f2 que afecta a la transformaci\u00f3 tecnol\u00f2gica que vol dir tamb\u00e9 la transformaci\u00f3 de l\u2019ocupaci\u00f3. Sembla ja un t\u00f2pic per\u00f2 \u00e9s una certesa que d\u2019aqu\u00ed a pocs anys la majoria de les feines d\u2019avui no existiran. Ja est\u00e0 passant de fet amb un mercat laboral en qu\u00e8 hi ha demanda d\u2019ocupaci\u00f3 important en molts \u00e0mbits i en canvi tenim un atur molt elevat perqu\u00e8 hi ha un gran desajust. Aix\u00f2 ja posa de manifest l\u2019enorme import\u00e0ncia de les pol\u00edtiques actives d\u2019ocupaci\u00f3.<\/p><p><strong>-Sembla que ens encaminem cap a una societat m\u00e9s desigual...<\/strong><br \/>-Conjuga, en efecte, amb un important proc\u00e9s de p\u00e8rdua d\u2019equitat. Branko Milanovic ha fet uns estudis impressionants sobre com s\u2019ha transformat realment l\u2019equitat. \u00c9s cert que a nivell mundial hi ha pa\u00efsos que han guanyat en equitat per\u00f2 tamb\u00e9 hi ha pa\u00efsos extraordin\u00e0riament pobres, deixats de banda, que han caigut en una pen\u00faria extrema. Podem dir, doncs, que en el mon hi ha m\u00e9s equitat, per\u00f2 hi ha dos \u00e0rees que pateixen molt\u00edssim, a m\u00e9s dels pa\u00efsos m\u00e9s pobres, Europa i Estats Units i concretament les seves classes mitjanes i les classes de rendes baixes. La p\u00e8rdua d\u2019oportunitats \u00e9s atro\u00e7 i es generadora en part d\u2019un gran descontent i dels populismes.<\/p><p style=\"text-align: justify;\"><strong>-El m\u00f3n s\u2019ha fet encara m\u00e9s global amb la Covid i la guerra d\u2019Ucra\u00efna?<\/strong><br \/>... i amb la tecnologia! La globalitzaci\u00f3 ens han fet altament interdependents. Ho veiem, com diu, amb la guerra d\u2019Ucra\u00efna, ho vam veure amb el Covid. A m\u00e9s hi ha un altre factor clau que dibuixa el marc en que es mou i es mour\u00e0 Barcelona: la tecnologia modifica les relacions de poder, fins i tot les interpersonals. Comporta un extraordinari canvi de valors socials del qual encara no en som conscients. La tecnologia ens ha portat al trencament entre molts grups socials, ha generat moltes illes socials i fa molt dif\u00edcil tenir projectes compartits.<\/p><p style=\"text-align: justify;\"><img class=\"aligncenter wp-image-11125 \" src=\"https:\/\/rethinkbcn.cat\/wp-content\/uploads\/2032\/05\/FOTO-CARLOS-LOSADA-3.jpg\" alt=\"\" width=\"559\" height=\"335\" \/><\/p><p style=\"text-align: justify;\">-<strong>Tot aix\u00f2 ajustat a la realitat de Barcelona com ho veu?<\/strong><br \/>Un dels problemes m\u00e9s importants de Barcelona en aquest escenari \u00e9s que li ser\u00e0 molt dif\u00edcil dissenyar un projecte compartit. Els reptes demogr\u00e0fics, ocupacionals, d\u2019equitat, i el canvi de valors, fan molt dif\u00edcil poder dir que cal fer. Son problemes d\u2019una gran complexitat i fond\u00e0ria i no hi ha receptes m\u00e0giques que no tinguin un alt cost social i, en conseq\u00fc\u00e8ncia, pol\u00edtic.<\/p><p style=\"text-align: justify;\"><strong>-Quan vost\u00e8 parla de projecte compartit suposo que es refereix a acceptaci\u00f3 social...<\/strong><br \/>-S\u00ed, que la majoria de la poblaci\u00f3 digui \u201cjo vull una Barcelona d\u2019aquesta manera, somio amb aquesta visi\u00f3 de Barcelona\u201d... i estic disposat a fer sacrificis!!! Crec que \u00e9s mot dif\u00edcil. El gran repte d\u2019un bon pol\u00edtic \u00e9s aconseguir que hi hagi un projecte compartit per la gran majoria de la poblaci\u00f3 de la ciutat o de l\u2019\u00e0rea metropolitana per\u00f2 dubto que avui hi hagi cap formaci\u00f3 pol\u00edtica amb capacitat de dibuixar-lo. \u00c9s una pena perqu\u00e8 crec que podria ser molt potent i mobilitzar-nos col\u00b7lectivament.<\/p><p style=\"text-align: justify;\"><strong>-Diu Barcelona per\u00f2 entenc que hem de llegir metr\u00f2polis<\/strong><br \/>-L\u2019\u00e0mbit de Barcelona ciutat \u00e9s molt limitat. La meva percepci\u00f3 \u00e9s que cal tenir el marc mental i pol\u00edtic de la gran Barcelona o el que en diem l\u2019\u00e0rea metropolitana, tot i que no m\u2019agrada utilitzar el terme perqu\u00e8 delimita excessivament. M\u2019agrada m\u00e9s parlar de la Gran Barcelona o de la Barcelona metropolitana que incorpora tota l\u2019\u00e0rea d\u2019influ\u00e8ncia. Crec que ens equivocarem si no som capa\u00e7os de veure la seva import\u00e0ncia i de fer pol\u00edtiques en clau de Gran Barcelona. Penso que sortir\u00edem guanyant col\u00b7lectivament si els municipis, alcaldes i regidors, veiessin molt m\u00e9s clara la necessitat i l\u2019oportunitat d\u2019aquesta Barcelona, per\u00f2 tamb\u00e9 es cert que hi ha una imatge, una visi\u00f3 que ens ve d\u2019un nacionalisme poc modern que va en contra d\u2019aquesta idea perqu\u00e8 considera que tot ha de ser Catalunya. Si f\u00f3ssim capa\u00e7os de fer els m\u00ednims deures, fins i tot sense tenir una visi\u00f3 compartida, Barcelona podria ocupar un espai internacional molt rellevant.<\/p><p style=\"text-align: justify;\"><strong>-Quins s\u00f3n aquests m\u00ednims deures que ha de fer Barcelona?<\/strong><br \/>-S\u00f3n d\u2019una certa complexitat perqu\u00e8 comporta barrejar posicions ideol\u00f2giques que semblen confrontades. Necessitem una constel\u00b7laci\u00f3 de m\u00ednims en la que tots estiguem d\u2019acord encara que no despertin una gran passi\u00f3. Crec que hi ha dos temes que s\u00f3n controvertits per\u00f2 nuclears : l\u2019aeroport i l\u2019aposta pel coneixement. Podem fer meravelles, podem dir moltes altres coses, per\u00f2 l\u2019aeroport \u00e9s condici\u00f3 sine qua non per al futur de Barcelona: hi ha estudis que correlacionen el progr\u00e9s social, hum\u00e0, econ\u00f2mic de les ciutats amb diversos factors i dos dels m\u00e9s importants son l\u2019exist\u00e8ncia d\u2019aeroport, d\u2019un hub important, i l\u2019aposta per la recerca, els doctorats i m\u00e0sters de qualitat internacional,.... Un conjunt d\u2019eines pr\u00f2pies de les societats del coneixement m\u00e9s un bon aeroport permet fer moltes altres coses. Tamb\u00e9 \u00e9s cert que a la vegada cal una aposta radical per pol\u00edtiques d\u2019equitat, amb les que no est\u00e0 d\u2019acord tothom. Crec que Barcelona ha de fer una aposta molt important per pol\u00edtiques d\u2019igualtat i no ens hem d\u2019enganyar, aix\u00f2 vol dir impostos. \u00c9s cert que a vegades la pol\u00edtica fiscal carrega excessivament sobre alguns sectors de la poblaci\u00f3, per\u00f2 en qualsevol cas, sense entrar ara a parlar de pol\u00edtica fiscal, est\u00e0 clar que un repte clar\u00edssim, al mateix nivell o m\u00e9s alt que l\u2019aeroport o l\u2019aposta pel coneixement i la recerca, figura l\u2019equitat. Sense equitat no farem res, no tindrem una societat m\u00ednimament cohesionada i digna pels seus habitants.<\/p><p style=\"text-align: justify;\"><strong>-No s\u2019ha mitificat en exc\u00e9s la necessitat d\u2019ampliar l\u2019aeroport? No es parteix una mica de l\u2019obsessi\u00f3 de Boston com a met\u00e0fora? Som Boston?<\/strong><br \/>-No som Boston, per\u00f2 podem tenir un model propi que no ha de ser Boston per\u00f2 tampoc ha de ser Miami, que \u00e9s l\u2019altre exemple que es posa sempre. No podem ser el ressort d\u2019Europa, entre altres raons perqu\u00e8 hi ha molt bons ressorts i m\u00e9s econ\u00f2mics competint amb Barcelona. Hem de buscar un tercer g\u00e8nere per dir-ho d\u2019alguna manera, que ens permeti compartir coses de Boston i coses de Miami. Barcelona est\u00e0 posicionada per fer-ho, per\u00f2 aix\u00f2 seria crear una visi\u00f3 compartida i no s\u00e9 si ens en sortirem. No faig una proposta, parlo un altre cop de deures m\u00ednims que si som capa\u00e7os de fer ens han de permetre tenir m\u00e9s oportunitats per a la majoria de la poblaci\u00f3. Que ens interessa com a societat, com \u00e0rea geogr\u00e0fica, com a pa\u00eds, pa\u00eds ent\u00e8s com a Catalunya i pa\u00eds ent\u00e8s com a Espanya, com a Europa? Ens interessen societats que ofereixin bones oportunitats als seus ciutadans per poder desenvolupar el seu projecte vital, personal i col\u00b7lectiu. Si volem aix\u00f2, l\u2019aeroport \u00e9s molt important perqu\u00e8 permet no nomes la interconnexi\u00f3 i la mobilitat de l\u2019\u00e0rea metropolitana sin\u00f3 convertir-nos en punt de pas per a moltes altres iniciatives i aix\u00f2 en societats cada vegada m\u00e9s interrelacionades \u00e9s cr\u00edtic.<\/p><p style=\"text-align: justify;\"><strong>-A Espanya hi caben dos hubs?<\/strong><br \/>-La q\u00fcesti\u00f3 \u00e9s pertinent. Quants hub hi poden haver a Europa? Aquesta \u00e9s la clau. Fixem-nos en It\u00e0lia: Mil\u00e0 era el gran hub i com que tenir-ne dos no era possible pol\u00edticament va anar perdent for\u00e7a; ara Roma lluita per\u00f2 tampoc podr\u00e0 ser un hub, li ser\u00e0 molt dif\u00edcil. La resposta es cruel, \u00e9s molt dif\u00edcil que hi hagin dos hubs a Espanya. Una altra cosa \u00e9s que Barcelona jugui totes les cartes per tenir el millor aeroport possible i apropar m\u00e9s vols; aix\u00f2 si que ho pot fer. El 2019 va arribar gaireb\u00e9 als 53 milions de passatgers i te marge de creixement.<\/p><p style=\"text-align: justify;\"><strong>-Es possible ampliar l\u2019aeroport i defensar el medi ambient a la vegada?<\/strong><br \/>-Ja se que una reacci\u00f3, l\u00f2gica i natural, \u00e9s pensar que si volem ser sostenibles mediambientalment aix\u00f2 de l\u2019aeroport \u00e9s una barbaritat i que no s\u2019enganyi ning\u00fa: un aeroport m\u00e9s fort i amb m\u00e9s vols significa m\u00e9s contaminaci\u00f3. Que hem de fer? Crec que pol\u00edtiques molt intel\u00b7ligents. Si tenim un aeroport potent que contamina m\u00e9s hem de fer pol\u00edtiques ambientals m\u00e9s agressives a la resta del territori i Barcelona s\u2019ha de convertir en una ciutat amb un nivell de contaminaci\u00f3 molt baix sabent, per\u00f2, que aix\u00f2 t\u00e9 costos per als ciutadans.<\/p><p style=\"text-align: justify;\"><strong>-D\u2019una pand\u00e8mia com la Covid i dels efectes de la guerra d\u2019Ucra\u00efna com en pot sortir una societat com la nostra?<\/strong><br \/>-L\u2019\u00fanic positiu que se\u2019n pot treure d\u2019aquests dos drames humans \u00e9s prendre consciencia de que som altament interdependents amb la resta dels conciutadans d\u2019aquest m\u00f3n. I que la solidaritat es un valor i tamb\u00e9 una necessitat. Tamb\u00e9 de que hi ha pol\u00edtiques que nomes tenen sentit a nivell europeu. Europa hauria de ser federal, \u00e9s l\u2019\u00fanic espai que pot donar resposta als temes sanitaris, tenir una pol\u00edtica de salut en part compartida \u00e9s fonamental i ens agradi o no una pol\u00edtica de defensa, no per atacar sino per no ser atacada. Hem nascut de les guerres i hem de crear un ex\u00e8rcit de defensa. Potser no tindrem un ex\u00e8rcit europeu com a tal per\u00f2 si una for\u00e7a d\u2019intervenci\u00f3 r\u00e0pida i els ex\u00e8rcits propis dels pa\u00efsos. La UE necessita pol\u00edtiques comunes al menys en afers exteriors, defensa, compet\u00e8ncia, comer\u00e7, fiscalitat, energia, sanitat, immigraci\u00f3, ci\u00e8ncia i tecnologia.<\/p><p style=\"text-align: justify;\"><img class=\"wp-image-11122 aligncenter \" src=\"https:\/\/rethinkbcn.cat\/wp-content\/uploads\/2032\/05\/FOTO-CARLOS-LOSADA-2-300x200.jpg\" alt=\"\" width=\"560\" height=\"373\" \/><\/p><p style=\"text-align: justify;\"><strong>-Com s\u2019articula una Europa federal?<\/strong><br \/>-Per desgr\u00e0cia, l\u2019articulaci\u00f3 d\u2019una Europa federal dif\u00edcilment podr\u00e0 comen\u00e7ar amb Fran\u00e7a i Alemanya com tots esperem. Molts experts que conec consideren que potser el proc\u00e9s federal europeu hauria d\u2019iniciar-se amb Alemanya, \u00c0ustria, Pa\u00efsos Baixos, algun pa\u00eds n\u00f2rdic i It\u00e0lia que \u00e9s fonamental com a gran pa\u00eds del sud. Dic que no podr\u00e0 comen\u00e7ar amb Fran\u00e7a no perqu\u00e8 no vulguem els proeuropeus sin\u00f3 perqu\u00e8 Fran\u00e7a t\u00e9 encara una visi\u00f3 molt accentuada de la seva grandeur i solament si veu que una part important d\u2019Europa es federalitza donar\u00e0 el pas d\u2019afegir-se al projecte. Si Fran\u00e7a opta per un model federal i es sumen Espanya i Portugal podrem formar part del projecte i aix\u00f2 seria el gran nucli de l\u2019Europa federal.<\/p><p style=\"text-align: justify;\"><strong>-Partint del principi de subsidiarietat, qu\u00e8 ha d\u2019assumir la ciutat?<\/strong><br \/>-Hi ha coses que a nivell global no funcionen. Una q\u00fcesti\u00f3 clara \u00e9s que les pol\u00edtiques socials necessiten una adaptaci\u00f3 a la realitat que \u00e9s impensable que es pugui produir fins i tot a nivell estatal. Realitats molt quotidianes com el propi proc\u00e9s d\u2019immigraci\u00f3 necessita una mentalitat ciutadana que aculli a les persones. La realitat \u00faltima de la pol\u00edtica es fa a nivell de ciutat, sens dubte, aix\u00f2 si, amb un marc mes ampli.<\/p><p style=\"text-align: justify;\"><strong>-Hi ha moltes situacions de desigualtat entre municipis metropolitans o entre barris a l\u2019interior mateix de Barcelona. Tot i que no \u00e9s solament una q\u00fcesti\u00f3 de rendes, tamb\u00e9 de comportaments culturals, pert\u00e0nyer a un territori o un altre condiciona molt la vida...<\/strong><br \/>-\u00c9s evident que reclamem situacions m\u00e9s equitatives per\u00f2 si descompt\u00e9ssim l\u2019impacte de l\u2019actuaci\u00f3 de les administracions p\u00fabliques, de l\u2019efecte fiscal, de la seguretat social amb les pensions, tindr\u00edem societats molt m\u00e9s desiguals. En aquest camp hi ha pol\u00edtiques que podrien ser municipals i que s\u00f3n claus. Molts estudis identifiquen que el nivell de desigualtat apareix els primers anys de vida en el si de la pr\u00f2pia fam\u00edlia. Hi ha fam\u00edlies que ofereixen unes possibilitats als fills que altres fam\u00edlies mai podrien oferir als seus. Hi ha entorns familiars en que es valora la cultura, llegir, l\u2019autocontrol com a base d\u2019una major autonomia dels fills, de major capacitat de decisi\u00f3 i d\u2019enfrontar-se als reptes personals. I hi ha altres entorns familiars complexos per q\u00fcestions laborals, feina dels pares, tradici\u00f3 cultural, per una presencia excessiva de les xarxes socials i la tecnologia, pel nivell de renda... Per aix\u00f2 t\u00e9 tanta import\u00e0ncia la inversi\u00f3 en els nens i nenes del 0 als 5 o 6 anys. Cal fer una inversi\u00f3 fort\u00edssima en els nens, en els pares, en les fam\u00edlies, tamb\u00e9 les monoparentals evidentment.<br \/>Es cert que hi ha dues visions que s\u2019ha de considerar com es compaginen: la meritocr\u00e0cia i el caf\u00e8 per a tothom. Cal tenir sistemes educatius que ajudin a cadasc\u00fa a donar el millor que t\u00e9, cosa que \u00e9s molt complicada i molt cara per\u00f2 amb la reducci\u00f3 de l\u00ednies educatives com a conseq\u00fc\u00e8ncia de la caiguda de la natalitat tenim l\u2019oportunitat de fer aquest tipus de pol\u00edtica. El tema de fons \u00e9s l\u2019equitat, \u00e9s una eina perqu\u00e8 la gent surti de situacions de pobresa, de marginalitat i pugui tenir m\u00e9s autonomia, m\u00e9s llibertat per dibuixar el seu futur. Per fer aix\u00f2 cal molta estabilitat per als projectes educatius, afavorir molta la dedicaci\u00f3 a la relaci\u00f3 amb el alumne i conrear molt la vocaci\u00f3 dels professors. Hi ha llocs d\u2019Espanya amb renda per c\u00e0pita m\u00e9s baixa que la catalana que tenen resultats acad\u00e8mics molt millors, afavorint que persones de tot nivell pugui tenir despr\u00e9s acc\u00e9s a la cultura, a la formaci\u00f3, a un desenvolupament molt m\u00e9s gran. S\u2019ha de dir tamb\u00e9, en aquest punt, que tenim un sistema de mobilitat del personal docent pensat m\u00e9s en clau del que interessa al propi personal docent que no del que interessa al centre escolar i al seu projecte educatiu i als alumnes.<\/p><p style=\"text-align: justify;\"><strong>-Han de canviar el personal docent o tota l\u2019administraci\u00f3?<\/strong><br \/>-L\u2019administraci\u00f3 p\u00fablica \u00e9s l\u2019instrument m\u00e9s important del que s\u2019ha dotat la humanitat per resoldre problemes col\u00b7lectius, per\u00f2 ha de canviar molt\u00edssim perqu\u00e8 tenim per endavant reptes for\u00e7a diferents als que hem tingut fins ara i les eines per tractar-los tamb\u00e9 han de ser diferents. No es pot fer simplement m\u00e9s del mateix. Tenim una oportunitat \u00fanica pel fet que administracions p\u00fabliques perdran una part important dels seus efectius ens els propers 10 o 15 anys. Pr\u00e0cticament la meitat. La gent que va entrar a l\u2019administraci\u00f3 els anys vuitanta amb el boom de l\u2019estat del benestar ja s\u2019est\u00e0 jubilant. Aix\u00f2 t\u00e9 una part negativa perqu\u00e8 perdem talent i coneixement per\u00f2 tamb\u00e9 hi ha la gran oportunitat de que entrin nous perfils al sector p\u00fablic. Fer aix\u00f2 requeriria reformes de l\u2019administraci\u00f3 i de la funci\u00f3 p\u00fablica molt sofisticades que necessitarien un gran acord parlamentari. Podr\u00edem comptar amb els tres pilars d\u2019una societat avan\u00e7ada, un bon sector p\u00fablic que estigui realment al servei de les necessitats col\u00b7lectives , veritablement democr\u00e0tic; un sector privat potent i competitiu capa\u00e7 de generar bens i serveis i un sector social inclusiu i amb capacitat d\u2019adaptaci\u00f3 a les noves realitats. I em de ser capa\u00e7os de gestionar m\u00e9s i millor la col\u00b7laboraci\u00f3 p\u00fablic-privada. Estem molt per sota dels pa\u00efsos de referencia a la EU.<\/p><p style=\"text-align: justify;\"><strong>-En tot aquest entorn qu\u00e8 hi diuen les empreses, qu\u00e8 volen?<\/strong><br \/>-El primer que necessiten les empreses \u00e9s que socialment se les vegi com el gran instrument de creaci\u00f3 de riquesa, no que se\u2019n tingui una visi\u00f3 pejorativa. La contribuci\u00f3 de l\u2019empresariat a la societat, vista amb perspectiva hist\u00f2rica, \u00e9s central, enorme. \u00c9s el gran instrument de generaci\u00f3 de bens i serveis que consumim tots i que crea llocs de treball i de pagar impostos,... per simplificar. Globalment el mon empresarial necessita molta m\u00e9s estabilitat, pol\u00edtica i econ\u00f2mica. Hav\u00edem guanyat molt en estabilitat macroecon\u00f2mica, per\u00f2 la situaci\u00f3 d\u2019inflaci\u00f3 \u00e9s molt negativa. I els nivells de endeutament p\u00fablic molt perillosos. Tamb\u00e9 necessita infraestructures de connexi\u00f3 i disponibilitat de talent com deia al principi. I torno: estima social.<\/p><p style=\"text-align: justify;\"><strong>-Cap on creu que hauria d\u2019enfocar Catalunya les seves energies?<\/strong><br \/>-Les hauria de dirigir a cosir internament el pa\u00eds, perqu\u00e8 sense grans pactes i sense un projecte compartit ser\u00e0 molt dif\u00edcil avan\u00e7ar. Soc tremendament cr\u00edtic, i ho he dit p\u00fablicament, amb el Proc\u00e9s, m\u00e9s enll\u00e0 de que la independ\u00e8ncia \u00e9s una posici\u00f3 pol\u00edtica que est\u00e0 en contra de la meva filosofia pol\u00edtica, del que crec que \u00e9s la interacci\u00f3 entre persones i entre societats. Al marge de la meva posici\u00f3 el balan\u00e7 que ens ha deixat el Proc\u00e9s \u00e9s molt dur, hem perdut pistonada cap enfora i cap endins. No crec que puguem reconstruir f\u00e0cilment un projecte compartit per\u00f2 si al menys reduir les difer\u00e8ncies, les percepcions que tenim els uns dels altres per anar-les esborrant, que no es facin m\u00e9s grans. Crec que aquesta ha de ser una tasca de tots i durant molts anys. Jo tornaria a l\u2019estrat\u00e8gia que deia parlant de Barcelona: quins son els m\u00ednims que acceptem i volem tirar endavant encara que no tothom hi estigui d\u2019acord? A Finl\u00e0ndia es van fer fa unes d\u00e8cades propostes al parlament sabent que a curt termini no es posarien d\u2019acord per\u00f2 s\u00ed a llarg terme. Ho podem fer tamb\u00e9 nosaltres, identifiquem all\u00f2 que considerem clau, all\u00f2 en que pot coincidir la gran majoria de l\u2019arc parlamentari i fem un pacte sobre els punts cr\u00edtics per al futur del pa\u00eds. Crec que el regal m\u00e9s gran que podria fer ara el Parlament de Catalunya a la nostra societat \u00e9s identificar els punts basics que, sigui quin sigui el govern, caldr\u00e0 tirar endavant.<\/p><p style=\"text-align: justify;\">-<\/p><p>[\/et_pb_text][et_pb_text admin_label=\"Share \" _builder_version=\"4.8.2\" _module_preset=\"default\" width=\"26%\" module_alignment=\"left\" module_alignment_tablet=\"left\" module_alignment_phone=\"left\" module_alignment_last_edited=\"on|phone\" border_width_all=\"0px\"]<\/p><table style=\"border-collapse: collapse; width: 0%; height: 22px; border-color: #000000; border: 2px solid;\"><tbody><tr style=\"height: 22px;\"><td style=\"width: 11.5332%; height: 22px;\">share:<\/td><td style=\"width: 88.4667%; text-align: justify; vertical-align: middle; height: 22px;\">[DISPLAY_ULTIMATE_SOCIAL_ICONS]<\/td><\/tr><\/tbody><\/table><p>\u00a0<br \/>[\/et_pb_text][\/et_pb_column][\/et_pb_row][\/et_pb_section][et_pb_section fb_built=\"1\" fullwidth=\"on\" _builder_version=\"4.8.2\" _module_preset=\"default\" da_disable_devices=\"off|off|off\" border_width_bottom=\"2px\" da_is_popup=\"off\" da_exit_intent=\"off\" da_has_close=\"on\" da_alt_close=\"off\" da_dark_close=\"off\" da_not_modal=\"on\" da_is_singular=\"off\" da_with_loader=\"off\" da_has_shadow=\"on\"][et_pb_fullwidth_code admin_label=\"Ratlla horitzontal\" _builder_version=\"4.8.2\" _module_preset=\"default\"][\/et_pb_fullwidth_code][\/et_pb_section][et_pb_section fb_built=\"1\" _builder_version=\"4.8.2\" _module_preset=\"default\" custom_margin=\"||-30px||false|false\" custom_margin_tablet=\"||-90px||false|false\" custom_margin_phone=\"||-80px||false|false\" custom_margin_last_edited=\"on|phone\" da_disable_devices=\"off|off|off\" da_is_popup=\"off\" da_exit_intent=\"off\" da_has_close=\"on\" da_alt_close=\"off\" da_dark_close=\"off\" da_not_modal=\"on\" da_is_singular=\"off\" da_with_loader=\"off\" da_has_shadow=\"on\"][et_pb_row _builder_version=\"4.8.2\" _module_preset=\"default\"][et_pb_column type=\"4_4\" _builder_version=\"4.8.2\" _module_preset=\"default\"][et_pb_text admin_label=\"Altres articles\" _builder_version=\"4.9.0\" _module_preset=\"default\"]<\/p><h3>ALTRES ARTICLES<\/h3><p>[yarpp]<br \/>[\/et_pb_text][\/et_pb_column][\/et_pb_row][\/et_pb_section]<\/p>","_et_gb_content_width":""},"categories":[88],"tags":[79],"_links":{"self":[{"href":"https:\/\/rethinkbcn.cat\/es\/wp-json\/wp\/v2\/posts\/11134"}],"collection":[{"href":"https:\/\/rethinkbcn.cat\/es\/wp-json\/wp\/v2\/posts"}],"about":[{"href":"https:\/\/rethinkbcn.cat\/es\/wp-json\/wp\/v2\/types\/post"}],"author":[{"embeddable":true,"href":"https:\/\/rethinkbcn.cat\/es\/wp-json\/wp\/v2\/users\/3"}],"replies":[{"embeddable":true,"href":"https:\/\/rethinkbcn.cat\/es\/wp-json\/wp\/v2\/comments?post=11134"}],"version-history":[{"count":10,"href":"https:\/\/rethinkbcn.cat\/es\/wp-json\/wp\/v2\/posts\/11134\/revisions"}],"predecessor-version":[{"id":11157,"href":"https:\/\/rethinkbcn.cat\/es\/wp-json\/wp\/v2\/posts\/11134\/revisions\/11157"}],"wp:featuredmedia":[{"embeddable":true,"href":"https:\/\/rethinkbcn.cat\/es\/wp-json\/wp\/v2\/media\/4848"}],"wp:attachment":[{"href":"https:\/\/rethinkbcn.cat\/es\/wp-json\/wp\/v2\/media?parent=11134"}],"wp:term":[{"taxonomy":"category","embeddable":true,"href":"https:\/\/rethinkbcn.cat\/es\/wp-json\/wp\/v2\/categories?post=11134"},{"taxonomy":"post_tag","embeddable":true,"href":"https:\/\/rethinkbcn.cat\/es\/wp-json\/wp\/v2\/tags?post=11134"}],"curies":[{"name":"wp","href":"https:\/\/api.w.org\/{rel}","templated":true}]}}