{"id":10702,"date":"2022-05-14T20:00:40","date_gmt":"2022-05-14T18:00:40","guid":{"rendered":"https:\/\/rethinkbcn.cat\/?p=10702"},"modified":"2022-05-13T12:48:24","modified_gmt":"2022-05-13T10:48:24","slug":"construir-la-ciudad-un-foco-de-reflexion-ii","status":"publish","type":"post","link":"https:\/\/rethinkbcn.cat\/es\/construir-la-ciudad-un-foco-de-reflexion-ii\/","title":{"rendered":"CONSTRUIR LA CIUDAD: UN FOCO DE REFLEXI\u00d3N II"},"content":{"rendered":"<p>[et_pb_section fb_built=\u00bb1&#8243; disabled_on=\u00bboff|off|off\u00bb _builder_version=\u00bb4.8.2&#8243; _module_preset=\u00bbdefault\u00bb custom_margin=\u00bb||||false|false\u00bb da_disable_devices=\u00bboff|off|off\u00bb da_is_popup=\u00bboff\u00bb da_exit_intent=\u00bboff\u00bb da_has_close=\u00bbon\u00bb da_alt_close=\u00bboff\u00bb da_dark_close=\u00bboff\u00bb da_not_modal=\u00bbon\u00bb da_is_singular=\u00bboff\u00bb da_with_loader=\u00bboff\u00bb da_has_shadow=\u00bbon\u00bb][et_pb_row _builder_version=\u00bb4.9.0&#8243; _module_preset=\u00bbdefault\u00bb][et_pb_column type=\u00bb4_4&#8243; _builder_version=\u00bb4.8.1&#8243; _module_preset=\u00bbdefault\u00bb][et_pb_text admin_label=\u00bbTitular entrada\u00bb _builder_version=\u00bb4.9.0&#8243; _module_preset=\u00bbdefault\u00bb text_font=\u00bbAverta Light||||||||\u00bb header_font_size=\u00bb36px\u00bb header_4_font=\u00bbAverta regular||||||||\u00bb header_4_font_size=\u00bb20px\u00bb header_4_line_height=\u00bb1.6em\u00bb header_5_line_height=\u00bb1.6em\u00bb header_6_font=\u00bbAverta regular||||||||\u00bb header_6_font_size=\u00bb16px\u00bb header_6_line_height=\u00bb1.2em\u00bb header_font_size_tablet=\u00bb30px\u00bb header_font_size_phone=\u00bb24px\u00bb header_font_size_last_edited=\u00bbon|phone\u00bb header_6_font_size_tablet=\u00bb\u00bb header_6_font_size_phone=\u00bb16px\u00bb header_6_font_size_last_edited=\u00bbon|phone\u00bb]<\/p>\n<h2 style=\"text-align: center;\">INFRAESTRUCTURAS, EXPANSI\u00d3N, IMPULSO DE GRANDES PROYECTOS Y REGI\u00d3N URBANA GLOCAL<\/h2>\n<div style=\"text-align: center;\">Resumimos cuatro art\u00edculos de N\u00faria Aymerich, Carlos Cabrera, Joan Puigcerc\u00f3s y Josep Acebillo<\/div>\n<p>[\/et_pb_text][et_pb_image src=\u00bbhttps:\/\/rethink.mtconsulting.es\/wp-content\/uploads\/2021\/02\/Gonzalo-Goytisolo-Gil_-La-font-magica-scaled.jpg\u00bb title_text=\u00bbGonzalo-Goytisolo-Gil_&#8211;La-font-magica\u00bb admin_label=\u00bbImatge entrada\u00bb _builder_version=\u00bb4.8.2&#8243; _module_preset=\u00bbdefault\u00bb][\/et_pb_image][et_pb_text disabled_on=\u00bbon|on|off\u00bb admin_label=\u00bbText entrada escriptori\u00bb _builder_version=\u00bb4.9.0&#8243; _module_preset=\u00bbdefault\u00bb text_font=\u00bbAverta Light||||||||\u00bb header_font_size=\u00bb36px\u00bb header_4_font=\u00bbAverta regular||||||||\u00bb header_4_font_size=\u00bb20px\u00bb header_4_line_height=\u00bb1.6em\u00bb header_5_line_height=\u00bb1.6em\u00bb header_6_font=\u00bbAverta regular||||||||\u00bb header_6_font_size=\u00bb16px\u00bb header_6_line_height=\u00bb1.5em\u00bb header_font_size_tablet=\u00bb30px\u00bb header_font_size_phone=\u00bb24px\u00bb header_font_size_last_edited=\u00bbon|phone\u00bb header_6_font_size_tablet=\u00bb\u00bb header_6_font_size_phone=\u00bb14px\u00bb header_6_font_size_last_edited=\u00bbon|phone\u00bb]<\/p>\n<p style=\"text-align: justify;\"><strong>Nuria Aymerich<\/strong>, Secretaria General del Gremio de Fabricantes de Sabadell, compara la regi\u00f3n metropolitana de Barcelona con el Pa\u00eds Vasco a la hora de desarrollar su argumentario:<br \/>\n\u201cEl Baix Llobregat supera a Guip\u00fazcoa, as\u00ed como el Vall\u00e8s es m\u00e1s potente que Vizcaya. No somos una simple periferia de una capital global, somos la dimensi\u00f3n que permite a Barcelona compararse con las metr\u00f3polis de base productiva.\u00a0Eso s\u00ed, el Pa\u00eds Vasco cuenta con un largo recorrido porque desde hace muchos a\u00f1os los diferentes niveles gubernamentales y de administraci\u00f3n, junto con los empresarios, supieron llegar acuerdos y realizar una clara apuesta por hacer un pa\u00eds industrial. As\u00ed pues, su econom\u00eda es hoy m\u00e1s s\u00f3lida porque lo es su industria. Nosotros, mientras tanto, tenemos por delante los retos de consolidar la innovaci\u00f3n y la formaci\u00f3n profesional, as\u00ed como la ejecuci\u00f3n y finalizaci\u00f3n de infraestructuras como el Corredor Mediterr\u00e1neo y la mejora de los pol\u00edgonos, entre otros, que modernicen nuestra base industrial. Un horizonte que s\u00f3lo alcanzaremos si compartimos la voluntad de la integraci\u00f3n del hecho industrial en la realidad metropolitana, de modo que los servicios del centro de Barcelona no se vean ajenos a la realidad regional, sino formando parte de un mismo proyecto.<\/p>\n<p style=\"text-align: justify;\">Es tiempo de darnos cuenta de que la industria es una parte relevante de la econom\u00eda de nuestro pa\u00eds y que una parte importante de la industria es moderna, digitalizada y limpia. Es fundamental incorporar en el discurso econ\u00f3mico y productivo a la industria como principal pilar. Fij\u00e9monos en que las zonas m\u00e1s ricas y que crean m\u00e1s riqueza lo hicieron hace muchos a\u00f1os. Miremos lo que tenemos y tomemos conciencia del valor que tiene, y no volvamos a olvidar que la industria merece toda la atenci\u00f3n pol\u00edtica y que, para conseguir los mejores objetivos, necesitamos respetarla, facilitarla y aprender de la cultura de colaboraci\u00f3n p\u00fablico-privada. Escuchar a los industriales ya los que realmente entienden de industria es fundamental para definir pol\u00edticas de apoyo que la hagan sobresalir al igual que lo hacen las \u00e1reas industriales punteras de Alemania, Estados Unidos, Reino Unido o los pa\u00edses n\u00f3rdicos.\u201d<\/p>\n<p style=\"text-align: justify;\">El director general del Institut Cerd\u00e0, <strong>Carlos Cabrera<\/strong>, opina que las actuaciones pensadas en Barcelona deben buscar el beneficio m\u00e1s all\u00e1 de su propia trama urbana, de la misma forma que en el \u00e1mbito metropolitano se han de buscar soluciones dif\u00edciles de implementar en una ciudad donde las decisiones que se adoptan est\u00e1n cada vez m\u00e1s condicionadas por el espacio vital disponible. Analiza el Plan del Eixample de Barcelona de Ildefons Cerd\u00e0 para establecer que su gran \u00e9xito radica en su capacidad de adaptaci\u00f3n a las futuras transformaciones que iba a experimentar la ciudad de Barcelona en los siglos XX y XXI.<br \/>\nIldefons Cerd\u00e0 vio la importancia de contemplar a la ciudad en su conjunto puesto que estaba limitada por las antiguas murallas medievales, pero m\u00e1s a\u00fan por su obsesi\u00f3n\u201cque \u00e1 todos en todo y para todo oponen obst\u00e1culos que contrar\u00edan \u00e1 cada paso y embarazan la acci\u00f3n del individuo, cualquiera que sea la clase \u00e1 que pertenezca, cualquiera que sea la posici\u00f3n social que ocupe\u201d (TGU), por ello entend\u00eda que el urbanismo no pod\u00eda abordarse desde una suma soluciones parciales sino desde la globalidad de todo un territorio.<br \/>\nSolo desde esta \u00f3ptica puede verse y entenderse a la Barcelona actual, con un Ensanche donde conviven el uso residencial con grandes equipamientos culturales y tur\u00edsticos, donde la movilidad de personas, bienes y servicios es su bien m\u00e1s preciado, con un distrito 22@ que ha transformado sus usos industriales y de almacenaje para incorporar las nuevas actividades econ\u00f3micas vinculadas a las tecnolog\u00edas de la informaci\u00f3n y comunicaci\u00f3n o el conjunto Puerto \u2013 Zona Franca en permanente transformaci\u00f3n y adaptaci\u00f3n a nuevas industrias y necesidades log\u00edsticas. O, simplemente, solo desde esta \u00f3ptica puede entenderse el \u00e9xito del proceso de renovaci\u00f3n y modernizaci\u00f3n de la ciudad a partir de los juegos ol\u00edmpicos de 1992.<br \/>\nCabe preguntarnos, pues \u00bfa qu\u00e9 escala debe trabajar el urbanismo, para resolver los retos de la sociedad y el territorio? \u00bfqu\u00e9 es m\u00e1s importante la escala territorial o el reto a afrontar? Es ah\u00ed donde, una vez m\u00e1s, el planificador ha de dejar de lado la voluntad de actuar bajo sus propios intereses o ideas preconcebidas para asumir un bien superior en beneficio de la colectividad que no entiende de fronteras administrativas.<br \/>\nLa Barcelona administrativa, dentro de su necesaria y atractiva heterogeneidad y diversidad, con sus grandes equipamientos culturales, tur\u00edsticos y log\u00edsticos, y su Ensanche como inspiraci\u00f3n de muchas otras grandes ciudades, es demasiado peque\u00f1a. Hemos de pensar en una Barcelona metr\u00f3poli que incorpore sin complejos toda su \u00e1rea de influencia. Hemos de ser conscientes que las actuaciones que hagamos en Barcelona deben buscar el beneficio mucho m\u00e1s all\u00e1 de su propia trama urbana, de la misma forma que en el \u00e1mbito metropolitano debemos buscar soluciones dif\u00edciles de implementar en una ciudad, donde, a pesar de la versatilidad de su Ensanche, las decisiones que se adoptan est\u00e1n cada vez m\u00e1s condicionadas por el espacio vital disponible.<br \/>\nSolo desde este planteamiento podremos hacer frente a los grandes retos y oportunidades que tenemos por delante en cuanto a transici\u00f3n energ\u00e9tica, el transporte p\u00fablico de pasajeros, el d\u00e9ficit de vivienda social y asequible, la emergencia de nuevos perfiles profesionales y sus correspondientes necesidades formativas asociadas, los nuevos usos industriales derivados de los procesos de digitalizaci\u00f3n, especialmente, con el impulso de la tecnolog\u00eda 3D, la optimizaci\u00f3n de la distribuci\u00f3n urbana de mercanc\u00edas o la reutilizaci\u00f3n de recursos y la econom\u00eda circular.<\/p>\n<table class=\" alignright\" style=\"height: 123px; width: 24.515503875968992%; border-collapse: collapse; border-top-width: 2px; border-top-style: solid; border-color: #000000; margin-left: 20px;\" cellspacing=\"15\" cellpadding=\"2\">\n<tbody>\n<tr style=\"height: 23px;\">\n<td style=\"width: 100%; height: 23px; border: 2px solid #000;\">\n<h4><strong>Carlos Cabrera<\/strong>: \u201cLa Barcelona administrativa, dentro de su necesaria y atractiva heterogeneidad y diversidad, es demasiado peque\u00f1a\u00bb<\/h4>\n<\/td>\n<\/tr>\n<\/tbody>\n<\/table>\n<p style=\"text-align: justify;\"><strong>Joan Puigcerc\u00f3s<\/strong>, presidente de ERC entre los a\u00f1os 2008 y 2011, es de la opini\u00f3n que los grandes debates estrat\u00e9gicos \u201csuelen hacerse sin ning\u00fan rigor\u201d: \u201cNo se ha dise\u00f1ado un terreno de juego apto para que, desde el conocimiento, urbanistas, especialistas en planificaci\u00f3n territorial, ec\u00f3logos, soci\u00f3logos, estad\u00edsticos, economistas o ingenieros puedan realizar propuestas de modelos de cohesi\u00f3n social, competitividad econ\u00f3mica y crecimiento econ\u00f3mico. La discusi\u00f3n sobre la candidatura de Barcelona a unos Juegos Ol\u00edmpicos de invierno se hace sin ninguna propuesta seria sobre la mesa por un lado y otro, y aparecen plataformas y opiniones contrarias sin saber qu\u00e9 implica realmente la consecuci\u00f3n de los Juegos. Un debate en el que la opini\u00f3n de una alpinista de prestigio que ni siquiera ha participado nunca en unos juegos de invierno tiene tribuna, y los especialistas en ordenaci\u00f3n y planificaci\u00f3n territorial son ignorados.<br \/>\nEl problema es que Barcelona y el pa\u00eds tienen materia gris suficiente para ordenar y llevar a cabo estos debates con inteligencia y propuestas s\u00f3lidas tanto por un lado como por otro, pero parad\u00f3jicamente no afloran. Quedan tapadas en una calima densa de lugares comunes y t\u00f3picos que s\u00f3lo responden a principios ideol\u00f3gicos o defienden intereses particulares. La obligaci\u00f3n de nuestros gobernantes, y tambi\u00e9n de la que a menudo se autodenomina \u00absociedad civil\u00bb, es poner las v\u00edas por las que puedan circular las alternativas mejor fundamentadas, sin miedo ni apriorismos. Es una necesidad imperiosa, porque la falta de debates fundamentados y conducidos por especialistas conlleva un alto desgaste para las instituciones y la esperanza de la ciudadan\u00eda.<br \/>\nCuando, este pasado mes de noviembre, nos dej\u00f3 Oriol Bohigas, muchos tuvimos la sensaci\u00f3n de que se hab\u00eda cerrado una \u00e9poca. Porque Bohigas, como muchos de su generaci\u00f3n, era capaz de construir un debate y formular propuestas para romper tendencias, innovar y obligarnos a abrir la mente. No era simple opini\u00f3n. Detr\u00e1s hab\u00eda visi\u00f3n y proyecto. Se trata de dar pista a los muchos Bohigas que tenemos en ese pa\u00eds y permanecen silenciados\u201d.<\/p>\n<p style=\"text-align: justify;\">Por \u00faltimo, en el cuarto art\u00edculo de \u201cConstruir la Ciudad\u201d que recuperamos, <strong>Josep Acebillo<\/strong> introduce el concepto de Regi\u00f3n Urbana Local, partiendo de la constataci\u00f3n de que el actual concepto de \u00c1rea Metropolitana ha quedado obsoleto.<br \/>\n\u00abEn nuestro actual contexto pol\u00edtico, deber\u00edamos constatar que el despliegue de Barcelona, Regi\u00f3n Urbana Glocal es compatible y necesario para una mayor eficiencia territorial con cualquier tipo de hip\u00f3tesis pol\u00edtica que formulemos, sea continuista, reformista o rupturista. El concepto de Regi\u00f3n Urbana, Glocal, en un nuevo contexto neo-metropolitano, necesita un nuevo marco geogr\u00e1fico regional que debe concebirse interdisciplinariamente desde tres perspectivas: la ecol\u00f3gica, la socioecon\u00f3mica y la urban\u00edstica: Un nuevo modelo territorial necesita una visi\u00f3n ecol\u00f3gica que promueva hol\u00edsticamente una mayor interacci\u00f3n entre la ciudad y su entorno natural, incluido el territorio rural, como concepto clave.<br \/>\nEl nuevo modelo ecol\u00f3gico entiende \u201ccualquier territorio\u201d como un sistema abierto y complejo, formado como mosaico territorial de car\u00e1cter universal (Amazonia o S\u00e1hara) conformado de acuerdo con la matriz, Patch-corridor-Matrix, de modo que, si modificamos los criterios de urbanizaci\u00f3n y los sistemas construidos o no construidos, se alterar\u00e1 la estructura del territorio.<br \/>\nDesde la perspectiva socioecon\u00f3mica, la nueva econom\u00eda regional debe entenderse como un sistema formado por un stock de activos relacionales y convenciones que es fruto de la interacci\u00f3n de tres vectores: las tecnolog\u00edas, impulsoras de la econom\u00eda mediante la innovaci\u00f3n; las organizaciones, como empresas actoras que deciden el grado de internalizaci\u00f3n o externalizaci\u00f3n del sistema productivo y, por tanto, su estructura; y el territorio como contexto espacial que habilita las transacciones socioecon\u00f3micas en funci\u00f3n de su escala territorial, ahora regional. Adem\u00e1s, la nueva econom\u00eda regional puede facilitar una presencia transnacional activa que propicie un inter-regionalismo socioecon\u00f3mico que ti\u00f1a la globalizaci\u00f3n de un nuevo efecto glocal que da mayor protagonismo al local. Desde la perspectiva urban\u00edstica, la Ciudad-Regi\u00f3n debe entenderse como la sustantivaci\u00f3n territorial producida por la hibridaci\u00f3n de los sistemas construidos (ciudades y sistemas urbanos) con los ecosistemas no construidos (territorio natural y rural), regidos geo-morfol\u00f3gicamente por el Modelo Archipi\u00e9lago\u201d.<\/p>\n<p>[\/et_pb_text][et_pb_text disabled_on=\u00bboff|off|on\u00bb admin_label=\u00bbText entrada tablet i m\u00f2bil\u00bb _builder_version=\u00bb4.9.0&#8243; _module_preset=\u00bbdefault\u00bb text_font=\u00bbAverta Light||||||||\u00bb header_font=\u00bbAverta regular||||||||\u00bb header_font_size=\u00bb36px\u00bb header_4_font=\u00bbAverta regular||||||||\u00bb header_4_line_height=\u00bb1.2em\u00bb header_font_size_tablet=\u00bb30px\u00bb header_font_size_phone=\u00bb24px\u00bb header_font_size_last_edited=\u00bbon|phone\u00bb]<\/p>\n<p style=\"text-align: justify;\"><strong>Nuria Aymerich<\/strong>, Secretaria General del Gremio de Fabricantes de Sabadell, compara la regi\u00f3n metropolitana de Barcelona con el Pa\u00eds Vasco a la hora de desarrollar su argumentario:<br \/>\n\u201cEl Baix Llobregat supera a Guip\u00fazcoa, as\u00ed como el Vall\u00e8s es m\u00e1s potente que Vizcaya. No somos una simple periferia de una capital global, somos la dimensi\u00f3n que permite a Barcelona compararse con las metr\u00f3polis de base productiva.\u00a0Eso s\u00ed, el Pa\u00eds Vasco cuenta con un largo recorrido porque desde hace muchos a\u00f1os los diferentes niveles gubernamentales y de administraci\u00f3n, junto con los empresarios, supieron llegar acuerdos y realizar una clara apuesta por hacer un pa\u00eds industrial. As\u00ed pues, su econom\u00eda es hoy m\u00e1s s\u00f3lida porque lo es su industria. Nosotros, mientras tanto, tenemos por delante los retos de consolidar la innovaci\u00f3n y la formaci\u00f3n profesional, as\u00ed como la ejecuci\u00f3n y finalizaci\u00f3n de infraestructuras como el Corredor Mediterr\u00e1neo y la mejora de los pol\u00edgonos, entre otros, que modernicen nuestra base industrial. Un horizonte que s\u00f3lo alcanzaremos si compartimos la voluntad de la integraci\u00f3n del hecho industrial en la realidad metropolitana, de modo que los servicios del centro de Barcelona no se vean ajenos a la realidad regional, sino formando parte de un mismo proyecto.<\/p>\n<p style=\"text-align: justify;\">Es tiempo de darnos cuenta de que la industria es una parte relevante de la econom\u00eda de nuestro pa\u00eds y que una parte importante de la industria es moderna, digitalizada y limpia. Es fundamental incorporar en el discurso econ\u00f3mico y productivo a la industria como principal pilar. Fij\u00e9monos en que las zonas m\u00e1s ricas y que crean m\u00e1s riqueza lo hicieron hace muchos a\u00f1os. Miremos lo que tenemos y tomemos conciencia del valor que tiene, y no volvamos a olvidar que la industria merece toda la atenci\u00f3n pol\u00edtica y que, para conseguir los mejores objetivos, necesitamos respetarla, facilitarla y aprender de la cultura de colaboraci\u00f3n p\u00fablico-privada. Escuchar a los industriales ya los que realmente entienden de industria es fundamental para definir pol\u00edticas de apoyo que la hagan sobresalir al igual que lo hacen las \u00e1reas industriales punteras de Alemania, Estados Unidos, Reino Unido o los pa\u00edses n\u00f3rdicos.\u201d<\/p>\n<p style=\"text-align: justify;\">El director general del Institut Cerd\u00e0, <strong>Carlos Cabrera<\/strong>, opina que las actuaciones pensadas en Barcelona deben buscar el beneficio m\u00e1s all\u00e1 de su propia trama urbana, de la misma forma que en el \u00e1mbito metropolitano se han de buscar soluciones dif\u00edciles de implementar en una ciudad donde las decisiones que se adoptan est\u00e1n cada vez m\u00e1s condicionadas por el espacio vital disponible. Analiza el Plan del Eixample de Barcelona de Ildefons Cerd\u00e0 para establecer que su gran \u00e9xito radica en su capacidad de adaptaci\u00f3n a las futuras transformaciones que iba a experimentar la ciudad de Barcelona en los siglos XX y XXI.<br \/>\nIldefons Cerd\u00e0 vio la importancia de contemplar a la ciudad en su conjunto puesto que estaba limitada por las antiguas murallas medievales, pero m\u00e1s a\u00fan por su obsesi\u00f3n\u201cque \u00e1 todos en todo y para todo oponen obst\u00e1culos que contrar\u00edan \u00e1 cada paso y embarazan la acci\u00f3n del individuo, cualquiera que sea la clase \u00e1 que pertenezca, cualquiera que sea la posici\u00f3n social que ocupe\u201d (TGU), por ello entend\u00eda que el urbanismo no pod\u00eda abordarse desde una suma soluciones parciales sino desde la globalidad de todo un territorio.<br \/>\nSolo desde esta \u00f3ptica puede verse y entenderse a la Barcelona actual, con un Ensanche donde conviven el uso residencial con grandes equipamientos culturales y tur\u00edsticos, donde la movilidad de personas, bienes y servicios es su bien m\u00e1s preciado, con un distrito 22@ que ha transformado sus usos industriales y de almacenaje para incorporar las nuevas actividades econ\u00f3micas vinculadas a las tecnolog\u00edas de la informaci\u00f3n y comunicaci\u00f3n o el conjunto Puerto \u2013 Zona Franca en permanente transformaci\u00f3n y adaptaci\u00f3n a nuevas industrias y necesidades log\u00edsticas. O, simplemente, solo desde esta \u00f3ptica puede entenderse el \u00e9xito del proceso de renovaci\u00f3n y modernizaci\u00f3n de la ciudad a partir de los juegos ol\u00edmpicos de 1992.<br \/>\nCabe preguntarnos, pues \u00bfa qu\u00e9 escala debe trabajar el urbanismo, para resolver los retos de la sociedad y el territorio? \u00bfqu\u00e9 es m\u00e1s importante la escala territorial o el reto a afrontar? Es ah\u00ed donde, una vez m\u00e1s, el planificador ha de dejar de lado la voluntad de actuar bajo sus propios intereses o ideas preconcebidas para asumir un bien superior en beneficio de la colectividad que no entiende de fronteras administrativas.<br \/>\nLa Barcelona administrativa, dentro de su necesaria y atractiva heterogeneidad y diversidad, con sus grandes equipamientos culturales, tur\u00edsticos y log\u00edsticos, y su Ensanche como inspiraci\u00f3n de muchas otras grandes ciudades, es demasiado peque\u00f1a. Hemos de pensar en una Barcelona metr\u00f3poli que incorpore sin complejos toda su \u00e1rea de influencia. Hemos de ser conscientes que las actuaciones que hagamos en Barcelona deben buscar el beneficio mucho m\u00e1s all\u00e1 de su propia trama urbana, de la misma forma que en el \u00e1mbito metropolitano debemos buscar soluciones dif\u00edciles de implementar en una ciudad, donde, a pesar de la versatilidad de su Ensanche, las decisiones que se adoptan est\u00e1n cada vez m\u00e1s condicionadas por el espacio vital disponible.<br \/>\nSolo desde este planteamiento podremos hacer frente a los grandes retos y oportunidades que tenemos por delante en cuanto a transici\u00f3n energ\u00e9tica, el transporte p\u00fablico de pasajeros, el d\u00e9ficit de vivienda social y asequible, la emergencia de nuevos perfiles profesionales y sus correspondientes necesidades formativas asociadas, los nuevos usos industriales derivados de los procesos de digitalizaci\u00f3n, especialmente, con el impulso de la tecnolog\u00eda 3D, la optimizaci\u00f3n de la distribuci\u00f3n urbana de mercanc\u00edas o la reutilizaci\u00f3n de recursos y la econom\u00eda circular.<\/p>\n<table class=\" alignright\" style=\"height: 104px; width: 99.9054%; border-collapse: collapse; border-top: 2px solid #000000; border-right-color: #000000; border-bottom-color: #000000; border-left-color: #000000; margin-left: 20px;\" cellspacing=\"15\" cellpadding=\"2\">\n<tbody>\n<tr style=\"height: 23px;\">\n<td style=\"width: 100%; height: 23px; border: 2px solid #000;\">\n<h3>Carlos Cabrera: \u201cLa Barcelona administrativa, dentro de su necesaria y atractiva heterogeneidad y diversidad, es demasiado peque\u00f1a\u00bb<\/h3>\n<\/td>\n<\/tr>\n<\/tbody>\n<\/table>\n<p>&nbsp;<\/p>\n<p>&nbsp;<\/p>\n<p style=\"text-align: justify;\">\n<p>Joan Puigcerc\u00f3s, presidente de ERC entre los a\u00f1os 2008 y 2011, es de la opini\u00f3n que los grandes debates estrat\u00e9gicos \u201csuelen hacerse sin ning\u00fan rigor\u201d: \u201cNo se ha dise\u00f1ado un terreno de juego apto para que, desde el conocimiento, urbanistas, especialistas en planificaci\u00f3n territorial, ec\u00f3logos, soci\u00f3logos, estad\u00edsticos, economistas o ingenieros puedan realizar propuestas de modelos de cohesi\u00f3n social, competitividad econ\u00f3mica y crecimiento econ\u00f3mico. La discusi\u00f3n sobre la candidatura de Barcelona a unos Juegos Ol\u00edmpicos de invierno se hace sin ninguna propuesta seria sobre la mesa por un lado y otro, y aparecen plataformas y opiniones contrarias sin saber qu\u00e9 implica realmente la consecuci\u00f3n de los Juegos. Un debate en el que la opini\u00f3n de una alpinista de prestigio que ni siquiera ha participado nunca en unos juegos de invierno tiene tribuna, y los especialistas en ordenaci\u00f3n y planificaci\u00f3n territorial son ignorados.<br \/>\nEl problema es que Barcelona y el pa\u00eds tienen materia gris suficiente para ordenar y llevar a cabo estos debates con inteligencia y propuestas s\u00f3lidas tanto por un lado como por otro, pero parad\u00f3jicamente no afloran. Quedan tapadas en una calima densa de lugares comunes y t\u00f3picos que s\u00f3lo responden a principios ideol\u00f3gicos o defienden intereses particulares. La obligaci\u00f3n de nuestros gobernantes, y tambi\u00e9n de la que a menudo se autodenomina \u00absociedad civil\u00bb, es poner las v\u00edas por las que puedan circular las alternativas mejor fundamentadas, sin miedo ni apriorismos. Es una necesidad imperiosa, porque la falta de debates fundamentados y conducidos por especialistas conlleva un alto desgaste para las instituciones y la esperanza de la ciudadan\u00eda.<br \/>\nCuando, este pasado mes de noviembre, nos dej\u00f3 Oriol Bohigas, muchos tuvimos la sensaci\u00f3n de que se hab\u00eda cerrado una \u00e9poca. Porque Bohigas, como muchos de su generaci\u00f3n, era capaz de construir un debate y formular propuestas para romper tendencias, innovar y obligarnos a abrir la mente. No era simple opini\u00f3n. Detr\u00e1s hab\u00eda visi\u00f3n y proyecto. Se trata de dar pista a los muchos Bohigas que tenemos en ese pa\u00eds y permanecen silenciados\u201d.<\/p>\n<p style=\"text-align: justify;\">Por \u00faltimo, en el cuarto art\u00edculo de \u201cConstruir la Ciudad\u201d que recuperamos, <strong>Josep Acebillo<\/strong> introduce el concepto de Regi\u00f3n Urbana Local, partiendo de la constataci\u00f3n de que el actual concepto de \u00c1rea Metropolitana ha quedado obsoleto.<br \/>\n\u00abEn nuestro actual contexto pol\u00edtico, deber\u00edamos constatar que el despliegue de Barcelona, Regi\u00f3n Urbana Glocal es compatible y necesario para una mayor eficiencia territorial con cualquier tipo de hip\u00f3tesis pol\u00edtica que formulemos, sea continuista, reformista o rupturista. El concepto de Regi\u00f3n Urbana, Glocal, en un nuevo contexto neo-metropolitano, necesita un nuevo marco geogr\u00e1fico regional que debe concebirse interdisciplinariamente desde tres perspectivas: la ecol\u00f3gica, la socioecon\u00f3mica y la urban\u00edstica: Un nuevo modelo territorial necesita una visi\u00f3n ecol\u00f3gica que promueva hol\u00edsticamente una mayor interacci\u00f3n entre la ciudad y su entorno natural, incluido el territorio rural, como concepto clave.<br \/>\nEl nuevo modelo ecol\u00f3gico entiende \u201ccualquier territorio\u201d como un sistema abierto y complejo, formado como mosaico territorial de car\u00e1cter universal (Amazonia o S\u00e1hara) conformado de acuerdo con la matriz, Patch-corridor-Matrix, de modo que, si modificamos los criterios de urbanizaci\u00f3n y los sistemas construidos o no construidos, se alterar\u00e1 la estructura del territorio.<br \/>\nDesde la perspectiva socioecon\u00f3mica, la nueva econom\u00eda regional debe entenderse como un sistema formado por un stock de activos relacionales y convenciones que es fruto de la interacci\u00f3n de tres vectores: las tecnolog\u00edas, impulsoras de la econom\u00eda mediante la innovaci\u00f3n; las organizaciones, como empresas actoras que deciden el grado de internalizaci\u00f3n o externalizaci\u00f3n del sistema productivo y, por tanto, su estructura; y el territorio como contexto espacial que habilita las transacciones socioecon\u00f3micas en funci\u00f3n de su escala territorial, ahora regional. Adem\u00e1s, la nueva econom\u00eda regional puede facilitar una presencia transnacional activa que propicie un inter-regionalismo socioecon\u00f3mico que ti\u00f1a la globalizaci\u00f3n de un nuevo efecto glocal que da mayor protagonismo al local. Desde la perspectiva urban\u00edstica, la Ciudad-Regi\u00f3n debe entenderse como la sustantivaci\u00f3n territorial producida por la hibridaci\u00f3n de los sistemas construidos (ciudades y sistemas urbanos) con los ecosistemas no construidos (territorio natural y rural), regidos geo-morfol\u00f3gicamente por el Modelo Archipi\u00e9lago\u201d.<\/p>\n<p>[\/et_pb_text][et_pb_text admin_label=\u00bbShare \u00bb _builder_version=\u00bb4.8.2&#8243; _module_preset=\u00bbdefault\u00bb width=\u00bb26%\u00bb module_alignment=\u00bbleft\u00bb module_alignment_tablet=\u00bbleft\u00bb module_alignment_phone=\u00bbleft\u00bb module_alignment_last_edited=\u00bbon|phone\u00bb border_width_all=\u00bb0px\u00bb]<\/p>\n<table style=\"border-collapse: collapse; width: 0%; height: 22px; border-color: #000000; border: 2px solid;\">\n<tbody>\n<tr style=\"height: 22px;\">\n<td style=\"width: 11.5332%; height: 22px;\">share:<\/td>\n<td style=\"width: 88.4667%; text-align: justify; vertical-align: middle; height: 22px;\"><div class=\"sfsi_widget sfsi_shortcode_container\"><div class=\"norm_row sfsi_wDiv \"  style=\"width:200px;text-align:left;\"><div style='width:30px; height:30px;margin-left:10px;margin-bottom:5px; ' class='sfsi_wicons shuffeldiv ' ><div class='inerCnt'><a class=' sficn' data-effect='' target='_blank'  href='' id='sfsiid_twitter_icon' style='width:30px;height:30px;opacity:1;'  ><img data-pin-nopin='true' alt='Twitter' title='Twitter' src='https:\/\/rethinkbcn.cat\/wp-content\/plugins\/ultimate-social-media-icons\/images\/icons_theme\/transparent\/transparent_twitter.png' width='30' height='30' style='' class='sfcm sfsi_wicon ' data-effect=''   \/><\/a><div class=\"sfsi_tool_tip_2 twt_tool_bdr sfsiTlleft\" style=\"opacity:0;z-index:-1;\" id=\"sfsiid_twitter\"><span class=\"bot_arow bot_twt_arow\"><\/span><div class=\"sfsi_inside\"><div  class='icon2'><div class='sf_twiter' style='display: inline-block;vertical-align: middle;width: auto;'>\r\n\t\t\t\t\t\t<a target='_blank' href='https:\/\/twitter.com\/intent\/tweet?text=Hey%2C+check+out+this+cool+site+I+found%3A+www.rethinkbcn.cat+%23Topic+via%40my_twitter_name+https:\/\/rethinkbcn.cat\/es\/wp-json\/wp\/v2\/posts\/10702\/' style='display:inline-block' >\r\n\t\t\t\t\t\t\t<img data-pin-nopin= true class='sfsi_wicon' src='https:\/\/rethinkbcn.cat\/wp-content\/plugins\/ultimate-social-media-icons\/images\/share_icons\/Twitter_Tweet\/en_US_Tweet.svg' alt='Tweet' title='Tweet' >\r\n\t\t\t\t\t\t<\/a>\r\n\t\t\t\t\t<\/div><\/div><\/div><\/div><\/div><\/div><div style='width:30px; height:30px;margin-left:10px;margin-bottom:5px; ' class='sfsi_wicons shuffeldiv ' ><div class='inerCnt'><a class=' sficn' data-effect='' target='_blank'  href='' id='sfsiid_linkedin_icon' style='width:30px;height:30px;opacity:1;'  ><img data-pin-nopin='true' alt='' title='' src='https:\/\/rethinkbcn.cat\/wp-content\/plugins\/ultimate-social-media-icons\/images\/icons_theme\/transparent\/transparent_linkedin.png' width='30' height='30' style='' class='sfcm sfsi_wicon ' data-effect=''   \/><\/a><div class=\"sfsi_tool_tip_2 linkedin_tool_bdr sfsiTlleft\" style=\"opacity:0;z-index:-1;\" id=\"sfsiid_linkedin\"><span class=\"bot_arow bot_linkedin_arow\"><\/span><div class=\"sfsi_inside\"><div  class='icon2'><a target='_blank' href=\"https:\/\/www.linkedin.com\/shareArticle?url=https%3A%2F%2Frethinkbcn.cat%2Fes%2Fwp-json%2Fwp%2Fv2%2Fposts%2F10702%2F\"><img class=\"sfsi_wicon\" data-pin-nopin= true alt=\"Share\" title=\"Share\" src=\"https:\/\/rethinkbcn.cat\/wp-content\/plugins\/ultimate-social-media-icons\/images\/share_icons\/Linkedin_Share\/en_US_share.svg\" \/><\/a><\/div><\/div><\/div><\/div><\/div><div style='width:30px; height:30px;margin-left:10px;margin-bottom:5px; ' class='sfsi_wicons shuffeldiv ' ><div class='inerCnt'><a class=' sficn' data-effect='' target='_blank'  href='https:\/\/api.whatsapp.com\/send?text=https:\/\/rethinkbcn.cat\/es\/construir-la-ciudad-un-foco-de-reflexion-ii\/' id='sfsiid_whatsapp_icon' style='width:30px;height:30px;opacity:1;'  ><img data-pin-nopin='true' alt='' title='' src='https:\/\/rethinkbcn.cat\/wp-content\/plugins\/ultimate-social-media-icons\/images\/icons_theme\/transparent\/transparent_whatsapp.png' width='30' height='30' style='' class='sfcm sfsi_wicon ' data-effect=''   \/><\/a><\/div><\/div><div style='width:30px; height:30px;margin-left:10px;margin-bottom:5px; ' class='sfsi_wicons shuffeldiv ' ><div class='inerCnt'><a class=' sficn' data-effect='' target='_blank'  href='https:\/\/api.follow.it\/widgets\/icon\/VUlqbFQ4d1I5d05jbFdNRWdXaThSK0Vza3RBcDZrT3Y4akNldzhxUVBmUFNjQ3dlUnpnQVphRFVNcm40SXZGaFczK01jOFF0SExaMGNIWi9BZy96S2MydkgzaDNWWFBjYU9MbjY5M3lUcjVLYU5TN3NOaEs3VmJ4bytROHI4b1d8eEV6SFU5OTFjQ1B0YkRJNkEzUlJEbEhIWVRkZGM0b0FRTEQyRDlyb2o2UT0=\/OA==\/' id='sfsiid_email_icon' style='width:30px;height:30px;opacity:1;'  ><img data-pin-nopin='true' alt='Follow by Email' title='Follow by Email' src='https:\/\/rethinkbcn.cat\/wp-content\/plugins\/ultimate-social-media-icons\/images\/icons_theme\/transparent\/transparent_email.png' width='30' height='30' style='' class='sfcm sfsi_wicon ' data-effect=''   \/><\/a><\/div><\/div><\/div ><div id=\"sfsi_holder\" class=\"sfsi_holders\" style=\"position: relative; float: left;width:100%;z-index:-1;\"><\/div ><script>window.addEventListener(\"sfsi_functions_loaded\", function() \r\n\t\t\t{\r\n\t\t\t\tif (typeof sfsi_widget_set == \"function\") {\r\n\t\t\t\t\tsfsi_widget_set();\r\n\t\t\t\t}\r\n\t\t\t}); <\/script><div style=\"clear: both;\"><\/div><\/div><\/td>\n<\/tr>\n<\/tbody>\n<\/table>\n<p>[\/et_pb_text][\/et_pb_column][\/et_pb_row][\/et_pb_section][et_pb_section fb_built=\u00bb1&#8243; fullwidth=\u00bbon\u00bb _builder_version=\u00bb4.8.2&#8243; _module_preset=\u00bbdefault\u00bb da_disable_devices=\u00bboff|off|off\u00bb border_width_bottom=\u00bb2px\u00bb da_is_popup=\u00bboff\u00bb da_exit_intent=\u00bboff\u00bb da_has_close=\u00bbon\u00bb da_alt_close=\u00bboff\u00bb da_dark_close=\u00bboff\u00bb da_not_modal=\u00bbon\u00bb da_is_singular=\u00bboff\u00bb da_with_loader=\u00bboff\u00bb da_has_shadow=\u00bbon\u00bb][et_pb_fullwidth_code admin_label=\u00bbRatlla horitzontal\u00bb _builder_version=\u00bb4.8.2&#8243; _module_preset=\u00bbdefault\u00bb][\/et_pb_fullwidth_code][\/et_pb_section][et_pb_section fb_built=\u00bb1&#8243; _builder_version=\u00bb4.8.2&#8243; _module_preset=\u00bbdefault\u00bb custom_margin=\u00bb||-30px||false|false\u00bb custom_margin_tablet=\u00bb||-90px||false|false\u00bb custom_margin_phone=\u00bb||-80px||false|false\u00bb custom_margin_last_edited=\u00bbon|phone\u00bb da_disable_devices=\u00bboff|off|off\u00bb da_is_popup=\u00bboff\u00bb da_exit_intent=\u00bboff\u00bb da_has_close=\u00bbon\u00bb da_alt_close=\u00bboff\u00bb da_dark_close=\u00bboff\u00bb da_not_modal=\u00bbon\u00bb da_is_singular=\u00bboff\u00bb da_with_loader=\u00bboff\u00bb da_has_shadow=\u00bbon\u00bb][et_pb_row _builder_version=\u00bb4.8.2&#8243; _module_preset=\u00bbdefault\u00bb][et_pb_column type=\u00bb4_4&#8243; _builder_version=\u00bb4.8.2&#8243; _module_preset=\u00bbdefault\u00bb][et_pb_text admin_label=\u00bbAltres articles\u00bb _builder_version=\u00bb4.9.0&#8243; _module_preset=\u00bbdefault\u00bb]<\/p>\n<h3>ALTRES ARTICLES<\/h3>\n<p><div class='yarpp yarpp-related yarpp-related-shortcode yarpp-template-thumbnails'>\n<!-- YARPP Thumbnails -->\n<h3><\/h3>\n<div class=\"yarpp-thumbnails-horizontal\">\n<a class='yarpp-thumbnail' rel='norewrite' href='https:\/\/rethinkbcn.cat\/es\/como-se-construye-la-barcelona-del-futuro-cinco-visiones-complementarias\/' title='C\u00d3MO SE CONSTRUYE LA BARCELONA DEL FUTURO? CINCO VISIONES COMPLEMENTARIAS'>\n<img width=\"117\" height=\"120\" src=\"https:\/\/rethinkbcn.cat\/wp-content\/uploads\/2021\/01\/confiancam.jpg\" class=\"attachment-yarpp-thumbnail size-yarpp-thumbnail wp-post-image\" alt=\"\" loading=\"lazy\" data-pin-nopin=\"true\" \/><span class=\"yarpp-thumbnail-title\">C\u00d3MO SE CONSTRUYE LA BARCELONA DEL FUTURO? CINCO VISIONES COMPLEMENTARIAS<\/span><\/a>\n<a class='yarpp-thumbnail' rel='norewrite' href='https:\/\/rethinkbcn.cat\/es\/josep-ma-cardellach-unanuevagorvenanzaparalabarcelonametropolitana\/' title='JOSEP M\u00aa CARDELLACH: UNA NUEVA GOVERNANZA PARA LA BARCELONA METROPOLITANA.'>\n<img width=\"117\" height=\"120\" src=\"https:\/\/rethinkbcn.cat\/wp-content\/uploads\/2021\/01\/confiancam.jpg\" class=\"attachment-yarpp-thumbnail size-yarpp-thumbnail wp-post-image\" alt=\"\" loading=\"lazy\" data-pin-nopin=\"true\" \/><span class=\"yarpp-thumbnail-title\">JOSEP M\u00aa CARDELLACH: UNA NUEVA GOVERNANZA PARA LA BARCELONA METROPOLITANA.<\/span><\/a>\n<a class='yarpp-thumbnail' rel='norewrite' href='https:\/\/rethinkbcn.cat\/es\/hector-santcovskymetropolisbarcelona\/' title='H\u00c9CTOR SANTCOVSKY:  METR\u00d3POLIS BARCELONA, EL VALOR DEL TERRITORIO'>\n<img width=\"117\" height=\"120\" src=\"https:\/\/rethinkbcn.cat\/wp-content\/uploads\/2021\/01\/confiancam.jpg\" class=\"attachment-yarpp-thumbnail size-yarpp-thumbnail wp-post-image\" alt=\"\" loading=\"lazy\" data-pin-nopin=\"true\" \/><span class=\"yarpp-thumbnail-title\">H\u00c9CTOR SANTCOVSKY:  METR\u00d3POLIS BARCELONA, EL VALOR DEL TERRITORIO<\/span><\/a>\n<a class='yarpp-thumbnail' rel='norewrite' href='https:\/\/rethinkbcn.cat\/es\/eugeniacarrerespensandolamarcabarcelonaengrande\/' title='EUG\u00c8NIA CARRERES: PENSANDO LA MARCA BARCELONA EN GRANDE'>\n<img width=\"117\" height=\"120\" src=\"https:\/\/rethinkbcn.cat\/wp-content\/uploads\/2021\/01\/confiancam.jpg\" class=\"attachment-yarpp-thumbnail size-yarpp-thumbnail wp-post-image\" alt=\"\" loading=\"lazy\" data-pin-nopin=\"true\" \/><span class=\"yarpp-thumbnail-title\">EUG\u00c8NIA CARRERES: PENSANDO LA MARCA BARCELONA EN GRANDE<\/span><\/a>\n<\/div>\n<\/div>\n[\/et_pb_text][\/et_pb_column][\/et_pb_row][\/et_pb_section][et_pb_section fb_built=\u00bb1&#8243; fullwidth=\u00bbon\u00bb disabled_on=\u00bbon|on|on\u00bb _builder_version=\u00bb4.8.2&#8243; _module_preset=\u00bbdefault\u00bb custom_margin_tablet=\u00bb-70px||||false|false\u00bb custom_margin_phone=\u00bb\u00bb custom_margin_last_edited=\u00bbon|tablet\u00bb da_disable_devices=\u00bboff|off|off\u00bb border_width_bottom=\u00bb2px\u00bb disabled=\u00bbon\u00bb da_is_popup=\u00bboff\u00bb da_exit_intent=\u00bboff\u00bb da_has_close=\u00bbon\u00bb da_alt_close=\u00bboff\u00bb da_dark_close=\u00bboff\u00bb da_not_modal=\u00bbon\u00bb da_is_singular=\u00bboff\u00bb da_with_loader=\u00bboff\u00bb da_has_shadow=\u00bbon\u00bb][et_pb_fullwidth_code admin_label=\u00bbRatlla horitzontal\u00bb _builder_version=\u00bb4.8.2&#8243; _module_preset=\u00bbdefault\u00bb][\/et_pb_fullwidth_code][\/et_pb_section][et_pb_section fb_built=\u00bb1&#8243; disabled_on=\u00bbon|on|on\u00bb _builder_version=\u00bb4.8.2&#8243; _module_preset=\u00bbdefault\u00bb da_disable_devices=\u00bboff|off|off\u00bb disabled=\u00bbon\u00bb da_is_popup=\u00bboff\u00bb da_exit_intent=\u00bboff\u00bb da_has_close=\u00bbon\u00bb da_alt_close=\u00bboff\u00bb da_dark_close=\u00bboff\u00bb da_not_modal=\u00bbon\u00bb da_is_singular=\u00bboff\u00bb da_with_loader=\u00bboff\u00bb da_has_shadow=\u00bbon\u00bb][et_pb_row _builder_version=\u00bb4.8.2&#8243; _module_preset=\u00bbdefault\u00bb][et_pb_column type=\u00bb4_4&#8243; _builder_version=\u00bb4.8.2&#8243; _module_preset=\u00bbdefault\u00bb][et_pb_text admin_label=\u00bbText %22Veure tots els cicles%22&#8243; _builder_version=\u00bb4.8.2&#8243; _module_preset=\u00bbdefault\u00bb]<\/p>\n<h3>VEURE TOTS ELS CICLES<\/h3>\n<p>[\/et_pb_text][\/et_pb_column][\/et_pb_row][et_pb_row column_structure=\u00bb1_3,1_3,1_3&#8243; disabled_on=\u00bboff|on|off\u00bb _builder_version=\u00bb4.8.2&#8243; _module_preset=\u00bbdefault\u00bb width_tablet=\u00bb50%\u00bb width_phone=\u00bb70%\u00bb width_last_edited=\u00bbon|phone\u00bb module_alignment=\u00bbcenter\u00bb][et_pb_column type=\u00bb1_3&#8243; _builder_version=\u00bb4.8.2&#8243; _module_preset=\u00bbdefault\u00bb][et_pb_image src=\u00bbhttps:\/\/rethinkbcn.cat\/wp-content\/uploads\/2021\/02\/caixa-1b.jpg\u00bb title_text=\u00bbcaixa-1b\u00bb url=\u00bb\/category\/cicle-1\/\u00bb align=\u00bbcenter\u00bb admin_label=\u00bbCicles per escriptori i m\u00f2bil\u00bb _builder_version=\u00bb4.8.2&#8243; _module_preset=\u00bbdefault\u00bb module_alignment=\u00bbcenter\u00bb][\/et_pb_image][\/et_pb_column][et_pb_column type=\u00bb1_3&#8243; _builder_version=\u00bb4.8.2&#8243; _module_preset=\u00bbdefault\u00bb][et_pb_image src=\u00bbhttps:\/\/rethinkbcn.cat\/wp-content\/uploads\/2021\/02\/caixa-2b.jpg\u00bb title_text=\u00bbcaixa-2b\u00bb align=\u00bbcenter\u00bb _builder_version=\u00bb4.8.2&#8243; _module_preset=\u00bbdefault\u00bb][\/et_pb_image][\/et_pb_column][et_pb_column type=\u00bb1_3&#8243; _builder_version=\u00bb4.8.2&#8243; _module_preset=\u00bbdefault\u00bb][et_pb_image src=\u00bbhttps:\/\/rethinkbcn.cat\/wp-content\/uploads\/2021\/02\/caixa-3b.jpg\u00bb title_text=\u00bbcaixa-3b\u00bb align=\u00bbcenter\u00bb _builder_version=\u00bb4.8.2&#8243; _module_preset=\u00bbdefault\u00bb][\/et_pb_image][\/et_pb_column][\/et_pb_row][et_pb_row column_structure=\u00bb1_3,1_3,1_3&#8243; disabled_on=\u00bbon|off|on\u00bb _builder_version=\u00bb4.8.2&#8243; _module_preset=\u00bbdefault\u00bb width=\u00bb100%\u00bb width_tablet=\u00bb90%\u00bb width_phone=\u00bb70%\u00bb width_last_edited=\u00bbon|tablet\u00bb module_alignment=\u00bbcenter\u00bb custom_margin=\u00bb||-20px||false|false\u00bb][et_pb_column type=\u00bb1_3&#8243; _builder_version=\u00bb4.8.2&#8243; _module_preset=\u00bbdefault\u00bb custom_css_main_element=\u00bbwidth: 33%!important;\u00bb][et_pb_image src=\u00bbhttps:\/\/rethinkbcn.cat\/wp-content\/uploads\/2021\/02\/caixa-1b.jpg\u00bb title_text=\u00bbcaixa-1b\u00bb url=\u00bb\/category\/cicle-1\/\u00bb align=\u00bbcenter\u00bb admin_label=\u00bbCicles per a tablet\u00bb _builder_version=\u00bb4.8.2&#8243; _module_preset=\u00bbdefault\u00bb module_alignment=\u00bbcenter\u00bb][\/et_pb_image][\/et_pb_column][et_pb_column type=\u00bb1_3&#8243; _builder_version=\u00bb4.8.2&#8243; _module_preset=\u00bbdefault\u00bb custom_css_main_element=\u00bbwidth: 33%!important;\u00bb][et_pb_image src=\u00bbhttps:\/\/rethinkbcn.cat\/wp-content\/uploads\/2021\/02\/caixa-2b.jpg\u00bb title_text=\u00bbcaixa-2b\u00bb align=\u00bbcenter\u00bb _builder_version=\u00bb4.8.2&#8243; _module_preset=\u00bbdefault\u00bb][\/et_pb_image][\/et_pb_column][et_pb_column type=\u00bb1_3&#8243; _builder_version=\u00bb4.8.2&#8243; _module_preset=\u00bbdefault\u00bb custom_css_main_element=\u00bbwidth: 33%!important;\u00bb][et_pb_image src=\u00bbhttps:\/\/rethinkbcn.cat\/wp-content\/uploads\/2021\/02\/caixa-3b.jpg\u00bb title_text=\u00bbcaixa-3b\u00bb align=\u00bbcenter\u00bb _builder_version=\u00bb4.8.2&#8243; _module_preset=\u00bbdefault\u00bb][\/et_pb_image][\/et_pb_column][\/et_pb_row][\/et_pb_section]<\/p>\n","protected":false},"excerpt":{"rendered":"<p>Resumimos cuatro art\u00edculos de N\u00faria Aymerich, Carlos Cabrera, Joan Puigcerc\u00f3s y Josep Acebillo<\/p>\n<p>&#8211;<\/p>\n","protected":false},"author":3,"featured_media":4842,"comment_status":"open","ping_status":"open","sticky":false,"template":"","format":"standard","meta":{"_et_pb_use_builder":"on","_et_pb_old_content":"<p>[et_pb_section fb_built=\"1\" disabled_on=\"off|off|off\" _builder_version=\"4.8.2\" _module_preset=\"default\" custom_margin=\"||||false|false\" da_is_popup=\"off\" da_exit_intent=\"off\" da_has_close=\"on\" da_alt_close=\"off\" da_dark_close=\"off\" da_not_modal=\"on\" da_is_singular=\"off\" da_with_loader=\"off\" da_has_shadow=\"on\" da_disable_devices=\"off|off|off\"][et_pb_row _builder_version=\"4.9.0\" _module_preset=\"default\"][et_pb_column type=\"4_4\" _builder_version=\"4.8.1\" _module_preset=\"default\"][et_pb_text admin_label=\"Titular entrada\" _builder_version=\"4.9.0\" _module_preset=\"default\" text_font=\"Averta Light||||||||\" header_font_size=\"36px\" header_4_font=\"Averta regular||||||||\" header_4_font_size=\"20px\" header_4_line_height=\"1.6em\" header_5_line_height=\"1.6em\" header_6_font=\"Averta regular||||||||\" header_6_font_size=\"16px\" header_6_line_height=\"1.2em\" header_font_size_tablet=\"30px\" header_font_size_phone=\"24px\" header_font_size_last_edited=\"on|phone\" header_6_font_size_tablet=\"\" header_6_font_size_phone=\"16px\" header_6_font_size_last_edited=\"on|phone\"]<\/p><div style=\"text-align: center;\">L'advocat i urbanista Ramon Garc\u00eda-Bragado defensa que cal pensar sobre l\u2019\u00e0mbit regional per analitzar les noves orientacions i perspectives que s'han de construir en di\u00e0leg amb el territori m\u00e9s proper<\/div><p>[\/et_pb_text][et_pb_image src=\"https:\/\/rethink.mtconsulting.es\/wp-content\/uploads\/2021\/02\/Gonzalo-Goytisolo-Gil_-La-font-magica-scaled.jpg\" title_text=\"Gonzalo-Goytisolo-Gil_--La-font-magica\" admin_label=\"Imatge entrada\" _builder_version=\"4.8.2\" _module_preset=\"default\"][\/et_pb_image][et_pb_text disabled_on=\"on|on|off\" admin_label=\"Text entrada escriptori\" _builder_version=\"4.9.0\" _module_preset=\"default\" text_font=\"Averta Light||||||||\" header_font_size=\"36px\" header_4_font=\"Averta regular||||||||\" header_4_font_size=\"20px\" header_4_line_height=\"1.6em\" header_5_line_height=\"1.6em\" header_6_font=\"Averta regular||||||||\" header_6_font_size=\"16px\" header_6_line_height=\"1.5em\" header_font_size_tablet=\"30px\" header_font_size_phone=\"24px\" header_font_size_last_edited=\"on|phone\" header_6_font_size_tablet=\"\" header_6_font_size_phone=\"14px\" header_6_font_size_last_edited=\"on|phone\"]<\/p><p>Per <strong>Ramon Garc\u00eda-Bragado Ac\u00edn<\/strong>, advocat i urbanista<\/p><p style=\"text-align: justify;\"><strong>Q\u00fcestions pr\u00e8vies<\/strong><br \/>Tots estem d\u2019acord que bona part dels problemes que cal entomar a la nostra ciutat nom\u00e9s tenen soluci\u00f3 en un entorn metropolit\u00e0, entenent per metropolit\u00e0 l\u2019\u00e0mbit actual de l\u2019AMB (36 municipis). Cal tamb\u00e9 una reflexi\u00f3 sobre l\u2019\u00e0mbit regional per l\u2019orientaci\u00f3 de les perspectives i estrat\u00e8gies a construir en di\u00e0leg amb el territori m\u00e9s proper.<br \/>El mercat laboral, el de l\u2019habitatge, el del comer\u00e7, el de l\u2019oci, el de la sanitat, el de la cultura, etc. tenen com a referent m\u00e9s \u201cla ciutat del metro\u201d que el de pert\u00e0nyer a un o un altre municipi. Aquests sectors ja treballen sobre una realitat de 3,2 milions de persones amb independ\u00e8ncia del municipi en el que es troben.<br \/>Tanmateix, cal recon\u00e8ixer que aquesta \u201curg\u00e8ncia metropolitana\u201d no \u00e9s en absolut percebuda com a tal pel conjunt de la ciutadania, ni de la de Barcelona, ni la de la resta dels municipis. Aquesta manca de \u201ctensi\u00f3 metropolitana\u201d dificulta les relacions, solidaritat i responsabilitat metropolitana. En definitiva, encara que no sigui vist per la ciutadania com una prioritat, cal est\u00e0 clar que assolir una major \u201cintegraci\u00f3\u201d metropolitana.<br \/>Entenc que aquesta \u201cintegraci\u00f3\u201d s\u2019hauria de produir sense sacrificar la pr\u00f2pia exist\u00e8ncia i reconeixement dels municipis que en formen part i fonamentar-se en pactes i compromisos pels quals l\u2019exercici de les compet\u00e8ncies pr\u00f2pies de cada ajuntament s\u2019exerceixin d\u2019una manera determinada i en un sentit \u201cmetropolit\u00e0\u201d.<\/p><p style=\"text-align: justify;\"><strong>Pol\u00edtiques metropolitanes<\/strong><br \/>\u00c9s dif\u00edcil considerar com a \u201cpol\u00edtiques metropolitanes\u201d cap altra cosa que no sigui el tractament dels residus i alguns aspectes del cicle de l\u2019aigua, \u00fanics \u00e0mbits en els que s\u2019han exercit algunes compet\u00e8ncies.. La supressi\u00f3 de la CMB en aquell lluny\u00e0 1.987 va fer forat i va refor\u00e7ar de manera clara les actituds \u201cindividualistes\u201d per part del conjunt dels municipis. Actituds que han arribat inc\u00f2lumes i refor\u00e7ades a l\u2019actualitat.<br \/>Un efecte pervers d\u2019aquesta actitud \u201cindividualista\u201d \u00e9s la consolidaci\u00f3 de les desigualtats econ\u00f2miques entre els diferents municipis que es concreten en les inversions per habitant, la pressi\u00f3 fiscal, les difer\u00e8ncies incomprensibles en alguns impostos b\u00e0sics com ara l\u2019IBI, la despesa en serveis per habitant, els diferents nivells de serveis oferts i prestats, etc.<br \/>Crec que la lluita contra les desigualtats en el si de l\u2019AMB \u00e9s la pol\u00edtica metropolitana per antonom\u00e0sia i el que dona sentit al concepte d\u2019integraci\u00f3 metropolitana.<\/p><table class=\" alignright\" style=\"height: 123px; width: 24.515503875968992%; border-collapse: collapse; border-top-width: 2px; border-top-style: solid; border-color: #000000; margin-left: 20px;\" cellspacing=\"15\" cellpadding=\"2\"><tbody><tr style=\"height: 23px;\"><td style=\"width: 100%; height: 23px; border: 2px solid #000;\"><h3>\"Crec que la lluita contra les desigualtats en el si de l\u2019AMB \u00e9s la pol\u00edtica metropolitana per antonom\u00e0sia i el que dona sentit al concepte d\u2019integraci\u00f3 metropolitana\"<\/h3><\/td><\/tr><\/tbody><\/table><p style=\"text-align: justify;\"><strong>L\u2019AMB: m\u00e9s que una suma de municipis<\/strong><br \/>Les Institucions s\u00f3n avaluades regularment des d\u2019un punt de vista econ\u00f2mic per determinar la seva capacitat real i la seva solv\u00e8ncia per mantenir un determinat nivell de despesa associat a unes pol\u00edtiques determinades. El resultat d\u2019aquestes avaluacions s\u00f3n determinants per establir les possibilitats d\u2019endeutament. En el cas de Barcelona, la situaci\u00f3 econ\u00f2mica de l\u2019Ajuntament, era un reflex de la situaci\u00f3 econ\u00f2mica de la ciutat i determinava la seva independ\u00e8ncia pol\u00edtica.<br \/>En aquests moments \u00e9s impossible fer una avaluaci\u00f3 d\u2019aquestes caracter\u00edstiques de l\u2019AMB com a organisme aglutinador de l\u2019activitat de 36 municipis, 3,2 milions d\u2019habitants, on es produeix el 52% del PIB de Catalunya. Aquestes avaluacions requereixen un nivell de consolidaci\u00f3 i d\u2019agregaci\u00f3 de les dades econ\u00f2miques del conjunt de municipis impossible d\u2019assolir amb la dispersi\u00f3 actual. No es tracta \u00fanicament de con\u00e8ixer les dades de cada municipi i posar-les en un full d\u2019Excel, sin\u00f3 de valorar el recorregut que poden tenir els ingressos fiscals, la despesa corrent, els ingressos patrimonials, el deute, etc.. En altres paraules, sense un determinat grau d\u2019integraci\u00f3 econ\u00f2mica entre el conjunt de municipis, ser\u00e0 impossible considerar l\u2019AMB com un actor rellevant en l\u2019esdevenir del nostre territori.<br \/>Integraci\u00f3 metropolitana: harmonitzaci\u00f3 de les pol\u00edtiques econ\u00f2miques municipals<br \/>L\u2019harmonitzaci\u00f3 que proposem comporta l\u2019acord per a la creaci\u00f3 d\u2019un Fons de Desenvolupament Metropolit\u00e0, nodrit amb aportacions de l\u2019Estat i la Generalitat, aix\u00ed com del rendiment de determinats impostos municipals (IAE) i d\u2019una fracci\u00f3 de la participaci\u00f3 en els ingressos de l\u2019estat.<br \/>Els acords municipals que pensem que podrien donar acc\u00e9s al Fons de Desenvolupament Metropolit\u00e0 s\u2019haurien de referir als seg\u00fcents aspectes:<br \/>- Implantar una \u00fanica pon\u00e8ncia de valoracions cadastrals, de tal manera que la converg\u00e8ncia en la determinaci\u00f3 de les bases fiscals permeti una converg\u00e8ncia gradual dels tipus de l\u2019IBI.<br \/>- Unificar gradualment els criteris d\u2019aplicaci\u00f3 dels principals impostos locals (ICIO, IMIVTU, circulaci\u00f3, etc.)<br \/>- Inversi\u00f3 p\u00fablica per habitant<br \/>- Despesa corrent per habitant<br \/>- Esfor\u00e7 fiscal<\/p><p style=\"text-align: justify;\"><strong>Integraci\u00f3 i governan\u00e7a<\/strong><br \/>Una part del debat metropolit\u00e0 i el seu futur s\u2019ha enfocat exclusivament cap a la seva governan\u00e7a, i m\u00e9s concretament a determinar la relaci\u00f3 havia d\u2019existir entre la Presid\u00e8ncia de l\u2019AMB i l\u2019Alcaldia de Barcelona, la qual cosa ha bloquejat en bona mesura qualsevol aven\u00e7 efectiu.<br \/>Una proposta com la d\u2019avan\u00e7ar en la integraci\u00f3 econ\u00f2mica del conjunt dels municipis t\u00e9 l\u2019avantatge que no requereix canvis radicals ni transcendentals en l\u2019actual estructura pol\u00edtica de l\u2019AMB. Nomes cal voluntat pol\u00edtica.<\/p><p>[\/et_pb_text][et_pb_text disabled_on=\"off|off|on\" admin_label=\"Text entrada tablet i m\u00f2bil\" _builder_version=\"4.9.0\" _module_preset=\"default\" text_font=\"Averta Light||||||||\" header_font=\"Averta regular||||||||\" header_font_size=\"36px\" header_4_font=\"Averta regular||||||||\" header_4_line_height=\"1.2em\" hover_enabled=\"0\" header_font_size_tablet=\"30px\" header_font_size_phone=\"24px\" header_font_size_last_edited=\"on|phone\" sticky_enabled=\"0\"]<\/p><p>Per <strong>Ramon Garc\u00eda-Bragado Ac\u00edn<\/strong>, advocat i urbanista<\/p><p style=\"text-align: justify;\"><strong>Q\u00fcestions pr\u00e8vies<\/strong><br \/>Tots estem d\u2019acord que bona part dels problemes que cal entomar a la nostra ciutat nom\u00e9s tenen soluci\u00f3 en un entorn metropolit\u00e0, entenent per metropolit\u00e0 l\u2019\u00e0mbit actual de l\u2019AMB (36 municipis). Cal tamb\u00e9 una reflexi\u00f3 sobre l\u2019\u00e0mbit regional per l\u2019orientaci\u00f3 de les perspectives i estrat\u00e8gies a construir en di\u00e0leg amb el territori m\u00e9s proper.<br \/>El mercat laboral, el de l\u2019habitatge, el del comer\u00e7, el de l\u2019oci, el de la sanitat, el de la cultura, etc. tenen com a referent m\u00e9s \u201cla ciutat del metro\u201d que el de pert\u00e0nyer a un o un altre municipi. Aquests sectors ja treballen sobre una realitat de 3,2 milions de persones amb independ\u00e8ncia del municipi en el que es troben.<br \/>Tanmateix, cal recon\u00e8ixer que aquesta \u201curg\u00e8ncia metropolitana\u201d no \u00e9s en absolut percebuda com a tal pel conjunt de la ciutadania, ni de la de Barcelona, ni la de la resta dels municipis. Aquesta manca de \u201ctensi\u00f3 metropolitana\u201d dificulta les relacions, solidaritat i responsabilitat metropolitana. En definitiva, encara que no sigui vist per la ciutadania com una prioritat, cal est\u00e0 clar que assolir una major \u201cintegraci\u00f3\u201d metropolitana.<br \/>Entenc que aquesta \u201cintegraci\u00f3\u201d s\u2019hauria de produir sense sacrificar la pr\u00f2pia exist\u00e8ncia i reconeixement dels municipis que en formen part i fonamentar-se en pactes i compromisos pels quals l\u2019exercici de les compet\u00e8ncies pr\u00f2pies de cada ajuntament s\u2019exerceixin d\u2019una manera determinada i en un sentit \u201cmetropolit\u00e0\u201d.<\/p><p style=\"text-align: justify;\"><strong>Pol\u00edtiques metropolitanes<\/strong><br \/>\u00c9s dif\u00edcil considerar com a \u201cpol\u00edtiques metropolitanes\u201d cap altra cosa que no sigui el tractament dels residus i alguns aspectes del cicle de l\u2019aigua, \u00fanics \u00e0mbits en els que s\u2019han exercit algunes compet\u00e8ncies.. La supressi\u00f3 de la CMB en aquell lluny\u00e0 1.987 va fer forat i va refor\u00e7ar de manera clara les actituds \u201cindividualistes\u201d per part del conjunt dels municipis. Actituds que han arribat inc\u00f2lumes i refor\u00e7ades a l\u2019actualitat.<br \/>Un efecte pervers d\u2019aquesta actitud \u201cindividualista\u201d \u00e9s la consolidaci\u00f3 de les desigualtats econ\u00f2miques entre els diferents municipis que es concreten en les inversions per habitant, la pressi\u00f3 fiscal, les difer\u00e8ncies incomprensibles en alguns impostos b\u00e0sics com ara l\u2019IBI, la despesa en serveis per habitant, els diferents nivells de serveis oferts i prestats, etc.<br \/>Crec que la lluita contra les desigualtats en el si de l\u2019AMB \u00e9s la pol\u00edtica metropolitana per antonom\u00e0sia i el que dona sentit al concepte d\u2019integraci\u00f3 metropolitana.<\/p><table class=\" alignright\" style=\"height: 104px; width: 99.9054%; border-collapse: collapse; border-top: 2px solid #000000; border-right-color: #000000; border-bottom-color: #000000; border-left-color: #000000; margin-left: 20px;\" cellspacing=\"15\" cellpadding=\"2\"><tbody><tr style=\"height: 23px;\"><td style=\"width: 100%; height: 23px; border: 2px solid #000;\"><h3 style=\"text-align: center;\">\"Crec que la lluita contra les desigualtats en el si de l\u2019AMB \u00e9s la pol\u00edtica metropolitana per antonom\u00e0sia i el que dona sentit al concepte d\u2019integraci\u00f3 metropolitana\"<\/h3><\/td><\/tr><\/tbody><\/table><p>\u00a0<\/p><p>\u00a0<\/p><p style=\"text-align: justify;\">\u00a0<\/p><p>L\u2019AMB: m\u00e9s que una suma de municipis<br \/>Les Institucions s\u00f3n avaluades regularment des d\u2019un punt de vista econ\u00f2mic per determinar la seva capacitat real i la seva solv\u00e8ncia per mantenir un determinat nivell de despesa associat a unes pol\u00edtiques determinades. El resultat d\u2019aquestes avaluacions s\u00f3n determinants per establir les possibilitats d\u2019endeutament. En el cas de Barcelona, la situaci\u00f3 econ\u00f2mica de l\u2019Ajuntament, era un reflex de la situaci\u00f3 econ\u00f2mica de la ciutat i determinava la seva independ\u00e8ncia pol\u00edtica.<br \/>En aquests moments \u00e9s impossible fer una avaluaci\u00f3 d\u2019aquestes caracter\u00edstiques de l\u2019AMB com a organisme aglutinador de l\u2019activitat de 36 municipis, 3,2 milions d\u2019habitants, on es produeix el 52% del PIB de Catalunya. Aquestes avaluacions requereixen un nivell de consolidaci\u00f3 i d\u2019agregaci\u00f3 de les dades econ\u00f2miques del conjunt de municipis impossible d\u2019assolir amb la dispersi\u00f3 actual. No es tracta \u00fanicament de con\u00e8ixer les dades de cada municipi i posar-les en un full d\u2019Excel, sin\u00f3 de valorar el recorregut que poden tenir els ingressos fiscals, la despesa corrent, els ingressos patrimonials, el deute, etc.. En altres paraules, sense un determinat grau d\u2019integraci\u00f3 econ\u00f2mica entre el conjunt de municipis, ser\u00e0 impossible considerar l\u2019AMB com un actor rellevant en l\u2019esdevenir del nostre territori.<br \/>Integraci\u00f3 metropolitana: harmonitzaci\u00f3 de les pol\u00edtiques econ\u00f2miques municipals<br \/>L\u2019harmonitzaci\u00f3 que proposem comporta l\u2019acord per a la creaci\u00f3 d\u2019un Fons de Desenvolupament Metropolit\u00e0, nodrit amb aportacions de l\u2019Estat i la Generalitat, aix\u00ed com del rendiment de determinats impostos municipals (IAE) i d\u2019una fracci\u00f3 de la participaci\u00f3 en els ingressos de l\u2019estat.<br \/>Els acords municipals que pensem que podrien donar acc\u00e9s al Fons de Desenvolupament Metropolit\u00e0 s\u2019haurien de referir als seg\u00fcents aspectes:<br \/>- Implantar una \u00fanica pon\u00e8ncia de valoracions cadastrals, de tal manera que la converg\u00e8ncia en la determinaci\u00f3 de les bases fiscals permeti una converg\u00e8ncia gradual dels tipus de l\u2019IBI.<br \/>- Unificar gradualment els criteris d\u2019aplicaci\u00f3 dels principals impostos locals (ICIO, IMIVTU, circulaci\u00f3, etc.)<br \/>- Inversi\u00f3 p\u00fablica per habitant<br \/>- Despesa corrent per habitant<br \/>- Esfor\u00e7 fiscal<\/p><p style=\"text-align: justify;\"><strong>Integraci\u00f3 i governan\u00e7a<\/strong><br \/>Una part del debat metropolit\u00e0 i el seu futur s\u2019ha enfocat exclusivament cap a la seva governan\u00e7a, i m\u00e9s concretament a determinar la relaci\u00f3 havia d\u2019existir entre la Presid\u00e8ncia de l\u2019AMB i l\u2019Alcaldia de Barcelona, la qual cosa ha bloquejat en bona mesura qualsevol aven\u00e7 efectiu.<br \/>Una proposta com la d\u2019avan\u00e7ar en la integraci\u00f3 econ\u00f2mica del conjunt dels municipis t\u00e9 l\u2019avantatge que no requereix canvis radicals ni transcendentals en l\u2019actual estructura pol\u00edtica de l\u2019AMB. Nomes cal voluntat pol\u00edtica.<\/p><p>[\/et_pb_text][et_pb_text admin_label=\"Share \" _builder_version=\"4.8.2\" _module_preset=\"default\" width=\"26%\" module_alignment=\"left\" module_alignment_tablet=\"left\" module_alignment_phone=\"left\" module_alignment_last_edited=\"on|phone\" border_width_all=\"0px\"]<\/p><table style=\"border-collapse: collapse; width: 0%; height: 22px; border-color: #000000; border: 2px solid;\"><tbody><tr style=\"height: 22px;\"><td style=\"width: 11.5332%; height: 22px;\">share:<\/td><td style=\"width: 88.4667%; text-align: justify; vertical-align: middle; height: 22px;\">[DISPLAY_ULTIMATE_SOCIAL_ICONS]<\/td><\/tr><\/tbody><\/table><p>[\/et_pb_text][\/et_pb_column][\/et_pb_row][\/et_pb_section][et_pb_section fb_built=\"1\" fullwidth=\"on\" _builder_version=\"4.8.2\" _module_preset=\"default\" border_width_bottom=\"2px\" da_is_popup=\"off\" da_exit_intent=\"off\" da_has_close=\"on\" da_alt_close=\"off\" da_dark_close=\"off\" da_not_modal=\"on\" da_is_singular=\"off\" da_with_loader=\"off\" da_has_shadow=\"on\" da_disable_devices=\"off|off|off\"][et_pb_fullwidth_code admin_label=\"Ratlla horitzontal\" _builder_version=\"4.8.2\" _module_preset=\"default\"][\/et_pb_fullwidth_code][\/et_pb_section][et_pb_section fb_built=\"1\" _builder_version=\"4.8.2\" _module_preset=\"default\" custom_margin=\"||-30px||false|false\" custom_margin_tablet=\"||-90px||false|false\" custom_margin_phone=\"||-80px||false|false\" custom_margin_last_edited=\"on|phone\" da_is_popup=\"off\" da_exit_intent=\"off\" da_has_close=\"on\" da_alt_close=\"off\" da_dark_close=\"off\" da_not_modal=\"on\" da_is_singular=\"off\" da_with_loader=\"off\" da_has_shadow=\"on\" da_disable_devices=\"off|off|off\"][et_pb_row _builder_version=\"4.8.2\" _module_preset=\"default\"][et_pb_column type=\"4_4\" _builder_version=\"4.8.2\" _module_preset=\"default\"][et_pb_text admin_label=\"Altres articles\" _builder_version=\"4.9.0\" _module_preset=\"default\"]<\/p><h3>ALTRES ARTICLES<\/h3><p>[yarpp][\/et_pb_text][\/et_pb_column][\/et_pb_row][\/et_pb_section][et_pb_section fb_built=\"1\" fullwidth=\"on\" disabled_on=\"on|on|on\" _builder_version=\"4.8.2\" _module_preset=\"default\" custom_margin_tablet=\"-70px||||false|false\" custom_margin_phone=\"\" custom_margin_last_edited=\"on|tablet\" border_width_bottom=\"2px\" disabled=\"on\" da_is_popup=\"off\" da_exit_intent=\"off\" da_has_close=\"on\" da_alt_close=\"off\" da_dark_close=\"off\" da_not_modal=\"on\" da_is_singular=\"off\" da_with_loader=\"off\" da_has_shadow=\"on\" da_disable_devices=\"off|off|off\"][et_pb_fullwidth_code admin_label=\"Ratlla horitzontal\" _builder_version=\"4.8.2\" _module_preset=\"default\"][\/et_pb_fullwidth_code][\/et_pb_section][et_pb_section fb_built=\"1\" disabled_on=\"on|on|on\" _builder_version=\"4.8.2\" _module_preset=\"default\" disabled=\"on\" da_is_popup=\"off\" da_exit_intent=\"off\" da_has_close=\"on\" da_alt_close=\"off\" da_dark_close=\"off\" da_not_modal=\"on\" da_is_singular=\"off\" da_with_loader=\"off\" da_has_shadow=\"on\" da_disable_devices=\"off|off|off\"][et_pb_row _builder_version=\"4.8.2\" _module_preset=\"default\"][et_pb_column type=\"4_4\" _builder_version=\"4.8.2\" _module_preset=\"default\"][et_pb_text admin_label=\"Text %22Veure tots els cicles%22\" _builder_version=\"4.8.2\" _module_preset=\"default\"]<\/p><h3>VEURE TOTS ELS CICLES<\/h3><p>[\/et_pb_text][\/et_pb_column][\/et_pb_row][et_pb_row column_structure=\"1_3,1_3,1_3\" disabled_on=\"off|on|off\" _builder_version=\"4.8.2\" _module_preset=\"default\" width_tablet=\"50%\" width_phone=\"70%\" width_last_edited=\"on|phone\" module_alignment=\"center\"][et_pb_column type=\"1_3\" _builder_version=\"4.8.2\" _module_preset=\"default\"][et_pb_image src=\"https:\/\/rethinkbcn.cat\/wp-content\/uploads\/2021\/02\/caixa-1b.jpg\" title_text=\"caixa-1b\" url=\"\/category\/cicle-1\/\" align=\"center\" admin_label=\"Cicles per escriptori i m\u00f2bil\" _builder_version=\"4.8.2\" _module_preset=\"default\" module_alignment=\"center\"][\/et_pb_image][\/et_pb_column][et_pb_column type=\"1_3\" _builder_version=\"4.8.2\" _module_preset=\"default\"][et_pb_image src=\"https:\/\/rethinkbcn.cat\/wp-content\/uploads\/2021\/02\/caixa-2b.jpg\" title_text=\"caixa-2b\" align=\"center\" _builder_version=\"4.8.2\" _module_preset=\"default\"][\/et_pb_image][\/et_pb_column][et_pb_column type=\"1_3\" _builder_version=\"4.8.2\" _module_preset=\"default\"][et_pb_image src=\"https:\/\/rethinkbcn.cat\/wp-content\/uploads\/2021\/02\/caixa-3b.jpg\" title_text=\"caixa-3b\" align=\"center\" _builder_version=\"4.8.2\" _module_preset=\"default\"][\/et_pb_image][\/et_pb_column][\/et_pb_row][et_pb_row column_structure=\"1_3,1_3,1_3\" disabled_on=\"on|off|on\" _builder_version=\"4.8.2\" _module_preset=\"default\" width=\"100%\" width_tablet=\"90%\" width_phone=\"70%\" width_last_edited=\"on|tablet\" module_alignment=\"center\" custom_margin=\"||-20px||false|false\"][et_pb_column type=\"1_3\" _builder_version=\"4.8.2\" _module_preset=\"default\" custom_css_main_element=\"width: 33%!important;\"][et_pb_image src=\"https:\/\/rethinkbcn.cat\/wp-content\/uploads\/2021\/02\/caixa-1b.jpg\" title_text=\"caixa-1b\" url=\"\/category\/cicle-1\/\" align=\"center\" admin_label=\"Cicles per a tablet\" _builder_version=\"4.8.2\" _module_preset=\"default\" module_alignment=\"center\"][\/et_pb_image][\/et_pb_column][et_pb_column type=\"1_3\" _builder_version=\"4.8.2\" _module_preset=\"default\" custom_css_main_element=\"width: 33%!important;\"][et_pb_image src=\"https:\/\/rethinkbcn.cat\/wp-content\/uploads\/2021\/02\/caixa-2b.jpg\" title_text=\"caixa-2b\" align=\"center\" _builder_version=\"4.8.2\" _module_preset=\"default\"][\/et_pb_image][\/et_pb_column][et_pb_column type=\"1_3\" _builder_version=\"4.8.2\" _module_preset=\"default\" custom_css_main_element=\"width: 33%!important;\"][et_pb_image src=\"https:\/\/rethinkbcn.cat\/wp-content\/uploads\/2021\/02\/caixa-3b.jpg\" title_text=\"caixa-3b\" align=\"center\" _builder_version=\"4.8.2\" _module_preset=\"default\"][\/et_pb_image][\/et_pb_column][\/et_pb_row][\/et_pb_section]<\/p><h1 style=\"text-align: center; padding-left: 40px;\">\u00a0<\/h1>","_et_gb_content_width":""},"categories":[92],"tags":[74,78],"_links":{"self":[{"href":"https:\/\/rethinkbcn.cat\/es\/wp-json\/wp\/v2\/posts\/10702"}],"collection":[{"href":"https:\/\/rethinkbcn.cat\/es\/wp-json\/wp\/v2\/posts"}],"about":[{"href":"https:\/\/rethinkbcn.cat\/es\/wp-json\/wp\/v2\/types\/post"}],"author":[{"embeddable":true,"href":"https:\/\/rethinkbcn.cat\/es\/wp-json\/wp\/v2\/users\/3"}],"replies":[{"embeddable":true,"href":"https:\/\/rethinkbcn.cat\/es\/wp-json\/wp\/v2\/comments?post=10702"}],"version-history":[{"count":9,"href":"https:\/\/rethinkbcn.cat\/es\/wp-json\/wp\/v2\/posts\/10702\/revisions"}],"predecessor-version":[{"id":10724,"href":"https:\/\/rethinkbcn.cat\/es\/wp-json\/wp\/v2\/posts\/10702\/revisions\/10724"}],"wp:featuredmedia":[{"embeddable":true,"href":"https:\/\/rethinkbcn.cat\/es\/wp-json\/wp\/v2\/media\/4842"}],"wp:attachment":[{"href":"https:\/\/rethinkbcn.cat\/es\/wp-json\/wp\/v2\/media?parent=10702"}],"wp:term":[{"taxonomy":"category","embeddable":true,"href":"https:\/\/rethinkbcn.cat\/es\/wp-json\/wp\/v2\/categories?post=10702"},{"taxonomy":"post_tag","embeddable":true,"href":"https:\/\/rethinkbcn.cat\/es\/wp-json\/wp\/v2\/tags?post=10702"}],"curies":[{"name":"wp","href":"https:\/\/api.w.org\/{rel}","templated":true}]}}