{"id":10619,"date":"2022-04-21T09:00:56","date_gmt":"2022-04-21T07:00:56","guid":{"rendered":"https:\/\/rethinkbcn.cat\/?p=10619"},"modified":"2022-04-21T09:01:30","modified_gmt":"2022-04-21T07:01:30","slug":"un-sant-jordi-con-miquel-molina","status":"publish","type":"post","link":"https:\/\/rethinkbcn.cat\/es\/un-sant-jordi-con-miquel-molina\/","title":{"rendered":"UN SANT JORDI CON MIQUEL MOLINA"},"content":{"rendered":"<p>[et_pb_section fb_built=\u00bb1&#8243; disabled_on=\u00bboff|off|off\u00bb _builder_version=\u00bb4.8.2&#8243; _module_preset=\u00bbdefault\u00bb custom_margin=\u00bb||||false|false\u00bb da_disable_devices=\u00bboff|off|off\u00bb da_is_popup=\u00bboff\u00bb da_exit_intent=\u00bboff\u00bb da_has_close=\u00bbon\u00bb da_alt_close=\u00bboff\u00bb da_dark_close=\u00bboff\u00bb da_not_modal=\u00bbon\u00bb da_is_singular=\u00bboff\u00bb da_with_loader=\u00bboff\u00bb da_has_shadow=\u00bbon\u00bb][et_pb_row _builder_version=\u00bb4.9.0&#8243; _module_preset=\u00bbdefault\u00bb][et_pb_column type=\u00bb4_4&#8243; _builder_version=\u00bb4.8.1&#8243; _module_preset=\u00bbdefault\u00bb][et_pb_text admin_label=\u00bbTitular entrada\u00bb _builder_version=\u00bb4.9.0&#8243; _module_preset=\u00bbdefault\u00bb text_font=\u00bbAverta Light||||||||\u00bb header_font_size=\u00bb36px\u00bb header_4_font=\u00bbAverta regular||||||||\u00bb header_4_font_size=\u00bb20px\u00bb header_4_line_height=\u00bb1.6em\u00bb header_5_line_height=\u00bb1.6em\u00bb header_6_font=\u00bbAverta regular||||||||\u00bb header_6_font_size=\u00bb16px\u00bb header_6_line_height=\u00bb1.2em\u00bb header_font_size_tablet=\u00bb30px\u00bb header_font_size_phone=\u00bb24px\u00bb header_font_size_last_edited=\u00bbon|phone\u00bb header_6_font_size_tablet=\u00bb\u00bb header_6_font_size_phone=\u00bb16px\u00bb header_6_font_size_last_edited=\u00bbon|phone\u00bb]<\/p>\n<h1 style=\"text-align: center;padding-left: 40px\">UN SANT JORDI CON MIQUEL MOLINA<\/h1>\n<div style=\"text-align: center\">&#8216;Proyecto Barcelona. Ideas para impedir la decadencia&#8217; es una lectura imprescindible para descifrar el futuro de la ciudad<\/div>\n<p>[\/et_pb_text][et_pb_image src=\u00bbhttps:\/\/rethink.mtconsulting.es\/wp-content\/uploads\/2021\/02\/Gonzalo-Goytisolo-Gil_-La-font-magica-scaled.jpg\u00bb title_text=\u00bbGonzalo-Goytisolo-Gil_&#8211;La-font-magica\u00bb admin_label=\u00bbImatge entrada\u00bb _builder_version=\u00bb4.8.2&#8243; _module_preset=\u00bbdefault\u00bb][\/et_pb_image][et_pb_text disabled_on=\u00bbon|on|off\u00bb admin_label=\u00bbText entrada escriptori\u00bb _builder_version=\u00bb4.9.0&#8243; _module_preset=\u00bbdefault\u00bb text_font=\u00bbAverta Light||||||||\u00bb header_font_size=\u00bb36px\u00bb header_4_font=\u00bbAverta regular||||||||\u00bb header_4_font_size=\u00bb20px\u00bb header_4_line_height=\u00bb1.6em\u00bb header_5_line_height=\u00bb1.6em\u00bb header_6_font=\u00bbAverta regular||||||||\u00bb header_6_font_size=\u00bb16px\u00bb header_6_line_height=\u00bb1.5em\u00bb header_font_size_tablet=\u00bb30px\u00bb header_font_size_phone=\u00bb24px\u00bb header_font_size_last_edited=\u00bbon|phone\u00bb header_6_font_size_tablet=\u00bb\u00bb header_6_font_size_phone=\u00bb14px\u00bb header_6_font_size_last_edited=\u00bbon|phone\u00bb]<\/p>\n<p style=\"text-align: justify\">Coincidiendo con la Diada de Sant Jordi os recomendamos el libro <em>Proyecto Barcelona. Ideas para impedir la decadencia<\/em> (Libros de Vanguardia) de Miquel Molina, del que os compartimos el primer cap\u00edtulo. Molina recorre en este libro los poderes de Barcelona, sus ferias, museos, empresas l\u00edderes, fundaciones e, incluso, el plantel de esculturas p\u00fablicas que conforman un museo al aire libre de primer nivel mundial, en lo que consideramos una lectura imprescindible para saber c\u00f3mo afrontar el futuro de la ciudad.<\/p>\n<div id=\"attachment_10591\" style=\"width: 693px\" class=\"wp-caption aligncenter\"><img aria-describedby=\"caption-attachment-10591\" loading=\"lazy\" class=\"wp-image-10591 size-large\" src=\"https:\/\/rethinkbcn.cat\/wp-content\/uploads\/2022\/04\/madueno1-683x1024.jpg\" alt=\"\" width=\"683\" height=\"1024\" \/><p id=\"caption-attachment-10591\" class=\"wp-caption-text\">Foto: Eugenio Madue\u00f1o<\/p><\/div>\n<p>Miquel Molina Muntan\u00e9 (Barcelona, 1963) es periodista y novelista. Desde 1985\u00a0desarrolla su labor en La Vanguardia, donde ejerce de director adjunto. Publica cada semana un art\u00edculo de opini\u00f3n sobre ciudades y cultura en su secci\u00f3n Blues Urbano. Anteriormente trabaj\u00f3 en los diarios Segre y El Peri\u00f3dico. Ha publicado <em>L\u2019Everest a l\u2019hora punta<\/em> (Viena, 2007); <em>Naturaleza muerta<\/em> (Edhasa, 2020), sobre la historia del negro de Banyoles; y <em>Cinco horas en Venecia<\/em> (Catedral y Univers Llibres, 2020), una invitaci\u00f3n a redescubrir la ciudad m\u00e1s rom\u00e1ntica del mundo.<br \/>Hay que destacar, adem\u00e1s, <em>Alerta Barcelona. Adi\u00f3s a la ciudad autocomplaciente<\/em> (Libros de Vanguardia, 2018), su primer an\u00e1lisis en profundidad sobre el presente y futuro de la capital catalana. Ha escrito dos novelas: <em>Una flor del mal<\/em> (2014) y <em>La son\u00e1mbula<\/em> (2018), ambas publicadas en Destino. En el 2010 recibi\u00f3 el premio al Periodismo no Sexista de la Associaci\u00f3 de Dones Periodistes de Catalunya.<\/p>\n<p><img loading=\"lazy\" class=\"aligncenter wp-image-10607 size-full\" src=\"https:\/\/rethinkbcn.cat\/wp-content\/uploads\/2022\/04\/portadallibre_page-0001.jpg\" alt=\"\" width=\"504\" height=\"658\" srcset=\"https:\/\/rethinkbcn.cat\/wp-content\/uploads\/2022\/04\/portadallibre_page-0001.jpg 504w, https:\/\/rethinkbcn.cat\/wp-content\/uploads\/2022\/04\/portadallibre_page-0001-480x627.jpg 480w\" sizes=\"(min-width: 0px) and (max-width: 480px) 480px, (min-width: 481px) 504px, 100vw\" \/><\/p>\n<p style=\"text-align: justify\">Pod\u00e9is leer \u00abReecontrarse\u00bb, primer cap\u00edtulo de <em>Proyecto Barcelona. Ideas para impedir la decadencia<\/em>, \u00a0<a href=\"https:\/\/rethinkbcn.cat\/wp-content\/uploads\/2022\/04\/Text-definitiu-Proyecto-Barcelona-2.pdf\" rel=\"attachment wp-att-10612\">Aqu\u00ed<\/a><\/p>\n<p>[\/et_pb_text][et_pb_text disabled_on=\u00bboff|off|on\u00bb admin_label=\u00bbText entrada tablet i m\u00f2bil\u00bb _builder_version=\u00bb4.9.0&#8243; _module_preset=\u00bbdefault\u00bb text_font=\u00bbAverta Light||||||||\u00bb header_font=\u00bbAverta regular||||||||\u00bb header_font_size=\u00bb36px\u00bb header_4_font=\u00bbAverta regular||||||||\u00bb header_4_line_height=\u00bb1.2em\u00bb header_font_size_tablet=\u00bb30px\u00bb header_font_size_phone=\u00bb24px\u00bb header_font_size_last_edited=\u00bbon|phone\u00bb]<\/p>\n<p style=\"text-align: justify\">Coincidiendo con la Diada de Sant Jordi os recomendamos el libro <em>Proyecto Barcelona. Ideas para impedir la decadencia<\/em> (Libros de Vanguardia) de Miquel Molina, del que os compartimos el primer cap\u00edtulo. Molina recorre en este libro los poderes de Barcelona, sus ferias, museos, empresas l\u00edderes, fundaciones e, incluso, el plantel de esculturas p\u00fablicas que conforman un museo al aire libre de primer nivel mundial, en lo que consideramos una lectura imprescindible para saber c\u00f3mo afrontar el futuro de la ciudad.<\/p>\n<div id=\"attachment_10591\" style=\"width: 693px\" class=\"wp-caption aligncenter\"><img aria-describedby=\"caption-attachment-10591\" loading=\"lazy\" class=\"wp-image-10591 size-large\" src=\"https:\/\/rethinkbcn.cat\/wp-content\/uploads\/2022\/04\/madueno1-683x1024.jpg\" alt=\"\" width=\"683\" height=\"1024\" \/><p id=\"caption-attachment-10591\" class=\"wp-caption-text\">Foto: Eugenio Madue\u00f1o<\/p><\/div>\n<p>Miquel Molina Muntan\u00e9 (Barcelona, 1963) es periodista y novelista. Desde 1985\u00a0desarrolla su labor en La Vanguardia, donde ejerce de director adjunto. Publica cada semana un art\u00edculo de opini\u00f3n sobre ciudades y cultura en su secci\u00f3n Blues Urbano. Anteriormente trabaj\u00f3 en los diarios Segre y El Peri\u00f3dico. Ha publicado <em>L\u2019Everest a l\u2019hora punta<\/em> (Viena, 2007); <em>Naturaleza muerta<\/em> (Edhasa, 2020), sobre la historia del negro de Banyoles; y <em>Cinco horas en Venecia<\/em> (Catedral y Univers Llibres, 2020), una invitaci\u00f3n a redescubrir la ciudad m\u00e1s rom\u00e1ntica del mundo.<br \/>Hay que destacar, adem\u00e1s, <em>Alerta Barcelona. Adi\u00f3s a la ciudad autocomplaciente<\/em> (Libros de Vanguardia, 2018), su primer an\u00e1lisis en profundidad sobre el presente y futuro de la capital catalana. Ha escrito dos novelas: <em>Una flor del mal<\/em> (2014) y <em>La son\u00e1mbula<\/em> (2018), ambas publicadas en Destino. En el 2010 recibi\u00f3 el premio al Periodismo no Sexista de la Associaci\u00f3 de Dones Periodistes de Catalunya.<\/p>\n<p><img loading=\"lazy\" class=\"aligncenter wp-image-10607 size-full\" src=\"https:\/\/rethinkbcn.cat\/wp-content\/uploads\/2022\/04\/portadallibre_page-0001.jpg\" alt=\"\" width=\"504\" height=\"658\" srcset=\"https:\/\/rethinkbcn.cat\/wp-content\/uploads\/2022\/04\/portadallibre_page-0001.jpg 504w, https:\/\/rethinkbcn.cat\/wp-content\/uploads\/2022\/04\/portadallibre_page-0001-480x627.jpg 480w\" sizes=\"(min-width: 0px) and (max-width: 480px) 480px, (min-width: 481px) 504px, 100vw\" \/><\/p>\n<p style=\"text-align: justify\">Pod\u00e9is leer \u00abReecontrarse\u00bb, primer cap\u00edtulo de <em>Proyecto Barcelona. Ideas para impedir la decadencia<\/em>, \u00a0<a href=\"https:\/\/rethinkbcn.cat\/wp-content\/uploads\/2022\/04\/Text-definitiu-Proyecto-Barcelona-2.pdf\" rel=\"attachment wp-att-10612\">Aqu\u00ed<\/a><\/p>\n<p>[\/et_pb_text][et_pb_text admin_label=\u00bbShare \u00bb _builder_version=\u00bb4.8.2&#8243; _module_preset=\u00bbdefault\u00bb width=\u00bb26%\u00bb module_alignment=\u00bbleft\u00bb module_alignment_tablet=\u00bbleft\u00bb module_alignment_phone=\u00bbleft\u00bb module_alignment_last_edited=\u00bbon|phone\u00bb border_width_all=\u00bb0px\u00bb]<\/p>\n<table style=\"border-collapse: collapse;width: 0%;height: 22px;border-color: #000000;border: 2px solid\">\n<tbody>\n<tr style=\"height: 22px\">\n<td style=\"width: 11.5332%;height: 22px\">share:<\/td>\n<td style=\"width: 88.4667%;text-align: justify;vertical-align: middle;height: 22px\"><div class=\"sfsi_widget sfsi_shortcode_container\"><div class=\"norm_row sfsi_wDiv \"  style=\"width:200px;text-align:left;\"><div style='width:30px; height:30px;margin-left:10px;margin-bottom:5px; ' class='sfsi_wicons shuffeldiv ' ><div class='inerCnt'><a class=' sficn' data-effect='' target='_blank'  href='' id='sfsiid_twitter_icon' style='width:30px;height:30px;opacity:1;'  ><img data-pin-nopin='true' alt='Twitter' title='Twitter' src='https:\/\/rethinkbcn.cat\/wp-content\/plugins\/ultimate-social-media-icons\/images\/icons_theme\/transparent\/transparent_twitter.png' width='30' height='30' style='' class='sfcm sfsi_wicon ' data-effect=''   \/><\/a><div class=\"sfsi_tool_tip_2 twt_tool_bdr sfsiTlleft\" style=\"opacity:0;z-index:-1;\" id=\"sfsiid_twitter\"><span class=\"bot_arow bot_twt_arow\"><\/span><div class=\"sfsi_inside\"><div  class='icon2'><div class='sf_twiter' style='display: inline-block;vertical-align: middle;width: auto;'>\r\n\t\t\t\t\t\t<a target='_blank' href='https:\/\/twitter.com\/intent\/tweet?text=Hey%2C+check+out+this+cool+site+I+found%3A+www.rethinkbcn.cat+%23Topic+via%40my_twitter_name+https:\/\/rethinkbcn.cat\/es\/wp-json\/wp\/v2\/posts\/10619\/' style='display:inline-block' >\r\n\t\t\t\t\t\t\t<img data-pin-nopin= true class='sfsi_wicon' src='https:\/\/rethinkbcn.cat\/wp-content\/plugins\/ultimate-social-media-icons\/images\/share_icons\/Twitter_Tweet\/en_US_Tweet.svg' alt='Tweet' title='Tweet' >\r\n\t\t\t\t\t\t<\/a>\r\n\t\t\t\t\t<\/div><\/div><\/div><\/div><\/div><\/div><div style='width:30px; height:30px;margin-left:10px;margin-bottom:5px; ' class='sfsi_wicons shuffeldiv ' ><div class='inerCnt'><a class=' sficn' data-effect='' target='_blank'  href='' id='sfsiid_linkedin_icon' style='width:30px;height:30px;opacity:1;'  ><img data-pin-nopin='true' alt='' title='' src='https:\/\/rethinkbcn.cat\/wp-content\/plugins\/ultimate-social-media-icons\/images\/icons_theme\/transparent\/transparent_linkedin.png' width='30' height='30' style='' class='sfcm sfsi_wicon ' data-effect=''   \/><\/a><div class=\"sfsi_tool_tip_2 linkedin_tool_bdr sfsiTlleft\" style=\"opacity:0;z-index:-1;\" id=\"sfsiid_linkedin\"><span class=\"bot_arow bot_linkedin_arow\"><\/span><div class=\"sfsi_inside\"><div  class='icon2'><a target='_blank' href=\"https:\/\/www.linkedin.com\/shareArticle?url=https%3A%2F%2Frethinkbcn.cat%2Fes%2Fwp-json%2Fwp%2Fv2%2Fposts%2F10619%2F\"><img class=\"sfsi_wicon\" data-pin-nopin= true alt=\"Share\" title=\"Share\" src=\"https:\/\/rethinkbcn.cat\/wp-content\/plugins\/ultimate-social-media-icons\/images\/share_icons\/Linkedin_Share\/en_US_share.svg\" \/><\/a><\/div><\/div><\/div><\/div><\/div><div style='width:30px; height:30px;margin-left:10px;margin-bottom:5px; ' class='sfsi_wicons shuffeldiv ' ><div class='inerCnt'><a class=' sficn' data-effect='' target='_blank'  href='https:\/\/api.whatsapp.com\/send?text=https:\/\/rethinkbcn.cat\/es\/un-sant-jordi-con-miquel-molina\/' id='sfsiid_whatsapp_icon' style='width:30px;height:30px;opacity:1;'  ><img data-pin-nopin='true' alt='' title='' src='https:\/\/rethinkbcn.cat\/wp-content\/plugins\/ultimate-social-media-icons\/images\/icons_theme\/transparent\/transparent_whatsapp.png' width='30' height='30' style='' class='sfcm sfsi_wicon ' data-effect=''   \/><\/a><\/div><\/div><div style='width:30px; height:30px;margin-left:10px;margin-bottom:5px; ' class='sfsi_wicons shuffeldiv ' ><div class='inerCnt'><a class=' sficn' data-effect='' target='_blank'  href='https:\/\/api.follow.it\/widgets\/icon\/VUlqbFQ4d1I5d05jbFdNRWdXaThSK0Vza3RBcDZrT3Y4akNldzhxUVBmUFNjQ3dlUnpnQVphRFVNcm40SXZGaFczK01jOFF0SExaMGNIWi9BZy96S2MydkgzaDNWWFBjYU9MbjY5M3lUcjVLYU5TN3NOaEs3VmJ4bytROHI4b1d8eEV6SFU5OTFjQ1B0YkRJNkEzUlJEbEhIWVRkZGM0b0FRTEQyRDlyb2o2UT0=\/OA==\/' id='sfsiid_email_icon' style='width:30px;height:30px;opacity:1;'  ><img data-pin-nopin='true' alt='Follow by Email' title='Follow by Email' src='https:\/\/rethinkbcn.cat\/wp-content\/plugins\/ultimate-social-media-icons\/images\/icons_theme\/transparent\/transparent_email.png' width='30' height='30' style='' class='sfcm sfsi_wicon ' data-effect=''   \/><\/a><\/div><\/div><\/div ><div id=\"sfsi_holder\" class=\"sfsi_holders\" style=\"position: relative; float: left;width:100%;z-index:-1;\"><\/div ><script>window.addEventListener(\"sfsi_functions_loaded\", function() \r\n\t\t\t{\r\n\t\t\t\tif (typeof sfsi_widget_set == \"function\") {\r\n\t\t\t\t\tsfsi_widget_set();\r\n\t\t\t\t}\r\n\t\t\t}); <\/script><div style=\"clear: both;\"><\/div><\/div><\/td>\n<\/tr>\n<\/tbody>\n<\/table>\n<p>[\/et_pb_text][\/et_pb_column][\/et_pb_row][\/et_pb_section][et_pb_section fb_built=\u00bb1&#8243; fullwidth=\u00bbon\u00bb _builder_version=\u00bb4.8.2&#8243; _module_preset=\u00bbdefault\u00bb da_disable_devices=\u00bboff|off|off\u00bb border_width_bottom=\u00bb2px\u00bb da_is_popup=\u00bboff\u00bb da_exit_intent=\u00bboff\u00bb da_has_close=\u00bbon\u00bb da_alt_close=\u00bboff\u00bb da_dark_close=\u00bboff\u00bb da_not_modal=\u00bbon\u00bb da_is_singular=\u00bboff\u00bb da_with_loader=\u00bboff\u00bb da_has_shadow=\u00bbon\u00bb][et_pb_fullwidth_code admin_label=\u00bbRatlla horitzontal\u00bb _builder_version=\u00bb4.8.2&#8243; _module_preset=\u00bbdefault\u00bb][\/et_pb_fullwidth_code][\/et_pb_section][et_pb_section fb_built=\u00bb1&#8243; _builder_version=\u00bb4.8.2&#8243; _module_preset=\u00bbdefault\u00bb custom_margin=\u00bb||-30px||false|false\u00bb custom_margin_tablet=\u00bb||-90px||false|false\u00bb custom_margin_phone=\u00bb||-80px||false|false\u00bb custom_margin_last_edited=\u00bbon|phone\u00bb da_disable_devices=\u00bboff|off|off\u00bb da_is_popup=\u00bboff\u00bb da_exit_intent=\u00bboff\u00bb da_has_close=\u00bbon\u00bb da_alt_close=\u00bboff\u00bb da_dark_close=\u00bboff\u00bb da_not_modal=\u00bbon\u00bb da_is_singular=\u00bboff\u00bb da_with_loader=\u00bboff\u00bb da_has_shadow=\u00bbon\u00bb][et_pb_row _builder_version=\u00bb4.8.2&#8243; _module_preset=\u00bbdefault\u00bb][et_pb_column type=\u00bb4_4&#8243; _builder_version=\u00bb4.8.2&#8243; _module_preset=\u00bbdefault\u00bb][et_pb_text admin_label=\u00bbAltres articles\u00bb _builder_version=\u00bb4.9.0&#8243; _module_preset=\u00bbdefault\u00bb]<\/p>\n<h3>ALTRES ARTICLES<\/h3>\n<p><div class='yarpp yarpp-related yarpp-related-shortcode yarpp-template-thumbnails'>\n<!-- YARPP Thumbnails -->\n<h3><\/h3>\n<div class=\"yarpp-thumbnails-horizontal\">\n<a class='yarpp-thumbnail' rel='norewrite' href='https:\/\/rethinkbcn.cat\/es\/como-se-construye-la-barcelona-del-futuro-cinco-visiones-complementarias\/' title='C\u00d3MO SE CONSTRUYE LA BARCELONA DEL FUTURO? CINCO VISIONES COMPLEMENTARIAS'>\n<img width=\"117\" height=\"120\" src=\"https:\/\/rethinkbcn.cat\/wp-content\/uploads\/2021\/01\/confiancam.jpg\" class=\"attachment-yarpp-thumbnail size-yarpp-thumbnail wp-post-image\" alt=\"\" loading=\"lazy\" data-pin-nopin=\"true\" \/><span class=\"yarpp-thumbnail-title\">C\u00d3MO SE CONSTRUYE LA BARCELONA DEL FUTURO? CINCO VISIONES COMPLEMENTARIAS<\/span><\/a>\n<a class='yarpp-thumbnail' rel='norewrite' href='https:\/\/rethinkbcn.cat\/es\/josep-ma-cardellach-unanuevagorvenanzaparalabarcelonametropolitana\/' title='JOSEP M\u00aa CARDELLACH: UNA NUEVA GOVERNANZA PARA LA BARCELONA METROPOLITANA.'>\n<img width=\"117\" height=\"120\" src=\"https:\/\/rethinkbcn.cat\/wp-content\/uploads\/2021\/01\/confiancam.jpg\" class=\"attachment-yarpp-thumbnail size-yarpp-thumbnail wp-post-image\" alt=\"\" loading=\"lazy\" data-pin-nopin=\"true\" \/><span class=\"yarpp-thumbnail-title\">JOSEP M\u00aa CARDELLACH: UNA NUEVA GOVERNANZA PARA LA BARCELONA METROPOLITANA.<\/span><\/a>\n<a class='yarpp-thumbnail' rel='norewrite' href='https:\/\/rethinkbcn.cat\/es\/hector-santcovskymetropolisbarcelona\/' title='H\u00c9CTOR SANTCOVSKY:  METR\u00d3POLIS BARCELONA, EL VALOR DEL TERRITORIO'>\n<img width=\"117\" height=\"120\" src=\"https:\/\/rethinkbcn.cat\/wp-content\/uploads\/2021\/01\/confiancam.jpg\" class=\"attachment-yarpp-thumbnail size-yarpp-thumbnail wp-post-image\" alt=\"\" loading=\"lazy\" data-pin-nopin=\"true\" \/><span class=\"yarpp-thumbnail-title\">H\u00c9CTOR SANTCOVSKY:  METR\u00d3POLIS BARCELONA, EL VALOR DEL TERRITORIO<\/span><\/a>\n<a class='yarpp-thumbnail' rel='norewrite' href='https:\/\/rethinkbcn.cat\/es\/eugeniacarrerespensandolamarcabarcelonaengrande\/' title='EUG\u00c8NIA CARRERES: PENSANDO LA MARCA BARCELONA EN GRANDE'>\n<img width=\"117\" height=\"120\" src=\"https:\/\/rethinkbcn.cat\/wp-content\/uploads\/2021\/01\/confiancam.jpg\" class=\"attachment-yarpp-thumbnail size-yarpp-thumbnail wp-post-image\" alt=\"\" loading=\"lazy\" data-pin-nopin=\"true\" \/><span class=\"yarpp-thumbnail-title\">EUG\u00c8NIA CARRERES: PENSANDO LA MARCA BARCELONA EN GRANDE<\/span><\/a>\n<\/div>\n<\/div>\n[\/et_pb_text][\/et_pb_column][\/et_pb_row][\/et_pb_section][et_pb_section fb_built=\u00bb1&#8243; fullwidth=\u00bbon\u00bb disabled_on=\u00bbon|on|on\u00bb _builder_version=\u00bb4.8.2&#8243; _module_preset=\u00bbdefault\u00bb custom_margin_tablet=\u00bb-70px||||false|false\u00bb custom_margin_phone=\u00bb\u00bb custom_margin_last_edited=\u00bbon|tablet\u00bb da_disable_devices=\u00bboff|off|off\u00bb border_width_bottom=\u00bb2px\u00bb disabled=\u00bbon\u00bb da_is_popup=\u00bboff\u00bb da_exit_intent=\u00bboff\u00bb da_has_close=\u00bbon\u00bb da_alt_close=\u00bboff\u00bb da_dark_close=\u00bboff\u00bb da_not_modal=\u00bbon\u00bb da_is_singular=\u00bboff\u00bb da_with_loader=\u00bboff\u00bb da_has_shadow=\u00bbon\u00bb][et_pb_fullwidth_code admin_label=\u00bbRatlla horitzontal\u00bb _builder_version=\u00bb4.8.2&#8243; _module_preset=\u00bbdefault\u00bb][\/et_pb_fullwidth_code][\/et_pb_section][et_pb_section fb_built=\u00bb1&#8243; disabled_on=\u00bbon|on|on\u00bb _builder_version=\u00bb4.8.2&#8243; _module_preset=\u00bbdefault\u00bb da_disable_devices=\u00bboff|off|off\u00bb disabled=\u00bbon\u00bb da_is_popup=\u00bboff\u00bb da_exit_intent=\u00bboff\u00bb da_has_close=\u00bbon\u00bb da_alt_close=\u00bboff\u00bb da_dark_close=\u00bboff\u00bb da_not_modal=\u00bbon\u00bb da_is_singular=\u00bboff\u00bb da_with_loader=\u00bboff\u00bb da_has_shadow=\u00bbon\u00bb][et_pb_row _builder_version=\u00bb4.8.2&#8243; _module_preset=\u00bbdefault\u00bb][et_pb_column type=\u00bb4_4&#8243; _builder_version=\u00bb4.8.2&#8243; _module_preset=\u00bbdefault\u00bb][et_pb_text admin_label=\u00bbText %22Veure tots els cicles%22&#8243; _builder_version=\u00bb4.8.2&#8243; _module_preset=\u00bbdefault\u00bb]<\/p>\n<h3>VEURE TOTS ELS CICLES<\/h3>\n<p>[\/et_pb_text][\/et_pb_column][\/et_pb_row][et_pb_row column_structure=\u00bb1_3,1_3,1_3&#8243; disabled_on=\u00bboff|on|off\u00bb _builder_version=\u00bb4.8.2&#8243; _module_preset=\u00bbdefault\u00bb width_tablet=\u00bb50%\u00bb width_phone=\u00bb70%\u00bb width_last_edited=\u00bbon|phone\u00bb module_alignment=\u00bbcenter\u00bb][et_pb_column type=\u00bb1_3&#8243; _builder_version=\u00bb4.8.2&#8243; _module_preset=\u00bbdefault\u00bb][et_pb_image src=\u00bbhttps:\/\/rethinkbcn.cat\/wp-content\/uploads\/2021\/02\/caixa-1b.jpg\u00bb title_text=\u00bbcaixa-1b\u00bb url=\u00bb\/category\/cicle-1\/\u00bb align=\u00bbcenter\u00bb admin_label=\u00bbCicles per escriptori i m\u00f2bil\u00bb _builder_version=\u00bb4.8.2&#8243; _module_preset=\u00bbdefault\u00bb module_alignment=\u00bbcenter\u00bb][\/et_pb_image][\/et_pb_column][et_pb_column type=\u00bb1_3&#8243; _builder_version=\u00bb4.8.2&#8243; _module_preset=\u00bbdefault\u00bb][et_pb_image src=\u00bbhttps:\/\/rethinkbcn.cat\/wp-content\/uploads\/2021\/02\/caixa-2b.jpg\u00bb title_text=\u00bbcaixa-2b\u00bb align=\u00bbcenter\u00bb _builder_version=\u00bb4.8.2&#8243; _module_preset=\u00bbdefault\u00bb][\/et_pb_image][\/et_pb_column][et_pb_column type=\u00bb1_3&#8243; _builder_version=\u00bb4.8.2&#8243; _module_preset=\u00bbdefault\u00bb][et_pb_image src=\u00bbhttps:\/\/rethinkbcn.cat\/wp-content\/uploads\/2021\/02\/caixa-3b.jpg\u00bb title_text=\u00bbcaixa-3b\u00bb align=\u00bbcenter\u00bb _builder_version=\u00bb4.8.2&#8243; _module_preset=\u00bbdefault\u00bb][\/et_pb_image][\/et_pb_column][\/et_pb_row][et_pb_row column_structure=\u00bb1_3,1_3,1_3&#8243; disabled_on=\u00bbon|off|on\u00bb _builder_version=\u00bb4.8.2&#8243; _module_preset=\u00bbdefault\u00bb width=\u00bb100%\u00bb width_tablet=\u00bb90%\u00bb width_phone=\u00bb70%\u00bb width_last_edited=\u00bbon|tablet\u00bb module_alignment=\u00bbcenter\u00bb custom_margin=\u00bb||-20px||false|false\u00bb][et_pb_column type=\u00bb1_3&#8243; _builder_version=\u00bb4.8.2&#8243; _module_preset=\u00bbdefault\u00bb custom_css_main_element=\u00bbwidth: 33%!important;\u00bb][et_pb_image src=\u00bbhttps:\/\/rethinkbcn.cat\/wp-content\/uploads\/2021\/02\/caixa-1b.jpg\u00bb title_text=\u00bbcaixa-1b\u00bb url=\u00bb\/category\/cicle-1\/\u00bb align=\u00bbcenter\u00bb admin_label=\u00bbCicles per a tablet\u00bb _builder_version=\u00bb4.8.2&#8243; _module_preset=\u00bbdefault\u00bb module_alignment=\u00bbcenter\u00bb][\/et_pb_image][\/et_pb_column][et_pb_column type=\u00bb1_3&#8243; _builder_version=\u00bb4.8.2&#8243; _module_preset=\u00bbdefault\u00bb custom_css_main_element=\u00bbwidth: 33%!important;\u00bb][et_pb_image src=\u00bbhttps:\/\/rethinkbcn.cat\/wp-content\/uploads\/2021\/02\/caixa-2b.jpg\u00bb title_text=\u00bbcaixa-2b\u00bb align=\u00bbcenter\u00bb _builder_version=\u00bb4.8.2&#8243; _module_preset=\u00bbdefault\u00bb][\/et_pb_image][\/et_pb_column][et_pb_column type=\u00bb1_3&#8243; _builder_version=\u00bb4.8.2&#8243; _module_preset=\u00bbdefault\u00bb custom_css_main_element=\u00bbwidth: 33%!important;\u00bb][et_pb_image src=\u00bbhttps:\/\/rethinkbcn.cat\/wp-content\/uploads\/2021\/02\/caixa-3b.jpg\u00bb title_text=\u00bbcaixa-3b\u00bb align=\u00bbcenter\u00bb _builder_version=\u00bb4.8.2&#8243; _module_preset=\u00bbdefault\u00bb][\/et_pb_image][\/et_pb_column][\/et_pb_row][\/et_pb_section]<\/p>\n","protected":false},"excerpt":{"rendered":"<p>Coincidiendo con la Diada de Sant Jordi os recomendamos el libro Proyecto Barcelona. Ideas para impedir la decadencia (Libros de Vanguardia) de Miquel Molina, del que os compartimos el primer cap\u00edtulo<\/p>\n","protected":false},"author":3,"featured_media":4842,"comment_status":"open","ping_status":"open","sticky":false,"template":"","format":"standard","meta":{"_et_pb_use_builder":"on","_et_pb_old_content":"<p>[et_pb_section fb_built=\"1\" disabled_on=\"off|off|off\" _builder_version=\"4.8.2\" _module_preset=\"default\" custom_margin=\"||||false|false\" da_disable_devices=\"off|off|off\" da_is_popup=\"off\" da_exit_intent=\"off\" da_has_close=\"on\" da_alt_close=\"off\" da_dark_close=\"off\" da_not_modal=\"on\" da_is_singular=\"off\" da_with_loader=\"off\" da_has_shadow=\"on\"][et_pb_row _builder_version=\"4.9.0\" _module_preset=\"default\"][et_pb_column type=\"4_4\" _builder_version=\"4.8.1\" _module_preset=\"default\"][et_pb_text admin_label=\"Titular entrada\" _builder_version=\"4.9.0\" _module_preset=\"default\" text_font=\"Averta Light||||||||\" header_font_size=\"36px\" header_4_font=\"Averta regular||||||||\" header_4_font_size=\"20px\" header_4_line_height=\"1.6em\" header_5_line_height=\"1.6em\" header_6_font=\"Averta regular||||||||\" header_6_font_size=\"16px\" header_6_line_height=\"1.2em\" header_font_size_tablet=\"30px\" header_font_size_phone=\"24px\" header_font_size_last_edited=\"on|phone\" header_6_font_size_tablet=\"\" header_6_font_size_phone=\"16px\" header_6_font_size_last_edited=\"on|phone\"]<\/p><h1 style=\"text-align: center; padding-left: 40px;\">UN SANT JORDI AMB MIQUEL MOLINA<\/h1><div style=\"text-align: center;\">'Proyecto Barcelona. Ideas para impedir la decadencia' \u00e9s una lectura imprescindible per desxifrar el futur de la ciutat<\/div><p>[\/et_pb_text][et_pb_image src=\"https:\/\/rethink.mtconsulting.es\/wp-content\/uploads\/2021\/02\/Gonzalo-Goytisolo-Gil_-La-font-magica-scaled.jpg\" title_text=\"Gonzalo-Goytisolo-Gil_--La-font-magica\" admin_label=\"Imatge entrada\" _builder_version=\"4.8.2\" _module_preset=\"default\"][\/et_pb_image][et_pb_text disabled_on=\"on|on|off\" admin_label=\"Text entrada escriptori\" _builder_version=\"4.9.0\" _module_preset=\"default\" text_font=\"Averta Light||||||||\" header_font_size=\"36px\" header_4_font=\"Averta regular||||||||\" header_4_font_size=\"20px\" header_4_line_height=\"1.6em\" header_5_line_height=\"1.6em\" header_6_font=\"Averta regular||||||||\" header_6_font_size=\"16px\" header_6_line_height=\"1.5em\" header_font_size_tablet=\"30px\" header_font_size_phone=\"24px\" header_font_size_last_edited=\"on|phone\" header_6_font_size_tablet=\"\" header_6_font_size_phone=\"14px\" header_6_font_size_last_edited=\"on|phone\"]<\/p><p style=\"text-align: justify;\">Coincidint amb la Diada de Sant Jordi us recomanem el llibre <em>Proyecto Barcelona. Ideas para impedir la decadencia<\/em> (Libros de Vanguardia) de Miquel Molina, del qual us en compartim el primer cap\u00edtol.<\/p><p style=\"text-align: justify;\">Molina recorre en aquest llibre els poders de Barcelona, les seves fires, museus, empreses capdavanteres, fundacions i, fins i tot, el planter d\u2019escultures p\u00fabliques que conformen un museu a l\u2019aire lliure de primer nivell mundial, en el que considerem una lectura imprecindible per saber com afrontar el futur de la ciutat.<\/p>[caption id=\"attachment_10591\" align=\"aligncenter\" width=\"683\"]<img class=\"wp-image-10591 size-large\" src=\"https:\/\/rethinkbcn.cat\/wp-content\/uploads\/2022\/04\/madueno1-683x1024.jpg\" alt=\"\" width=\"683\" height=\"1024\" \/> Foto: Eugenio Madue\u00f1o[\/caption]<p style=\"text-align: justify;\">Miquel Molina Muntan\u00e9 (Barcelona, 1963) \u00e9s periodista i novel\u00b7lista. Des de 1995 desenvolupa la seva activitat professional a La Vanguardia, on exerceix de director adjunt. Publica cada setmana un article d\u2019opini\u00f3 sobre ciutats i cultura en la secci\u00f3 Blues Urb\u00e0. Anteriorment va treballar als diaris Segre i El Peri\u00f3dico. Ha publicat <em>L\u2019Everest a l\u2019hora punta<\/em> (Viena, 2007); <em>Naturaleza muerta<\/em> (Edhasa, 2020), sobre la hist\u00f2ria del negre de Banyoles; i <em>Cinco horas en Venecia<\/em> (Catedral i Univers Llibres, 2020), una invitaci\u00f3 a redescobrir la ciutat m\u00e9s rom\u00e0ntica del m\u00f3n.<\/p><p style=\"text-align: justify;\">Cal destacar, a m\u00e9s, <em>Alerta Barcelona. Adi\u00f3s a la ciudad autocomplaciente<\/em> (Libros de Vanguardia, 2018), el seu primer an\u00e0lisi en profunditat sobre el present i futur de la capital catalana. Ha escrit dues novel\u00b7les: Una flor del mal (2014) i La son\u00e1mbula (2018), totes dues publicades per Destino. L\u2019any 2010 va rebre el premi al Periodisme no Sexista de l\u2019Associaci\u00f3 de Dones Periodistes de Catalunya.<\/p><p><img class=\"aligncenter wp-image-10608 size-full\" src=\"https:\/\/rethinkbcn.cat\/wp-content\/uploads\/2022\/04\/portadallibre_page-0001.jpg\" alt=\"\" width=\"504\" height=\"658\" \/><\/p><p style=\"text-align: justify;\">Podeu llegir \"Reecontrarse\", primer cap\u00edtol de <em>Proyecto Barcelona. Ideas para impedir la decadencia<\/em>, \u00a0<a href=\"https:\/\/rethinkbcn.cat\/wp-content\/uploads\/2022\/04\/Text-definitiu-Proyecto-Barcelona-2.pdf\" rel=\"attachment wp-att-10612\">Aqu\u00ed<\/a><\/p><p>[\/et_pb_text][et_pb_text disabled_on=\"off|off|on\" admin_label=\"Text entrada tablet i m\u00f2bil\" _builder_version=\"4.9.0\" _module_preset=\"default\" text_font=\"Averta Light||||||||\" header_font=\"Averta regular||||||||\" header_font_size=\"36px\" header_4_font=\"Averta regular||||||||\" header_4_line_height=\"1.2em\" header_font_size_tablet=\"30px\" header_font_size_phone=\"24px\" header_font_size_last_edited=\"on|phone\"]<\/p><p>Coincidint amb la Diada de Sant Jordi us recomanem el llibre Proyecto Barcelona. Ideas para impedir la decadencia (Libros de Vanguardia) de Miquel Molina, del qual us en compartim el primer cap\u00edtol.<\/p><p>Molina recorre en aquest llibre els poders de Barcelona, les seves fires, museus, empreses capdavanteres, fundacions i, fins i tot, el planter d\u2019escultures p\u00fabliques que conformen un museu a l\u2019aire lliure de primer nivell mundial, en el que considerem una lectura imprecindible per saber com afrontar el futur de la ciutat.<\/p><p>Foto: Eugenio Madue\u00f1o<br \/>Miquel Molina Muntan\u00e9 (Barcelona, 1963) \u00e9s periodista i novel\u00b7lista. Des de 1995 desenvolupa la seva activitat professional a La Vanguardia, on exerceix de director adjunt. Publica cada setmana un article d\u2019opini\u00f3 sobre ciutats i cultura en la secci\u00f3 Blues Urb\u00e0. Anteriorment va treballar als diaris Segre i El Peri\u00f3dico. Ha publicat L\u2019Everest a l\u2019hora punta (Viena, 2007); Naturaleza muerta (Edhasa, 2020), sobre la hist\u00f2ria del negre de Banyoles; i Cinco horas en Venecia (Catedral i Univers Llibres, 2020), una invitaci\u00f3 a redescobrir la ciutat m\u00e9s rom\u00e0ntica del m\u00f3n.<\/p><p>Cal destacar, a m\u00e9s, Alerta Barcelona. Adi\u00f3s a la ciudad autocomplaciente (Libros de Vanguardia, 2018), el seu primer an\u00e0lisi en profunditat sobre el present i futur de la capital catalana. Ha escrit dues novel\u00b7les: Una flor del mal (2014) i La son\u00e1mbula (2018), totes dues publicades per Destino. L\u2019any 2010 va rebre el premi al Periodisme no Sexista de l\u2019Associaci\u00f3 de Dones Periodistes de Catalunya.<\/p><p>Podeu llegir \"Reecontrarse\", primer cap\u00edtol de Proyecto Barcelona. Ideas para impedir la decadencia, <a href=\"https:\/\/rethinkbcn.cat\/wp-content\/uploads\/2022\/04\/Text-definitiu-Proyecto-Barcelona-2.pdf\" rel=\"attachment wp-att-10612\">Aqu\u00ed<\/a><\/p><p>[\/et_pb_text][et_pb_text admin_label=\"Share \" _builder_version=\"4.8.2\" _module_preset=\"default\" width=\"26%\" module_alignment=\"left\" module_alignment_tablet=\"left\" module_alignment_phone=\"left\" module_alignment_last_edited=\"on|phone\" border_width_all=\"0px\"]<\/p><table style=\"border-collapse: collapse; width: 0%; height: 22px; border-color: #000000; border: 2px solid;\"><tbody><tr style=\"height: 22px;\"><td style=\"width: 11.5332%; height: 22px;\">share:<\/td><td style=\"width: 88.4667%; text-align: justify; vertical-align: middle; height: 22px;\">[DISPLAY_ULTIMATE_SOCIAL_ICONS]<\/td><\/tr><\/tbody><\/table><p>[\/et_pb_text][\/et_pb_column][\/et_pb_row][\/et_pb_section][et_pb_section fb_built=\"1\" fullwidth=\"on\" _builder_version=\"4.8.2\" _module_preset=\"default\" da_disable_devices=\"off|off|off\" border_width_bottom=\"2px\" da_is_popup=\"off\" da_exit_intent=\"off\" da_has_close=\"on\" da_alt_close=\"off\" da_dark_close=\"off\" da_not_modal=\"on\" da_is_singular=\"off\" da_with_loader=\"off\" da_has_shadow=\"on\"][et_pb_fullwidth_code admin_label=\"Ratlla horitzontal\" _builder_version=\"4.8.2\" _module_preset=\"default\"][\/et_pb_fullwidth_code][\/et_pb_section][et_pb_section fb_built=\"1\" _builder_version=\"4.8.2\" _module_preset=\"default\" custom_margin=\"||-30px||false|false\" custom_margin_tablet=\"||-90px||false|false\" custom_margin_phone=\"||-80px||false|false\" custom_margin_last_edited=\"on|phone\" da_disable_devices=\"off|off|off\" da_is_popup=\"off\" da_exit_intent=\"off\" da_has_close=\"on\" da_alt_close=\"off\" da_dark_close=\"off\" da_not_modal=\"on\" da_is_singular=\"off\" da_with_loader=\"off\" da_has_shadow=\"on\"][et_pb_row _builder_version=\"4.8.2\" _module_preset=\"default\"][et_pb_column type=\"4_4\" _builder_version=\"4.8.2\" _module_preset=\"default\"][et_pb_text admin_label=\"Altres articles\" _builder_version=\"4.9.0\" _module_preset=\"default\"]<\/p><h3>ALTRES ARTICLES<\/h3><p>[yarpp][\/et_pb_text][\/et_pb_column][\/et_pb_row][\/et_pb_section][et_pb_section fb_built=\"1\" fullwidth=\"on\" disabled_on=\"on|on|on\" _builder_version=\"4.8.2\" _module_preset=\"default\" custom_margin_tablet=\"-70px||||false|false\" custom_margin_phone=\"\" custom_margin_last_edited=\"on|tablet\" da_disable_devices=\"off|off|off\" border_width_bottom=\"2px\" disabled=\"on\" da_is_popup=\"off\" da_exit_intent=\"off\" da_has_close=\"on\" da_alt_close=\"off\" da_dark_close=\"off\" da_not_modal=\"on\" da_is_singular=\"off\" da_with_loader=\"off\" da_has_shadow=\"on\"][et_pb_fullwidth_code admin_label=\"Ratlla horitzontal\" _builder_version=\"4.8.2\" _module_preset=\"default\"][\/et_pb_fullwidth_code][\/et_pb_section][et_pb_section fb_built=\"1\" disabled_on=\"on|on|on\" _builder_version=\"4.8.2\" _module_preset=\"default\" da_disable_devices=\"off|off|off\" disabled=\"on\" da_is_popup=\"off\" da_exit_intent=\"off\" da_has_close=\"on\" da_alt_close=\"off\" da_dark_close=\"off\" da_not_modal=\"on\" da_is_singular=\"off\" da_with_loader=\"off\" da_has_shadow=\"on\"][et_pb_row _builder_version=\"4.8.2\" _module_preset=\"default\"][et_pb_column type=\"4_4\" _builder_version=\"4.8.2\" _module_preset=\"default\"][et_pb_text admin_label=\"Text %22Veure tots els cicles%22\" _builder_version=\"4.8.2\" _module_preset=\"default\"]<\/p><h3>VEURE TOTS ELS CICLES<\/h3><p>[\/et_pb_text][\/et_pb_column][\/et_pb_row][et_pb_row column_structure=\"1_3,1_3,1_3\" disabled_on=\"off|on|off\" _builder_version=\"4.8.2\" _module_preset=\"default\" width_tablet=\"50%\" width_phone=\"70%\" width_last_edited=\"on|phone\" module_alignment=\"center\"][et_pb_column type=\"1_3\" _builder_version=\"4.8.2\" _module_preset=\"default\"][et_pb_image src=\"https:\/\/rethinkbcn.cat\/wp-content\/uploads\/2021\/02\/caixa-1b.jpg\" title_text=\"caixa-1b\" url=\"\/category\/cicle-1\/\" align=\"center\" admin_label=\"Cicles per escriptori i m\u00f2bil\" _builder_version=\"4.8.2\" _module_preset=\"default\" module_alignment=\"center\"][\/et_pb_image][\/et_pb_column][et_pb_column type=\"1_3\" _builder_version=\"4.8.2\" _module_preset=\"default\"][et_pb_image src=\"https:\/\/rethinkbcn.cat\/wp-content\/uploads\/2021\/02\/caixa-2b.jpg\" title_text=\"caixa-2b\" align=\"center\" _builder_version=\"4.8.2\" _module_preset=\"default\"][\/et_pb_image][\/et_pb_column][et_pb_column type=\"1_3\" _builder_version=\"4.8.2\" _module_preset=\"default\"][et_pb_image src=\"https:\/\/rethinkbcn.cat\/wp-content\/uploads\/2021\/02\/caixa-3b.jpg\" title_text=\"caixa-3b\" align=\"center\" _builder_version=\"4.8.2\" _module_preset=\"default\"][\/et_pb_image][\/et_pb_column][\/et_pb_row][et_pb_row column_structure=\"1_3,1_3,1_3\" disabled_on=\"on|off|on\" _builder_version=\"4.8.2\" _module_preset=\"default\" width=\"100%\" width_tablet=\"90%\" width_phone=\"70%\" width_last_edited=\"on|tablet\" module_alignment=\"center\" custom_margin=\"||-20px||false|false\"][et_pb_column type=\"1_3\" _builder_version=\"4.8.2\" _module_preset=\"default\" custom_css_main_element=\"width: 33%!important;\"][et_pb_image src=\"https:\/\/rethinkbcn.cat\/wp-content\/uploads\/2021\/02\/caixa-1b.jpg\" title_text=\"caixa-1b\" url=\"\/category\/cicle-1\/\" align=\"center\" admin_label=\"Cicles per a tablet\" _builder_version=\"4.8.2\" _module_preset=\"default\" module_alignment=\"center\"][\/et_pb_image][\/et_pb_column][et_pb_column type=\"1_3\" _builder_version=\"4.8.2\" _module_preset=\"default\" custom_css_main_element=\"width: 33%!important;\"][et_pb_image src=\"https:\/\/rethinkbcn.cat\/wp-content\/uploads\/2021\/02\/caixa-2b.jpg\" title_text=\"caixa-2b\" align=\"center\" _builder_version=\"4.8.2\" _module_preset=\"default\"][\/et_pb_image][\/et_pb_column][et_pb_column type=\"1_3\" _builder_version=\"4.8.2\" _module_preset=\"default\" custom_css_main_element=\"width: 33%!important;\"][et_pb_image src=\"https:\/\/rethinkbcn.cat\/wp-content\/uploads\/2021\/02\/caixa-3b.jpg\" title_text=\"caixa-3b\" align=\"center\" _builder_version=\"4.8.2\" _module_preset=\"default\"][\/et_pb_image][\/et_pb_column][\/et_pb_row][\/et_pb_section]<\/p>","_et_gb_content_width":""},"categories":[92],"tags":[74,78],"_links":{"self":[{"href":"https:\/\/rethinkbcn.cat\/es\/wp-json\/wp\/v2\/posts\/10619"}],"collection":[{"href":"https:\/\/rethinkbcn.cat\/es\/wp-json\/wp\/v2\/posts"}],"about":[{"href":"https:\/\/rethinkbcn.cat\/es\/wp-json\/wp\/v2\/types\/post"}],"author":[{"embeddable":true,"href":"https:\/\/rethinkbcn.cat\/es\/wp-json\/wp\/v2\/users\/3"}],"replies":[{"embeddable":true,"href":"https:\/\/rethinkbcn.cat\/es\/wp-json\/wp\/v2\/comments?post=10619"}],"version-history":[{"count":11,"href":"https:\/\/rethinkbcn.cat\/es\/wp-json\/wp\/v2\/posts\/10619\/revisions"}],"predecessor-version":[{"id":10631,"href":"https:\/\/rethinkbcn.cat\/es\/wp-json\/wp\/v2\/posts\/10619\/revisions\/10631"}],"wp:featuredmedia":[{"embeddable":true,"href":"https:\/\/rethinkbcn.cat\/es\/wp-json\/wp\/v2\/media\/4842"}],"wp:attachment":[{"href":"https:\/\/rethinkbcn.cat\/es\/wp-json\/wp\/v2\/media?parent=10619"}],"wp:term":[{"taxonomy":"category","embeddable":true,"href":"https:\/\/rethinkbcn.cat\/es\/wp-json\/wp\/v2\/categories?post=10619"},{"taxonomy":"post_tag","embeddable":true,"href":"https:\/\/rethinkbcn.cat\/es\/wp-json\/wp\/v2\/tags?post=10619"}],"curies":[{"name":"wp","href":"https:\/\/api.w.org\/{rel}","templated":true}]}}