{"id":10498,"date":"2022-04-02T20:00:10","date_gmt":"2022-04-02T18:00:10","guid":{"rendered":"https:\/\/rethinkbcn.cat\/?p=10498"},"modified":"2022-04-03T11:48:31","modified_gmt":"2022-04-03T09:48:31","slug":"sergi-doria-la-metropoli-si-que-tiene-quien-la-escriba","status":"publish","type":"post","link":"https:\/\/rethinkbcn.cat\/es\/sergi-doria-la-metropoli-si-que-tiene-quien-la-escriba\/","title":{"rendered":"SERGI DORIA: LA METR\u00d2POLI S\u00cd QUE TIENE QUIEN LA ESCRIBA"},"content":{"rendered":"<p>[et_pb_section fb_built=\u00bb1&#8243; disabled_on=\u00bboff|off|off\u00bb _builder_version=\u00bb4.8.2&#8243; _module_preset=\u00bbdefault\u00bb custom_margin=\u00bb||||false|false\u00bb da_disable_devices=\u00bboff|off|off\u00bb da_is_popup=\u00bboff\u00bb da_exit_intent=\u00bboff\u00bb da_has_close=\u00bbon\u00bb da_alt_close=\u00bboff\u00bb da_dark_close=\u00bboff\u00bb da_not_modal=\u00bbon\u00bb da_is_singular=\u00bboff\u00bb da_with_loader=\u00bboff\u00bb da_has_shadow=\u00bbon\u00bb][et_pb_row _builder_version=\u00bb4.9.0&#8243; _module_preset=\u00bbdefault\u00bb][et_pb_column type=\u00bb4_4&#8243; _builder_version=\u00bb4.8.1&#8243; _module_preset=\u00bbdefault\u00bb][et_pb_text admin_label=\u00bbTitular entrada\u00bb _builder_version=\u00bb4.9.0&#8243; _module_preset=\u00bbdefault\u00bb text_font=\u00bbAverta Light||||||||\u00bb header_font_size=\u00bb36px\u00bb header_4_font=\u00bbAverta regular||||||||\u00bb header_4_font_size=\u00bb20px\u00bb header_4_line_height=\u00bb1.6em\u00bb header_5_line_height=\u00bb1.6em\u00bb header_6_font=\u00bbAverta regular||||||||\u00bb header_6_font_size=\u00bb16px\u00bb header_6_line_height=\u00bb1.2em\u00bb header_font_size_tablet=\u00bb30px\u00bb header_font_size_phone=\u00bb24px\u00bb header_font_size_last_edited=\u00bbon|phone\u00bb header_6_font_size_tablet=\u00bb\u00bb header_6_font_size_phone=\u00bb16px\u00bb header_6_font_size_last_edited=\u00bbon|phone\u00bb]<\/p>\n<h1 style=\"text-align: center;padding-left: 40px\">LA METR\u00d2POLI S\u00cd QUE TIENE QUIEN LA ESCRIBA<\/h1>\n<div style=\"text-align: center\">\n<p>El periodista cultural Sergi Doria repasa los diferentes escritores que se han inspirado en la ciudad para construir sus obras literarias.<\/p>\n<\/div>\n<p>[\/et_pb_text][et_pb_image src=\u00bbhttps:\/\/rethink.mtconsulting.es\/wp-content\/uploads\/2021\/02\/Gonzalo-Goytisolo-Gil_-La-font-magica-scaled.jpg\u00bb title_text=\u00bbGonzalo-Goytisolo-Gil_&#8211;La-font-magica\u00bb admin_label=\u00bbImatge entrada\u00bb _builder_version=\u00bb4.8.2&#8243; _module_preset=\u00bbdefault\u00bb][\/et_pb_image][et_pb_text disabled_on=\u00bbon|on|off\u00bb admin_label=\u00bbText entrada escriptori\u00bb _builder_version=\u00bb4.9.0&#8243; _module_preset=\u00bbdefault\u00bb text_font=\u00bbAverta Light||||||||\u00bb header_font_size=\u00bb36px\u00bb header_4_font=\u00bbAverta regular||||||||\u00bb header_4_font_size=\u00bb20px\u00bb header_4_line_height=\u00bb1.6em\u00bb header_5_line_height=\u00bb1.6em\u00bb header_6_font=\u00bbAverta regular||||||||\u00bb header_6_font_size=\u00bb16px\u00bb header_6_line_height=\u00bb1.5em\u00bb hover_enabled=\u00bb0&#8243; header_font_size_tablet=\u00bb30px\u00bb header_font_size_phone=\u00bb24px\u00bb header_font_size_last_edited=\u00bbon|phone\u00bb header_6_font_size_tablet=\u00bb\u00bb header_6_font_size_phone=\u00bb14px\u00bb header_6_font_size_last_edited=\u00bbon|phone\u00bb sticky_enabled=\u00bb0&#8243;]<\/p>\n<p style=\"text-align: justify;\">Francisco Candel cierra <em>Los otros catalanes<\/em> con unas redacciones escolares del Polvor\u00ed, Can Clos, Port, SEAT y Can Tunis para un concurso literario intitulado Mi barrio: \u00abYo soy de Barcelona, pero mi barrio es Casa Ant\u00fanez\u00bb, escribe una ni\u00f1a de las barracas &#8216;Jes\u00fas y Mar\u00eda&#8217;, junto al cementerio de Montju\u00efc; \u00abLas personas de mi barrio no est\u00e1n tan bien educadas como las del centro de Barcelona. Pero a pesar de todo me siento orgulloso de vivir en \u00e9l\u00bb, proclama su compa\u00f1ero; \u00abMi barrio es un lugar alegre y apacible&#8230; ahora\u00bb, advierte un ni\u00f1o de los bloques de la SEAT; \u00abVienen muchas veces los pastores a pastar\u00bb, observa otro alumno al referirse al descampado del Asilo de Port&#8230;<br \/>Candel publica Los otros catalanes en 1964 y, un a\u00f1o despu\u00e9s, 1965, Juan Mars\u00e9 gana el Biblioteca Breve con <em>\u00daltimas tardes con Teresa<\/em>. A pesar de las diferencias estil\u00edsticas y de g\u00e9neros, ambos t\u00edtulos ponen de manifiesto el sentimiento de inferioridad \u2014la dificultad de acceder al ascensor social\u2014 del suburbio.<br \/>Desde finales de siglo XX, la literatura metropolitana integra &#8216;les afores&#8217; en lo que denominamos \u00abnovelas de Barcelona\u00bb. A diferencia de los inmigrantes de los a\u00f1os veinte que trabajaron en el metro y en la Exposici\u00f3n, y de los llegados en la posguerra, la biograf\u00eda de las nuevas generaciones deja de ser una novela y aborda con renovada creatividad el &#8216;genius loci&#8217;.<br \/>La periferia ensancha la mirada literaria. Entre los nacidos en los a\u00f1os cuarenta, la <em>Calle Bolivia<\/em> (1999) de Maria Barbal, las casetas del Maresme donde se detiene el bus 70 en el trayecto a Badalona. O el Juli\u00e0 de J\u00f2dar d&#8217;<em>El metall impur<\/em> (premi Sant Jordi 2005): un inmigrante trabaja en la fundici\u00f3n de La Farga, en el Bes\u00f2s. Enmascarado en los protagonistas de <em>Radiacions<\/em> (2011) De J\u00f2dar reflexiona con Enric Juliana sobre la impureza, industrial y tambi\u00e9n perif\u00e9rica, en el ic\u00f3nico puente del Petr\u00f3leo badalonino.<\/p>\n<table class=\" alignright\" style=\"height: 123px; width: 24.515503875968992%; border-collapse: collapse; border-top-width: 2px; border-top-style: solid; border-color: #000000; margin-left: 20px;\" cellspacing=\"15\" cellpadding=\"2\">\n<tbody>\n<tr style=\"height: 23px;\">\n<td style=\"width: 100%; height: 23px; border: 2px solid #000;\">\n<h3>\u00abImpura realidad biling\u00fce frente a la cultura de invernadero, tan pur\u00edsima como artificial.\u00bb<\/h3>\n<\/td>\n<\/tr>\n<\/tbody>\n<\/table>\n<p style=\"text-align: justify;\">De los nacidos a partir de los sesenta, el David Castillo de <em>No miris enrere<\/em> (2002) contemplando Barcelona desde el refugio antia\u00e9reo del Carmel. Los <em>Paseos con mi madre<\/em> (2011) de Javier P\u00e9rez And\u00fajar con las chimeneas de Sant Adri\u00e0 como skyline proletario. El Nou Barris de Marc Pastor en la distop\u00eda v\u00edrica <em>El a\u00f1o de la plaga<\/em> (2011). El Sant Boi a\u00f1os ochenta de Kiko Amat en <em>Antes del hurac\u00e1n<\/em> (2018), un joven &#8216;fotut&#8217; por el extra\u00f1amiento perif\u00e9rico, mental y cultural: un \u00abdesierto pop\u00bb \u2014en palabras de David Mor\u00e1n\u2014 ajeno al encuadre pol\u00edtico o generacional. La odisea por el Guinard\u00f3 y L&#8217;Hospitalet de Carles Zan\u00f3n en <em>Taxi<\/em> (2017); el Cornell\u00e0 (Ciudad Sat\u00e9lite) de Toni Hill en <em>Tigres de cristal<\/em> (2018); la ronda de Albert Llad\u00f3 por Torre Bar\u00f3 y la Ciutat Meridiana donde vivi\u00f3 los a\u00f1os noventa en <em>La traves\u00eda de las anguilas<\/em> (2020); la evocaci\u00f3n familiar de Hern\u00e1n Migoya en <em>Baricentro<\/em> (2020): el centro comercial pionero que puso Barber\u00e1 del Vall\u00e9s en el mapa.<br \/>Naturaleza y asfalto, fragmentarios matorrales donde pastan ovejas, naves industriales y torres de electricidad. Los \u00abno lugares\u00bb de Marc Aug\u00e9&#8230; En <em>Rodalies<\/em> (premio San Juan, 2004) Toni Sala describe un rodal que remite al Maresme convertido en ciudad dormitorio de la capital: \u00abUna valla met\u00e1lica y baja los separa del asfalto. Sobre el carril, un gran cartel azul, con las letras blancas y grandes, dice: C-34 Barcelona&#8230; \u00ab100<br \/>Frontera entre el mundo rural y el pol\u00edgono de Anna Ballbona en <em>No soc aqu\u00ed<\/em> (premio Anagrama, 2020). Frontera obsesiva: <em>El lunes nos querr\u00e1n<\/em>\u00a0de la marroqu\u00ed Najat el Hachmi (premio Nadal, 2021). Inmigraci\u00f3n y religi\u00f3n. Periferia de la periferia. Bloques de construcci\u00f3n precaria, el r\u00edo, el tren, la carretera&#8230; Y el control pan\u00f3ptico de la vecindad musulmana.<br \/>Esta periferia odia la centralidad barcelonesa y se expresa en castellano o catal\u00e1n, o en las dos lenguas a la vez. Como Guillem Sala en <em>El c\u00e0stig<\/em> (2020). Un instituto de Sant Andreu: \u00ab\u2013Mama, dame dinero. \u2013Ya te di ayer, Izan. \u2013Necesito m\u00e1s. \u2013\u00bfPa qu\u00e9? \u2013Pa cortarme el pelo. \u2013No te hagas cosas raras. \u2013No, me har\u00e9 cosas guapas. \u2013Uh, \u00bfqu\u00e9 te vas a hacer? \u2013\u00bfSabes el Aar\u00f3n, del Espanyol? \u2013\u00bfDel Espanyol? No es tan grave: de juvenil, el Aar\u00f3n jug\u00f3 en el Sant Andreu. \u2013Uno con una raya aqu\u00ed, as\u00edn. \u2013Pero no te ti\u00f1as, que estropea el pelo. \u2013Solo unas mechas guapas. .\u00bb.<br \/>Impura realidad biling\u00fce frente a la cultura de invernadero, tan pur\u00edsima como artificial. La metr\u00f3poli s\u00ed tiene que quien la escriba.<\/p>\n<p>[\/et_pb_text][et_pb_text disabled_on=\u00bboff|off|on\u00bb admin_label=\u00bbText entrada tablet i m\u00f2bil\u00bb _builder_version=\u00bb4.9.0&#8243; _module_preset=\u00bbdefault\u00bb text_font=\u00bbAverta Light||||||||\u00bb header_font=\u00bbAverta regular||||||||\u00bb header_font_size=\u00bb36px\u00bb header_4_font=\u00bbAverta regular||||||||\u00bb header_4_line_height=\u00bb1.2em\u00bb header_font_size_tablet=\u00bb30px\u00bb header_font_size_phone=\u00bb24px\u00bb header_font_size_last_edited=\u00bbon|phone\u00bb]<\/p>\n<p style=\"text-align: justify\">Francisco Candel cierra <em>Los otros catalanes<\/em> con unas redacciones escolares del Polvor\u00ed, Can Clos, Port, SEAT y Can Tunis para un concurso literario intitulado Mi barrio: \u00abYo soy de Barcelona, pero mi barrio es Casa Ant\u00fanez\u00bb, escribe una ni\u00f1a de las barracas &#8216;Jes\u00fas y Mar\u00eda&#8217;, junto al cementerio de Montju\u00efc; \u00abLas personas de mi barrio no est\u00e1n tan bien educadas como las del centro de Barcelona. Pero a pesar de todo me siento orgulloso de vivir en \u00e9l\u00bb, proclama su compa\u00f1ero; \u00abMi barrio es un lugar alegre y apacible&#8230; ahora\u00bb, advierte un ni\u00f1o de los bloques de la SEAT; \u00abVienen muchas veces los pastores a pastar\u00bb, observa otro alumno al referirse al descampado del Asilo de Port&#8230;<br \/>Candel publica Los otros catalanes en 1964 y, un a\u00f1o despu\u00e9s, 1965, Juan Mars\u00e9 gana el Biblioteca Breve con <em>\u00daltimas tardes con Teresa<\/em>. A pesar de las diferencias estil\u00edsticas y de g\u00e9neros, ambos t\u00edtulos ponen de manifiesto el sentimiento de inferioridad \u2014la dificultad de acceder al ascensor social\u2014 del suburbio.<br \/>Desde finales de siglo XX, la literatura metropolitana integra &#8216;les afores&#8217; en lo que denominamos \u00abnovelas de Barcelona\u00bb. A diferencia de los inmigrantes de los a\u00f1os veinte que trabajaron en el metro y en la Exposici\u00f3n, y de los llegados en la posguerra, la biograf\u00eda de las nuevas generaciones deja de ser una novela y aborda con renovada creatividad el &#8216;genius loci&#8217;.<br \/>La periferia ensancha la mirada literaria. Entre los nacidos en los a\u00f1os cuarenta, la <em>Calle Bolivia<\/em> (1999) de Maria Barbal, las casetas del Maresme donde se detiene el bus 70 en el trayecto a Badalona. O el Juli\u00e0 de J\u00f2dar d&#8217;<em>El metall impur<\/em> (premi Sant Jordi 2005): un inmigrante trabaja en la fundici\u00f3n de La Farga, en el Bes\u00f2s. Enmascarado en los protagonistas de <em>Radiacions<\/em> (2011) De J\u00f2dar reflexiona con Enric Juliana sobre la impureza, industrial y tambi\u00e9n perif\u00e9rica, en el ic\u00f3nico puente del Petr\u00f3leo badalonino.<\/p>\n<table class=\" alignright\" style=\"height: 104px;width: 99.9054%;border-collapse: collapse;border-top: 2px solid #000000;border-right-color: #000000;border-bottom-color: #000000;border-left-color: #000000;margin-left: 20px\" cellspacing=\"15\" cellpadding=\"2\">\n<tbody>\n<tr style=\"height: 23px\">\n<td style=\"width: 100%;height: 23px;border: 2px solid #000\">\n<h3 style=\"text-align: center\">\u201cImpura realidad biling\u00fce frente a la cultura de invernadero, tan pur\u00edsima como artificial.\u201d<\/h3>\n<\/td>\n<\/tr>\n<\/tbody>\n<\/table>\n<p>&nbsp;<\/p>\n<p>&nbsp;<\/p>\n<p style=\"text-align: justify\">\n<p>De los nacidos a partir de los sesenta, el David Castillo de <em>No miris enrere<\/em> (2002) contemplando Barcelona desde el refugio antia\u00e9reo del Carmel. Los <em>Paseos con mi madre<\/em> (2011) de Javier P\u00e9rez And\u00fajar con las chimeneas de Sant Adri\u00e0 como skyline proletario. El Nou Barris de Marc Pastor en la distop\u00eda v\u00edrica <em>El a\u00f1o de la plaga<\/em> (2011). El Sant Boi a\u00f1os ochenta de Kiko Amat en <em>Antes del hurac\u00e1n<\/em> (2018), un joven &#8216;fotut&#8217; por el extra\u00f1amiento perif\u00e9rico, mental y cultural: un \u00abdesierto pop\u00bb \u2014en palabras de David Mor\u00e1n\u2014 ajeno al encuadre pol\u00edtico o generacional. La odisea por el Guinard\u00f3 y L&#8217;Hospitalet de Carles Zan\u00f3n en <em>Taxi<\/em> (2017); el Cornell\u00e0 (Ciudad Sat\u00e9lite) de Toni Hill en <em>Tigres de cristal<\/em> (2018); la ronda de Albert Llad\u00f3 por Torre Bar\u00f3 y la Ciutat Meridiana donde vivi\u00f3 los a\u00f1os noventa en <em>La traves\u00eda de las anguilas<\/em> (2020); la evocaci\u00f3n familiar de Hern\u00e1n Migoya en <em>Baricentro<\/em> (2020): el centro comercial pionero que puso Barber\u00e1 del Vall\u00e9s en el mapa.<br \/>Naturaleza y asfalto, fragmentarios matorrales donde pastan ovejas, naves industriales y torres de electricidad. Los \u00abno lugares\u00bb de Marc Aug\u00e9&#8230; En <em>Rodalies<\/em> (premio San Juan, 2004) Toni Sala describe un rodal que remite al Maresme convertido en ciudad dormitorio de la capital: \u00abUna valla met\u00e1lica y baja los separa del asfalto. Sobre el carril, un gran cartel azul, con las letras blancas y grandes, dice: C-34 Barcelona&#8230; \u00ab100<br \/>Frontera entre el mundo rural y el pol\u00edgono de Anna Ballbona en <em>No soc aqu\u00ed<\/em> (premio Anagrama, 2020). Frontera obsesiva: <em>El lunes nos querr\u00e1n<\/em>\u00a0de la marroqu\u00ed Najat el Hachmi (premio Nadal, 2021). Inmigraci\u00f3n y religi\u00f3n. Periferia de la periferia. Bloques de construcci\u00f3n precaria, el r\u00edo, el tren, la carretera&#8230; Y el control pan\u00f3ptico de la vecindad musulmana.<br \/>Esta periferia odia la centralidad barcelonesa y se expresa en castellano o catal\u00e1n, o en las dos lenguas a la vez. Como Guillem Sala en <em>El c\u00e0stig<\/em> (2020). Un instituto de Sant Andreu: \u00ab\u2013Mama, dame dinero. \u2013Ya te di ayer, Izan. \u2013Necesito m\u00e1s. \u2013\u00bfPa qu\u00e9? \u2013Pa cortarme el pelo. \u2013No te hagas cosas raras. \u2013No, me har\u00e9 cosas guapas. \u2013Uh, \u00bfqu\u00e9 te vas a hacer? \u2013\u00bfSabes el Aar\u00f3n, del Espanyol? \u2013\u00bfDel Espanyol? No es tan grave: de juvenil, el Aar\u00f3n jug\u00f3 en el Sant Andreu. \u2013Uno con una raya aqu\u00ed, as\u00edn. \u2013Pero no te ti\u00f1as, que estropea el pelo. \u2013Solo unas mechas guapas. .\u00bb.<br \/>Impura realidad biling\u00fce frente a la cultura de invernadero, tan pur\u00edsima como artificial. La metr\u00f3poli s\u00ed tiene que quien la escriba.<\/p>\n<p>[\/et_pb_text][et_pb_text admin_label=\u00bbShare \u00bb _builder_version=\u00bb4.8.2&#8243; _module_preset=\u00bbdefault\u00bb width=\u00bb26%\u00bb module_alignment=\u00bbleft\u00bb module_alignment_tablet=\u00bbleft\u00bb module_alignment_phone=\u00bbleft\u00bb module_alignment_last_edited=\u00bbon|phone\u00bb border_width_all=\u00bb0px\u00bb]<\/p>\n<table style=\"border-collapse: collapse;width: 0%;height: 22px;border-color: #000000;border: 2px solid\">\n<tbody>\n<tr style=\"height: 22px\">\n<td style=\"width: 11.5332%;height: 22px\">share:<\/td>\n<td style=\"width: 88.4667%;text-align: justify;vertical-align: middle;height: 22px\"><div class=\"sfsi_widget sfsi_shortcode_container\"><div class=\"norm_row sfsi_wDiv \"  style=\"width:200px;text-align:left;\"><div style='width:30px; height:30px;margin-left:10px;margin-bottom:5px; ' class='sfsi_wicons shuffeldiv ' ><div class='inerCnt'><a class=' sficn' data-effect='' target='_blank'  href='' id='sfsiid_twitter_icon' style='width:30px;height:30px;opacity:1;'  ><img data-pin-nopin='true' alt='Twitter' title='Twitter' src='https:\/\/rethinkbcn.cat\/wp-content\/plugins\/ultimate-social-media-icons\/images\/icons_theme\/transparent\/transparent_twitter.png' width='30' height='30' style='' class='sfcm sfsi_wicon ' data-effect=''   \/><\/a><div class=\"sfsi_tool_tip_2 twt_tool_bdr sfsiTlleft\" style=\"opacity:0;z-index:-1;\" id=\"sfsiid_twitter\"><span class=\"bot_arow bot_twt_arow\"><\/span><div class=\"sfsi_inside\"><div  class='icon2'><div class='sf_twiter' style='display: inline-block;vertical-align: middle;width: auto;'>\r\n\t\t\t\t\t\t<a target='_blank' href='https:\/\/twitter.com\/intent\/tweet?text=Hey%2C+check+out+this+cool+site+I+found%3A+www.rethinkbcn.cat+%23Topic+via%40my_twitter_name+https:\/\/rethinkbcn.cat\/es\/wp-json\/wp\/v2\/posts\/10498\/' style='display:inline-block' >\r\n\t\t\t\t\t\t\t<img data-pin-nopin= true class='sfsi_wicon' src='https:\/\/rethinkbcn.cat\/wp-content\/plugins\/ultimate-social-media-icons\/images\/share_icons\/Twitter_Tweet\/en_US_Tweet.svg' alt='Tweet' title='Tweet' >\r\n\t\t\t\t\t\t<\/a>\r\n\t\t\t\t\t<\/div><\/div><\/div><\/div><\/div><\/div><div style='width:30px; height:30px;margin-left:10px;margin-bottom:5px; ' class='sfsi_wicons shuffeldiv ' ><div class='inerCnt'><a class=' sficn' data-effect='' target='_blank'  href='' id='sfsiid_linkedin_icon' style='width:30px;height:30px;opacity:1;'  ><img data-pin-nopin='true' alt='' title='' src='https:\/\/rethinkbcn.cat\/wp-content\/plugins\/ultimate-social-media-icons\/images\/icons_theme\/transparent\/transparent_linkedin.png' width='30' height='30' style='' class='sfcm sfsi_wicon ' data-effect=''   \/><\/a><div class=\"sfsi_tool_tip_2 linkedin_tool_bdr sfsiTlleft\" style=\"opacity:0;z-index:-1;\" id=\"sfsiid_linkedin\"><span class=\"bot_arow bot_linkedin_arow\"><\/span><div class=\"sfsi_inside\"><div  class='icon2'><a target='_blank' href=\"https:\/\/www.linkedin.com\/shareArticle?url=https%3A%2F%2Frethinkbcn.cat%2Fes%2Fwp-json%2Fwp%2Fv2%2Fposts%2F10498%2F\"><img class=\"sfsi_wicon\" data-pin-nopin= true alt=\"Share\" title=\"Share\" src=\"https:\/\/rethinkbcn.cat\/wp-content\/plugins\/ultimate-social-media-icons\/images\/share_icons\/Linkedin_Share\/en_US_share.svg\" \/><\/a><\/div><\/div><\/div><\/div><\/div><div style='width:30px; height:30px;margin-left:10px;margin-bottom:5px; ' class='sfsi_wicons shuffeldiv ' ><div class='inerCnt'><a class=' sficn' data-effect='' target='_blank'  href='https:\/\/api.whatsapp.com\/send?text=https:\/\/rethinkbcn.cat\/es\/sergi-doria-la-metropoli-si-que-tiene-quien-la-escriba\/' id='sfsiid_whatsapp_icon' style='width:30px;height:30px;opacity:1;'  ><img data-pin-nopin='true' alt='' title='' src='https:\/\/rethinkbcn.cat\/wp-content\/plugins\/ultimate-social-media-icons\/images\/icons_theme\/transparent\/transparent_whatsapp.png' width='30' height='30' style='' class='sfcm sfsi_wicon ' data-effect=''   \/><\/a><\/div><\/div><div style='width:30px; height:30px;margin-left:10px;margin-bottom:5px; ' class='sfsi_wicons shuffeldiv ' ><div class='inerCnt'><a class=' sficn' data-effect='' target='_blank'  href='https:\/\/api.follow.it\/widgets\/icon\/VUlqbFQ4d1I5d05jbFdNRWdXaThSK0Vza3RBcDZrT3Y4akNldzhxUVBmUFNjQ3dlUnpnQVphRFVNcm40SXZGaFczK01jOFF0SExaMGNIWi9BZy96S2MydkgzaDNWWFBjYU9MbjY5M3lUcjVLYU5TN3NOaEs3VmJ4bytROHI4b1d8eEV6SFU5OTFjQ1B0YkRJNkEzUlJEbEhIWVRkZGM0b0FRTEQyRDlyb2o2UT0=\/OA==\/' id='sfsiid_email_icon' style='width:30px;height:30px;opacity:1;'  ><img data-pin-nopin='true' alt='Follow by Email' title='Follow by Email' src='https:\/\/rethinkbcn.cat\/wp-content\/plugins\/ultimate-social-media-icons\/images\/icons_theme\/transparent\/transparent_email.png' width='30' height='30' style='' class='sfcm sfsi_wicon ' data-effect=''   \/><\/a><\/div><\/div><\/div ><div id=\"sfsi_holder\" class=\"sfsi_holders\" style=\"position: relative; float: left;width:100%;z-index:-1;\"><\/div ><script>window.addEventListener(\"sfsi_functions_loaded\", function() \r\n\t\t\t{\r\n\t\t\t\tif (typeof sfsi_widget_set == \"function\") {\r\n\t\t\t\t\tsfsi_widget_set();\r\n\t\t\t\t}\r\n\t\t\t}); <\/script><div style=\"clear: both;\"><\/div><\/div><\/td>\n<\/tr>\n<\/tbody>\n<\/table>\n<p>[\/et_pb_text][\/et_pb_column][\/et_pb_row][\/et_pb_section][et_pb_section fb_built=\u00bb1&#8243; fullwidth=\u00bbon\u00bb _builder_version=\u00bb4.8.2&#8243; _module_preset=\u00bbdefault\u00bb da_disable_devices=\u00bboff|off|off\u00bb border_width_bottom=\u00bb2px\u00bb da_is_popup=\u00bboff\u00bb da_exit_intent=\u00bboff\u00bb da_has_close=\u00bbon\u00bb da_alt_close=\u00bboff\u00bb da_dark_close=\u00bboff\u00bb da_not_modal=\u00bbon\u00bb da_is_singular=\u00bboff\u00bb da_with_loader=\u00bboff\u00bb da_has_shadow=\u00bbon\u00bb][et_pb_fullwidth_code admin_label=\u00bbRatlla horitzontal\u00bb _builder_version=\u00bb4.8.2&#8243; _module_preset=\u00bbdefault\u00bb][\/et_pb_fullwidth_code][\/et_pb_section][et_pb_section fb_built=\u00bb1&#8243; _builder_version=\u00bb4.8.2&#8243; _module_preset=\u00bbdefault\u00bb custom_margin=\u00bb||-30px||false|false\u00bb custom_margin_tablet=\u00bb||-90px||false|false\u00bb custom_margin_phone=\u00bb||-80px||false|false\u00bb custom_margin_last_edited=\u00bbon|phone\u00bb da_disable_devices=\u00bboff|off|off\u00bb da_is_popup=\u00bboff\u00bb da_exit_intent=\u00bboff\u00bb da_has_close=\u00bbon\u00bb da_alt_close=\u00bboff\u00bb da_dark_close=\u00bboff\u00bb da_not_modal=\u00bbon\u00bb da_is_singular=\u00bboff\u00bb da_with_loader=\u00bboff\u00bb da_has_shadow=\u00bbon\u00bb][et_pb_row _builder_version=\u00bb4.8.2&#8243; _module_preset=\u00bbdefault\u00bb][et_pb_column type=\u00bb4_4&#8243; _builder_version=\u00bb4.8.2&#8243; _module_preset=\u00bbdefault\u00bb][et_pb_text admin_label=\u00bbAltres articles\u00bb _builder_version=\u00bb4.9.0&#8243; _module_preset=\u00bbdefault\u00bb]<\/p>\n<h3>ALTRES ARTICLES<\/h3>\n<p><div class='yarpp yarpp-related yarpp-related-shortcode yarpp-template-thumbnails'>\n<!-- YARPP Thumbnails -->\n<h3><\/h3>\n<div class=\"yarpp-thumbnails-horizontal\">\n<a class='yarpp-thumbnail' rel='norewrite' href='https:\/\/rethinkbcn.cat\/es\/lluis-deulofeu-la-pandemia-habria-sido-inimaginable-sin-las-telecomunicaciones\/' title='LLU\u00cdS DEULOFEU: \u00abLA PANDEMIA HABR\u00cdA SIDO INIMAGINABLE DE AFRONTAR SIN LAS TELECOMUNICACIONES\u00bb'>\n<img width=\"117\" height=\"120\" src=\"https:\/\/rethinkbcn.cat\/wp-content\/uploads\/2021\/01\/barcelona-metropolism.jpg\" class=\"attachment-yarpp-thumbnail size-yarpp-thumbnail wp-post-image\" alt=\"\" loading=\"lazy\" data-pin-nopin=\"true\" \/><span class=\"yarpp-thumbnail-title\">LLU\u00cdS DEULOFEU: \u00abLA PANDEMIA HABR\u00cdA SIDO INIMAGINABLE DE AFRONTAR SIN LAS TELECOMUNICACIONES\u00bb<\/span><\/a>\n<a class='yarpp-thumbnail' rel='norewrite' href='https:\/\/rethinkbcn.cat\/es\/cuatro-miradas-sobre-la-metropolis\/' title='CUATRO MIRADAS SOBRE LA METR\u00d3POLIS'>\n<img width=\"117\" height=\"120\" src=\"https:\/\/rethinkbcn.cat\/wp-content\/uploads\/2021\/01\/barcelona-metropolism.jpg\" class=\"attachment-yarpp-thumbnail size-yarpp-thumbnail wp-post-image\" alt=\"\" loading=\"lazy\" data-pin-nopin=\"true\" \/><span class=\"yarpp-thumbnail-title\">CUATRO MIRADAS SOBRE LA METR\u00d3POLIS<\/span><\/a>\n<a class='yarpp-thumbnail' rel='norewrite' href='https:\/\/rethinkbcn.cat\/es\/tendencias-aeroportuarias-la-question-de-la-ampliacion-del-prat\/' title='JOSEP ACEBILLO: TENDENCIAS AEROPORTUARIAS'>\n<img width=\"117\" height=\"120\" src=\"https:\/\/rethinkbcn.cat\/wp-content\/uploads\/2021\/01\/barcelona-metropolism.jpg\" class=\"attachment-yarpp-thumbnail size-yarpp-thumbnail wp-post-image\" alt=\"\" loading=\"lazy\" data-pin-nopin=\"true\" \/><span class=\"yarpp-thumbnail-title\">JOSEP ACEBILLO: TENDENCIAS AEROPORTUARIAS<\/span><\/a>\n<a class='yarpp-thumbnail' rel='norewrite' href='https:\/\/rethinkbcn.cat\/es\/josep-acebillo-la-gran-incongruencia-que-supone-la-aplicacion-de-las-superislas-en-el-eixample-proviene-de-la-especificidad-de-su-conceptualitzacion\/' title='JOSEP ACEBILLO: \u00abLA GRAN INCONGRUENCIA QUE SUPONE LA APLICACI\u00d3N DE LAS SUPERISLAS PROVIENE DE LA ESPECIFICIDAD DE SU CONCEPTUALITZACI\u00d3N\u00bb'>\n<img width=\"117\" height=\"120\" src=\"https:\/\/rethinkbcn.cat\/wp-content\/uploads\/2021\/01\/progesm.jpg\" class=\"attachment-yarpp-thumbnail size-yarpp-thumbnail wp-post-image\" alt=\"\" loading=\"lazy\" data-pin-nopin=\"true\" \/><span class=\"yarpp-thumbnail-title\">JOSEP ACEBILLO: \u00abLA GRAN INCONGRUENCIA QUE SUPONE LA APLICACI\u00d3N DE LAS SUPERISLAS PROVIENE DE LA ESPECIFICIDAD DE SU CONCEPTUALITZACI\u00d3N\u00bb<\/span><\/a>\n<\/div>\n<\/div>\n[\/et_pb_text][\/et_pb_column][\/et_pb_row][\/et_pb_section][et_pb_section fb_built=\u00bb1&#8243; fullwidth=\u00bbon\u00bb disabled_on=\u00bbon|on|on\u00bb _builder_version=\u00bb4.8.2&#8243; _module_preset=\u00bbdefault\u00bb custom_margin_tablet=\u00bb-70px||||false|false\u00bb custom_margin_phone=\u00bb\u00bb custom_margin_last_edited=\u00bbon|tablet\u00bb da_disable_devices=\u00bboff|off|off\u00bb border_width_bottom=\u00bb2px\u00bb disabled=\u00bbon\u00bb da_is_popup=\u00bboff\u00bb da_exit_intent=\u00bboff\u00bb da_has_close=\u00bbon\u00bb da_alt_close=\u00bboff\u00bb da_dark_close=\u00bboff\u00bb da_not_modal=\u00bbon\u00bb da_is_singular=\u00bboff\u00bb da_with_loader=\u00bboff\u00bb da_has_shadow=\u00bbon\u00bb][et_pb_fullwidth_code admin_label=\u00bbRatlla horitzontal\u00bb _builder_version=\u00bb4.8.2&#8243; _module_preset=\u00bbdefault\u00bb][\/et_pb_fullwidth_code][\/et_pb_section][et_pb_section fb_built=\u00bb1&#8243; disabled_on=\u00bbon|on|on\u00bb _builder_version=\u00bb4.8.2&#8243; _module_preset=\u00bbdefault\u00bb da_disable_devices=\u00bboff|off|off\u00bb disabled=\u00bbon\u00bb da_is_popup=\u00bboff\u00bb da_exit_intent=\u00bboff\u00bb da_has_close=\u00bbon\u00bb da_alt_close=\u00bboff\u00bb da_dark_close=\u00bboff\u00bb da_not_modal=\u00bbon\u00bb da_is_singular=\u00bboff\u00bb da_with_loader=\u00bboff\u00bb da_has_shadow=\u00bbon\u00bb][et_pb_row _builder_version=\u00bb4.8.2&#8243; _module_preset=\u00bbdefault\u00bb][et_pb_column type=\u00bb4_4&#8243; _builder_version=\u00bb4.8.2&#8243; _module_preset=\u00bbdefault\u00bb][et_pb_text admin_label=\u00bbText %22Veure tots els cicles%22&#8243; _builder_version=\u00bb4.8.2&#8243; _module_preset=\u00bbdefault\u00bb]<\/p>\n<h3>VEURE TOTS ELS CICLES<\/h3>\n<p>[\/et_pb_text][\/et_pb_column][\/et_pb_row][et_pb_row column_structure=\u00bb1_3,1_3,1_3&#8243; disabled_on=\u00bboff|on|off\u00bb _builder_version=\u00bb4.8.2&#8243; _module_preset=\u00bbdefault\u00bb width_tablet=\u00bb50%\u00bb width_phone=\u00bb70%\u00bb width_last_edited=\u00bbon|phone\u00bb module_alignment=\u00bbcenter\u00bb][et_pb_column type=\u00bb1_3&#8243; _builder_version=\u00bb4.8.2&#8243; _module_preset=\u00bbdefault\u00bb][et_pb_image src=\u00bbhttps:\/\/rethinkbcn.cat\/wp-content\/uploads\/2021\/02\/caixa-1b.jpg\u00bb title_text=\u00bbcaixa-1b\u00bb url=\u00bb\/category\/cicle-1\/\u00bb align=\u00bbcenter\u00bb admin_label=\u00bbCicles per escriptori i m\u00f2bil\u00bb _builder_version=\u00bb4.8.2&#8243; _module_preset=\u00bbdefault\u00bb module_alignment=\u00bbcenter\u00bb][\/et_pb_image][\/et_pb_column][et_pb_column type=\u00bb1_3&#8243; _builder_version=\u00bb4.8.2&#8243; _module_preset=\u00bbdefault\u00bb][et_pb_image src=\u00bbhttps:\/\/rethinkbcn.cat\/wp-content\/uploads\/2021\/02\/caixa-2b.jpg\u00bb title_text=\u00bbcaixa-2b\u00bb align=\u00bbcenter\u00bb _builder_version=\u00bb4.8.2&#8243; _module_preset=\u00bbdefault\u00bb][\/et_pb_image][\/et_pb_column][et_pb_column type=\u00bb1_3&#8243; _builder_version=\u00bb4.8.2&#8243; _module_preset=\u00bbdefault\u00bb][et_pb_image src=\u00bbhttps:\/\/rethinkbcn.cat\/wp-content\/uploads\/2021\/02\/caixa-3b.jpg\u00bb title_text=\u00bbcaixa-3b\u00bb align=\u00bbcenter\u00bb _builder_version=\u00bb4.8.2&#8243; _module_preset=\u00bbdefault\u00bb][\/et_pb_image][\/et_pb_column][\/et_pb_row][et_pb_row column_structure=\u00bb1_3,1_3,1_3&#8243; disabled_on=\u00bbon|off|on\u00bb _builder_version=\u00bb4.8.2&#8243; _module_preset=\u00bbdefault\u00bb width=\u00bb100%\u00bb width_tablet=\u00bb90%\u00bb width_phone=\u00bb70%\u00bb width_last_edited=\u00bbon|tablet\u00bb module_alignment=\u00bbcenter\u00bb custom_margin=\u00bb||-20px||false|false\u00bb][et_pb_column type=\u00bb1_3&#8243; _builder_version=\u00bb4.8.2&#8243; _module_preset=\u00bbdefault\u00bb custom_css_main_element=\u00bbwidth: 33%!important;\u00bb][et_pb_image src=\u00bbhttps:\/\/rethinkbcn.cat\/wp-content\/uploads\/2021\/02\/caixa-1b.jpg\u00bb title_text=\u00bbcaixa-1b\u00bb url=\u00bb\/category\/cicle-1\/\u00bb align=\u00bbcenter\u00bb admin_label=\u00bbCicles per a tablet\u00bb _builder_version=\u00bb4.8.2&#8243; _module_preset=\u00bbdefault\u00bb module_alignment=\u00bbcenter\u00bb][\/et_pb_image][\/et_pb_column][et_pb_column type=\u00bb1_3&#8243; _builder_version=\u00bb4.8.2&#8243; _module_preset=\u00bbdefault\u00bb custom_css_main_element=\u00bbwidth: 33%!important;\u00bb][et_pb_image src=\u00bbhttps:\/\/rethinkbcn.cat\/wp-content\/uploads\/2021\/02\/caixa-2b.jpg\u00bb title_text=\u00bbcaixa-2b\u00bb align=\u00bbcenter\u00bb _builder_version=\u00bb4.8.2&#8243; _module_preset=\u00bbdefault\u00bb][\/et_pb_image][\/et_pb_column][et_pb_column type=\u00bb1_3&#8243; _builder_version=\u00bb4.8.2&#8243; _module_preset=\u00bbdefault\u00bb custom_css_main_element=\u00bbwidth: 33%!important;\u00bb][et_pb_image src=\u00bbhttps:\/\/rethinkbcn.cat\/wp-content\/uploads\/2021\/02\/caixa-3b.jpg\u00bb title_text=\u00bbcaixa-3b\u00bb align=\u00bbcenter\u00bb _builder_version=\u00bb4.8.2&#8243; _module_preset=\u00bbdefault\u00bb][\/et_pb_image][\/et_pb_column][\/et_pb_row][\/et_pb_section]<\/p>\n","protected":false},"excerpt":{"rendered":"<p>El periodista cultural Sergi Doria repasa los diferentes escritores que se han inspirado en la ciudad para construir sus obras literarias.<br \/>\n&#8211;<\/p>\n","protected":false},"author":3,"featured_media":4842,"comment_status":"open","ping_status":"open","sticky":false,"template":"","format":"standard","meta":{"_et_pb_use_builder":"on","_et_pb_old_content":"[et_pb_section fb_built=\"1\" disabled_on=\"off|off|off\" _builder_version=\"4.8.2\" _module_preset=\"default\" custom_margin=\"||||false|false\" da_disable_devices=\"off|off|off\" da_is_popup=\"off\" da_exit_intent=\"off\" da_has_close=\"on\" da_alt_close=\"off\" da_dark_close=\"off\" da_not_modal=\"on\" da_is_singular=\"off\" da_with_loader=\"off\" da_has_shadow=\"on\"][et_pb_row _builder_version=\"4.9.0\" _module_preset=\"default\"][et_pb_column type=\"4_4\" _builder_version=\"4.8.1\" _module_preset=\"default\"][et_pb_text admin_label=\"Titular entrada\" _builder_version=\"4.9.0\" _module_preset=\"default\" text_font=\"Averta Light||||||||\" header_font_size=\"36px\" header_4_font=\"Averta regular||||||||\" header_4_font_size=\"20px\" header_4_line_height=\"1.6em\" header_5_line_height=\"1.6em\" header_6_font=\"Averta regular||||||||\" header_6_font_size=\"16px\" header_6_line_height=\"1.2em\" header_font_size_tablet=\"30px\" header_font_size_phone=\"24px\" header_font_size_last_edited=\"on|phone\" header_6_font_size_tablet=\"\" header_6_font_size_phone=\"16px\" header_6_font_size_last_edited=\"on|phone\"]<h1 style=\"text-align: center; padding-left: 40px;\">LA METR\u00d2POLI S\u00cd QUE T\u00c9 QUI L'ESCRIGUI<\/h1>\r\n<div style=\"text-align: center;\">\r\n<p>El periodista cultural Sergi Doria repassa els diferents escriptors que s'han inspirat en la ciutat per confegir les seves obres liter\u00e0ries.<\/p>\r\n<\/div>[\/et_pb_text][et_pb_image src=\"https:\/\/rethink.mtconsulting.es\/wp-content\/uploads\/2021\/02\/Gonzalo-Goytisolo-Gil_-La-font-magica-scaled.jpg\" title_text=\"Gonzalo-Goytisolo-Gil_--La-font-magica\" admin_label=\"Imatge entrada\" _builder_version=\"4.8.2\" _module_preset=\"default\"][\/et_pb_image][et_pb_text disabled_on=\"on|on|off\" admin_label=\"Text entrada escriptori\" _builder_version=\"4.9.0\" _module_preset=\"default\" text_font=\"Averta Light||||||||\" header_font_size=\"36px\" header_4_font=\"Averta regular||||||||\" header_4_font_size=\"20px\" header_4_line_height=\"1.6em\" header_5_line_height=\"1.6em\" header_6_font=\"Averta regular||||||||\" header_6_font_size=\"16px\" header_6_line_height=\"1.5em\" hover_enabled=\"0\" header_font_size_tablet=\"30px\" header_font_size_phone=\"24px\" header_font_size_last_edited=\"on|phone\" header_6_font_size_tablet=\"\" header_6_font_size_phone=\"14px\" header_6_font_size_last_edited=\"on|phone\" sticky_enabled=\"0\"]<p style=\"text-align: justify;\">Per\u00a0<strong>Sergi D\u00f2ria<\/strong><\/p>\r\n<p style=\"text-align: justify;\">Francisco Candel clou <em>Els altres catalans<\/em> amb unes redaccions escolars del Polvor\u00ed, Can Clos, Port, SEAT i Can Tunis per a un concurs literari intitulat Mi barrio: \u201cYo soy de Barcelona, pero mi barrio es Casa Ant\u00fanez\u201d, escriu una nena de les barraques \u2018Jes\u00fas y Mar\u00eda\u2019, a tocar del cementiri de Montju\u00efc; \u201cLas personas de mi barrio no est\u00e1n tan bien educadas como las del centro de Barcelona. Pero a pesar de todo me siento orgulloso de vivir en \u00e9l\u201d, proclama el seu company; \u201cMi barrio es un lugar alegre y apacible... hasta ahora\u201d, adverteix un nen dels blocs de la SEAT; \u201cVienen muchas veces los pastores a pasturar\u201d, observa un altre educand en referir-se al descampat de l\u2019Asil de Port...<br \/>Candel publica <em>Els altres catalans<\/em> el 1964 i, un any despr\u00e9s, 1965, Juan Mars\u00e9 guanya el Biblioteca Breve amb <em>\u00daltimas tardes con Teresa<\/em>. Tot i les difer\u00e8ncies estil\u00edstiques i de g\u00e8neres, ambd\u00f3s t\u00edtols fan pal\u00e8s el sentiment d\u2019inferioritat \u2014la dificultat d\u2019accedir a l\u2019ascensor social\u2014 del suburbi.<br \/>Des de finals de segle XX, la literatura metropolitana integra \u2018les afores\u2019 en el que denominem \u201cnovel.les de Barcelona\u201d. A difer\u00e8ncia dels immigrants dels \u00a0anys vint que treballaren al metro i a l\u2019Exposici\u00f3, i dels arribats a la postguerra, la biografia de les noves generacions deixa de ser una baula i aborda amb renovada creativitat el \u2018genius loci\u2019.<br \/>La perif\u00e8ria eixampla la mirada liter\u00e0ria. Entre els nascuts els anys quaranta, el <em>Carrer Bol\u00edvia<\/em> (1999) de Maria Barbal, les casetes del Maresme on s\u2019atura el bus 70 en el trajecte a Badalona. O el Juli\u00e0 de J\u00f2dar d\u2019<em>El metall impur<\/em> (premi Sant Jordi 2005): immigrant treballa a la foneria de La Farga, al Bes\u00f2s. Emmascarat en els protagonistes de <em>Radiacions<\/em> (2011) De J\u00f2dar reflexiona amb Enric Juliana de la impuresa, industrial i tamb\u00e9 perif\u00e8rica, a l\u2019ic\u00f2nic Pont del Petroli badalon\u00ed.<\/p>\r\n<table class=\" alignright\" style=\"height: 123px; width: 24.515503875968992%; border-collapse: collapse; border-top-width: 2px; border-top-style: solid; border-color: #000000; margin-left: 20px;\" cellspacing=\"15\" cellpadding=\"2\">\r\n<tbody>\r\n<tr style=\"height: 23px;\">\r\n<td style=\"width: 100%; height: 23px; border: 2px solid #000;\">\r\n<h3>\"Impura realitat biling\u00fce enfront la cultura d\u2019hivernacle, tan pur\u00edssima com artificial.\"<\/h3>\r\n<\/td>\r\n<\/tr>\r\n<\/tbody>\r\n<\/table>\r\n<p>Dels nascuts d\u2019en\u00e7\u00e0 dels seixanta, el David Castillo de <em>No miris enrere<\/em> (2002) contempla Barcelona des de l\u2019antiaeri del Carmel. Els <em>Paseos con mi madre<\/em> (2011) de Javier P\u00e9rez And\u00fajar amb les xemen\u00e8ies de Sant Adri\u00e0 com a skyline proletari. El <em>Nou Barris<\/em> de Marc Pastor a la dist\u00f2pia v\u00edrica <em>L\u2019any de la plaga<\/em> (2011). El Sant Boi anys vuitanta de Kiko Amat a <em>Antes del hurac\u00e1n<\/em> (2018), un jove \u2018fotut\u2019 per l\u2019estranyament perif\u00e8ric, mental i cultural: un \u201cdesert pop\u201d \u2014en paraules de David Mor\u00e1n\u2014 ali\u00e8 a l\u2019enquadrament pol\u00edtic o generacional. L\u2019odissea pel Guinard\u00f3 i l\u2019Hospitalet de Carles Zan\u00f3n a <em>Taxi<\/em> (2017); la Cornell\u00e0 (Ciudad Sat\u00e9lite) de Toni Hill a <em>Tigres de cristal<\/em> (2018); la ronda d\u2019Albert Llad\u00f3 per Torre Bar\u00f3 i la Ciutat Meridiana on va viure els anys noranta a <em>La traves\u00eda de las anguilas<\/em> (2020); l\u2019evocaci\u00f3 familiar de Hern\u00e1n Migoya a <em>Baricentro<\/em> (2020): el centre comercial pioner que va posar al mapa Barber\u00e0 del Vall\u00e9s.<br \/>Natura i asfalt, fragmentaris matolls on pasturen ovelles, naus industrials i torres d\u2019electricitat. Els \u201cno llocs\u201d de Marc Aug\u00e9... A <em>Rodalies<\/em> (premi Sant Joan, 2004) Toni Sala descriu un rodal que remet al Maresme esdevingut ciutat dormitori de la capital: \u201cUna tanca met\u00e0l.lica i baixa els separa de l\u2019asfalt. Sobre el carril, un gran cartell blau, amb les lletres blanques i grosses, diu : C-34 Barcelona...\u201d<br \/>Frontera entre el m\u00f3n rural i el pol\u00edgon d\u2019Anna Ballbona a <em>No s\u00f3c aqu\u00ed<\/em> (premi Anagrama, 2020). Frontera obsessiva: <em>Dilluns ens estimaran<\/em> de la marroquina Najat el Hachmi (premi Nadal, 2021). Immigraci\u00f3 i religi\u00f3. Perif\u00e8ria de la perif\u00e8ria. Blocs de construcci\u00f3 prec\u00e0ria, el riu, el tren, la carretera... I el control pan\u00f2ptic del ve\u00efnatge musulm\u00e0.<br \/>Aquesta perif\u00e8ria esdevinguda centralitat barcelonina s\u2019expressa en castell\u00e0 o catal\u00e0, o les dues lleng\u00fces a l\u2019hora. Com Guillem Sala a <em>El c\u00e0stig<\/em> (2020). Un institut de Sant Andreu: \u201c\u2013Mama, dame dinero. \u2013Ya te di ayer, Izan. \u2013Necesito m\u00e1s. \u2013\u00bfPa qu\u00e9? \u2013Pa cortarme el pelo. \u2013No te hagas cosas raras. \u2013No, me har\u00e9 cosas guapas. \u2013Uh, \u00bfqu\u00e9 te vas a hacer? \u2013\u00bfSabes el Aar\u00f3n, del Espanyol? \u2013\u00bfDel Espanyol? No \u00e9s tan greu: de juvenil, l\u2019Aar\u00f3n va jugar al Sant Andreu. \u2013Uno con una raya aqu\u00ed, as\u00edn. \u2013Pero no te ti\u00f1as, que estropea el pelo. \u2013Solo unas mechas guapas...\u201d<br \/>Impura realitat biling\u00fce enfront la cultura d\u2019hivernacle, tan pur\u00edssima com artificial. La metr\u00f2poli s\u00ed que t\u00e9 qui l\u2019escrigui.<\/p>[\/et_pb_text][et_pb_text disabled_on=\"off|off|on\" admin_label=\"Text entrada tablet i m\u00f2bil\" _builder_version=\"4.9.0\" _module_preset=\"default\" text_font=\"Averta Light||||||||\" header_font=\"Averta regular||||||||\" header_font_size=\"36px\" header_4_font=\"Averta regular||||||||\" header_4_line_height=\"1.2em\" hover_enabled=\"0\" header_font_size_tablet=\"30px\" header_font_size_phone=\"24px\" header_font_size_last_edited=\"on|phone\" sticky_enabled=\"0\"]<p style=\"text-align: justify;\">Per\u00a0<strong>Sergi D\u00f2ria<\/strong><\/p>\r\n<p style=\"text-align: justify;\">Francisco Candel clou <em>Els altres catalans<\/em> amb unes redaccions escolars del Polvor\u00ed, Can Clos, Port, SEAT i Can Tunis per a un concurs literari intitulat Mi barrio: \u201cYo soy de Barcelona, pero mi barrio es Casa Ant\u00fanez\u201d, escriu una nena de les barraques \u2018Jes\u00fas y Mar\u00eda\u2019, a tocar del cementiri de Montju\u00efc; \u201cLas personas de mi barrio no est\u00e1n tan bien educadas como las del centro de Barcelona. Pero a pesar de todo me siento orgulloso de vivir en \u00e9l\u201d, proclama el seu company; \u201cMi barrio es un lugar alegre y apacible... hasta ahora\u201d, adverteix un nen dels blocs de la SEAT; \u201cVienen muchas veces los pastores a pasturar\u201d, observa un altre educand en referir-se al descampat de l\u2019Asil de Port...\r\nCandel publica <em>Els altres catalans<\/em> el 1964 i, un any despr\u00e9s, 1965, Juan Mars\u00e9 guanya el Biblioteca Breve amb <em>\u00daltimas tardes con Teresa<\/em>. Tot i les difer\u00e8ncies estil\u00edstiques i de g\u00e8neres, ambd\u00f3s t\u00edtols fan pal\u00e8s el sentiment d\u2019inferioritat \u2014la dificultat d\u2019accedir a l\u2019ascensor social\u2014 del suburbi.\r\nDes de finals de segle XX, la literatura metropolitana integra \u2018les afores\u2019 en el que denominem \u201cnovel.les de Barcelona\u201d. A difer\u00e8ncia dels immigrants dels \u00a0anys vint que treballaren al metro i a l\u2019Exposici\u00f3, i dels arribats a la postguerra, la biografia de les noves generacions deixa de ser una baula i aborda amb renovada creativitat el \u2018genius loci\u2019.\r\nLa perif\u00e8ria eixampla la mirada liter\u00e0ria. Entre els nascuts els anys quaranta, el <em>Carrer Bol\u00edvia<\/em> (1999) de Maria Barbal, les casetes del Maresme on s\u2019atura el bus 70 en el trajecte a Badalona. O el Juli\u00e0 de J\u00f2dar d\u2019<em>El metall impur<\/em> (premi Sant Jordi 2005): immigrant treballa a la foneria de La Farga, al Bes\u00f2s. Emmascarat en els protagonistes de <em>Radiacions<\/em> (2011) De J\u00f2dar reflexiona amb Enric Juliana de la impuresa, industrial i tamb\u00e9 perif\u00e8rica, a l\u2019ic\u00f2nic Pont del Petroli badalon\u00ed.<\/p>\r\n\r\n<table class=\" alignright\" style=\"height: 104px; width: 99.9054%; border-collapse: collapse; border-top: 2px solid #000000; border-right-color: #000000; border-bottom-color: #000000; border-left-color: #000000; margin-left: 20px;\" cellspacing=\"15\" cellpadding=\"2\">\r\n<tbody>\r\n<tr style=\"height: 23px;\">\r\n<td style=\"width: 100%; height: 23px; border: 2px solid #000;\">\r\n<h3 style=\"text-align: center;\">\u201cImpura realitat biling\u00fce enfront la cultura d\u2019hivernacle, tan pur\u00edssima com artificial.\u201d<\/h3>\r\n<\/td>\r\n<\/tr>\r\n<\/tbody>\r\n<\/table>\r\n<p>\u00a0<\/p>\r\n<p>\u00a0<\/p>\r\nDels nascuts d\u2019en\u00e7\u00e0 dels seixanta, el David Castillo de <em>No miris enrere<\/em> (2002) contempla Barcelona des de l\u2019antiaeri del Carmel. Els <em>Paseos con mi madre<\/em> (2011) de Javier P\u00e9rez And\u00fajar amb les xemen\u00e8ies de Sant Adri\u00e0 com a skyline proletari. El <em>Nou Barris<\/em> de Marc Pastor a la dist\u00f2pia v\u00edrica <em>L\u2019any de la plaga<\/em> (2011). El Sant Boi anys vuitanta de Kiko Amat a <em>Antes del hurac\u00e1n<\/em> (2018), un jove \u2018fotut\u2019 per l\u2019estranyament perif\u00e8ric, mental i cultural: un \u201cdesert pop\u201d \u2014en paraules de David Mor\u00e1n\u2014 ali\u00e8 a l\u2019enquadrament pol\u00edtic o generacional. L\u2019odissea pel Guinard\u00f3 i l\u2019Hospitalet de Carles Zan\u00f3n a <em>Taxi<\/em> (2017); la Cornell\u00e0 (Ciudad Sat\u00e9lite) de Toni Hill a <em>Tigres de cristal<\/em> (2018); la ronda d\u2019Albert Llad\u00f3 per Torre Bar\u00f3 i la Ciutat Meridiana on va viure els anys noranta a <em>La traves\u00eda de las anguilas<\/em> (2020); l\u2019evocaci\u00f3 familiar de Hern\u00e1n Migoya a <em>Baricentro<\/em> (2020): el centre comercial pioner que va posar al mapa Barber\u00e0 del Vall\u00e9s.\r\nNatura i asfalt, fragmentaris matolls on pasturen ovelles, naus industrials i torres d\u2019electricitat. Els \u201cno llocs\u201d de Marc Aug\u00e9... A <em>Rodalies<\/em> (premi Sant Joan, 2004) Toni Sala descriu un rodal que remet al Maresme esdevingut ciutat dormitori de la capital: \u201cUna tanca met\u00e0l.lica i baixa els separa de l\u2019asfalt. Sobre el carril, un gran cartell blau, amb les lletres blanques i grosses, diu : C-34 Barcelona...\u201d\r\nFrontera entre el m\u00f3n rural i el pol\u00edgon d\u2019Anna Ballbona a <em>No s\u00f3c aqu\u00ed<\/em> (premi Anagrama, 2020). Frontera obsessiva: <em>Dilluns ens estimaran<\/em> de la marroquina Najat el Hachmi (premi Nadal, 2021). Immigraci\u00f3 i religi\u00f3. Perif\u00e8ria de la perif\u00e8ria. Blocs de construcci\u00f3 prec\u00e0ria, el riu, el tren, la carretera... I el control pan\u00f2ptic del ve\u00efnatge musulm\u00e0.\r\nAquesta perif\u00e8ria esdevinguda centralitat barcelonina s\u2019expressa en castell\u00e0 o catal\u00e0, o les dues lleng\u00fces a l\u2019hora. Com Guillem Sala a <em>El c\u00e0stig<\/em> (2020). Un institut de Sant Andreu: \u201c\u2013Mama, dame dinero. \u2013Ya te di ayer, Izan. \u2013Necesito m\u00e1s. \u2013\u00bfPa qu\u00e9? \u2013Pa cortarme el pelo. \u2013No te hagas cosas raras. \u2013No, me har\u00e9 cosas guapas. \u2013Uh, \u00bfqu\u00e9 te vas a hacer? \u2013\u00bfSabes el Aar\u00f3n, del Espanyol? \u2013\u00bfDel Espanyol? No \u00e9s tan greu: de juvenil, l\u2019Aar\u00f3n va jugar al Sant Andreu. \u2013Uno con una raya aqu\u00ed, as\u00edn. \u2013Pero no te ti\u00f1as, que estropea el pelo. \u2013Solo unas mechas guapas...\u201d\r\nImpura realitat biling\u00fce enfront la cultura d\u2019hivernacle, tan pur\u00edssima com artificial. La metr\u00f2poli s\u00ed que t\u00e9 qui l\u2019escrigui.\r\n\r\n[\/et_pb_text][et_pb_text admin_label=\"Share \" _builder_version=\"4.8.2\" _module_preset=\"default\" width=\"26%\" module_alignment=\"left\" module_alignment_tablet=\"left\" module_alignment_phone=\"left\" module_alignment_last_edited=\"on|phone\" border_width_all=\"0px\"]<table style=\"border-collapse: collapse;width: 0%;height: 22px;border-color: #000000;border: 2px solid\">\r\n<tbody>\r\n<tr style=\"height: 22px\">\r\n<td style=\"width: 11.5332%;height: 22px\">share:<\/td>\r\n<td style=\"width: 88.4667%;text-align: justify;vertical-align: middle;height: 22px\">[DISPLAY_ULTIMATE_SOCIAL_ICONS]<\/td>\r\n<\/tr>\r\n<\/tbody>\r\n<\/table>\r\n[\/et_pb_text][\/et_pb_column][\/et_pb_row][\/et_pb_section][et_pb_section fb_built=\"1\" fullwidth=\"on\" _builder_version=\"4.8.2\" _module_preset=\"default\" da_disable_devices=\"off|off|off\" border_width_bottom=\"2px\" da_is_popup=\"off\" da_exit_intent=\"off\" da_has_close=\"on\" da_alt_close=\"off\" da_dark_close=\"off\" da_not_modal=\"on\" da_is_singular=\"off\" da_with_loader=\"off\" da_has_shadow=\"on\"][et_pb_fullwidth_code admin_label=\"Ratlla horitzontal\" _builder_version=\"4.8.2\" _module_preset=\"default\"][\/et_pb_fullwidth_code][\/et_pb_section][et_pb_section fb_built=\"1\" _builder_version=\"4.8.2\" _module_preset=\"default\" custom_margin=\"||-30px||false|false\" custom_margin_tablet=\"||-90px||false|false\" custom_margin_phone=\"||-80px||false|false\" custom_margin_last_edited=\"on|phone\" da_disable_devices=\"off|off|off\" da_is_popup=\"off\" da_exit_intent=\"off\" da_has_close=\"on\" da_alt_close=\"off\" da_dark_close=\"off\" da_not_modal=\"on\" da_is_singular=\"off\" da_with_loader=\"off\" da_has_shadow=\"on\"][et_pb_row _builder_version=\"4.8.2\" _module_preset=\"default\"][et_pb_column type=\"4_4\" _builder_version=\"4.8.2\" _module_preset=\"default\"][et_pb_text admin_label=\"Altres articles\" _builder_version=\"4.9.0\" _module_preset=\"default\"]<h3>ALTRES ARTICLES<\/h3>\r\n[yarpp][\/et_pb_text][\/et_pb_column][\/et_pb_row][\/et_pb_section][et_pb_section fb_built=\"1\" fullwidth=\"on\" disabled_on=\"on|on|on\" _builder_version=\"4.8.2\" _module_preset=\"default\" custom_margin_tablet=\"-70px||||false|false\" custom_margin_phone=\"\" custom_margin_last_edited=\"on|tablet\" da_disable_devices=\"off|off|off\" border_width_bottom=\"2px\" disabled=\"on\" da_is_popup=\"off\" da_exit_intent=\"off\" da_has_close=\"on\" da_alt_close=\"off\" da_dark_close=\"off\" da_not_modal=\"on\" da_is_singular=\"off\" da_with_loader=\"off\" da_has_shadow=\"on\"][et_pb_fullwidth_code admin_label=\"Ratlla horitzontal\" _builder_version=\"4.8.2\" _module_preset=\"default\"][\/et_pb_fullwidth_code][\/et_pb_section][et_pb_section fb_built=\"1\" disabled_on=\"on|on|on\" _builder_version=\"4.8.2\" _module_preset=\"default\" da_disable_devices=\"off|off|off\" disabled=\"on\" da_is_popup=\"off\" da_exit_intent=\"off\" da_has_close=\"on\" da_alt_close=\"off\" da_dark_close=\"off\" da_not_modal=\"on\" da_is_singular=\"off\" da_with_loader=\"off\" da_has_shadow=\"on\"][et_pb_row _builder_version=\"4.8.2\" _module_preset=\"default\"][et_pb_column type=\"4_4\" _builder_version=\"4.8.2\" _module_preset=\"default\"][et_pb_text admin_label=\"Text %22Veure tots els cicles%22\" _builder_version=\"4.8.2\" _module_preset=\"default\"]<h3>VEURE TOTS ELS CICLES<\/h3>\r\n[\/et_pb_text][\/et_pb_column][\/et_pb_row][et_pb_row column_structure=\"1_3,1_3,1_3\" disabled_on=\"off|on|off\" _builder_version=\"4.8.2\" _module_preset=\"default\" width_tablet=\"50%\" width_phone=\"70%\" width_last_edited=\"on|phone\" module_alignment=\"center\"][et_pb_column type=\"1_3\" _builder_version=\"4.8.2\" _module_preset=\"default\"][et_pb_image src=\"https:\/\/rethinkbcn.cat\/wp-content\/uploads\/2021\/02\/caixa-1b.jpg\" title_text=\"caixa-1b\" url=\"\/category\/cicle-1\/\" align=\"center\" admin_label=\"Cicles per escriptori i m\u00f2bil\" _builder_version=\"4.8.2\" _module_preset=\"default\" module_alignment=\"center\"][\/et_pb_image][\/et_pb_column][et_pb_column type=\"1_3\" _builder_version=\"4.8.2\" _module_preset=\"default\"][et_pb_image src=\"https:\/\/rethinkbcn.cat\/wp-content\/uploads\/2021\/02\/caixa-2b.jpg\" title_text=\"caixa-2b\" align=\"center\" _builder_version=\"4.8.2\" _module_preset=\"default\"][\/et_pb_image][\/et_pb_column][et_pb_column type=\"1_3\" _builder_version=\"4.8.2\" _module_preset=\"default\"][et_pb_image src=\"https:\/\/rethinkbcn.cat\/wp-content\/uploads\/2021\/02\/caixa-3b.jpg\" title_text=\"caixa-3b\" align=\"center\" _builder_version=\"4.8.2\" _module_preset=\"default\"][\/et_pb_image][\/et_pb_column][\/et_pb_row][et_pb_row column_structure=\"1_3,1_3,1_3\" disabled_on=\"on|off|on\" _builder_version=\"4.8.2\" _module_preset=\"default\" width=\"100%\" width_tablet=\"90%\" width_phone=\"70%\" width_last_edited=\"on|tablet\" module_alignment=\"center\" custom_margin=\"||-20px||false|false\"][et_pb_column type=\"1_3\" _builder_version=\"4.8.2\" _module_preset=\"default\" custom_css_main_element=\"width: 33%!important;\"][et_pb_image src=\"https:\/\/rethinkbcn.cat\/wp-content\/uploads\/2021\/02\/caixa-1b.jpg\" title_text=\"caixa-1b\" url=\"\/category\/cicle-1\/\" align=\"center\" admin_label=\"Cicles per a tablet\" _builder_version=\"4.8.2\" _module_preset=\"default\" module_alignment=\"center\"][\/et_pb_image][\/et_pb_column][et_pb_column type=\"1_3\" _builder_version=\"4.8.2\" _module_preset=\"default\" custom_css_main_element=\"width: 33%!important;\"][et_pb_image src=\"https:\/\/rethinkbcn.cat\/wp-content\/uploads\/2021\/02\/caixa-2b.jpg\" title_text=\"caixa-2b\" align=\"center\" _builder_version=\"4.8.2\" _module_preset=\"default\"][\/et_pb_image][\/et_pb_column][et_pb_column type=\"1_3\" _builder_version=\"4.8.2\" _module_preset=\"default\" custom_css_main_element=\"width: 33%!important;\"][et_pb_image src=\"https:\/\/rethinkbcn.cat\/wp-content\/uploads\/2021\/02\/caixa-3b.jpg\" title_text=\"caixa-3b\" align=\"center\" _builder_version=\"4.8.2\" _module_preset=\"default\"][\/et_pb_image][\/et_pb_column][\/et_pb_row][\/et_pb_section]","_et_gb_content_width":""},"categories":[88],"tags":[74,78],"_links":{"self":[{"href":"https:\/\/rethinkbcn.cat\/es\/wp-json\/wp\/v2\/posts\/10498"}],"collection":[{"href":"https:\/\/rethinkbcn.cat\/es\/wp-json\/wp\/v2\/posts"}],"about":[{"href":"https:\/\/rethinkbcn.cat\/es\/wp-json\/wp\/v2\/types\/post"}],"author":[{"embeddable":true,"href":"https:\/\/rethinkbcn.cat\/es\/wp-json\/wp\/v2\/users\/3"}],"replies":[{"embeddable":true,"href":"https:\/\/rethinkbcn.cat\/es\/wp-json\/wp\/v2\/comments?post=10498"}],"version-history":[{"count":12,"href":"https:\/\/rethinkbcn.cat\/es\/wp-json\/wp\/v2\/posts\/10498\/revisions"}],"predecessor-version":[{"id":10521,"href":"https:\/\/rethinkbcn.cat\/es\/wp-json\/wp\/v2\/posts\/10498\/revisions\/10521"}],"wp:featuredmedia":[{"embeddable":true,"href":"https:\/\/rethinkbcn.cat\/es\/wp-json\/wp\/v2\/media\/4842"}],"wp:attachment":[{"href":"https:\/\/rethinkbcn.cat\/es\/wp-json\/wp\/v2\/media?parent=10498"}],"wp:term":[{"taxonomy":"category","embeddable":true,"href":"https:\/\/rethinkbcn.cat\/es\/wp-json\/wp\/v2\/categories?post=10498"},{"taxonomy":"post_tag","embeddable":true,"href":"https:\/\/rethinkbcn.cat\/es\/wp-json\/wp\/v2\/tags?post=10498"}],"curies":[{"name":"wp","href":"https:\/\/api.w.org\/{rel}","templated":true}]}}