{"id":10038,"date":"2022-01-29T20:00:49","date_gmt":"2022-01-29T18:00:49","guid":{"rendered":"https:\/\/rethinkbcn.cat\/?p=10038"},"modified":"2022-01-29T21:18:55","modified_gmt":"2022-01-29T19:18:55","slug":"lluis-boada-cop-26-glasgow-barcelona-punto-y-seguido","status":"publish","type":"post","link":"https:\/\/rethinkbcn.cat\/es\/lluis-boada-cop-26-glasgow-barcelona-punto-y-seguido\/","title":{"rendered":"LLU\u00cdS BOADA: COP 26, GLASGOW, BARCELONA, PUNTO Y SEGUIDO"},"content":{"rendered":"<p>[et_pb_section fb_built=\u00bb1&#8243; disabled_on=\u00bboff|off|off\u00bb _builder_version=\u00bb4.8.2&#8243; _module_preset=\u00bbdefault\u00bb custom_margin=\u00bb||||false|false\u00bb da_is_popup=\u00bboff\u00bb da_exit_intent=\u00bboff\u00bb da_has_close=\u00bbon\u00bb da_alt_close=\u00bboff\u00bb da_dark_close=\u00bboff\u00bb da_not_modal=\u00bbon\u00bb da_is_singular=\u00bboff\u00bb da_with_loader=\u00bboff\u00bb da_has_shadow=\u00bbon\u00bb da_disable_devices=\u00bboff|off|off\u00bb][et_pb_row _builder_version=\u00bb4.9.0&#8243; _module_preset=\u00bbdefault\u00bb][et_pb_column type=\u00bb4_4&#8243; _builder_version=\u00bb4.8.1&#8243; _module_preset=\u00bbdefault\u00bb][et_pb_text admin_label=\u00bbTitular entrada\u00bb _builder_version=\u00bb4.9.0&#8243; _module_preset=\u00bbdefault\u00bb text_font=\u00bbAverta Light||||||||\u00bb header_font_size=\u00bb36px\u00bb header_4_font=\u00bbAverta regular||||||||\u00bb header_4_font_size=\u00bb20px\u00bb header_4_line_height=\u00bb1.6em\u00bb header_5_line_height=\u00bb1.6em\u00bb header_6_font=\u00bbAverta regular||||||||\u00bb header_6_font_size=\u00bb16px\u00bb header_6_line_height=\u00bb1.2em\u00bb header_font_size_tablet=\u00bb30px\u00bb header_font_size_phone=\u00bb24px\u00bb header_font_size_last_edited=\u00bbon|phone\u00bb header_6_font_size_tablet=\u00bb\u00bb header_6_font_size_phone=\u00bb16px\u00bb header_6_font_size_last_edited=\u00bbon|phone\u00bb]<\/p>\n<h1 style=\"text-align: center\">COP 26, GLASGOW, BARCELONA, PUNTO Y SEGUIDO<\/h1>\n<div style=\"text-align: center\">Llu\u00eds Boada reflexiona sobre la 26ena Conferencia de las Partes de la Convenci\u00f3n Marco de las Naciones Unidas sobre Cambio Clim\u00e1tico (COP) y la continuidad de los retos que ha planteado<\/div>\n<p>[\/et_pb_text][et_pb_image src=\u00bbhttps:\/\/rethink.mtconsulting.es\/wp-content\/uploads\/2021\/02\/Gonzalo-Goytisolo-Gil_-La-font-magica-scaled.jpg\u00bb title_text=\u00bbGonzalo-Goytisolo-Gil_&#8211;La-font-magica\u00bb admin_label=\u00bbImatge entrada\u00bb _builder_version=\u00bb4.8.2&#8243; _module_preset=\u00bbdefault\u00bb][\/et_pb_image][et_pb_text disabled_on=\u00bbon|on|off\u00bb admin_label=\u00bbText entrada escriptori\u00bb _builder_version=\u00bb4.9.0&#8243; _module_preset=\u00bbdefault\u00bb text_font=\u00bbAverta Light||||||||\u00bb header_font_size=\u00bb36px\u00bb header_4_font=\u00bbAverta regular||||||||\u00bb header_4_font_size=\u00bb20px\u00bb header_4_line_height=\u00bb1.6em\u00bb header_5_line_height=\u00bb1.6em\u00bb header_6_font=\u00bbAverta regular||||||||\u00bb header_6_font_size=\u00bb16px\u00bb header_6_line_height=\u00bb1.5em\u00bb header_font_size_tablet=\u00bb30px\u00bb header_font_size_phone=\u00bb24px\u00bb header_font_size_last_edited=\u00bbon|phone\u00bb header_6_font_size_tablet=\u00bb\u00bb header_6_font_size_phone=\u00bb14px\u00bb header_6_font_size_last_edited=\u00bbon|phone\u00bb]<\/p>\n<p style=\"text-align: justify\">Por<strong>\u00a0Llu\u00eds Boada, <\/strong>Doctor en Ciencias Econ\u00f3micas y en Humanidades, experto en Medio Ambiente.<\/p>\n<p style=\"text-align: justify\">La 26\u00aa Conferencia de las Partes de la Convenci\u00f3n Marco de las Naciones Unidas sobre Cambio Clim\u00e1tico (COP) celebrada recientemente en Glasgow no ha dejado en los participantes y en la opini\u00f3n p\u00fablica un buen sabor de boca. Probablemente la realidad sobre los resultados de la misma se encuentra entre el \u201cbla, bla, bla\u201d con que los liquid\u00f3 Greta Thunberg y los histri\u00f3nicos saltitos sin red con los que les salud\u00f3 el anfitri\u00f3n Boris Johnson. Decir que se encuentran entre estas dos posiciones no significa que se encuentren en el punto medio, pero no es el objetivo de este art\u00edculo valorar concretamente las resoluciones adoptadas en Glasgow.<\/p>\n<p style=\"text-align: justify\">Lo que se quiere remarcar es la importancia de la continuidad: que se haya llegado al n\u00famero 26 de las COP y no se haya puesto en cuesti\u00f3n la necesidad de seguir celebr\u00e1ndolas peri\u00f3dicamente. Porque lo que est\u00e1 en juego exige un cambio tan amplio y profundo que s\u00f3lo puede producirse por la relaci\u00f3n dial\u00e9ctica entre el cambio de pol\u00edticas y el cambio de mentalidades, y eso, adem\u00e1s de determinaci\u00f3n, que flaquea, requiere tiempo.<\/p>\n<p style=\"text-align: justify\">Esta afirmaci\u00f3n puede sostenerse leg\u00edtimamente desde Barcelona porque la ciudad tiene la perspectiva que da haber estado ya presente en la Cumbre de la Tierra del a\u00f1o 1992, la Conferencia de las Naciones Unidas sobre Medio Ambiente y Desarrollo celebrada en R\u00edo de Janeiro, evento extraordinario que gener\u00f3 una multitud de iniciativas. Por ejemplo, sin aquella Cumbre de la Tierra dif\u00edcilmente hubiera tenido lugar en Berl\u00edn en 1995 la primera Conferencia de las Naciones Unidas sobre Cambio Clim\u00e1tico, inaugurando una serie cuyos dos \u00faltimos cap\u00edtulos han tenido lugar en Madrid en oto\u00f1o de 2019 y ahora en Glasgow.<\/p>\n<p style=\"text-align: justify\">En el plano local, Barcelona fue pionera en la aplicaci\u00f3n de los acuerdos all\u00ed adoptados mediante la consideraci\u00f3n del Medio Ambiente como una cuesti\u00f3n de pol\u00edtica general del Ayuntamiento, lo que se tradujo en los Programas de actuaci\u00f3n por una pol\u00edtica medioambiental en Barcelona aprobados formalmente en 1994, despu\u00e9s de un importante e innovador proceso participativo. El documento program\u00e1tico se public\u00f3 en catal\u00e1n, castellano e ingl\u00e9s, significando la capacidad de influencia y la voluntad de apertura al mundo de aquellas pol\u00edticas. Concretamente, en lo que respecta al tema que nos ocupa, la ciudad se hab\u00eda adherido desde el a\u00f1o 1993 a la campa\u00f1a Ciudades por la Protecci\u00f3n del Clima, a la que tambi\u00e9n se incorpor\u00f3 la Diputaci\u00f3n de Barcelona, ambientalmente muy activa ya en ese per\u00edodo.<\/p>\n<p style=\"text-align: justify\">Desde las reuniones de ciudades previas a la Cumbre de R\u00edo de Janeiro del a\u00f1o 1992, la lucha de los ayuntamientos por hacerse un hueco en las Conferencias de tem\u00e1tica medioambiental de las Naciones Unidas ha sido ardua. De hecho, no se ha conseguido superar el car\u00e1cter predominantemente paralelo de su presencia respecto al foro central de las naciones. Sin embargo, hay que celebrar como fruto de la continuidad que aqu\u00ed se pone en valor y como un paso adelante, que la alcaldesa de Barcelona haya tenido en Glasgow una presencia relevante junto a sus colegas de Londres, Par\u00eds, Bogot\u00e1, entre otros representantes de C40, la red de ciudades grandes, las metr\u00f3polis, que tienen en agenda la lucha contra el cambio clim\u00e1tico.<\/p>\n<table class=\" alignright\" style=\"height: 123px;width: 24.515503875968992%;border-collapse: collapse;border-top-width: 2px;border-top-style: solid;border-color: #000000;margin-left: 20px\" cellspacing=\"15\" cellpadding=\"2\">\n<tbody>\n<tr style=\"height: 23px\">\n<td style=\"width: 100%;height: 23px;border: 2px solid #000\">\n<h4>Aquello que est\u00e1 en juego exige un cambio tan amplio y profundo que solo se puede producir por la relaci\u00f3n dial\u00e9ctica entre el cambio de pol\u00edticas y el cambio de mentalidades<\/h4>\n<\/td>\n<\/tr>\n<\/tbody>\n<\/table>\n<p style=\"text-align: justify\">Bien mirado, los resultados de la COP 26, sin aportar gran cosa de nuevo, tampoco difieren demasiado de los resultados alcanzados en conferencias anteriores. Se mantienen los objetivos sobre el incremento admitido de temperatura, se propone el fin de los subsidios ineficientes a los combustibles f\u00f3siles y el reforzamiento de los planes de reducci\u00f3n de emisiones de ahora hasta el 2030, se anuncia una voluntad de aumentar significativamente ayuda a los pa\u00edses en v\u00edas de desarrollo para adaptarse al cambio clim\u00e1tico, se establecen nuevos compromisos sobre deforestaci\u00f3n y sobre recortes de las emisiones de metano, y un etc\u00e9tera no ausente de ambig\u00fcedades que Thunberg y su corriente de gente idealista y joven han traducido, comprensiblemente, por \u201cbla, bla, bla\u201d.<\/p>\n<p style=\"text-align: justify\">El hecho de admitir en el momento de las valoraciones es que la ONU, y l\u00f3gicamente sus organizaciones sectoriales, no son los \u00f3rganos de gobernanza mundial que los retos globales que tenemos planteados requerir\u00edan y que muchos, especialmente los j\u00f3venes, desear\u00edamos. Si no se admite esa realidad, la frustraci\u00f3n est\u00e1 garantizada. Ahora bien, ser\u00eda una equivocaci\u00f3n negar la importancia de estos organismos y sus decisiones. Primeramente, como lugar de encuentro incluso de los adversarios m\u00e1s opuestos entre ellos. En segundo lugar, como definidores de moral p\u00fablica, particularmente de los derechos humanos y ambientales. En tercer lugar, como inspiradores e influenciadores de pol\u00edticas y compromisos. Por \u00faltimo, y como consecuencia de todo ello, como transformadores de mentalidades.<\/p>\n<p style=\"text-align: justify\">Un repaso sobre los impactos que han tenido las COP sobre la transformaci\u00f3n de las mentalidades y de las sensibilidades en tem\u00e1tica medioambiental parece indicar que la capacidad de resonancia propia de las ciudades en las que han tenido lugar ha resultado ser muy importante, incluso m\u00e1s que los acuerdos alcanzados. R\u00edo de Janeiro, quiz\u00e1 Berl\u00edn, Kioto y ciertamente Par\u00eds han marcado la pauta en la larga serie de conferencias celebradas hasta ahora. Por este motivo, aunque la proximidad de la COP celebrada en Madrid recomienda una espera, la capacidad de resonancia de Barcelona adquirida por la transformaci\u00f3n urban\u00edstica y social y la capacidad de plasmaci\u00f3n imaginativa y eficiente de sus iniciativas colectivas, que todo el mundo pudo contemplar en 1992, pod\u00eda ponerse a prueba y renovarse acogiendo una futura COP.<\/p>\n<p style=\"text-align: justify\">Ser\u00eda conveniente, en el proceso de preparaci\u00f3n de la correspondiente candidatura que se volviera a mirar, o simplemente se mirara, con la humildad de quien quiere aprender porque quiere mejorar lo que hace, aquel urbanismo estallante, el ambientalismo pionero e integral y la ilusi\u00f3n y movilizaci\u00f3n del conjunto de la ciudadan\u00eda que hicieron de Barcelona un referente y lugar al que ir que, ciertamente, el mundo no quiere perder porque se convirti\u00f3 en patrimonio de todos. El conocimiento del pasado, el agradecimiento y el reconocimiento son valores en los que se fundamentan, entre otras cosas, las buenas pol\u00edticas.<\/p>\n<p>[\/et_pb_text][et_pb_text disabled_on=\u00bboff|off|on\u00bb admin_label=\u00bbText entrada tablet i m\u00f2bil\u00bb _builder_version=\u00bb4.9.0&#8243; _module_preset=\u00bbdefault\u00bb text_font=\u00bbAverta Light||||||||\u00bb header_font=\u00bbAverta regular||||||||\u00bb header_font_size=\u00bb36px\u00bb header_4_font=\u00bbAverta regular||||||||\u00bb header_4_line_height=\u00bb1.2em\u00bb header_font_size_tablet=\u00bb30px\u00bb header_font_size_phone=\u00bb24px\u00bb header_font_size_last_edited=\u00bbon|phone\u00bb]<\/p>\n<p style=\"text-align: justify\">Por<strong>\u00a0Llu\u00eds Boada, <\/strong>Doctor en Ciencias Econ\u00f3micas y en Humanidades, experto en Medio Ambiente.<\/p>\n<p style=\"text-align: justify\">La 26\u00aa Conferencia de las Partes de la Convenci\u00f3n Marco de las Naciones Unidas sobre Cambio Clim\u00e1tico (COP) celebrada recientemente en Glasgow no ha dejado en los participantes y en la opini\u00f3n p\u00fablica un buen sabor de boca. Probablemente la realidad sobre los resultados de la misma se encuentra entre el \u201cbla, bla, bla\u201d con que los liquid\u00f3 Greta Thunberg y los histri\u00f3nicos saltitos sin red con los que les salud\u00f3 el anfitri\u00f3n Boris Johnson. Decir que se encuentran entre estas dos posiciones no significa que se encuentren en el punto medio, pero no es el objetivo de este art\u00edculo valorar concretamente las resoluciones adoptadas en Glasgow.<\/p>\n<p style=\"text-align: justify\">Lo que se quiere remarcar es la importancia de la continuidad: que se haya llegado al n\u00famero 26 de las COP y no se haya puesto en cuesti\u00f3n la necesidad de seguir celebr\u00e1ndolas peri\u00f3dicamente. Porque lo que est\u00e1 en juego exige un cambio tan amplio y profundo que s\u00f3lo puede producirse por la relaci\u00f3n dial\u00e9ctica entre el cambio de pol\u00edticas y el cambio de mentalidades, y eso, adem\u00e1s de determinaci\u00f3n, que flaquea, requiere tiempo.<\/p>\n<p style=\"text-align: justify\">Esta afirmaci\u00f3n puede sostenerse leg\u00edtimamente desde Barcelona porque la ciudad tiene la perspectiva que da haber estado ya presente en la Cumbre de la Tierra del a\u00f1o 1992, la Conferencia de las Naciones Unidas sobre Medio Ambiente y Desarrollo celebrada en R\u00edo de Janeiro, evento extraordinario que gener\u00f3 una multitud de iniciativas. Por ejemplo, sin aquella Cumbre de la Tierra dif\u00edcilmente hubiera tenido lugar en Berl\u00edn en 1995 la primera Conferencia de las Naciones Unidas sobre Cambio Clim\u00e1tico, inaugurando una serie cuyos dos \u00faltimos cap\u00edtulos han tenido lugar en Madrid en oto\u00f1o de 2019 y ahora en Glasgow.<\/p>\n<p style=\"text-align: justify\">En el plano local, Barcelona fue pionera en la aplicaci\u00f3n de los acuerdos all\u00ed adoptados mediante la consideraci\u00f3n del Medio Ambiente como una cuesti\u00f3n de pol\u00edtica general del Ayuntamiento, lo que se tradujo en los Programas de actuaci\u00f3n por una pol\u00edtica medioambiental en Barcelona aprobados formalmente en 1994, despu\u00e9s de un importante e innovador proceso participativo. El documento program\u00e1tico se public\u00f3 en catal\u00e1n, castellano e ingl\u00e9s, significando la capacidad de influencia y la voluntad de apertura al mundo de aquellas pol\u00edticas. Concretamente, en lo que respecta al tema que nos ocupa, la ciudad se hab\u00eda adherido desde el a\u00f1o 1993 a la campa\u00f1a Ciudades por la Protecci\u00f3n del Clima, a la que tambi\u00e9n se incorpor\u00f3 la Diputaci\u00f3n de Barcelona, ambientalmente muy activa ya en ese per\u00edodo.<\/p>\n<table class=\" alignright\" style=\"height: 104px;width: 99.9054%;border-collapse: collapse;border-top: 2px solid #000000;border-right-color: #000000;border-bottom-color: #000000;border-left-color: #000000;margin-left: 20px\" cellspacing=\"15\" cellpadding=\"2\">\n<tbody>\n<tr style=\"height: 23px\">\n<td style=\"width: 100%;height: 23px;border: 2px solid #000\">\n<h4 style=\"text-align: center\">\u201cAquello que est\u00e1 en juego exige un cambio tan amplio y profundo que solo se puede producir por la relaci\u00f3n dial\u00e9ctica entre el cambio de pol\u00edticas y el cambio de mentalidadess\u201d<\/h4>\n<\/td>\n<\/tr>\n<\/tbody>\n<\/table>\n<p>&nbsp;<\/p>\n<p>&nbsp;<\/p>\n<p style=\"text-align: justify\">\n<p>Desde las reuniones de ciudades previas a la Cumbre de R\u00edo de Janeiro del a\u00f1o 1992, la lucha de los ayuntamientos por hacerse un hueco en las Conferencias de tem\u00e1tica medioambiental de las Naciones Unidas ha sido ardua. De hecho, no se ha conseguido superar el car\u00e1cter predominantemente paralelo de su presencia respecto al foro central de las naciones. Sin embargo, hay que celebrar como fruto de la continuidad que aqu\u00ed se pone en valor y como un paso adelante, que la alcaldesa de Barcelona haya tenido en Glasgow una presencia relevante junto a sus colegas de Londres, Par\u00eds, Bogot\u00e1, entre otros representantes de C40, la red de ciudades grandes, las metr\u00f3polis, que tienen en agenda la lucha contra el cambio clim\u00e1tico.<\/p>\n<p style=\"text-align: justify\">Bien mirado, los resultados de la COP 26, sin aportar gran cosa de nuevo, tampoco difieren demasiado de los resultados alcanzados en conferencias anteriores. Se mantienen los objetivos sobre el incremento admitido de temperatura, se propone el fin de los subsidios ineficientes a los combustibles f\u00f3siles y el reforzamiento de los planes de reducci\u00f3n de emisiones de ahora hasta el 2030, se anuncia una voluntad de aumentar significativamente ayuda a los pa\u00edses en v\u00edas de desarrollo para adaptarse al cambio clim\u00e1tico, se establecen nuevos compromisos sobre deforestaci\u00f3n y sobre recortes de las emisiones de metano, y un etc\u00e9tera no ausente de ambig\u00fcedades que Thunberg y su corriente de gente idealista y joven han traducido, comprensiblemente, por \u201cbla, bla, bla\u201d.<\/p>\n<p style=\"text-align: justify\">El hecho de admitir en el momento de las valoraciones es que la ONU, y l\u00f3gicamente sus organizaciones sectoriales, no son los \u00f3rganos de gobernanza mundial que los retos globales que tenemos planteados requerir\u00edan y que muchos, especialmente los j\u00f3venes, desear\u00edamos. Si no se admite esa realidad, la frustraci\u00f3n est\u00e1 garantizada. Ahora bien, ser\u00eda una equivocaci\u00f3n negar la importancia de estos organismos y sus decisiones. Primeramente, como lugar de encuentro incluso de los adversarios m\u00e1s opuestos entre ellos. En segundo lugar, como definidores de moral p\u00fablica, particularmente de los derechos humanos y ambientales. En tercer lugar, como inspiradores e influenciadores de pol\u00edticas y compromisos. Por \u00faltimo, y como consecuencia de todo ello, como transformadores de mentalidades.<\/p>\n<p style=\"text-align: justify\">Un repaso sobre los impactos que han tenido las COP sobre la transformaci\u00f3n de las mentalidades y de las sensibilidades en tem\u00e1tica medioambiental parece indicar que la capacidad de resonancia propia de las ciudades en las que han tenido lugar ha resultado ser muy importante, incluso m\u00e1s que los acuerdos alcanzados. R\u00edo de Janeiro, quiz\u00e1 Berl\u00edn, Kioto y ciertamente Par\u00eds han marcado la pauta en la larga serie de conferencias celebradas hasta ahora. Por este motivo, aunque la proximidad de la COP celebrada en Madrid recomienda una espera, la capacidad de resonancia de Barcelona adquirida por la transformaci\u00f3n urban\u00edstica y social y la capacidad de plasmaci\u00f3n imaginativa y eficiente de sus iniciativas colectivas, que todo el mundo pudo contemplar en 1992, pod\u00eda ponerse a prueba y renovarse acogiendo una futura COP.<\/p>\n<p style=\"text-align: justify\">Ser\u00eda conveniente, en el proceso de preparaci\u00f3n de la correspondiente candidatura que se volviera a mirar, o simplemente se mirara, con la humildad de quien quiere aprender porque quiere mejorar lo que hace, aquel urbanismo estallante, el ambientalismo pionero e integral y la ilusi\u00f3n y movilizaci\u00f3n del conjunto de la ciudadan\u00eda que hicieron de Barcelona un referente y lugar al que ir que, ciertamente, el mundo no quiere perder porque se convirti\u00f3 en patrimonio de todos. El conocimiento del pasado, el agradecimiento y el reconocimiento son valores en los que se fundamentan, entre otras cosas, las buenas pol\u00edticas.<\/p>\n<p>[\/et_pb_text][et_pb_text admin_label=\u00bbShare \u00bb _builder_version=\u00bb4.8.2&#8243; _module_preset=\u00bbdefault\u00bb width=\u00bb26%\u00bb module_alignment=\u00bbleft\u00bb module_alignment_tablet=\u00bbleft\u00bb module_alignment_phone=\u00bbleft\u00bb module_alignment_last_edited=\u00bbon|phone\u00bb border_width_all=\u00bb0px\u00bb]<\/p>\n<table style=\"border-collapse: collapse;width: 0%;height: 22px;border-color: #000000;border: 2px solid\">\n<tbody>\n<tr style=\"height: 22px\">\n<td style=\"width: 11.5332%;height: 22px\">share:<\/td>\n<td style=\"width: 88.4667%;text-align: justify;vertical-align: middle;height: 22px\"><div class=\"sfsi_widget sfsi_shortcode_container\"><div class=\"norm_row sfsi_wDiv \"  style=\"width:200px;text-align:left;\"><div style='width:30px; height:30px;margin-left:10px;margin-bottom:5px; ' class='sfsi_wicons shuffeldiv ' ><div class='inerCnt'><a class=' sficn' data-effect='' target='_blank'  href='' id='sfsiid_twitter_icon' style='width:30px;height:30px;opacity:1;'  ><img data-pin-nopin='true' alt='Twitter' title='Twitter' src='https:\/\/rethinkbcn.cat\/wp-content\/plugins\/ultimate-social-media-icons\/images\/icons_theme\/transparent\/transparent_twitter.png' width='30' height='30' style='' class='sfcm sfsi_wicon ' data-effect=''   \/><\/a><div class=\"sfsi_tool_tip_2 twt_tool_bdr sfsiTlleft\" style=\"opacity:0;z-index:-1;\" id=\"sfsiid_twitter\"><span class=\"bot_arow bot_twt_arow\"><\/span><div class=\"sfsi_inside\"><div  class='icon2'><div class='sf_twiter' style='display: inline-block;vertical-align: middle;width: auto;'>\r\n\t\t\t\t\t\t<a target='_blank' href='https:\/\/twitter.com\/intent\/tweet?text=Hey%2C+check+out+this+cool+site+I+found%3A+www.rethinkbcn.cat+%23Topic+via%40my_twitter_name+https:\/\/rethinkbcn.cat\/es\/wp-json\/wp\/v2\/posts\/10038\/' style='display:inline-block' >\r\n\t\t\t\t\t\t\t<img data-pin-nopin= true class='sfsi_wicon' src='https:\/\/rethinkbcn.cat\/wp-content\/plugins\/ultimate-social-media-icons\/images\/share_icons\/Twitter_Tweet\/en_US_Tweet.svg' alt='Tweet' title='Tweet' >\r\n\t\t\t\t\t\t<\/a>\r\n\t\t\t\t\t<\/div><\/div><\/div><\/div><\/div><\/div><div style='width:30px; height:30px;margin-left:10px;margin-bottom:5px; ' class='sfsi_wicons shuffeldiv ' ><div class='inerCnt'><a class=' sficn' data-effect='' target='_blank'  href='' id='sfsiid_linkedin_icon' style='width:30px;height:30px;opacity:1;'  ><img data-pin-nopin='true' alt='' title='' src='https:\/\/rethinkbcn.cat\/wp-content\/plugins\/ultimate-social-media-icons\/images\/icons_theme\/transparent\/transparent_linkedin.png' width='30' height='30' style='' class='sfcm sfsi_wicon ' data-effect=''   \/><\/a><div class=\"sfsi_tool_tip_2 linkedin_tool_bdr sfsiTlleft\" style=\"opacity:0;z-index:-1;\" id=\"sfsiid_linkedin\"><span class=\"bot_arow bot_linkedin_arow\"><\/span><div class=\"sfsi_inside\"><div  class='icon2'><a target='_blank' href=\"https:\/\/www.linkedin.com\/shareArticle?url=https%3A%2F%2Frethinkbcn.cat%2Fes%2Fwp-json%2Fwp%2Fv2%2Fposts%2F10038%2F\"><img class=\"sfsi_wicon\" data-pin-nopin= true alt=\"Share\" title=\"Share\" src=\"https:\/\/rethinkbcn.cat\/wp-content\/plugins\/ultimate-social-media-icons\/images\/share_icons\/Linkedin_Share\/en_US_share.svg\" \/><\/a><\/div><\/div><\/div><\/div><\/div><div style='width:30px; height:30px;margin-left:10px;margin-bottom:5px; ' class='sfsi_wicons shuffeldiv ' ><div class='inerCnt'><a class=' sficn' data-effect='' target='_blank'  href='https:\/\/api.whatsapp.com\/send?text=https:\/\/rethinkbcn.cat\/es\/lluis-boada-cop-26-glasgow-barcelona-punto-y-seguido\/' id='sfsiid_whatsapp_icon' style='width:30px;height:30px;opacity:1;'  ><img data-pin-nopin='true' alt='' title='' src='https:\/\/rethinkbcn.cat\/wp-content\/plugins\/ultimate-social-media-icons\/images\/icons_theme\/transparent\/transparent_whatsapp.png' width='30' height='30' style='' class='sfcm sfsi_wicon ' data-effect=''   \/><\/a><\/div><\/div><div style='width:30px; height:30px;margin-left:10px;margin-bottom:5px; ' class='sfsi_wicons shuffeldiv ' ><div class='inerCnt'><a class=' sficn' data-effect='' target='_blank'  href='https:\/\/api.follow.it\/widgets\/icon\/VUlqbFQ4d1I5d05jbFdNRWdXaThSK0Vza3RBcDZrT3Y4akNldzhxUVBmUFNjQ3dlUnpnQVphRFVNcm40SXZGaFczK01jOFF0SExaMGNIWi9BZy96S2MydkgzaDNWWFBjYU9MbjY5M3lUcjVLYU5TN3NOaEs3VmJ4bytROHI4b1d8eEV6SFU5OTFjQ1B0YkRJNkEzUlJEbEhIWVRkZGM0b0FRTEQyRDlyb2o2UT0=\/OA==\/' id='sfsiid_email_icon' style='width:30px;height:30px;opacity:1;'  ><img data-pin-nopin='true' alt='Follow by Email' title='Follow by Email' src='https:\/\/rethinkbcn.cat\/wp-content\/plugins\/ultimate-social-media-icons\/images\/icons_theme\/transparent\/transparent_email.png' width='30' height='30' style='' class='sfcm sfsi_wicon ' data-effect=''   \/><\/a><\/div><\/div><\/div ><div id=\"sfsi_holder\" class=\"sfsi_holders\" style=\"position: relative; float: left;width:100%;z-index:-1;\"><\/div ><script>window.addEventListener(\"sfsi_functions_loaded\", function() \r\n\t\t\t{\r\n\t\t\t\tif (typeof sfsi_widget_set == \"function\") {\r\n\t\t\t\t\tsfsi_widget_set();\r\n\t\t\t\t}\r\n\t\t\t}); <\/script><div style=\"clear: both;\"><\/div><\/div><\/td>\n<\/tr>\n<\/tbody>\n<\/table>\n<p>[\/et_pb_text][\/et_pb_column][\/et_pb_row][\/et_pb_section][et_pb_section fb_built=\u00bb1&#8243; fullwidth=\u00bbon\u00bb _builder_version=\u00bb4.8.2&#8243; _module_preset=\u00bbdefault\u00bb border_width_bottom=\u00bb2px\u00bb da_is_popup=\u00bboff\u00bb da_exit_intent=\u00bboff\u00bb da_has_close=\u00bbon\u00bb da_alt_close=\u00bboff\u00bb da_dark_close=\u00bboff\u00bb da_not_modal=\u00bbon\u00bb da_is_singular=\u00bboff\u00bb da_with_loader=\u00bboff\u00bb da_has_shadow=\u00bbon\u00bb da_disable_devices=\u00bboff|off|off\u00bb][et_pb_fullwidth_code admin_label=\u00bbRatlla horitzontal\u00bb _builder_version=\u00bb4.8.2&#8243; _module_preset=\u00bbdefault\u00bb][\/et_pb_fullwidth_code][\/et_pb_section][et_pb_section fb_built=\u00bb1&#8243; _builder_version=\u00bb4.8.2&#8243; _module_preset=\u00bbdefault\u00bb custom_margin=\u00bb||-30px||false|false\u00bb custom_margin_tablet=\u00bb||-90px||false|false\u00bb custom_margin_phone=\u00bb||-80px||false|false\u00bb custom_margin_last_edited=\u00bbon|phone\u00bb da_is_popup=\u00bboff\u00bb da_exit_intent=\u00bboff\u00bb da_has_close=\u00bbon\u00bb da_alt_close=\u00bboff\u00bb da_dark_close=\u00bboff\u00bb da_not_modal=\u00bbon\u00bb da_is_singular=\u00bboff\u00bb da_with_loader=\u00bboff\u00bb da_has_shadow=\u00bbon\u00bb da_disable_devices=\u00bboff|off|off\u00bb][et_pb_row _builder_version=\u00bb4.8.2&#8243; _module_preset=\u00bbdefault\u00bb][et_pb_column type=\u00bb4_4&#8243; _builder_version=\u00bb4.8.2&#8243; _module_preset=\u00bbdefault\u00bb][et_pb_text admin_label=\u00bbAltres articles\u00bb _builder_version=\u00bb4.9.0&#8243; _module_preset=\u00bbdefault\u00bb]<\/p>\n<h3>ALTRES ARTICLES<\/h3>\n<p><div class='yarpp yarpp-related yarpp-related-shortcode yarpp-template-thumbnails'>\n<!-- YARPP Thumbnails -->\n<h3><\/h3>\n<div class=\"yarpp-thumbnails-horizontal\">\n<a class='yarpp-thumbnail' rel='norewrite' href='https:\/\/rethinkbcn.cat\/es\/josep-grau-la-oportunidad-de-los-fondos-europeos-new-generation\/' title='JOSEP GRAU: LA OPORTUNIDAD DE LOS FONDOS EUROPEOS NEW GENERATION'>\n<img width=\"117\" height=\"120\" src=\"https:\/\/rethinkbcn.cat\/wp-content\/uploads\/2021\/01\/barcelona-metropolism.jpg\" class=\"attachment-yarpp-thumbnail size-yarpp-thumbnail wp-post-image\" alt=\"\" loading=\"lazy\" data-pin-nopin=\"true\" \/><span class=\"yarpp-thumbnail-title\">JOSEP GRAU: LA OPORTUNIDAD DE LOS FONDOS EUROPEOS NEW GENERATION<\/span><\/a>\n<a class='yarpp-thumbnail' rel='norewrite' href='https:\/\/rethinkbcn.cat\/es\/los-principales-obstaculos-a-la-hora-de-construir-la-ciudad\/' title='LOS PRINCIPALES OBST\u00c1CULOS A LA HORA DE CONSTRUIR LA CIUDAD'>\n<img width=\"117\" height=\"120\" src=\"https:\/\/rethinkbcn.cat\/wp-content\/uploads\/2021\/01\/confiancam.jpg\" class=\"attachment-yarpp-thumbnail size-yarpp-thumbnail wp-post-image\" alt=\"\" loading=\"lazy\" data-pin-nopin=\"true\" \/><span class=\"yarpp-thumbnail-title\">LOS PRINCIPALES OBST\u00c1CULOS A LA HORA DE CONSTRUIR LA CIUDAD<\/span><\/a>\n<a class='yarpp-thumbnail' rel='norewrite' href='https:\/\/rethinkbcn.cat\/es\/jordi-cabre-area-que\/' title='JORDI CABR\u00c9: \u00ab\u00bf\u00c0REA QU\u00c9\u201d?'>\n<img width=\"117\" height=\"120\" src=\"https:\/\/rethinkbcn.cat\/wp-content\/uploads\/2021\/01\/confiancam.jpg\" class=\"attachment-yarpp-thumbnail size-yarpp-thumbnail wp-post-image\" alt=\"\" loading=\"lazy\" data-pin-nopin=\"true\" \/><span class=\"yarpp-thumbnail-title\">JORDI CABR\u00c9: \u00ab\u00bf\u00c0REA QU\u00c9\u201d?<\/span><\/a>\n<a class='yarpp-thumbnail' rel='norewrite' href='https:\/\/rethinkbcn.cat\/es\/xavier-bru-de-sala-las-superislas-como-paradigma-de-la-incertidumbre-de-barcelona\/' title='XAVIER BRU DE SALA: LAS SUPERISLAS COMO PARADIGMA DE LA INCERTIDUMBRE DE BARCELONA'>\n<img width=\"117\" height=\"120\" src=\"https:\/\/rethinkbcn.cat\/wp-content\/uploads\/2021\/01\/confiancam.jpg\" class=\"attachment-yarpp-thumbnail size-yarpp-thumbnail wp-post-image\" alt=\"\" loading=\"lazy\" data-pin-nopin=\"true\" \/><span class=\"yarpp-thumbnail-title\">XAVIER BRU DE SALA: LAS SUPERISLAS COMO PARADIGMA DE LA INCERTIDUMBRE DE BARCELONA<\/span><\/a>\n<\/div>\n<\/div>\n<br \/>\n[\/et_pb_text][\/et_pb_column][\/et_pb_row][\/et_pb_section][et_pb_section fb_built=\u00bb1&#8243; fullwidth=\u00bbon\u00bb disabled_on=\u00bbon|on|on\u00bb _builder_version=\u00bb4.8.2&#8243; _module_preset=\u00bbdefault\u00bb custom_margin_tablet=\u00bb-70px||||false|false\u00bb custom_margin_phone=\u00bb\u00bb custom_margin_last_edited=\u00bbon|tablet\u00bb border_width_bottom=\u00bb2px\u00bb disabled=\u00bbon\u00bb da_is_popup=\u00bboff\u00bb da_exit_intent=\u00bboff\u00bb da_has_close=\u00bbon\u00bb da_alt_close=\u00bboff\u00bb da_dark_close=\u00bboff\u00bb da_not_modal=\u00bbon\u00bb da_is_singular=\u00bboff\u00bb da_with_loader=\u00bboff\u00bb da_has_shadow=\u00bbon\u00bb da_disable_devices=\u00bboff|off|off\u00bb][et_pb_fullwidth_code admin_label=\u00bbRatlla horitzontal\u00bb _builder_version=\u00bb4.8.2&#8243; _module_preset=\u00bbdefault\u00bb][\/et_pb_fullwidth_code][\/et_pb_section][et_pb_section fb_built=\u00bb1&#8243; disabled_on=\u00bbon|on|on\u00bb _builder_version=\u00bb4.8.2&#8243; _module_preset=\u00bbdefault\u00bb disabled=\u00bbon\u00bb da_is_popup=\u00bboff\u00bb da_exit_intent=\u00bboff\u00bb da_has_close=\u00bbon\u00bb da_alt_close=\u00bboff\u00bb da_dark_close=\u00bboff\u00bb da_not_modal=\u00bbon\u00bb da_is_singular=\u00bboff\u00bb da_with_loader=\u00bboff\u00bb da_has_shadow=\u00bbon\u00bb da_disable_devices=\u00bboff|off|off\u00bb][et_pb_row _builder_version=\u00bb4.8.2&#8243; _module_preset=\u00bbdefault\u00bb][et_pb_column type=\u00bb4_4&#8243; _builder_version=\u00bb4.8.2&#8243; _module_preset=\u00bbdefault\u00bb][et_pb_text admin_label=\u00bbText %22Veure tots els cicles%22&#8243; _builder_version=\u00bb4.8.2&#8243; _module_preset=\u00bbdefault\u00bb]<\/p>\n<h3>VEURE TOTS ELS CICLES<\/h3>\n<p>[\/et_pb_text][\/et_pb_column][\/et_pb_row][et_pb_row column_structure=\u00bb1_3,1_3,1_3&#8243; disabled_on=\u00bboff|on|off\u00bb _builder_version=\u00bb4.8.2&#8243; _module_preset=\u00bbdefault\u00bb width_tablet=\u00bb50%\u00bb width_phone=\u00bb70%\u00bb width_last_edited=\u00bbon|phone\u00bb module_alignment=\u00bbcenter\u00bb][et_pb_column type=\u00bb1_3&#8243; _builder_version=\u00bb4.8.2&#8243; _module_preset=\u00bbdefault\u00bb][et_pb_image src=\u00bbhttps:\/\/rethinkbcn.cat\/wp-content\/uploads\/2021\/02\/caixa-1b.jpg\u00bb title_text=\u00bbcaixa-1b\u00bb url=\u00bb\/category\/cicle-1\/\u00bb align=\u00bbcenter\u00bb admin_label=\u00bbCicles per escriptori i m\u00f2bil\u00bb _builder_version=\u00bb4.8.2&#8243; _module_preset=\u00bbdefault\u00bb module_alignment=\u00bbcenter\u00bb][\/et_pb_image][\/et_pb_column][et_pb_column type=\u00bb1_3&#8243; _builder_version=\u00bb4.8.2&#8243; _module_preset=\u00bbdefault\u00bb][et_pb_image src=\u00bbhttps:\/\/rethinkbcn.cat\/wp-content\/uploads\/2021\/02\/caixa-2b.jpg\u00bb title_text=\u00bbcaixa-2b\u00bb align=\u00bbcenter\u00bb _builder_version=\u00bb4.8.2&#8243; _module_preset=\u00bbdefault\u00bb][\/et_pb_image][\/et_pb_column][et_pb_column type=\u00bb1_3&#8243; _builder_version=\u00bb4.8.2&#8243; _module_preset=\u00bbdefault\u00bb][et_pb_image src=\u00bbhttps:\/\/rethinkbcn.cat\/wp-content\/uploads\/2021\/02\/caixa-3b.jpg\u00bb title_text=\u00bbcaixa-3b\u00bb align=\u00bbcenter\u00bb _builder_version=\u00bb4.8.2&#8243; _module_preset=\u00bbdefault\u00bb][\/et_pb_image][\/et_pb_column][\/et_pb_row][et_pb_row column_structure=\u00bb1_3,1_3,1_3&#8243; disabled_on=\u00bbon|off|on\u00bb _builder_version=\u00bb4.8.2&#8243; _module_preset=\u00bbdefault\u00bb width=\u00bb100%\u00bb width_tablet=\u00bb90%\u00bb width_phone=\u00bb70%\u00bb width_last_edited=\u00bbon|tablet\u00bb module_alignment=\u00bbcenter\u00bb custom_margin=\u00bb||-20px||false|false\u00bb][et_pb_column type=\u00bb1_3&#8243; _builder_version=\u00bb4.8.2&#8243; _module_preset=\u00bbdefault\u00bb custom_css_main_element=\u00bbwidth: 33%!important;\u00bb][et_pb_image src=\u00bbhttps:\/\/rethinkbcn.cat\/wp-content\/uploads\/2021\/02\/caixa-1b.jpg\u00bb title_text=\u00bbcaixa-1b\u00bb url=\u00bb\/category\/cicle-1\/\u00bb align=\u00bbcenter\u00bb admin_label=\u00bbCicles per a tablet\u00bb _builder_version=\u00bb4.8.2&#8243; _module_preset=\u00bbdefault\u00bb module_alignment=\u00bbcenter\u00bb][\/et_pb_image][\/et_pb_column][et_pb_column type=\u00bb1_3&#8243; _builder_version=\u00bb4.8.2&#8243; _module_preset=\u00bbdefault\u00bb custom_css_main_element=\u00bbwidth: 33%!important;\u00bb][et_pb_image src=\u00bbhttps:\/\/rethinkbcn.cat\/wp-content\/uploads\/2021\/02\/caixa-2b.jpg\u00bb title_text=\u00bbcaixa-2b\u00bb align=\u00bbcenter\u00bb _builder_version=\u00bb4.8.2&#8243; _module_preset=\u00bbdefault\u00bb][\/et_pb_image][\/et_pb_column][et_pb_column type=\u00bb1_3&#8243; _builder_version=\u00bb4.8.2&#8243; _module_preset=\u00bbdefault\u00bb custom_css_main_element=\u00bbwidth: 33%!important;\u00bb][et_pb_image src=\u00bbhttps:\/\/rethinkbcn.cat\/wp-content\/uploads\/2021\/02\/caixa-3b.jpg\u00bb title_text=\u00bbcaixa-3b\u00bb align=\u00bbcenter\u00bb _builder_version=\u00bb4.8.2&#8243; _module_preset=\u00bbdefault\u00bb][\/et_pb_image][\/et_pb_column][\/et_pb_row][\/et_pb_section]<\/p>\n","protected":false},"excerpt":{"rendered":"<p>Llu\u00eds Boada reflexiona sobre la 26ena Conferencia de las Partes de la Convenci\u00f3n Marco de las Naciones Unidas sobre Cambio Clim\u00e1tico (COP) y la continuidad de los retos que ha planteado<br \/>\n&#8211;<\/p>\n","protected":false},"author":3,"featured_media":4842,"comment_status":"open","ping_status":"open","sticky":false,"template":"","format":"standard","meta":{"_et_pb_use_builder":"on","_et_pb_old_content":"<p>[et_pb_section fb_built=\"1\" disabled_on=\"off|off|off\" _builder_version=\"4.8.2\" _module_preset=\"default\" custom_margin=\"||||false|false\" da_is_popup=\"off\" da_exit_intent=\"off\" da_has_close=\"on\" da_alt_close=\"off\" da_dark_close=\"off\" da_not_modal=\"on\" da_is_singular=\"off\" da_with_loader=\"off\" da_has_shadow=\"on\" da_disable_devices=\"off|off|off\"][et_pb_row _builder_version=\"4.9.0\" _module_preset=\"default\"][et_pb_column type=\"4_4\" _builder_version=\"4.8.1\" _module_preset=\"default\"][et_pb_text admin_label=\"Titular entrada\" _builder_version=\"4.9.0\" _module_preset=\"default\" text_font=\"Averta Light||||||||\" header_font_size=\"36px\" header_4_font=\"Averta regular||||||||\" header_4_font_size=\"20px\" header_4_line_height=\"1.6em\" header_5_line_height=\"1.6em\" header_6_font=\"Averta regular||||||||\" header_6_font_size=\"16px\" header_6_line_height=\"1.2em\" header_font_size_tablet=\"30px\" header_font_size_phone=\"24px\" header_font_size_last_edited=\"on|phone\" header_6_font_size_tablet=\"\" header_6_font_size_phone=\"16px\" header_6_font_size_last_edited=\"on|phone\"]<\/p><h1 style=\"text-align: center;\">L'OPORTUNITAT DELS FONS EUROPEUS NEW GENERATION<\/h1><div style=\"text-align: center;\"><span lang=\"CA\">Josep Grau assenyala que afavoriran les inversions en infraestructures digitals i que la col\u00b7laboraci\u00f3 p\u00fablic-privada \u00e9s clau i tindr\u00e0 un efecte<br \/>multiplicador<\/span><\/div><p>[\/et_pb_text][et_pb_image src=\"https:\/\/rethink.mtconsulting.es\/wp-content\/uploads\/2021\/02\/Gonzalo-Goytisolo-Gil_-La-font-magica-scaled.jpg\" title_text=\"Gonzalo-Goytisolo-Gil_--La-font-magica\" admin_label=\"Imatge entrada\" _builder_version=\"4.8.2\" _module_preset=\"default\"][\/et_pb_image][et_pb_text disabled_on=\"on|on|off\" admin_label=\"Text entrada escriptori\" _builder_version=\"4.9.0\" _module_preset=\"default\" text_font=\"Averta Light||||||||\" header_font_size=\"36px\" header_4_font=\"Averta regular||||||||\" header_4_font_size=\"20px\" header_4_line_height=\"1.6em\" header_5_line_height=\"1.6em\" header_6_font=\"Averta regular||||||||\" header_6_font_size=\"16px\" header_6_line_height=\"1.5em\" header_font_size_tablet=\"30px\" header_font_size_phone=\"24px\" header_font_size_last_edited=\"on|phone\" header_6_font_size_tablet=\"\" header_6_font_size_phone=\"14px\" header_6_font_size_last_edited=\"on|phone\"]<\/p><p style=\"text-align: justify;\">Per<strong> Josep Grau<br \/><\/strong><br \/>La Comissi\u00f3 Europea va aprovar els Plans de Recuperaci\u00f3 i Resili\u00e8ncia dotats en 750.000 M\u20ac pels popers sis anys. Els Estats membres disposaran d\u2019un 90% d\u2019aquests fons a trav\u00e9s dels mecanismes de recuperaci\u00f3 i resili\u00e8ncia (MRR) mitjan\u00e7ant subvencions directes i pr\u00e9stecs, un 6% a trav\u00e9s dels fons REACT-EU, i un 4% dels fons europeus de l\u2019Horiozon 2030.<br \/>Aquesta dotaci\u00f3 econ\u00f2mica \u00e9s pr\u00e0cticament l\u2019equivalent de tres vegades\u00a0la dotaci\u00f3 de l\u2019anomenat Pla Marshall despr\u00e9s de la 2\u00ba Guerra Mundial.<br \/>D\u2019aquests fons l\u2019Estat Espanyol rebr\u00e0 uns 140.000 M\u20ac fins el 2027, Espanya \u00e9s el pa\u00eds que rebr\u00e0 m\u00e9s dotaci\u00f3 juntament amb It\u00e0lia, son fons vinculats a quatre eixos: transici\u00f3 digital, transici\u00f3 verda, cohesi\u00f3 socials i territorial i igualtat; dels que 126.000 M\u20ac seran a traves dels MRR.<br \/>Aquests fons seran gestionats, mitjan\u00e7ant co-governan\u00e7a, entre el\u00a0Ministerio de Economia, les CCAA\u2019s i Regions i Ajuntaments.<br \/>El sectors empresarials vinculats aquests eixos m\u00e9s rellevats que tenen altes expectatives son el digital, connectivitat i tecnologia sostenible, energies renovables, salut, educaci\u00f3 i formaci\u00f3 professional, i finalment la recerca, innovaci\u00f3 i ci\u00e8ncia.<br \/>Catalunya rebr\u00e0 quasi 1.500 milions d'euros del fons React-UE, aix\u00f2 \u00e9s un 48% que el govern estatal distribuir\u00e0 entre nou CCAA. Catalunya ha presentat una trentena de projectes, entre ells, en l\u2019\u00e0mbit de desplegament de infraestructures digitals i connectivitat d\u2019alta capacitat al territori. Son fons dirigits a inversions que permetran la transici\u00f3 cap a una economia digital.<br \/>L\u2019objectiu \u00e9s doble: d\u2019una banda, millorar la connectivitat digital amb infraestructures de telecomunicacions de nova generaci\u00f3 i d\u2019alta capacitat, i millorar els serveis als ciutadans i la competitivitat de les empreses de Catalunya, i l\u2019altre vertebrar digitalment tot el territori. La finalitat \u00e9s garantir un punt de pres\u00e8ncia de xarxa de fibra \u00f2ptica en els municipis i a les zones d'activitat econ\u00f2mica, aix\u00ed com impulsar actuacions que permetin desplegar projectes de transformaci\u00f3 digital dels propis serveis p\u00fablics.<\/p><table class=\" alignright\" style=\"height: 123px; width: 24.515503875968992%; border-collapse: collapse; border-top-width: 2px; border-top-style: solid; border-color: #000000; margin-left: 20px;\" cellspacing=\"15\" cellpadding=\"2\"><tbody><tr style=\"height: 23px;\"><td style=\"width: 100%; height: 23px; border: 2px solid #000;\"><h4>El repte de l\u2019Administraci\u00f3 \u00e9s definir un marc de provisi\u00f3 de capital viable i realista, la fortalesa de la governan\u00e7a pot evitar l\u2019actual fragilitat de la col\u00b7laboraci\u00f3 p\u00fablic-privada dels models concessionats actuals.\u201d<\/h4><\/td><\/tr><\/tbody><\/table><p>Addicionalment l'\u00c0rea Metropolitana de Barcelona (AMB), com a Administraci\u00f3 regional amb compet\u00e8ncies impulsar\u00e0 i desenvolupar\u00e0 projectes de transformaci\u00f3 a la \u201cGran Barcelona\u201d. L\u2019AMB treballa per convertir-se en una ciutat de ciutats smart, que permetr\u00e0 a les administracions municipals de la metr\u00f2poli millorar la gesti\u00f3 d\u2019espais p\u00fablics com els parcs, les platges i la gesti\u00f3 de les Rondes, millorar la mobilitat urbana i optimitzar el tractament dels residus.<br \/>L\u2019AMB ha presentat dos program\u00e9s amb la participaci\u00f3 de 36 ajuntaments metropolitans, actors p\u00fablics i empreses, programes que incorporen fons NG EU, i que combinant la participaci\u00f3 p\u00fablica i privada assoliran una xifra total d\u2019uns 2.700 M\u20ac.<br \/>Es evident que els fons europeus son una oportunitat per executar aquestes inversions, per\u00f2 cal la participaci\u00f3 directa de les Empreses.<br \/>\u00c9s clau la participaci\u00f3 publico-privada per abordar amb solidesa aquesta transformaci\u00f3 per assolir la recuperaci\u00f3 i consolidaci\u00f3. La col\u00b7laboraci\u00f3 publico-privada ens permet accelerar inversions que son estrat\u00e8giques.<br \/>La Col\u00b7laboraci\u00f3 P\u00fablic-Privat permet a les Administracions, sempre preservant els interessos p\u00fablics, controlar el d\u00e8ficit, el finan\u00e7ament i les capacitats de inversi\u00f3. Aquests mecanismes permeten, mitjan\u00e7ant l\u2019explotaci\u00f3 de infraestructures per part del sector privat, multiplicar les inversions i finan\u00e7ament pel seu desplegament i\/o construcci\u00f3.<br \/>La CPP en \u00e8poques de certa limitaci\u00f3 de inversions, \u00e9s especialment \u00fatil en aquest moment, que aporta rapidesa i efici\u00e8ncia en l\u2019execuci\u00f3, i ens asseguren el cost de innovaci\u00f3 i manteniment. La CPP en la majoria dels casos no afecten al d\u00e8ficit p\u00fablic ja que espongen les inversions en el temps, i permeten millorar l\u2019efici\u00e8ncia i anticipar la disponibilitat de infraestructures.<br \/>La resposta d\u2019aquesta modalitat t\u00e8cnica requereix d\u2019una governan\u00e7a coherent i integral en la seva contractaci\u00f3, encara que comporti ampliar els terminis del per\u00edmetre temporal, per\u00f2 exigeix una implicaci\u00f3 de tots els actors, amb els deguts controls p\u00fablics.<br \/>La selecci\u00f3 de projectes ha de respondre a les prioritats en la seva planificaci\u00f3 amb criteris institucionals, ja que els recursos disponibles, p\u00fablics i privats ho requereix, sempre aplicant el concepte de neutralitat t\u00e8cnica. La preparaci\u00f3, licitaci\u00f3 i gesti\u00f3 ha de respondre a una l\u00f2gica econ\u00f2mica sempre sota els controls i la legalitat adaptats.<br \/>El repte de l\u2019Administraci\u00f3 \u00e9s definir un marc de provisi\u00f3 de capital viable i realista, la fortalesa de la governan\u00e7a pot evitar l\u2019actual fragilitat de la col\u00b7laboraci\u00f3 p\u00fablic-privada dels models concessionats actuals.<br \/>L\u2019adaptaci\u00f3 de les experi\u00e8ncies de la col\u00b7laboraci\u00f3 publico-privada i dels instruments pel finan\u00e7ament de infraestructures, facilitar\u00e0 el desplegament d\u2019infraestructures, sota un marc de governan\u00e7a i capacitats efectives.<br \/>En definitiva, els fons NG EU son una oportunitat per\u00f2 cal adaptar els processos de contractaci\u00f3 p\u00fablica que permetin millorar i actualitzar el marc legal dels mecanismes de col\u00b7laboraci\u00f3, i aprofitar per executar, de forma \u00e0gil, els plans de recuperaci\u00f3 i desenvolupament definits.<\/p><p>[\/et_pb_text][et_pb_text disabled_on=\"off|off|on\" admin_label=\"Text entrada tablet i m\u00f2bil\" _builder_version=\"4.9.0\" _module_preset=\"default\" text_font=\"Averta Light||||||||\" header_font=\"Averta regular||||||||\" header_font_size=\"36px\" header_4_font=\"Averta regular||||||||\" header_4_line_height=\"1.2em\" header_font_size_tablet=\"30px\" header_font_size_phone=\"24px\" header_font_size_last_edited=\"on|phone\"]<\/p><p>Per<strong> Josep Grau<br \/><\/strong><br \/>La Comissi\u00f3 Europea va aprovar els Plans de Recuperaci\u00f3 i Resili\u00e8ncia dotats en 750.000 M\u20ac pels popers sis anys. Els Estats membres disposaran d\u2019un 90% d\u2019aquests fons a trav\u00e9s dels mecanismes de recuperaci\u00f3 i resili\u00e8ncia (MRR) mitjan\u00e7ant subvencions directes i pr\u00e9stecs, un 6% a trav\u00e9s dels fons REACT-EU, i un 4% dels fons europeus de l\u2019Horiozon 2030.<br \/>Aquesta dotaci\u00f3 econ\u00f2mica \u00e9s pr\u00e0cticament l\u2019equivalent de tres vegades\u00a0la dotaci\u00f3 de l\u2019anomenat Pla Marshall despr\u00e9s de la 2\u00ba Guerra Mundial.<br \/>D\u2019aquests fons l\u2019Estat Espanyol rebr\u00e0 uns 140.000 M\u20ac fins el 2027, Espanya \u00e9s el pa\u00eds que rebr\u00e0 m\u00e9s dotaci\u00f3 juntament amb It\u00e0lia, son fons vinculats a quatre eixos: transici\u00f3 digital, transici\u00f3 verda, cohesi\u00f3 socials i territorial i igualtat; dels que 126.000 M\u20ac seran a traves dels MRR.<br \/>Aquests fons seran gestionats, mitjan\u00e7ant co-governan\u00e7a, entre el\u00a0Ministerio de Economia, les CCAA\u2019s i Regions i Ajuntaments.<br \/>El sectors empresarials vinculats aquests eixos m\u00e9s rellevats que tenen altes expectatives son el digital, connectivitat i tecnologia sostenible, energies renovables, salut, educaci\u00f3 i formaci\u00f3 professional, i finalment la recerca, innovaci\u00f3 i ci\u00e8ncia.<br \/>Catalunya rebr\u00e0 quasi 1.500 milions d'euros del fons React-UE, aix\u00f2 \u00e9s un 48% que el govern estatal distribuir\u00e0 entre nou CCAA. Catalunya ha presentat una trentena de projectes, entre ells, en l\u2019\u00e0mbit de desplegament de infraestructures digitals i connectivitat d\u2019alta capacitat al territori. Son fons dirigits a inversions que permetran la transici\u00f3 cap a una economia digital.<br \/>L\u2019objectiu \u00e9s doble: d\u2019una banda, millorar la connectivitat digital amb infraestructures de telecomunicacions de nova generaci\u00f3 i d\u2019alta capacitat, i millorar els serveis als ciutadans i la competitivitat de les empreses de Catalunya, i l\u2019altre vertebrar digitalment tot el territori. La finalitat \u00e9s garantir un punt de pres\u00e8ncia de xarxa de fibra \u00f2ptica en els municipis i a les zones d'activitat econ\u00f2mica, aix\u00ed com impulsar actuacions que permetin desplegar projectes de transformaci\u00f3 digital dels propis serveis p\u00fablics.<\/p><table class=\" alignright\" style=\"height: 104px; width: 99.9054%; border-collapse: collapse; border-top: 2px solid #000000; border-right-color: #000000; border-bottom-color: #000000; border-left-color: #000000; margin-left: 20px;\" cellspacing=\"15\" cellpadding=\"2\"><tbody><tr style=\"height: 23px;\"><td style=\"width: 100%; height: 23px; border: 2px solid #000;\"><h4 style=\"text-align: center;\">\u201cEl repte de l\u2019Administraci\u00f3 \u00e9s definir un marc de provisi\u00f3 de capital viable i realista, la fortalesa de la governan\u00e7a pot evitar l\u2019actual fragilitat<br \/>de la col\u00b7laboraci\u00f3 p\u00fablic-privada dels models concessionats actuals.\u201d<\/h4><\/td><\/tr><\/tbody><\/table><p>\u00a0<\/p><p>\u00a0<\/p><p style=\"text-align: justify;\">Addicionalment l'\u00c0rea Metropolitana de Barcelona (AMB), com a Administraci\u00f3 regional amb compet\u00e8ncies impulsar\u00e0 i desenvolupar\u00e0 projectes de transformaci\u00f3 a la \u201cGran Barcelona\u201d. L\u2019AMB treballa per convertir-se en una ciutat de ciutats smart, que permetr\u00e0 a les administracions municipals de la metr\u00f2poli millorar la gesti\u00f3 d\u2019espais p\u00fablics com els parcs, les platges i la gesti\u00f3 de les Rondes, millorar la mobilitat urbana i optimitzar el tractament dels residus.<br \/>L\u2019AMB ha presentat dos program\u00e9s amb la participaci\u00f3 de 36 ajuntaments metropolitans, actors p\u00fablics i empreses, programes que incorporen fons NG EU, i que combinant la participaci\u00f3 p\u00fablica i privada assoliran una xifra total d\u2019uns 2.700 M\u20ac.<br \/>Es evident que els fons europeus son una oportunitat per executar aquestes inversions, per\u00f2 cal la participaci\u00f3 directa de les Empreses.<br \/>\u00c9s clau la participaci\u00f3 publico-privada per abordar amb solidesa aquesta transformaci\u00f3 per assolir la recuperaci\u00f3 i consolidaci\u00f3. La col\u00b7laboraci\u00f3 publico-privada ens permet accelerar inversions que son estrat\u00e8giques.<br \/>La Col\u00b7laboraci\u00f3 P\u00fablic-Privat permet a les Administracions, sempre preservant els interessos p\u00fablics, controlar el d\u00e8ficit, el finan\u00e7ament i les capacitats de inversi\u00f3. Aquests mecanismes permeten, mitjan\u00e7ant l\u2019explotaci\u00f3 de infraestructures per part del sector privat, multiplicar les inversions i finan\u00e7ament pel seu desplegament i\/o construcci\u00f3.<br \/>La CPP en \u00e8poques de certa limitaci\u00f3 de inversions, \u00e9s especialment \u00fatil en aquest moment, que aporta rapidesa i efici\u00e8ncia en l\u2019execuci\u00f3, i ens asseguren el cost de innovaci\u00f3 i manteniment. La CPP en la majoria dels casos no afecten al d\u00e8ficit p\u00fablic ja que espongen les inversions en el temps, i permeten millorar l\u2019efici\u00e8ncia i anticipar la disponibilitat de infraestructures.<br \/>La resposta d\u2019aquesta modalitat t\u00e8cnica requereix d\u2019una governan\u00e7a coherent i integral en la seva contractaci\u00f3, encara que comporti ampliar els terminis del per\u00edmetre temporal, per\u00f2 exigeix una implicaci\u00f3 de tots els actors, amb els deguts controls p\u00fablics.<br \/>La selecci\u00f3 de projectes ha de respondre a les prioritats en la seva planificaci\u00f3 amb criteris institucionals, ja que els recursos disponibles, p\u00fablics i privats ho requereix, sempre aplicant el concepte de neutralitat t\u00e8cnica. La preparaci\u00f3, licitaci\u00f3 i gesti\u00f3 ha de respondre a una l\u00f2gica econ\u00f2mica sempre sota els controls i la legalitat adaptats.<br \/>El repte de l\u2019Administraci\u00f3 \u00e9s definir un marc de provisi\u00f3 de capital viable i realista, la fortalesa de la governan\u00e7a pot evitar l\u2019actual fragilitat de la col\u00b7laboraci\u00f3 p\u00fablic-privada dels models concessionats actuals.<br \/>L\u2019adaptaci\u00f3 de les experi\u00e8ncies de la col\u00b7laboraci\u00f3 publico-privada i dels instruments pel finan\u00e7ament de infraestructures, facilitar\u00e0 el desplegament d\u2019infraestructures, sota un marc de governan\u00e7a i capacitats efectives.<br \/>En definitiva, els fons NG EU son una oportunitat per\u00f2 cal adaptar els processos de contractaci\u00f3 p\u00fablica que permetin millorar i actualitzar el marc legal dels mecanismes de col\u00b7laboraci\u00f3, i aprofitar per executar, de forma \u00e0gil, els plans de recuperaci\u00f3 i desenvolupament definits.<\/p><p>[\/et_pb_text][et_pb_text admin_label=\"Share \" _builder_version=\"4.8.2\" _module_preset=\"default\" width=\"26%\" module_alignment=\"left\" module_alignment_tablet=\"left\" module_alignment_phone=\"left\" module_alignment_last_edited=\"on|phone\" border_width_all=\"0px\"]<\/p><table style=\"border-collapse: collapse; width: 0%; height: 22px; border-color: #000000; border: 2px solid;\"><tbody><tr style=\"height: 22px;\"><td style=\"width: 11.5332%; height: 22px;\">share:<\/td><td style=\"width: 88.4667%; text-align: justify; vertical-align: middle; height: 22px;\">[DISPLAY_ULTIMATE_SOCIAL_ICONS]<\/td><\/tr><\/tbody><\/table><p>[\/et_pb_text][\/et_pb_column][\/et_pb_row][\/et_pb_section][et_pb_section fb_built=\"1\" fullwidth=\"on\" _builder_version=\"4.8.2\" _module_preset=\"default\" border_width_bottom=\"2px\" da_is_popup=\"off\" da_exit_intent=\"off\" da_has_close=\"on\" da_alt_close=\"off\" da_dark_close=\"off\" da_not_modal=\"on\" da_is_singular=\"off\" da_with_loader=\"off\" da_has_shadow=\"on\" da_disable_devices=\"off|off|off\"][et_pb_fullwidth_code admin_label=\"Ratlla horitzontal\" _builder_version=\"4.8.2\" _module_preset=\"default\"][\/et_pb_fullwidth_code][\/et_pb_section][et_pb_section fb_built=\"1\" _builder_version=\"4.8.2\" _module_preset=\"default\" custom_margin=\"||-30px||false|false\" custom_margin_tablet=\"||-90px||false|false\" custom_margin_phone=\"||-80px||false|false\" custom_margin_last_edited=\"on|phone\" da_is_popup=\"off\" da_exit_intent=\"off\" da_has_close=\"on\" da_alt_close=\"off\" da_dark_close=\"off\" da_not_modal=\"on\" da_is_singular=\"off\" da_with_loader=\"off\" da_has_shadow=\"on\" da_disable_devices=\"off|off|off\"][et_pb_row _builder_version=\"4.8.2\" _module_preset=\"default\"][et_pb_column type=\"4_4\" _builder_version=\"4.8.2\" _module_preset=\"default\"][et_pb_text admin_label=\"Altres articles\" _builder_version=\"4.9.0\" _module_preset=\"default\"]<\/p><h3>ALTRES ARTICLES<\/h3><p>[yarpp]<br \/>[\/et_pb_text][\/et_pb_column][\/et_pb_row][\/et_pb_section][et_pb_section fb_built=\"1\" fullwidth=\"on\" disabled_on=\"on|on|on\" _builder_version=\"4.8.2\" _module_preset=\"default\" custom_margin_tablet=\"-70px||||false|false\" custom_margin_phone=\"\" custom_margin_last_edited=\"on|tablet\" border_width_bottom=\"2px\" disabled=\"on\" da_is_popup=\"off\" da_exit_intent=\"off\" da_has_close=\"on\" da_alt_close=\"off\" da_dark_close=\"off\" da_not_modal=\"on\" da_is_singular=\"off\" da_with_loader=\"off\" da_has_shadow=\"on\" da_disable_devices=\"off|off|off\"][et_pb_fullwidth_code admin_label=\"Ratlla horitzontal\" _builder_version=\"4.8.2\" _module_preset=\"default\"][\/et_pb_fullwidth_code][\/et_pb_section][et_pb_section fb_built=\"1\" disabled_on=\"on|on|on\" _builder_version=\"4.8.2\" _module_preset=\"default\" disabled=\"on\" da_is_popup=\"off\" da_exit_intent=\"off\" da_has_close=\"on\" da_alt_close=\"off\" da_dark_close=\"off\" da_not_modal=\"on\" da_is_singular=\"off\" da_with_loader=\"off\" da_has_shadow=\"on\" da_disable_devices=\"off|off|off\"][et_pb_row _builder_version=\"4.8.2\" _module_preset=\"default\"][et_pb_column type=\"4_4\" _builder_version=\"4.8.2\" _module_preset=\"default\"][et_pb_text admin_label=\"Text %22Veure tots els cicles%22\" _builder_version=\"4.8.2\" _module_preset=\"default\"]<\/p><h3>VEURE TOTS ELS CICLES<\/h3><p>[\/et_pb_text][\/et_pb_column][\/et_pb_row][et_pb_row column_structure=\"1_3,1_3,1_3\" disabled_on=\"off|on|off\" _builder_version=\"4.8.2\" _module_preset=\"default\" width_tablet=\"50%\" width_phone=\"70%\" width_last_edited=\"on|phone\" module_alignment=\"center\"][et_pb_column type=\"1_3\" _builder_version=\"4.8.2\" _module_preset=\"default\"][et_pb_image src=\"https:\/\/rethinkbcn.cat\/wp-content\/uploads\/2021\/02\/caixa-1b.jpg\" title_text=\"caixa-1b\" url=\"\/category\/cicle-1\/\" align=\"center\" admin_label=\"Cicles per escriptori i m\u00f2bil\" _builder_version=\"4.8.2\" _module_preset=\"default\" module_alignment=\"center\"][\/et_pb_image][\/et_pb_column][et_pb_column type=\"1_3\" _builder_version=\"4.8.2\" _module_preset=\"default\"][et_pb_image src=\"https:\/\/rethinkbcn.cat\/wp-content\/uploads\/2021\/02\/caixa-2b.jpg\" title_text=\"caixa-2b\" align=\"center\" _builder_version=\"4.8.2\" _module_preset=\"default\"][\/et_pb_image][\/et_pb_column][et_pb_column type=\"1_3\" _builder_version=\"4.8.2\" _module_preset=\"default\"][et_pb_image src=\"https:\/\/rethinkbcn.cat\/wp-content\/uploads\/2021\/02\/caixa-3b.jpg\" title_text=\"caixa-3b\" align=\"center\" _builder_version=\"4.8.2\" _module_preset=\"default\"][\/et_pb_image][\/et_pb_column][\/et_pb_row][et_pb_row column_structure=\"1_3,1_3,1_3\" disabled_on=\"on|off|on\" _builder_version=\"4.8.2\" _module_preset=\"default\" width=\"100%\" width_tablet=\"90%\" width_phone=\"70%\" width_last_edited=\"on|tablet\" module_alignment=\"center\" custom_margin=\"||-20px||false|false\"][et_pb_column type=\"1_3\" _builder_version=\"4.8.2\" _module_preset=\"default\" custom_css_main_element=\"width: 33%!important;\"][et_pb_image src=\"https:\/\/rethinkbcn.cat\/wp-content\/uploads\/2021\/02\/caixa-1b.jpg\" title_text=\"caixa-1b\" url=\"\/category\/cicle-1\/\" align=\"center\" admin_label=\"Cicles per a tablet\" _builder_version=\"4.8.2\" _module_preset=\"default\" module_alignment=\"center\"][\/et_pb_image][\/et_pb_column][et_pb_column type=\"1_3\" _builder_version=\"4.8.2\" _module_preset=\"default\" custom_css_main_element=\"width: 33%!important;\"][et_pb_image src=\"https:\/\/rethinkbcn.cat\/wp-content\/uploads\/2021\/02\/caixa-2b.jpg\" title_text=\"caixa-2b\" align=\"center\" _builder_version=\"4.8.2\" _module_preset=\"default\"][\/et_pb_image][\/et_pb_column][et_pb_column type=\"1_3\" _builder_version=\"4.8.2\" _module_preset=\"default\" custom_css_main_element=\"width: 33%!important;\"][et_pb_image src=\"https:\/\/rethinkbcn.cat\/wp-content\/uploads\/2021\/02\/caixa-3b.jpg\" title_text=\"caixa-3b\" align=\"center\" _builder_version=\"4.8.2\" _module_preset=\"default\"][\/et_pb_image][\/et_pb_column][\/et_pb_row][\/et_pb_section]<\/p>","_et_gb_content_width":""},"categories":[92],"tags":[74,78],"_links":{"self":[{"href":"https:\/\/rethinkbcn.cat\/es\/wp-json\/wp\/v2\/posts\/10038"}],"collection":[{"href":"https:\/\/rethinkbcn.cat\/es\/wp-json\/wp\/v2\/posts"}],"about":[{"href":"https:\/\/rethinkbcn.cat\/es\/wp-json\/wp\/v2\/types\/post"}],"author":[{"embeddable":true,"href":"https:\/\/rethinkbcn.cat\/es\/wp-json\/wp\/v2\/users\/3"}],"replies":[{"embeddable":true,"href":"https:\/\/rethinkbcn.cat\/es\/wp-json\/wp\/v2\/comments?post=10038"}],"version-history":[{"count":12,"href":"https:\/\/rethinkbcn.cat\/es\/wp-json\/wp\/v2\/posts\/10038\/revisions"}],"predecessor-version":[{"id":10067,"href":"https:\/\/rethinkbcn.cat\/es\/wp-json\/wp\/v2\/posts\/10038\/revisions\/10067"}],"wp:featuredmedia":[{"embeddable":true,"href":"https:\/\/rethinkbcn.cat\/es\/wp-json\/wp\/v2\/media\/4842"}],"wp:attachment":[{"href":"https:\/\/rethinkbcn.cat\/es\/wp-json\/wp\/v2\/media?parent=10038"}],"wp:term":[{"taxonomy":"category","embeddable":true,"href":"https:\/\/rethinkbcn.cat\/es\/wp-json\/wp\/v2\/categories?post=10038"},{"taxonomy":"post_tag","embeddable":true,"href":"https:\/\/rethinkbcn.cat\/es\/wp-json\/wp\/v2\/tags?post=10038"}],"curies":[{"name":"wp","href":"https:\/\/api.w.org\/{rel}","templated":true}]}}